{"id":46199,"date":"2018-12-19T22:55:39","date_gmt":"2018-12-20T04:55:39","guid":{"rendered":"http:\/\/www.lospoliticosveracruz.com.mx\/?p=46199"},"modified":"2018-12-19T18:42:08","modified_gmt":"2018-12-20T00:42:08","slug":"ivan-al-parecer-no-puede","status":"publish","type":"post","link":"https:\/\/lospoliticosveracruz.com\/?p=46199","title":{"rendered":"Iv\u00e1n, al parecer, no puede&#8230;"},"content":{"rendered":"<p><strong>Salvador Mu\u00f1oz<\/strong><\/p>\n<p><em>Los Pol\u00edticos<\/em><\/p>\n<p><span style=\"font-weight: 400;\">Me encuentro a un enlace de prensa de una dependencia de Gobierno del estado de cuyo nombre no quiero acordarme, parafraseando al lugar de La Mancha, y lo felicito por el encargo y me pongo a su disposici\u00f3n en la difusi\u00f3n de las actividades de su Jefe\u2026 \u201c\u00a1Huy, amigo! las indicaciones es que se concentra la informaci\u00f3n con el coordinador y all\u00e1 deciden qu\u00e9 se maneja y qu\u00e9 no\u201d&#8230; con raz\u00f3n \u2013le respondo\u2013 poca actividad he visto de tu jefe\u2026<\/span><\/p>\n<p><span style=\"font-weight: 400;\">Y ah\u00ed qued\u00f3 el encuentro con este amigo y su aventura como enlace de esa dependencia de cuyo nombre no quiero acordarme\u2026<\/span><\/p>\n<p><span style=\"font-weight: 400;\">Hace unos d\u00edas, otro amigo me coment\u00f3 que el titular de la Coordinaci\u00f3n General de Comunicaci\u00f3n Social de Gobierno del Estado, Iv\u00e1n Joseph Luna, llam\u00f3 a todos los enlaces de prensa y tomando al Manual de Identidad cual si fuera Biblia o mejor a\u00fan, las Tablas de Mois\u00e9s, dio c\u00e1tedra de c\u00f3mo ten\u00edan que usarlo, les dio el ABC de su utilidad y santo y se\u00f1a de c\u00f3mo aprovecharlo al m\u00e1ximo\u2026<\/span><\/p>\n<p><span style=\"font-weight: 400;\">Ya los enlaces se frotaban las manos planeando la mejor distribuci\u00f3n y difusi\u00f3n de sus jefazos del alma cuando Iv\u00e1n Joseph Luna les hizo volver a la realidad cuando les dijo que ellos, los enlaces, no pod\u00edan publicar nada oficial, y que se remitieran solamente \u201ca asistir a sus jefes en asuntos personales\u201d&#8230; es decir, de enlaces de prensa pasaban a asistentes\u2026<\/span><\/p>\n<p><span style=\"font-weight: 400;\">Parece broma, pero es en serio.<\/span><\/p>\n<p><span style=\"font-weight: 400;\">II<\/span><\/p>\n<p><span style=\"font-weight: 400;\">A lo mejor la decisi\u00f3n obedece a situaciones donde algunos funcionarios han exhibido su falta de oficio y han hecho quedar mal al Gobierno de Cuarta\u2026 de Cuarta Transformaci\u00f3n.<\/span><\/p>\n<p><span style=\"font-weight: 400;\">Ejemplos recientes de esta ausencia de sensibilidad pol\u00edtica es Eric Cisneros Burgos, secretario de Gobierno, cuando se pone de pechito y le toman fotos ante una paila, y lo comparan con Jorge Winckler.<\/span><\/p>\n<p><span style=\"font-weight: 400;\">Al Fiscal, cuando exhibi\u00f3 una foto haciendo paella, fue catalogado como fr\u00edvolo; es curioso, pero si se aplicara el mismo criterio, el secretario de Gobierno ser\u00eda fr\u00edvolo\u2026 pero esto es exagerado, como lo fue en su momento lo de Winckler\u2026<\/span><\/p>\n<p><span style=\"font-weight: 400;\">El asunto m\u00e1s grave, complicado, quiz\u00e1s se dio en Ver\u00f3nica Aguilera Tapia, directora del DIF estatal, quien se dio vuelo publicando en sus redes sociales fotograf\u00edas con ni\u00f1os del Conecalli.<\/span><\/p>\n<p><span style=\"font-weight: 400;\">A lo mejor la funcionaria desconoce qu\u00e9 es el Conecalli\u2026 all\u00ed, ni\u00f1as, ni\u00f1os, adolescentes llegan a esta casa asistencial donde se busca sobre todas las cosas, brindar protecci\u00f3n y por qu\u00e9 no, amor, a quienes hacen de este lugar, su estancia despu\u00e9s de que han sufrido desde abandono, omisi\u00f3n de cuidados, violencia familiar, abuso, as\u00ed como orfandad o sus padres est\u00e1n privados de su libertad.<\/span><\/p>\n<p><span style=\"font-weight: 400;\">Quiz\u00e1s eso no lo entendi\u00f3 Aguilera Tapia y se le hizo f\u00e1cil violentar la identidad de los peque\u00f1os subiendo esas fotos. Es claro que si bien, hay buena intenci\u00f3n por la funcionaria, m\u00e1s cierto es que hay desconocimiento del papel que ella desempe\u00f1a en este Gobierno\u2026<\/span><\/p>\n<p><span style=\"font-weight: 400;\">IV<\/span><\/p>\n<p><span style=\"font-weight: 400;\">Luego entonces, el criterio centralista de Iv\u00e1n Joseph Luna para que nadie publique algo \u201coficial\u201d, igual pudiera tener una buena intenci\u00f3n aun cuando hubiera dos que tres enlaces que no est\u00e1n de acuerdo con esa posici\u00f3n y se lo hicieron saber al titular de la CGCS\u2026<\/span><\/p>\n<p><span style=\"font-weight: 400;\">El asunto fue la \u00faltima instrucci\u00f3n:<\/span><\/p>\n<p><span style=\"font-weight: 400;\">A partir de esta semana, cada enlace debe de comunicarse a la oficina de la secretar\u00eda de Gobierno para que desde all\u00ed, reciban las instrucciones de qu\u00e9 era lo que pod\u00edan o no publicar y\u2026 s\u00ed, igual yo me qued\u00e9 con la cara de What! \u00a1Espera, espera, espera! \u00bfQu\u00e9 eso no es competencia de Iv\u00e1n Joseph Luna, el coordinador de Comunicaci\u00f3n Social de Gobierno del Estado?<\/span><\/p>\n<p><span style=\"font-weight: 400;\">A todos nos queda claro que lejos est\u00e1 Eric Cisneros Burgos de ser el cernidor para ver qu\u00e9 se publica o qu\u00e9 no por parte de las diversas dependencias\u2026 pero si no es Eric ni Iv\u00e1n quien lo decida, qui\u00e9n de los periodistas de los que se viene rodeando el secretario de Gobierno, ha de hacer el papel que Iv\u00e1n Joseph al parecer, no puede.<\/span><\/p>\n<p><span style=\"font-weight: 400;\">En fin, todo sea en funci\u00f3n de que ya no la anden regando en esta Cuarta Transformaci\u00f3n que parece de Quinta.<\/span><\/p>\n<p>&nbsp;<\/p>\n<p><span style=\"font-weight: 400;\">smcainito@gmail.com<\/span><\/p>\n<p>&nbsp;<\/p>\n","protected":false},"excerpt":{"rendered":"<p>Salvador Mu\u00f1oz Los Pol\u00edticos Me encuentro a un enlace de prensa de una dependencia de Gobierno del estado de cuyo nombre no quiero acordarme, parafraseando al lugar de La Mancha, y lo felicito por el encargo y me pongo a su disposici\u00f3n en la difusi\u00f3n de las actividades de su Jefe\u2026 \u201c\u00a1Huy, amigo! las indicaciones [&hellip;]<\/p>\n","protected":false},"author":2,"featured_media":0,"comment_status":"open","ping_status":"open","sticky":false,"template":"","format":"standard","meta":{"tdm_status":"","tdm_grid_status":"","footnotes":""},"categories":[70],"tags":[933,13411,788,12299,2646],"class_list":{"0":"post-46199","1":"post","2":"type-post","3":"status-publish","4":"format-standard","6":"category-de-opinion","7":"tag-comunicacion-social","8":"tag-conecalli","9":"tag-dif-estatal","10":"tag-eric-cisneros-burgos","11":"tag-salvador-munoz"},"yoast_head":"<!-- This site is optimized with the Yoast SEO plugin v27.4 - https:\/\/yoast.com\/product\/yoast-seo-wordpress\/ -->\n<title>Iv\u00e1n, al parecer, no puede... - Los pol\u00edticos Veracruz<\/title>\n<meta name=\"robots\" content=\"index, follow, max-snippet:-1, max-image-preview:large, max-video-preview:-1\" \/>\n<link rel=\"canonical\" href=\"https:\/\/lospoliticosveracruz.com\/?p=46199\" \/>\n<meta property=\"og:locale\" content=\"es_ES\" \/>\n<meta property=\"og:type\" content=\"article\" \/>\n<meta property=\"og:title\" content=\"Iv\u00e1n, al parecer, no puede... - Los pol\u00edticos Veracruz\" \/>\n<meta property=\"og:description\" content=\"Salvador Mu\u00f1oz Los Pol\u00edticos Me encuentro a un enlace de prensa de una dependencia de Gobierno del estado de cuyo nombre no quiero acordarme, parafraseando al lugar de La Mancha, y lo felicito por el encargo y me pongo a su disposici\u00f3n en la difusi\u00f3n de las actividades de su Jefe\u2026 \u201c\u00a1Huy, amigo! las indicaciones [&hellip;]\" \/>\n<meta property=\"og:url\" content=\"https:\/\/lospoliticosveracruz.com\/?p=46199\" \/>\n<meta property=\"og:site_name\" content=\"Los pol\u00edticos Veracruz\" \/>\n<meta property=\"article:publisher\" content=\"https:\/\/www.facebook.com\/people\/Notimemes-de-los-Polticos\/61565672886568\/\" \/>\n<meta property=\"article:published_time\" content=\"2018-12-20T04:55:39+00:00\" \/>\n<meta property=\"og:image\" content=\"https:\/\/lospoliticosveracruz.com\/wp-content\/uploads\/2016\/07\/Logo-Dor.jpg\" \/>\n\t<meta property=\"og:image:width\" content=\"200\" \/>\n\t<meta property=\"og:image:height\" content=\"200\" \/>\n\t<meta property=\"og:image:type\" content=\"image\/jpeg\" \/>\n<meta name=\"author\" content=\"Lo viste en Los Pol\u00edticos\" \/>\n<meta name=\"twitter:card\" content=\"summary_large_image\" \/>\n<meta name=\"twitter:creator\" content=\"@LosPoliticosVer\" \/>\n<meta name=\"twitter:site\" content=\"@LosPoliticosVer\" \/>\n<meta name=\"twitter:label1\" content=\"Escrito por\" \/>\n\t<meta name=\"twitter:data1\" content=\"Lo viste en Los Pol\u00edticos\" \/>\n\t<meta name=\"twitter:label2\" content=\"Tiempo de lectura\" \/>\n\t<meta name=\"twitter:data2\" content=\"4 minutos\" \/>\n<script type=\"application\/ld+json\" class=\"yoast-schema-graph\">{\"@context\":\"https:\\\/\\\/schema.org\",\"@graph\":[{\"@type\":\"Article\",\"@id\":\"https:\\\/\\\/lospoliticosveracruz.com\\\/?p=46199#article\",\"isPartOf\":{\"@id\":\"https:\\\/\\\/lospoliticosveracruz.com\\\/?p=46199\"},\"author\":{\"name\":\"Lo viste en Los Pol\u00edticos\",\"@id\":\"https:\\\/\\\/lospoliticosveracruz.com\\\/#\\\/schema\\\/person\\\/b8702bb0e538456e6efd07080bf2a4a2\"},\"headline\":\"Iv\u00e1n, al parecer, no puede&#8230;\",\"datePublished\":\"2018-12-20T04:55:39+00:00\",\"mainEntityOfPage\":{\"@id\":\"https:\\\/\\\/lospoliticosveracruz.com\\\/?p=46199\"},\"wordCount\":764,\"commentCount\":0,\"publisher\":{\"@id\":\"https:\\\/\\\/lospoliticosveracruz.com\\\/#organization\"},\"keywords\":[\"Comunicaci\u00f3n Social\",\"Conecalli\",\"DIF estatal\",\"Eric Cisneros Burgos\",\"Salvador Mu\u00f1oz\"],\"articleSection\":[\"De Opini\u00f3n\"],\"inLanguage\":\"es\",\"potentialAction\":[{\"@type\":\"CommentAction\",\"name\":\"Comment\",\"target\":[\"https:\\\/\\\/lospoliticosveracruz.com\\\/?p=46199#respond\"]}]},{\"@type\":\"WebPage\",\"@id\":\"https:\\\/\\\/lospoliticosveracruz.com\\\/?p=46199\",\"url\":\"https:\\\/\\\/lospoliticosveracruz.com\\\/?p=46199\",\"name\":\"Iv\u00e1n, al parecer, no puede... - Los pol\u00edticos Veracruz\",\"isPartOf\":{\"@id\":\"https:\\\/\\\/lospoliticosveracruz.com\\\/#website\"},\"datePublished\":\"2018-12-20T04:55:39+00:00\",\"breadcrumb\":{\"@id\":\"https:\\\/\\\/lospoliticosveracruz.com\\\/?p=46199#breadcrumb\"},\"inLanguage\":\"es\",\"potentialAction\":[{\"@type\":\"ReadAction\",\"target\":[\"https:\\\/\\\/lospoliticosveracruz.com\\\/?p=46199\"]}]},{\"@type\":\"BreadcrumbList\",\"@id\":\"https:\\\/\\\/lospoliticosveracruz.com\\\/?p=46199#breadcrumb\",\"itemListElement\":[{\"@type\":\"ListItem\",\"position\":1,\"name\":\"Portada\",\"item\":\"https:\\\/\\\/lospoliticosveracruz.com\\\/\"},{\"@type\":\"ListItem\",\"position\":2,\"name\":\"Iv\u00e1n, al parecer, no puede&#8230;\"}]},{\"@type\":\"WebSite\",\"@id\":\"https:\\\/\\\/lospoliticosveracruz.com\\\/#website\",\"url\":\"https:\\\/\\\/lospoliticosveracruz.com\\\/\",\"name\":\"Los pol\u00edticos Veracruz\",\"description\":\"\",\"publisher\":{\"@id\":\"https:\\\/\\\/lospoliticosveracruz.com\\\/#organization\"},\"potentialAction\":[{\"@type\":\"SearchAction\",\"target\":{\"@type\":\"EntryPoint\",\"urlTemplate\":\"https:\\\/\\\/lospoliticosveracruz.com\\\/?s={search_term_string}\"},\"query-input\":{\"@type\":\"PropertyValueSpecification\",\"valueRequired\":true,\"valueName\":\"search_term_string\"}}],\"inLanguage\":\"es\"},{\"@type\":\"Organization\",\"@id\":\"https:\\\/\\\/lospoliticosveracruz.com\\\/#organization\",\"name\":\"Los pol\u00edticos Veracruz\",\"url\":\"https:\\\/\\\/lospoliticosveracruz.com\\\/\",\"logo\":{\"@type\":\"ImageObject\",\"inLanguage\":\"es\",\"@id\":\"https:\\\/\\\/lospoliticosveracruz.com\\\/#\\\/schema\\\/logo\\\/image\\\/\",\"url\":\"https:\\\/\\\/lospoliticosveracruz.com\\\/wp-content\\\/uploads\\\/2025\\\/12\\\/Logo-Nuevo-LOS-POLITICOS-1.jpg\",\"contentUrl\":\"https:\\\/\\\/lospoliticosveracruz.com\\\/wp-content\\\/uploads\\\/2025\\\/12\\\/Logo-Nuevo-LOS-POLITICOS-1.jpg\",\"width\":260,\"height\":70,\"caption\":\"Los pol\u00edticos Veracruz\"},\"image\":{\"@id\":\"https:\\\/\\\/lospoliticosveracruz.com\\\/#\\\/schema\\\/logo\\\/image\\\/\"},\"sameAs\":[\"https:\\\/\\\/www.facebook.com\\\/people\\\/Notimemes-de-los-Polticos\\\/61565672886568\\\/\",\"https:\\\/\\\/x.com\\\/LosPoliticosVer\"]},{\"@type\":\"Person\",\"@id\":\"https:\\\/\\\/lospoliticosveracruz.com\\\/#\\\/schema\\\/person\\\/b8702bb0e538456e6efd07080bf2a4a2\",\"name\":\"Lo viste en Los Pol\u00edticos\",\"image\":{\"@type\":\"ImageObject\",\"inLanguage\":\"es\",\"@id\":\"https:\\\/\\\/secure.gravatar.com\\\/avatar\\\/3a8de04a2656d44082be478bd6c086daa447c4651605818287b9532d3d0bd435?s=96&d=mm&r=g\",\"url\":\"https:\\\/\\\/secure.gravatar.com\\\/avatar\\\/3a8de04a2656d44082be478bd6c086daa447c4651605818287b9532d3d0bd435?s=96&d=mm&r=g\",\"contentUrl\":\"https:\\\/\\\/secure.gravatar.com\\\/avatar\\\/3a8de04a2656d44082be478bd6c086daa447c4651605818287b9532d3d0bd435?s=96&d=mm&r=g\",\"caption\":\"Lo viste en Los Pol\u00edticos\"},\"url\":\"https:\\\/\\\/lospoliticosveracruz.com\\\/?author=2\"}]}<\/script>\n<!-- \/ Yoast SEO plugin. -->","yoast_head_json":{"title":"Iv\u00e1n, al parecer, no puede... - Los pol\u00edticos Veracruz","robots":{"index":"index","follow":"follow","max-snippet":"max-snippet:-1","max-image-preview":"max-image-preview:large","max-video-preview":"max-video-preview:-1"},"canonical":"https:\/\/lospoliticosveracruz.com\/?p=46199","og_locale":"es_ES","og_type":"article","og_title":"Iv\u00e1n, al parecer, no puede... - Los pol\u00edticos Veracruz","og_description":"Salvador Mu\u00f1oz Los Pol\u00edticos Me encuentro a un enlace de prensa de una dependencia de Gobierno del estado de cuyo nombre no quiero acordarme, parafraseando al lugar de La Mancha, y lo felicito por el encargo y me pongo a su disposici\u00f3n en la difusi\u00f3n de las actividades de su Jefe\u2026 \u201c\u00a1Huy, amigo! las indicaciones [&hellip;]","og_url":"https:\/\/lospoliticosveracruz.com\/?p=46199","og_site_name":"Los pol\u00edticos Veracruz","article_publisher":"https:\/\/www.facebook.com\/people\/Notimemes-de-los-Polticos\/61565672886568\/","article_published_time":"2018-12-20T04:55:39+00:00","og_image":[{"width":200,"height":200,"url":"https:\/\/lospoliticosveracruz.com\/wp-content\/uploads\/2016\/07\/Logo-Dor.jpg","type":"image\/jpeg"}],"author":"Lo viste en Los Pol\u00edticos","twitter_card":"summary_large_image","twitter_creator":"@LosPoliticosVer","twitter_site":"@LosPoliticosVer","twitter_misc":{"Escrito por":"Lo viste en Los Pol\u00edticos","Tiempo de lectura":"4 minutos"},"schema":{"@context":"https:\/\/schema.org","@graph":[{"@type":"Article","@id":"https:\/\/lospoliticosveracruz.com\/?p=46199#article","isPartOf":{"@id":"https:\/\/lospoliticosveracruz.com\/?p=46199"},"author":{"name":"Lo viste en Los Pol\u00edticos","@id":"https:\/\/lospoliticosveracruz.com\/#\/schema\/person\/b8702bb0e538456e6efd07080bf2a4a2"},"headline":"Iv\u00e1n, al parecer, no puede&#8230;","datePublished":"2018-12-20T04:55:39+00:00","mainEntityOfPage":{"@id":"https:\/\/lospoliticosveracruz.com\/?p=46199"},"wordCount":764,"commentCount":0,"publisher":{"@id":"https:\/\/lospoliticosveracruz.com\/#organization"},"keywords":["Comunicaci\u00f3n Social","Conecalli","DIF estatal","Eric Cisneros Burgos","Salvador Mu\u00f1oz"],"articleSection":["De Opini\u00f3n"],"inLanguage":"es","potentialAction":[{"@type":"CommentAction","name":"Comment","target":["https:\/\/lospoliticosveracruz.com\/?p=46199#respond"]}]},{"@type":"WebPage","@id":"https:\/\/lospoliticosveracruz.com\/?p=46199","url":"https:\/\/lospoliticosveracruz.com\/?p=46199","name":"Iv\u00e1n, al parecer, no puede... - Los pol\u00edticos Veracruz","isPartOf":{"@id":"https:\/\/lospoliticosveracruz.com\/#website"},"datePublished":"2018-12-20T04:55:39+00:00","breadcrumb":{"@id":"https:\/\/lospoliticosveracruz.com\/?p=46199#breadcrumb"},"inLanguage":"es","potentialAction":[{"@type":"ReadAction","target":["https:\/\/lospoliticosveracruz.com\/?p=46199"]}]},{"@type":"BreadcrumbList","@id":"https:\/\/lospoliticosveracruz.com\/?p=46199#breadcrumb","itemListElement":[{"@type":"ListItem","position":1,"name":"Portada","item":"https:\/\/lospoliticosveracruz.com\/"},{"@type":"ListItem","position":2,"name":"Iv\u00e1n, al parecer, no puede&#8230;"}]},{"@type":"WebSite","@id":"https:\/\/lospoliticosveracruz.com\/#website","url":"https:\/\/lospoliticosveracruz.com\/","name":"Los pol\u00edticos Veracruz","description":"","publisher":{"@id":"https:\/\/lospoliticosveracruz.com\/#organization"},"potentialAction":[{"@type":"SearchAction","target":{"@type":"EntryPoint","urlTemplate":"https:\/\/lospoliticosveracruz.com\/?s={search_term_string}"},"query-input":{"@type":"PropertyValueSpecification","valueRequired":true,"valueName":"search_term_string"}}],"inLanguage":"es"},{"@type":"Organization","@id":"https:\/\/lospoliticosveracruz.com\/#organization","name":"Los pol\u00edticos Veracruz","url":"https:\/\/lospoliticosveracruz.com\/","logo":{"@type":"ImageObject","inLanguage":"es","@id":"https:\/\/lospoliticosveracruz.com\/#\/schema\/logo\/image\/","url":"https:\/\/lospoliticosveracruz.com\/wp-content\/uploads\/2025\/12\/Logo-Nuevo-LOS-POLITICOS-1.jpg","contentUrl":"https:\/\/lospoliticosveracruz.com\/wp-content\/uploads\/2025\/12\/Logo-Nuevo-LOS-POLITICOS-1.jpg","width":260,"height":70,"caption":"Los pol\u00edticos Veracruz"},"image":{"@id":"https:\/\/lospoliticosveracruz.com\/#\/schema\/logo\/image\/"},"sameAs":["https:\/\/www.facebook.com\/people\/Notimemes-de-los-Polticos\/61565672886568\/","https:\/\/x.com\/LosPoliticosVer"]},{"@type":"Person","@id":"https:\/\/lospoliticosveracruz.com\/#\/schema\/person\/b8702bb0e538456e6efd07080bf2a4a2","name":"Lo viste en Los Pol\u00edticos","image":{"@type":"ImageObject","inLanguage":"es","@id":"https:\/\/secure.gravatar.com\/avatar\/3a8de04a2656d44082be478bd6c086daa447c4651605818287b9532d3d0bd435?s=96&d=mm&r=g","url":"https:\/\/secure.gravatar.com\/avatar\/3a8de04a2656d44082be478bd6c086daa447c4651605818287b9532d3d0bd435?s=96&d=mm&r=g","contentUrl":"https:\/\/secure.gravatar.com\/avatar\/3a8de04a2656d44082be478bd6c086daa447c4651605818287b9532d3d0bd435?s=96&d=mm&r=g","caption":"Lo viste en Los Pol\u00edticos"},"url":"https:\/\/lospoliticosveracruz.com\/?author=2"}]}},"_links":{"self":[{"href":"https:\/\/lospoliticosveracruz.com\/index.php?rest_route=\/wp\/v2\/posts\/46199","targetHints":{"allow":["GET"]}}],"collection":[{"href":"https:\/\/lospoliticosveracruz.com\/index.php?rest_route=\/wp\/v2\/posts"}],"about":[{"href":"https:\/\/lospoliticosveracruz.com\/index.php?rest_route=\/wp\/v2\/types\/post"}],"author":[{"embeddable":true,"href":"https:\/\/lospoliticosveracruz.com\/index.php?rest_route=\/wp\/v2\/users\/2"}],"replies":[{"embeddable":true,"href":"https:\/\/lospoliticosveracruz.com\/index.php?rest_route=%2Fwp%2Fv2%2Fcomments&post=46199"}],"version-history":[{"count":1,"href":"https:\/\/lospoliticosveracruz.com\/index.php?rest_route=\/wp\/v2\/posts\/46199\/revisions"}],"predecessor-version":[{"id":46201,"href":"https:\/\/lospoliticosveracruz.com\/index.php?rest_route=\/wp\/v2\/posts\/46199\/revisions\/46201"}],"wp:attachment":[{"href":"https:\/\/lospoliticosveracruz.com\/index.php?rest_route=%2Fwp%2Fv2%2Fmedia&parent=46199"}],"wp:term":[{"taxonomy":"category","embeddable":true,"href":"https:\/\/lospoliticosveracruz.com\/index.php?rest_route=%2Fwp%2Fv2%2Fcategories&post=46199"},{"taxonomy":"post_tag","embeddable":true,"href":"https:\/\/lospoliticosveracruz.com\/index.php?rest_route=%2Fwp%2Fv2%2Ftags&post=46199"}],"curies":[{"name":"wp","href":"https:\/\/api.w.org\/{rel}","templated":true}]}}