{"id":46206,"date":"2018-12-20T09:37:47","date_gmt":"2018-12-20T15:37:47","guid":{"rendered":"http:\/\/www.lospoliticosveracruz.com.mx\/?p=46206"},"modified":"2018-12-20T09:37:47","modified_gmt":"2018-12-20T15:37:47","slug":"los-primeros-cien-dias-en-san-lazaro","status":"publish","type":"post","link":"https:\/\/lospoliticosveracruz.com\/?p=46206","title":{"rendered":"Los primeros cien d\u00edas en San L\u00e1zaro"},"content":{"rendered":"<p class=\"s3\"><span class=\"s5\"><span class=\"bumpedFont15\"><b>Anil\u00fa<\/b><\/span><\/span> <span class=\"s5\"><span class=\"bumpedFont15\"><b>Ingram<\/b><\/span><\/span> <span class=\"s5\"><span class=\"bumpedFont15\"><b>Vallines<\/b><\/span><\/span><\/p>\n<p class=\"s4\"><span class=\"s5\"><span class=\"bumpedFont15\">Hoy vivimos en un pa\u00eds mucho m\u00e1s transparente y m\u00e1s democr\u00e1tico. Lo anterior nos obliga a representantes populares y servidores p\u00fablicos a rendir cuentas de manera constante, a conducirnos en una caja de cristal.<\/span><\/span><\/p>\n<p class=\"s4\"><span class=\"s5\"><span class=\"bumpedFont15\">Las y los diputados federal<\/span><\/span><span class=\"s5\"><span class=\"bumpedFont15\">es cumplimos el pasado domingo<\/span><\/span><span class=\"s5\"><span class=\"bumpedFont15\">\u00a09 de diciembre nuestros primeros cien d\u00edas en esta gran encomienda, lo que nos obliga a hacer un corte de caja sobre lo que hemos hecho en San L\u00e1zaro.<\/span><\/span><\/p>\n<p class=\"s4\"><span class=\"s5\"><span class=\"bumpedFont15\">Con la llegada de un nuevo gobierno federal a los priistas nos ha tocado volver a actuar como oposici\u00f3n, pero una que responde a las demandas sociales, que s\u00ed apoya lo que es positivo para el pa\u00eds pero que alza la voz en\u00e9rgicamente contra lo que consideramos puede ser da\u00f1ino para las familias de M\u00e9xico.<\/span><\/span><\/p>\n<p class=\"s4\"><span class=\"s5\"><span class=\"bumpedFont15\">Como vicecoordinadora de la bancada tricolor en la C\u00e1mara de Diputados he defendido en Tribuna, con firme convicci\u00f3n, lo que en el pasado sexenio federal se hizo bien, como las reformas estructurales que ayudar\u00edan a dar paso a un M\u00e9xico m\u00e1s moderno, preparado, justo y equitativo.<\/span><\/span><\/p>\n<p class=\"s4\"><span class=\"s5\"><span class=\"bumpedFont15\">Nos hemos opuesto, y as\u00ed seguiremos, al retroceso con fines pol\u00edtico-partidistas: no se puede borrar de un plumazo el camino ya andado, es sumamente costoso en t\u00e9rminos econ\u00f3micos y sociales, como lo vi<\/span><\/span><span class=\"s5\"><span class=\"bumpedFont15\">vi<\/span><\/span><span class=\"s5\"><span class=\"bumpedFont15\">mos ahora con el Aeropuerto Internacional de la Ciudad de M\u00e9xico (NAICM): ca\u00eddas en la Bolsa Mexicana de Valores (BMV), el d\u00f3lar por las nubes y la confianza de los inversionistas en el subsuelo.<\/span><\/span><\/p>\n<p class=\"s4\"><span class=\"s5\"><span class=\"bumpedFont15\">A nivel personal, estos primeros cien d\u00edas han sido de intenso trabajo: <\/span><\/span><span class=\"s5\"><span class=\"bumpedFont15\">hace apenas unas semanas,\u00a0<\/span><\/span><a name=\"_GoBack\"><\/a><span class=\"s5\"><span class=\"bumpedFont15\">como les coment\u00e9 en este mismo espacio,<\/span><\/span><span class=\"s5\"><span class=\"bumpedFont15\"> present\u00e9 una iniciativa para otorgar seguridad social a las trabajadoras dom\u00e9sticas, las cuales no solo est\u00e1n sujetas a largas jornadas de trabajo y sin prestaciones, sino que adem\u00e1s son v\u00edctimas de la discriminaci\u00f3n en muchos casos.<\/span><\/span><span class=\"s5\"><span class=\"bumpedFont15\"> Afortunadamente, mi propuesta ha tenido eco con otras diputadas, de diferentes fracciones legislativas y hasta la Suprema Corte de Justicia de la Naci\u00f3n (SCJN) declar\u00f3 inconstitucional que no se les reconozcan sus derechos laborales.<\/span><\/span><\/p>\n<p class=\"s4\"><span class=\"s5\"><span class=\"bumpedFont15\">Tambi\u00e9n <\/span><\/span><span class=\"s5\"><span class=\"bumpedFont15\">en estos primeros tres meses <\/span><\/span><span class=\"s5\"><span class=\"bumpedFont15\">propuse entregar un est\u00edmulo econ\u00f3mico complementario a mujeres jefas de familia, por un monto estimado de mil 200 pesos, a fin de ayudar en su hogar.<\/span><\/span><\/p>\n<p class=\"s4\"><span class=\"s5\"><span class=\"bumpedFont15\">Me he pronunciado a favor de que reducir las tarifas de energ\u00eda el\u00e9ctrica, considerando las condiciones particulares de los municipios y regiones, como la sensaci\u00f3n t\u00e9rmica e indicadores socioecon\u00f3micos, un tema prioritario para Veracruz.<\/span><\/span><\/p>\n<p class=\"s4\"><span class=\"s5\"><span class=\"bumpedFont15\">Junto con mis compa\u00f1eras diputadas priistas present\u00e9 una iniciativa para reformar diversas disposiciones en materia de paridad de g\u00e9nero en la conformaci\u00f3n de las Comisiones de la C\u00e1mara de Diputados, adem\u00e1s de que nos pronunciamos por poner un alto a la violencia pol\u00edtica por razones de g\u00e9nero.<\/span><\/span><\/p>\n<p class=\"s4\"><span class=\"s5\"><span class=\"bumpedFont15\">Como parte de mi trabajo de gesti\u00f3n, me <\/span><\/span><span class=\"s5\"><span class=\"bumpedFont15\">he reunido con<\/span><\/span><span class=\"s5\"><span class=\"bumpedFont15\">\u00a0presidentes municipales veracruzanos, de todos los partidos pol\u00edticos, con quienes me compromet\u00ed a buscar que en 2019 Veracruz tenga un presupuesto asignado por m\u00e1s de 800 millones de pesos para caminos rurales y carreteras alimentadoras.<\/span><\/span><\/p>\n<p class=\"s4\"><span class=\"s5\"><span class=\"bumpedFont15\">Y este balance de mi trabajo, a su disposici\u00f3n, no tendr\u00e1 que ser cada a\u00f1o, cada cien d\u00edas, est\u00e1 a la vista de todos que, para eso, soy orgullosamente representante popular de Veracruz.<\/span><\/span><\/p>\n<p class=\"s4\"><span class=\"s5\"><span class=\"bumpedFont15\">\u00a1Seguiremos trabajando!<\/span><\/span><\/p>\n<p class=\"s4\"><span class=\"s5\"><span class=\"bumpedFont15\">@<\/span><\/span><span class=\"s5\"><span class=\"bumpedFont15\">AniluIngram<\/span><\/span><\/p>\n","protected":false},"excerpt":{"rendered":"<p>Anil\u00fa Ingram Vallines Hoy vivimos en un pa\u00eds mucho m\u00e1s transparente y m\u00e1s democr\u00e1tico. Lo anterior nos obliga a representantes populares y servidores p\u00fablicos a rendir cuentas de manera constante, a conducirnos en una caja de cristal. Las y los diputados federales cumplimos el pasado domingo\u00a09 de diciembre nuestros primeros cien d\u00edas en esta gran [&hellip;]<\/p>\n","protected":false},"author":2,"featured_media":0,"comment_status":"open","ping_status":"open","sticky":false,"template":"","format":"standard","meta":{"tdm_status":"","tdm_grid_status":"","footnotes":""},"categories":[70],"tags":[1872,3270,195],"class_list":{"0":"post-46206","1":"post","2":"type-post","3":"status-publish","4":"format-standard","6":"category-de-opinion","7":"tag-anilu-ingram-vallines","8":"tag-san-lazaro","9":"tag-veracruz"},"yoast_head":"<!-- This site is optimized with the Yoast SEO plugin v27.4 - https:\/\/yoast.com\/product\/yoast-seo-wordpress\/ -->\n<title>Los primeros cien d\u00edas en San L\u00e1zaro - Los pol\u00edticos Veracruz<\/title>\n<meta name=\"robots\" content=\"index, follow, max-snippet:-1, max-image-preview:large, max-video-preview:-1\" \/>\n<link rel=\"canonical\" href=\"https:\/\/lospoliticosveracruz.com\/?p=46206\" \/>\n<meta property=\"og:locale\" content=\"es_ES\" \/>\n<meta property=\"og:type\" content=\"article\" \/>\n<meta property=\"og:title\" content=\"Los primeros cien d\u00edas en San L\u00e1zaro - Los pol\u00edticos Veracruz\" \/>\n<meta property=\"og:description\" content=\"Anil\u00fa Ingram Vallines Hoy vivimos en un pa\u00eds mucho m\u00e1s transparente y m\u00e1s democr\u00e1tico. Lo anterior nos obliga a representantes populares y servidores p\u00fablicos a rendir cuentas de manera constante, a conducirnos en una caja de cristal. Las y los diputados federales cumplimos el pasado domingo\u00a09 de diciembre nuestros primeros cien d\u00edas en esta gran [&hellip;]\" \/>\n<meta property=\"og:url\" content=\"https:\/\/lospoliticosveracruz.com\/?p=46206\" \/>\n<meta property=\"og:site_name\" content=\"Los pol\u00edticos Veracruz\" \/>\n<meta property=\"article:publisher\" content=\"https:\/\/www.facebook.com\/people\/Notimemes-de-los-Polticos\/61565672886568\/\" \/>\n<meta property=\"article:published_time\" content=\"2018-12-20T15:37:47+00:00\" \/>\n<meta property=\"og:image\" content=\"https:\/\/lospoliticosveracruz.com\/wp-content\/uploads\/2016\/07\/Logo-Dor.jpg\" \/>\n\t<meta property=\"og:image:width\" content=\"200\" \/>\n\t<meta property=\"og:image:height\" content=\"200\" \/>\n\t<meta property=\"og:image:type\" content=\"image\/jpeg\" \/>\n<meta name=\"author\" content=\"Lo viste en Los Pol\u00edticos\" \/>\n<meta name=\"twitter:card\" content=\"summary_large_image\" \/>\n<meta name=\"twitter:creator\" content=\"@LosPoliticosVer\" \/>\n<meta name=\"twitter:site\" content=\"@LosPoliticosVer\" \/>\n<meta name=\"twitter:label1\" content=\"Escrito por\" \/>\n\t<meta name=\"twitter:data1\" content=\"Lo viste en Los Pol\u00edticos\" \/>\n\t<meta name=\"twitter:label2\" content=\"Tiempo de lectura\" \/>\n\t<meta name=\"twitter:data2\" content=\"3 minutos\" \/>\n<script type=\"application\/ld+json\" class=\"yoast-schema-graph\">{\"@context\":\"https:\\\/\\\/schema.org\",\"@graph\":[{\"@type\":\"Article\",\"@id\":\"https:\\\/\\\/lospoliticosveracruz.com\\\/?p=46206#article\",\"isPartOf\":{\"@id\":\"https:\\\/\\\/lospoliticosveracruz.com\\\/?p=46206\"},\"author\":{\"name\":\"Lo viste en Los Pol\u00edticos\",\"@id\":\"https:\\\/\\\/lospoliticosveracruz.com\\\/#\\\/schema\\\/person\\\/b8702bb0e538456e6efd07080bf2a4a2\"},\"headline\":\"Los primeros cien d\u00edas en San L\u00e1zaro\",\"datePublished\":\"2018-12-20T15:37:47+00:00\",\"mainEntityOfPage\":{\"@id\":\"https:\\\/\\\/lospoliticosveracruz.com\\\/?p=46206\"},\"wordCount\":589,\"commentCount\":0,\"publisher\":{\"@id\":\"https:\\\/\\\/lospoliticosveracruz.com\\\/#organization\"},\"keywords\":[\"Anil\u00fa Ingram Vallines\",\"San L\u00e1zaro\",\"Veracruz\"],\"articleSection\":[\"De Opini\u00f3n\"],\"inLanguage\":\"es\",\"potentialAction\":[{\"@type\":\"CommentAction\",\"name\":\"Comment\",\"target\":[\"https:\\\/\\\/lospoliticosveracruz.com\\\/?p=46206#respond\"]}]},{\"@type\":\"WebPage\",\"@id\":\"https:\\\/\\\/lospoliticosveracruz.com\\\/?p=46206\",\"url\":\"https:\\\/\\\/lospoliticosveracruz.com\\\/?p=46206\",\"name\":\"Los primeros cien d\u00edas en San L\u00e1zaro - Los pol\u00edticos Veracruz\",\"isPartOf\":{\"@id\":\"https:\\\/\\\/lospoliticosveracruz.com\\\/#website\"},\"datePublished\":\"2018-12-20T15:37:47+00:00\",\"breadcrumb\":{\"@id\":\"https:\\\/\\\/lospoliticosveracruz.com\\\/?p=46206#breadcrumb\"},\"inLanguage\":\"es\",\"potentialAction\":[{\"@type\":\"ReadAction\",\"target\":[\"https:\\\/\\\/lospoliticosveracruz.com\\\/?p=46206\"]}]},{\"@type\":\"BreadcrumbList\",\"@id\":\"https:\\\/\\\/lospoliticosveracruz.com\\\/?p=46206#breadcrumb\",\"itemListElement\":[{\"@type\":\"ListItem\",\"position\":1,\"name\":\"Portada\",\"item\":\"https:\\\/\\\/lospoliticosveracruz.com\\\/\"},{\"@type\":\"ListItem\",\"position\":2,\"name\":\"Los primeros cien d\u00edas en San L\u00e1zaro\"}]},{\"@type\":\"WebSite\",\"@id\":\"https:\\\/\\\/lospoliticosveracruz.com\\\/#website\",\"url\":\"https:\\\/\\\/lospoliticosveracruz.com\\\/\",\"name\":\"Los pol\u00edticos Veracruz\",\"description\":\"\",\"publisher\":{\"@id\":\"https:\\\/\\\/lospoliticosveracruz.com\\\/#organization\"},\"potentialAction\":[{\"@type\":\"SearchAction\",\"target\":{\"@type\":\"EntryPoint\",\"urlTemplate\":\"https:\\\/\\\/lospoliticosveracruz.com\\\/?s={search_term_string}\"},\"query-input\":{\"@type\":\"PropertyValueSpecification\",\"valueRequired\":true,\"valueName\":\"search_term_string\"}}],\"inLanguage\":\"es\"},{\"@type\":\"Organization\",\"@id\":\"https:\\\/\\\/lospoliticosveracruz.com\\\/#organization\",\"name\":\"Los pol\u00edticos Veracruz\",\"url\":\"https:\\\/\\\/lospoliticosveracruz.com\\\/\",\"logo\":{\"@type\":\"ImageObject\",\"inLanguage\":\"es\",\"@id\":\"https:\\\/\\\/lospoliticosveracruz.com\\\/#\\\/schema\\\/logo\\\/image\\\/\",\"url\":\"https:\\\/\\\/lospoliticosveracruz.com\\\/wp-content\\\/uploads\\\/2025\\\/12\\\/Logo-Nuevo-LOS-POLITICOS-1.jpg\",\"contentUrl\":\"https:\\\/\\\/lospoliticosveracruz.com\\\/wp-content\\\/uploads\\\/2025\\\/12\\\/Logo-Nuevo-LOS-POLITICOS-1.jpg\",\"width\":260,\"height\":70,\"caption\":\"Los pol\u00edticos Veracruz\"},\"image\":{\"@id\":\"https:\\\/\\\/lospoliticosveracruz.com\\\/#\\\/schema\\\/logo\\\/image\\\/\"},\"sameAs\":[\"https:\\\/\\\/www.facebook.com\\\/people\\\/Notimemes-de-los-Polticos\\\/61565672886568\\\/\",\"https:\\\/\\\/x.com\\\/LosPoliticosVer\"]},{\"@type\":\"Person\",\"@id\":\"https:\\\/\\\/lospoliticosveracruz.com\\\/#\\\/schema\\\/person\\\/b8702bb0e538456e6efd07080bf2a4a2\",\"name\":\"Lo viste en Los Pol\u00edticos\",\"image\":{\"@type\":\"ImageObject\",\"inLanguage\":\"es\",\"@id\":\"https:\\\/\\\/secure.gravatar.com\\\/avatar\\\/3a8de04a2656d44082be478bd6c086daa447c4651605818287b9532d3d0bd435?s=96&d=mm&r=g\",\"url\":\"https:\\\/\\\/secure.gravatar.com\\\/avatar\\\/3a8de04a2656d44082be478bd6c086daa447c4651605818287b9532d3d0bd435?s=96&d=mm&r=g\",\"contentUrl\":\"https:\\\/\\\/secure.gravatar.com\\\/avatar\\\/3a8de04a2656d44082be478bd6c086daa447c4651605818287b9532d3d0bd435?s=96&d=mm&r=g\",\"caption\":\"Lo viste en Los Pol\u00edticos\"},\"url\":\"https:\\\/\\\/lospoliticosveracruz.com\\\/?author=2\"}]}<\/script>\n<!-- \/ Yoast SEO plugin. -->","yoast_head_json":{"title":"Los primeros cien d\u00edas en San L\u00e1zaro - Los pol\u00edticos Veracruz","robots":{"index":"index","follow":"follow","max-snippet":"max-snippet:-1","max-image-preview":"max-image-preview:large","max-video-preview":"max-video-preview:-1"},"canonical":"https:\/\/lospoliticosveracruz.com\/?p=46206","og_locale":"es_ES","og_type":"article","og_title":"Los primeros cien d\u00edas en San L\u00e1zaro - Los pol\u00edticos Veracruz","og_description":"Anil\u00fa Ingram Vallines Hoy vivimos en un pa\u00eds mucho m\u00e1s transparente y m\u00e1s democr\u00e1tico. Lo anterior nos obliga a representantes populares y servidores p\u00fablicos a rendir cuentas de manera constante, a conducirnos en una caja de cristal. Las y los diputados federales cumplimos el pasado domingo\u00a09 de diciembre nuestros primeros cien d\u00edas en esta gran [&hellip;]","og_url":"https:\/\/lospoliticosveracruz.com\/?p=46206","og_site_name":"Los pol\u00edticos Veracruz","article_publisher":"https:\/\/www.facebook.com\/people\/Notimemes-de-los-Polticos\/61565672886568\/","article_published_time":"2018-12-20T15:37:47+00:00","og_image":[{"width":200,"height":200,"url":"https:\/\/lospoliticosveracruz.com\/wp-content\/uploads\/2016\/07\/Logo-Dor.jpg","type":"image\/jpeg"}],"author":"Lo viste en Los Pol\u00edticos","twitter_card":"summary_large_image","twitter_creator":"@LosPoliticosVer","twitter_site":"@LosPoliticosVer","twitter_misc":{"Escrito por":"Lo viste en Los Pol\u00edticos","Tiempo de lectura":"3 minutos"},"schema":{"@context":"https:\/\/schema.org","@graph":[{"@type":"Article","@id":"https:\/\/lospoliticosveracruz.com\/?p=46206#article","isPartOf":{"@id":"https:\/\/lospoliticosveracruz.com\/?p=46206"},"author":{"name":"Lo viste en Los Pol\u00edticos","@id":"https:\/\/lospoliticosveracruz.com\/#\/schema\/person\/b8702bb0e538456e6efd07080bf2a4a2"},"headline":"Los primeros cien d\u00edas en San L\u00e1zaro","datePublished":"2018-12-20T15:37:47+00:00","mainEntityOfPage":{"@id":"https:\/\/lospoliticosveracruz.com\/?p=46206"},"wordCount":589,"commentCount":0,"publisher":{"@id":"https:\/\/lospoliticosveracruz.com\/#organization"},"keywords":["Anil\u00fa Ingram Vallines","San L\u00e1zaro","Veracruz"],"articleSection":["De Opini\u00f3n"],"inLanguage":"es","potentialAction":[{"@type":"CommentAction","name":"Comment","target":["https:\/\/lospoliticosveracruz.com\/?p=46206#respond"]}]},{"@type":"WebPage","@id":"https:\/\/lospoliticosveracruz.com\/?p=46206","url":"https:\/\/lospoliticosveracruz.com\/?p=46206","name":"Los primeros cien d\u00edas en San L\u00e1zaro - Los pol\u00edticos Veracruz","isPartOf":{"@id":"https:\/\/lospoliticosveracruz.com\/#website"},"datePublished":"2018-12-20T15:37:47+00:00","breadcrumb":{"@id":"https:\/\/lospoliticosveracruz.com\/?p=46206#breadcrumb"},"inLanguage":"es","potentialAction":[{"@type":"ReadAction","target":["https:\/\/lospoliticosveracruz.com\/?p=46206"]}]},{"@type":"BreadcrumbList","@id":"https:\/\/lospoliticosveracruz.com\/?p=46206#breadcrumb","itemListElement":[{"@type":"ListItem","position":1,"name":"Portada","item":"https:\/\/lospoliticosveracruz.com\/"},{"@type":"ListItem","position":2,"name":"Los primeros cien d\u00edas en San L\u00e1zaro"}]},{"@type":"WebSite","@id":"https:\/\/lospoliticosveracruz.com\/#website","url":"https:\/\/lospoliticosveracruz.com\/","name":"Los pol\u00edticos Veracruz","description":"","publisher":{"@id":"https:\/\/lospoliticosveracruz.com\/#organization"},"potentialAction":[{"@type":"SearchAction","target":{"@type":"EntryPoint","urlTemplate":"https:\/\/lospoliticosveracruz.com\/?s={search_term_string}"},"query-input":{"@type":"PropertyValueSpecification","valueRequired":true,"valueName":"search_term_string"}}],"inLanguage":"es"},{"@type":"Organization","@id":"https:\/\/lospoliticosveracruz.com\/#organization","name":"Los pol\u00edticos Veracruz","url":"https:\/\/lospoliticosveracruz.com\/","logo":{"@type":"ImageObject","inLanguage":"es","@id":"https:\/\/lospoliticosveracruz.com\/#\/schema\/logo\/image\/","url":"https:\/\/lospoliticosveracruz.com\/wp-content\/uploads\/2025\/12\/Logo-Nuevo-LOS-POLITICOS-1.jpg","contentUrl":"https:\/\/lospoliticosveracruz.com\/wp-content\/uploads\/2025\/12\/Logo-Nuevo-LOS-POLITICOS-1.jpg","width":260,"height":70,"caption":"Los pol\u00edticos Veracruz"},"image":{"@id":"https:\/\/lospoliticosveracruz.com\/#\/schema\/logo\/image\/"},"sameAs":["https:\/\/www.facebook.com\/people\/Notimemes-de-los-Polticos\/61565672886568\/","https:\/\/x.com\/LosPoliticosVer"]},{"@type":"Person","@id":"https:\/\/lospoliticosveracruz.com\/#\/schema\/person\/b8702bb0e538456e6efd07080bf2a4a2","name":"Lo viste en Los Pol\u00edticos","image":{"@type":"ImageObject","inLanguage":"es","@id":"https:\/\/secure.gravatar.com\/avatar\/3a8de04a2656d44082be478bd6c086daa447c4651605818287b9532d3d0bd435?s=96&d=mm&r=g","url":"https:\/\/secure.gravatar.com\/avatar\/3a8de04a2656d44082be478bd6c086daa447c4651605818287b9532d3d0bd435?s=96&d=mm&r=g","contentUrl":"https:\/\/secure.gravatar.com\/avatar\/3a8de04a2656d44082be478bd6c086daa447c4651605818287b9532d3d0bd435?s=96&d=mm&r=g","caption":"Lo viste en Los Pol\u00edticos"},"url":"https:\/\/lospoliticosveracruz.com\/?author=2"}]}},"_links":{"self":[{"href":"https:\/\/lospoliticosveracruz.com\/index.php?rest_route=\/wp\/v2\/posts\/46206","targetHints":{"allow":["GET"]}}],"collection":[{"href":"https:\/\/lospoliticosveracruz.com\/index.php?rest_route=\/wp\/v2\/posts"}],"about":[{"href":"https:\/\/lospoliticosveracruz.com\/index.php?rest_route=\/wp\/v2\/types\/post"}],"author":[{"embeddable":true,"href":"https:\/\/lospoliticosveracruz.com\/index.php?rest_route=\/wp\/v2\/users\/2"}],"replies":[{"embeddable":true,"href":"https:\/\/lospoliticosveracruz.com\/index.php?rest_route=%2Fwp%2Fv2%2Fcomments&post=46206"}],"version-history":[{"count":1,"href":"https:\/\/lospoliticosveracruz.com\/index.php?rest_route=\/wp\/v2\/posts\/46206\/revisions"}],"predecessor-version":[{"id":46207,"href":"https:\/\/lospoliticosveracruz.com\/index.php?rest_route=\/wp\/v2\/posts\/46206\/revisions\/46207"}],"wp:attachment":[{"href":"https:\/\/lospoliticosveracruz.com\/index.php?rest_route=%2Fwp%2Fv2%2Fmedia&parent=46206"}],"wp:term":[{"taxonomy":"category","embeddable":true,"href":"https:\/\/lospoliticosveracruz.com\/index.php?rest_route=%2Fwp%2Fv2%2Fcategories&post=46206"},{"taxonomy":"post_tag","embeddable":true,"href":"https:\/\/lospoliticosveracruz.com\/index.php?rest_route=%2Fwp%2Fv2%2Ftags&post=46206"}],"curies":[{"name":"wp","href":"https:\/\/api.w.org\/{rel}","templated":true}]}}