{"id":46286,"date":"2019-01-02T22:39:44","date_gmt":"2019-01-03T04:39:44","guid":{"rendered":"http:\/\/www.lospoliticosveracruz.com.mx\/?p=46286"},"modified":"2019-01-02T22:39:44","modified_gmt":"2019-01-03T04:39:44","slug":"winckler-cuic-erik-trabajo-mata-grilla","status":"publish","type":"post","link":"https:\/\/lospoliticosveracruz.com\/?p=46286","title":{"rendered":"Winckler, Cuic, Erik: Trabajo mata grilla"},"content":{"rendered":"<p><strong>Salvador Mu\u00f1oz<\/strong><\/p>\n<p><em>Los Pol\u00edticos<\/em><\/p>\n<p><span style=\"font-weight: 400;\">Ni un detenido por los m\u00e1s de cien homicidios ocurridos en un mes. Luego entonces, la responsabilidad es de Jorge Winckler. \u00c9se pareciera ser el silogismo simplista de un gobierno en ciernes donde la mejor respuesta a un tema como lo es la in-seguridad en Veracruz, es evadir la responsabilidad propia bajo un silogismo igual de simple que el de Cuitl\u00e1huac: si hay muertos, ya no son su competencia.<\/span><\/p>\n<p><span style=\"font-weight: 400;\">El tema de por s\u00ed es delicado para tratarlo con la ligereza como lo hacen quienes llevan un mes al frente de Veracruz, que invita a retomar las palabras de Cuitl\u00e1huac y ver qu\u00e9 ha hecho, no en un mes, sino en diez d\u00edas el Fiscal\u2026 pero tambi\u00e9n qu\u00e9 ha hecho Garc\u00eda Jim\u00e9nez en ese mismo lapso. El m\u00e9todo, muy simple: las p\u00e1ginas oficiales en el Facebook, tanto de la Fiscal\u00eda como la de Gobierno del Estado.<\/span><\/p>\n<p><span style=\"font-weight: 400;\">II<\/span><\/p>\n<p><b>Fiscal\u00eda General del Estado<\/b><\/p>\n<p><span style=\"font-weight: 400;\">No tomamos en cuenta reuniones con diversas autoridades ni inauguraciones o parecidos<\/span><\/p>\n<p><em><span style=\"font-weight: 400;\">2 de diciembre<\/span><\/em><\/p>\n<p><span style=\"font-weight: 400;\">Detiene Fiscal\u00eda a probable responsable de desaparici\u00f3n cometida por particulares en Coatepec.<\/span><\/p>\n<p><em><span style=\"font-weight: 400;\">3 de diciembre<\/span><\/em><\/p>\n<p><span style=\"font-weight: 400;\">* Desarticula FGE banda delictiva de probables secuestradores, en Coatzacoalcos; UECS rescata con vida a una v\u00edctima, cinco detenidos e imputados.<\/span><\/p>\n<p><span style=\"font-weight: 400;\">* Rescata Fiscal\u00eda General con vida a v\u00edctima de secuestro; mediante operativo de inteligencia, UECS detiene a 4 probables secuestradores, en Emiliano Zapata.<\/span><\/p>\n<p><span style=\"font-weight: 400;\">* Vinculan a proceso a dos Polic\u00edas estatales por desaparici\u00f3n forzada, en Coatzacoalcos en agravio de Cristian Rom\u00e1n \u00abV\u00bb.<\/span><\/p>\n<p><span style=\"font-weight: 400;\">* Detiene Fiscal\u00eda a probable responsable de desaparici\u00f3n cometida por particulares en Coatepec.<\/span><\/p>\n<p><span style=\"font-weight: 400;\">* Obtiene FGE sentencia condenatoria en contra de narcomenudista, en Papantla.<\/span><\/p>\n<p><span style=\"font-weight: 400;\">* La Fiscal\u00eda Regional de la Zona norte-Tantoyuca obtuvo del Juez de Enjuiciamiento una sentencia condenatoria de 20 a\u00f1os de prisi\u00f3n en contra de Isa\u00ed \u201cN\u201d por privaci\u00f3n de la vida a una persona de identidad reservada.<\/span><\/p>\n<p><span style=\"font-weight: 400;\">* Obtiene Fiscal\u00eda Regional Coatzacoalcos vinculaci\u00f3n a proceso contra Rosario \u201cN\u201d, como probable homicida.<\/span><\/p>\n<p><span style=\"font-weight: 400;\">* Vinculan a Iv\u00e1n \u201cN\u201d a proceso en Acayucan, por secuestro.<\/span><\/p>\n<p><em><span style=\"font-weight: 400;\">4 de diciembre<\/span><\/em><\/p>\n<p><span style=\"font-weight: 400;\">* Confirma Juez prisi\u00f3n preventiva a Reyna \u201cN\u201d, Jos\u00e9 Alfredo \u201cN\u201d y Esteban \u201cN\u201d, como probables extorsionadores, en Jalacingo.<\/span><\/p>\n<p><span style=\"font-weight: 400;\">* Vinculan a proceso a Sarely \u201cN\u201d y Francisco \u201cN\u201d, imputados por desobediencia y resistencia de particulares, en Xalapa.<\/span><\/p>\n<p><span style=\"font-weight: 400;\">* Ejecuta FGE orden de aprehensi\u00f3n contra pastor religioso, por pederastia agravada, en C\u00f3rdoba.<\/span><\/p>\n<p><span style=\"font-weight: 400;\">* Obtiene Fiscal\u00eda Regional Xalapa vinculaci\u00f3n a proceso contra Misrrahin \u201cN\u201d y Benito \u201cN\u201d, dos probables homicidas.<\/span><\/p>\n<p><span style=\"font-weight: 400;\">* Da firmeza Juez a medida cautelar en contra de Juan Miguel \u201cN\u201d, imputado por homicidio, en Xalapa.<\/span><\/p>\n<p><em><span style=\"font-weight: 400;\">5 de diciembre<\/span><\/em><\/p>\n<p><span style=\"font-weight: 400;\">* <\/span><span style=\"font-weight: 400;\">Obtiene Fiscal\u00eda Especializada imputaci\u00f3n contra Carlos \u201cN\u201d, probable violador, en C\u00f3rdoba.<\/span><\/p>\n<p><span style=\"font-weight: 400;\">* Obtiene FGE sentencias condenatorias contra Juan \u201cN\u201d y Miguel \u00c1ngel \u201cN\u201d, homicidas de estudiante de la UV, hechos ocurridos en septiembre de 2017.<\/span><\/p>\n<p><em><span style=\"font-weight: 400;\">6 de diciembre<\/span><\/em><\/p>\n<p><span style=\"font-weight: 400;\">* Demuestra FGE culpabilidad de delincuentes Gabriel \u201cN\u201d y Michel \u201cN\u201d, en C\u00f3rdoba; obtiene dos sentencias condenatorias por ultrajes a la autoridad y detentaci\u00f3n de veh\u00edculo robado.<\/span><\/p>\n<p><span style=\"font-weight: 400;\">* Fiscal\u00eda Regional C\u00f3rdoba obtiene sentencia condenatoria contra Carlos \u201cN\u201d por robo y lesiones; hechos ocurridos en julio del 2018.<\/span><\/p>\n<p><span style=\"font-weight: 400;\">* Vinculan a proceso a Javier \u201cN\u201d, probable homicida, en Isla; hechos ocurridos en noviembre pasado.<\/span><\/p>\n<p><span style=\"font-weight: 400;\">* Detiene Polic\u00eda Ministerial a Eladio \u201cN\u201d, presunto pederasta, en San Andr\u00e9s Tuxtla. Hechos ocurridos en 2014.<\/span><\/p>\n<p><em><span style=\"font-weight: 400;\">7 de diciembre<\/span><\/em><\/p>\n<p><span style=\"font-weight: 400;\">* Vinculan a proceso a Brit\u00e1nico \u201cN\u201d, imputado por narcomenudeo, en San Andr\u00e9s Tuxtla.<\/span><\/p>\n<p><span style=\"font-weight: 400;\">* <\/span><span style=\"font-weight: 400;\">Dicta Juez sentencia condenatoria contra narcomenudista, en Amatl\u00e1n de los Reyes; intent\u00f3 ingresar estupefacientes a penal La Toma.<\/span><\/p>\n<p><em><span style=\"font-weight: 400;\">9 de diciembre<\/span><\/em><\/p>\n<p><span style=\"font-weight: 400;\">* Ampl\u00eda Juez medida cautelar a Octavio \u201cN\u201d, imputado por lesiones dolosas calificadas, en Xalapa.<\/span><\/p>\n<p><span style=\"font-weight: 400;\">* Detienen e imputan a Andr\u00e9s \u201cN\u201d, probable pederasta, en P\u00e1nuco; hechos ocurridos en mayo 2019.<\/span><\/p>\n<p><em><span style=\"font-weight: 400;\">10 de diciembre<\/span><\/em><\/p>\n<p><span style=\"font-weight: 400;\">* Obtiene FGE sentencia condenatoria contra Jos\u00e9 Francisco por homicidio , en Papantla; hechos ocurridos en marzo de 2017.<\/span><\/p>\n<p><span style=\"font-weight: 400;\">Y creo que aqu\u00ed le paramos porque con lo hecho por Cuitl\u00e1huac Garc\u00eda es seguro que tengamos muchas cuartillas de acciones. Si se dieron cuenta, puse la fecha en algunos casos de la Fiscal\u00eda en el entendido de que su trabajo, como el del Ejecutivo o de cualquier otra persona, menos cocineros, no son enchiladas.<\/span><\/p>\n<p><span style=\"font-weight: 400;\">III<\/span><\/p>\n<p><b>Gobierno del Estado.<\/b><\/p>\n<p><span style=\"font-weight: 400;\">S\u00f3lo el trabajo del Ejecutivo. Conste, queda fuera el \u201cSabadaba\u201d.<\/span><\/p>\n<p><em><span style=\"font-weight: 400;\">2 de diciembre<\/span><\/em><\/p>\n<p><span style=\"font-weight: 400;\">* Conferencia de prensa | Instalaci\u00f3n de la Coordinaci\u00f3n Estatal para la Construcci\u00f3n de la Paz.<\/span><\/p>\n<p><span style=\"font-weight: 400;\">* El presidente de la Rep\u00fablica visita Veracruz para comenzar a trabajar coordinadamente y refrendar su compromiso con la Declaratoria de Crisis por Derechos Humanos.<\/span><\/p>\n<p><em><span style=\"font-weight: 400;\">5 de diciembre<\/span><\/em><\/p>\n<p><span style=\"font-weight: 400;\">* Este martes, el gobernador de Veracruz Cuitl\u00e1huac Garc\u00eda Jim\u00e9nez, se reuni\u00f3 con el presidente de la Rep\u00fablica y los mandatarios de las entidades, en la Conferencia Nacional de Gobernadores (CONAGO) donde se tomaron acuerdos para la coordinaci\u00f3n de esfuerzos en conjunto. Tenemos excelentes noticias para nuestro estado.<\/span><\/p>\n<p><em><span style=\"font-weight: 400;\">6 de diciembre<\/span><\/em><\/p>\n<p><span style=\"font-weight: 400;\">* Arranque del Programa Especial de Temporada Invernal y Sesi\u00f3n del Consejo Estatal de Protecci\u00f3n Civil, en Villa Aldama.<\/span><\/p>\n<p><em><span style=\"font-weight: 400;\">7 de diciembre<\/span><\/em><\/p>\n<p><span style=\"font-weight: 400;\">* El Gobernador de Veracruz, Cuitl\u00e1huac Garc\u00eda Jim\u00e9nez asiste a la inauguraci\u00f3n del Festival de la Nochebuena, en La Estanzuela.<\/span><\/p>\n<p><em><span style=\"font-weight: 400;\">10 de diciembre<\/span><\/em><\/p>\n<p><span style=\"font-weight: 400;\">* Conferencia de prensa sobre convocatoria de magistrados del Tribunal Superior Judicial del Estado.<\/span><\/p>\n<p><span style=\"font-weight: 400;\">* Encendido en vivo de las luces del \u00e1rbol de Navidad en Xalapa.<\/span><\/p>\n<p><span style=\"font-weight: 400;\">IV<\/span><\/p>\n<p><span style=\"font-weight: 400;\">Por supuesto, ambos desempe\u00f1os, el del Fiscal y el del Ejecutivo son totalmente diferentes, pero en t\u00e9rminos de percepci\u00f3n, creo que el ciudadano puede asimilar mejor la entrega de cuentas que al menos en 10 d\u00edas, cada uno de estos funcionarios, ha dado a Veracruz. Yo, yo me quedo con la misma emoci\u00f3n que han de haber sentido los diputados federales y locales cuando vieron prender las luces del pino de navidad\u2026 esa sensaci\u00f3n no la cambio ni por un secuestrador, homicida, pederasta o violador detenido\u2026 \u00bfo usted s\u00ed?<\/span><\/p>\n<p><span style=\"font-weight: 400;\">V<\/span><\/p>\n<p><span style=\"font-weight: 400;\">Ahora, el editor puede cortar aqu\u00ed la columna, pero si tiene espacio, chequemos los diez d\u00edas de Gobierno de Eric Cisneros Burgos. Por supuesto, dejamos fuera los casos en que asiste como \u201cAcompa\u00f1ante\u201d del Ejecutivo o sus puntos personales sobre la Fiscal\u00eda General del Estado.<\/span><\/p>\n<p><b>Secretario de Gobierno<\/b><\/p>\n<p><em><span style=\"font-weight: 400;\">2 de diciembre<\/span><\/em><span style=\"font-weight: 400;\"><br \/>\n<\/span><span style=\"font-weight: 400;\">\u201cEn el primer d\u00eda de actividades del nuevo gobierno que encabeza Cuitl\u00e1huac Garc\u00eda Jim\u00e9nez, asist\u00ed en su representaci\u00f3n a la toma de protesta del Consejo Directivo del Colegio de Notarios del Estado de Veracruz, integrado por Yohan Hillman Chapoy, Joaqu\u00edn Tiburcio Galicia y Daniel Cordero G\u00e1lvez\u201d.<\/span><\/p>\n<p><em><span style=\"font-weight: 400;\">4 de diciembre<\/span><\/em><\/p>\n<p><span style=\"font-weight: 400;\">* Del 14 al 16 de diciembre ven y disfruta Otatitl\u00e1n, municipio sede del I Congreso Nacional de Caricaturistas \u201cFiesta de la Caricatura en la Cuenca Veracruzana\u201d.<\/span><\/p>\n<p><span style=\"font-weight: 400;\">* \u201cAsist\u00ed al 83 Batall\u00f3n de Infanter\u00eda de La Boticaria, en la ciudad de Veracruz, en donde se realiz\u00f3 la ceremonia protocolaria de la Toma de Posesi\u00f3n de Mando del General de Divisi\u00f3n Ingeniero Constructor Diplomado del Estado Mayor Francisco Ortiz Valadez como Comandante de la Sexta Regi\u00f3n Militar\u201d.<\/span><\/p>\n<p><em><span style=\"font-weight: 400;\">5 de diciembre<\/span><\/em><\/p>\n<p><span style=\"font-weight: 400;\">* \u201cLa ma\u00f1ana de este mi\u00e9rcoles recorr\u00ed \u2014en representaci\u00f3n del gobernador de Veracruz, Cuitl\u00e1huac Garc\u00eda Jim\u00e9nez \u2014 junto con el alcalde de Xalapa, Hip\u00f3lito Rodr\u00edguez Herrero, la calle M\u00e9rida de la colonia Rafael Lucio, en donde con esfuerzos coordinados vamos a reasfaltar desde la esquina de la calle Aguascalientes hasta la de Coatzacoalcos.\u201d<\/span><\/p>\n<p><em><span style=\"font-weight: 400;\">7 de diciembre<\/span><\/em><\/p>\n<p><span style=\"font-weight: 400;\">* \u201cLa tarde de ayer recorr\u00ed, en representaci\u00f3n del gobernador de Veracruz, Cuitl\u00e1huac Garc\u00eda Jim\u00e9nez, junto con la secretaria de Protecci\u00f3n Civil, Guadalupe Osorno Maldonado, las regiones del sur del estado afectadas por las lluvias y por el desfogue de la presa Canseco.\u201d<\/span><\/p>\n<p><em><span style=\"font-weight: 400;\">8 de diciembre<\/span><\/em><\/p>\n<p><span style=\"font-weight: 400;\">* \u201cAl realizar una gira de trabajo por el norte del estado, la tarde de ayer asist\u00ed a la apertura de la oficina de enlace de la diputada federal por Poza Rica, Raquel Bonilla.\u201d S\u00ed, tambi\u00e9n como representante del Gobernador.<\/span><\/p>\n<p><span style=\"font-weight: 400;\">Dijera Porky: Eso es to\u2026 Eso es to\u2026 Eso es todo amigos. Cada quien saque sus conclusiones laborales.<\/span><\/p>\n<p>&nbsp;<\/p>\n<p><span style=\"font-weight: 400;\">smcainito@gmail.com<\/span><\/p>\n<p>&nbsp;<\/p>\n","protected":false},"excerpt":{"rendered":"<p>Salvador Mu\u00f1oz Los Pol\u00edticos Ni un detenido por los m\u00e1s de cien homicidios ocurridos en un mes. Luego entonces, la responsabilidad es de Jorge Winckler. \u00c9se pareciera ser el silogismo simplista de un gobierno en ciernes donde la mejor respuesta a un tema como lo es la in-seguridad en Veracruz, es evadir la responsabilidad propia [&hellip;]<\/p>\n","protected":false},"author":2,"featured_media":46287,"comment_status":"open","ping_status":"open","sticky":false,"template":"","format":"standard","meta":{"tdm_status":"","tdm_grid_status":"","footnotes":""},"categories":[70],"tags":[10617,12299,4116,4076,6150,1418],"class_list":{"0":"post-46286","1":"post","2":"type-post","3":"status-publish","4":"format-standard","5":"has-post-thumbnail","7":"category-de-opinion","8":"tag-cuitlahuac-garcia-jimeez","9":"tag-eric-cisneros-burgos","10":"tag-fiscalia-general-del-estado","11":"tag-gobierno-del-estado","12":"tag-jorge-winckler-ortiz","13":"tag-secretaria-de-gobierno"},"yoast_head":"<!-- This site is optimized with the Yoast SEO plugin v27.4 - https:\/\/yoast.com\/product\/yoast-seo-wordpress\/ -->\n<title>Winckler, Cuic, Erik: Trabajo mata grilla - Los pol\u00edticos Veracruz<\/title>\n<meta name=\"robots\" content=\"index, follow, max-snippet:-1, max-image-preview:large, max-video-preview:-1\" \/>\n<link rel=\"canonical\" href=\"https:\/\/lospoliticosveracruz.com\/?p=46286\" \/>\n<meta property=\"og:locale\" content=\"es_ES\" \/>\n<meta property=\"og:type\" content=\"article\" \/>\n<meta property=\"og:title\" content=\"Winckler, Cuic, Erik: Trabajo mata grilla - Los pol\u00edticos Veracruz\" \/>\n<meta property=\"og:description\" content=\"Salvador Mu\u00f1oz Los Pol\u00edticos Ni un detenido por los m\u00e1s de cien homicidios ocurridos en un mes. Luego entonces, la responsabilidad es de Jorge Winckler. \u00c9se pareciera ser el silogismo simplista de un gobierno en ciernes donde la mejor respuesta a un tema como lo es la in-seguridad en Veracruz, es evadir la responsabilidad propia [&hellip;]\" \/>\n<meta property=\"og:url\" content=\"https:\/\/lospoliticosveracruz.com\/?p=46286\" \/>\n<meta property=\"og:site_name\" content=\"Los pol\u00edticos Veracruz\" \/>\n<meta property=\"article:publisher\" content=\"https:\/\/www.facebook.com\/people\/Notimemes-de-los-Polticos\/61565672886568\/\" \/>\n<meta property=\"article:published_time\" content=\"2019-01-03T04:39:44+00:00\" \/>\n<meta property=\"og:image\" content=\"https:\/\/lospoliticosveracruz.com\/wp-content\/uploads\/2019\/01\/Winckler-Cuic-Erik.jpg\" \/>\n\t<meta property=\"og:image:width\" content=\"600\" \/>\n\t<meta property=\"og:image:height\" content=\"338\" \/>\n\t<meta property=\"og:image:type\" content=\"image\/jpeg\" \/>\n<meta name=\"author\" content=\"Lo viste en Los Pol\u00edticos\" \/>\n<meta name=\"twitter:card\" content=\"summary_large_image\" \/>\n<meta name=\"twitter:creator\" content=\"@LosPoliticosVer\" \/>\n<meta name=\"twitter:site\" content=\"@LosPoliticosVer\" \/>\n<meta name=\"twitter:label1\" content=\"Escrito por\" \/>\n\t<meta name=\"twitter:data1\" content=\"Lo viste en Los Pol\u00edticos\" \/>\n\t<meta name=\"twitter:label2\" content=\"Tiempo de lectura\" \/>\n\t<meta name=\"twitter:data2\" content=\"7 minutos\" \/>\n<script type=\"application\/ld+json\" class=\"yoast-schema-graph\">{\"@context\":\"https:\\\/\\\/schema.org\",\"@graph\":[{\"@type\":\"Article\",\"@id\":\"https:\\\/\\\/lospoliticosveracruz.com\\\/?p=46286#article\",\"isPartOf\":{\"@id\":\"https:\\\/\\\/lospoliticosveracruz.com\\\/?p=46286\"},\"author\":{\"name\":\"Lo viste en Los Pol\u00edticos\",\"@id\":\"https:\\\/\\\/lospoliticosveracruz.com\\\/#\\\/schema\\\/person\\\/b8702bb0e538456e6efd07080bf2a4a2\"},\"headline\":\"Winckler, Cuic, Erik: Trabajo mata grilla\",\"datePublished\":\"2019-01-03T04:39:44+00:00\",\"mainEntityOfPage\":{\"@id\":\"https:\\\/\\\/lospoliticosveracruz.com\\\/?p=46286\"},\"wordCount\":1357,\"commentCount\":0,\"publisher\":{\"@id\":\"https:\\\/\\\/lospoliticosveracruz.com\\\/#organization\"},\"image\":{\"@id\":\"https:\\\/\\\/lospoliticosveracruz.com\\\/?p=46286#primaryimage\"},\"thumbnailUrl\":\"https:\\\/\\\/lospoliticosveracruz.com\\\/wp-content\\\/uploads\\\/2019\\\/01\\\/Winckler-Cuic-Erik.jpg\",\"keywords\":[\"Cuitl\u00e1huac Garc\u00eda Jim\u00e9ez\",\"Eric Cisneros Burgos\",\"Fiscal\u00eda General del Estado\",\"Gobierno del Estado\",\"Jorge Winckler Ortiz\",\"secretar\u00eda de Gobierno\"],\"articleSection\":[\"De Opini\u00f3n\"],\"inLanguage\":\"es\",\"potentialAction\":[{\"@type\":\"CommentAction\",\"name\":\"Comment\",\"target\":[\"https:\\\/\\\/lospoliticosveracruz.com\\\/?p=46286#respond\"]}]},{\"@type\":\"WebPage\",\"@id\":\"https:\\\/\\\/lospoliticosveracruz.com\\\/?p=46286\",\"url\":\"https:\\\/\\\/lospoliticosveracruz.com\\\/?p=46286\",\"name\":\"Winckler, Cuic, Erik: Trabajo mata grilla - Los pol\u00edticos Veracruz\",\"isPartOf\":{\"@id\":\"https:\\\/\\\/lospoliticosveracruz.com\\\/#website\"},\"primaryImageOfPage\":{\"@id\":\"https:\\\/\\\/lospoliticosveracruz.com\\\/?p=46286#primaryimage\"},\"image\":{\"@id\":\"https:\\\/\\\/lospoliticosveracruz.com\\\/?p=46286#primaryimage\"},\"thumbnailUrl\":\"https:\\\/\\\/lospoliticosveracruz.com\\\/wp-content\\\/uploads\\\/2019\\\/01\\\/Winckler-Cuic-Erik.jpg\",\"datePublished\":\"2019-01-03T04:39:44+00:00\",\"breadcrumb\":{\"@id\":\"https:\\\/\\\/lospoliticosveracruz.com\\\/?p=46286#breadcrumb\"},\"inLanguage\":\"es\",\"potentialAction\":[{\"@type\":\"ReadAction\",\"target\":[\"https:\\\/\\\/lospoliticosveracruz.com\\\/?p=46286\"]}]},{\"@type\":\"ImageObject\",\"inLanguage\":\"es\",\"@id\":\"https:\\\/\\\/lospoliticosveracruz.com\\\/?p=46286#primaryimage\",\"url\":\"https:\\\/\\\/lospoliticosveracruz.com\\\/wp-content\\\/uploads\\\/2019\\\/01\\\/Winckler-Cuic-Erik.jpg\",\"contentUrl\":\"https:\\\/\\\/lospoliticosveracruz.com\\\/wp-content\\\/uploads\\\/2019\\\/01\\\/Winckler-Cuic-Erik.jpg\",\"width\":600,\"height\":338},{\"@type\":\"BreadcrumbList\",\"@id\":\"https:\\\/\\\/lospoliticosveracruz.com\\\/?p=46286#breadcrumb\",\"itemListElement\":[{\"@type\":\"ListItem\",\"position\":1,\"name\":\"Portada\",\"item\":\"https:\\\/\\\/lospoliticosveracruz.com\\\/\"},{\"@type\":\"ListItem\",\"position\":2,\"name\":\"Winckler, Cuic, Erik: Trabajo mata grilla\"}]},{\"@type\":\"WebSite\",\"@id\":\"https:\\\/\\\/lospoliticosveracruz.com\\\/#website\",\"url\":\"https:\\\/\\\/lospoliticosveracruz.com\\\/\",\"name\":\"Los pol\u00edticos Veracruz\",\"description\":\"\",\"publisher\":{\"@id\":\"https:\\\/\\\/lospoliticosveracruz.com\\\/#organization\"},\"potentialAction\":[{\"@type\":\"SearchAction\",\"target\":{\"@type\":\"EntryPoint\",\"urlTemplate\":\"https:\\\/\\\/lospoliticosveracruz.com\\\/?s={search_term_string}\"},\"query-input\":{\"@type\":\"PropertyValueSpecification\",\"valueRequired\":true,\"valueName\":\"search_term_string\"}}],\"inLanguage\":\"es\"},{\"@type\":\"Organization\",\"@id\":\"https:\\\/\\\/lospoliticosveracruz.com\\\/#organization\",\"name\":\"Los pol\u00edticos Veracruz\",\"url\":\"https:\\\/\\\/lospoliticosveracruz.com\\\/\",\"logo\":{\"@type\":\"ImageObject\",\"inLanguage\":\"es\",\"@id\":\"https:\\\/\\\/lospoliticosveracruz.com\\\/#\\\/schema\\\/logo\\\/image\\\/\",\"url\":\"https:\\\/\\\/lospoliticosveracruz.com\\\/wp-content\\\/uploads\\\/2025\\\/12\\\/Logo-Nuevo-LOS-POLITICOS-1.jpg\",\"contentUrl\":\"https:\\\/\\\/lospoliticosveracruz.com\\\/wp-content\\\/uploads\\\/2025\\\/12\\\/Logo-Nuevo-LOS-POLITICOS-1.jpg\",\"width\":260,\"height\":70,\"caption\":\"Los pol\u00edticos Veracruz\"},\"image\":{\"@id\":\"https:\\\/\\\/lospoliticosveracruz.com\\\/#\\\/schema\\\/logo\\\/image\\\/\"},\"sameAs\":[\"https:\\\/\\\/www.facebook.com\\\/people\\\/Notimemes-de-los-Polticos\\\/61565672886568\\\/\",\"https:\\\/\\\/x.com\\\/LosPoliticosVer\"]},{\"@type\":\"Person\",\"@id\":\"https:\\\/\\\/lospoliticosveracruz.com\\\/#\\\/schema\\\/person\\\/b8702bb0e538456e6efd07080bf2a4a2\",\"name\":\"Lo viste en Los Pol\u00edticos\",\"image\":{\"@type\":\"ImageObject\",\"inLanguage\":\"es\",\"@id\":\"https:\\\/\\\/secure.gravatar.com\\\/avatar\\\/3a8de04a2656d44082be478bd6c086daa447c4651605818287b9532d3d0bd435?s=96&d=mm&r=g\",\"url\":\"https:\\\/\\\/secure.gravatar.com\\\/avatar\\\/3a8de04a2656d44082be478bd6c086daa447c4651605818287b9532d3d0bd435?s=96&d=mm&r=g\",\"contentUrl\":\"https:\\\/\\\/secure.gravatar.com\\\/avatar\\\/3a8de04a2656d44082be478bd6c086daa447c4651605818287b9532d3d0bd435?s=96&d=mm&r=g\",\"caption\":\"Lo viste en Los Pol\u00edticos\"},\"url\":\"https:\\\/\\\/lospoliticosveracruz.com\\\/?author=2\"}]}<\/script>\n<!-- \/ Yoast SEO plugin. -->","yoast_head_json":{"title":"Winckler, Cuic, Erik: Trabajo mata grilla - Los pol\u00edticos Veracruz","robots":{"index":"index","follow":"follow","max-snippet":"max-snippet:-1","max-image-preview":"max-image-preview:large","max-video-preview":"max-video-preview:-1"},"canonical":"https:\/\/lospoliticosveracruz.com\/?p=46286","og_locale":"es_ES","og_type":"article","og_title":"Winckler, Cuic, Erik: Trabajo mata grilla - Los pol\u00edticos Veracruz","og_description":"Salvador Mu\u00f1oz Los Pol\u00edticos Ni un detenido por los m\u00e1s de cien homicidios ocurridos en un mes. Luego entonces, la responsabilidad es de Jorge Winckler. \u00c9se pareciera ser el silogismo simplista de un gobierno en ciernes donde la mejor respuesta a un tema como lo es la in-seguridad en Veracruz, es evadir la responsabilidad propia [&hellip;]","og_url":"https:\/\/lospoliticosveracruz.com\/?p=46286","og_site_name":"Los pol\u00edticos Veracruz","article_publisher":"https:\/\/www.facebook.com\/people\/Notimemes-de-los-Polticos\/61565672886568\/","article_published_time":"2019-01-03T04:39:44+00:00","og_image":[{"width":600,"height":338,"url":"https:\/\/lospoliticosveracruz.com\/wp-content\/uploads\/2019\/01\/Winckler-Cuic-Erik.jpg","type":"image\/jpeg"}],"author":"Lo viste en Los Pol\u00edticos","twitter_card":"summary_large_image","twitter_creator":"@LosPoliticosVer","twitter_site":"@LosPoliticosVer","twitter_misc":{"Escrito por":"Lo viste en Los Pol\u00edticos","Tiempo de lectura":"7 minutos"},"schema":{"@context":"https:\/\/schema.org","@graph":[{"@type":"Article","@id":"https:\/\/lospoliticosveracruz.com\/?p=46286#article","isPartOf":{"@id":"https:\/\/lospoliticosveracruz.com\/?p=46286"},"author":{"name":"Lo viste en Los Pol\u00edticos","@id":"https:\/\/lospoliticosveracruz.com\/#\/schema\/person\/b8702bb0e538456e6efd07080bf2a4a2"},"headline":"Winckler, Cuic, Erik: Trabajo mata grilla","datePublished":"2019-01-03T04:39:44+00:00","mainEntityOfPage":{"@id":"https:\/\/lospoliticosveracruz.com\/?p=46286"},"wordCount":1357,"commentCount":0,"publisher":{"@id":"https:\/\/lospoliticosveracruz.com\/#organization"},"image":{"@id":"https:\/\/lospoliticosveracruz.com\/?p=46286#primaryimage"},"thumbnailUrl":"https:\/\/lospoliticosveracruz.com\/wp-content\/uploads\/2019\/01\/Winckler-Cuic-Erik.jpg","keywords":["Cuitl\u00e1huac Garc\u00eda Jim\u00e9ez","Eric Cisneros Burgos","Fiscal\u00eda General del Estado","Gobierno del Estado","Jorge Winckler Ortiz","secretar\u00eda de Gobierno"],"articleSection":["De Opini\u00f3n"],"inLanguage":"es","potentialAction":[{"@type":"CommentAction","name":"Comment","target":["https:\/\/lospoliticosveracruz.com\/?p=46286#respond"]}]},{"@type":"WebPage","@id":"https:\/\/lospoliticosveracruz.com\/?p=46286","url":"https:\/\/lospoliticosveracruz.com\/?p=46286","name":"Winckler, Cuic, Erik: Trabajo mata grilla - Los pol\u00edticos Veracruz","isPartOf":{"@id":"https:\/\/lospoliticosveracruz.com\/#website"},"primaryImageOfPage":{"@id":"https:\/\/lospoliticosveracruz.com\/?p=46286#primaryimage"},"image":{"@id":"https:\/\/lospoliticosveracruz.com\/?p=46286#primaryimage"},"thumbnailUrl":"https:\/\/lospoliticosveracruz.com\/wp-content\/uploads\/2019\/01\/Winckler-Cuic-Erik.jpg","datePublished":"2019-01-03T04:39:44+00:00","breadcrumb":{"@id":"https:\/\/lospoliticosveracruz.com\/?p=46286#breadcrumb"},"inLanguage":"es","potentialAction":[{"@type":"ReadAction","target":["https:\/\/lospoliticosveracruz.com\/?p=46286"]}]},{"@type":"ImageObject","inLanguage":"es","@id":"https:\/\/lospoliticosveracruz.com\/?p=46286#primaryimage","url":"https:\/\/lospoliticosveracruz.com\/wp-content\/uploads\/2019\/01\/Winckler-Cuic-Erik.jpg","contentUrl":"https:\/\/lospoliticosveracruz.com\/wp-content\/uploads\/2019\/01\/Winckler-Cuic-Erik.jpg","width":600,"height":338},{"@type":"BreadcrumbList","@id":"https:\/\/lospoliticosveracruz.com\/?p=46286#breadcrumb","itemListElement":[{"@type":"ListItem","position":1,"name":"Portada","item":"https:\/\/lospoliticosveracruz.com\/"},{"@type":"ListItem","position":2,"name":"Winckler, Cuic, Erik: Trabajo mata grilla"}]},{"@type":"WebSite","@id":"https:\/\/lospoliticosveracruz.com\/#website","url":"https:\/\/lospoliticosveracruz.com\/","name":"Los pol\u00edticos Veracruz","description":"","publisher":{"@id":"https:\/\/lospoliticosveracruz.com\/#organization"},"potentialAction":[{"@type":"SearchAction","target":{"@type":"EntryPoint","urlTemplate":"https:\/\/lospoliticosveracruz.com\/?s={search_term_string}"},"query-input":{"@type":"PropertyValueSpecification","valueRequired":true,"valueName":"search_term_string"}}],"inLanguage":"es"},{"@type":"Organization","@id":"https:\/\/lospoliticosveracruz.com\/#organization","name":"Los pol\u00edticos Veracruz","url":"https:\/\/lospoliticosveracruz.com\/","logo":{"@type":"ImageObject","inLanguage":"es","@id":"https:\/\/lospoliticosveracruz.com\/#\/schema\/logo\/image\/","url":"https:\/\/lospoliticosveracruz.com\/wp-content\/uploads\/2025\/12\/Logo-Nuevo-LOS-POLITICOS-1.jpg","contentUrl":"https:\/\/lospoliticosveracruz.com\/wp-content\/uploads\/2025\/12\/Logo-Nuevo-LOS-POLITICOS-1.jpg","width":260,"height":70,"caption":"Los pol\u00edticos Veracruz"},"image":{"@id":"https:\/\/lospoliticosveracruz.com\/#\/schema\/logo\/image\/"},"sameAs":["https:\/\/www.facebook.com\/people\/Notimemes-de-los-Polticos\/61565672886568\/","https:\/\/x.com\/LosPoliticosVer"]},{"@type":"Person","@id":"https:\/\/lospoliticosveracruz.com\/#\/schema\/person\/b8702bb0e538456e6efd07080bf2a4a2","name":"Lo viste en Los Pol\u00edticos","image":{"@type":"ImageObject","inLanguage":"es","@id":"https:\/\/secure.gravatar.com\/avatar\/3a8de04a2656d44082be478bd6c086daa447c4651605818287b9532d3d0bd435?s=96&d=mm&r=g","url":"https:\/\/secure.gravatar.com\/avatar\/3a8de04a2656d44082be478bd6c086daa447c4651605818287b9532d3d0bd435?s=96&d=mm&r=g","contentUrl":"https:\/\/secure.gravatar.com\/avatar\/3a8de04a2656d44082be478bd6c086daa447c4651605818287b9532d3d0bd435?s=96&d=mm&r=g","caption":"Lo viste en Los Pol\u00edticos"},"url":"https:\/\/lospoliticosveracruz.com\/?author=2"}]}},"_links":{"self":[{"href":"https:\/\/lospoliticosveracruz.com\/index.php?rest_route=\/wp\/v2\/posts\/46286","targetHints":{"allow":["GET"]}}],"collection":[{"href":"https:\/\/lospoliticosveracruz.com\/index.php?rest_route=\/wp\/v2\/posts"}],"about":[{"href":"https:\/\/lospoliticosveracruz.com\/index.php?rest_route=\/wp\/v2\/types\/post"}],"author":[{"embeddable":true,"href":"https:\/\/lospoliticosveracruz.com\/index.php?rest_route=\/wp\/v2\/users\/2"}],"replies":[{"embeddable":true,"href":"https:\/\/lospoliticosveracruz.com\/index.php?rest_route=%2Fwp%2Fv2%2Fcomments&post=46286"}],"version-history":[{"count":1,"href":"https:\/\/lospoliticosveracruz.com\/index.php?rest_route=\/wp\/v2\/posts\/46286\/revisions"}],"predecessor-version":[{"id":46288,"href":"https:\/\/lospoliticosveracruz.com\/index.php?rest_route=\/wp\/v2\/posts\/46286\/revisions\/46288"}],"wp:featuredmedia":[{"embeddable":true,"href":"https:\/\/lospoliticosveracruz.com\/index.php?rest_route=\/wp\/v2\/media\/46287"}],"wp:attachment":[{"href":"https:\/\/lospoliticosveracruz.com\/index.php?rest_route=%2Fwp%2Fv2%2Fmedia&parent=46286"}],"wp:term":[{"taxonomy":"category","embeddable":true,"href":"https:\/\/lospoliticosveracruz.com\/index.php?rest_route=%2Fwp%2Fv2%2Fcategories&post=46286"},{"taxonomy":"post_tag","embeddable":true,"href":"https:\/\/lospoliticosveracruz.com\/index.php?rest_route=%2Fwp%2Fv2%2Ftags&post=46286"}],"curies":[{"name":"wp","href":"https:\/\/api.w.org\/{rel}","templated":true}]}}