{"id":46299,"date":"2019-01-03T15:43:08","date_gmt":"2019-01-03T21:43:08","guid":{"rendered":"http:\/\/www.lospoliticosveracruz.com.mx\/?p=46299"},"modified":"2019-01-03T15:43:08","modified_gmt":"2019-01-03T21:43:08","slug":"la-lucha-por-el-presupuesto-2019","status":"publish","type":"post","link":"https:\/\/lospoliticosveracruz.com\/?p=46299","title":{"rendered":"La lucha por el Presupuesto 2019"},"content":{"rendered":"<p><strong>Anil\u00fa Ingram Vallines<\/strong><\/p>\n<p>2018 fue un a\u00f1o \u00e1lgido para M\u00e9xico: se celebraron elecciones en las cuales se eligi\u00f3 un nuevo Presidente de la Rep\u00fablica, a quienes integramos el Congreso de la Uni\u00f3n, as\u00ed como a 2 gobernadoras y 7 gobernadores, adem\u00e1s de algunos congresos locales y presidencias municipales. Poco m\u00e1s del 50 por ciento de la poblaci\u00f3n que vot\u00f3 lo hizo por una opci\u00f3n de cambio que, con solo unos meses demostr\u00f3 ser lo opuesto totalmente.<br \/>\nEl ejemplo m\u00e1s claro lo vivimos con el Presupuesto 2019. Quienes integramos el Grupo Legislativo del PRI nos opusimos a cada uno de los recortes lesivos contra las familias de nuestro estado y de M\u00e9xico. Lo hicimos de manifiesto cada uno de nosotros, advirtiendo lo que pasar\u00eda si manten\u00edan su intentona populista, pero abusando de su mayor\u00eda, hicieron o\u00eddos sordos y, los resultados de sus malas decisiones, las vamos a resentir todos, en unas semanas.<br \/>\nNo pod\u00edamos ser c\u00f3mplices de las arbitrariedades que se cometieron con el presupuesto, ni quedarnos callados, por el contrario, llevamos a la mesa propuestas tangibles, razonables, que fueron desechadas por los flamantes diputados del cambio, de la esperanza.<br \/>\nEn la Comisi\u00f3n de Infraestructura, de la cual formo parte como Secretaria, propusimos ampliar en 23 mil millones de pesos el Ramo 9, adem\u00e1s de que los 24 mil millones de pesos que fueron etiquetados para el Aeropuerto de Santa Luc\u00eda y Tren Maya, los ejecutara la Secretar\u00eda de Comunicaciones y Transportes (SCT) al tener la capacidad y los recursos humanos y materiales para hacerlo, pero fue desechada sin previo an\u00e1lisis.<br \/>\nPeor a\u00fan es que en esta misma comisi\u00f3n recibimos durante los meses previos m\u00e1s de 2 mil proyectos de diversos municipios del pa\u00eds, de los cuales, fueron enviados a la Comisi\u00f3n de Presupuesto, m\u00e1s de la mitad por cumplir con los requisitos que marca la ley, sumando m\u00e1s de 64 mil millones de pesos, como propuesta de inversi\u00f3n.<br \/>\nPero todos los meses que las y los presidentes municipales trabajaron con sus Centros SCT, para cumplir con el proyecto ejecutivo, derecho de v\u00eda, impacto ambiental, an\u00e1lisis costo beneficio, y despu\u00e9s, pelear en la unidad de inversi\u00f3n de la Secretar\u00eda de Hacienda y Cr\u00e9dito P\u00fablico (SHCP), la famosa clave de la unidad o de cartera, y tener que acudir a la apertura de ventanillas de varias comisiones, para poder asegurar sus recursos desde la C\u00e1mara, a la Comisi\u00f3n de Presupuesto tampoco le import\u00f3.<br \/>\nNi una sola obra, ni una sola de 1,139 proyectos enviados, apareci\u00f3 en el Presupuesto 2019, solo bolsas que dejan a la voluntad de los Delegados de la SCT y los gobernadores para adjudicar los caminos y carreteras que m\u00e1s les convengan: pisotearon el tiempo de los mun\u00edcipes, su autonom\u00eda, el Federalismo.<br \/>\nEn el rubro social causaron otra herida profunda a pesar de que en la oposici\u00f3n se los advertimos: debilitaron el PAIMEF as\u00ed como el Seguro de Vida para Jefas de Familia y a Prospera al reducir sus montos de operaci\u00f3n para este a\u00f1o en paup\u00e9rrimas cantidades. Adem\u00e1s de reducir el presupuesto del programa Estancias Infantiles un 46%, con lo que se afecta directamente a madres y padres trabajadores que no contar\u00e1n con el apoyo de este programa para brindar educaci\u00f3n, cuidados y alimentaci\u00f3n de calidad a sus hijos de temprana edad.<br \/>\nComo ex delegada federal de la Sedesol s\u00e9 lo que eso significa: dejar en el desamparo a cientos de miles de familias, por eso propuse que de los 53 mil millones de pesos que se contemplaban dentro del ramo 23 en el apartado de otras provisiones econ\u00f3micas, se aplicara una suma de 23 mil millones de pesos, al Ramo 20 PROSPERA: Programa de Inclusi\u00f3n Social, esto a fin de tener un digno recurso para mujeres en condici\u00f3n vulnerable de 46 mil 125 millones de pesos y no solo de 20 mil millones de pesos, pero tampoco a esto hicieron caso.<br \/>\nPor eso insisto, este presupuesto que hoy tenemos es el claro ejemplo de la cerraz\u00f3n, de que como pa\u00eds nos llevan como el cangrejo, caminando hacia atr\u00e1s, todo en su prop\u00f3sito de poder financiar todas las propuestas mesi\u00e1nicas y ocurrentes, pasando por encima del inter\u00e9s nacional.<br \/>\nEl tiempo, sin demorar, desafortunadamente nos dar\u00e1 la raz\u00f3n. Ahora a trabajar en intentar remediar sus errores.<br \/>\n@Anil\u00faIngram<\/p>\n","protected":false},"excerpt":{"rendered":"<p>Anil\u00fa Ingram Vallines 2018 fue un a\u00f1o \u00e1lgido para M\u00e9xico: se celebraron elecciones en las cuales se eligi\u00f3 un nuevo Presidente de la Rep\u00fablica, a quienes integramos el Congreso de la Uni\u00f3n, as\u00ed como a 2 gobernadoras y 7 gobernadores, adem\u00e1s de algunos congresos locales y presidencias municipales. Poco m\u00e1s del 50 por ciento de [&hellip;]<\/p>\n","protected":false},"author":2,"featured_media":46300,"comment_status":"open","ping_status":"open","sticky":false,"template":"","format":"standard","meta":{"tdm_status":"","tdm_grid_status":"","footnotes":""},"categories":[70],"tags":[12966,13467,13464,395,13088,443,2117,1849,13466],"class_list":{"0":"post-46299","1":"post","2":"type-post","3":"status-publish","4":"format-standard","5":"has-post-thumbnail","7":"category-de-opinion","8":"tag-comision-de-infraestructura","9":"tag-comision-de-presupuesto","10":"tag-grupo-legislativo-del-pri","11":"tag-mexico","12":"tag-presupuesto-2019","13":"tag-prospera","14":"tag-sct","15":"tag-shcp","16":"tag-tren-maya"},"yoast_head":"<!-- This site is optimized with the Yoast SEO plugin v27.4 - https:\/\/yoast.com\/product\/yoast-seo-wordpress\/ -->\n<title>La lucha por el Presupuesto 2019 - Los pol\u00edticos Veracruz<\/title>\n<meta name=\"robots\" content=\"index, follow, max-snippet:-1, max-image-preview:large, max-video-preview:-1\" \/>\n<link rel=\"canonical\" href=\"https:\/\/lospoliticosveracruz.com\/?p=46299\" \/>\n<meta property=\"og:locale\" content=\"es_ES\" \/>\n<meta property=\"og:type\" content=\"article\" \/>\n<meta property=\"og:title\" content=\"La lucha por el Presupuesto 2019 - Los pol\u00edticos Veracruz\" \/>\n<meta property=\"og:description\" content=\"Anil\u00fa Ingram Vallines 2018 fue un a\u00f1o \u00e1lgido para M\u00e9xico: se celebraron elecciones en las cuales se eligi\u00f3 un nuevo Presidente de la Rep\u00fablica, a quienes integramos el Congreso de la Uni\u00f3n, as\u00ed como a 2 gobernadoras y 7 gobernadores, adem\u00e1s de algunos congresos locales y presidencias municipales. Poco m\u00e1s del 50 por ciento de [&hellip;]\" \/>\n<meta property=\"og:url\" content=\"https:\/\/lospoliticosveracruz.com\/?p=46299\" \/>\n<meta property=\"og:site_name\" content=\"Los pol\u00edticos Veracruz\" \/>\n<meta property=\"article:publisher\" content=\"https:\/\/www.facebook.com\/people\/Notimemes-de-los-Polticos\/61565672886568\/\" \/>\n<meta property=\"article:published_time\" content=\"2019-01-03T21:43:08+00:00\" \/>\n<meta property=\"og:image\" content=\"https:\/\/lospoliticosveracruz.com\/wp-content\/uploads\/2019\/01\/Presupuesto-2019.jpg\" \/>\n\t<meta property=\"og:image:width\" content=\"600\" \/>\n\t<meta property=\"og:image:height\" content=\"300\" \/>\n\t<meta property=\"og:image:type\" content=\"image\/jpeg\" \/>\n<meta name=\"author\" content=\"Lo viste en Los Pol\u00edticos\" \/>\n<meta name=\"twitter:card\" content=\"summary_large_image\" \/>\n<meta name=\"twitter:creator\" content=\"@LosPoliticosVer\" \/>\n<meta name=\"twitter:site\" content=\"@LosPoliticosVer\" \/>\n<meta name=\"twitter:label1\" content=\"Escrito por\" \/>\n\t<meta name=\"twitter:data1\" content=\"Lo viste en Los Pol\u00edticos\" \/>\n\t<meta name=\"twitter:label2\" content=\"Tiempo de lectura\" \/>\n\t<meta name=\"twitter:data2\" content=\"4 minutos\" \/>\n<script type=\"application\/ld+json\" class=\"yoast-schema-graph\">{\"@context\":\"https:\\\/\\\/schema.org\",\"@graph\":[{\"@type\":\"Article\",\"@id\":\"https:\\\/\\\/lospoliticosveracruz.com\\\/?p=46299#article\",\"isPartOf\":{\"@id\":\"https:\\\/\\\/lospoliticosveracruz.com\\\/?p=46299\"},\"author\":{\"name\":\"Lo viste en Los Pol\u00edticos\",\"@id\":\"https:\\\/\\\/lospoliticosveracruz.com\\\/#\\\/schema\\\/person\\\/b8702bb0e538456e6efd07080bf2a4a2\"},\"headline\":\"La lucha por el Presupuesto 2019\",\"datePublished\":\"2019-01-03T21:43:08+00:00\",\"mainEntityOfPage\":{\"@id\":\"https:\\\/\\\/lospoliticosveracruz.com\\\/?p=46299\"},\"wordCount\":753,\"commentCount\":0,\"publisher\":{\"@id\":\"https:\\\/\\\/lospoliticosveracruz.com\\\/#organization\"},\"image\":{\"@id\":\"https:\\\/\\\/lospoliticosveracruz.com\\\/?p=46299#primaryimage\"},\"thumbnailUrl\":\"https:\\\/\\\/lospoliticosveracruz.com\\\/wp-content\\\/uploads\\\/2019\\\/01\\\/Presupuesto-2019.jpg\",\"keywords\":[\"Comisi\u00f3n de Infraestructura\",\"Comisi\u00f3n de Presupuesto\",\"Grupo Legislativo del PRI\",\"M\u00e9xico\",\"presupuesto 2019\",\"Prospera\",\"SCT\",\"SHCP\",\"Tren Maya\"],\"articleSection\":[\"De Opini\u00f3n\"],\"inLanguage\":\"es\",\"potentialAction\":[{\"@type\":\"CommentAction\",\"name\":\"Comment\",\"target\":[\"https:\\\/\\\/lospoliticosveracruz.com\\\/?p=46299#respond\"]}]},{\"@type\":\"WebPage\",\"@id\":\"https:\\\/\\\/lospoliticosveracruz.com\\\/?p=46299\",\"url\":\"https:\\\/\\\/lospoliticosveracruz.com\\\/?p=46299\",\"name\":\"La lucha por el Presupuesto 2019 - Los pol\u00edticos Veracruz\",\"isPartOf\":{\"@id\":\"https:\\\/\\\/lospoliticosveracruz.com\\\/#website\"},\"primaryImageOfPage\":{\"@id\":\"https:\\\/\\\/lospoliticosveracruz.com\\\/?p=46299#primaryimage\"},\"image\":{\"@id\":\"https:\\\/\\\/lospoliticosveracruz.com\\\/?p=46299#primaryimage\"},\"thumbnailUrl\":\"https:\\\/\\\/lospoliticosveracruz.com\\\/wp-content\\\/uploads\\\/2019\\\/01\\\/Presupuesto-2019.jpg\",\"datePublished\":\"2019-01-03T21:43:08+00:00\",\"breadcrumb\":{\"@id\":\"https:\\\/\\\/lospoliticosveracruz.com\\\/?p=46299#breadcrumb\"},\"inLanguage\":\"es\",\"potentialAction\":[{\"@type\":\"ReadAction\",\"target\":[\"https:\\\/\\\/lospoliticosveracruz.com\\\/?p=46299\"]}]},{\"@type\":\"ImageObject\",\"inLanguage\":\"es\",\"@id\":\"https:\\\/\\\/lospoliticosveracruz.com\\\/?p=46299#primaryimage\",\"url\":\"https:\\\/\\\/lospoliticosveracruz.com\\\/wp-content\\\/uploads\\\/2019\\\/01\\\/Presupuesto-2019.jpg\",\"contentUrl\":\"https:\\\/\\\/lospoliticosveracruz.com\\\/wp-content\\\/uploads\\\/2019\\\/01\\\/Presupuesto-2019.jpg\",\"width\":600,\"height\":300},{\"@type\":\"BreadcrumbList\",\"@id\":\"https:\\\/\\\/lospoliticosveracruz.com\\\/?p=46299#breadcrumb\",\"itemListElement\":[{\"@type\":\"ListItem\",\"position\":1,\"name\":\"Portada\",\"item\":\"https:\\\/\\\/lospoliticosveracruz.com\\\/\"},{\"@type\":\"ListItem\",\"position\":2,\"name\":\"La lucha por el Presupuesto 2019\"}]},{\"@type\":\"WebSite\",\"@id\":\"https:\\\/\\\/lospoliticosveracruz.com\\\/#website\",\"url\":\"https:\\\/\\\/lospoliticosveracruz.com\\\/\",\"name\":\"Los pol\u00edticos Veracruz\",\"description\":\"\",\"publisher\":{\"@id\":\"https:\\\/\\\/lospoliticosveracruz.com\\\/#organization\"},\"potentialAction\":[{\"@type\":\"SearchAction\",\"target\":{\"@type\":\"EntryPoint\",\"urlTemplate\":\"https:\\\/\\\/lospoliticosveracruz.com\\\/?s={search_term_string}\"},\"query-input\":{\"@type\":\"PropertyValueSpecification\",\"valueRequired\":true,\"valueName\":\"search_term_string\"}}],\"inLanguage\":\"es\"},{\"@type\":\"Organization\",\"@id\":\"https:\\\/\\\/lospoliticosveracruz.com\\\/#organization\",\"name\":\"Los pol\u00edticos Veracruz\",\"url\":\"https:\\\/\\\/lospoliticosveracruz.com\\\/\",\"logo\":{\"@type\":\"ImageObject\",\"inLanguage\":\"es\",\"@id\":\"https:\\\/\\\/lospoliticosveracruz.com\\\/#\\\/schema\\\/logo\\\/image\\\/\",\"url\":\"https:\\\/\\\/lospoliticosveracruz.com\\\/wp-content\\\/uploads\\\/2025\\\/12\\\/Logo-Nuevo-LOS-POLITICOS-1.jpg\",\"contentUrl\":\"https:\\\/\\\/lospoliticosveracruz.com\\\/wp-content\\\/uploads\\\/2025\\\/12\\\/Logo-Nuevo-LOS-POLITICOS-1.jpg\",\"width\":260,\"height\":70,\"caption\":\"Los pol\u00edticos Veracruz\"},\"image\":{\"@id\":\"https:\\\/\\\/lospoliticosveracruz.com\\\/#\\\/schema\\\/logo\\\/image\\\/\"},\"sameAs\":[\"https:\\\/\\\/www.facebook.com\\\/people\\\/Notimemes-de-los-Polticos\\\/61565672886568\\\/\",\"https:\\\/\\\/x.com\\\/LosPoliticosVer\"]},{\"@type\":\"Person\",\"@id\":\"https:\\\/\\\/lospoliticosveracruz.com\\\/#\\\/schema\\\/person\\\/b8702bb0e538456e6efd07080bf2a4a2\",\"name\":\"Lo viste en Los Pol\u00edticos\",\"image\":{\"@type\":\"ImageObject\",\"inLanguage\":\"es\",\"@id\":\"https:\\\/\\\/secure.gravatar.com\\\/avatar\\\/3a8de04a2656d44082be478bd6c086daa447c4651605818287b9532d3d0bd435?s=96&d=mm&r=g\",\"url\":\"https:\\\/\\\/secure.gravatar.com\\\/avatar\\\/3a8de04a2656d44082be478bd6c086daa447c4651605818287b9532d3d0bd435?s=96&d=mm&r=g\",\"contentUrl\":\"https:\\\/\\\/secure.gravatar.com\\\/avatar\\\/3a8de04a2656d44082be478bd6c086daa447c4651605818287b9532d3d0bd435?s=96&d=mm&r=g\",\"caption\":\"Lo viste en Los Pol\u00edticos\"},\"url\":\"https:\\\/\\\/lospoliticosveracruz.com\\\/?author=2\"}]}<\/script>\n<!-- \/ Yoast SEO plugin. -->","yoast_head_json":{"title":"La lucha por el Presupuesto 2019 - Los pol\u00edticos Veracruz","robots":{"index":"index","follow":"follow","max-snippet":"max-snippet:-1","max-image-preview":"max-image-preview:large","max-video-preview":"max-video-preview:-1"},"canonical":"https:\/\/lospoliticosveracruz.com\/?p=46299","og_locale":"es_ES","og_type":"article","og_title":"La lucha por el Presupuesto 2019 - Los pol\u00edticos Veracruz","og_description":"Anil\u00fa Ingram Vallines 2018 fue un a\u00f1o \u00e1lgido para M\u00e9xico: se celebraron elecciones en las cuales se eligi\u00f3 un nuevo Presidente de la Rep\u00fablica, a quienes integramos el Congreso de la Uni\u00f3n, as\u00ed como a 2 gobernadoras y 7 gobernadores, adem\u00e1s de algunos congresos locales y presidencias municipales. Poco m\u00e1s del 50 por ciento de [&hellip;]","og_url":"https:\/\/lospoliticosveracruz.com\/?p=46299","og_site_name":"Los pol\u00edticos Veracruz","article_publisher":"https:\/\/www.facebook.com\/people\/Notimemes-de-los-Polticos\/61565672886568\/","article_published_time":"2019-01-03T21:43:08+00:00","og_image":[{"width":600,"height":300,"url":"https:\/\/lospoliticosveracruz.com\/wp-content\/uploads\/2019\/01\/Presupuesto-2019.jpg","type":"image\/jpeg"}],"author":"Lo viste en Los Pol\u00edticos","twitter_card":"summary_large_image","twitter_creator":"@LosPoliticosVer","twitter_site":"@LosPoliticosVer","twitter_misc":{"Escrito por":"Lo viste en Los Pol\u00edticos","Tiempo de lectura":"4 minutos"},"schema":{"@context":"https:\/\/schema.org","@graph":[{"@type":"Article","@id":"https:\/\/lospoliticosveracruz.com\/?p=46299#article","isPartOf":{"@id":"https:\/\/lospoliticosveracruz.com\/?p=46299"},"author":{"name":"Lo viste en Los Pol\u00edticos","@id":"https:\/\/lospoliticosveracruz.com\/#\/schema\/person\/b8702bb0e538456e6efd07080bf2a4a2"},"headline":"La lucha por el Presupuesto 2019","datePublished":"2019-01-03T21:43:08+00:00","mainEntityOfPage":{"@id":"https:\/\/lospoliticosveracruz.com\/?p=46299"},"wordCount":753,"commentCount":0,"publisher":{"@id":"https:\/\/lospoliticosveracruz.com\/#organization"},"image":{"@id":"https:\/\/lospoliticosveracruz.com\/?p=46299#primaryimage"},"thumbnailUrl":"https:\/\/lospoliticosveracruz.com\/wp-content\/uploads\/2019\/01\/Presupuesto-2019.jpg","keywords":["Comisi\u00f3n de Infraestructura","Comisi\u00f3n de Presupuesto","Grupo Legislativo del PRI","M\u00e9xico","presupuesto 2019","Prospera","SCT","SHCP","Tren Maya"],"articleSection":["De Opini\u00f3n"],"inLanguage":"es","potentialAction":[{"@type":"CommentAction","name":"Comment","target":["https:\/\/lospoliticosveracruz.com\/?p=46299#respond"]}]},{"@type":"WebPage","@id":"https:\/\/lospoliticosveracruz.com\/?p=46299","url":"https:\/\/lospoliticosveracruz.com\/?p=46299","name":"La lucha por el Presupuesto 2019 - Los pol\u00edticos Veracruz","isPartOf":{"@id":"https:\/\/lospoliticosveracruz.com\/#website"},"primaryImageOfPage":{"@id":"https:\/\/lospoliticosveracruz.com\/?p=46299#primaryimage"},"image":{"@id":"https:\/\/lospoliticosveracruz.com\/?p=46299#primaryimage"},"thumbnailUrl":"https:\/\/lospoliticosveracruz.com\/wp-content\/uploads\/2019\/01\/Presupuesto-2019.jpg","datePublished":"2019-01-03T21:43:08+00:00","breadcrumb":{"@id":"https:\/\/lospoliticosveracruz.com\/?p=46299#breadcrumb"},"inLanguage":"es","potentialAction":[{"@type":"ReadAction","target":["https:\/\/lospoliticosveracruz.com\/?p=46299"]}]},{"@type":"ImageObject","inLanguage":"es","@id":"https:\/\/lospoliticosveracruz.com\/?p=46299#primaryimage","url":"https:\/\/lospoliticosveracruz.com\/wp-content\/uploads\/2019\/01\/Presupuesto-2019.jpg","contentUrl":"https:\/\/lospoliticosveracruz.com\/wp-content\/uploads\/2019\/01\/Presupuesto-2019.jpg","width":600,"height":300},{"@type":"BreadcrumbList","@id":"https:\/\/lospoliticosveracruz.com\/?p=46299#breadcrumb","itemListElement":[{"@type":"ListItem","position":1,"name":"Portada","item":"https:\/\/lospoliticosveracruz.com\/"},{"@type":"ListItem","position":2,"name":"La lucha por el Presupuesto 2019"}]},{"@type":"WebSite","@id":"https:\/\/lospoliticosveracruz.com\/#website","url":"https:\/\/lospoliticosveracruz.com\/","name":"Los pol\u00edticos Veracruz","description":"","publisher":{"@id":"https:\/\/lospoliticosveracruz.com\/#organization"},"potentialAction":[{"@type":"SearchAction","target":{"@type":"EntryPoint","urlTemplate":"https:\/\/lospoliticosveracruz.com\/?s={search_term_string}"},"query-input":{"@type":"PropertyValueSpecification","valueRequired":true,"valueName":"search_term_string"}}],"inLanguage":"es"},{"@type":"Organization","@id":"https:\/\/lospoliticosveracruz.com\/#organization","name":"Los pol\u00edticos Veracruz","url":"https:\/\/lospoliticosveracruz.com\/","logo":{"@type":"ImageObject","inLanguage":"es","@id":"https:\/\/lospoliticosveracruz.com\/#\/schema\/logo\/image\/","url":"https:\/\/lospoliticosveracruz.com\/wp-content\/uploads\/2025\/12\/Logo-Nuevo-LOS-POLITICOS-1.jpg","contentUrl":"https:\/\/lospoliticosveracruz.com\/wp-content\/uploads\/2025\/12\/Logo-Nuevo-LOS-POLITICOS-1.jpg","width":260,"height":70,"caption":"Los pol\u00edticos Veracruz"},"image":{"@id":"https:\/\/lospoliticosveracruz.com\/#\/schema\/logo\/image\/"},"sameAs":["https:\/\/www.facebook.com\/people\/Notimemes-de-los-Polticos\/61565672886568\/","https:\/\/x.com\/LosPoliticosVer"]},{"@type":"Person","@id":"https:\/\/lospoliticosveracruz.com\/#\/schema\/person\/b8702bb0e538456e6efd07080bf2a4a2","name":"Lo viste en Los Pol\u00edticos","image":{"@type":"ImageObject","inLanguage":"es","@id":"https:\/\/secure.gravatar.com\/avatar\/3a8de04a2656d44082be478bd6c086daa447c4651605818287b9532d3d0bd435?s=96&d=mm&r=g","url":"https:\/\/secure.gravatar.com\/avatar\/3a8de04a2656d44082be478bd6c086daa447c4651605818287b9532d3d0bd435?s=96&d=mm&r=g","contentUrl":"https:\/\/secure.gravatar.com\/avatar\/3a8de04a2656d44082be478bd6c086daa447c4651605818287b9532d3d0bd435?s=96&d=mm&r=g","caption":"Lo viste en Los Pol\u00edticos"},"url":"https:\/\/lospoliticosveracruz.com\/?author=2"}]}},"_links":{"self":[{"href":"https:\/\/lospoliticosveracruz.com\/index.php?rest_route=\/wp\/v2\/posts\/46299","targetHints":{"allow":["GET"]}}],"collection":[{"href":"https:\/\/lospoliticosveracruz.com\/index.php?rest_route=\/wp\/v2\/posts"}],"about":[{"href":"https:\/\/lospoliticosveracruz.com\/index.php?rest_route=\/wp\/v2\/types\/post"}],"author":[{"embeddable":true,"href":"https:\/\/lospoliticosveracruz.com\/index.php?rest_route=\/wp\/v2\/users\/2"}],"replies":[{"embeddable":true,"href":"https:\/\/lospoliticosveracruz.com\/index.php?rest_route=%2Fwp%2Fv2%2Fcomments&post=46299"}],"version-history":[{"count":1,"href":"https:\/\/lospoliticosveracruz.com\/index.php?rest_route=\/wp\/v2\/posts\/46299\/revisions"}],"predecessor-version":[{"id":46301,"href":"https:\/\/lospoliticosveracruz.com\/index.php?rest_route=\/wp\/v2\/posts\/46299\/revisions\/46301"}],"wp:featuredmedia":[{"embeddable":true,"href":"https:\/\/lospoliticosveracruz.com\/index.php?rest_route=\/wp\/v2\/media\/46300"}],"wp:attachment":[{"href":"https:\/\/lospoliticosveracruz.com\/index.php?rest_route=%2Fwp%2Fv2%2Fmedia&parent=46299"}],"wp:term":[{"taxonomy":"category","embeddable":true,"href":"https:\/\/lospoliticosveracruz.com\/index.php?rest_route=%2Fwp%2Fv2%2Fcategories&post=46299"},{"taxonomy":"post_tag","embeddable":true,"href":"https:\/\/lospoliticosveracruz.com\/index.php?rest_route=%2Fwp%2Fv2%2Ftags&post=46299"}],"curies":[{"name":"wp","href":"https:\/\/api.w.org\/{rel}","templated":true}]}}