{"id":46306,"date":"2019-01-03T21:51:58","date_gmt":"2019-01-04T03:51:58","guid":{"rendered":"http:\/\/www.lospoliticosveracruz.com.mx\/?p=46306"},"modified":"2019-01-03T21:51:58","modified_gmt":"2019-01-04T03:51:58","slug":"imss-bienestar-para-toda-la-vida-amlo-y-martinez-cazares","status":"publish","type":"post","link":"https:\/\/lospoliticosveracruz.com\/?p=46306","title":{"rendered":"IMSS, Bienestar para toda la vida: AMLO y Mart\u00ednez C\u00e1zares"},"content":{"rendered":"<p><b><i><\/i><\/b>Con el objetivo de atender la salud y seguridad social de los mexicanos desde antes de nacer con cuidados prenatales y durante todas las etapas de la vida hasta lograr un envejecimiento activo y saludable de las personas mayores, el Presidente de M\u00e9xico, Andr\u00e9s Manuel L\u00f3pez Obrador, y el Director General del Instituto Mexicano del Seguro Social (IMSS), Germ\u00e1n Mart\u00ednez C\u00e1zares, presentaron el plan 2018-2024 \u201cEl IMSS: bienestar para toda la vida\u201d.<\/p>\n<p>El titular del Seguro Social dijo que el Instituto asume junto con la federaci\u00f3n el reto de garantizar efectivamente el acceso a la salud de los mexicanos, reconociendo que la tarea y el desaf\u00edo es enorme frente al abandono en diversas \u00e1reas del sistema de salud, la corrupci\u00f3n, negocios privilegiados y simulaciones, entre las que sobrevive un personal m\u00e9dico y de enfermer\u00eda generoso y comprometido con su labor; \u201cvamos a ir, sin distingos, como lo prometi\u00f3 y orden\u00f3 el Presidente L\u00f3pez Obrador, contra los corruptos que da\u00f1an al IMSS\u201d.<\/p>\n<p>Destac\u00f3 que el IMSS tiene la tarea de dar vida, aportar y caminar hacia un sistema \u00fanico de salud y reanimar el programa IMSS-BIENESTAR, que se har\u00e1 cargo de inmediato de proveer los servicios de salud a los mexicanos m\u00e1s desfavorecidos y medicamentos gratuitos a toda la poblaci\u00f3n sin seguridad social; \u201cnos volcaremos, ya, en Chiapas, Veracruz, Tabasco, Oaxaca, con brigadas de estudiantes y profesionales de la medicina, revitalizando los Centro de Atenci\u00f3n Rural al Adolescente para alejar a los j\u00f3venes de las drogas\u201d.<\/p>\n<p>Afirm\u00f3 que el Instituto es una herramienta del Estado mexicano para reconciliar\u00a0 empresarios y obreros, e igualar a todas y todos los mexicanos; a quienes tienen oportunidades de desarrollo con quienes carecen de ellas, a quienes tienen un patrimonio y lo invierten con quienes aportan la fuerza de su talento y trabajo, y a quienes tienen para atenderse en un hospital privado y comprar medicamentos, con quienes no tienen esa posibilidad.<\/p>\n<p>Afirm\u00f3 que el progreso con justicia es lo que busca la cuarta transformaci\u00f3n de la patria y la justicia en el progreso, es la manera suprema de reconciliar a los mexicanos. \u201cEn suma so\u00f1amos y trabajaremos para edificar un IMSS donde el centro y la raz\u00f3n de ser, sean la persona y su bienestar durante toda la vida\u201d, enfatiz\u00f3 Germ\u00e1n Mart\u00ednez C\u00e1zares.<\/p>\n<p>En el evento, realizado en el Palacio Federal de Morelia, Michoac\u00e1n, Mart\u00ednez C\u00e1zares indic\u00f3 que el trabajo del IMSS debe estar presente durante todo el ciclo de vida que empieza en la gestaci\u00f3n, con cuidados prenatales, y termina con cuidados paliativos para bien morir, pasa por una ni\u00f1ez que promueve un crecimiento sano; vigila una adolescencia para disuadir comportamientos nocivos para la salud, protege riesgo y apoya la edad productiva y debe otorgar una pensi\u00f3n digna fruto del trabajo.<\/p>\n<p>Por ello, durante el sexenio 2018-2024 el Instituto trabajar\u00e1 para fortalecer los servicios ofrecidos por IMSS-BIENESTAR y en la consolidaci\u00f3n de estrategias que mejoren la calidad de la atenci\u00f3n en el IMSS ordinario, para ello el programa \u201cBienestar para toda la vida\u201d se centrar\u00e1 en seis objetivos generales:<\/p>\n<ol>\n<li>IMSS incluyente hacia el Sistema \u00danico de Salud: fortalecer y ampliar la cobertura del programa IMSS-BIENESTAR para garantizar el derecho a la protecci\u00f3n de la salud a toda la poblaci\u00f3n y hacer efectivo el acceso a la atenci\u00f3n m\u00e9dica y medicamentos gratuitos a las personas sin seguridad social; realizar jornadas m\u00e9dicas para personas vulnerables; atender urgencias m\u00e9dicas a cualquier persona, sin importar su afiliaci\u00f3n o derechohabiencia, entre otras.<\/li>\n<\/ol>\n<ol start=\"2\">\n<li>IMSS preventivo e integral: fortalecer el primer y segundo niveles de atenci\u00f3n; generar una visi\u00f3n preventiva en la infraestructura social, a trav\u00e9s de los centros deportivos, vacacionales y culturales; ampliar y rehabilitar la infraestructura m\u00e9dica y social; garantizar acceso efectivo a los servicios de atenci\u00f3n m\u00e9dica y reducir los tiempos de espera en las unidades m\u00e9dicas.<\/li>\n<\/ol>\n<ol start=\"3\">\n<li>IMSS cercano: digitalizar tr\u00e1mites y servicios; establecer mecanismos de atenci\u00f3n m\u00e9dica telef\u00f3nica, telemedicina y atenci\u00f3n m\u00e9dica domiciliaria; generar v\u00ednculos con la poblaci\u00f3n por medios digitales para promover acciones preventivas y curativas; atender oportunamente las quejas, fomentar la participaci\u00f3n ciudadana, y generar estrategias en materia de derechos humanos.<\/li>\n<\/ol>\n<ol start=\"4\">\n<li>IMSS sostenible y transparente: optimizar las acciones de fiscalizaci\u00f3n y cobranza; generar mecanismos de administraci\u00f3n que generen sostenibilidad financiera en el mediano plazo; incorporar medidas para la austeridad en el control del gasto y evaluar permanentemente riesgos de corrupci\u00f3n; fortalecer los mecanismos de compra de medicamentos e insumos para la salud y mejorar los esquemas de licitaci\u00f3n.<\/li>\n<\/ol>\n<ol start=\"5\">\n<li>IMSS con calidad y evaluaci\u00f3n continua: fortalecer la evaluaci\u00f3n y monitoreo de los servicios de salud y mecanismos de provisi\u00f3n de la seguridad social; renovar los sistemas de monitoreo de satisfacci\u00f3n de los derechohabientes y establecer mecanismos para la mejora de los servicios, y fomentar el uso de evaluaciones de costo-efectividad y costo-beneficio para la inclusi\u00f3n de tecnolog\u00edas m\u00e1s eficientes para la atenci\u00f3n m\u00e9dica.<\/li>\n<\/ol>\n<ol start=\"6\">\n<li>IMSS intersectorial: Trabajar en la implementaci\u00f3n de acciones de la Secretar\u00eda de Salud de manera coordinada, as\u00ed como trabajar en conjunto con COFEPRIS para la regulaci\u00f3n, control y fomento sanitario; coadyuvar con la Secretar\u00eda del Trabajo en el plan J\u00f3venes construyendo el Futuro y Personas Trabajadoras del Hogar; con la Secretar\u00eda de Relaciones Exteriores, coordinar la implementaci\u00f3n del Seguro de Salud pagado para mexicanos en el extranjero y para sus familias en M\u00e9xico; con Secretar\u00eda de Hacienda, coordinar estrategias para fortalecer compras, recaudaci\u00f3n y pago a proveedores, y con SAT e INFONAVIT establecer mecanismos que permitan elevar la eficiencia recaudatoria.<\/li>\n<\/ol>\n<p>&nbsp;<\/p>\n<p>Entre las principales acciones que se realizar\u00e1n de manera inmediata en esta administraci\u00f3n, est\u00e1 la atenci\u00f3n en urgencias que pongan en peligro la vida de cualquier persona, sin importar si es o no derechohabiente y dise\u00f1ar un programa piloto de afiliaci\u00f3n obligatoria para trabajadores del hogar, con acompa\u00f1amiento de la Organizaci\u00f3n Internacional del Trabajo.<\/p>\n<p>Tambi\u00e9n llevar a cabo los Di\u00e1logos por el Trabajo del Hogar, los cuales consistir\u00e1n en tres Foros de Consulta a realizarse en Ciudad de M\u00e9xico, Chihuahua y Quintana Roo; la inauguraci\u00f3n de cuatro Unidades de Medicina Familiar y una Cl\u00ednica de Mama, as\u00ed como el inicio del modelo preventivo en, por lo menos, tres delegaciones del IMSS.<\/p>\n<p>En los primeros 100 d\u00edas de administraci\u00f3n, en coordinaci\u00f3n con la Secretar\u00eda de Relaciones Exteriores, se dar\u00e1 inicio al Seguro de Salud Pagado para mexicanos en el extranjero (Estados Unidos de Am\u00e9rica) y para sus familias en M\u00e9xico; implementaci\u00f3n del programa piloto en materia de trabajo del hogar, y en colaboraci\u00f3n con la Secretar\u00eda del Trabajo y Previsi\u00f3n Social, dar inicio al programa optativo \u201cJ\u00f3venes Construyendo el Futuro\u201d.<\/p>\n<p>Tambi\u00e9n llevar a cabo siete jornadas m\u00e9dicas IMSS-Bienestar en los estados del sureste del pa\u00eds, as\u00ed como la apertura de la Unidad M\u00e9dica Rural de Tentic en Chiapas, ampliaci\u00f3n del albergue y remodelaci\u00f3n del \u00e1rea de urgencias del Hospital Rural de Huejutla de Reyes en Hidalgo, y la reposici\u00f3n de tres ambulancias de los Hospitales Rurales de Mamantel (Campeche), Villalta (Oaxaca) y Acanceh (Yucat\u00e1n).<\/p>\n<p>El Gobernador de Michoac\u00e1n, Silvano Aureoles Conejo, reiter\u00f3 la completa voluntad de su gobierno para trabajar coordinadamente y de manera institucional, para construir juntos instrumentos, revisar los actualmente existentes y fortalecer las instituciones.<\/p>\n<p>\u201cCelebramos la instalaci\u00f3n de la sede del IMSS en nuestra ciudad capital. Las y los michoacanos seremos excelentes anfitriones de una instituci\u00f3n tan noble como lo es este Instituto que ha sido un protagonista central en la vida y en la salud de las y los mexicanos\u201d pronunci\u00f3 el titular del Ejecutivo Estatal.<\/p>\n<p>En su mensaje, el Secretario General del Sindicato Nacional de Trabajadores del Seguro Social (SNTSS), Arturo Olivares Cerda, dijo que el personal del IMSS cuenta con una amplia experiencia en la prestaci\u00f3n de servicios m\u00e9dicos, \u201csomos un ej\u00e9rcito de mujeres y hombres al servicio de M\u00e9xico y nos manifestamos listos para sumarnos a esta misi\u00f3n que encabeza el primer mandatario del pa\u00eds\u201d.<\/p>\n<p>Adem\u00e1s, reiter\u00f3 su compromiso en nombre de los m\u00e1s de 435 mil trabajadores en activo del Instituto para construir el sendero de bienestar que este gobierno encabeza, \u00a0para que nadie se quede sin servicios m\u00e9dicos y medicamentos gratuitos.<\/p>\n<p>En el acto tambi\u00e9n fueron inauguradas las oficinas del Seguro Social, ubicadas en el Palacio Federal de Morelia, instalaciones que son prestadas por el Instituto Nacional de Antropolog\u00eda e Historia, que no tendr\u00e1n ning\u00fan costo para el IMSS, en aras de la austeridad.<\/p>\n","protected":false},"excerpt":{"rendered":"<p>Con el objetivo de atender la salud y seguridad social de los mexicanos desde antes de nacer con cuidados prenatales y durante todas las etapas de la vida hasta lograr un envejecimiento activo y saludable de las personas mayores, el Presidente de M\u00e9xico, Andr\u00e9s Manuel L\u00f3pez Obrador, y el Director General del Instituto Mexicano del [&hellip;]<\/p>\n","protected":false},"author":2,"featured_media":46307,"comment_status":"open","ping_status":"open","sticky":false,"template":"","format":"standard","meta":{"tdm_status":"","tdm_grid_status":"","footnotes":""},"categories":[73],"tags":[618,544,13290,1208,13470,395,1215,13471,2231,195],"class_list":{"0":"post-46306","1":"post","2":"type-post","3":"status-publish","4":"format-standard","5":"has-post-thumbnail","7":"category-de-boleto","8":"tag-andres-manuel-lopez-obrador","9":"tag-chiapas","10":"tag-german-martinez-cazares","11":"tag-imss","12":"tag-imss-bienestar","13":"tag-mexico","14":"tag-oaxaca","15":"tag-silvano-aureoles-conejo","16":"tag-tabasco","17":"tag-veracruz"},"yoast_head":"<!-- This site is optimized with the Yoast SEO plugin v27.4 - https:\/\/yoast.com\/product\/yoast-seo-wordpress\/ -->\n<title>IMSS, Bienestar para toda la vida: AMLO y Mart\u00ednez C\u00e1zares - Los pol\u00edticos Veracruz<\/title>\n<meta name=\"robots\" content=\"index, follow, max-snippet:-1, max-image-preview:large, max-video-preview:-1\" \/>\n<link rel=\"canonical\" href=\"https:\/\/lospoliticosveracruz.com\/?p=46306\" \/>\n<meta property=\"og:locale\" content=\"es_ES\" \/>\n<meta property=\"og:type\" content=\"article\" \/>\n<meta property=\"og:title\" content=\"IMSS, Bienestar para toda la vida: AMLO y Mart\u00ednez C\u00e1zares - Los pol\u00edticos Veracruz\" \/>\n<meta property=\"og:description\" content=\"Con el objetivo de atender la salud y seguridad social de los mexicanos desde antes de nacer con cuidados prenatales y durante todas las etapas de la vida hasta lograr un envejecimiento activo y saludable de las personas mayores, el Presidente de M\u00e9xico, Andr\u00e9s Manuel L\u00f3pez Obrador, y el Director General del Instituto Mexicano del [&hellip;]\" \/>\n<meta property=\"og:url\" content=\"https:\/\/lospoliticosveracruz.com\/?p=46306\" \/>\n<meta property=\"og:site_name\" content=\"Los pol\u00edticos Veracruz\" \/>\n<meta property=\"article:publisher\" content=\"https:\/\/www.facebook.com\/people\/Notimemes-de-los-Polticos\/61565672886568\/\" \/>\n<meta property=\"article:published_time\" content=\"2019-01-04T03:51:58+00:00\" \/>\n<meta property=\"og:image\" content=\"https:\/\/lospoliticosveracruz.com\/wp-content\/uploads\/2019\/01\/AMLO-IMSS.jpg\" \/>\n\t<meta property=\"og:image:width\" content=\"600\" \/>\n\t<meta property=\"og:image:height\" content=\"459\" \/>\n\t<meta property=\"og:image:type\" content=\"image\/jpeg\" \/>\n<meta name=\"author\" content=\"Lo viste en Los Pol\u00edticos\" \/>\n<meta name=\"twitter:card\" content=\"summary_large_image\" \/>\n<meta name=\"twitter:creator\" content=\"@LosPoliticosVer\" \/>\n<meta name=\"twitter:site\" content=\"@LosPoliticosVer\" \/>\n<meta name=\"twitter:label1\" content=\"Escrito por\" \/>\n\t<meta name=\"twitter:data1\" content=\"Lo viste en Los Pol\u00edticos\" \/>\n\t<meta name=\"twitter:label2\" content=\"Tiempo de lectura\" \/>\n\t<meta name=\"twitter:data2\" content=\"7 minutos\" \/>\n<script type=\"application\/ld+json\" class=\"yoast-schema-graph\">{\"@context\":\"https:\\\/\\\/schema.org\",\"@graph\":[{\"@type\":\"Article\",\"@id\":\"https:\\\/\\\/lospoliticosveracruz.com\\\/?p=46306#article\",\"isPartOf\":{\"@id\":\"https:\\\/\\\/lospoliticosveracruz.com\\\/?p=46306\"},\"author\":{\"name\":\"Lo viste en Los Pol\u00edticos\",\"@id\":\"https:\\\/\\\/lospoliticosveracruz.com\\\/#\\\/schema\\\/person\\\/b8702bb0e538456e6efd07080bf2a4a2\"},\"headline\":\"IMSS, Bienestar para toda la vida: AMLO y Mart\u00ednez C\u00e1zares\",\"datePublished\":\"2019-01-04T03:51:58+00:00\",\"mainEntityOfPage\":{\"@id\":\"https:\\\/\\\/lospoliticosveracruz.com\\\/?p=46306\"},\"wordCount\":1505,\"commentCount\":0,\"publisher\":{\"@id\":\"https:\\\/\\\/lospoliticosveracruz.com\\\/#organization\"},\"image\":{\"@id\":\"https:\\\/\\\/lospoliticosveracruz.com\\\/?p=46306#primaryimage\"},\"thumbnailUrl\":\"https:\\\/\\\/lospoliticosveracruz.com\\\/wp-content\\\/uploads\\\/2019\\\/01\\\/AMLO-IMSS.jpg\",\"keywords\":[\"Andr\u00e9s Manuel L\u00f3pez Obrador\",\"Chiapas\",\"Germ\u00e1n Mart\u00ednez C\u00e1zares\",\"IMSS\",\"IMSS-Bienestar\",\"M\u00e9xico\",\"Oaxaca\",\"Silvano Aureoles Conejo\",\"Tabasco\",\"Veracruz\"],\"articleSection\":[\"De Boleto\"],\"inLanguage\":\"es\",\"potentialAction\":[{\"@type\":\"CommentAction\",\"name\":\"Comment\",\"target\":[\"https:\\\/\\\/lospoliticosveracruz.com\\\/?p=46306#respond\"]}]},{\"@type\":\"WebPage\",\"@id\":\"https:\\\/\\\/lospoliticosveracruz.com\\\/?p=46306\",\"url\":\"https:\\\/\\\/lospoliticosveracruz.com\\\/?p=46306\",\"name\":\"IMSS, Bienestar para toda la vida: AMLO y Mart\u00ednez C\u00e1zares - Los pol\u00edticos Veracruz\",\"isPartOf\":{\"@id\":\"https:\\\/\\\/lospoliticosveracruz.com\\\/#website\"},\"primaryImageOfPage\":{\"@id\":\"https:\\\/\\\/lospoliticosveracruz.com\\\/?p=46306#primaryimage\"},\"image\":{\"@id\":\"https:\\\/\\\/lospoliticosveracruz.com\\\/?p=46306#primaryimage\"},\"thumbnailUrl\":\"https:\\\/\\\/lospoliticosveracruz.com\\\/wp-content\\\/uploads\\\/2019\\\/01\\\/AMLO-IMSS.jpg\",\"datePublished\":\"2019-01-04T03:51:58+00:00\",\"breadcrumb\":{\"@id\":\"https:\\\/\\\/lospoliticosveracruz.com\\\/?p=46306#breadcrumb\"},\"inLanguage\":\"es\",\"potentialAction\":[{\"@type\":\"ReadAction\",\"target\":[\"https:\\\/\\\/lospoliticosveracruz.com\\\/?p=46306\"]}]},{\"@type\":\"ImageObject\",\"inLanguage\":\"es\",\"@id\":\"https:\\\/\\\/lospoliticosveracruz.com\\\/?p=46306#primaryimage\",\"url\":\"https:\\\/\\\/lospoliticosveracruz.com\\\/wp-content\\\/uploads\\\/2019\\\/01\\\/AMLO-IMSS.jpg\",\"contentUrl\":\"https:\\\/\\\/lospoliticosveracruz.com\\\/wp-content\\\/uploads\\\/2019\\\/01\\\/AMLO-IMSS.jpg\",\"width\":600,\"height\":459},{\"@type\":\"BreadcrumbList\",\"@id\":\"https:\\\/\\\/lospoliticosveracruz.com\\\/?p=46306#breadcrumb\",\"itemListElement\":[{\"@type\":\"ListItem\",\"position\":1,\"name\":\"Portada\",\"item\":\"https:\\\/\\\/lospoliticosveracruz.com\\\/\"},{\"@type\":\"ListItem\",\"position\":2,\"name\":\"IMSS, Bienestar para toda la vida: AMLO y Mart\u00ednez C\u00e1zares\"}]},{\"@type\":\"WebSite\",\"@id\":\"https:\\\/\\\/lospoliticosveracruz.com\\\/#website\",\"url\":\"https:\\\/\\\/lospoliticosveracruz.com\\\/\",\"name\":\"Los pol\u00edticos Veracruz\",\"description\":\"\",\"publisher\":{\"@id\":\"https:\\\/\\\/lospoliticosveracruz.com\\\/#organization\"},\"potentialAction\":[{\"@type\":\"SearchAction\",\"target\":{\"@type\":\"EntryPoint\",\"urlTemplate\":\"https:\\\/\\\/lospoliticosveracruz.com\\\/?s={search_term_string}\"},\"query-input\":{\"@type\":\"PropertyValueSpecification\",\"valueRequired\":true,\"valueName\":\"search_term_string\"}}],\"inLanguage\":\"es\"},{\"@type\":\"Organization\",\"@id\":\"https:\\\/\\\/lospoliticosveracruz.com\\\/#organization\",\"name\":\"Los pol\u00edticos Veracruz\",\"url\":\"https:\\\/\\\/lospoliticosveracruz.com\\\/\",\"logo\":{\"@type\":\"ImageObject\",\"inLanguage\":\"es\",\"@id\":\"https:\\\/\\\/lospoliticosveracruz.com\\\/#\\\/schema\\\/logo\\\/image\\\/\",\"url\":\"https:\\\/\\\/lospoliticosveracruz.com\\\/wp-content\\\/uploads\\\/2025\\\/12\\\/Logo-Nuevo-LOS-POLITICOS-1.jpg\",\"contentUrl\":\"https:\\\/\\\/lospoliticosveracruz.com\\\/wp-content\\\/uploads\\\/2025\\\/12\\\/Logo-Nuevo-LOS-POLITICOS-1.jpg\",\"width\":260,\"height\":70,\"caption\":\"Los pol\u00edticos Veracruz\"},\"image\":{\"@id\":\"https:\\\/\\\/lospoliticosveracruz.com\\\/#\\\/schema\\\/logo\\\/image\\\/\"},\"sameAs\":[\"https:\\\/\\\/www.facebook.com\\\/people\\\/Notimemes-de-los-Polticos\\\/61565672886568\\\/\",\"https:\\\/\\\/x.com\\\/LosPoliticosVer\"]},{\"@type\":\"Person\",\"@id\":\"https:\\\/\\\/lospoliticosveracruz.com\\\/#\\\/schema\\\/person\\\/b8702bb0e538456e6efd07080bf2a4a2\",\"name\":\"Lo viste en Los Pol\u00edticos\",\"image\":{\"@type\":\"ImageObject\",\"inLanguage\":\"es\",\"@id\":\"https:\\\/\\\/secure.gravatar.com\\\/avatar\\\/3a8de04a2656d44082be478bd6c086daa447c4651605818287b9532d3d0bd435?s=96&d=mm&r=g\",\"url\":\"https:\\\/\\\/secure.gravatar.com\\\/avatar\\\/3a8de04a2656d44082be478bd6c086daa447c4651605818287b9532d3d0bd435?s=96&d=mm&r=g\",\"contentUrl\":\"https:\\\/\\\/secure.gravatar.com\\\/avatar\\\/3a8de04a2656d44082be478bd6c086daa447c4651605818287b9532d3d0bd435?s=96&d=mm&r=g\",\"caption\":\"Lo viste en Los Pol\u00edticos\"},\"url\":\"https:\\\/\\\/lospoliticosveracruz.com\\\/?author=2\"}]}<\/script>\n<!-- \/ Yoast SEO plugin. -->","yoast_head_json":{"title":"IMSS, Bienestar para toda la vida: AMLO y Mart\u00ednez C\u00e1zares - Los pol\u00edticos Veracruz","robots":{"index":"index","follow":"follow","max-snippet":"max-snippet:-1","max-image-preview":"max-image-preview:large","max-video-preview":"max-video-preview:-1"},"canonical":"https:\/\/lospoliticosveracruz.com\/?p=46306","og_locale":"es_ES","og_type":"article","og_title":"IMSS, Bienestar para toda la vida: AMLO y Mart\u00ednez C\u00e1zares - Los pol\u00edticos Veracruz","og_description":"Con el objetivo de atender la salud y seguridad social de los mexicanos desde antes de nacer con cuidados prenatales y durante todas las etapas de la vida hasta lograr un envejecimiento activo y saludable de las personas mayores, el Presidente de M\u00e9xico, Andr\u00e9s Manuel L\u00f3pez Obrador, y el Director General del Instituto Mexicano del [&hellip;]","og_url":"https:\/\/lospoliticosveracruz.com\/?p=46306","og_site_name":"Los pol\u00edticos Veracruz","article_publisher":"https:\/\/www.facebook.com\/people\/Notimemes-de-los-Polticos\/61565672886568\/","article_published_time":"2019-01-04T03:51:58+00:00","og_image":[{"width":600,"height":459,"url":"https:\/\/lospoliticosveracruz.com\/wp-content\/uploads\/2019\/01\/AMLO-IMSS.jpg","type":"image\/jpeg"}],"author":"Lo viste en Los Pol\u00edticos","twitter_card":"summary_large_image","twitter_creator":"@LosPoliticosVer","twitter_site":"@LosPoliticosVer","twitter_misc":{"Escrito por":"Lo viste en Los Pol\u00edticos","Tiempo de lectura":"7 minutos"},"schema":{"@context":"https:\/\/schema.org","@graph":[{"@type":"Article","@id":"https:\/\/lospoliticosveracruz.com\/?p=46306#article","isPartOf":{"@id":"https:\/\/lospoliticosveracruz.com\/?p=46306"},"author":{"name":"Lo viste en Los Pol\u00edticos","@id":"https:\/\/lospoliticosveracruz.com\/#\/schema\/person\/b8702bb0e538456e6efd07080bf2a4a2"},"headline":"IMSS, Bienestar para toda la vida: AMLO y Mart\u00ednez C\u00e1zares","datePublished":"2019-01-04T03:51:58+00:00","mainEntityOfPage":{"@id":"https:\/\/lospoliticosveracruz.com\/?p=46306"},"wordCount":1505,"commentCount":0,"publisher":{"@id":"https:\/\/lospoliticosveracruz.com\/#organization"},"image":{"@id":"https:\/\/lospoliticosveracruz.com\/?p=46306#primaryimage"},"thumbnailUrl":"https:\/\/lospoliticosveracruz.com\/wp-content\/uploads\/2019\/01\/AMLO-IMSS.jpg","keywords":["Andr\u00e9s Manuel L\u00f3pez Obrador","Chiapas","Germ\u00e1n Mart\u00ednez C\u00e1zares","IMSS","IMSS-Bienestar","M\u00e9xico","Oaxaca","Silvano Aureoles Conejo","Tabasco","Veracruz"],"articleSection":["De Boleto"],"inLanguage":"es","potentialAction":[{"@type":"CommentAction","name":"Comment","target":["https:\/\/lospoliticosveracruz.com\/?p=46306#respond"]}]},{"@type":"WebPage","@id":"https:\/\/lospoliticosveracruz.com\/?p=46306","url":"https:\/\/lospoliticosveracruz.com\/?p=46306","name":"IMSS, Bienestar para toda la vida: AMLO y Mart\u00ednez C\u00e1zares - Los pol\u00edticos Veracruz","isPartOf":{"@id":"https:\/\/lospoliticosveracruz.com\/#website"},"primaryImageOfPage":{"@id":"https:\/\/lospoliticosveracruz.com\/?p=46306#primaryimage"},"image":{"@id":"https:\/\/lospoliticosveracruz.com\/?p=46306#primaryimage"},"thumbnailUrl":"https:\/\/lospoliticosveracruz.com\/wp-content\/uploads\/2019\/01\/AMLO-IMSS.jpg","datePublished":"2019-01-04T03:51:58+00:00","breadcrumb":{"@id":"https:\/\/lospoliticosveracruz.com\/?p=46306#breadcrumb"},"inLanguage":"es","potentialAction":[{"@type":"ReadAction","target":["https:\/\/lospoliticosveracruz.com\/?p=46306"]}]},{"@type":"ImageObject","inLanguage":"es","@id":"https:\/\/lospoliticosveracruz.com\/?p=46306#primaryimage","url":"https:\/\/lospoliticosveracruz.com\/wp-content\/uploads\/2019\/01\/AMLO-IMSS.jpg","contentUrl":"https:\/\/lospoliticosveracruz.com\/wp-content\/uploads\/2019\/01\/AMLO-IMSS.jpg","width":600,"height":459},{"@type":"BreadcrumbList","@id":"https:\/\/lospoliticosveracruz.com\/?p=46306#breadcrumb","itemListElement":[{"@type":"ListItem","position":1,"name":"Portada","item":"https:\/\/lospoliticosveracruz.com\/"},{"@type":"ListItem","position":2,"name":"IMSS, Bienestar para toda la vida: AMLO y Mart\u00ednez C\u00e1zares"}]},{"@type":"WebSite","@id":"https:\/\/lospoliticosveracruz.com\/#website","url":"https:\/\/lospoliticosveracruz.com\/","name":"Los pol\u00edticos Veracruz","description":"","publisher":{"@id":"https:\/\/lospoliticosveracruz.com\/#organization"},"potentialAction":[{"@type":"SearchAction","target":{"@type":"EntryPoint","urlTemplate":"https:\/\/lospoliticosveracruz.com\/?s={search_term_string}"},"query-input":{"@type":"PropertyValueSpecification","valueRequired":true,"valueName":"search_term_string"}}],"inLanguage":"es"},{"@type":"Organization","@id":"https:\/\/lospoliticosveracruz.com\/#organization","name":"Los pol\u00edticos Veracruz","url":"https:\/\/lospoliticosveracruz.com\/","logo":{"@type":"ImageObject","inLanguage":"es","@id":"https:\/\/lospoliticosveracruz.com\/#\/schema\/logo\/image\/","url":"https:\/\/lospoliticosveracruz.com\/wp-content\/uploads\/2025\/12\/Logo-Nuevo-LOS-POLITICOS-1.jpg","contentUrl":"https:\/\/lospoliticosveracruz.com\/wp-content\/uploads\/2025\/12\/Logo-Nuevo-LOS-POLITICOS-1.jpg","width":260,"height":70,"caption":"Los pol\u00edticos Veracruz"},"image":{"@id":"https:\/\/lospoliticosveracruz.com\/#\/schema\/logo\/image\/"},"sameAs":["https:\/\/www.facebook.com\/people\/Notimemes-de-los-Polticos\/61565672886568\/","https:\/\/x.com\/LosPoliticosVer"]},{"@type":"Person","@id":"https:\/\/lospoliticosveracruz.com\/#\/schema\/person\/b8702bb0e538456e6efd07080bf2a4a2","name":"Lo viste en Los Pol\u00edticos","image":{"@type":"ImageObject","inLanguage":"es","@id":"https:\/\/secure.gravatar.com\/avatar\/3a8de04a2656d44082be478bd6c086daa447c4651605818287b9532d3d0bd435?s=96&d=mm&r=g","url":"https:\/\/secure.gravatar.com\/avatar\/3a8de04a2656d44082be478bd6c086daa447c4651605818287b9532d3d0bd435?s=96&d=mm&r=g","contentUrl":"https:\/\/secure.gravatar.com\/avatar\/3a8de04a2656d44082be478bd6c086daa447c4651605818287b9532d3d0bd435?s=96&d=mm&r=g","caption":"Lo viste en Los Pol\u00edticos"},"url":"https:\/\/lospoliticosveracruz.com\/?author=2"}]}},"_links":{"self":[{"href":"https:\/\/lospoliticosveracruz.com\/index.php?rest_route=\/wp\/v2\/posts\/46306","targetHints":{"allow":["GET"]}}],"collection":[{"href":"https:\/\/lospoliticosveracruz.com\/index.php?rest_route=\/wp\/v2\/posts"}],"about":[{"href":"https:\/\/lospoliticosveracruz.com\/index.php?rest_route=\/wp\/v2\/types\/post"}],"author":[{"embeddable":true,"href":"https:\/\/lospoliticosveracruz.com\/index.php?rest_route=\/wp\/v2\/users\/2"}],"replies":[{"embeddable":true,"href":"https:\/\/lospoliticosveracruz.com\/index.php?rest_route=%2Fwp%2Fv2%2Fcomments&post=46306"}],"version-history":[{"count":1,"href":"https:\/\/lospoliticosveracruz.com\/index.php?rest_route=\/wp\/v2\/posts\/46306\/revisions"}],"predecessor-version":[{"id":46308,"href":"https:\/\/lospoliticosveracruz.com\/index.php?rest_route=\/wp\/v2\/posts\/46306\/revisions\/46308"}],"wp:featuredmedia":[{"embeddable":true,"href":"https:\/\/lospoliticosveracruz.com\/index.php?rest_route=\/wp\/v2\/media\/46307"}],"wp:attachment":[{"href":"https:\/\/lospoliticosveracruz.com\/index.php?rest_route=%2Fwp%2Fv2%2Fmedia&parent=46306"}],"wp:term":[{"taxonomy":"category","embeddable":true,"href":"https:\/\/lospoliticosveracruz.com\/index.php?rest_route=%2Fwp%2Fv2%2Fcategories&post=46306"},{"taxonomy":"post_tag","embeddable":true,"href":"https:\/\/lospoliticosveracruz.com\/index.php?rest_route=%2Fwp%2Fv2%2Ftags&post=46306"}],"curies":[{"name":"wp","href":"https:\/\/api.w.org\/{rel}","templated":true}]}}