{"id":46366,"date":"2019-01-09T23:00:51","date_gmt":"2019-01-10T05:00:51","guid":{"rendered":"http:\/\/www.lospoliticosveracruz.com.mx\/?p=46366"},"modified":"2019-01-10T06:39:04","modified_gmt":"2019-01-10T12:39:04","slug":"gasolina-el-mensaje-equivocado-de-amlo","status":"publish","type":"post","link":"https:\/\/lospoliticosveracruz.com\/?p=46366","title":{"rendered":"Gasolina: El mensaje equivocado de AMLO"},"content":{"rendered":"<p><strong>Salvador Mu\u00f1oz<\/strong><\/p>\n<p><em>Los Pol\u00edticos<\/em><\/p>\n<p><span style=\"font-weight: 400;\">Me chuto el ma\u00f1anero como Dios manda y\u2026 \u00bfqu\u00e9? \u00a1hijos! \u00a1luego-luego la maldita envidia aflora en ustedes! \u00bfCreen que lo hago por placer? \u00a1No! a veces, la verdad, me da hasta hueva, pero la Mujer insiste e insiste: \u201c\u00a1\u00c1ndale! \u00a1por favor! \u00a1no seas malo!\u201d y con tal de que se vaya contenta al trabajo, cojo y pongo MVS para escuchar el reporte ma\u00f1anero de Andr\u00e9s Manuel L\u00f3pez Obrador y todo, porque a la Mujer le gusta que intercambiemos puntos de vista. Pues ya escuchamos que pide el Pejedente a la gente que lo ayuden, \u00bfc\u00f3mo? \u201cactuando con prudencia, serenidad, sin caer en p\u00e1nico, sin hacer caso a informaci\u00f3n alarmista, tendenciosa, de quienes de manera directa o indirecta est\u00e1n a favor de este r\u00e9gimen corrupto que est\u00e1 ya a punto de acabarse\u201d&#8230;<\/span><\/p>\n<p><span style=\"font-weight: 400;\">\u00bfA punto de acabarse? \u00bfQu\u00e9 no ocurri\u00f3 el pasado primero de julio? \u00bfO el primero de diciembre?<\/span><\/p>\n<p><span style=\"font-weight: 400;\">\u2013\u00a1Shhh!\u2013 me pide amablemente la Mujer que guarde silencio mientras escucha al Pejedente: \u201cVamos a estar informando de este tema todos los d\u00edas y vamos a pedir la colaboraci\u00f3n, el apoyo de todos los ciudadanos, ya estamos hablando con transportistas para que nos ayuden; aprovecho para convocarlos para que nos ayuden y sobre todo pedir a ciudadanos su apoyo y su respaldo, si no es tan urgente ir a la gasoliner\u00eda a cargar, que nos esperen y con eso nos ayudan bastante\u201d.<\/span><\/p>\n<p><span style=\"font-weight: 400;\">Ya la Mujer agarra sus cosas y con un pie fuera de la casa, recibo la \u00faltima instrucci\u00f3n antes de que parta al trabajo: \u201c\u00a1Cargas gasolina!\u201d<\/span><\/p>\n<p><span style=\"font-weight: 400;\">As\u00ed como el Condorito que me voy pa\u2019tr\u00e1s: \u00a1plop!<\/span><\/p>\n<p><span style=\"font-weight: 400;\">\u2013\u00a1Ves y no ves! \u00bfQue no o\u00edste que el Pejedente nos pide ayuda?<\/span><\/p>\n<p><span style=\"font-weight: 400;\">\u2013Pues tienes dos rayitas de gasolina\u2013 que es un equivalente a que en cuanto salga, andar\u00e9 con menos de un cuarto en el tanque\u2026 ara\u00f1ando la reserva.<\/span><\/p>\n<p><span style=\"font-weight: 400;\">S\u00ed, el tema en la casa ha sido la gasolina\u2026 recuerdo cuando con 100 pesitos llenaba mi tanque\u2026 bueno, pero tra\u00eda motocicleta; pero la Mujer si bien nos va, le tiene que meter a su carro unos 400 pesos cada siete o 10 d\u00edas, seg\u00fan su actividad entre semana. Yo, como la mayor parte de mi trabajo lo desarrollo en casa (lavar pisos, trastes, barrer, cocinar, dicen algunos amigos), a la quincena le meto 200 pesitos y eso, para que se llene medio tanque\u2026<\/span><\/p>\n<p><span style=\"font-weight: 400;\">Hasta el momento, nuestra \u00fanica preocupaci\u00f3n en torno a la gasolina es su costo\u2026 no si hay o no abastecimiento.<\/span><\/p>\n<p><span style=\"font-weight: 400;\">Antes del mediod\u00eda llego a la gasolinera donde por lo regular cargo\u2026 s\u00ed, hay movimiento, pero es el usual as\u00ed que no tardo ni cinco minutos y veo que mis 200 pesitos siguen cubriendo el medio tanque de mi carrito.<\/span><\/p>\n<p><span style=\"font-weight: 400;\">El pasado martes, platicaba con parientes de la Ciudad de M\u00e9xico\u2026 ellos ya viv\u00edan su Apocalipsis Gasolinero y uno de ellos me preguntaba si no hab\u00eda \u201cdesabasto\u201d en Veracruz: \u201c\u00a1Qu\u00e9 te pasa!, si ac\u00e1 no hay huachicoleros\u201d, le respond\u00ed en broma\u2026<\/span><\/p>\n<p><span style=\"font-weight: 400;\">y digo en broma porque recuerdo que de Mina y Tuxpan salen dos arterias, casi car\u00f3tidas o femorales que transportan combustible por los estados de Puebla, Tlaxcala, Estado de M\u00e9xico y Ciudad de M\u00e9xico. Dichas arterias son fuente de abastecimiento para lo que en mis tiempos eran conocidos como \u201cChupaductos\u201d y hoy les dicen \u201cHuachicoleros\u201d.<\/span><\/p>\n<p><span style=\"font-weight: 400;\">\u00bfY por qu\u00e9 no hay desabasto ac\u00e1 en Veracruz cuando es una zona de inminente riesgo? <\/span><span style=\"font-weight: 400;\">\u00a1Qui\u00e9n sabe pero qu\u00e9 bueno! Ya tenemos bastante con despedidos, ejecutados, mutilados, feminicidios \u00bfy todav\u00eda arruinarle el Sabadaba que vive Cuitl\u00e1huac hasta estos d\u00edas con desabasto de gasolina? \u00a1ser\u00eda el colmo!<\/span><\/p>\n<p><span style=\"font-weight: 400;\">\u00bfY Puebla? \u00a1Que dicen que all\u00e1 tampoco hay desabasto! \u00a1Ah, jijos! \u00a1si all\u00e1 es el Ed\u00e9n de los Huachicoleros! Pues qu\u00e9 bueno que no hay desabasto&#8230; \u00bfse imaginan si los agarran sin gasolina el d\u00eda de las elecciones?<\/span><\/p>\n<p><span style=\"font-weight: 400;\">Al final, les dije, cargu\u00e9 sin ning\u00fan problema gasolina, aunque eso poco le import\u00f3 a la Mujer, que sin m\u00e1s, cuando le dije que cargu\u00e9 combustible tal como me lo dijo el Pejedente, me respondi\u00f3: \u201cCreo que L\u00f3pez Obrador se equivoca en su mensaje al llamar a los ciudadanos que se tranquilicen y no compren combustible por p\u00e1nico\u2026 el mensaje debe ser para los que les compran a los huachicoleros\u2026 sin demanda no hay oferta\u201d&#8230; con esas formas de ver las cosas, como que ya le voy tomando gusto a echarme los ma\u00f1aneros con la Mujer\u2026<\/span><\/p>\n<p>&nbsp;<\/p>\n<p><span style=\"font-weight: 400;\">smcainito@gmail.com<\/span><\/p>\n<p>&nbsp;<\/p>\n","protected":false},"excerpt":{"rendered":"<p>Salvador Mu\u00f1oz Los Pol\u00edticos Me chuto el ma\u00f1anero como Dios manda y\u2026 \u00bfqu\u00e9? \u00a1hijos! \u00a1luego-luego la maldita envidia aflora en ustedes! \u00bfCreen que lo hago por placer? \u00a1No! a veces, la verdad, me da hasta hueva, pero la Mujer insiste e insiste: \u201c\u00a1\u00c1ndale! \u00a1por favor! \u00a1no seas malo!\u201d y con tal de que se vaya [&hellip;]<\/p>\n","protected":false},"author":2,"featured_media":46367,"comment_status":"open","ping_status":"open","sticky":false,"template":"","format":"standard","meta":{"tdm_status":"","tdm_grid_status":"","footnotes":""},"categories":[70],"tags":[3795,371,378,1351,8252,373,13511,3132,4348,195],"class_list":{"0":"post-46366","1":"post","2":"type-post","3":"status-publish","4":"format-standard","5":"has-post-thumbnail","7":"category-de-opinion","8":"tag-ciudad-de-mexico","9":"tag-coatzacoalcos","10":"tag-estado-de-mexico","11":"tag-gasolina","12":"tag-huachicoleros","13":"tag-minatitlan","14":"tag-pejedente","15":"tag-puebla","16":"tag-tlaxcala","17":"tag-veracruz"},"yoast_head":"<!-- This site is optimized with the Yoast SEO plugin v27.4 - https:\/\/yoast.com\/product\/yoast-seo-wordpress\/ -->\n<title>Gasolina: El mensaje equivocado de AMLO - Los pol\u00edticos Veracruz<\/title>\n<meta name=\"robots\" content=\"index, follow, max-snippet:-1, max-image-preview:large, max-video-preview:-1\" \/>\n<link rel=\"canonical\" href=\"https:\/\/lospoliticosveracruz.com\/?p=46366\" \/>\n<meta property=\"og:locale\" content=\"es_ES\" \/>\n<meta property=\"og:type\" content=\"article\" \/>\n<meta property=\"og:title\" content=\"Gasolina: El mensaje equivocado de AMLO - Los pol\u00edticos Veracruz\" \/>\n<meta property=\"og:description\" content=\"Salvador Mu\u00f1oz Los Pol\u00edticos Me chuto el ma\u00f1anero como Dios manda y\u2026 \u00bfqu\u00e9? \u00a1hijos! \u00a1luego-luego la maldita envidia aflora en ustedes! \u00bfCreen que lo hago por placer? \u00a1No! a veces, la verdad, me da hasta hueva, pero la Mujer insiste e insiste: \u201c\u00a1\u00c1ndale! \u00a1por favor! \u00a1no seas malo!\u201d y con tal de que se vaya [&hellip;]\" \/>\n<meta property=\"og:url\" content=\"https:\/\/lospoliticosveracruz.com\/?p=46366\" \/>\n<meta property=\"og:site_name\" content=\"Los pol\u00edticos Veracruz\" \/>\n<meta property=\"article:publisher\" content=\"https:\/\/www.facebook.com\/people\/Notimemes-de-los-Polticos\/61565672886568\/\" \/>\n<meta property=\"article:published_time\" content=\"2019-01-10T05:00:51+00:00\" \/>\n<meta property=\"article:modified_time\" content=\"2019-01-10T12:39:04+00:00\" \/>\n<meta property=\"og:image\" content=\"https:\/\/lospoliticosveracruz.com\/wp-content\/uploads\/2019\/01\/AMLOgasolina.jpg\" \/>\n\t<meta property=\"og:image:width\" content=\"600\" \/>\n\t<meta property=\"og:image:height\" content=\"336\" \/>\n\t<meta property=\"og:image:type\" content=\"image\/jpeg\" \/>\n<meta name=\"author\" content=\"Lo viste en Los Pol\u00edticos\" \/>\n<meta name=\"twitter:card\" content=\"summary_large_image\" \/>\n<meta name=\"twitter:creator\" content=\"@LosPoliticosVer\" \/>\n<meta name=\"twitter:site\" content=\"@LosPoliticosVer\" \/>\n<meta name=\"twitter:label1\" content=\"Escrito por\" \/>\n\t<meta name=\"twitter:data1\" content=\"Lo viste en Los Pol\u00edticos\" \/>\n\t<meta name=\"twitter:label2\" content=\"Tiempo de lectura\" \/>\n\t<meta name=\"twitter:data2\" content=\"4 minutos\" \/>\n<script type=\"application\/ld+json\" class=\"yoast-schema-graph\">{\"@context\":\"https:\\\/\\\/schema.org\",\"@graph\":[{\"@type\":\"Article\",\"@id\":\"https:\\\/\\\/lospoliticosveracruz.com\\\/?p=46366#article\",\"isPartOf\":{\"@id\":\"https:\\\/\\\/lospoliticosveracruz.com\\\/?p=46366\"},\"author\":{\"name\":\"Lo viste en Los Pol\u00edticos\",\"@id\":\"https:\\\/\\\/lospoliticosveracruz.com\\\/#\\\/schema\\\/person\\\/b8702bb0e538456e6efd07080bf2a4a2\"},\"headline\":\"Gasolina: El mensaje equivocado de AMLO\",\"datePublished\":\"2019-01-10T05:00:51+00:00\",\"dateModified\":\"2019-01-10T12:39:04+00:00\",\"mainEntityOfPage\":{\"@id\":\"https:\\\/\\\/lospoliticosveracruz.com\\\/?p=46366\"},\"wordCount\":778,\"commentCount\":0,\"publisher\":{\"@id\":\"https:\\\/\\\/lospoliticosveracruz.com\\\/#organization\"},\"image\":{\"@id\":\"https:\\\/\\\/lospoliticosveracruz.com\\\/?p=46366#primaryimage\"},\"thumbnailUrl\":\"https:\\\/\\\/lospoliticosveracruz.com\\\/wp-content\\\/uploads\\\/2019\\\/01\\\/AMLOgasolina.jpg\",\"keywords\":[\"Ciudad de M\u00e9xico\",\"Coatzacoalcos\",\"Estado de M\u00e9xico\",\"gasolina\",\"Huachicoleros\",\"Minatitl\u00e1n\",\"Pejedente\",\"Puebla\",\"Tlaxcala\",\"Veracruz\"],\"articleSection\":[\"De Opini\u00f3n\"],\"inLanguage\":\"es\",\"potentialAction\":[{\"@type\":\"CommentAction\",\"name\":\"Comment\",\"target\":[\"https:\\\/\\\/lospoliticosveracruz.com\\\/?p=46366#respond\"]}]},{\"@type\":\"WebPage\",\"@id\":\"https:\\\/\\\/lospoliticosveracruz.com\\\/?p=46366\",\"url\":\"https:\\\/\\\/lospoliticosveracruz.com\\\/?p=46366\",\"name\":\"Gasolina: El mensaje equivocado de AMLO - Los pol\u00edticos Veracruz\",\"isPartOf\":{\"@id\":\"https:\\\/\\\/lospoliticosveracruz.com\\\/#website\"},\"primaryImageOfPage\":{\"@id\":\"https:\\\/\\\/lospoliticosveracruz.com\\\/?p=46366#primaryimage\"},\"image\":{\"@id\":\"https:\\\/\\\/lospoliticosveracruz.com\\\/?p=46366#primaryimage\"},\"thumbnailUrl\":\"https:\\\/\\\/lospoliticosveracruz.com\\\/wp-content\\\/uploads\\\/2019\\\/01\\\/AMLOgasolina.jpg\",\"datePublished\":\"2019-01-10T05:00:51+00:00\",\"dateModified\":\"2019-01-10T12:39:04+00:00\",\"breadcrumb\":{\"@id\":\"https:\\\/\\\/lospoliticosveracruz.com\\\/?p=46366#breadcrumb\"},\"inLanguage\":\"es\",\"potentialAction\":[{\"@type\":\"ReadAction\",\"target\":[\"https:\\\/\\\/lospoliticosveracruz.com\\\/?p=46366\"]}]},{\"@type\":\"ImageObject\",\"inLanguage\":\"es\",\"@id\":\"https:\\\/\\\/lospoliticosveracruz.com\\\/?p=46366#primaryimage\",\"url\":\"https:\\\/\\\/lospoliticosveracruz.com\\\/wp-content\\\/uploads\\\/2019\\\/01\\\/AMLOgasolina.jpg\",\"contentUrl\":\"https:\\\/\\\/lospoliticosveracruz.com\\\/wp-content\\\/uploads\\\/2019\\\/01\\\/AMLOgasolina.jpg\",\"width\":600,\"height\":336},{\"@type\":\"BreadcrumbList\",\"@id\":\"https:\\\/\\\/lospoliticosveracruz.com\\\/?p=46366#breadcrumb\",\"itemListElement\":[{\"@type\":\"ListItem\",\"position\":1,\"name\":\"Portada\",\"item\":\"https:\\\/\\\/lospoliticosveracruz.com\\\/\"},{\"@type\":\"ListItem\",\"position\":2,\"name\":\"Gasolina: El mensaje equivocado de AMLO\"}]},{\"@type\":\"WebSite\",\"@id\":\"https:\\\/\\\/lospoliticosveracruz.com\\\/#website\",\"url\":\"https:\\\/\\\/lospoliticosveracruz.com\\\/\",\"name\":\"Los pol\u00edticos Veracruz\",\"description\":\"\",\"publisher\":{\"@id\":\"https:\\\/\\\/lospoliticosveracruz.com\\\/#organization\"},\"potentialAction\":[{\"@type\":\"SearchAction\",\"target\":{\"@type\":\"EntryPoint\",\"urlTemplate\":\"https:\\\/\\\/lospoliticosveracruz.com\\\/?s={search_term_string}\"},\"query-input\":{\"@type\":\"PropertyValueSpecification\",\"valueRequired\":true,\"valueName\":\"search_term_string\"}}],\"inLanguage\":\"es\"},{\"@type\":\"Organization\",\"@id\":\"https:\\\/\\\/lospoliticosveracruz.com\\\/#organization\",\"name\":\"Los pol\u00edticos Veracruz\",\"url\":\"https:\\\/\\\/lospoliticosveracruz.com\\\/\",\"logo\":{\"@type\":\"ImageObject\",\"inLanguage\":\"es\",\"@id\":\"https:\\\/\\\/lospoliticosveracruz.com\\\/#\\\/schema\\\/logo\\\/image\\\/\",\"url\":\"https:\\\/\\\/lospoliticosveracruz.com\\\/wp-content\\\/uploads\\\/2025\\\/12\\\/Logo-Nuevo-LOS-POLITICOS-1.jpg\",\"contentUrl\":\"https:\\\/\\\/lospoliticosveracruz.com\\\/wp-content\\\/uploads\\\/2025\\\/12\\\/Logo-Nuevo-LOS-POLITICOS-1.jpg\",\"width\":260,\"height\":70,\"caption\":\"Los pol\u00edticos Veracruz\"},\"image\":{\"@id\":\"https:\\\/\\\/lospoliticosveracruz.com\\\/#\\\/schema\\\/logo\\\/image\\\/\"},\"sameAs\":[\"https:\\\/\\\/www.facebook.com\\\/people\\\/Notimemes-de-los-Polticos\\\/61565672886568\\\/\",\"https:\\\/\\\/x.com\\\/LosPoliticosVer\"]},{\"@type\":\"Person\",\"@id\":\"https:\\\/\\\/lospoliticosveracruz.com\\\/#\\\/schema\\\/person\\\/b8702bb0e538456e6efd07080bf2a4a2\",\"name\":\"Lo viste en Los Pol\u00edticos\",\"image\":{\"@type\":\"ImageObject\",\"inLanguage\":\"es\",\"@id\":\"https:\\\/\\\/secure.gravatar.com\\\/avatar\\\/3a8de04a2656d44082be478bd6c086daa447c4651605818287b9532d3d0bd435?s=96&d=mm&r=g\",\"url\":\"https:\\\/\\\/secure.gravatar.com\\\/avatar\\\/3a8de04a2656d44082be478bd6c086daa447c4651605818287b9532d3d0bd435?s=96&d=mm&r=g\",\"contentUrl\":\"https:\\\/\\\/secure.gravatar.com\\\/avatar\\\/3a8de04a2656d44082be478bd6c086daa447c4651605818287b9532d3d0bd435?s=96&d=mm&r=g\",\"caption\":\"Lo viste en Los Pol\u00edticos\"},\"url\":\"https:\\\/\\\/lospoliticosveracruz.com\\\/?author=2\"}]}<\/script>\n<!-- \/ Yoast SEO plugin. -->","yoast_head_json":{"title":"Gasolina: El mensaje equivocado de AMLO - Los pol\u00edticos Veracruz","robots":{"index":"index","follow":"follow","max-snippet":"max-snippet:-1","max-image-preview":"max-image-preview:large","max-video-preview":"max-video-preview:-1"},"canonical":"https:\/\/lospoliticosveracruz.com\/?p=46366","og_locale":"es_ES","og_type":"article","og_title":"Gasolina: El mensaje equivocado de AMLO - Los pol\u00edticos Veracruz","og_description":"Salvador Mu\u00f1oz Los Pol\u00edticos Me chuto el ma\u00f1anero como Dios manda y\u2026 \u00bfqu\u00e9? \u00a1hijos! \u00a1luego-luego la maldita envidia aflora en ustedes! \u00bfCreen que lo hago por placer? \u00a1No! a veces, la verdad, me da hasta hueva, pero la Mujer insiste e insiste: \u201c\u00a1\u00c1ndale! \u00a1por favor! \u00a1no seas malo!\u201d y con tal de que se vaya [&hellip;]","og_url":"https:\/\/lospoliticosveracruz.com\/?p=46366","og_site_name":"Los pol\u00edticos Veracruz","article_publisher":"https:\/\/www.facebook.com\/people\/Notimemes-de-los-Polticos\/61565672886568\/","article_published_time":"2019-01-10T05:00:51+00:00","article_modified_time":"2019-01-10T12:39:04+00:00","og_image":[{"width":600,"height":336,"url":"https:\/\/lospoliticosveracruz.com\/wp-content\/uploads\/2019\/01\/AMLOgasolina.jpg","type":"image\/jpeg"}],"author":"Lo viste en Los Pol\u00edticos","twitter_card":"summary_large_image","twitter_creator":"@LosPoliticosVer","twitter_site":"@LosPoliticosVer","twitter_misc":{"Escrito por":"Lo viste en Los Pol\u00edticos","Tiempo de lectura":"4 minutos"},"schema":{"@context":"https:\/\/schema.org","@graph":[{"@type":"Article","@id":"https:\/\/lospoliticosveracruz.com\/?p=46366#article","isPartOf":{"@id":"https:\/\/lospoliticosveracruz.com\/?p=46366"},"author":{"name":"Lo viste en Los Pol\u00edticos","@id":"https:\/\/lospoliticosveracruz.com\/#\/schema\/person\/b8702bb0e538456e6efd07080bf2a4a2"},"headline":"Gasolina: El mensaje equivocado de AMLO","datePublished":"2019-01-10T05:00:51+00:00","dateModified":"2019-01-10T12:39:04+00:00","mainEntityOfPage":{"@id":"https:\/\/lospoliticosveracruz.com\/?p=46366"},"wordCount":778,"commentCount":0,"publisher":{"@id":"https:\/\/lospoliticosveracruz.com\/#organization"},"image":{"@id":"https:\/\/lospoliticosveracruz.com\/?p=46366#primaryimage"},"thumbnailUrl":"https:\/\/lospoliticosveracruz.com\/wp-content\/uploads\/2019\/01\/AMLOgasolina.jpg","keywords":["Ciudad de M\u00e9xico","Coatzacoalcos","Estado de M\u00e9xico","gasolina","Huachicoleros","Minatitl\u00e1n","Pejedente","Puebla","Tlaxcala","Veracruz"],"articleSection":["De Opini\u00f3n"],"inLanguage":"es","potentialAction":[{"@type":"CommentAction","name":"Comment","target":["https:\/\/lospoliticosveracruz.com\/?p=46366#respond"]}]},{"@type":"WebPage","@id":"https:\/\/lospoliticosveracruz.com\/?p=46366","url":"https:\/\/lospoliticosveracruz.com\/?p=46366","name":"Gasolina: El mensaje equivocado de AMLO - Los pol\u00edticos Veracruz","isPartOf":{"@id":"https:\/\/lospoliticosveracruz.com\/#website"},"primaryImageOfPage":{"@id":"https:\/\/lospoliticosveracruz.com\/?p=46366#primaryimage"},"image":{"@id":"https:\/\/lospoliticosveracruz.com\/?p=46366#primaryimage"},"thumbnailUrl":"https:\/\/lospoliticosveracruz.com\/wp-content\/uploads\/2019\/01\/AMLOgasolina.jpg","datePublished":"2019-01-10T05:00:51+00:00","dateModified":"2019-01-10T12:39:04+00:00","breadcrumb":{"@id":"https:\/\/lospoliticosveracruz.com\/?p=46366#breadcrumb"},"inLanguage":"es","potentialAction":[{"@type":"ReadAction","target":["https:\/\/lospoliticosveracruz.com\/?p=46366"]}]},{"@type":"ImageObject","inLanguage":"es","@id":"https:\/\/lospoliticosveracruz.com\/?p=46366#primaryimage","url":"https:\/\/lospoliticosveracruz.com\/wp-content\/uploads\/2019\/01\/AMLOgasolina.jpg","contentUrl":"https:\/\/lospoliticosveracruz.com\/wp-content\/uploads\/2019\/01\/AMLOgasolina.jpg","width":600,"height":336},{"@type":"BreadcrumbList","@id":"https:\/\/lospoliticosveracruz.com\/?p=46366#breadcrumb","itemListElement":[{"@type":"ListItem","position":1,"name":"Portada","item":"https:\/\/lospoliticosveracruz.com\/"},{"@type":"ListItem","position":2,"name":"Gasolina: El mensaje equivocado de AMLO"}]},{"@type":"WebSite","@id":"https:\/\/lospoliticosveracruz.com\/#website","url":"https:\/\/lospoliticosveracruz.com\/","name":"Los pol\u00edticos Veracruz","description":"","publisher":{"@id":"https:\/\/lospoliticosveracruz.com\/#organization"},"potentialAction":[{"@type":"SearchAction","target":{"@type":"EntryPoint","urlTemplate":"https:\/\/lospoliticosveracruz.com\/?s={search_term_string}"},"query-input":{"@type":"PropertyValueSpecification","valueRequired":true,"valueName":"search_term_string"}}],"inLanguage":"es"},{"@type":"Organization","@id":"https:\/\/lospoliticosveracruz.com\/#organization","name":"Los pol\u00edticos Veracruz","url":"https:\/\/lospoliticosveracruz.com\/","logo":{"@type":"ImageObject","inLanguage":"es","@id":"https:\/\/lospoliticosveracruz.com\/#\/schema\/logo\/image\/","url":"https:\/\/lospoliticosveracruz.com\/wp-content\/uploads\/2025\/12\/Logo-Nuevo-LOS-POLITICOS-1.jpg","contentUrl":"https:\/\/lospoliticosveracruz.com\/wp-content\/uploads\/2025\/12\/Logo-Nuevo-LOS-POLITICOS-1.jpg","width":260,"height":70,"caption":"Los pol\u00edticos Veracruz"},"image":{"@id":"https:\/\/lospoliticosveracruz.com\/#\/schema\/logo\/image\/"},"sameAs":["https:\/\/www.facebook.com\/people\/Notimemes-de-los-Polticos\/61565672886568\/","https:\/\/x.com\/LosPoliticosVer"]},{"@type":"Person","@id":"https:\/\/lospoliticosveracruz.com\/#\/schema\/person\/b8702bb0e538456e6efd07080bf2a4a2","name":"Lo viste en Los Pol\u00edticos","image":{"@type":"ImageObject","inLanguage":"es","@id":"https:\/\/secure.gravatar.com\/avatar\/3a8de04a2656d44082be478bd6c086daa447c4651605818287b9532d3d0bd435?s=96&d=mm&r=g","url":"https:\/\/secure.gravatar.com\/avatar\/3a8de04a2656d44082be478bd6c086daa447c4651605818287b9532d3d0bd435?s=96&d=mm&r=g","contentUrl":"https:\/\/secure.gravatar.com\/avatar\/3a8de04a2656d44082be478bd6c086daa447c4651605818287b9532d3d0bd435?s=96&d=mm&r=g","caption":"Lo viste en Los Pol\u00edticos"},"url":"https:\/\/lospoliticosveracruz.com\/?author=2"}]}},"_links":{"self":[{"href":"https:\/\/lospoliticosveracruz.com\/index.php?rest_route=\/wp\/v2\/posts\/46366","targetHints":{"allow":["GET"]}}],"collection":[{"href":"https:\/\/lospoliticosveracruz.com\/index.php?rest_route=\/wp\/v2\/posts"}],"about":[{"href":"https:\/\/lospoliticosveracruz.com\/index.php?rest_route=\/wp\/v2\/types\/post"}],"author":[{"embeddable":true,"href":"https:\/\/lospoliticosveracruz.com\/index.php?rest_route=\/wp\/v2\/users\/2"}],"replies":[{"embeddable":true,"href":"https:\/\/lospoliticosveracruz.com\/index.php?rest_route=%2Fwp%2Fv2%2Fcomments&post=46366"}],"version-history":[{"count":1,"href":"https:\/\/lospoliticosveracruz.com\/index.php?rest_route=\/wp\/v2\/posts\/46366\/revisions"}],"predecessor-version":[{"id":46368,"href":"https:\/\/lospoliticosveracruz.com\/index.php?rest_route=\/wp\/v2\/posts\/46366\/revisions\/46368"}],"wp:featuredmedia":[{"embeddable":true,"href":"https:\/\/lospoliticosveracruz.com\/index.php?rest_route=\/wp\/v2\/media\/46367"}],"wp:attachment":[{"href":"https:\/\/lospoliticosveracruz.com\/index.php?rest_route=%2Fwp%2Fv2%2Fmedia&parent=46366"}],"wp:term":[{"taxonomy":"category","embeddable":true,"href":"https:\/\/lospoliticosveracruz.com\/index.php?rest_route=%2Fwp%2Fv2%2Fcategories&post=46366"},{"taxonomy":"post_tag","embeddable":true,"href":"https:\/\/lospoliticosveracruz.com\/index.php?rest_route=%2Fwp%2Fv2%2Ftags&post=46366"}],"curies":[{"name":"wp","href":"https:\/\/api.w.org\/{rel}","templated":true}]}}