{"id":46390,"date":"2019-01-10T21:04:23","date_gmt":"2019-01-11T03:04:23","guid":{"rendered":"http:\/\/www.lospoliticosveracruz.com.mx\/?p=46390"},"modified":"2019-01-10T21:04:23","modified_gmt":"2019-01-11T03:04:23","slug":"gasolina-4t","status":"publish","type":"post","link":"https:\/\/lospoliticosveracruz.com\/?p=46390","title":{"rendered":"Gasolina 4T"},"content":{"rendered":"<p><strong>Felipe de Jes\u00fas Fern\u00e1ndez Basilio<\/strong><\/p>\n<p><em>Desde a Janela<\/em><\/p>\n<p>Antes que nada, les deseo a todos ustedes queridos lectores un feliz y pr\u00f3spero 2019 as\u00ed como que este a\u00f1o sea en todos los aspectos mejor que lo que fuera el anterior.<\/p>\n<p>Sin embargo, para el pa\u00eds el a\u00f1o comienza bajo las consecuencias de un nuevo \u201cerror de diciembre\u201d y aunque esta vez no es financiero, lo cual se agradece, s\u00ed que lo es econ\u00f3mico y es as\u00ed debido a que por una decisi\u00f3n tomada de manera caprichosa como todas las que toma L\u00f3pez, el pa\u00eds se ha quedado casi sin gasolina en las zonas de mayor consumo, lo cual ha comenzado a generar p\u00e9rdidas tanto a la econom\u00eda del pa\u00eds como a la de miles de hogares principalmente en el centro del pa\u00eds.<\/p>\n<p>Consistiendo el capricho en decidir combatir el robo de combustible o \u201chuachicoleo\u201d como com\u00fanmente se le llama cerrando de tajo todos los ductos petroleros y haciendo que el combustible sea transportado por medio de camiones cisterna o pipas desde las refiner\u00edas o puntos de desembarco hasta las gasolineras.<\/p>\n<p>Soluci\u00f3n que es errada debido a que para tapar un hoyo decidieron abrir otro mayor, ya que es cierto que existen unas verdaderas mafias que se roban el combustible y que es necesario combatirlas y de ser posible erradicarlas mas tambi\u00e9n lo es que no es esa la manera de hacerlo, ya que transportar el combustible por medio de pipas resulta mucho m\u00e1s costoso, lento e ineficiente que hacerlo por los ductos.<\/p>\n<p>Y al haberlo hecho as\u00ed dejaron sin combustible a pr\u00e1cticamente todo el centro del pa\u00eds, provocando largas filas de autom\u00f3viles en las gasolineras, as\u00ed como tambi\u00e9n tr\u00e1fico intenso causado por automovilistas desesperados por encontrar una estaci\u00f3n de servicio que les despache el ansiado combustible y eso sin mencionar a todas las empresas y hasta oficinas p\u00fablicas que dejaron de prestar sus servicios a causa del desabasto de gasolina.<\/p>\n<p>Y aunque el gobierno dice que las medidas son transitorias y garantiza que no hay desabasto de combustible, la realidad es a\u00fan m\u00e1s terca que L\u00f3pez y nos demuestra que el problema no solo es el traslado del combustible sino tambi\u00e9n que la capacidad de producci\u00f3n de gasolinas del pa\u00eds es menor que la demanda y por lo mismo, resulta insuficiente para satisfacer a todos los usuarios.<\/p>\n<p>As\u00ed mismo nuestro quijotesco presidente dice que los ductos no se van a abrir hasta que los ladrones dejen de robar el combustible y que a ver qui\u00e9n se cansa primero y me temo que es el gobierno quien se va a cansar primero debido a la presi\u00f3n social que se va a generar en raz\u00f3n de que cada d\u00eda son mayores las porciones del pa\u00eds que se est\u00e1n quedando sin combustible y la falta de pipas para trasladar ese combustible.<\/p>\n<p>Y faltan pipas de gasolina debido a que ese no es un negocio rentable en pleno siglo XXI, ya que los medios de transporte y distribuci\u00f3n de combustible han evolucionado radicalmente y esa manera de transportar el combustible ha quedado anticuada; aunque parece que en la mente decimon\u00f3nica de L\u00f3pez apenas est\u00e1 bien, ya que \u00e9l quisiera transportar el combustible en una recua de mulas tal y como lo hac\u00edan en tiempos de la Reforma.<\/p>\n<p>Mas volviendo al problema del robo de combustible, hay mejores formas de combatirlo sin perjudicar a terceros, combate que se puede hacer incluso cerrando los ductos, nada m\u00e1s que se debi\u00f3 de hacer de manera ordenada y gradual; as\u00ed como investigando policialmente a quienes est\u00e1n amafiados dentro y fuera del gobierno e incrementando los patrullajes.<\/p>\n<p>Ya que la cuesti\u00f3n es solucionar un gran problema que tiene el pa\u00eds mas esa soluci\u00f3n no puede darse si se causan perjuicios a\u00fan mayores que los que se quieren solucionar.<\/p>\n<p>Esperemos que solo se trate de un error de gobierno que es consecuencia de la pr\u00e1ctica que muchos izquierdistas tienen de querer arreglar el mundo por medio de pl\u00e1ticas de caf\u00e9 y que una vez que vean la realidad corrijan el rumbo y solo este episodio quede como una an\u00e9cdota de un \u201cerror de diciembre\u201d o de un gasolinazo al estilo de \u201cla cuarta transformaci\u00f3n\u201d.<\/p>\n<p><a href=\"mailto:felfebas@gmail.com\">felfebas@gmail.com<\/a><\/p>\n<p>Twitter: @FelipeFBasilio<\/p>\n<p>&nbsp;<\/p>\n","protected":false},"excerpt":{"rendered":"<p>Felipe de Jes\u00fas Fern\u00e1ndez Basilio Desde a Janela Antes que nada, les deseo a todos ustedes queridos lectores un feliz y pr\u00f3spero 2019 as\u00ed como que este a\u00f1o sea en todos los aspectos mejor que lo que fuera el anterior. Sin embargo, para el pa\u00eds el a\u00f1o comienza bajo las consecuencias de un nuevo \u201cerror [&hellip;]<\/p>\n","protected":false},"author":2,"featured_media":46391,"comment_status":"open","ping_status":"open","sticky":false,"template":"","format":"standard","meta":{"tdm_status":"","tdm_grid_status":"","footnotes":""},"categories":[70],"tags":[12744,13538,12710,1351,13539],"class_list":{"0":"post-46390","1":"post","2":"type-post","3":"status-publish","4":"format-standard","5":"has-post-thumbnail","7":"category-de-opinion","8":"tag-cuarta-transformacion","9":"tag-error-de-diciembre","10":"tag-felipe-de-jesus-fernandez-basilio","11":"tag-gasolina","12":"tag-huachicoleo"},"yoast_head":"<!-- This site is optimized with the Yoast SEO plugin v27.4 - https:\/\/yoast.com\/product\/yoast-seo-wordpress\/ -->\n<title>Gasolina 4T - Los pol\u00edticos Veracruz<\/title>\n<meta name=\"robots\" content=\"index, follow, max-snippet:-1, max-image-preview:large, max-video-preview:-1\" \/>\n<link rel=\"canonical\" href=\"https:\/\/lospoliticosveracruz.com\/?p=46390\" \/>\n<meta property=\"og:locale\" content=\"es_ES\" \/>\n<meta property=\"og:type\" content=\"article\" \/>\n<meta property=\"og:title\" content=\"Gasolina 4T - Los pol\u00edticos Veracruz\" \/>\n<meta property=\"og:description\" content=\"Felipe de Jes\u00fas Fern\u00e1ndez Basilio Desde a Janela Antes que nada, les deseo a todos ustedes queridos lectores un feliz y pr\u00f3spero 2019 as\u00ed como que este a\u00f1o sea en todos los aspectos mejor que lo que fuera el anterior. Sin embargo, para el pa\u00eds el a\u00f1o comienza bajo las consecuencias de un nuevo \u201cerror [&hellip;]\" \/>\n<meta property=\"og:url\" content=\"https:\/\/lospoliticosveracruz.com\/?p=46390\" \/>\n<meta property=\"og:site_name\" content=\"Los pol\u00edticos Veracruz\" \/>\n<meta property=\"article:publisher\" content=\"https:\/\/www.facebook.com\/people\/Notimemes-de-los-Polticos\/61565672886568\/\" \/>\n<meta property=\"article:published_time\" content=\"2019-01-11T03:04:23+00:00\" \/>\n<meta property=\"og:image\" content=\"https:\/\/lospoliticosveracruz.com\/wp-content\/uploads\/2019\/01\/AMLO.jpg\" \/>\n\t<meta property=\"og:image:width\" content=\"600\" \/>\n\t<meta property=\"og:image:height\" content=\"396\" \/>\n\t<meta property=\"og:image:type\" content=\"image\/jpeg\" \/>\n<meta name=\"author\" content=\"Lo viste en Los Pol\u00edticos\" \/>\n<meta name=\"twitter:card\" content=\"summary_large_image\" \/>\n<meta name=\"twitter:creator\" content=\"@LosPoliticosVer\" \/>\n<meta name=\"twitter:site\" content=\"@LosPoliticosVer\" \/>\n<meta name=\"twitter:label1\" content=\"Escrito por\" \/>\n\t<meta name=\"twitter:data1\" content=\"Lo viste en Los Pol\u00edticos\" \/>\n\t<meta name=\"twitter:label2\" content=\"Tiempo de lectura\" \/>\n\t<meta name=\"twitter:data2\" content=\"4 minutos\" \/>\n<script type=\"application\/ld+json\" class=\"yoast-schema-graph\">{\"@context\":\"https:\\\/\\\/schema.org\",\"@graph\":[{\"@type\":\"Article\",\"@id\":\"https:\\\/\\\/lospoliticosveracruz.com\\\/?p=46390#article\",\"isPartOf\":{\"@id\":\"https:\\\/\\\/lospoliticosveracruz.com\\\/?p=46390\"},\"author\":{\"name\":\"Lo viste en Los Pol\u00edticos\",\"@id\":\"https:\\\/\\\/lospoliticosveracruz.com\\\/#\\\/schema\\\/person\\\/b8702bb0e538456e6efd07080bf2a4a2\"},\"headline\":\"Gasolina 4T\",\"datePublished\":\"2019-01-11T03:04:23+00:00\",\"mainEntityOfPage\":{\"@id\":\"https:\\\/\\\/lospoliticosveracruz.com\\\/?p=46390\"},\"wordCount\":753,\"commentCount\":0,\"publisher\":{\"@id\":\"https:\\\/\\\/lospoliticosveracruz.com\\\/#organization\"},\"image\":{\"@id\":\"https:\\\/\\\/lospoliticosveracruz.com\\\/?p=46390#primaryimage\"},\"thumbnailUrl\":\"https:\\\/\\\/lospoliticosveracruz.com\\\/wp-content\\\/uploads\\\/2019\\\/01\\\/AMLO.jpg\",\"keywords\":[\"Cuarta Transformaci\u00f3n\",\"error de diciembre\",\"Felipe de Jes\u00fas Fern\u00e1ndez Basilio\",\"gasolina\",\"huachicoleo\"],\"articleSection\":[\"De Opini\u00f3n\"],\"inLanguage\":\"es\",\"potentialAction\":[{\"@type\":\"CommentAction\",\"name\":\"Comment\",\"target\":[\"https:\\\/\\\/lospoliticosveracruz.com\\\/?p=46390#respond\"]}]},{\"@type\":\"WebPage\",\"@id\":\"https:\\\/\\\/lospoliticosveracruz.com\\\/?p=46390\",\"url\":\"https:\\\/\\\/lospoliticosveracruz.com\\\/?p=46390\",\"name\":\"Gasolina 4T - Los pol\u00edticos Veracruz\",\"isPartOf\":{\"@id\":\"https:\\\/\\\/lospoliticosveracruz.com\\\/#website\"},\"primaryImageOfPage\":{\"@id\":\"https:\\\/\\\/lospoliticosveracruz.com\\\/?p=46390#primaryimage\"},\"image\":{\"@id\":\"https:\\\/\\\/lospoliticosveracruz.com\\\/?p=46390#primaryimage\"},\"thumbnailUrl\":\"https:\\\/\\\/lospoliticosveracruz.com\\\/wp-content\\\/uploads\\\/2019\\\/01\\\/AMLO.jpg\",\"datePublished\":\"2019-01-11T03:04:23+00:00\",\"breadcrumb\":{\"@id\":\"https:\\\/\\\/lospoliticosveracruz.com\\\/?p=46390#breadcrumb\"},\"inLanguage\":\"es\",\"potentialAction\":[{\"@type\":\"ReadAction\",\"target\":[\"https:\\\/\\\/lospoliticosveracruz.com\\\/?p=46390\"]}]},{\"@type\":\"ImageObject\",\"inLanguage\":\"es\",\"@id\":\"https:\\\/\\\/lospoliticosveracruz.com\\\/?p=46390#primaryimage\",\"url\":\"https:\\\/\\\/lospoliticosveracruz.com\\\/wp-content\\\/uploads\\\/2019\\\/01\\\/AMLO.jpg\",\"contentUrl\":\"https:\\\/\\\/lospoliticosveracruz.com\\\/wp-content\\\/uploads\\\/2019\\\/01\\\/AMLO.jpg\",\"width\":600,\"height\":396},{\"@type\":\"BreadcrumbList\",\"@id\":\"https:\\\/\\\/lospoliticosveracruz.com\\\/?p=46390#breadcrumb\",\"itemListElement\":[{\"@type\":\"ListItem\",\"position\":1,\"name\":\"Portada\",\"item\":\"https:\\\/\\\/lospoliticosveracruz.com\\\/\"},{\"@type\":\"ListItem\",\"position\":2,\"name\":\"Gasolina 4T\"}]},{\"@type\":\"WebSite\",\"@id\":\"https:\\\/\\\/lospoliticosveracruz.com\\\/#website\",\"url\":\"https:\\\/\\\/lospoliticosveracruz.com\\\/\",\"name\":\"Los pol\u00edticos Veracruz\",\"description\":\"\",\"publisher\":{\"@id\":\"https:\\\/\\\/lospoliticosveracruz.com\\\/#organization\"},\"potentialAction\":[{\"@type\":\"SearchAction\",\"target\":{\"@type\":\"EntryPoint\",\"urlTemplate\":\"https:\\\/\\\/lospoliticosveracruz.com\\\/?s={search_term_string}\"},\"query-input\":{\"@type\":\"PropertyValueSpecification\",\"valueRequired\":true,\"valueName\":\"search_term_string\"}}],\"inLanguage\":\"es\"},{\"@type\":\"Organization\",\"@id\":\"https:\\\/\\\/lospoliticosveracruz.com\\\/#organization\",\"name\":\"Los pol\u00edticos Veracruz\",\"url\":\"https:\\\/\\\/lospoliticosveracruz.com\\\/\",\"logo\":{\"@type\":\"ImageObject\",\"inLanguage\":\"es\",\"@id\":\"https:\\\/\\\/lospoliticosveracruz.com\\\/#\\\/schema\\\/logo\\\/image\\\/\",\"url\":\"https:\\\/\\\/lospoliticosveracruz.com\\\/wp-content\\\/uploads\\\/2025\\\/12\\\/Logo-Nuevo-LOS-POLITICOS-1.jpg\",\"contentUrl\":\"https:\\\/\\\/lospoliticosveracruz.com\\\/wp-content\\\/uploads\\\/2025\\\/12\\\/Logo-Nuevo-LOS-POLITICOS-1.jpg\",\"width\":260,\"height\":70,\"caption\":\"Los pol\u00edticos Veracruz\"},\"image\":{\"@id\":\"https:\\\/\\\/lospoliticosveracruz.com\\\/#\\\/schema\\\/logo\\\/image\\\/\"},\"sameAs\":[\"https:\\\/\\\/www.facebook.com\\\/people\\\/Notimemes-de-los-Polticos\\\/61565672886568\\\/\",\"https:\\\/\\\/x.com\\\/LosPoliticosVer\"]},{\"@type\":\"Person\",\"@id\":\"https:\\\/\\\/lospoliticosveracruz.com\\\/#\\\/schema\\\/person\\\/b8702bb0e538456e6efd07080bf2a4a2\",\"name\":\"Lo viste en Los Pol\u00edticos\",\"image\":{\"@type\":\"ImageObject\",\"inLanguage\":\"es\",\"@id\":\"https:\\\/\\\/secure.gravatar.com\\\/avatar\\\/3a8de04a2656d44082be478bd6c086daa447c4651605818287b9532d3d0bd435?s=96&d=mm&r=g\",\"url\":\"https:\\\/\\\/secure.gravatar.com\\\/avatar\\\/3a8de04a2656d44082be478bd6c086daa447c4651605818287b9532d3d0bd435?s=96&d=mm&r=g\",\"contentUrl\":\"https:\\\/\\\/secure.gravatar.com\\\/avatar\\\/3a8de04a2656d44082be478bd6c086daa447c4651605818287b9532d3d0bd435?s=96&d=mm&r=g\",\"caption\":\"Lo viste en Los Pol\u00edticos\"},\"url\":\"https:\\\/\\\/lospoliticosveracruz.com\\\/?author=2\"}]}<\/script>\n<!-- \/ Yoast SEO plugin. -->","yoast_head_json":{"title":"Gasolina 4T - Los pol\u00edticos Veracruz","robots":{"index":"index","follow":"follow","max-snippet":"max-snippet:-1","max-image-preview":"max-image-preview:large","max-video-preview":"max-video-preview:-1"},"canonical":"https:\/\/lospoliticosveracruz.com\/?p=46390","og_locale":"es_ES","og_type":"article","og_title":"Gasolina 4T - Los pol\u00edticos Veracruz","og_description":"Felipe de Jes\u00fas Fern\u00e1ndez Basilio Desde a Janela Antes que nada, les deseo a todos ustedes queridos lectores un feliz y pr\u00f3spero 2019 as\u00ed como que este a\u00f1o sea en todos los aspectos mejor que lo que fuera el anterior. Sin embargo, para el pa\u00eds el a\u00f1o comienza bajo las consecuencias de un nuevo \u201cerror [&hellip;]","og_url":"https:\/\/lospoliticosveracruz.com\/?p=46390","og_site_name":"Los pol\u00edticos Veracruz","article_publisher":"https:\/\/www.facebook.com\/people\/Notimemes-de-los-Polticos\/61565672886568\/","article_published_time":"2019-01-11T03:04:23+00:00","og_image":[{"width":600,"height":396,"url":"https:\/\/lospoliticosveracruz.com\/wp-content\/uploads\/2019\/01\/AMLO.jpg","type":"image\/jpeg"}],"author":"Lo viste en Los Pol\u00edticos","twitter_card":"summary_large_image","twitter_creator":"@LosPoliticosVer","twitter_site":"@LosPoliticosVer","twitter_misc":{"Escrito por":"Lo viste en Los Pol\u00edticos","Tiempo de lectura":"4 minutos"},"schema":{"@context":"https:\/\/schema.org","@graph":[{"@type":"Article","@id":"https:\/\/lospoliticosveracruz.com\/?p=46390#article","isPartOf":{"@id":"https:\/\/lospoliticosveracruz.com\/?p=46390"},"author":{"name":"Lo viste en Los Pol\u00edticos","@id":"https:\/\/lospoliticosveracruz.com\/#\/schema\/person\/b8702bb0e538456e6efd07080bf2a4a2"},"headline":"Gasolina 4T","datePublished":"2019-01-11T03:04:23+00:00","mainEntityOfPage":{"@id":"https:\/\/lospoliticosveracruz.com\/?p=46390"},"wordCount":753,"commentCount":0,"publisher":{"@id":"https:\/\/lospoliticosveracruz.com\/#organization"},"image":{"@id":"https:\/\/lospoliticosveracruz.com\/?p=46390#primaryimage"},"thumbnailUrl":"https:\/\/lospoliticosveracruz.com\/wp-content\/uploads\/2019\/01\/AMLO.jpg","keywords":["Cuarta Transformaci\u00f3n","error de diciembre","Felipe de Jes\u00fas Fern\u00e1ndez Basilio","gasolina","huachicoleo"],"articleSection":["De Opini\u00f3n"],"inLanguage":"es","potentialAction":[{"@type":"CommentAction","name":"Comment","target":["https:\/\/lospoliticosveracruz.com\/?p=46390#respond"]}]},{"@type":"WebPage","@id":"https:\/\/lospoliticosveracruz.com\/?p=46390","url":"https:\/\/lospoliticosveracruz.com\/?p=46390","name":"Gasolina 4T - Los pol\u00edticos Veracruz","isPartOf":{"@id":"https:\/\/lospoliticosveracruz.com\/#website"},"primaryImageOfPage":{"@id":"https:\/\/lospoliticosveracruz.com\/?p=46390#primaryimage"},"image":{"@id":"https:\/\/lospoliticosveracruz.com\/?p=46390#primaryimage"},"thumbnailUrl":"https:\/\/lospoliticosveracruz.com\/wp-content\/uploads\/2019\/01\/AMLO.jpg","datePublished":"2019-01-11T03:04:23+00:00","breadcrumb":{"@id":"https:\/\/lospoliticosveracruz.com\/?p=46390#breadcrumb"},"inLanguage":"es","potentialAction":[{"@type":"ReadAction","target":["https:\/\/lospoliticosveracruz.com\/?p=46390"]}]},{"@type":"ImageObject","inLanguage":"es","@id":"https:\/\/lospoliticosveracruz.com\/?p=46390#primaryimage","url":"https:\/\/lospoliticosveracruz.com\/wp-content\/uploads\/2019\/01\/AMLO.jpg","contentUrl":"https:\/\/lospoliticosveracruz.com\/wp-content\/uploads\/2019\/01\/AMLO.jpg","width":600,"height":396},{"@type":"BreadcrumbList","@id":"https:\/\/lospoliticosveracruz.com\/?p=46390#breadcrumb","itemListElement":[{"@type":"ListItem","position":1,"name":"Portada","item":"https:\/\/lospoliticosveracruz.com\/"},{"@type":"ListItem","position":2,"name":"Gasolina 4T"}]},{"@type":"WebSite","@id":"https:\/\/lospoliticosveracruz.com\/#website","url":"https:\/\/lospoliticosveracruz.com\/","name":"Los pol\u00edticos Veracruz","description":"","publisher":{"@id":"https:\/\/lospoliticosveracruz.com\/#organization"},"potentialAction":[{"@type":"SearchAction","target":{"@type":"EntryPoint","urlTemplate":"https:\/\/lospoliticosveracruz.com\/?s={search_term_string}"},"query-input":{"@type":"PropertyValueSpecification","valueRequired":true,"valueName":"search_term_string"}}],"inLanguage":"es"},{"@type":"Organization","@id":"https:\/\/lospoliticosveracruz.com\/#organization","name":"Los pol\u00edticos Veracruz","url":"https:\/\/lospoliticosveracruz.com\/","logo":{"@type":"ImageObject","inLanguage":"es","@id":"https:\/\/lospoliticosveracruz.com\/#\/schema\/logo\/image\/","url":"https:\/\/lospoliticosveracruz.com\/wp-content\/uploads\/2025\/12\/Logo-Nuevo-LOS-POLITICOS-1.jpg","contentUrl":"https:\/\/lospoliticosveracruz.com\/wp-content\/uploads\/2025\/12\/Logo-Nuevo-LOS-POLITICOS-1.jpg","width":260,"height":70,"caption":"Los pol\u00edticos Veracruz"},"image":{"@id":"https:\/\/lospoliticosveracruz.com\/#\/schema\/logo\/image\/"},"sameAs":["https:\/\/www.facebook.com\/people\/Notimemes-de-los-Polticos\/61565672886568\/","https:\/\/x.com\/LosPoliticosVer"]},{"@type":"Person","@id":"https:\/\/lospoliticosveracruz.com\/#\/schema\/person\/b8702bb0e538456e6efd07080bf2a4a2","name":"Lo viste en Los Pol\u00edticos","image":{"@type":"ImageObject","inLanguage":"es","@id":"https:\/\/secure.gravatar.com\/avatar\/3a8de04a2656d44082be478bd6c086daa447c4651605818287b9532d3d0bd435?s=96&d=mm&r=g","url":"https:\/\/secure.gravatar.com\/avatar\/3a8de04a2656d44082be478bd6c086daa447c4651605818287b9532d3d0bd435?s=96&d=mm&r=g","contentUrl":"https:\/\/secure.gravatar.com\/avatar\/3a8de04a2656d44082be478bd6c086daa447c4651605818287b9532d3d0bd435?s=96&d=mm&r=g","caption":"Lo viste en Los Pol\u00edticos"},"url":"https:\/\/lospoliticosveracruz.com\/?author=2"}]}},"_links":{"self":[{"href":"https:\/\/lospoliticosveracruz.com\/index.php?rest_route=\/wp\/v2\/posts\/46390","targetHints":{"allow":["GET"]}}],"collection":[{"href":"https:\/\/lospoliticosveracruz.com\/index.php?rest_route=\/wp\/v2\/posts"}],"about":[{"href":"https:\/\/lospoliticosveracruz.com\/index.php?rest_route=\/wp\/v2\/types\/post"}],"author":[{"embeddable":true,"href":"https:\/\/lospoliticosveracruz.com\/index.php?rest_route=\/wp\/v2\/users\/2"}],"replies":[{"embeddable":true,"href":"https:\/\/lospoliticosveracruz.com\/index.php?rest_route=%2Fwp%2Fv2%2Fcomments&post=46390"}],"version-history":[{"count":1,"href":"https:\/\/lospoliticosveracruz.com\/index.php?rest_route=\/wp\/v2\/posts\/46390\/revisions"}],"predecessor-version":[{"id":46392,"href":"https:\/\/lospoliticosveracruz.com\/index.php?rest_route=\/wp\/v2\/posts\/46390\/revisions\/46392"}],"wp:featuredmedia":[{"embeddable":true,"href":"https:\/\/lospoliticosveracruz.com\/index.php?rest_route=\/wp\/v2\/media\/46391"}],"wp:attachment":[{"href":"https:\/\/lospoliticosveracruz.com\/index.php?rest_route=%2Fwp%2Fv2%2Fmedia&parent=46390"}],"wp:term":[{"taxonomy":"category","embeddable":true,"href":"https:\/\/lospoliticosveracruz.com\/index.php?rest_route=%2Fwp%2Fv2%2Fcategories&post=46390"},{"taxonomy":"post_tag","embeddable":true,"href":"https:\/\/lospoliticosveracruz.com\/index.php?rest_route=%2Fwp%2Fv2%2Ftags&post=46390"}],"curies":[{"name":"wp","href":"https:\/\/api.w.org\/{rel}","templated":true}]}}