{"id":46407,"date":"2019-01-13T22:55:27","date_gmt":"2019-01-14T04:55:27","guid":{"rendered":"http:\/\/www.lospoliticosveracruz.com.mx\/?p=46407"},"modified":"2019-01-14T07:33:08","modified_gmt":"2019-01-14T13:33:08","slug":"jonron-de-cisneros","status":"publish","type":"post","link":"https:\/\/lospoliticosveracruz.com\/?p=46407","title":{"rendered":"Jonr\u00f3n de Cisneros"},"content":{"rendered":"<p><strong>Salvador Mu\u00f1oz<\/strong><\/p>\n<p><em>Los Pol\u00edticos<\/em><\/p>\n<p><span style=\"font-weight: 400;\">Es seguro que este pasado fin de semana los haya visto contentos, jugando b\u00e9isbol, luciendo gorras y viviendo la emoci\u00f3n del juego del Peje (el juego del Hombre es el futbol, dijera el Perro Berm\u00fadez), en el parque deportivo Col\u00f3n, en la serie final de la Liga Invernal Veracruzana de Beisbol entre Chileros y Tobis, donde en el lanzamiento de la Primera Bola, Eric Cisneros presume que Cuitl\u00e1huac Garc\u00eda peg\u00f3 un hit por el jard\u00edn central\u2026 lo que no dice el titular de Parques y Jardines as\u00ed como Supervisor de Obras, es que \u00e9l, Cisneros Burgos, peg\u00f3 un jonr\u00f3n.<\/span><\/p>\n<p><span style=\"font-weight: 400;\">II<\/span><\/p>\n<p><span style=\"font-weight: 400;\">El lanzamiento de la primera bola es un honor que tiene su origen en Estados Unidos, all\u00e1 por 1910, cuando el Presidente William Howard fue invitado a pararse en el mont\u00edculo en la inauguraci\u00f3n del Nacional de Washington. Durante m\u00e1s de 100 a\u00f1os este ritual, de que fuera el presidente de Estados Unidos el que lanzara la bola en el primer juego de la serie, estuvo intacto, hasta que lleg\u00f3 Donald Trump y simplemente se neg\u00f3 a hacerlo\u2026 \u00bffalta de brazo? \u00a1Sepa!<\/span><\/p>\n<p><span style=\"font-weight: 400;\">En M\u00e9xico, como es cl\u00e1sico, este ritual gringo se llev\u00f3 a los diamantes aztecas y si bien, no recuerdo a un presidente lanzando la Primera Bola antes del \u201cPlay Ball\u201d, s\u00ed a varios personajes pol\u00edticos, deportivos y hasta de la far\u00e1ndula, llev\u00e1ndose los honores, entre ellos el mismo Miguel \u00c1ngel Mancera (y con el equipo \u201cAmigos\u201d de AMLO en una Liga del entonces DF\u2026 no s\u00e9 si a\u00fan lo conserve), Sa\u00fal \u201cCanelo\u201d \u00c1lvarez, el luchador Psycho Clown, Agust\u00edn Carstens (\u00bfrecuerdan que hasta se llev\u00f3 rechifla?) y hasta Carlos Slim.<\/span><\/p>\n<p><span style=\"font-weight: 400;\">III<\/span><\/p>\n<p><span style=\"font-weight: 400;\">Despu\u00e9s del fracaso pol\u00edtico en Chinameca por parte del titular de Parques y Jardines as\u00ed como Supervisor de Obras de Gobierno del Estado, donde imprudentemente expuso a su jefe hasta ser sacado del municipio en burro, Garc\u00eda Jim\u00e9nez dio un espaldarazo a su subalterno ubicado en el escalaf\u00f3n del Gabinete en el puesto n\u00famero 2, no s\u00f3lo diciendo que en su puesto, est\u00e1 firme, sino al ponerlo por encima de \u00e9l en el partido de Chileros contra Tobis\u2026 Cuitl\u00e1huac cede el lugar que le corresponde para lanzar la primera bola y se lo deja a \u201cBola 8\u201d, como le dicen al de Otatitl\u00e1n.<\/span><\/p>\n<p><span style=\"font-weight: 400;\">En la ingenuidad de quien desconoce los protocolos propios del B\u00e9isbol, Cuitl\u00e1huac toma un bate y golpea la pelota que le lanza Cisneros Burgos. La pelota ten\u00eda que ser acogida por el catcher&#8230;<\/span><\/p>\n<p><span style=\"font-weight: 400;\">Pero pol\u00edticamente el mensaje es claro: Garc\u00eda Jim\u00e9nez cobija a Cisneros Burgos y exhiben una forma de gobernar que de seguro, hemos de ver a lo largo de esta administraci\u00f3n: haciendo el 1-2 en cualquier evento, por pinchurriento o popof que sea, como un Viruta y Capulina, un Pinky y Cerebro, un Laury y Hardy, Shreck y Burro, sin tomar en cuenta los riesgos que implica ir juntos a todos lados\u2026 Chinameca es una luz \u00e1mbar y el palacio de Santiago Tuxtla, tomado ya desde hace tres meses aproximados, es la oscuridad de la gobernabilidad en Veracruz.<\/span><\/p>\n<p><span style=\"font-weight: 400;\">IV<\/span><\/p>\n<p><span style=\"font-weight: 400;\">Hoy, Cuitl\u00e1huac protege a Cisneros Burgos. Al final, pues, no deja de ser parte de la naturaleza noble, bondadosa o ingenua, como quiera verlo, por parte de Garc\u00eda Jim\u00e9nez\u2026 s\u00f3lo que el papel protector en la escala jer\u00e1rquica le compete al 2, \u201cBola 8\u201d, quien debe dar la cara en aras de mantener la Gobernabilidad en la entidad, sea con aciertos o yerros, como en su momento le toc\u00f3 a Flavino R\u00edos cuando a alguien se le ocurri\u00f3 contener a pensionados con la fuerza p\u00fablica; como le toc\u00f3 a Reynaldo Escobar al aliarse con los 400 Pueblos y patrocinar libelos para denostar a los enemigos del gobernador en turno; como le toc\u00f3 a Miguel \u00c1ngel Yunes pagar el costo de lo acontecido en Ixhuatl\u00e1n de Madero, por citar unos. S\u00ed, porque al final, los aciertos deben ser del Gobernador, pero los yerros del secretario. En Chinameca, se la comi\u00f3 toda Garc\u00eda Jim\u00e9nez\u2026 pero qu\u00e9 importa, si Cuitl\u00e1huac en la pol\u00edtica del \u201cJet Set\u201d pega hit&#8230; aunque \u201cBola 8\u201d le pegue de jonr\u00f3n\u2026.<\/span><\/p>\n<p>&nbsp;<\/p>\n<p><span style=\"font-weight: 400;\">smcainito@gmail.com<\/span><\/p>\n<p>&nbsp;<\/p>\n","protected":false},"excerpt":{"rendered":"<p>Salvador Mu\u00f1oz Los Pol\u00edticos Es seguro que este pasado fin de semana los haya visto contentos, jugando b\u00e9isbol, luciendo gorras y viviendo la emoci\u00f3n del juego del Peje (el juego del Hombre es el futbol, dijera el Perro Berm\u00fadez), en el parque deportivo Col\u00f3n, en la serie final de la Liga Invernal Veracruzana de Beisbol [&hellip;]<\/p>\n","protected":false},"author":2,"featured_media":46408,"comment_status":"open","ping_status":"open","sticky":false,"template":"","format":"standard","meta":{"tdm_status":"","tdm_grid_status":"","footnotes":""},"categories":[70],"tags":[884,1819,4565,5277,1563,12299,13550,1034,7301,5247,13549,7561,1105,13552,4566],"class_list":{"0":"post-46407","1":"post","2":"type-post","3":"status-publish","4":"format-standard","5":"has-post-thumbnail","7":"category-de-opinion","8":"tag-beisbol","9":"tag-carlos-slim","10":"tag-chileros","11":"tag-chinameca","12":"tag-cuitlahuac-garcia-jimenez","13":"tag-eric-cisneros-burgos","14":"tag-liga-invernal-veracruzana-de-beisbol","15":"tag-miguel-angel-mancera","16":"tag-parque-deportivo-colon","17":"tag-peje","18":"tag-perro-bermudez","19":"tag-psycho-clown","20":"tag-santiago-tuxtla","21":"tag-saul-canelo-alvarez","22":"tag-tobis"},"yoast_head":"<!-- This site is optimized with the Yoast SEO plugin v27.4 - https:\/\/yoast.com\/product\/yoast-seo-wordpress\/ -->\n<title>Jonr\u00f3n de Cisneros - Los pol\u00edticos Veracruz<\/title>\n<meta name=\"robots\" content=\"index, follow, max-snippet:-1, max-image-preview:large, max-video-preview:-1\" \/>\n<link rel=\"canonical\" href=\"https:\/\/lospoliticosveracruz.com\/?p=46407\" \/>\n<meta property=\"og:locale\" content=\"es_ES\" \/>\n<meta property=\"og:type\" content=\"article\" \/>\n<meta property=\"og:title\" content=\"Jonr\u00f3n de Cisneros - Los pol\u00edticos Veracruz\" \/>\n<meta property=\"og:description\" content=\"Salvador Mu\u00f1oz Los Pol\u00edticos Es seguro que este pasado fin de semana los haya visto contentos, jugando b\u00e9isbol, luciendo gorras y viviendo la emoci\u00f3n del juego del Peje (el juego del Hombre es el futbol, dijera el Perro Berm\u00fadez), en el parque deportivo Col\u00f3n, en la serie final de la Liga Invernal Veracruzana de Beisbol [&hellip;]\" \/>\n<meta property=\"og:url\" content=\"https:\/\/lospoliticosveracruz.com\/?p=46407\" \/>\n<meta property=\"og:site_name\" content=\"Los pol\u00edticos Veracruz\" \/>\n<meta property=\"article:publisher\" content=\"https:\/\/www.facebook.com\/people\/Notimemes-de-los-Polticos\/61565672886568\/\" \/>\n<meta property=\"article:published_time\" content=\"2019-01-14T04:55:27+00:00\" \/>\n<meta property=\"article:modified_time\" content=\"2019-01-14T13:33:08+00:00\" \/>\n<meta property=\"og:image\" content=\"https:\/\/lospoliticosveracruz.com\/wp-content\/uploads\/2019\/01\/Eric-Cisneros.jpeg\" \/>\n\t<meta property=\"og:image:width\" content=\"600\" \/>\n\t<meta property=\"og:image:height\" content=\"314\" \/>\n\t<meta property=\"og:image:type\" content=\"image\/jpeg\" \/>\n<meta name=\"author\" content=\"Lo viste en Los Pol\u00edticos\" \/>\n<meta name=\"twitter:card\" content=\"summary_large_image\" \/>\n<meta name=\"twitter:creator\" content=\"@LosPoliticosVer\" \/>\n<meta name=\"twitter:site\" content=\"@LosPoliticosVer\" \/>\n<meta name=\"twitter:label1\" content=\"Escrito por\" \/>\n\t<meta name=\"twitter:data1\" content=\"Lo viste en Los Pol\u00edticos\" \/>\n\t<meta name=\"twitter:label2\" content=\"Tiempo de lectura\" \/>\n\t<meta name=\"twitter:data2\" content=\"4 minutos\" \/>\n<script type=\"application\/ld+json\" class=\"yoast-schema-graph\">{\"@context\":\"https:\\\/\\\/schema.org\",\"@graph\":[{\"@type\":\"Article\",\"@id\":\"https:\\\/\\\/lospoliticosveracruz.com\\\/?p=46407#article\",\"isPartOf\":{\"@id\":\"https:\\\/\\\/lospoliticosveracruz.com\\\/?p=46407\"},\"author\":{\"name\":\"Lo viste en Los Pol\u00edticos\",\"@id\":\"https:\\\/\\\/lospoliticosveracruz.com\\\/#\\\/schema\\\/person\\\/b8702bb0e538456e6efd07080bf2a4a2\"},\"headline\":\"Jonr\u00f3n de Cisneros\",\"datePublished\":\"2019-01-14T04:55:27+00:00\",\"dateModified\":\"2019-01-14T13:33:08+00:00\",\"mainEntityOfPage\":{\"@id\":\"https:\\\/\\\/lospoliticosveracruz.com\\\/?p=46407\"},\"wordCount\":734,\"commentCount\":0,\"publisher\":{\"@id\":\"https:\\\/\\\/lospoliticosveracruz.com\\\/#organization\"},\"image\":{\"@id\":\"https:\\\/\\\/lospoliticosveracruz.com\\\/?p=46407#primaryimage\"},\"thumbnailUrl\":\"https:\\\/\\\/lospoliticosveracruz.com\\\/wp-content\\\/uploads\\\/2019\\\/01\\\/Eric-Cisneros.jpeg\",\"keywords\":[\"b\u00e9isbol\",\"Carlos Slim\",\"Chileros\",\"Chinameca\",\"Cuitl\u00e1huac Garc\u00eda Jim\u00e9nez\",\"Eric Cisneros Burgos\",\"Liga Invernal Veracruzana de Beisbol\",\"Miguel \u00c1ngel Mancera\",\"Parque Deportivo Col\u00f3n\",\"Peje\",\"Perro Berm\u00fadez\",\"Psycho Clown\",\"Santiago Tuxtla\",\"Sa\u00fal \u201cCanelo\u201d \u00c1lvarez\",\"Tobis\"],\"articleSection\":[\"De Opini\u00f3n\"],\"inLanguage\":\"es\",\"potentialAction\":[{\"@type\":\"CommentAction\",\"name\":\"Comment\",\"target\":[\"https:\\\/\\\/lospoliticosveracruz.com\\\/?p=46407#respond\"]}]},{\"@type\":\"WebPage\",\"@id\":\"https:\\\/\\\/lospoliticosveracruz.com\\\/?p=46407\",\"url\":\"https:\\\/\\\/lospoliticosveracruz.com\\\/?p=46407\",\"name\":\"Jonr\u00f3n de Cisneros - Los pol\u00edticos Veracruz\",\"isPartOf\":{\"@id\":\"https:\\\/\\\/lospoliticosveracruz.com\\\/#website\"},\"primaryImageOfPage\":{\"@id\":\"https:\\\/\\\/lospoliticosveracruz.com\\\/?p=46407#primaryimage\"},\"image\":{\"@id\":\"https:\\\/\\\/lospoliticosveracruz.com\\\/?p=46407#primaryimage\"},\"thumbnailUrl\":\"https:\\\/\\\/lospoliticosveracruz.com\\\/wp-content\\\/uploads\\\/2019\\\/01\\\/Eric-Cisneros.jpeg\",\"datePublished\":\"2019-01-14T04:55:27+00:00\",\"dateModified\":\"2019-01-14T13:33:08+00:00\",\"breadcrumb\":{\"@id\":\"https:\\\/\\\/lospoliticosveracruz.com\\\/?p=46407#breadcrumb\"},\"inLanguage\":\"es\",\"potentialAction\":[{\"@type\":\"ReadAction\",\"target\":[\"https:\\\/\\\/lospoliticosveracruz.com\\\/?p=46407\"]}]},{\"@type\":\"ImageObject\",\"inLanguage\":\"es\",\"@id\":\"https:\\\/\\\/lospoliticosveracruz.com\\\/?p=46407#primaryimage\",\"url\":\"https:\\\/\\\/lospoliticosveracruz.com\\\/wp-content\\\/uploads\\\/2019\\\/01\\\/Eric-Cisneros.jpeg\",\"contentUrl\":\"https:\\\/\\\/lospoliticosveracruz.com\\\/wp-content\\\/uploads\\\/2019\\\/01\\\/Eric-Cisneros.jpeg\",\"width\":600,\"height\":314,\"caption\":\"Eric Cisneros lanzando bola\"},{\"@type\":\"BreadcrumbList\",\"@id\":\"https:\\\/\\\/lospoliticosveracruz.com\\\/?p=46407#breadcrumb\",\"itemListElement\":[{\"@type\":\"ListItem\",\"position\":1,\"name\":\"Portada\",\"item\":\"https:\\\/\\\/lospoliticosveracruz.com\\\/\"},{\"@type\":\"ListItem\",\"position\":2,\"name\":\"Jonr\u00f3n de Cisneros\"}]},{\"@type\":\"WebSite\",\"@id\":\"https:\\\/\\\/lospoliticosveracruz.com\\\/#website\",\"url\":\"https:\\\/\\\/lospoliticosveracruz.com\\\/\",\"name\":\"Los pol\u00edticos Veracruz\",\"description\":\"\",\"publisher\":{\"@id\":\"https:\\\/\\\/lospoliticosveracruz.com\\\/#organization\"},\"potentialAction\":[{\"@type\":\"SearchAction\",\"target\":{\"@type\":\"EntryPoint\",\"urlTemplate\":\"https:\\\/\\\/lospoliticosveracruz.com\\\/?s={search_term_string}\"},\"query-input\":{\"@type\":\"PropertyValueSpecification\",\"valueRequired\":true,\"valueName\":\"search_term_string\"}}],\"inLanguage\":\"es\"},{\"@type\":\"Organization\",\"@id\":\"https:\\\/\\\/lospoliticosveracruz.com\\\/#organization\",\"name\":\"Los pol\u00edticos Veracruz\",\"url\":\"https:\\\/\\\/lospoliticosveracruz.com\\\/\",\"logo\":{\"@type\":\"ImageObject\",\"inLanguage\":\"es\",\"@id\":\"https:\\\/\\\/lospoliticosveracruz.com\\\/#\\\/schema\\\/logo\\\/image\\\/\",\"url\":\"https:\\\/\\\/lospoliticosveracruz.com\\\/wp-content\\\/uploads\\\/2025\\\/12\\\/Logo-Nuevo-LOS-POLITICOS-1.jpg\",\"contentUrl\":\"https:\\\/\\\/lospoliticosveracruz.com\\\/wp-content\\\/uploads\\\/2025\\\/12\\\/Logo-Nuevo-LOS-POLITICOS-1.jpg\",\"width\":260,\"height\":70,\"caption\":\"Los pol\u00edticos Veracruz\"},\"image\":{\"@id\":\"https:\\\/\\\/lospoliticosveracruz.com\\\/#\\\/schema\\\/logo\\\/image\\\/\"},\"sameAs\":[\"https:\\\/\\\/www.facebook.com\\\/people\\\/Notimemes-de-los-Polticos\\\/61565672886568\\\/\",\"https:\\\/\\\/x.com\\\/LosPoliticosVer\"]},{\"@type\":\"Person\",\"@id\":\"https:\\\/\\\/lospoliticosveracruz.com\\\/#\\\/schema\\\/person\\\/b8702bb0e538456e6efd07080bf2a4a2\",\"name\":\"Lo viste en Los Pol\u00edticos\",\"image\":{\"@type\":\"ImageObject\",\"inLanguage\":\"es\",\"@id\":\"https:\\\/\\\/secure.gravatar.com\\\/avatar\\\/3a8de04a2656d44082be478bd6c086daa447c4651605818287b9532d3d0bd435?s=96&d=mm&r=g\",\"url\":\"https:\\\/\\\/secure.gravatar.com\\\/avatar\\\/3a8de04a2656d44082be478bd6c086daa447c4651605818287b9532d3d0bd435?s=96&d=mm&r=g\",\"contentUrl\":\"https:\\\/\\\/secure.gravatar.com\\\/avatar\\\/3a8de04a2656d44082be478bd6c086daa447c4651605818287b9532d3d0bd435?s=96&d=mm&r=g\",\"caption\":\"Lo viste en Los Pol\u00edticos\"},\"url\":\"https:\\\/\\\/lospoliticosveracruz.com\\\/?author=2\"}]}<\/script>\n<!-- \/ Yoast SEO plugin. -->","yoast_head_json":{"title":"Jonr\u00f3n de Cisneros - Los pol\u00edticos Veracruz","robots":{"index":"index","follow":"follow","max-snippet":"max-snippet:-1","max-image-preview":"max-image-preview:large","max-video-preview":"max-video-preview:-1"},"canonical":"https:\/\/lospoliticosveracruz.com\/?p=46407","og_locale":"es_ES","og_type":"article","og_title":"Jonr\u00f3n de Cisneros - Los pol\u00edticos Veracruz","og_description":"Salvador Mu\u00f1oz Los Pol\u00edticos Es seguro que este pasado fin de semana los haya visto contentos, jugando b\u00e9isbol, luciendo gorras y viviendo la emoci\u00f3n del juego del Peje (el juego del Hombre es el futbol, dijera el Perro Berm\u00fadez), en el parque deportivo Col\u00f3n, en la serie final de la Liga Invernal Veracruzana de Beisbol [&hellip;]","og_url":"https:\/\/lospoliticosveracruz.com\/?p=46407","og_site_name":"Los pol\u00edticos Veracruz","article_publisher":"https:\/\/www.facebook.com\/people\/Notimemes-de-los-Polticos\/61565672886568\/","article_published_time":"2019-01-14T04:55:27+00:00","article_modified_time":"2019-01-14T13:33:08+00:00","og_image":[{"width":600,"height":314,"url":"https:\/\/lospoliticosveracruz.com\/wp-content\/uploads\/2019\/01\/Eric-Cisneros.jpeg","type":"image\/jpeg"}],"author":"Lo viste en Los Pol\u00edticos","twitter_card":"summary_large_image","twitter_creator":"@LosPoliticosVer","twitter_site":"@LosPoliticosVer","twitter_misc":{"Escrito por":"Lo viste en Los Pol\u00edticos","Tiempo de lectura":"4 minutos"},"schema":{"@context":"https:\/\/schema.org","@graph":[{"@type":"Article","@id":"https:\/\/lospoliticosveracruz.com\/?p=46407#article","isPartOf":{"@id":"https:\/\/lospoliticosveracruz.com\/?p=46407"},"author":{"name":"Lo viste en Los Pol\u00edticos","@id":"https:\/\/lospoliticosveracruz.com\/#\/schema\/person\/b8702bb0e538456e6efd07080bf2a4a2"},"headline":"Jonr\u00f3n de Cisneros","datePublished":"2019-01-14T04:55:27+00:00","dateModified":"2019-01-14T13:33:08+00:00","mainEntityOfPage":{"@id":"https:\/\/lospoliticosveracruz.com\/?p=46407"},"wordCount":734,"commentCount":0,"publisher":{"@id":"https:\/\/lospoliticosveracruz.com\/#organization"},"image":{"@id":"https:\/\/lospoliticosveracruz.com\/?p=46407#primaryimage"},"thumbnailUrl":"https:\/\/lospoliticosveracruz.com\/wp-content\/uploads\/2019\/01\/Eric-Cisneros.jpeg","keywords":["b\u00e9isbol","Carlos Slim","Chileros","Chinameca","Cuitl\u00e1huac Garc\u00eda Jim\u00e9nez","Eric Cisneros Burgos","Liga Invernal Veracruzana de Beisbol","Miguel \u00c1ngel Mancera","Parque Deportivo Col\u00f3n","Peje","Perro Berm\u00fadez","Psycho Clown","Santiago Tuxtla","Sa\u00fal \u201cCanelo\u201d \u00c1lvarez","Tobis"],"articleSection":["De Opini\u00f3n"],"inLanguage":"es","potentialAction":[{"@type":"CommentAction","name":"Comment","target":["https:\/\/lospoliticosveracruz.com\/?p=46407#respond"]}]},{"@type":"WebPage","@id":"https:\/\/lospoliticosveracruz.com\/?p=46407","url":"https:\/\/lospoliticosveracruz.com\/?p=46407","name":"Jonr\u00f3n de Cisneros - Los pol\u00edticos Veracruz","isPartOf":{"@id":"https:\/\/lospoliticosveracruz.com\/#website"},"primaryImageOfPage":{"@id":"https:\/\/lospoliticosveracruz.com\/?p=46407#primaryimage"},"image":{"@id":"https:\/\/lospoliticosveracruz.com\/?p=46407#primaryimage"},"thumbnailUrl":"https:\/\/lospoliticosveracruz.com\/wp-content\/uploads\/2019\/01\/Eric-Cisneros.jpeg","datePublished":"2019-01-14T04:55:27+00:00","dateModified":"2019-01-14T13:33:08+00:00","breadcrumb":{"@id":"https:\/\/lospoliticosveracruz.com\/?p=46407#breadcrumb"},"inLanguage":"es","potentialAction":[{"@type":"ReadAction","target":["https:\/\/lospoliticosveracruz.com\/?p=46407"]}]},{"@type":"ImageObject","inLanguage":"es","@id":"https:\/\/lospoliticosveracruz.com\/?p=46407#primaryimage","url":"https:\/\/lospoliticosveracruz.com\/wp-content\/uploads\/2019\/01\/Eric-Cisneros.jpeg","contentUrl":"https:\/\/lospoliticosveracruz.com\/wp-content\/uploads\/2019\/01\/Eric-Cisneros.jpeg","width":600,"height":314,"caption":"Eric Cisneros lanzando bola"},{"@type":"BreadcrumbList","@id":"https:\/\/lospoliticosveracruz.com\/?p=46407#breadcrumb","itemListElement":[{"@type":"ListItem","position":1,"name":"Portada","item":"https:\/\/lospoliticosveracruz.com\/"},{"@type":"ListItem","position":2,"name":"Jonr\u00f3n de Cisneros"}]},{"@type":"WebSite","@id":"https:\/\/lospoliticosveracruz.com\/#website","url":"https:\/\/lospoliticosveracruz.com\/","name":"Los pol\u00edticos Veracruz","description":"","publisher":{"@id":"https:\/\/lospoliticosveracruz.com\/#organization"},"potentialAction":[{"@type":"SearchAction","target":{"@type":"EntryPoint","urlTemplate":"https:\/\/lospoliticosveracruz.com\/?s={search_term_string}"},"query-input":{"@type":"PropertyValueSpecification","valueRequired":true,"valueName":"search_term_string"}}],"inLanguage":"es"},{"@type":"Organization","@id":"https:\/\/lospoliticosveracruz.com\/#organization","name":"Los pol\u00edticos Veracruz","url":"https:\/\/lospoliticosveracruz.com\/","logo":{"@type":"ImageObject","inLanguage":"es","@id":"https:\/\/lospoliticosveracruz.com\/#\/schema\/logo\/image\/","url":"https:\/\/lospoliticosveracruz.com\/wp-content\/uploads\/2025\/12\/Logo-Nuevo-LOS-POLITICOS-1.jpg","contentUrl":"https:\/\/lospoliticosveracruz.com\/wp-content\/uploads\/2025\/12\/Logo-Nuevo-LOS-POLITICOS-1.jpg","width":260,"height":70,"caption":"Los pol\u00edticos Veracruz"},"image":{"@id":"https:\/\/lospoliticosveracruz.com\/#\/schema\/logo\/image\/"},"sameAs":["https:\/\/www.facebook.com\/people\/Notimemes-de-los-Polticos\/61565672886568\/","https:\/\/x.com\/LosPoliticosVer"]},{"@type":"Person","@id":"https:\/\/lospoliticosveracruz.com\/#\/schema\/person\/b8702bb0e538456e6efd07080bf2a4a2","name":"Lo viste en Los Pol\u00edticos","image":{"@type":"ImageObject","inLanguage":"es","@id":"https:\/\/secure.gravatar.com\/avatar\/3a8de04a2656d44082be478bd6c086daa447c4651605818287b9532d3d0bd435?s=96&d=mm&r=g","url":"https:\/\/secure.gravatar.com\/avatar\/3a8de04a2656d44082be478bd6c086daa447c4651605818287b9532d3d0bd435?s=96&d=mm&r=g","contentUrl":"https:\/\/secure.gravatar.com\/avatar\/3a8de04a2656d44082be478bd6c086daa447c4651605818287b9532d3d0bd435?s=96&d=mm&r=g","caption":"Lo viste en Los Pol\u00edticos"},"url":"https:\/\/lospoliticosveracruz.com\/?author=2"}]}},"_links":{"self":[{"href":"https:\/\/lospoliticosveracruz.com\/index.php?rest_route=\/wp\/v2\/posts\/46407","targetHints":{"allow":["GET"]}}],"collection":[{"href":"https:\/\/lospoliticosveracruz.com\/index.php?rest_route=\/wp\/v2\/posts"}],"about":[{"href":"https:\/\/lospoliticosveracruz.com\/index.php?rest_route=\/wp\/v2\/types\/post"}],"author":[{"embeddable":true,"href":"https:\/\/lospoliticosveracruz.com\/index.php?rest_route=\/wp\/v2\/users\/2"}],"replies":[{"embeddable":true,"href":"https:\/\/lospoliticosveracruz.com\/index.php?rest_route=%2Fwp%2Fv2%2Fcomments&post=46407"}],"version-history":[{"count":1,"href":"https:\/\/lospoliticosveracruz.com\/index.php?rest_route=\/wp\/v2\/posts\/46407\/revisions"}],"predecessor-version":[{"id":46409,"href":"https:\/\/lospoliticosveracruz.com\/index.php?rest_route=\/wp\/v2\/posts\/46407\/revisions\/46409"}],"wp:featuredmedia":[{"embeddable":true,"href":"https:\/\/lospoliticosveracruz.com\/index.php?rest_route=\/wp\/v2\/media\/46408"}],"wp:attachment":[{"href":"https:\/\/lospoliticosveracruz.com\/index.php?rest_route=%2Fwp%2Fv2%2Fmedia&parent=46407"}],"wp:term":[{"taxonomy":"category","embeddable":true,"href":"https:\/\/lospoliticosveracruz.com\/index.php?rest_route=%2Fwp%2Fv2%2Fcategories&post=46407"},{"taxonomy":"post_tag","embeddable":true,"href":"https:\/\/lospoliticosveracruz.com\/index.php?rest_route=%2Fwp%2Fv2%2Ftags&post=46407"}],"curies":[{"name":"wp","href":"https:\/\/api.w.org\/{rel}","templated":true}]}}