{"id":46442,"date":"2019-01-16T23:01:16","date_gmt":"2019-01-17T05:01:16","guid":{"rendered":"http:\/\/www.lospoliticosveracruz.com.mx\/?p=46442"},"modified":"2019-01-16T23:01:16","modified_gmt":"2019-01-17T05:01:16","slug":"guardia-nacional-riesgo-para-los-derechos-humanos-dunyaska","status":"publish","type":"post","link":"https:\/\/lospoliticosveracruz.com\/?p=46442","title":{"rendered":"Guardia Nacional, riesgo para los Derechos Humanos: Dunyaska"},"content":{"rendered":"<p>La diputada Federal del PAN, Mariana Dunyaska Garc\u00eda Rojas advirti\u00f3 del riesgo de la violaci\u00f3n de derechos humanos ya que la Guardia Nacional tiene una operaci\u00f3n totalmente militarizada.<\/p>\n<p>Dijo que la Reforma Constitucional que da pie a esta corporaci\u00f3n, va en contra del propio proceso de desmilitarizaci\u00f3n que se busca a nivel mundial . \u201cHoy, al parecer, el presidente de la Rep\u00fablica quiere homologar a M\u00e9xico con pa\u00edses como Siria, Nicaragua, Arabia Saudita Vietnam y Corea del Norte\u00bb.<\/p>\n<p>La tambi\u00e9n secretaria de la Mesa Directiva de la C\u00e1mara de Diputados, manifest\u00f3 su rechazo a la forma en la que se ha manejado el\u00a0\u00a0dictamen de Reforma Constitucional en materia de la Guardia Nacional, ya que dos minutos antes de iniciar la sesi\u00f3n extraordinaria, se gener\u00f3 un documento anexo de cambios de \u00faltima hora y modific\u00f3 el dictamen que fuera presentado en el mes diciembre sin que se conocieran y discutieran previamente los cambios realizados.<\/p>\n<p>Por ese s\u00f3lo hecho, dijo, el dictamen debi\u00f3 ser regresado a Comisiones para su revisi\u00f3n, cosa que no ocurri\u00f3 porque hab\u00eda l\u00ednea presidencial de aprobar el dictamen como fuera.<\/p>\n<p>Mariana Dunyaska Garc\u00eda Rojas dijo que no se puede aprobar algo que se desconoce y que podr\u00eda representar una controversia constitucional pues la seguridad nacional, interior y p\u00fablica son esferas totalmente diferentes.<\/p>\n<p>Adem\u00e1s, los cambios no atienden las recomendaciones de la ONU ni de la Corte Interamericana de Derechos Humanos respecto a formar un Mando Civil, en lugar de un mando militar que operara la Secretar\u00eda de la Defensa Nacional.<\/p>\n<p>Argument\u00f3 que al hacerse cargo de la seguridad se est\u00e1 brindando al Ej\u00e9rcito una funci\u00f3n constitucional que ser\u00e1 permanente violando tratados internacionales. Adem\u00e1s, se pronunci\u00f3 en contra de desaparecer a la Polic\u00eda Federal, porque de acuerdo con el plan del gobierno, la Guardia Nacional estar\u00e1 conformada por polic\u00edas militares, polic\u00edas navales, polic\u00edas federales y civiles en una m\u00ednima proporci\u00f3n.<\/p>\n<p>La diputada reconoci\u00f3 a las Fuerzas Armadas cuando act\u00faan de manera temporal, pero no cuando como mandato constitucional .<\/p>\n<p>Advirti\u00f3 que se presentaron previamente dos mociones suspensivas por parte de Legisladores del PAN y PRD, mismas que no fueron aceptadas.<\/p>\n<p>Observ\u00f3 que el dictamen omite cuestiones que a su parecer son muy graves, como el hecho de que no haya controles de confianza, ni rendici\u00f3n de cuentas respecto a la actuaci\u00f3n de la Guardia Nacional; sin controles de confianza, certificaciones, sin fiscalizaci\u00f3n, evaluaciones, informes al congreso, no se fortalecen a las instituciones de investigaci\u00f3n e impartici\u00f3n de justicia; no deja claro qui\u00e9n juzgar\u00e1 a la guardia nacional ya que plantea que ser\u00e1 un solo juez quien tenga conocimiento del caso integrando a tribunales militares para juzgar a los integrantes civiles de guardia nacional; no hay coordinaci\u00f3n con estados y municipios, solamente les piden informaci\u00f3n sin reciprocidad.<\/p>\n<p>Tambi\u00e9n, se faculta al presidente a disponer de la Guardia Nacional sin establecerle l\u00edmites, ni controles para evitar la militarizaci\u00f3n.<\/p>\n<p>Con esta acci\u00f3n, afirm\u00f3 la diputada panista, queda de manifiesto que el Congreso se convierte en una oficial\u00eda de partes del presidente L\u00f3pez Obrador, por ello, el Partido Acci\u00f3n Nacional analiza presentar una controversia constitucional ante organismos internacionales.<\/p>\n","protected":false},"excerpt":{"rendered":"<p>La diputada Federal del PAN, Mariana Dunyaska Garc\u00eda Rojas advirti\u00f3 del riesgo de la violaci\u00f3n de derechos humanos ya que la Guardia Nacional tiene una operaci\u00f3n totalmente militarizada. Dijo que la Reforma Constitucional que da pie a esta corporaci\u00f3n, va en contra del propio proceso de desmilitarizaci\u00f3n que se busca a nivel mundial . \u201cHoy, [&hellip;]<\/p>\n","protected":false},"author":2,"featured_media":46443,"comment_status":"open","ping_status":"open","sticky":false,"template":"","format":"standard","meta":{"tdm_status":"","tdm_grid_status":"","footnotes":""},"categories":[73],"tags":[284,13512,5541,266,6944],"class_list":{"0":"post-46442","1":"post","2":"type-post","3":"status-publish","4":"format-standard","5":"has-post-thumbnail","7":"category-de-boleto","8":"tag-ejercito","9":"tag-guardia-nacional","10":"tag-mariana-dunyaska-garcia-rojas","11":"tag-pan","12":"tag-policia-federal"},"yoast_head":"<!-- This site is optimized with the Yoast SEO plugin v27.4 - https:\/\/yoast.com\/product\/yoast-seo-wordpress\/ -->\n<title>Guardia Nacional, riesgo para los Derechos Humanos: Dunyaska - Los pol\u00edticos Veracruz<\/title>\n<meta name=\"robots\" content=\"index, follow, max-snippet:-1, max-image-preview:large, max-video-preview:-1\" \/>\n<link rel=\"canonical\" href=\"https:\/\/lospoliticosveracruz.com\/?p=46442\" \/>\n<meta property=\"og:locale\" content=\"es_ES\" \/>\n<meta property=\"og:type\" content=\"article\" \/>\n<meta property=\"og:title\" content=\"Guardia Nacional, riesgo para los Derechos Humanos: Dunyaska - Los pol\u00edticos Veracruz\" \/>\n<meta property=\"og:description\" content=\"La diputada Federal del PAN, Mariana Dunyaska Garc\u00eda Rojas advirti\u00f3 del riesgo de la violaci\u00f3n de derechos humanos ya que la Guardia Nacional tiene una operaci\u00f3n totalmente militarizada. Dijo que la Reforma Constitucional que da pie a esta corporaci\u00f3n, va en contra del propio proceso de desmilitarizaci\u00f3n que se busca a nivel mundial . \u201cHoy, [&hellip;]\" \/>\n<meta property=\"og:url\" content=\"https:\/\/lospoliticosveracruz.com\/?p=46442\" \/>\n<meta property=\"og:site_name\" content=\"Los pol\u00edticos Veracruz\" \/>\n<meta property=\"article:publisher\" content=\"https:\/\/www.facebook.com\/people\/Notimemes-de-los-Polticos\/61565672886568\/\" \/>\n<meta property=\"article:published_time\" content=\"2019-01-17T05:01:16+00:00\" \/>\n<meta property=\"og:image\" content=\"https:\/\/lospoliticosveracruz.com\/wp-content\/uploads\/2019\/01\/Mariana.jpeg\" \/>\n\t<meta property=\"og:image:width\" content=\"600\" \/>\n\t<meta property=\"og:image:height\" content=\"377\" \/>\n\t<meta property=\"og:image:type\" content=\"image\/jpeg\" \/>\n<meta name=\"author\" content=\"Lo viste en Los Pol\u00edticos\" \/>\n<meta name=\"twitter:card\" content=\"summary_large_image\" \/>\n<meta name=\"twitter:creator\" content=\"@LosPoliticosVer\" \/>\n<meta name=\"twitter:site\" content=\"@LosPoliticosVer\" \/>\n<meta name=\"twitter:label1\" content=\"Escrito por\" \/>\n\t<meta name=\"twitter:data1\" content=\"Lo viste en Los Pol\u00edticos\" \/>\n\t<meta name=\"twitter:label2\" content=\"Tiempo de lectura\" \/>\n\t<meta name=\"twitter:data2\" content=\"3 minutos\" \/>\n<script type=\"application\/ld+json\" class=\"yoast-schema-graph\">{\"@context\":\"https:\\\/\\\/schema.org\",\"@graph\":[{\"@type\":\"Article\",\"@id\":\"https:\\\/\\\/lospoliticosveracruz.com\\\/?p=46442#article\",\"isPartOf\":{\"@id\":\"https:\\\/\\\/lospoliticosveracruz.com\\\/?p=46442\"},\"author\":{\"name\":\"Lo viste en Los Pol\u00edticos\",\"@id\":\"https:\\\/\\\/lospoliticosveracruz.com\\\/#\\\/schema\\\/person\\\/b8702bb0e538456e6efd07080bf2a4a2\"},\"headline\":\"Guardia Nacional, riesgo para los Derechos Humanos: Dunyaska\",\"datePublished\":\"2019-01-17T05:01:16+00:00\",\"mainEntityOfPage\":{\"@id\":\"https:\\\/\\\/lospoliticosveracruz.com\\\/?p=46442\"},\"wordCount\":567,\"commentCount\":0,\"publisher\":{\"@id\":\"https:\\\/\\\/lospoliticosveracruz.com\\\/#organization\"},\"image\":{\"@id\":\"https:\\\/\\\/lospoliticosveracruz.com\\\/?p=46442#primaryimage\"},\"thumbnailUrl\":\"https:\\\/\\\/lospoliticosveracruz.com\\\/wp-content\\\/uploads\\\/2019\\\/01\\\/Mariana.jpeg\",\"keywords\":[\"Ej\u00e9rcito\",\"Guardia Nacional\",\"Mariana Dunyaska Garc\u00eda Rojas\",\"PAN\",\"Polic\u00eda Federal\"],\"articleSection\":[\"De Boleto\"],\"inLanguage\":\"es\",\"potentialAction\":[{\"@type\":\"CommentAction\",\"name\":\"Comment\",\"target\":[\"https:\\\/\\\/lospoliticosveracruz.com\\\/?p=46442#respond\"]}]},{\"@type\":\"WebPage\",\"@id\":\"https:\\\/\\\/lospoliticosveracruz.com\\\/?p=46442\",\"url\":\"https:\\\/\\\/lospoliticosveracruz.com\\\/?p=46442\",\"name\":\"Guardia Nacional, riesgo para los Derechos Humanos: Dunyaska - Los pol\u00edticos Veracruz\",\"isPartOf\":{\"@id\":\"https:\\\/\\\/lospoliticosveracruz.com\\\/#website\"},\"primaryImageOfPage\":{\"@id\":\"https:\\\/\\\/lospoliticosveracruz.com\\\/?p=46442#primaryimage\"},\"image\":{\"@id\":\"https:\\\/\\\/lospoliticosveracruz.com\\\/?p=46442#primaryimage\"},\"thumbnailUrl\":\"https:\\\/\\\/lospoliticosveracruz.com\\\/wp-content\\\/uploads\\\/2019\\\/01\\\/Mariana.jpeg\",\"datePublished\":\"2019-01-17T05:01:16+00:00\",\"breadcrumb\":{\"@id\":\"https:\\\/\\\/lospoliticosveracruz.com\\\/?p=46442#breadcrumb\"},\"inLanguage\":\"es\",\"potentialAction\":[{\"@type\":\"ReadAction\",\"target\":[\"https:\\\/\\\/lospoliticosveracruz.com\\\/?p=46442\"]}]},{\"@type\":\"ImageObject\",\"inLanguage\":\"es\",\"@id\":\"https:\\\/\\\/lospoliticosveracruz.com\\\/?p=46442#primaryimage\",\"url\":\"https:\\\/\\\/lospoliticosveracruz.com\\\/wp-content\\\/uploads\\\/2019\\\/01\\\/Mariana.jpeg\",\"contentUrl\":\"https:\\\/\\\/lospoliticosveracruz.com\\\/wp-content\\\/uploads\\\/2019\\\/01\\\/Mariana.jpeg\",\"width\":600,\"height\":377},{\"@type\":\"BreadcrumbList\",\"@id\":\"https:\\\/\\\/lospoliticosveracruz.com\\\/?p=46442#breadcrumb\",\"itemListElement\":[{\"@type\":\"ListItem\",\"position\":1,\"name\":\"Portada\",\"item\":\"https:\\\/\\\/lospoliticosveracruz.com\\\/\"},{\"@type\":\"ListItem\",\"position\":2,\"name\":\"Guardia Nacional, riesgo para los Derechos Humanos: Dunyaska\"}]},{\"@type\":\"WebSite\",\"@id\":\"https:\\\/\\\/lospoliticosveracruz.com\\\/#website\",\"url\":\"https:\\\/\\\/lospoliticosveracruz.com\\\/\",\"name\":\"Los pol\u00edticos Veracruz\",\"description\":\"\",\"publisher\":{\"@id\":\"https:\\\/\\\/lospoliticosveracruz.com\\\/#organization\"},\"potentialAction\":[{\"@type\":\"SearchAction\",\"target\":{\"@type\":\"EntryPoint\",\"urlTemplate\":\"https:\\\/\\\/lospoliticosveracruz.com\\\/?s={search_term_string}\"},\"query-input\":{\"@type\":\"PropertyValueSpecification\",\"valueRequired\":true,\"valueName\":\"search_term_string\"}}],\"inLanguage\":\"es\"},{\"@type\":\"Organization\",\"@id\":\"https:\\\/\\\/lospoliticosveracruz.com\\\/#organization\",\"name\":\"Los pol\u00edticos Veracruz\",\"url\":\"https:\\\/\\\/lospoliticosveracruz.com\\\/\",\"logo\":{\"@type\":\"ImageObject\",\"inLanguage\":\"es\",\"@id\":\"https:\\\/\\\/lospoliticosveracruz.com\\\/#\\\/schema\\\/logo\\\/image\\\/\",\"url\":\"https:\\\/\\\/lospoliticosveracruz.com\\\/wp-content\\\/uploads\\\/2025\\\/12\\\/Logo-Nuevo-LOS-POLITICOS-1.jpg\",\"contentUrl\":\"https:\\\/\\\/lospoliticosveracruz.com\\\/wp-content\\\/uploads\\\/2025\\\/12\\\/Logo-Nuevo-LOS-POLITICOS-1.jpg\",\"width\":260,\"height\":70,\"caption\":\"Los pol\u00edticos Veracruz\"},\"image\":{\"@id\":\"https:\\\/\\\/lospoliticosveracruz.com\\\/#\\\/schema\\\/logo\\\/image\\\/\"},\"sameAs\":[\"https:\\\/\\\/www.facebook.com\\\/people\\\/Notimemes-de-los-Polticos\\\/61565672886568\\\/\",\"https:\\\/\\\/x.com\\\/LosPoliticosVer\"]},{\"@type\":\"Person\",\"@id\":\"https:\\\/\\\/lospoliticosveracruz.com\\\/#\\\/schema\\\/person\\\/b8702bb0e538456e6efd07080bf2a4a2\",\"name\":\"Lo viste en Los Pol\u00edticos\",\"image\":{\"@type\":\"ImageObject\",\"inLanguage\":\"es\",\"@id\":\"https:\\\/\\\/secure.gravatar.com\\\/avatar\\\/3a8de04a2656d44082be478bd6c086daa447c4651605818287b9532d3d0bd435?s=96&d=mm&r=g\",\"url\":\"https:\\\/\\\/secure.gravatar.com\\\/avatar\\\/3a8de04a2656d44082be478bd6c086daa447c4651605818287b9532d3d0bd435?s=96&d=mm&r=g\",\"contentUrl\":\"https:\\\/\\\/secure.gravatar.com\\\/avatar\\\/3a8de04a2656d44082be478bd6c086daa447c4651605818287b9532d3d0bd435?s=96&d=mm&r=g\",\"caption\":\"Lo viste en Los Pol\u00edticos\"},\"url\":\"https:\\\/\\\/lospoliticosveracruz.com\\\/?author=2\"}]}<\/script>\n<!-- \/ Yoast SEO plugin. -->","yoast_head_json":{"title":"Guardia Nacional, riesgo para los Derechos Humanos: Dunyaska - Los pol\u00edticos Veracruz","robots":{"index":"index","follow":"follow","max-snippet":"max-snippet:-1","max-image-preview":"max-image-preview:large","max-video-preview":"max-video-preview:-1"},"canonical":"https:\/\/lospoliticosveracruz.com\/?p=46442","og_locale":"es_ES","og_type":"article","og_title":"Guardia Nacional, riesgo para los Derechos Humanos: Dunyaska - Los pol\u00edticos Veracruz","og_description":"La diputada Federal del PAN, Mariana Dunyaska Garc\u00eda Rojas advirti\u00f3 del riesgo de la violaci\u00f3n de derechos humanos ya que la Guardia Nacional tiene una operaci\u00f3n totalmente militarizada. Dijo que la Reforma Constitucional que da pie a esta corporaci\u00f3n, va en contra del propio proceso de desmilitarizaci\u00f3n que se busca a nivel mundial . \u201cHoy, [&hellip;]","og_url":"https:\/\/lospoliticosveracruz.com\/?p=46442","og_site_name":"Los pol\u00edticos Veracruz","article_publisher":"https:\/\/www.facebook.com\/people\/Notimemes-de-los-Polticos\/61565672886568\/","article_published_time":"2019-01-17T05:01:16+00:00","og_image":[{"width":600,"height":377,"url":"https:\/\/lospoliticosveracruz.com\/wp-content\/uploads\/2019\/01\/Mariana.jpeg","type":"image\/jpeg"}],"author":"Lo viste en Los Pol\u00edticos","twitter_card":"summary_large_image","twitter_creator":"@LosPoliticosVer","twitter_site":"@LosPoliticosVer","twitter_misc":{"Escrito por":"Lo viste en Los Pol\u00edticos","Tiempo de lectura":"3 minutos"},"schema":{"@context":"https:\/\/schema.org","@graph":[{"@type":"Article","@id":"https:\/\/lospoliticosveracruz.com\/?p=46442#article","isPartOf":{"@id":"https:\/\/lospoliticosveracruz.com\/?p=46442"},"author":{"name":"Lo viste en Los Pol\u00edticos","@id":"https:\/\/lospoliticosveracruz.com\/#\/schema\/person\/b8702bb0e538456e6efd07080bf2a4a2"},"headline":"Guardia Nacional, riesgo para los Derechos Humanos: Dunyaska","datePublished":"2019-01-17T05:01:16+00:00","mainEntityOfPage":{"@id":"https:\/\/lospoliticosveracruz.com\/?p=46442"},"wordCount":567,"commentCount":0,"publisher":{"@id":"https:\/\/lospoliticosveracruz.com\/#organization"},"image":{"@id":"https:\/\/lospoliticosveracruz.com\/?p=46442#primaryimage"},"thumbnailUrl":"https:\/\/lospoliticosveracruz.com\/wp-content\/uploads\/2019\/01\/Mariana.jpeg","keywords":["Ej\u00e9rcito","Guardia Nacional","Mariana Dunyaska Garc\u00eda Rojas","PAN","Polic\u00eda Federal"],"articleSection":["De Boleto"],"inLanguage":"es","potentialAction":[{"@type":"CommentAction","name":"Comment","target":["https:\/\/lospoliticosveracruz.com\/?p=46442#respond"]}]},{"@type":"WebPage","@id":"https:\/\/lospoliticosveracruz.com\/?p=46442","url":"https:\/\/lospoliticosveracruz.com\/?p=46442","name":"Guardia Nacional, riesgo para los Derechos Humanos: Dunyaska - Los pol\u00edticos Veracruz","isPartOf":{"@id":"https:\/\/lospoliticosveracruz.com\/#website"},"primaryImageOfPage":{"@id":"https:\/\/lospoliticosveracruz.com\/?p=46442#primaryimage"},"image":{"@id":"https:\/\/lospoliticosveracruz.com\/?p=46442#primaryimage"},"thumbnailUrl":"https:\/\/lospoliticosveracruz.com\/wp-content\/uploads\/2019\/01\/Mariana.jpeg","datePublished":"2019-01-17T05:01:16+00:00","breadcrumb":{"@id":"https:\/\/lospoliticosveracruz.com\/?p=46442#breadcrumb"},"inLanguage":"es","potentialAction":[{"@type":"ReadAction","target":["https:\/\/lospoliticosveracruz.com\/?p=46442"]}]},{"@type":"ImageObject","inLanguage":"es","@id":"https:\/\/lospoliticosveracruz.com\/?p=46442#primaryimage","url":"https:\/\/lospoliticosveracruz.com\/wp-content\/uploads\/2019\/01\/Mariana.jpeg","contentUrl":"https:\/\/lospoliticosveracruz.com\/wp-content\/uploads\/2019\/01\/Mariana.jpeg","width":600,"height":377},{"@type":"BreadcrumbList","@id":"https:\/\/lospoliticosveracruz.com\/?p=46442#breadcrumb","itemListElement":[{"@type":"ListItem","position":1,"name":"Portada","item":"https:\/\/lospoliticosveracruz.com\/"},{"@type":"ListItem","position":2,"name":"Guardia Nacional, riesgo para los Derechos Humanos: Dunyaska"}]},{"@type":"WebSite","@id":"https:\/\/lospoliticosveracruz.com\/#website","url":"https:\/\/lospoliticosveracruz.com\/","name":"Los pol\u00edticos Veracruz","description":"","publisher":{"@id":"https:\/\/lospoliticosveracruz.com\/#organization"},"potentialAction":[{"@type":"SearchAction","target":{"@type":"EntryPoint","urlTemplate":"https:\/\/lospoliticosveracruz.com\/?s={search_term_string}"},"query-input":{"@type":"PropertyValueSpecification","valueRequired":true,"valueName":"search_term_string"}}],"inLanguage":"es"},{"@type":"Organization","@id":"https:\/\/lospoliticosveracruz.com\/#organization","name":"Los pol\u00edticos Veracruz","url":"https:\/\/lospoliticosveracruz.com\/","logo":{"@type":"ImageObject","inLanguage":"es","@id":"https:\/\/lospoliticosveracruz.com\/#\/schema\/logo\/image\/","url":"https:\/\/lospoliticosveracruz.com\/wp-content\/uploads\/2025\/12\/Logo-Nuevo-LOS-POLITICOS-1.jpg","contentUrl":"https:\/\/lospoliticosveracruz.com\/wp-content\/uploads\/2025\/12\/Logo-Nuevo-LOS-POLITICOS-1.jpg","width":260,"height":70,"caption":"Los pol\u00edticos Veracruz"},"image":{"@id":"https:\/\/lospoliticosveracruz.com\/#\/schema\/logo\/image\/"},"sameAs":["https:\/\/www.facebook.com\/people\/Notimemes-de-los-Polticos\/61565672886568\/","https:\/\/x.com\/LosPoliticosVer"]},{"@type":"Person","@id":"https:\/\/lospoliticosveracruz.com\/#\/schema\/person\/b8702bb0e538456e6efd07080bf2a4a2","name":"Lo viste en Los Pol\u00edticos","image":{"@type":"ImageObject","inLanguage":"es","@id":"https:\/\/secure.gravatar.com\/avatar\/3a8de04a2656d44082be478bd6c086daa447c4651605818287b9532d3d0bd435?s=96&d=mm&r=g","url":"https:\/\/secure.gravatar.com\/avatar\/3a8de04a2656d44082be478bd6c086daa447c4651605818287b9532d3d0bd435?s=96&d=mm&r=g","contentUrl":"https:\/\/secure.gravatar.com\/avatar\/3a8de04a2656d44082be478bd6c086daa447c4651605818287b9532d3d0bd435?s=96&d=mm&r=g","caption":"Lo viste en Los Pol\u00edticos"},"url":"https:\/\/lospoliticosveracruz.com\/?author=2"}]}},"_links":{"self":[{"href":"https:\/\/lospoliticosveracruz.com\/index.php?rest_route=\/wp\/v2\/posts\/46442","targetHints":{"allow":["GET"]}}],"collection":[{"href":"https:\/\/lospoliticosveracruz.com\/index.php?rest_route=\/wp\/v2\/posts"}],"about":[{"href":"https:\/\/lospoliticosveracruz.com\/index.php?rest_route=\/wp\/v2\/types\/post"}],"author":[{"embeddable":true,"href":"https:\/\/lospoliticosveracruz.com\/index.php?rest_route=\/wp\/v2\/users\/2"}],"replies":[{"embeddable":true,"href":"https:\/\/lospoliticosveracruz.com\/index.php?rest_route=%2Fwp%2Fv2%2Fcomments&post=46442"}],"version-history":[{"count":1,"href":"https:\/\/lospoliticosveracruz.com\/index.php?rest_route=\/wp\/v2\/posts\/46442\/revisions"}],"predecessor-version":[{"id":46444,"href":"https:\/\/lospoliticosveracruz.com\/index.php?rest_route=\/wp\/v2\/posts\/46442\/revisions\/46444"}],"wp:featuredmedia":[{"embeddable":true,"href":"https:\/\/lospoliticosveracruz.com\/index.php?rest_route=\/wp\/v2\/media\/46443"}],"wp:attachment":[{"href":"https:\/\/lospoliticosveracruz.com\/index.php?rest_route=%2Fwp%2Fv2%2Fmedia&parent=46442"}],"wp:term":[{"taxonomy":"category","embeddable":true,"href":"https:\/\/lospoliticosveracruz.com\/index.php?rest_route=%2Fwp%2Fv2%2Fcategories&post=46442"},{"taxonomy":"post_tag","embeddable":true,"href":"https:\/\/lospoliticosveracruz.com\/index.php?rest_route=%2Fwp%2Fv2%2Ftags&post=46442"}],"curies":[{"name":"wp","href":"https:\/\/api.w.org\/{rel}","templated":true}]}}