{"id":46458,"date":"2019-01-17T17:04:53","date_gmt":"2019-01-17T23:04:53","guid":{"rendered":"http:\/\/www.lospoliticosveracruz.com.mx\/?p=46458"},"modified":"2019-01-17T17:04:53","modified_gmt":"2019-01-17T23:04:53","slug":"mexico-y-sus-microinfartos","status":"publish","type":"post","link":"https:\/\/lospoliticosveracruz.com\/?p=46458","title":{"rendered":"M\u00e9xico y sus microinfartos"},"content":{"rendered":"<p><strong>Anil\u00fa Ingram Vallines<\/strong><\/p>\n<p><em>Diputada Federal<\/em><\/p>\n<p>En poco menos de dos meses M\u00e9xico ha sufrido ya una serie de micro infartos, los que han comenzado a hacer mella en la salud nacional.<\/p>\n<p>Lo que nunca se hab\u00eda visto en la historia nacional, previo al arranque de la nueva administraci\u00f3n federal, un presidente electo ya le generaba crisis al pa\u00eds sin siquiera estar en funciones.<\/p>\n<p>As\u00ed, este nuevo gobierno federal nos ha llevado de un sobresalto a otro, perdiendo en el camino la credibilidad como naci\u00f3n ante los inversionistas, que tantos a\u00f1os demor\u00f3 construirla.<\/p>\n<p>El primer gran susto se lo llevaron los mercados con la cancelaci\u00f3n de la obra del Aeropuerto Internacional de la Ciudad de M\u00e9xico, crisis de la cual, por cierto, hasta la fecha no han podido salir. Despu\u00e9s vino el tema de las Afores y los bancos y as\u00ed sucesivamente.<\/p>\n<p>Sus \u201cerrores de dedo\u201d como ellos mismos los han llamado, mantuvieron en vilo a las universidades p\u00fablicas durante d\u00edas, primero con el tema de quitarles su autonom\u00eda y, despu\u00e9s, cuando intentaron recortarles el presupuesto; le toc\u00f3 en el mismo sentido a los consulados con los recursos a ejercer durante este a\u00f1o, pero ante la presi\u00f3n social tuvieron que salir y decir que se trat\u00f3 en todos los casos de errores que corregir\u00edan, demostrando que se trabaja en la total improvisaci\u00f3n.<\/p>\n<p>En diciembre no solo se enfrasc\u00f3 en una confrontaci\u00f3n con el Poder Judicial, sino que algunos de los personajes m\u00e1s visibles de su partido sacaron raja pol\u00edtica de la fat\u00eddica muerte de la gobernadora de Puebla, Martha Erika Alonso y su esposo, el senador, Rafael Moreno Valle.<\/p>\n<p>Pero sin duda la mayor crisis que hasta el momento han tenido que enfrentar es esta de enero con el desabasto del combustible en 10 estados del pa\u00eds, incluida la capital.\u00a0 \u00a0Ellos, que en campa\u00f1a se hab\u00edan comprometido a bajar el precio de las gasolinas, a construir refiner\u00edas en el pa\u00eds, dejaron sin combustibles a millones de habitantes en M\u00e9xico.<\/p>\n<p>Durante d\u00edas le dieron vueltas y vueltas al asunto argumentando que era efecto de la estrategia implementada para evitar el robo de combustibles; despu\u00e9s que era maniobra electorera para desprestigiarlo y, una tercera versi\u00f3n, que era una falla en el ducto que va de Tuxpan a Azcapotzalco.<\/p>\n<p>Lo estimado del monto de las p\u00e9rdidas diarias de la iniciativa privada por este desabasto han venido de ah\u00ed pero no del gobierno. Por eso\u00a0en el Grupo Parlamentario del PRI, hemos demandado se presenten los n\u00fameros crudos, como por ejemplo, lo erogado en la movilizaci\u00f3n de las gasolinas v\u00eda terrestre. Al no fluir la informaci\u00f3n dejan abierta la puerta a la especulaci\u00f3n, a la rumorolog\u00eda, a la opacidad, como que se benefici\u00f3 a empresas de familiares y amigos de propios funcionarios federales con la contrataci\u00f3n de las pipas para la transportaci\u00f3n.<\/p>\n<p>Preocupante lo declarado por el jefe de la Oficina de la Presidencia, Alfonso Romo, sobre los errores de esta administraci\u00f3n al afirmar que una golondrina no hace verano. Sin embargo, aunque se nieguen a verlos, ya son muchos los microinfartos que el gobierno del supuesto cambio le ha ocasionado a M\u00e9xico.\u00a0\u00a0 Como naci\u00f3n somos fuertes, pero no son muchas las crisis que podremos resistir a este ritmo.<\/p>\n<p>@AniluIngram<\/p>\n<p>&nbsp;<\/p>\n","protected":false},"excerpt":{"rendered":"<p>Anil\u00fa Ingram Vallines Diputada Federal En poco menos de dos meses M\u00e9xico ha sufrido ya una serie de micro infartos, los que han comenzado a hacer mella en la salud nacional. Lo que nunca se hab\u00eda visto en la historia nacional, previo al arranque de la nueva administraci\u00f3n federal, un presidente electo ya le generaba [&hellip;]<\/p>\n","protected":false},"author":2,"featured_media":46459,"comment_status":"open","ping_status":"open","sticky":false,"template":"","format":"standard","meta":{"tdm_status":"","tdm_grid_status":"","footnotes":""},"categories":[70],"tags":[1872,7048,6391,8609,13422,395,12457,2744,251,3132,3736,203],"class_list":{"0":"post-46458","1":"post","2":"type-post","3":"status-publish","4":"format-standard","5":"has-post-thumbnail","7":"category-de-opinion","8":"tag-anilu-ingram-vallines","9":"tag-desabasto","10":"tag-diputada-federal","11":"tag-liberalizacion-del-precio-de-las-gasolinas","12":"tag-martha-erika-alonso","13":"tag-mexico","14":"tag-nuevo-aeropuerto-internacional-de-la-ciudad-de-mexico","15":"tag-presidencia","16":"tag-pri","17":"tag-puebla","18":"tag-rafael-moreno-valle","19":"tag-tuxpan"},"yoast_head":"<!-- This site is optimized with the Yoast SEO plugin v27.4 - https:\/\/yoast.com\/product\/yoast-seo-wordpress\/ -->\n<title>M\u00e9xico y sus microinfartos - Los pol\u00edticos Veracruz<\/title>\n<meta name=\"robots\" content=\"index, follow, max-snippet:-1, max-image-preview:large, max-video-preview:-1\" \/>\n<link rel=\"canonical\" href=\"https:\/\/lospoliticosveracruz.com\/?p=46458\" \/>\n<meta property=\"og:locale\" content=\"es_ES\" \/>\n<meta property=\"og:type\" content=\"article\" \/>\n<meta property=\"og:title\" content=\"M\u00e9xico y sus microinfartos - Los pol\u00edticos Veracruz\" \/>\n<meta property=\"og:description\" content=\"Anil\u00fa Ingram Vallines Diputada Federal En poco menos de dos meses M\u00e9xico ha sufrido ya una serie de micro infartos, los que han comenzado a hacer mella en la salud nacional. Lo que nunca se hab\u00eda visto en la historia nacional, previo al arranque de la nueva administraci\u00f3n federal, un presidente electo ya le generaba [&hellip;]\" \/>\n<meta property=\"og:url\" content=\"https:\/\/lospoliticosveracruz.com\/?p=46458\" \/>\n<meta property=\"og:site_name\" content=\"Los pol\u00edticos Veracruz\" \/>\n<meta property=\"article:publisher\" content=\"https:\/\/www.facebook.com\/people\/Notimemes-de-los-Polticos\/61565672886568\/\" \/>\n<meta property=\"article:published_time\" content=\"2019-01-17T23:04:53+00:00\" \/>\n<meta property=\"og:image\" content=\"https:\/\/lospoliticosveracruz.com\/wp-content\/uploads\/2019\/01\/AMLO-enfermo.jpg\" \/>\n\t<meta property=\"og:image:width\" content=\"600\" \/>\n\t<meta property=\"og:image:height\" content=\"320\" \/>\n\t<meta property=\"og:image:type\" content=\"image\/jpeg\" \/>\n<meta name=\"author\" content=\"Lo viste en Los Pol\u00edticos\" \/>\n<meta name=\"twitter:card\" content=\"summary_large_image\" \/>\n<meta name=\"twitter:creator\" content=\"@LosPoliticosVer\" \/>\n<meta name=\"twitter:site\" content=\"@LosPoliticosVer\" \/>\n<meta name=\"twitter:label1\" content=\"Escrito por\" \/>\n\t<meta name=\"twitter:data1\" content=\"Lo viste en Los Pol\u00edticos\" \/>\n\t<meta name=\"twitter:label2\" content=\"Tiempo de lectura\" \/>\n\t<meta name=\"twitter:data2\" content=\"3 minutos\" \/>\n<script type=\"application\/ld+json\" class=\"yoast-schema-graph\">{\"@context\":\"https:\\\/\\\/schema.org\",\"@graph\":[{\"@type\":\"Article\",\"@id\":\"https:\\\/\\\/lospoliticosveracruz.com\\\/?p=46458#article\",\"isPartOf\":{\"@id\":\"https:\\\/\\\/lospoliticosveracruz.com\\\/?p=46458\"},\"author\":{\"name\":\"Lo viste en Los Pol\u00edticos\",\"@id\":\"https:\\\/\\\/lospoliticosveracruz.com\\\/#\\\/schema\\\/person\\\/b8702bb0e538456e6efd07080bf2a4a2\"},\"headline\":\"M\u00e9xico y sus microinfartos\",\"datePublished\":\"2019-01-17T23:04:53+00:00\",\"mainEntityOfPage\":{\"@id\":\"https:\\\/\\\/lospoliticosveracruz.com\\\/?p=46458\"},\"wordCount\":582,\"commentCount\":0,\"publisher\":{\"@id\":\"https:\\\/\\\/lospoliticosveracruz.com\\\/#organization\"},\"image\":{\"@id\":\"https:\\\/\\\/lospoliticosveracruz.com\\\/?p=46458#primaryimage\"},\"thumbnailUrl\":\"https:\\\/\\\/lospoliticosveracruz.com\\\/wp-content\\\/uploads\\\/2019\\\/01\\\/AMLO-enfermo.jpg\",\"keywords\":[\"Anil\u00fa Ingram Vallines\",\"Desabasto\",\"Diputada Federal\",\"liberalizaci\u00f3n del precio de las gasolinas\",\"Martha Erika Alonso\",\"M\u00e9xico\",\"Nuevo Aeropuerto Internacional de la Ciudad de M\u00e9xico\",\"Presidencia\",\"PRI\",\"Puebla\",\"Rafael Moreno Valle\",\"Tuxpan\"],\"articleSection\":[\"De Opini\u00f3n\"],\"inLanguage\":\"es\",\"potentialAction\":[{\"@type\":\"CommentAction\",\"name\":\"Comment\",\"target\":[\"https:\\\/\\\/lospoliticosveracruz.com\\\/?p=46458#respond\"]}]},{\"@type\":\"WebPage\",\"@id\":\"https:\\\/\\\/lospoliticosveracruz.com\\\/?p=46458\",\"url\":\"https:\\\/\\\/lospoliticosveracruz.com\\\/?p=46458\",\"name\":\"M\u00e9xico y sus microinfartos - Los pol\u00edticos Veracruz\",\"isPartOf\":{\"@id\":\"https:\\\/\\\/lospoliticosveracruz.com\\\/#website\"},\"primaryImageOfPage\":{\"@id\":\"https:\\\/\\\/lospoliticosveracruz.com\\\/?p=46458#primaryimage\"},\"image\":{\"@id\":\"https:\\\/\\\/lospoliticosveracruz.com\\\/?p=46458#primaryimage\"},\"thumbnailUrl\":\"https:\\\/\\\/lospoliticosveracruz.com\\\/wp-content\\\/uploads\\\/2019\\\/01\\\/AMLO-enfermo.jpg\",\"datePublished\":\"2019-01-17T23:04:53+00:00\",\"breadcrumb\":{\"@id\":\"https:\\\/\\\/lospoliticosveracruz.com\\\/?p=46458#breadcrumb\"},\"inLanguage\":\"es\",\"potentialAction\":[{\"@type\":\"ReadAction\",\"target\":[\"https:\\\/\\\/lospoliticosveracruz.com\\\/?p=46458\"]}]},{\"@type\":\"ImageObject\",\"inLanguage\":\"es\",\"@id\":\"https:\\\/\\\/lospoliticosveracruz.com\\\/?p=46458#primaryimage\",\"url\":\"https:\\\/\\\/lospoliticosveracruz.com\\\/wp-content\\\/uploads\\\/2019\\\/01\\\/AMLO-enfermo.jpg\",\"contentUrl\":\"https:\\\/\\\/lospoliticosveracruz.com\\\/wp-content\\\/uploads\\\/2019\\\/01\\\/AMLO-enfermo.jpg\",\"width\":600,\"height\":320},{\"@type\":\"BreadcrumbList\",\"@id\":\"https:\\\/\\\/lospoliticosveracruz.com\\\/?p=46458#breadcrumb\",\"itemListElement\":[{\"@type\":\"ListItem\",\"position\":1,\"name\":\"Portada\",\"item\":\"https:\\\/\\\/lospoliticosveracruz.com\\\/\"},{\"@type\":\"ListItem\",\"position\":2,\"name\":\"M\u00e9xico y sus microinfartos\"}]},{\"@type\":\"WebSite\",\"@id\":\"https:\\\/\\\/lospoliticosveracruz.com\\\/#website\",\"url\":\"https:\\\/\\\/lospoliticosveracruz.com\\\/\",\"name\":\"Los pol\u00edticos Veracruz\",\"description\":\"\",\"publisher\":{\"@id\":\"https:\\\/\\\/lospoliticosveracruz.com\\\/#organization\"},\"potentialAction\":[{\"@type\":\"SearchAction\",\"target\":{\"@type\":\"EntryPoint\",\"urlTemplate\":\"https:\\\/\\\/lospoliticosveracruz.com\\\/?s={search_term_string}\"},\"query-input\":{\"@type\":\"PropertyValueSpecification\",\"valueRequired\":true,\"valueName\":\"search_term_string\"}}],\"inLanguage\":\"es\"},{\"@type\":\"Organization\",\"@id\":\"https:\\\/\\\/lospoliticosveracruz.com\\\/#organization\",\"name\":\"Los pol\u00edticos Veracruz\",\"url\":\"https:\\\/\\\/lospoliticosveracruz.com\\\/\",\"logo\":{\"@type\":\"ImageObject\",\"inLanguage\":\"es\",\"@id\":\"https:\\\/\\\/lospoliticosveracruz.com\\\/#\\\/schema\\\/logo\\\/image\\\/\",\"url\":\"https:\\\/\\\/lospoliticosveracruz.com\\\/wp-content\\\/uploads\\\/2025\\\/12\\\/Logo-Nuevo-LOS-POLITICOS-1.jpg\",\"contentUrl\":\"https:\\\/\\\/lospoliticosveracruz.com\\\/wp-content\\\/uploads\\\/2025\\\/12\\\/Logo-Nuevo-LOS-POLITICOS-1.jpg\",\"width\":260,\"height\":70,\"caption\":\"Los pol\u00edticos Veracruz\"},\"image\":{\"@id\":\"https:\\\/\\\/lospoliticosveracruz.com\\\/#\\\/schema\\\/logo\\\/image\\\/\"},\"sameAs\":[\"https:\\\/\\\/www.facebook.com\\\/people\\\/Notimemes-de-los-Polticos\\\/61565672886568\\\/\",\"https:\\\/\\\/x.com\\\/LosPoliticosVer\"]},{\"@type\":\"Person\",\"@id\":\"https:\\\/\\\/lospoliticosveracruz.com\\\/#\\\/schema\\\/person\\\/b8702bb0e538456e6efd07080bf2a4a2\",\"name\":\"Lo viste en Los Pol\u00edticos\",\"image\":{\"@type\":\"ImageObject\",\"inLanguage\":\"es\",\"@id\":\"https:\\\/\\\/secure.gravatar.com\\\/avatar\\\/3a8de04a2656d44082be478bd6c086daa447c4651605818287b9532d3d0bd435?s=96&d=mm&r=g\",\"url\":\"https:\\\/\\\/secure.gravatar.com\\\/avatar\\\/3a8de04a2656d44082be478bd6c086daa447c4651605818287b9532d3d0bd435?s=96&d=mm&r=g\",\"contentUrl\":\"https:\\\/\\\/secure.gravatar.com\\\/avatar\\\/3a8de04a2656d44082be478bd6c086daa447c4651605818287b9532d3d0bd435?s=96&d=mm&r=g\",\"caption\":\"Lo viste en Los Pol\u00edticos\"},\"url\":\"https:\\\/\\\/lospoliticosveracruz.com\\\/?author=2\"}]}<\/script>\n<!-- \/ Yoast SEO plugin. -->","yoast_head_json":{"title":"M\u00e9xico y sus microinfartos - Los pol\u00edticos Veracruz","robots":{"index":"index","follow":"follow","max-snippet":"max-snippet:-1","max-image-preview":"max-image-preview:large","max-video-preview":"max-video-preview:-1"},"canonical":"https:\/\/lospoliticosveracruz.com\/?p=46458","og_locale":"es_ES","og_type":"article","og_title":"M\u00e9xico y sus microinfartos - Los pol\u00edticos Veracruz","og_description":"Anil\u00fa Ingram Vallines Diputada Federal En poco menos de dos meses M\u00e9xico ha sufrido ya una serie de micro infartos, los que han comenzado a hacer mella en la salud nacional. Lo que nunca se hab\u00eda visto en la historia nacional, previo al arranque de la nueva administraci\u00f3n federal, un presidente electo ya le generaba [&hellip;]","og_url":"https:\/\/lospoliticosveracruz.com\/?p=46458","og_site_name":"Los pol\u00edticos Veracruz","article_publisher":"https:\/\/www.facebook.com\/people\/Notimemes-de-los-Polticos\/61565672886568\/","article_published_time":"2019-01-17T23:04:53+00:00","og_image":[{"width":600,"height":320,"url":"https:\/\/lospoliticosveracruz.com\/wp-content\/uploads\/2019\/01\/AMLO-enfermo.jpg","type":"image\/jpeg"}],"author":"Lo viste en Los Pol\u00edticos","twitter_card":"summary_large_image","twitter_creator":"@LosPoliticosVer","twitter_site":"@LosPoliticosVer","twitter_misc":{"Escrito por":"Lo viste en Los Pol\u00edticos","Tiempo de lectura":"3 minutos"},"schema":{"@context":"https:\/\/schema.org","@graph":[{"@type":"Article","@id":"https:\/\/lospoliticosveracruz.com\/?p=46458#article","isPartOf":{"@id":"https:\/\/lospoliticosveracruz.com\/?p=46458"},"author":{"name":"Lo viste en Los Pol\u00edticos","@id":"https:\/\/lospoliticosveracruz.com\/#\/schema\/person\/b8702bb0e538456e6efd07080bf2a4a2"},"headline":"M\u00e9xico y sus microinfartos","datePublished":"2019-01-17T23:04:53+00:00","mainEntityOfPage":{"@id":"https:\/\/lospoliticosveracruz.com\/?p=46458"},"wordCount":582,"commentCount":0,"publisher":{"@id":"https:\/\/lospoliticosveracruz.com\/#organization"},"image":{"@id":"https:\/\/lospoliticosveracruz.com\/?p=46458#primaryimage"},"thumbnailUrl":"https:\/\/lospoliticosveracruz.com\/wp-content\/uploads\/2019\/01\/AMLO-enfermo.jpg","keywords":["Anil\u00fa Ingram Vallines","Desabasto","Diputada Federal","liberalizaci\u00f3n del precio de las gasolinas","Martha Erika Alonso","M\u00e9xico","Nuevo Aeropuerto Internacional de la Ciudad de M\u00e9xico","Presidencia","PRI","Puebla","Rafael Moreno Valle","Tuxpan"],"articleSection":["De Opini\u00f3n"],"inLanguage":"es","potentialAction":[{"@type":"CommentAction","name":"Comment","target":["https:\/\/lospoliticosveracruz.com\/?p=46458#respond"]}]},{"@type":"WebPage","@id":"https:\/\/lospoliticosveracruz.com\/?p=46458","url":"https:\/\/lospoliticosveracruz.com\/?p=46458","name":"M\u00e9xico y sus microinfartos - Los pol\u00edticos Veracruz","isPartOf":{"@id":"https:\/\/lospoliticosveracruz.com\/#website"},"primaryImageOfPage":{"@id":"https:\/\/lospoliticosveracruz.com\/?p=46458#primaryimage"},"image":{"@id":"https:\/\/lospoliticosveracruz.com\/?p=46458#primaryimage"},"thumbnailUrl":"https:\/\/lospoliticosveracruz.com\/wp-content\/uploads\/2019\/01\/AMLO-enfermo.jpg","datePublished":"2019-01-17T23:04:53+00:00","breadcrumb":{"@id":"https:\/\/lospoliticosveracruz.com\/?p=46458#breadcrumb"},"inLanguage":"es","potentialAction":[{"@type":"ReadAction","target":["https:\/\/lospoliticosveracruz.com\/?p=46458"]}]},{"@type":"ImageObject","inLanguage":"es","@id":"https:\/\/lospoliticosveracruz.com\/?p=46458#primaryimage","url":"https:\/\/lospoliticosveracruz.com\/wp-content\/uploads\/2019\/01\/AMLO-enfermo.jpg","contentUrl":"https:\/\/lospoliticosveracruz.com\/wp-content\/uploads\/2019\/01\/AMLO-enfermo.jpg","width":600,"height":320},{"@type":"BreadcrumbList","@id":"https:\/\/lospoliticosveracruz.com\/?p=46458#breadcrumb","itemListElement":[{"@type":"ListItem","position":1,"name":"Portada","item":"https:\/\/lospoliticosveracruz.com\/"},{"@type":"ListItem","position":2,"name":"M\u00e9xico y sus microinfartos"}]},{"@type":"WebSite","@id":"https:\/\/lospoliticosveracruz.com\/#website","url":"https:\/\/lospoliticosveracruz.com\/","name":"Los pol\u00edticos Veracruz","description":"","publisher":{"@id":"https:\/\/lospoliticosveracruz.com\/#organization"},"potentialAction":[{"@type":"SearchAction","target":{"@type":"EntryPoint","urlTemplate":"https:\/\/lospoliticosveracruz.com\/?s={search_term_string}"},"query-input":{"@type":"PropertyValueSpecification","valueRequired":true,"valueName":"search_term_string"}}],"inLanguage":"es"},{"@type":"Organization","@id":"https:\/\/lospoliticosveracruz.com\/#organization","name":"Los pol\u00edticos Veracruz","url":"https:\/\/lospoliticosveracruz.com\/","logo":{"@type":"ImageObject","inLanguage":"es","@id":"https:\/\/lospoliticosveracruz.com\/#\/schema\/logo\/image\/","url":"https:\/\/lospoliticosveracruz.com\/wp-content\/uploads\/2025\/12\/Logo-Nuevo-LOS-POLITICOS-1.jpg","contentUrl":"https:\/\/lospoliticosveracruz.com\/wp-content\/uploads\/2025\/12\/Logo-Nuevo-LOS-POLITICOS-1.jpg","width":260,"height":70,"caption":"Los pol\u00edticos Veracruz"},"image":{"@id":"https:\/\/lospoliticosveracruz.com\/#\/schema\/logo\/image\/"},"sameAs":["https:\/\/www.facebook.com\/people\/Notimemes-de-los-Polticos\/61565672886568\/","https:\/\/x.com\/LosPoliticosVer"]},{"@type":"Person","@id":"https:\/\/lospoliticosveracruz.com\/#\/schema\/person\/b8702bb0e538456e6efd07080bf2a4a2","name":"Lo viste en Los Pol\u00edticos","image":{"@type":"ImageObject","inLanguage":"es","@id":"https:\/\/secure.gravatar.com\/avatar\/3a8de04a2656d44082be478bd6c086daa447c4651605818287b9532d3d0bd435?s=96&d=mm&r=g","url":"https:\/\/secure.gravatar.com\/avatar\/3a8de04a2656d44082be478bd6c086daa447c4651605818287b9532d3d0bd435?s=96&d=mm&r=g","contentUrl":"https:\/\/secure.gravatar.com\/avatar\/3a8de04a2656d44082be478bd6c086daa447c4651605818287b9532d3d0bd435?s=96&d=mm&r=g","caption":"Lo viste en Los Pol\u00edticos"},"url":"https:\/\/lospoliticosveracruz.com\/?author=2"}]}},"_links":{"self":[{"href":"https:\/\/lospoliticosveracruz.com\/index.php?rest_route=\/wp\/v2\/posts\/46458","targetHints":{"allow":["GET"]}}],"collection":[{"href":"https:\/\/lospoliticosveracruz.com\/index.php?rest_route=\/wp\/v2\/posts"}],"about":[{"href":"https:\/\/lospoliticosveracruz.com\/index.php?rest_route=\/wp\/v2\/types\/post"}],"author":[{"embeddable":true,"href":"https:\/\/lospoliticosveracruz.com\/index.php?rest_route=\/wp\/v2\/users\/2"}],"replies":[{"embeddable":true,"href":"https:\/\/lospoliticosveracruz.com\/index.php?rest_route=%2Fwp%2Fv2%2Fcomments&post=46458"}],"version-history":[{"count":1,"href":"https:\/\/lospoliticosveracruz.com\/index.php?rest_route=\/wp\/v2\/posts\/46458\/revisions"}],"predecessor-version":[{"id":46460,"href":"https:\/\/lospoliticosveracruz.com\/index.php?rest_route=\/wp\/v2\/posts\/46458\/revisions\/46460"}],"wp:featuredmedia":[{"embeddable":true,"href":"https:\/\/lospoliticosveracruz.com\/index.php?rest_route=\/wp\/v2\/media\/46459"}],"wp:attachment":[{"href":"https:\/\/lospoliticosveracruz.com\/index.php?rest_route=%2Fwp%2Fv2%2Fmedia&parent=46458"}],"wp:term":[{"taxonomy":"category","embeddable":true,"href":"https:\/\/lospoliticosveracruz.com\/index.php?rest_route=%2Fwp%2Fv2%2Fcategories&post=46458"},{"taxonomy":"post_tag","embeddable":true,"href":"https:\/\/lospoliticosveracruz.com\/index.php?rest_route=%2Fwp%2Fv2%2Ftags&post=46458"}],"curies":[{"name":"wp","href":"https:\/\/api.w.org\/{rel}","templated":true}]}}