{"id":46472,"date":"2019-01-18T08:32:10","date_gmt":"2019-01-18T14:32:10","guid":{"rendered":"http:\/\/www.lospoliticosveracruz.com.mx\/?p=46472"},"modified":"2019-01-18T08:32:10","modified_gmt":"2019-01-18T14:32:10","slug":"del-pri-mor-al-ver-mor-con-javier","status":"publish","type":"post","link":"https:\/\/lospoliticosveracruz.com\/?p=46472","title":{"rendered":"Del PRI-Mor al Ver-Mor con Javier"},"content":{"rendered":"<p><strong>Ricardo Ch\u00faa<\/strong><\/p>\n<p><em>Sale y Vale<\/em><\/p>\n<p>Manolo Carvallo&#8230; Se ha dicho todo de ti&#8230;. Pero t\u00fa coraz\u00f3n de ni\u00f1o, siempre ser\u00e1 tu mejor legado&#8230; Est\u00e1s con tu \u00abcuatacho\u00bb del alma, Guechy&#8230; Ah\u00ed volver\u00e1s a joder a Enrique Huerta&#8230; Acompa\u00f1ar\u00e1s a tu mentor, Horacio Aude&#8230; Pero sabemos que est\u00e1s feliz porque ya volviste a abrazar a tu hijo, al junior&#8230; Que s\u00f3lo te esper\u00f3 5 a\u00f1os para que lo alcanzaras de nuevo&#8230; Ahora a su lado s\u00e9 feliz cabr\u00f3n&#8230; Ya nada te lo impide&#8230; Ac\u00e1 tus amigos te vamos a extra\u00f1ar&#8230; QDEP.. Hasta Siempre \u00abCaballo Loco\u00bb&#8230;.<\/p>\n<p>EL ACUERDO&#8230; Quienes siempre dudaron que los priistas no hab\u00edan ayudado a ganar a MORENA en 5 estados del pa\u00eds, donde tienen gobernadores y sostuvieron un \u00abalianza de facto\u00bb con Andr\u00e9s Manuel L\u00f3pez Obrador para que llegara \u00e9l y no \u00abChiken Lite\u00bb Anaya. a la Presidencia&#8230; El mi\u00e9rcoles qued\u00f3 claro con el apoyo de legisladores del tricolor para el tema de la Guardia Nacional&#8230; En Veracruz, Cuitl\u00e1huac Garc\u00eda gan\u00f3 por los 800 mil votos que le dio el PRI&#8230; QUE AHORITA NO SE ACUERDE&#8230; Es otra historia&#8230; Y los MORENOS lo saben..<\/p>\n<p>La idea de ese apoyo que dio el PRI en Congreso de la Uni\u00f3n a MORENA&#8230; Tiene varias aristas&#8230; Una es regresar al poder presidencial y en los estados en algunos a\u00f1os&#8230; Mientras la sociedad se \u00abdesintoxican\u00bb de ellos.. Adem\u00e1s los priistas son \u00abcuatachos\u00bb de los militares&#8230; Y el \u00abamarre\u00bb va a estar en las gubernaturas pr\u00f3ximas&#8230; Ya que el PRI tiene actualmente 13 y MORENA 5&#8230; Y sino pueden por el PRI lo har\u00e1n con el \u00abpartido sat\u00e9lite\u00bb el PVEM&#8230; El enemigo de los MORENOS es el PAN&#8230; No el tricolor&#8230;<\/p>\n<p>En caso que los acuerdos en lo \u00aboscurito\u00bb no se respeten&#8230; Ya que el PRI es un experto en ese tipo de acuerdos&#8230; Los priistas, que si saben de pol\u00edtica, van a jugar con el \u00abscore\u00bb y no duden que a la primera de cambios&#8230;. Dejen el PRIMOR y vuelvan al PRIAN&#8230; Puebla ser\u00e1 el \u00abprimer laboratorio\u00bb para esa prueba&#8230; Ah\u00ed el priismo ha dado se\u00f1ales de jugar con el panismo en una alianza con el PVEM&#8230; Tal como lo hicieron en Veracruz hace menos de un a\u00f1o&#8230; Pero no con Yunes sino con Cuitl\u00e1huac&#8230; El camino ya lo saben&#8230;.<\/p>\n<p>Ante ese escenario es que el \u00abrumor\u00bb se fortalece que la alianza MORENA-PVEM puede preparar a un cuadro local con experiencia nacional para el 2024&#8230; No Erick Cisneros, ni El\u00edas Miguel Moreno Brizuela&#8230; Los m\u00e1s viables&#8230; Tampoco Ricardo Exhome&#8230;. Ese personaje se llama: Javier, se apellida Herrera Borunda&#8230; Asesor de la bancada del PVEM en el Congreso de la Uni\u00f3n&#8230; Hijo de quien Miguel Alem\u00e1n Velasco en su momento consider\u00f3 el \u00abmejor pol\u00edtico de M\u00e9xico\u00bb: Fidel Herrera Beltr\u00e1n&#8230;<\/p>\n<p>S\u00f3lo recuerden un dato: El PVEM es sostenido por 4 estados del pa\u00eds&#8230;Y son los que tienen mayor presencia electoral despu\u00e9s de Estado de M\u00e9xico y Ciudad de M\u00e9xico&#8230;. Veracruz (Fidel Herrera); Chiapas (Manuel Velasco), Oaxaca (Jos\u00e9 Murat) y Tabasco (Roberto Madrazo)&#8230; Todos \u00abEx Gober Ansiosos\u00bb (de poder)&#8230; Todos con hijos trabajando en el Senado con el PVEM y todos en alianza con MORENA&#8230; Y que tambi\u00e9n la jugaron con el PAN&#8230; No con Anaya sino con panistas y candidatos locales&#8230;<\/p>\n<p>Acaso creen que esa versi\u00f3n&#8230; Que se ha \u00abfiltrado\u00bb que MORENA har\u00e1 una \u00abpurga\u00bb de alcaldes en Veracruz. de los 17 que tiene, para quitar a los que tienen m\u00e1s repudio social en su localidad&#8230; Quienes recomendaban esos \u00abreacomodos\u00bb cuando un alcalde era \u00abincomodo\u00bb pues los priistas&#8230; Para evitar da\u00f1os a futuro&#8230; Por eso hablan ya de hacer a un lado a Hipo-Crito Rodr\u00edguez, de Xalapa&#8230; Y de aplicar esta medida&#8230;. Qui\u00e9n sigue: Minatitlan o Coatzacoalcos&#8230; Que conste que es pregunta&#8230;<\/p>\n<p>As\u00ed que si el acuerdo es apoyar a los futuros proyectos del PVEM-MORENA para apuntalar a los \u00abBisnietos de la Revoluci\u00f3n\u00bb y prepararles el camino.. La remoci\u00f3n de alcaldes ser\u00e1 \u00abpecata minuta\u00bb&#8230; Seguro en unos meses m\u00e1s, si es que superan la prueba y remueven a Jorge Winckler (Cosa que se duda) entonces vendr\u00e1n \u00abenroques\u00bb en el gabinete de Cuitl\u00e1huac Garc\u00eda&#8230; Y es ah\u00ed donde la \u00abparvada\u00bb de priistas caer\u00e1 de nuevo en el gabinete estatal&#8230;. OJO Jorge Carvallo viene de avanzada con el sector ca\u00f1ero que son de MORENA&#8230; AMEN&#8230;<\/p>\n<p>EL PLEITO&#8230; El pleito del Gobernador, Cuitl\u00e1huac Garc\u00eda y el secretario de Gobieno, Erick Cisneros contra el Fiscal de Veracruz, Jorge Winckler&#8230; Ya se extendi\u00f3 al PAN y al Congreso Local a la bancada panista&#8230; As\u00ed que en ese \u00abestira y afloja\u00bb de MORENA en Veracruz (No Andr\u00e9s Manuel L\u00f3pez Obrador) contra PapaYunes y los suyos&#8230; Que s\u00f3lo provoca MORBO y no ayuda en nada a los veracruzanos porque la inseguridad contin\u00faan en la entidad&#8230; Es m\u00e1s de lo mismo&#8230; Los jugadores cambian.. El juego no&#8230;<\/p>\n<p>Pero en esto ya se meti\u00f3 el ChiquiNando y amenaz\u00f3 jur\u00eddicamente al Gober Jarocho&#8230; Y eso que no empieza aun el Carnaval&#8230; Para nadie es un secreto&#8230; Que las denuncias del Chiqui II y diputados del PAN es para \u00abEMPATAR\u00bb marcador por el tema del Fiscal&#8230;. As\u00ed que en la entidad se puede dar el caso que mientras el Congreso con su \u00abaplanadora\u00bb de MORENA cite a Winckller a comparecer por \u00abJuicio Pol\u00edtico\u00bb&#8230;. Ese mismo d\u00eda citen JUDICIALMENTE al titular de SEFIPLAN, Jos\u00e9 Luis Lima y la Contralora del Estado, Lelie Garibo&#8230; Assuuuuu&#8230;<\/p>\n<p>Pero OJO no se confundan&#8230; Sin los conectes de los vecinos de enfrente en la Fiscal\u00eda&#8230;. Pero por PURA PINCHE L\u00d3GICA&#8230;. La cita judicial a la FGE a Lima y Garibo no ser\u00eda, por la \u00abjalada\u00bb esa de usurpan funciones&#8230; NOU&#8230;. Lima hasta es oriundo de la comarca de Los Yunes azules&#8230; El citatorio vendr\u00eda por las denuncias que pondr\u00edan alcaldes panistas que el Estado no les han entregado recursos&#8230; As\u00ed que sin ser \u00abPito-Niso\u00bb. .. Es un hecho que la queja de ChiquiNando a Cuitl\u00e1huac&#8230; S\u00f3lo tiene un mensaje pol\u00edtico, m\u00e1s que administrativo o judicial&#8230;<\/p>\n<p>Obvio el mensaje es de PapaYunes&#8230; \u00abNo ser\u00e9 el abogado de Winckler, pero aqu\u00ed estoy\u00bb&#8230; A poco creen que tiene otro fin&#8230; \u00abEMPATE DE ESCENARIOS\u00bb y POL\u00cdTICA FICCI\u00d3N de los involucrados&#8230; Pero el PLEITO se pone bueno&#8230; La lucha ya no es Erick Cisneros vs Winckler&#8230;. Ese enfrentamiento se convirti\u00f3 en partido de Primera A&#8230; Ahora es PapaYunes vs Cuitl\u00e1huac&#8230; Pero OJO Fidel y Yunes son como un Real Madrid o Barcelona&#8230; Cuitl\u00e1huac es un \u00bfJuventus? o un \u00bfClub de Cuervos?&#8230; La camisa es parecida&#8230; La pelota est\u00e1 en el fondo&#8230;<\/p>\n","protected":false},"excerpt":{"rendered":"<p>Ricardo Ch\u00faa Sale y Vale Manolo Carvallo&#8230; Se ha dicho todo de ti&#8230;. Pero t\u00fa coraz\u00f3n de ni\u00f1o, siempre ser\u00e1 tu mejor legado&#8230; Est\u00e1s con tu \u00abcuatacho\u00bb del alma, Guechy&#8230; Ah\u00ed volver\u00e1s a joder a Enrique Huerta&#8230; Acompa\u00f1ar\u00e1s a tu mentor, Horacio Aude&#8230; Pero sabemos que est\u00e1s feliz porque ya volviste a abrazar a tu [&hellip;]<\/p>\n","protected":false},"author":2,"featured_media":0,"comment_status":"open","ping_status":"open","sticky":false,"template":"","format":"standard","meta":{"tdm_status":"","tdm_grid_status":"","footnotes":""},"categories":[70],"tags":[1681,1124,13587,1026,251,264,195],"class_list":{"0":"post-46472","1":"post","2":"type-post","3":"status-publish","4":"format-standard","6":"category-de-opinion","7":"tag-cuitlahuac-garcia","8":"tag-javier-herrera-borunda","9":"tag-manuel-carvallo","10":"tag-morena","11":"tag-pri","12":"tag-pvem","13":"tag-veracruz"},"yoast_head":"<!-- This site is optimized with the Yoast SEO plugin v27.4 - https:\/\/yoast.com\/product\/yoast-seo-wordpress\/ -->\n<title>Del PRI-Mor al Ver-Mor con Javier - Los pol\u00edticos Veracruz<\/title>\n<meta name=\"robots\" content=\"index, follow, max-snippet:-1, max-image-preview:large, max-video-preview:-1\" \/>\n<link rel=\"canonical\" href=\"https:\/\/lospoliticosveracruz.com\/?p=46472\" \/>\n<meta property=\"og:locale\" content=\"es_ES\" \/>\n<meta property=\"og:type\" content=\"article\" \/>\n<meta property=\"og:title\" content=\"Del PRI-Mor al Ver-Mor con Javier - Los pol\u00edticos Veracruz\" \/>\n<meta property=\"og:description\" content=\"Ricardo Ch\u00faa Sale y Vale Manolo Carvallo&#8230; Se ha dicho todo de ti&#8230;. Pero t\u00fa coraz\u00f3n de ni\u00f1o, siempre ser\u00e1 tu mejor legado&#8230; Est\u00e1s con tu \u00abcuatacho\u00bb del alma, Guechy&#8230; Ah\u00ed volver\u00e1s a joder a Enrique Huerta&#8230; Acompa\u00f1ar\u00e1s a tu mentor, Horacio Aude&#8230; Pero sabemos que est\u00e1s feliz porque ya volviste a abrazar a tu [&hellip;]\" \/>\n<meta property=\"og:url\" content=\"https:\/\/lospoliticosveracruz.com\/?p=46472\" \/>\n<meta property=\"og:site_name\" content=\"Los pol\u00edticos Veracruz\" \/>\n<meta property=\"article:publisher\" content=\"https:\/\/www.facebook.com\/people\/Notimemes-de-los-Polticos\/61565672886568\/\" \/>\n<meta property=\"article:published_time\" content=\"2019-01-18T14:32:10+00:00\" \/>\n<meta property=\"og:image\" content=\"https:\/\/lospoliticosveracruz.com\/wp-content\/uploads\/2016\/07\/Logo-Dor.jpg\" \/>\n\t<meta property=\"og:image:width\" content=\"200\" \/>\n\t<meta property=\"og:image:height\" content=\"200\" \/>\n\t<meta property=\"og:image:type\" content=\"image\/jpeg\" \/>\n<meta name=\"author\" content=\"Lo viste en Los Pol\u00edticos\" \/>\n<meta name=\"twitter:card\" content=\"summary_large_image\" \/>\n<meta name=\"twitter:creator\" content=\"@LosPoliticosVer\" \/>\n<meta name=\"twitter:site\" content=\"@LosPoliticosVer\" \/>\n<meta name=\"twitter:label1\" content=\"Escrito por\" \/>\n\t<meta name=\"twitter:data1\" content=\"Lo viste en Los Pol\u00edticos\" \/>\n\t<meta name=\"twitter:label2\" content=\"Tiempo de lectura\" \/>\n\t<meta name=\"twitter:data2\" content=\"6 minutos\" \/>\n<script type=\"application\/ld+json\" class=\"yoast-schema-graph\">{\"@context\":\"https:\\\/\\\/schema.org\",\"@graph\":[{\"@type\":\"Article\",\"@id\":\"https:\\\/\\\/lospoliticosveracruz.com\\\/?p=46472#article\",\"isPartOf\":{\"@id\":\"https:\\\/\\\/lospoliticosveracruz.com\\\/?p=46472\"},\"author\":{\"name\":\"Lo viste en Los Pol\u00edticos\",\"@id\":\"https:\\\/\\\/lospoliticosveracruz.com\\\/#\\\/schema\\\/person\\\/b8702bb0e538456e6efd07080bf2a4a2\"},\"headline\":\"Del PRI-Mor al Ver-Mor con Javier\",\"datePublished\":\"2019-01-18T14:32:10+00:00\",\"mainEntityOfPage\":{\"@id\":\"https:\\\/\\\/lospoliticosveracruz.com\\\/?p=46472\"},\"wordCount\":1150,\"commentCount\":0,\"publisher\":{\"@id\":\"https:\\\/\\\/lospoliticosveracruz.com\\\/#organization\"},\"keywords\":[\"Cuitl\u00e1huac Garc\u00eda\",\"Javier Herrera Borunda\",\"Manuel Carvallo\",\"Morena\",\"PRI\",\"PVEM\",\"Veracruz\"],\"articleSection\":[\"De Opini\u00f3n\"],\"inLanguage\":\"es\",\"potentialAction\":[{\"@type\":\"CommentAction\",\"name\":\"Comment\",\"target\":[\"https:\\\/\\\/lospoliticosveracruz.com\\\/?p=46472#respond\"]}]},{\"@type\":\"WebPage\",\"@id\":\"https:\\\/\\\/lospoliticosveracruz.com\\\/?p=46472\",\"url\":\"https:\\\/\\\/lospoliticosveracruz.com\\\/?p=46472\",\"name\":\"Del PRI-Mor al Ver-Mor con Javier - Los pol\u00edticos Veracruz\",\"isPartOf\":{\"@id\":\"https:\\\/\\\/lospoliticosveracruz.com\\\/#website\"},\"datePublished\":\"2019-01-18T14:32:10+00:00\",\"breadcrumb\":{\"@id\":\"https:\\\/\\\/lospoliticosveracruz.com\\\/?p=46472#breadcrumb\"},\"inLanguage\":\"es\",\"potentialAction\":[{\"@type\":\"ReadAction\",\"target\":[\"https:\\\/\\\/lospoliticosveracruz.com\\\/?p=46472\"]}]},{\"@type\":\"BreadcrumbList\",\"@id\":\"https:\\\/\\\/lospoliticosveracruz.com\\\/?p=46472#breadcrumb\",\"itemListElement\":[{\"@type\":\"ListItem\",\"position\":1,\"name\":\"Portada\",\"item\":\"https:\\\/\\\/lospoliticosveracruz.com\\\/\"},{\"@type\":\"ListItem\",\"position\":2,\"name\":\"Del PRI-Mor al Ver-Mor con Javier\"}]},{\"@type\":\"WebSite\",\"@id\":\"https:\\\/\\\/lospoliticosveracruz.com\\\/#website\",\"url\":\"https:\\\/\\\/lospoliticosveracruz.com\\\/\",\"name\":\"Los pol\u00edticos Veracruz\",\"description\":\"\",\"publisher\":{\"@id\":\"https:\\\/\\\/lospoliticosveracruz.com\\\/#organization\"},\"potentialAction\":[{\"@type\":\"SearchAction\",\"target\":{\"@type\":\"EntryPoint\",\"urlTemplate\":\"https:\\\/\\\/lospoliticosveracruz.com\\\/?s={search_term_string}\"},\"query-input\":{\"@type\":\"PropertyValueSpecification\",\"valueRequired\":true,\"valueName\":\"search_term_string\"}}],\"inLanguage\":\"es\"},{\"@type\":\"Organization\",\"@id\":\"https:\\\/\\\/lospoliticosveracruz.com\\\/#organization\",\"name\":\"Los pol\u00edticos Veracruz\",\"url\":\"https:\\\/\\\/lospoliticosveracruz.com\\\/\",\"logo\":{\"@type\":\"ImageObject\",\"inLanguage\":\"es\",\"@id\":\"https:\\\/\\\/lospoliticosveracruz.com\\\/#\\\/schema\\\/logo\\\/image\\\/\",\"url\":\"https:\\\/\\\/lospoliticosveracruz.com\\\/wp-content\\\/uploads\\\/2025\\\/12\\\/Logo-Nuevo-LOS-POLITICOS-1.jpg\",\"contentUrl\":\"https:\\\/\\\/lospoliticosveracruz.com\\\/wp-content\\\/uploads\\\/2025\\\/12\\\/Logo-Nuevo-LOS-POLITICOS-1.jpg\",\"width\":260,\"height\":70,\"caption\":\"Los pol\u00edticos Veracruz\"},\"image\":{\"@id\":\"https:\\\/\\\/lospoliticosveracruz.com\\\/#\\\/schema\\\/logo\\\/image\\\/\"},\"sameAs\":[\"https:\\\/\\\/www.facebook.com\\\/people\\\/Notimemes-de-los-Polticos\\\/61565672886568\\\/\",\"https:\\\/\\\/x.com\\\/LosPoliticosVer\"]},{\"@type\":\"Person\",\"@id\":\"https:\\\/\\\/lospoliticosveracruz.com\\\/#\\\/schema\\\/person\\\/b8702bb0e538456e6efd07080bf2a4a2\",\"name\":\"Lo viste en Los Pol\u00edticos\",\"image\":{\"@type\":\"ImageObject\",\"inLanguage\":\"es\",\"@id\":\"https:\\\/\\\/secure.gravatar.com\\\/avatar\\\/3a8de04a2656d44082be478bd6c086daa447c4651605818287b9532d3d0bd435?s=96&d=mm&r=g\",\"url\":\"https:\\\/\\\/secure.gravatar.com\\\/avatar\\\/3a8de04a2656d44082be478bd6c086daa447c4651605818287b9532d3d0bd435?s=96&d=mm&r=g\",\"contentUrl\":\"https:\\\/\\\/secure.gravatar.com\\\/avatar\\\/3a8de04a2656d44082be478bd6c086daa447c4651605818287b9532d3d0bd435?s=96&d=mm&r=g\",\"caption\":\"Lo viste en Los Pol\u00edticos\"},\"url\":\"https:\\\/\\\/lospoliticosveracruz.com\\\/?author=2\"}]}<\/script>\n<!-- \/ Yoast SEO plugin. -->","yoast_head_json":{"title":"Del PRI-Mor al Ver-Mor con Javier - Los pol\u00edticos Veracruz","robots":{"index":"index","follow":"follow","max-snippet":"max-snippet:-1","max-image-preview":"max-image-preview:large","max-video-preview":"max-video-preview:-1"},"canonical":"https:\/\/lospoliticosveracruz.com\/?p=46472","og_locale":"es_ES","og_type":"article","og_title":"Del PRI-Mor al Ver-Mor con Javier - Los pol\u00edticos Veracruz","og_description":"Ricardo Ch\u00faa Sale y Vale Manolo Carvallo&#8230; Se ha dicho todo de ti&#8230;. Pero t\u00fa coraz\u00f3n de ni\u00f1o, siempre ser\u00e1 tu mejor legado&#8230; Est\u00e1s con tu \u00abcuatacho\u00bb del alma, Guechy&#8230; Ah\u00ed volver\u00e1s a joder a Enrique Huerta&#8230; Acompa\u00f1ar\u00e1s a tu mentor, Horacio Aude&#8230; Pero sabemos que est\u00e1s feliz porque ya volviste a abrazar a tu [&hellip;]","og_url":"https:\/\/lospoliticosveracruz.com\/?p=46472","og_site_name":"Los pol\u00edticos Veracruz","article_publisher":"https:\/\/www.facebook.com\/people\/Notimemes-de-los-Polticos\/61565672886568\/","article_published_time":"2019-01-18T14:32:10+00:00","og_image":[{"width":200,"height":200,"url":"https:\/\/lospoliticosveracruz.com\/wp-content\/uploads\/2016\/07\/Logo-Dor.jpg","type":"image\/jpeg"}],"author":"Lo viste en Los Pol\u00edticos","twitter_card":"summary_large_image","twitter_creator":"@LosPoliticosVer","twitter_site":"@LosPoliticosVer","twitter_misc":{"Escrito por":"Lo viste en Los Pol\u00edticos","Tiempo de lectura":"6 minutos"},"schema":{"@context":"https:\/\/schema.org","@graph":[{"@type":"Article","@id":"https:\/\/lospoliticosveracruz.com\/?p=46472#article","isPartOf":{"@id":"https:\/\/lospoliticosveracruz.com\/?p=46472"},"author":{"name":"Lo viste en Los Pol\u00edticos","@id":"https:\/\/lospoliticosveracruz.com\/#\/schema\/person\/b8702bb0e538456e6efd07080bf2a4a2"},"headline":"Del PRI-Mor al Ver-Mor con Javier","datePublished":"2019-01-18T14:32:10+00:00","mainEntityOfPage":{"@id":"https:\/\/lospoliticosveracruz.com\/?p=46472"},"wordCount":1150,"commentCount":0,"publisher":{"@id":"https:\/\/lospoliticosveracruz.com\/#organization"},"keywords":["Cuitl\u00e1huac Garc\u00eda","Javier Herrera Borunda","Manuel Carvallo","Morena","PRI","PVEM","Veracruz"],"articleSection":["De Opini\u00f3n"],"inLanguage":"es","potentialAction":[{"@type":"CommentAction","name":"Comment","target":["https:\/\/lospoliticosveracruz.com\/?p=46472#respond"]}]},{"@type":"WebPage","@id":"https:\/\/lospoliticosveracruz.com\/?p=46472","url":"https:\/\/lospoliticosveracruz.com\/?p=46472","name":"Del PRI-Mor al Ver-Mor con Javier - Los pol\u00edticos Veracruz","isPartOf":{"@id":"https:\/\/lospoliticosveracruz.com\/#website"},"datePublished":"2019-01-18T14:32:10+00:00","breadcrumb":{"@id":"https:\/\/lospoliticosveracruz.com\/?p=46472#breadcrumb"},"inLanguage":"es","potentialAction":[{"@type":"ReadAction","target":["https:\/\/lospoliticosveracruz.com\/?p=46472"]}]},{"@type":"BreadcrumbList","@id":"https:\/\/lospoliticosveracruz.com\/?p=46472#breadcrumb","itemListElement":[{"@type":"ListItem","position":1,"name":"Portada","item":"https:\/\/lospoliticosveracruz.com\/"},{"@type":"ListItem","position":2,"name":"Del PRI-Mor al Ver-Mor con Javier"}]},{"@type":"WebSite","@id":"https:\/\/lospoliticosveracruz.com\/#website","url":"https:\/\/lospoliticosveracruz.com\/","name":"Los pol\u00edticos Veracruz","description":"","publisher":{"@id":"https:\/\/lospoliticosveracruz.com\/#organization"},"potentialAction":[{"@type":"SearchAction","target":{"@type":"EntryPoint","urlTemplate":"https:\/\/lospoliticosveracruz.com\/?s={search_term_string}"},"query-input":{"@type":"PropertyValueSpecification","valueRequired":true,"valueName":"search_term_string"}}],"inLanguage":"es"},{"@type":"Organization","@id":"https:\/\/lospoliticosveracruz.com\/#organization","name":"Los pol\u00edticos Veracruz","url":"https:\/\/lospoliticosveracruz.com\/","logo":{"@type":"ImageObject","inLanguage":"es","@id":"https:\/\/lospoliticosveracruz.com\/#\/schema\/logo\/image\/","url":"https:\/\/lospoliticosveracruz.com\/wp-content\/uploads\/2025\/12\/Logo-Nuevo-LOS-POLITICOS-1.jpg","contentUrl":"https:\/\/lospoliticosveracruz.com\/wp-content\/uploads\/2025\/12\/Logo-Nuevo-LOS-POLITICOS-1.jpg","width":260,"height":70,"caption":"Los pol\u00edticos Veracruz"},"image":{"@id":"https:\/\/lospoliticosveracruz.com\/#\/schema\/logo\/image\/"},"sameAs":["https:\/\/www.facebook.com\/people\/Notimemes-de-los-Polticos\/61565672886568\/","https:\/\/x.com\/LosPoliticosVer"]},{"@type":"Person","@id":"https:\/\/lospoliticosveracruz.com\/#\/schema\/person\/b8702bb0e538456e6efd07080bf2a4a2","name":"Lo viste en Los Pol\u00edticos","image":{"@type":"ImageObject","inLanguage":"es","@id":"https:\/\/secure.gravatar.com\/avatar\/3a8de04a2656d44082be478bd6c086daa447c4651605818287b9532d3d0bd435?s=96&d=mm&r=g","url":"https:\/\/secure.gravatar.com\/avatar\/3a8de04a2656d44082be478bd6c086daa447c4651605818287b9532d3d0bd435?s=96&d=mm&r=g","contentUrl":"https:\/\/secure.gravatar.com\/avatar\/3a8de04a2656d44082be478bd6c086daa447c4651605818287b9532d3d0bd435?s=96&d=mm&r=g","caption":"Lo viste en Los Pol\u00edticos"},"url":"https:\/\/lospoliticosveracruz.com\/?author=2"}]}},"_links":{"self":[{"href":"https:\/\/lospoliticosveracruz.com\/index.php?rest_route=\/wp\/v2\/posts\/46472","targetHints":{"allow":["GET"]}}],"collection":[{"href":"https:\/\/lospoliticosveracruz.com\/index.php?rest_route=\/wp\/v2\/posts"}],"about":[{"href":"https:\/\/lospoliticosveracruz.com\/index.php?rest_route=\/wp\/v2\/types\/post"}],"author":[{"embeddable":true,"href":"https:\/\/lospoliticosveracruz.com\/index.php?rest_route=\/wp\/v2\/users\/2"}],"replies":[{"embeddable":true,"href":"https:\/\/lospoliticosveracruz.com\/index.php?rest_route=%2Fwp%2Fv2%2Fcomments&post=46472"}],"version-history":[{"count":1,"href":"https:\/\/lospoliticosveracruz.com\/index.php?rest_route=\/wp\/v2\/posts\/46472\/revisions"}],"predecessor-version":[{"id":46473,"href":"https:\/\/lospoliticosveracruz.com\/index.php?rest_route=\/wp\/v2\/posts\/46472\/revisions\/46473"}],"wp:attachment":[{"href":"https:\/\/lospoliticosveracruz.com\/index.php?rest_route=%2Fwp%2Fv2%2Fmedia&parent=46472"}],"wp:term":[{"taxonomy":"category","embeddable":true,"href":"https:\/\/lospoliticosveracruz.com\/index.php?rest_route=%2Fwp%2Fv2%2Fcategories&post=46472"},{"taxonomy":"post_tag","embeddable":true,"href":"https:\/\/lospoliticosveracruz.com\/index.php?rest_route=%2Fwp%2Fv2%2Ftags&post=46472"}],"curies":[{"name":"wp","href":"https:\/\/api.w.org\/{rel}","templated":true}]}}