{"id":46474,"date":"2019-01-18T13:57:25","date_gmt":"2019-01-18T19:57:25","guid":{"rendered":"http:\/\/www.lospoliticosveracruz.com.mx\/?p=46474"},"modified":"2019-01-18T13:57:25","modified_gmt":"2019-01-18T19:57:25","slug":"dona-su-rinon-para-salvar-a-su-hija","status":"publish","type":"post","link":"https:\/\/lospoliticosveracruz.com\/?p=46474","title":{"rendered":"Dona su ri\u00f1\u00f3n para salvar a su hija"},"content":{"rendered":"<p>Una vez m\u00e1s la devoci\u00f3n y el amor de una madre salva la vida de su hija, al donar uno de sus ri\u00f1ones a Clara, quien padec\u00eda de insuficiencia renal cr\u00f3nica por causas criptog\u00e9nicas, seg\u00fan explic\u00f3 el coordinador de Trasplante y Donaci\u00f3n de \u00d3rganos y Tejidos del Hospital General de Zona (HGZ) N\u00b0 11 del Instituto Mexicano del Seguro Social (IMSS) en Veracruz Norte, doctor Jorge Vera Gonz\u00e1lez.<\/p>\n<p>Clara es oriunda de Perote, Veracruz, tiene 25 a\u00f1os, es madre de un var\u00f3n de cuatros a\u00f1os de edad, dedicada a las labores del hogar y estaba sometida a terapia de di\u00e1lisis peritoneal desde el mes de febrero de 2018; no obstante, pudo remontar la adversidad gracias a la generosa acci\u00f3n de su mam\u00e1, la se\u00f1ora Blanca.<\/p>\n<p>\u201cCuando comenc\u00e9 el tratamiento de di\u00e1lisis, pens\u00e9 que me iba a morir, porque as\u00ed me lo dec\u00eda la gente que sab\u00eda de mi enfermedad\u2026 pero al paso de los d\u00edas me sent\u00ed mejor y mi calidad de vida mejor\u00f3, despu\u00e9s conoc\u00ed al doctor Vera, quien hizo el protocolo de trasplante y ahora s\u00f3lo estar\u00e9 agradecida por siempre con mi mam\u00e1 y con los doctores del Seguro Social que me atendieron bien, ya que me recuper\u00e9 muy pronto de mi operaci\u00f3n, pude caminar r\u00e1pido y debo comer bien para subir de peso\u201d, expres\u00f3 Clara.<\/p>\n<p>La se\u00f1ora Blanca tiene 42 a\u00f1os es madre de dos hijos m\u00e1s, tambi\u00e9n es ama de casa y cuenta que decidi\u00f3 donarle un ri\u00f1\u00f3n y se dice agradecida con los m\u00e9dicos y enfermeras quienes las atendieron muy bien en la cl\u00ednica 11 del IMSS.<\/p>\n<p>En el procedimiento de procuraci\u00f3n y trasplante renal particip\u00f3 un equipo multidisciplinario conformado por los servicios de: angiolog\u00eda, urolog\u00eda, anestesiolog\u00eda y de enfermer\u00eda, quienes de manera exitosa lograron que Clara y su madre est\u00e9n ya en su casa y disfrutando a la familia en su natal Perote, declar\u00f3 el doctor Vladimir L\u00f3pez Hern\u00e1ndez, m\u00e9dico Cirujano de Trasplante del HGZ N\u00b0 11.<\/p>\n<p>En dicho contexto, L\u00f3pez Hern\u00e1ndez recomend\u00f3 a la poblaci\u00f3n a generar conciencia de la importancia que tiene la donaci\u00f3n de \u00f3rganos y tejidos con motivo de trasplantes, \u201cDale vida a otra vida\u201d.<\/p>\n","protected":false},"excerpt":{"rendered":"<p>Una vez m\u00e1s la devoci\u00f3n y el amor de una madre salva la vida de su hija, al donar uno de sus ri\u00f1ones a Clara, quien padec\u00eda de insuficiencia renal cr\u00f3nica por causas criptog\u00e9nicas, seg\u00fan explic\u00f3 el coordinador de Trasplante y Donaci\u00f3n de \u00d3rganos y Tejidos del Hospital General de Zona (HGZ) N\u00b0 11 del [&hellip;]<\/p>\n","protected":false},"author":2,"featured_media":46475,"comment_status":"open","ping_status":"open","sticky":false,"template":"","format":"standard","meta":{"tdm_status":"","tdm_grid_status":"","footnotes":""},"categories":[73],"tags":[13596,13594,11565,1208,13591,13593,148,13592,195],"class_list":{"0":"post-46474","1":"post","2":"type-post","3":"status-publish","4":"format-standard","5":"has-post-thumbnail","7":"category-de-boleto","8":"tag-cirujano-de-trasplante","9":"tag-dialisis-peritoneal","10":"tag-hospital-general-de-zona-11","11":"tag-imss","12":"tag-insuficiencia-renal-cronica","13":"tag-jorge-vera-gonzalez","14":"tag-perote","15":"tag-trasplante-y-donacion-de-organos-y-tejidos","16":"tag-veracruz"},"yoast_head":"<!-- This site is optimized with the Yoast SEO plugin v27.4 - https:\/\/yoast.com\/product\/yoast-seo-wordpress\/ -->\n<title>Dona su ri\u00f1\u00f3n para salvar a su hija - Los pol\u00edticos Veracruz<\/title>\n<meta name=\"robots\" content=\"index, follow, max-snippet:-1, max-image-preview:large, max-video-preview:-1\" \/>\n<link rel=\"canonical\" href=\"https:\/\/lospoliticosveracruz.com\/?p=46474\" \/>\n<meta property=\"og:locale\" content=\"es_ES\" \/>\n<meta property=\"og:type\" content=\"article\" \/>\n<meta property=\"og:title\" content=\"Dona su ri\u00f1\u00f3n para salvar a su hija - Los pol\u00edticos Veracruz\" \/>\n<meta property=\"og:description\" content=\"Una vez m\u00e1s la devoci\u00f3n y el amor de una madre salva la vida de su hija, al donar uno de sus ri\u00f1ones a Clara, quien padec\u00eda de insuficiencia renal cr\u00f3nica por causas criptog\u00e9nicas, seg\u00fan explic\u00f3 el coordinador de Trasplante y Donaci\u00f3n de \u00d3rganos y Tejidos del Hospital General de Zona (HGZ) N\u00b0 11 del [&hellip;]\" \/>\n<meta property=\"og:url\" content=\"https:\/\/lospoliticosveracruz.com\/?p=46474\" \/>\n<meta property=\"og:site_name\" content=\"Los pol\u00edticos Veracruz\" \/>\n<meta property=\"article:publisher\" content=\"https:\/\/www.facebook.com\/people\/Notimemes-de-los-Polticos\/61565672886568\/\" \/>\n<meta property=\"article:published_time\" content=\"2019-01-18T19:57:25+00:00\" \/>\n<meta property=\"og:image\" content=\"https:\/\/lospoliticosveracruz.com\/wp-content\/uploads\/2019\/01\/Madre-imss.jpeg\" \/>\n\t<meta property=\"og:image:width\" content=\"600\" \/>\n\t<meta property=\"og:image:height\" content=\"338\" \/>\n\t<meta property=\"og:image:type\" content=\"image\/jpeg\" \/>\n<meta name=\"author\" content=\"Lo viste en Los Pol\u00edticos\" \/>\n<meta name=\"twitter:card\" content=\"summary_large_image\" \/>\n<meta name=\"twitter:creator\" content=\"@LosPoliticosVer\" \/>\n<meta name=\"twitter:site\" content=\"@LosPoliticosVer\" \/>\n<meta name=\"twitter:label1\" content=\"Escrito por\" \/>\n\t<meta name=\"twitter:data1\" content=\"Lo viste en Los Pol\u00edticos\" \/>\n\t<meta name=\"twitter:label2\" content=\"Tiempo de lectura\" \/>\n\t<meta name=\"twitter:data2\" content=\"2 minutos\" \/>\n<script type=\"application\/ld+json\" class=\"yoast-schema-graph\">{\"@context\":\"https:\\\/\\\/schema.org\",\"@graph\":[{\"@type\":\"Article\",\"@id\":\"https:\\\/\\\/lospoliticosveracruz.com\\\/?p=46474#article\",\"isPartOf\":{\"@id\":\"https:\\\/\\\/lospoliticosveracruz.com\\\/?p=46474\"},\"author\":{\"name\":\"Lo viste en Los Pol\u00edticos\",\"@id\":\"https:\\\/\\\/lospoliticosveracruz.com\\\/#\\\/schema\\\/person\\\/b8702bb0e538456e6efd07080bf2a4a2\"},\"headline\":\"Dona su ri\u00f1\u00f3n para salvar a su hija\",\"datePublished\":\"2019-01-18T19:57:25+00:00\",\"mainEntityOfPage\":{\"@id\":\"https:\\\/\\\/lospoliticosveracruz.com\\\/?p=46474\"},\"wordCount\":401,\"commentCount\":0,\"publisher\":{\"@id\":\"https:\\\/\\\/lospoliticosveracruz.com\\\/#organization\"},\"image\":{\"@id\":\"https:\\\/\\\/lospoliticosveracruz.com\\\/?p=46474#primaryimage\"},\"thumbnailUrl\":\"https:\\\/\\\/lospoliticosveracruz.com\\\/wp-content\\\/uploads\\\/2019\\\/01\\\/Madre-imss.jpeg\",\"keywords\":[\"Cirujano de Trasplante\",\"di\u00e1lisis peritoneal\",\"Hospital General de Zona 11\",\"IMSS\",\"insuficiencia renal cr\u00f3nica\",\"Jorge Vera Gonz\u00e1lez\",\"Perote\",\"Trasplante y Donaci\u00f3n de \u00d3rganos y Tejidos\",\"Veracruz\"],\"articleSection\":[\"De Boleto\"],\"inLanguage\":\"es\",\"potentialAction\":[{\"@type\":\"CommentAction\",\"name\":\"Comment\",\"target\":[\"https:\\\/\\\/lospoliticosveracruz.com\\\/?p=46474#respond\"]}]},{\"@type\":\"WebPage\",\"@id\":\"https:\\\/\\\/lospoliticosveracruz.com\\\/?p=46474\",\"url\":\"https:\\\/\\\/lospoliticosveracruz.com\\\/?p=46474\",\"name\":\"Dona su ri\u00f1\u00f3n para salvar a su hija - Los pol\u00edticos Veracruz\",\"isPartOf\":{\"@id\":\"https:\\\/\\\/lospoliticosveracruz.com\\\/#website\"},\"primaryImageOfPage\":{\"@id\":\"https:\\\/\\\/lospoliticosveracruz.com\\\/?p=46474#primaryimage\"},\"image\":{\"@id\":\"https:\\\/\\\/lospoliticosveracruz.com\\\/?p=46474#primaryimage\"},\"thumbnailUrl\":\"https:\\\/\\\/lospoliticosveracruz.com\\\/wp-content\\\/uploads\\\/2019\\\/01\\\/Madre-imss.jpeg\",\"datePublished\":\"2019-01-18T19:57:25+00:00\",\"breadcrumb\":{\"@id\":\"https:\\\/\\\/lospoliticosveracruz.com\\\/?p=46474#breadcrumb\"},\"inLanguage\":\"es\",\"potentialAction\":[{\"@type\":\"ReadAction\",\"target\":[\"https:\\\/\\\/lospoliticosveracruz.com\\\/?p=46474\"]}]},{\"@type\":\"ImageObject\",\"inLanguage\":\"es\",\"@id\":\"https:\\\/\\\/lospoliticosveracruz.com\\\/?p=46474#primaryimage\",\"url\":\"https:\\\/\\\/lospoliticosveracruz.com\\\/wp-content\\\/uploads\\\/2019\\\/01\\\/Madre-imss.jpeg\",\"contentUrl\":\"https:\\\/\\\/lospoliticosveracruz.com\\\/wp-content\\\/uploads\\\/2019\\\/01\\\/Madre-imss.jpeg\",\"width\":600,\"height\":338},{\"@type\":\"BreadcrumbList\",\"@id\":\"https:\\\/\\\/lospoliticosveracruz.com\\\/?p=46474#breadcrumb\",\"itemListElement\":[{\"@type\":\"ListItem\",\"position\":1,\"name\":\"Portada\",\"item\":\"https:\\\/\\\/lospoliticosveracruz.com\\\/\"},{\"@type\":\"ListItem\",\"position\":2,\"name\":\"Dona su ri\u00f1\u00f3n para salvar a su hija\"}]},{\"@type\":\"WebSite\",\"@id\":\"https:\\\/\\\/lospoliticosveracruz.com\\\/#website\",\"url\":\"https:\\\/\\\/lospoliticosveracruz.com\\\/\",\"name\":\"Los pol\u00edticos Veracruz\",\"description\":\"\",\"publisher\":{\"@id\":\"https:\\\/\\\/lospoliticosveracruz.com\\\/#organization\"},\"potentialAction\":[{\"@type\":\"SearchAction\",\"target\":{\"@type\":\"EntryPoint\",\"urlTemplate\":\"https:\\\/\\\/lospoliticosveracruz.com\\\/?s={search_term_string}\"},\"query-input\":{\"@type\":\"PropertyValueSpecification\",\"valueRequired\":true,\"valueName\":\"search_term_string\"}}],\"inLanguage\":\"es\"},{\"@type\":\"Organization\",\"@id\":\"https:\\\/\\\/lospoliticosveracruz.com\\\/#organization\",\"name\":\"Los pol\u00edticos Veracruz\",\"url\":\"https:\\\/\\\/lospoliticosveracruz.com\\\/\",\"logo\":{\"@type\":\"ImageObject\",\"inLanguage\":\"es\",\"@id\":\"https:\\\/\\\/lospoliticosveracruz.com\\\/#\\\/schema\\\/logo\\\/image\\\/\",\"url\":\"https:\\\/\\\/lospoliticosveracruz.com\\\/wp-content\\\/uploads\\\/2025\\\/12\\\/Logo-Nuevo-LOS-POLITICOS-1.jpg\",\"contentUrl\":\"https:\\\/\\\/lospoliticosveracruz.com\\\/wp-content\\\/uploads\\\/2025\\\/12\\\/Logo-Nuevo-LOS-POLITICOS-1.jpg\",\"width\":260,\"height\":70,\"caption\":\"Los pol\u00edticos Veracruz\"},\"image\":{\"@id\":\"https:\\\/\\\/lospoliticosveracruz.com\\\/#\\\/schema\\\/logo\\\/image\\\/\"},\"sameAs\":[\"https:\\\/\\\/www.facebook.com\\\/people\\\/Notimemes-de-los-Polticos\\\/61565672886568\\\/\",\"https:\\\/\\\/x.com\\\/LosPoliticosVer\"]},{\"@type\":\"Person\",\"@id\":\"https:\\\/\\\/lospoliticosveracruz.com\\\/#\\\/schema\\\/person\\\/b8702bb0e538456e6efd07080bf2a4a2\",\"name\":\"Lo viste en Los Pol\u00edticos\",\"image\":{\"@type\":\"ImageObject\",\"inLanguage\":\"es\",\"@id\":\"https:\\\/\\\/secure.gravatar.com\\\/avatar\\\/3a8de04a2656d44082be478bd6c086daa447c4651605818287b9532d3d0bd435?s=96&d=mm&r=g\",\"url\":\"https:\\\/\\\/secure.gravatar.com\\\/avatar\\\/3a8de04a2656d44082be478bd6c086daa447c4651605818287b9532d3d0bd435?s=96&d=mm&r=g\",\"contentUrl\":\"https:\\\/\\\/secure.gravatar.com\\\/avatar\\\/3a8de04a2656d44082be478bd6c086daa447c4651605818287b9532d3d0bd435?s=96&d=mm&r=g\",\"caption\":\"Lo viste en Los Pol\u00edticos\"},\"url\":\"https:\\\/\\\/lospoliticosveracruz.com\\\/?author=2\"}]}<\/script>\n<!-- \/ Yoast SEO plugin. -->","yoast_head_json":{"title":"Dona su ri\u00f1\u00f3n para salvar a su hija - Los pol\u00edticos Veracruz","robots":{"index":"index","follow":"follow","max-snippet":"max-snippet:-1","max-image-preview":"max-image-preview:large","max-video-preview":"max-video-preview:-1"},"canonical":"https:\/\/lospoliticosveracruz.com\/?p=46474","og_locale":"es_ES","og_type":"article","og_title":"Dona su ri\u00f1\u00f3n para salvar a su hija - Los pol\u00edticos Veracruz","og_description":"Una vez m\u00e1s la devoci\u00f3n y el amor de una madre salva la vida de su hija, al donar uno de sus ri\u00f1ones a Clara, quien padec\u00eda de insuficiencia renal cr\u00f3nica por causas criptog\u00e9nicas, seg\u00fan explic\u00f3 el coordinador de Trasplante y Donaci\u00f3n de \u00d3rganos y Tejidos del Hospital General de Zona (HGZ) N\u00b0 11 del [&hellip;]","og_url":"https:\/\/lospoliticosveracruz.com\/?p=46474","og_site_name":"Los pol\u00edticos Veracruz","article_publisher":"https:\/\/www.facebook.com\/people\/Notimemes-de-los-Polticos\/61565672886568\/","article_published_time":"2019-01-18T19:57:25+00:00","og_image":[{"width":600,"height":338,"url":"https:\/\/lospoliticosveracruz.com\/wp-content\/uploads\/2019\/01\/Madre-imss.jpeg","type":"image\/jpeg"}],"author":"Lo viste en Los Pol\u00edticos","twitter_card":"summary_large_image","twitter_creator":"@LosPoliticosVer","twitter_site":"@LosPoliticosVer","twitter_misc":{"Escrito por":"Lo viste en Los Pol\u00edticos","Tiempo de lectura":"2 minutos"},"schema":{"@context":"https:\/\/schema.org","@graph":[{"@type":"Article","@id":"https:\/\/lospoliticosveracruz.com\/?p=46474#article","isPartOf":{"@id":"https:\/\/lospoliticosveracruz.com\/?p=46474"},"author":{"name":"Lo viste en Los Pol\u00edticos","@id":"https:\/\/lospoliticosveracruz.com\/#\/schema\/person\/b8702bb0e538456e6efd07080bf2a4a2"},"headline":"Dona su ri\u00f1\u00f3n para salvar a su hija","datePublished":"2019-01-18T19:57:25+00:00","mainEntityOfPage":{"@id":"https:\/\/lospoliticosveracruz.com\/?p=46474"},"wordCount":401,"commentCount":0,"publisher":{"@id":"https:\/\/lospoliticosveracruz.com\/#organization"},"image":{"@id":"https:\/\/lospoliticosveracruz.com\/?p=46474#primaryimage"},"thumbnailUrl":"https:\/\/lospoliticosveracruz.com\/wp-content\/uploads\/2019\/01\/Madre-imss.jpeg","keywords":["Cirujano de Trasplante","di\u00e1lisis peritoneal","Hospital General de Zona 11","IMSS","insuficiencia renal cr\u00f3nica","Jorge Vera Gonz\u00e1lez","Perote","Trasplante y Donaci\u00f3n de \u00d3rganos y Tejidos","Veracruz"],"articleSection":["De Boleto"],"inLanguage":"es","potentialAction":[{"@type":"CommentAction","name":"Comment","target":["https:\/\/lospoliticosveracruz.com\/?p=46474#respond"]}]},{"@type":"WebPage","@id":"https:\/\/lospoliticosveracruz.com\/?p=46474","url":"https:\/\/lospoliticosveracruz.com\/?p=46474","name":"Dona su ri\u00f1\u00f3n para salvar a su hija - Los pol\u00edticos Veracruz","isPartOf":{"@id":"https:\/\/lospoliticosveracruz.com\/#website"},"primaryImageOfPage":{"@id":"https:\/\/lospoliticosveracruz.com\/?p=46474#primaryimage"},"image":{"@id":"https:\/\/lospoliticosveracruz.com\/?p=46474#primaryimage"},"thumbnailUrl":"https:\/\/lospoliticosveracruz.com\/wp-content\/uploads\/2019\/01\/Madre-imss.jpeg","datePublished":"2019-01-18T19:57:25+00:00","breadcrumb":{"@id":"https:\/\/lospoliticosveracruz.com\/?p=46474#breadcrumb"},"inLanguage":"es","potentialAction":[{"@type":"ReadAction","target":["https:\/\/lospoliticosveracruz.com\/?p=46474"]}]},{"@type":"ImageObject","inLanguage":"es","@id":"https:\/\/lospoliticosveracruz.com\/?p=46474#primaryimage","url":"https:\/\/lospoliticosveracruz.com\/wp-content\/uploads\/2019\/01\/Madre-imss.jpeg","contentUrl":"https:\/\/lospoliticosveracruz.com\/wp-content\/uploads\/2019\/01\/Madre-imss.jpeg","width":600,"height":338},{"@type":"BreadcrumbList","@id":"https:\/\/lospoliticosveracruz.com\/?p=46474#breadcrumb","itemListElement":[{"@type":"ListItem","position":1,"name":"Portada","item":"https:\/\/lospoliticosveracruz.com\/"},{"@type":"ListItem","position":2,"name":"Dona su ri\u00f1\u00f3n para salvar a su hija"}]},{"@type":"WebSite","@id":"https:\/\/lospoliticosveracruz.com\/#website","url":"https:\/\/lospoliticosveracruz.com\/","name":"Los pol\u00edticos Veracruz","description":"","publisher":{"@id":"https:\/\/lospoliticosveracruz.com\/#organization"},"potentialAction":[{"@type":"SearchAction","target":{"@type":"EntryPoint","urlTemplate":"https:\/\/lospoliticosveracruz.com\/?s={search_term_string}"},"query-input":{"@type":"PropertyValueSpecification","valueRequired":true,"valueName":"search_term_string"}}],"inLanguage":"es"},{"@type":"Organization","@id":"https:\/\/lospoliticosveracruz.com\/#organization","name":"Los pol\u00edticos Veracruz","url":"https:\/\/lospoliticosveracruz.com\/","logo":{"@type":"ImageObject","inLanguage":"es","@id":"https:\/\/lospoliticosveracruz.com\/#\/schema\/logo\/image\/","url":"https:\/\/lospoliticosveracruz.com\/wp-content\/uploads\/2025\/12\/Logo-Nuevo-LOS-POLITICOS-1.jpg","contentUrl":"https:\/\/lospoliticosveracruz.com\/wp-content\/uploads\/2025\/12\/Logo-Nuevo-LOS-POLITICOS-1.jpg","width":260,"height":70,"caption":"Los pol\u00edticos Veracruz"},"image":{"@id":"https:\/\/lospoliticosveracruz.com\/#\/schema\/logo\/image\/"},"sameAs":["https:\/\/www.facebook.com\/people\/Notimemes-de-los-Polticos\/61565672886568\/","https:\/\/x.com\/LosPoliticosVer"]},{"@type":"Person","@id":"https:\/\/lospoliticosveracruz.com\/#\/schema\/person\/b8702bb0e538456e6efd07080bf2a4a2","name":"Lo viste en Los Pol\u00edticos","image":{"@type":"ImageObject","inLanguage":"es","@id":"https:\/\/secure.gravatar.com\/avatar\/3a8de04a2656d44082be478bd6c086daa447c4651605818287b9532d3d0bd435?s=96&d=mm&r=g","url":"https:\/\/secure.gravatar.com\/avatar\/3a8de04a2656d44082be478bd6c086daa447c4651605818287b9532d3d0bd435?s=96&d=mm&r=g","contentUrl":"https:\/\/secure.gravatar.com\/avatar\/3a8de04a2656d44082be478bd6c086daa447c4651605818287b9532d3d0bd435?s=96&d=mm&r=g","caption":"Lo viste en Los Pol\u00edticos"},"url":"https:\/\/lospoliticosveracruz.com\/?author=2"}]}},"_links":{"self":[{"href":"https:\/\/lospoliticosveracruz.com\/index.php?rest_route=\/wp\/v2\/posts\/46474","targetHints":{"allow":["GET"]}}],"collection":[{"href":"https:\/\/lospoliticosveracruz.com\/index.php?rest_route=\/wp\/v2\/posts"}],"about":[{"href":"https:\/\/lospoliticosveracruz.com\/index.php?rest_route=\/wp\/v2\/types\/post"}],"author":[{"embeddable":true,"href":"https:\/\/lospoliticosveracruz.com\/index.php?rest_route=\/wp\/v2\/users\/2"}],"replies":[{"embeddable":true,"href":"https:\/\/lospoliticosveracruz.com\/index.php?rest_route=%2Fwp%2Fv2%2Fcomments&post=46474"}],"version-history":[{"count":1,"href":"https:\/\/lospoliticosveracruz.com\/index.php?rest_route=\/wp\/v2\/posts\/46474\/revisions"}],"predecessor-version":[{"id":46476,"href":"https:\/\/lospoliticosveracruz.com\/index.php?rest_route=\/wp\/v2\/posts\/46474\/revisions\/46476"}],"wp:featuredmedia":[{"embeddable":true,"href":"https:\/\/lospoliticosveracruz.com\/index.php?rest_route=\/wp\/v2\/media\/46475"}],"wp:attachment":[{"href":"https:\/\/lospoliticosveracruz.com\/index.php?rest_route=%2Fwp%2Fv2%2Fmedia&parent=46474"}],"wp:term":[{"taxonomy":"category","embeddable":true,"href":"https:\/\/lospoliticosveracruz.com\/index.php?rest_route=%2Fwp%2Fv2%2Fcategories&post=46474"},{"taxonomy":"post_tag","embeddable":true,"href":"https:\/\/lospoliticosveracruz.com\/index.php?rest_route=%2Fwp%2Fv2%2Ftags&post=46474"}],"curies":[{"name":"wp","href":"https:\/\/api.w.org\/{rel}","templated":true}]}}