{"id":46483,"date":"2019-01-19T13:03:14","date_gmt":"2019-01-19T19:03:14","guid":{"rendered":"http:\/\/www.lospoliticosveracruz.com.mx\/?p=46483"},"modified":"2019-01-19T13:03:14","modified_gmt":"2019-01-19T19:03:14","slug":"pepe-yunes-el-coparmex-del-pri-tanya-carola-por-huerta","status":"publish","type":"post","link":"https:\/\/lospoliticosveracruz.com\/?p=46483","title":{"rendered":"Pepe Yunes, \u00bfel Coparmex del PRI?; Tanya Carola por Huerta&#8230;"},"content":{"rendered":"<p><strong>Ricardo Ch\u00faa<\/strong><\/p>\n<p><em>Sale y Vale<\/em><\/p>\n<p>PD&#8230; Ayer aparecieron varias redes sociales que son de las cuentas oficiales del ex senador priista Pepe Yunes&#8230; Una era de instagram aceptando y enviando solicitudes de amistad para la misma&#8230; Luego despu\u00e9s 6 meses apareci\u00f3 en su twitter un mensaje dando a conocer que iba a empezar a estudiar un diplomado en el ITAM en la CDMX sobre \u00abAn\u00e1lisis de Inversi\u00f3n\u00bb&#8230; Y muchos en las mismas redes sociales hablaban del regreso a la vida p\u00fablica del perote\u00f1o&#8230; Sobre todo ahora que viene la renovaci\u00f3n de la dirigencia estatal del PRI&#8230;<\/p>\n<p>Pero Pepe Yunes ha dicho en reuniones a sus allegados pol\u00edticos en Veracruz y CDMX que \u00e9l en este momento se RETIRABA de la pol\u00edtica priista&#8230; Es decir, no le interesa nada los temas de la dirigencia del PRI&#8230; El ha comentado que ahora ver\u00e1 la pol\u00edtica desde el SECTOR EMPRESARIAL a trav\u00e9s de sus negocios y participaci\u00f3n ciudadana&#8230; En pocas palabras ser\u00e1 como una \u00abCoparmex\u00bb del tricolor&#8230; Un organismo empresarial que emite opiniones pero que pol\u00edticamente no toma decisiones&#8230; Qued\u00f3 claro&#8230; Ni fu,. ni fa&#8230; Se queda como empresario&#8230;<\/p>\n<p>OJO&#8230;. En el tema abordado ayer en este espacio sobre la \u00abpelea\u00bb entre el gobierno estatal de Cuitl\u00e1huac Garc\u00eda contra PapaYunes v\u00eda PAN, Congreso Local y ChiquiNando&#8230; Hay que aclarar un punto&#8230; Tal como lo hizo el Paco Show&#8230; No era decir que el Gobernador de Veracruz no ten\u00eda el nivel pa enfrentar al ex gobernador azul al compararlo con el Juventus de Tur\u00edn y el Club de Cuervos de Nexflit&#8230; NO&#8230; Era se\u00f1alar que en este \u00abpleito\u00bb pol\u00edtico y legal: SE ENCUMBRA O SE HUNDE POL\u00cdTICAMENTE&#8230;<\/p>\n<p>Los que saben de materia pol\u00edtica en un enfrentamiento entre ENTES POL\u00cdTICOS OPOSITORES no se puede enfrentar la experiencia contra las ocurrencias&#8230;El \u00abcolmillo\u00bb contra la inexperiencia&#8230; La maldad contra la inocencia&#8230; El arrojo contra el temor&#8230; El pedir perd\u00f3n y no permiso&#8230; Ah\u00ed se tendr\u00e1 que ver que saldos quedan en ese enfrentamiento&#8230; Apenas viene y se va a recrudecer seg\u00fan vaya avanzando el tema Winckler y las denuncias de alcaldes panistas contra funcionarios estatales&#8230;<\/p>\n<p>En 2010 PapaYunes perdi\u00f3 contra Fidel por poco pero perdi\u00f3&#8230;. En 2016 PapaYunes gan\u00f3 a Duarte&#8230; En 2018 el tema fue MORENA y L\u00f3pez Obrador&#8230; Ese es el recuento de los da\u00f1os de las luchas pol\u00edticas en los \u00faltimos 9 a\u00f1os en Veracruz&#8230; Por eso se\u00f1alamos que hay que preparar las palomitas y los refrescos para la funci\u00f3n que empezara en este 2019 y el final se ver\u00e1 en el 2021&#8230; Tan, Tan&#8230; Tan avisaos y el que avisa no traiciona&#8230;<\/p>\n<p>CUENTO VIEJO&#8230; Ayer lo se\u00f1al\u00f3 bien la vecina La Forbach (Y ella NO LA PUEDEN ACUSAR de ser una vecina -aliada- de la Fiscal\u00eda del Estado) de que pareciera un chiste o una telenovela de mala calidad&#8230; Ese pleito entre el Gobierno de Veracruz en contra de Jorge Winckler&#8230; De que lo quitan y lo quitan pero no se va&#8230; Y lo \u00fanico que provocan es que se ridiculice m\u00e1s al gobierno estatal&#8230; Y, \u00e9l otro sea \u00abm\u00e1rtir\u00bb&#8230; Pero bien lo dijo la autora de \u00abPol\u00edtica con Amuor\u00bb NO TIENEN EXPERIENCIA en operaci\u00f3n pol\u00edtica&#8230; Ah\u00ed est\u00e1 la prueba&#8230;<\/p>\n<p>Vamos tan burdo es el tema&#8230; Que ya son m\u00e1s las voces en redes sociales que se hacen la pregunta: \u00bflos diputados locales de Morena pretenden quitar al titular de la FGE o en realidad lo que se pretende es vulnerar la autonom\u00eda de ese \u00f3rgano?&#8230; Ya hasta en el twitter, personas que no ten\u00edan la idea que eran \u00d3RGANOS AUTONOMOS lo entienden&#8230; Las benditas redes sociales.. Y ya se preguntan tambi\u00e9n si lo hacen por temas pol\u00edticos y si no es hasta ilegal&#8230; Valgame Dios&#8230; Una sociedad informada pero DEFORMADA por las redes sociales&#8230;<\/p>\n<p>Ya hasta se\u00f1alan en las redes si lo qu\u00e9 hay que analizar&#8230; M\u00e1s all\u00e1 de cuestiones partidistas (no les digo), si es importante para Veracruz que exista una separaci\u00f3n de poderes&#8230; Como se ve toda democracia&#8230; Asuuuu maye al rato todos los tuiteros nos van a resultar \u00abjurisconsultos\u00bb en derecho constitucional y dir\u00e1n que \u00abDios Bendiga a Winckler\u00bb que es un \u00abpr\u00f3cer aut\u00f3nomo\u00bb&#8230; Pero la culpa no es el indio&#8230; Pa que andan diciendo lo que van hacer&#8230; Miguel Alem\u00e1n se los dej\u00f3 bien dicho hace a\u00f1os&#8230; Ah\u00ed pregunten que dijo&#8230; Investiguen&#8230; \u00bfPero sirve de algo?&#8230;<\/p>\n<p>MORENA \u00bfSIN DIRIGENTE?&#8230; Despu\u00e9s de que Manuel Huerta se fue como coordinador del Gobierno Federal en Veracruz&#8230; MORENA se ha quedado sin dirigente estatal de partido&#8230;. No lo tiene y eso se nota por los \u00abmameyazos\u00bb que le est\u00e1n metiendo al gobierno de Cuitl\u00e1huac Garc\u00eda y a sus funcionarios estatales y no hay un ente del partido pol\u00edtico que salga a defenderlos&#8230; Que poca&#8230; Ven la tempestad y no se \u00abhincan\u00bb&#8230;<\/p>\n<p>Pero todo parece indicar que la elegida ser\u00e1 la ex diputada local, Tanya Carola Viveros&#8230; Que es un miembro de este partido muy cercana al Gobernador, de Veracruz y quien se supone har\u00e1 la operaci\u00f3n pol\u00edtica para dejarla en el sitio de Huerta Ladr\u00f3n de Guevara es: Eric Cisneros, el secretario de Gobierno&#8230; Ahora s\u00f3lo hay que esperar la reacci\u00f3n de Roc\u00edo Nahle&#8230; Ya que Huerta est\u00e1 distra\u00eddo en sus temas federales y no le queda ni tiempo para el partido&#8230; Este arroz ya se coci\u00f3&#8230;<\/p>\n<p>El asunto ser\u00e1 aqu\u00ed la experiencia de Tanya Carola una feminista a ultranza&#8230; Pero, al parecer, tiene muy poca en el tema de la dirigencia de un partido pol\u00edtico&#8230; Y ahora s\u00f3lo hay que esperar si esta posici\u00f3n no significa \u00abenterrar\u00bb como organismo pol\u00edtico a MORENA&#8230; Ella es una chef una profesi\u00f3n muy respetable y de envidiarse&#8230; Pero las \u00abartima\u00f1as\u00bb para ser l\u00edder de partido no se dan como \u00abreceta\u00bb hay que saber \u00abmenear la cuchara\u00bb&#8230; Imagenense buscando un pacto pol\u00edtico entre ella y Javier Herrera Borunda.. Ufff&#8230; Pero es la elegida de Cuitl\u00e1huac&#8230; AMEN..<\/p>\n","protected":false},"excerpt":{"rendered":"<p>Ricardo Ch\u00faa Sale y Vale PD&#8230; Ayer aparecieron varias redes sociales que son de las cuentas oficiales del ex senador priista Pepe Yunes&#8230; Una era de instagram aceptando y enviando solicitudes de amistad para la misma&#8230; Luego despu\u00e9s 6 meses apareci\u00f3 en su twitter un mensaje dando a conocer que iba a empezar a estudiar [&hellip;]<\/p>\n","protected":false},"author":2,"featured_media":46484,"comment_status":"open","ping_status":"open","sticky":false,"template":"","format":"standard","meta":{"tdm_status":"","tdm_grid_status":"","footnotes":""},"categories":[70],"tags":[6293,1681,12686,6870,13605,13546,1124,6869,1850,346,1026,570,251,13604,3578,9029,481],"class_list":{"0":"post-46483","1":"post","2":"type-post","3":"status-publish","4":"format-standard","5":"has-post-thumbnail","7":"category-de-opinion","8":"tag-coparmex","9":"tag-cuitlahuac-garcia","10":"tag-eric-cisneros","11":"tag-fge","12":"tag-instagram","13":"tag-itam","14":"tag-javier-herrera-borunda","15":"tag-jorge-winckler","16":"tag-manuel-huerta-ladron-de-guevara","17":"tag-miguel-aleman","18":"tag-morena","19":"tag-pepe-yunes","20":"tag-pri","21":"tag-ricardo-chua","22":"tag-rocio-nahle","23":"tag-tanya-carola-viveros","24":"tag-twitter"},"yoast_head":"<!-- This site is optimized with the Yoast SEO plugin v27.4 - https:\/\/yoast.com\/product\/yoast-seo-wordpress\/ -->\n<title>Pepe Yunes, \u00bfel Coparmex del PRI?; Tanya Carola por Huerta... - Los pol\u00edticos Veracruz<\/title>\n<meta name=\"robots\" content=\"index, follow, max-snippet:-1, max-image-preview:large, max-video-preview:-1\" \/>\n<link rel=\"canonical\" href=\"https:\/\/lospoliticosveracruz.com\/?p=46483\" \/>\n<meta property=\"og:locale\" content=\"es_ES\" \/>\n<meta property=\"og:type\" content=\"article\" \/>\n<meta property=\"og:title\" content=\"Pepe Yunes, \u00bfel Coparmex del PRI?; Tanya Carola por Huerta... - Los pol\u00edticos Veracruz\" \/>\n<meta property=\"og:description\" content=\"Ricardo Ch\u00faa Sale y Vale PD&#8230; Ayer aparecieron varias redes sociales que son de las cuentas oficiales del ex senador priista Pepe Yunes&#8230; Una era de instagram aceptando y enviando solicitudes de amistad para la misma&#8230; Luego despu\u00e9s 6 meses apareci\u00f3 en su twitter un mensaje dando a conocer que iba a empezar a estudiar [&hellip;]\" \/>\n<meta property=\"og:url\" content=\"https:\/\/lospoliticosveracruz.com\/?p=46483\" \/>\n<meta property=\"og:site_name\" content=\"Los pol\u00edticos Veracruz\" \/>\n<meta property=\"article:publisher\" content=\"https:\/\/www.facebook.com\/people\/Notimemes-de-los-Polticos\/61565672886568\/\" \/>\n<meta property=\"article:published_time\" content=\"2019-01-19T19:03:14+00:00\" \/>\n<meta property=\"og:image\" content=\"https:\/\/lospoliticosveracruz.com\/wp-content\/uploads\/2019\/01\/Pepe.jpeg\" \/>\n\t<meta property=\"og:image:width\" content=\"600\" \/>\n\t<meta property=\"og:image:height\" content=\"358\" \/>\n\t<meta property=\"og:image:type\" content=\"image\/jpeg\" \/>\n<meta name=\"author\" content=\"Lo viste en Los Pol\u00edticos\" \/>\n<meta name=\"twitter:card\" content=\"summary_large_image\" \/>\n<meta name=\"twitter:creator\" content=\"@LosPoliticosVer\" \/>\n<meta name=\"twitter:site\" content=\"@LosPoliticosVer\" \/>\n<meta name=\"twitter:label1\" content=\"Escrito por\" \/>\n\t<meta name=\"twitter:data1\" content=\"Lo viste en Los Pol\u00edticos\" \/>\n\t<meta name=\"twitter:label2\" content=\"Tiempo de lectura\" \/>\n\t<meta name=\"twitter:data2\" content=\"5 minutos\" \/>\n<script type=\"application\/ld+json\" class=\"yoast-schema-graph\">{\"@context\":\"https:\\\/\\\/schema.org\",\"@graph\":[{\"@type\":\"Article\",\"@id\":\"https:\\\/\\\/lospoliticosveracruz.com\\\/?p=46483#article\",\"isPartOf\":{\"@id\":\"https:\\\/\\\/lospoliticosveracruz.com\\\/?p=46483\"},\"author\":{\"name\":\"Lo viste en Los Pol\u00edticos\",\"@id\":\"https:\\\/\\\/lospoliticosveracruz.com\\\/#\\\/schema\\\/person\\\/b8702bb0e538456e6efd07080bf2a4a2\"},\"headline\":\"Pepe Yunes, \u00bfel Coparmex del PRI?; Tanya Carola por Huerta&#8230;\",\"datePublished\":\"2019-01-19T19:03:14+00:00\",\"mainEntityOfPage\":{\"@id\":\"https:\\\/\\\/lospoliticosveracruz.com\\\/?p=46483\"},\"wordCount\":1046,\"commentCount\":0,\"publisher\":{\"@id\":\"https:\\\/\\\/lospoliticosveracruz.com\\\/#organization\"},\"image\":{\"@id\":\"https:\\\/\\\/lospoliticosveracruz.com\\\/?p=46483#primaryimage\"},\"thumbnailUrl\":\"https:\\\/\\\/lospoliticosveracruz.com\\\/wp-content\\\/uploads\\\/2019\\\/01\\\/Pepe.jpeg\",\"keywords\":[\"Coparmex\",\"Cuitl\u00e1huac Garc\u00eda\",\"Eric Cisneros\",\"FGE\",\"Instagram\",\"ITAM\",\"Javier Herrera Borunda\",\"Jorge Winckler\",\"Manuel Huerta Ladr\u00f3n de Guevara\",\"Miguel Alem\u00e1n\",\"Morena\",\"Pepe Yunes\",\"PRI\",\"Ricardo Ch\u00faa\",\"Roc\u00edo Nahle\",\"Tanya Carola Viveros\",\"twitter\"],\"articleSection\":[\"De Opini\u00f3n\"],\"inLanguage\":\"es\",\"potentialAction\":[{\"@type\":\"CommentAction\",\"name\":\"Comment\",\"target\":[\"https:\\\/\\\/lospoliticosveracruz.com\\\/?p=46483#respond\"]}]},{\"@type\":\"WebPage\",\"@id\":\"https:\\\/\\\/lospoliticosveracruz.com\\\/?p=46483\",\"url\":\"https:\\\/\\\/lospoliticosveracruz.com\\\/?p=46483\",\"name\":\"Pepe Yunes, \u00bfel Coparmex del PRI?; Tanya Carola por Huerta... - Los pol\u00edticos Veracruz\",\"isPartOf\":{\"@id\":\"https:\\\/\\\/lospoliticosveracruz.com\\\/#website\"},\"primaryImageOfPage\":{\"@id\":\"https:\\\/\\\/lospoliticosveracruz.com\\\/?p=46483#primaryimage\"},\"image\":{\"@id\":\"https:\\\/\\\/lospoliticosveracruz.com\\\/?p=46483#primaryimage\"},\"thumbnailUrl\":\"https:\\\/\\\/lospoliticosveracruz.com\\\/wp-content\\\/uploads\\\/2019\\\/01\\\/Pepe.jpeg\",\"datePublished\":\"2019-01-19T19:03:14+00:00\",\"breadcrumb\":{\"@id\":\"https:\\\/\\\/lospoliticosveracruz.com\\\/?p=46483#breadcrumb\"},\"inLanguage\":\"es\",\"potentialAction\":[{\"@type\":\"ReadAction\",\"target\":[\"https:\\\/\\\/lospoliticosveracruz.com\\\/?p=46483\"]}]},{\"@type\":\"ImageObject\",\"inLanguage\":\"es\",\"@id\":\"https:\\\/\\\/lospoliticosveracruz.com\\\/?p=46483#primaryimage\",\"url\":\"https:\\\/\\\/lospoliticosveracruz.com\\\/wp-content\\\/uploads\\\/2019\\\/01\\\/Pepe.jpeg\",\"contentUrl\":\"https:\\\/\\\/lospoliticosveracruz.com\\\/wp-content\\\/uploads\\\/2019\\\/01\\\/Pepe.jpeg\",\"width\":600,\"height\":358},{\"@type\":\"BreadcrumbList\",\"@id\":\"https:\\\/\\\/lospoliticosveracruz.com\\\/?p=46483#breadcrumb\",\"itemListElement\":[{\"@type\":\"ListItem\",\"position\":1,\"name\":\"Portada\",\"item\":\"https:\\\/\\\/lospoliticosveracruz.com\\\/\"},{\"@type\":\"ListItem\",\"position\":2,\"name\":\"Pepe Yunes, \u00bfel Coparmex del PRI?; Tanya Carola por Huerta&#8230;\"}]},{\"@type\":\"WebSite\",\"@id\":\"https:\\\/\\\/lospoliticosveracruz.com\\\/#website\",\"url\":\"https:\\\/\\\/lospoliticosveracruz.com\\\/\",\"name\":\"Los pol\u00edticos Veracruz\",\"description\":\"\",\"publisher\":{\"@id\":\"https:\\\/\\\/lospoliticosveracruz.com\\\/#organization\"},\"potentialAction\":[{\"@type\":\"SearchAction\",\"target\":{\"@type\":\"EntryPoint\",\"urlTemplate\":\"https:\\\/\\\/lospoliticosveracruz.com\\\/?s={search_term_string}\"},\"query-input\":{\"@type\":\"PropertyValueSpecification\",\"valueRequired\":true,\"valueName\":\"search_term_string\"}}],\"inLanguage\":\"es\"},{\"@type\":\"Organization\",\"@id\":\"https:\\\/\\\/lospoliticosveracruz.com\\\/#organization\",\"name\":\"Los pol\u00edticos Veracruz\",\"url\":\"https:\\\/\\\/lospoliticosveracruz.com\\\/\",\"logo\":{\"@type\":\"ImageObject\",\"inLanguage\":\"es\",\"@id\":\"https:\\\/\\\/lospoliticosveracruz.com\\\/#\\\/schema\\\/logo\\\/image\\\/\",\"url\":\"https:\\\/\\\/lospoliticosveracruz.com\\\/wp-content\\\/uploads\\\/2025\\\/12\\\/Logo-Nuevo-LOS-POLITICOS-1.jpg\",\"contentUrl\":\"https:\\\/\\\/lospoliticosveracruz.com\\\/wp-content\\\/uploads\\\/2025\\\/12\\\/Logo-Nuevo-LOS-POLITICOS-1.jpg\",\"width\":260,\"height\":70,\"caption\":\"Los pol\u00edticos Veracruz\"},\"image\":{\"@id\":\"https:\\\/\\\/lospoliticosveracruz.com\\\/#\\\/schema\\\/logo\\\/image\\\/\"},\"sameAs\":[\"https:\\\/\\\/www.facebook.com\\\/people\\\/Notimemes-de-los-Polticos\\\/61565672886568\\\/\",\"https:\\\/\\\/x.com\\\/LosPoliticosVer\"]},{\"@type\":\"Person\",\"@id\":\"https:\\\/\\\/lospoliticosveracruz.com\\\/#\\\/schema\\\/person\\\/b8702bb0e538456e6efd07080bf2a4a2\",\"name\":\"Lo viste en Los Pol\u00edticos\",\"image\":{\"@type\":\"ImageObject\",\"inLanguage\":\"es\",\"@id\":\"https:\\\/\\\/secure.gravatar.com\\\/avatar\\\/3a8de04a2656d44082be478bd6c086daa447c4651605818287b9532d3d0bd435?s=96&d=mm&r=g\",\"url\":\"https:\\\/\\\/secure.gravatar.com\\\/avatar\\\/3a8de04a2656d44082be478bd6c086daa447c4651605818287b9532d3d0bd435?s=96&d=mm&r=g\",\"contentUrl\":\"https:\\\/\\\/secure.gravatar.com\\\/avatar\\\/3a8de04a2656d44082be478bd6c086daa447c4651605818287b9532d3d0bd435?s=96&d=mm&r=g\",\"caption\":\"Lo viste en Los Pol\u00edticos\"},\"url\":\"https:\\\/\\\/lospoliticosveracruz.com\\\/?author=2\"}]}<\/script>\n<!-- \/ Yoast SEO plugin. -->","yoast_head_json":{"title":"Pepe Yunes, \u00bfel Coparmex del PRI?; Tanya Carola por Huerta... - Los pol\u00edticos Veracruz","robots":{"index":"index","follow":"follow","max-snippet":"max-snippet:-1","max-image-preview":"max-image-preview:large","max-video-preview":"max-video-preview:-1"},"canonical":"https:\/\/lospoliticosveracruz.com\/?p=46483","og_locale":"es_ES","og_type":"article","og_title":"Pepe Yunes, \u00bfel Coparmex del PRI?; Tanya Carola por Huerta... - Los pol\u00edticos Veracruz","og_description":"Ricardo Ch\u00faa Sale y Vale PD&#8230; Ayer aparecieron varias redes sociales que son de las cuentas oficiales del ex senador priista Pepe Yunes&#8230; Una era de instagram aceptando y enviando solicitudes de amistad para la misma&#8230; Luego despu\u00e9s 6 meses apareci\u00f3 en su twitter un mensaje dando a conocer que iba a empezar a estudiar [&hellip;]","og_url":"https:\/\/lospoliticosveracruz.com\/?p=46483","og_site_name":"Los pol\u00edticos Veracruz","article_publisher":"https:\/\/www.facebook.com\/people\/Notimemes-de-los-Polticos\/61565672886568\/","article_published_time":"2019-01-19T19:03:14+00:00","og_image":[{"width":600,"height":358,"url":"https:\/\/lospoliticosveracruz.com\/wp-content\/uploads\/2019\/01\/Pepe.jpeg","type":"image\/jpeg"}],"author":"Lo viste en Los Pol\u00edticos","twitter_card":"summary_large_image","twitter_creator":"@LosPoliticosVer","twitter_site":"@LosPoliticosVer","twitter_misc":{"Escrito por":"Lo viste en Los Pol\u00edticos","Tiempo de lectura":"5 minutos"},"schema":{"@context":"https:\/\/schema.org","@graph":[{"@type":"Article","@id":"https:\/\/lospoliticosveracruz.com\/?p=46483#article","isPartOf":{"@id":"https:\/\/lospoliticosveracruz.com\/?p=46483"},"author":{"name":"Lo viste en Los Pol\u00edticos","@id":"https:\/\/lospoliticosveracruz.com\/#\/schema\/person\/b8702bb0e538456e6efd07080bf2a4a2"},"headline":"Pepe Yunes, \u00bfel Coparmex del PRI?; Tanya Carola por Huerta&#8230;","datePublished":"2019-01-19T19:03:14+00:00","mainEntityOfPage":{"@id":"https:\/\/lospoliticosveracruz.com\/?p=46483"},"wordCount":1046,"commentCount":0,"publisher":{"@id":"https:\/\/lospoliticosveracruz.com\/#organization"},"image":{"@id":"https:\/\/lospoliticosveracruz.com\/?p=46483#primaryimage"},"thumbnailUrl":"https:\/\/lospoliticosveracruz.com\/wp-content\/uploads\/2019\/01\/Pepe.jpeg","keywords":["Coparmex","Cuitl\u00e1huac Garc\u00eda","Eric Cisneros","FGE","Instagram","ITAM","Javier Herrera Borunda","Jorge Winckler","Manuel Huerta Ladr\u00f3n de Guevara","Miguel Alem\u00e1n","Morena","Pepe Yunes","PRI","Ricardo Ch\u00faa","Roc\u00edo Nahle","Tanya Carola Viveros","twitter"],"articleSection":["De Opini\u00f3n"],"inLanguage":"es","potentialAction":[{"@type":"CommentAction","name":"Comment","target":["https:\/\/lospoliticosveracruz.com\/?p=46483#respond"]}]},{"@type":"WebPage","@id":"https:\/\/lospoliticosveracruz.com\/?p=46483","url":"https:\/\/lospoliticosveracruz.com\/?p=46483","name":"Pepe Yunes, \u00bfel Coparmex del PRI?; Tanya Carola por Huerta... - Los pol\u00edticos Veracruz","isPartOf":{"@id":"https:\/\/lospoliticosveracruz.com\/#website"},"primaryImageOfPage":{"@id":"https:\/\/lospoliticosveracruz.com\/?p=46483#primaryimage"},"image":{"@id":"https:\/\/lospoliticosveracruz.com\/?p=46483#primaryimage"},"thumbnailUrl":"https:\/\/lospoliticosveracruz.com\/wp-content\/uploads\/2019\/01\/Pepe.jpeg","datePublished":"2019-01-19T19:03:14+00:00","breadcrumb":{"@id":"https:\/\/lospoliticosveracruz.com\/?p=46483#breadcrumb"},"inLanguage":"es","potentialAction":[{"@type":"ReadAction","target":["https:\/\/lospoliticosveracruz.com\/?p=46483"]}]},{"@type":"ImageObject","inLanguage":"es","@id":"https:\/\/lospoliticosveracruz.com\/?p=46483#primaryimage","url":"https:\/\/lospoliticosveracruz.com\/wp-content\/uploads\/2019\/01\/Pepe.jpeg","contentUrl":"https:\/\/lospoliticosveracruz.com\/wp-content\/uploads\/2019\/01\/Pepe.jpeg","width":600,"height":358},{"@type":"BreadcrumbList","@id":"https:\/\/lospoliticosveracruz.com\/?p=46483#breadcrumb","itemListElement":[{"@type":"ListItem","position":1,"name":"Portada","item":"https:\/\/lospoliticosveracruz.com\/"},{"@type":"ListItem","position":2,"name":"Pepe Yunes, \u00bfel Coparmex del PRI?; Tanya Carola por Huerta&#8230;"}]},{"@type":"WebSite","@id":"https:\/\/lospoliticosveracruz.com\/#website","url":"https:\/\/lospoliticosveracruz.com\/","name":"Los pol\u00edticos Veracruz","description":"","publisher":{"@id":"https:\/\/lospoliticosveracruz.com\/#organization"},"potentialAction":[{"@type":"SearchAction","target":{"@type":"EntryPoint","urlTemplate":"https:\/\/lospoliticosveracruz.com\/?s={search_term_string}"},"query-input":{"@type":"PropertyValueSpecification","valueRequired":true,"valueName":"search_term_string"}}],"inLanguage":"es"},{"@type":"Organization","@id":"https:\/\/lospoliticosveracruz.com\/#organization","name":"Los pol\u00edticos Veracruz","url":"https:\/\/lospoliticosveracruz.com\/","logo":{"@type":"ImageObject","inLanguage":"es","@id":"https:\/\/lospoliticosveracruz.com\/#\/schema\/logo\/image\/","url":"https:\/\/lospoliticosveracruz.com\/wp-content\/uploads\/2025\/12\/Logo-Nuevo-LOS-POLITICOS-1.jpg","contentUrl":"https:\/\/lospoliticosveracruz.com\/wp-content\/uploads\/2025\/12\/Logo-Nuevo-LOS-POLITICOS-1.jpg","width":260,"height":70,"caption":"Los pol\u00edticos Veracruz"},"image":{"@id":"https:\/\/lospoliticosveracruz.com\/#\/schema\/logo\/image\/"},"sameAs":["https:\/\/www.facebook.com\/people\/Notimemes-de-los-Polticos\/61565672886568\/","https:\/\/x.com\/LosPoliticosVer"]},{"@type":"Person","@id":"https:\/\/lospoliticosveracruz.com\/#\/schema\/person\/b8702bb0e538456e6efd07080bf2a4a2","name":"Lo viste en Los Pol\u00edticos","image":{"@type":"ImageObject","inLanguage":"es","@id":"https:\/\/secure.gravatar.com\/avatar\/3a8de04a2656d44082be478bd6c086daa447c4651605818287b9532d3d0bd435?s=96&d=mm&r=g","url":"https:\/\/secure.gravatar.com\/avatar\/3a8de04a2656d44082be478bd6c086daa447c4651605818287b9532d3d0bd435?s=96&d=mm&r=g","contentUrl":"https:\/\/secure.gravatar.com\/avatar\/3a8de04a2656d44082be478bd6c086daa447c4651605818287b9532d3d0bd435?s=96&d=mm&r=g","caption":"Lo viste en Los Pol\u00edticos"},"url":"https:\/\/lospoliticosveracruz.com\/?author=2"}]}},"_links":{"self":[{"href":"https:\/\/lospoliticosveracruz.com\/index.php?rest_route=\/wp\/v2\/posts\/46483","targetHints":{"allow":["GET"]}}],"collection":[{"href":"https:\/\/lospoliticosveracruz.com\/index.php?rest_route=\/wp\/v2\/posts"}],"about":[{"href":"https:\/\/lospoliticosveracruz.com\/index.php?rest_route=\/wp\/v2\/types\/post"}],"author":[{"embeddable":true,"href":"https:\/\/lospoliticosveracruz.com\/index.php?rest_route=\/wp\/v2\/users\/2"}],"replies":[{"embeddable":true,"href":"https:\/\/lospoliticosveracruz.com\/index.php?rest_route=%2Fwp%2Fv2%2Fcomments&post=46483"}],"version-history":[{"count":1,"href":"https:\/\/lospoliticosveracruz.com\/index.php?rest_route=\/wp\/v2\/posts\/46483\/revisions"}],"predecessor-version":[{"id":46485,"href":"https:\/\/lospoliticosveracruz.com\/index.php?rest_route=\/wp\/v2\/posts\/46483\/revisions\/46485"}],"wp:featuredmedia":[{"embeddable":true,"href":"https:\/\/lospoliticosveracruz.com\/index.php?rest_route=\/wp\/v2\/media\/46484"}],"wp:attachment":[{"href":"https:\/\/lospoliticosveracruz.com\/index.php?rest_route=%2Fwp%2Fv2%2Fmedia&parent=46483"}],"wp:term":[{"taxonomy":"category","embeddable":true,"href":"https:\/\/lospoliticosveracruz.com\/index.php?rest_route=%2Fwp%2Fv2%2Fcategories&post=46483"},{"taxonomy":"post_tag","embeddable":true,"href":"https:\/\/lospoliticosveracruz.com\/index.php?rest_route=%2Fwp%2Fv2%2Ftags&post=46483"}],"curies":[{"name":"wp","href":"https:\/\/api.w.org\/{rel}","templated":true}]}}