{"id":46486,"date":"2019-01-19T13:15:17","date_gmt":"2019-01-19T19:15:17","guid":{"rendered":"http:\/\/www.lospoliticosveracruz.com.mx\/?p=46486"},"modified":"2019-01-19T13:15:17","modified_gmt":"2019-01-19T19:15:17","slug":"politica-criminal-prisiones-y-proyecto-inocencia-en-el-estado-de-veracruz","status":"publish","type":"post","link":"https:\/\/lospoliticosveracruz.com\/?p=46486","title":{"rendered":"Pol\u00edtica Criminal, prisiones y proyecto inocencia en el estado de Veracruz"},"content":{"rendered":"<p>En una acci\u00f3n conjunta el Club de Periodistas de M\u00e9xico, A. C. Delegaci\u00f3n Veracruz, la LXV Legislatura del Congreso del Estado de Veracruz, la Barra Interamericana de Abogados, A.C., la Barra de Licenciados en Derecho de Veracruz, A.C., la asociaci\u00f3n Civil Mujeres Transformando Vidas y la Universidad BIA-Facultad Interamericana de Litigaci\u00f3n realizar\u00e1n este 21 de enero a partir de las 11: 00 horas, en el Congreso local, el Foro Jur\u00eddico Interamericano \u201cPol\u00edtica Criminal, prisiones y proyecto inocencia en el estado de Veracruz\u201d.<\/p>\n<p>El objetivo del citado foro es mostrar a los profesionales del Derecho, profesionales de otras disciplinas e interesados en la tem\u00e1tica, las situaciones que se han presentado sobre los t\u00f3picos en cuesti\u00f3n.<\/p>\n<p>Para lo anterior participar\u00e1n en el foro personajes como el abogado Tom\u00e1s Mundo Arriasa quien recibir\u00e1 de parte de la Barra Interamericana de Abogados A. C., el doctorado Honoris Causa por su tarea jur\u00eddica, entre la que destaca la capacitaci\u00f3n que se ha otorgado a abogados litigantes sobre el Sistema Penal Adversarial, un tema que habr\u00e1 de abordar durante su participaci\u00f3n como ponente del foro en cuesti\u00f3n.<\/p>\n<p>De la misma manera tomar\u00e1 parte en ese evento el escritor costarricense Jos\u00e9 Le\u00f3n S\u00e1nchez, autor de \u201cLa isla de los hombres solos\u201d, quien tambi\u00e9n recibir\u00e1 el citado galard\u00f3n Honoris Causa.<\/p>\n<p>Tambi\u00e9n participar\u00e1n el doctor Rub\u00e9n Pacheco Incl\u00e1n, as\u00ed como el poeta y traductor en lengua n\u00e1huatl Juan Hern\u00e1ndez, quien hace poco tiempo recibi\u00f3 la medalla \u201cAdolfo Ruiz Cortines\u201d en el Congreso del Estado.<\/p>\n<p>La entrada es gratuita.<\/p>\n<p>https:\/\/bit.ly\/2swuK09<\/p>\n","protected":false},"excerpt":{"rendered":"<p>En una acci\u00f3n conjunta el Club de Periodistas de M\u00e9xico, A. C. Delegaci\u00f3n Veracruz, la LXV Legislatura del Congreso del Estado de Veracruz, la Barra Interamericana de Abogados, A.C., la Barra de Licenciados en Derecho de Veracruz, A.C., la asociaci\u00f3n Civil Mujeres Transformando Vidas y la Universidad BIA-Facultad Interamericana de Litigaci\u00f3n realizar\u00e1n este 21 de [&hellip;]<\/p>\n","protected":false},"author":2,"featured_media":46487,"comment_status":"open","ping_status":"open","sticky":false,"template":"","format":"standard","meta":{"tdm_status":"","tdm_grid_status":"","footnotes":""},"categories":[73],"tags":[13462,331,130,13611,13614,13612,11786,11446,13609,13613,13610,6483,195],"class_list":{"0":"post-46486","1":"post","2":"type-post","3":"status-publish","4":"format-standard","5":"has-post-thumbnail","7":"category-de-boleto","8":"tag-club-de-periodistas-de-mexico","9":"tag-congreso-del-estado","10":"tag-honoris-causa","11":"tag-jose-leon-sanchez","12":"tag-juan-hernandez","13":"tag-la-isla-de-los-hombres-solos","14":"tag-lxv-legislatura","15":"tag-mujeres-transformando-vidas","16":"tag-politica-criminal","17":"tag-ruben-pacheco-inclan","18":"tag-sistema-penal-adversarial","19":"tag-tomas-mundo-arriasa","20":"tag-veracruz"},"yoast_head":"<!-- This site is optimized with the Yoast SEO plugin v27.4 - https:\/\/yoast.com\/product\/yoast-seo-wordpress\/ -->\n<title>Pol\u00edtica Criminal, prisiones y proyecto inocencia en el estado de Veracruz - Los pol\u00edticos Veracruz<\/title>\n<meta name=\"robots\" content=\"index, follow, max-snippet:-1, max-image-preview:large, max-video-preview:-1\" \/>\n<link rel=\"canonical\" href=\"https:\/\/lospoliticosveracruz.com\/?p=46486\" \/>\n<meta property=\"og:locale\" content=\"es_ES\" \/>\n<meta property=\"og:type\" content=\"article\" \/>\n<meta property=\"og:title\" content=\"Pol\u00edtica Criminal, prisiones y proyecto inocencia en el estado de Veracruz - Los pol\u00edticos Veracruz\" \/>\n<meta property=\"og:description\" content=\"En una acci\u00f3n conjunta el Club de Periodistas de M\u00e9xico, A. C. Delegaci\u00f3n Veracruz, la LXV Legislatura del Congreso del Estado de Veracruz, la Barra Interamericana de Abogados, A.C., la Barra de Licenciados en Derecho de Veracruz, A.C., la asociaci\u00f3n Civil Mujeres Transformando Vidas y la Universidad BIA-Facultad Interamericana de Litigaci\u00f3n realizar\u00e1n este 21 de [&hellip;]\" \/>\n<meta property=\"og:url\" content=\"https:\/\/lospoliticosveracruz.com\/?p=46486\" \/>\n<meta property=\"og:site_name\" content=\"Los pol\u00edticos Veracruz\" \/>\n<meta property=\"article:publisher\" content=\"https:\/\/www.facebook.com\/people\/Notimemes-de-los-Polticos\/61565672886568\/\" \/>\n<meta property=\"article:published_time\" content=\"2019-01-19T19:15:17+00:00\" \/>\n<meta property=\"og:image\" content=\"https:\/\/lospoliticosveracruz.com\/wp-content\/uploads\/2019\/01\/Pol\u00edtica-criminal.jpeg\" \/>\n\t<meta property=\"og:image:width\" content=\"600\" \/>\n\t<meta property=\"og:image:height\" content=\"410\" \/>\n\t<meta property=\"og:image:type\" content=\"image\/jpeg\" \/>\n<meta name=\"author\" content=\"Lo viste en Los Pol\u00edticos\" \/>\n<meta name=\"twitter:card\" content=\"summary_large_image\" \/>\n<meta name=\"twitter:creator\" content=\"@LosPoliticosVer\" \/>\n<meta name=\"twitter:site\" content=\"@LosPoliticosVer\" \/>\n<meta name=\"twitter:label1\" content=\"Escrito por\" \/>\n\t<meta name=\"twitter:data1\" content=\"Lo viste en Los Pol\u00edticos\" \/>\n\t<meta name=\"twitter:label2\" content=\"Tiempo de lectura\" \/>\n\t<meta name=\"twitter:data2\" content=\"1 minuto\" \/>\n<script type=\"application\/ld+json\" class=\"yoast-schema-graph\">{\"@context\":\"https:\\\/\\\/schema.org\",\"@graph\":[{\"@type\":\"Article\",\"@id\":\"https:\\\/\\\/lospoliticosveracruz.com\\\/?p=46486#article\",\"isPartOf\":{\"@id\":\"https:\\\/\\\/lospoliticosveracruz.com\\\/?p=46486\"},\"author\":{\"name\":\"Lo viste en Los Pol\u00edticos\",\"@id\":\"https:\\\/\\\/lospoliticosveracruz.com\\\/#\\\/schema\\\/person\\\/b8702bb0e538456e6efd07080bf2a4a2\"},\"headline\":\"Pol\u00edtica Criminal, prisiones y proyecto inocencia en el estado de Veracruz\",\"datePublished\":\"2019-01-19T19:15:17+00:00\",\"mainEntityOfPage\":{\"@id\":\"https:\\\/\\\/lospoliticosveracruz.com\\\/?p=46486\"},\"wordCount\":291,\"commentCount\":0,\"publisher\":{\"@id\":\"https:\\\/\\\/lospoliticosveracruz.com\\\/#organization\"},\"image\":{\"@id\":\"https:\\\/\\\/lospoliticosveracruz.com\\\/?p=46486#primaryimage\"},\"thumbnailUrl\":\"https:\\\/\\\/lospoliticosveracruz.com\\\/wp-content\\\/uploads\\\/2019\\\/01\\\/Pol\u00edtica-criminal.jpeg\",\"keywords\":[\"Club de Periodistas de M\u00e9xico\",\"Congreso del Estado\",\"Honoris Causa\",\"Jos\u00e9 Le\u00f3n S\u00e1nchez\",\"Juan Hern\u00e1ndez\",\"La isla de los hombres solos\",\"LXV Legislatura\",\"Mujeres Transformando Vidas\",\"Pol\u00edtica Criminal\",\"Rub\u00e9n Pacheco Incl\u00e1n\",\"Sistema Penal Adversarial\",\"Tom\u00e1s Mundo Arriasa\",\"Veracruz\"],\"articleSection\":[\"De Boleto\"],\"inLanguage\":\"es\",\"potentialAction\":[{\"@type\":\"CommentAction\",\"name\":\"Comment\",\"target\":[\"https:\\\/\\\/lospoliticosveracruz.com\\\/?p=46486#respond\"]}]},{\"@type\":\"WebPage\",\"@id\":\"https:\\\/\\\/lospoliticosveracruz.com\\\/?p=46486\",\"url\":\"https:\\\/\\\/lospoliticosveracruz.com\\\/?p=46486\",\"name\":\"Pol\u00edtica Criminal, prisiones y proyecto inocencia en el estado de Veracruz - Los pol\u00edticos Veracruz\",\"isPartOf\":{\"@id\":\"https:\\\/\\\/lospoliticosveracruz.com\\\/#website\"},\"primaryImageOfPage\":{\"@id\":\"https:\\\/\\\/lospoliticosveracruz.com\\\/?p=46486#primaryimage\"},\"image\":{\"@id\":\"https:\\\/\\\/lospoliticosveracruz.com\\\/?p=46486#primaryimage\"},\"thumbnailUrl\":\"https:\\\/\\\/lospoliticosveracruz.com\\\/wp-content\\\/uploads\\\/2019\\\/01\\\/Pol\u00edtica-criminal.jpeg\",\"datePublished\":\"2019-01-19T19:15:17+00:00\",\"breadcrumb\":{\"@id\":\"https:\\\/\\\/lospoliticosveracruz.com\\\/?p=46486#breadcrumb\"},\"inLanguage\":\"es\",\"potentialAction\":[{\"@type\":\"ReadAction\",\"target\":[\"https:\\\/\\\/lospoliticosveracruz.com\\\/?p=46486\"]}]},{\"@type\":\"ImageObject\",\"inLanguage\":\"es\",\"@id\":\"https:\\\/\\\/lospoliticosveracruz.com\\\/?p=46486#primaryimage\",\"url\":\"https:\\\/\\\/lospoliticosveracruz.com\\\/wp-content\\\/uploads\\\/2019\\\/01\\\/Pol\u00edtica-criminal.jpeg\",\"contentUrl\":\"https:\\\/\\\/lospoliticosveracruz.com\\\/wp-content\\\/uploads\\\/2019\\\/01\\\/Pol\u00edtica-criminal.jpeg\",\"width\":600,\"height\":410},{\"@type\":\"BreadcrumbList\",\"@id\":\"https:\\\/\\\/lospoliticosveracruz.com\\\/?p=46486#breadcrumb\",\"itemListElement\":[{\"@type\":\"ListItem\",\"position\":1,\"name\":\"Portada\",\"item\":\"https:\\\/\\\/lospoliticosveracruz.com\\\/\"},{\"@type\":\"ListItem\",\"position\":2,\"name\":\"Pol\u00edtica Criminal, prisiones y proyecto inocencia en el estado de Veracruz\"}]},{\"@type\":\"WebSite\",\"@id\":\"https:\\\/\\\/lospoliticosveracruz.com\\\/#website\",\"url\":\"https:\\\/\\\/lospoliticosveracruz.com\\\/\",\"name\":\"Los pol\u00edticos Veracruz\",\"description\":\"\",\"publisher\":{\"@id\":\"https:\\\/\\\/lospoliticosveracruz.com\\\/#organization\"},\"potentialAction\":[{\"@type\":\"SearchAction\",\"target\":{\"@type\":\"EntryPoint\",\"urlTemplate\":\"https:\\\/\\\/lospoliticosveracruz.com\\\/?s={search_term_string}\"},\"query-input\":{\"@type\":\"PropertyValueSpecification\",\"valueRequired\":true,\"valueName\":\"search_term_string\"}}],\"inLanguage\":\"es\"},{\"@type\":\"Organization\",\"@id\":\"https:\\\/\\\/lospoliticosveracruz.com\\\/#organization\",\"name\":\"Los pol\u00edticos Veracruz\",\"url\":\"https:\\\/\\\/lospoliticosveracruz.com\\\/\",\"logo\":{\"@type\":\"ImageObject\",\"inLanguage\":\"es\",\"@id\":\"https:\\\/\\\/lospoliticosveracruz.com\\\/#\\\/schema\\\/logo\\\/image\\\/\",\"url\":\"https:\\\/\\\/lospoliticosveracruz.com\\\/wp-content\\\/uploads\\\/2025\\\/12\\\/Logo-Nuevo-LOS-POLITICOS-1.jpg\",\"contentUrl\":\"https:\\\/\\\/lospoliticosveracruz.com\\\/wp-content\\\/uploads\\\/2025\\\/12\\\/Logo-Nuevo-LOS-POLITICOS-1.jpg\",\"width\":260,\"height\":70,\"caption\":\"Los pol\u00edticos Veracruz\"},\"image\":{\"@id\":\"https:\\\/\\\/lospoliticosveracruz.com\\\/#\\\/schema\\\/logo\\\/image\\\/\"},\"sameAs\":[\"https:\\\/\\\/www.facebook.com\\\/people\\\/Notimemes-de-los-Polticos\\\/61565672886568\\\/\",\"https:\\\/\\\/x.com\\\/LosPoliticosVer\"]},{\"@type\":\"Person\",\"@id\":\"https:\\\/\\\/lospoliticosveracruz.com\\\/#\\\/schema\\\/person\\\/b8702bb0e538456e6efd07080bf2a4a2\",\"name\":\"Lo viste en Los Pol\u00edticos\",\"image\":{\"@type\":\"ImageObject\",\"inLanguage\":\"es\",\"@id\":\"https:\\\/\\\/secure.gravatar.com\\\/avatar\\\/3a8de04a2656d44082be478bd6c086daa447c4651605818287b9532d3d0bd435?s=96&d=mm&r=g\",\"url\":\"https:\\\/\\\/secure.gravatar.com\\\/avatar\\\/3a8de04a2656d44082be478bd6c086daa447c4651605818287b9532d3d0bd435?s=96&d=mm&r=g\",\"contentUrl\":\"https:\\\/\\\/secure.gravatar.com\\\/avatar\\\/3a8de04a2656d44082be478bd6c086daa447c4651605818287b9532d3d0bd435?s=96&d=mm&r=g\",\"caption\":\"Lo viste en Los Pol\u00edticos\"},\"url\":\"https:\\\/\\\/lospoliticosveracruz.com\\\/?author=2\"}]}<\/script>\n<!-- \/ Yoast SEO plugin. -->","yoast_head_json":{"title":"Pol\u00edtica Criminal, prisiones y proyecto inocencia en el estado de Veracruz - Los pol\u00edticos Veracruz","robots":{"index":"index","follow":"follow","max-snippet":"max-snippet:-1","max-image-preview":"max-image-preview:large","max-video-preview":"max-video-preview:-1"},"canonical":"https:\/\/lospoliticosveracruz.com\/?p=46486","og_locale":"es_ES","og_type":"article","og_title":"Pol\u00edtica Criminal, prisiones y proyecto inocencia en el estado de Veracruz - Los pol\u00edticos Veracruz","og_description":"En una acci\u00f3n conjunta el Club de Periodistas de M\u00e9xico, A. C. Delegaci\u00f3n Veracruz, la LXV Legislatura del Congreso del Estado de Veracruz, la Barra Interamericana de Abogados, A.C., la Barra de Licenciados en Derecho de Veracruz, A.C., la asociaci\u00f3n Civil Mujeres Transformando Vidas y la Universidad BIA-Facultad Interamericana de Litigaci\u00f3n realizar\u00e1n este 21 de [&hellip;]","og_url":"https:\/\/lospoliticosveracruz.com\/?p=46486","og_site_name":"Los pol\u00edticos Veracruz","article_publisher":"https:\/\/www.facebook.com\/people\/Notimemes-de-los-Polticos\/61565672886568\/","article_published_time":"2019-01-19T19:15:17+00:00","og_image":[{"width":600,"height":410,"url":"https:\/\/lospoliticosveracruz.com\/wp-content\/uploads\/2019\/01\/Pol\u00edtica-criminal.jpeg","type":"image\/jpeg"}],"author":"Lo viste en Los Pol\u00edticos","twitter_card":"summary_large_image","twitter_creator":"@LosPoliticosVer","twitter_site":"@LosPoliticosVer","twitter_misc":{"Escrito por":"Lo viste en Los Pol\u00edticos","Tiempo de lectura":"1 minuto"},"schema":{"@context":"https:\/\/schema.org","@graph":[{"@type":"Article","@id":"https:\/\/lospoliticosveracruz.com\/?p=46486#article","isPartOf":{"@id":"https:\/\/lospoliticosveracruz.com\/?p=46486"},"author":{"name":"Lo viste en Los Pol\u00edticos","@id":"https:\/\/lospoliticosveracruz.com\/#\/schema\/person\/b8702bb0e538456e6efd07080bf2a4a2"},"headline":"Pol\u00edtica Criminal, prisiones y proyecto inocencia en el estado de Veracruz","datePublished":"2019-01-19T19:15:17+00:00","mainEntityOfPage":{"@id":"https:\/\/lospoliticosveracruz.com\/?p=46486"},"wordCount":291,"commentCount":0,"publisher":{"@id":"https:\/\/lospoliticosveracruz.com\/#organization"},"image":{"@id":"https:\/\/lospoliticosveracruz.com\/?p=46486#primaryimage"},"thumbnailUrl":"https:\/\/lospoliticosveracruz.com\/wp-content\/uploads\/2019\/01\/Pol\u00edtica-criminal.jpeg","keywords":["Club de Periodistas de M\u00e9xico","Congreso del Estado","Honoris Causa","Jos\u00e9 Le\u00f3n S\u00e1nchez","Juan Hern\u00e1ndez","La isla de los hombres solos","LXV Legislatura","Mujeres Transformando Vidas","Pol\u00edtica Criminal","Rub\u00e9n Pacheco Incl\u00e1n","Sistema Penal Adversarial","Tom\u00e1s Mundo Arriasa","Veracruz"],"articleSection":["De Boleto"],"inLanguage":"es","potentialAction":[{"@type":"CommentAction","name":"Comment","target":["https:\/\/lospoliticosveracruz.com\/?p=46486#respond"]}]},{"@type":"WebPage","@id":"https:\/\/lospoliticosveracruz.com\/?p=46486","url":"https:\/\/lospoliticosveracruz.com\/?p=46486","name":"Pol\u00edtica Criminal, prisiones y proyecto inocencia en el estado de Veracruz - Los pol\u00edticos Veracruz","isPartOf":{"@id":"https:\/\/lospoliticosveracruz.com\/#website"},"primaryImageOfPage":{"@id":"https:\/\/lospoliticosveracruz.com\/?p=46486#primaryimage"},"image":{"@id":"https:\/\/lospoliticosveracruz.com\/?p=46486#primaryimage"},"thumbnailUrl":"https:\/\/lospoliticosveracruz.com\/wp-content\/uploads\/2019\/01\/Pol\u00edtica-criminal.jpeg","datePublished":"2019-01-19T19:15:17+00:00","breadcrumb":{"@id":"https:\/\/lospoliticosveracruz.com\/?p=46486#breadcrumb"},"inLanguage":"es","potentialAction":[{"@type":"ReadAction","target":["https:\/\/lospoliticosveracruz.com\/?p=46486"]}]},{"@type":"ImageObject","inLanguage":"es","@id":"https:\/\/lospoliticosveracruz.com\/?p=46486#primaryimage","url":"https:\/\/lospoliticosveracruz.com\/wp-content\/uploads\/2019\/01\/Pol\u00edtica-criminal.jpeg","contentUrl":"https:\/\/lospoliticosveracruz.com\/wp-content\/uploads\/2019\/01\/Pol\u00edtica-criminal.jpeg","width":600,"height":410},{"@type":"BreadcrumbList","@id":"https:\/\/lospoliticosveracruz.com\/?p=46486#breadcrumb","itemListElement":[{"@type":"ListItem","position":1,"name":"Portada","item":"https:\/\/lospoliticosveracruz.com\/"},{"@type":"ListItem","position":2,"name":"Pol\u00edtica Criminal, prisiones y proyecto inocencia en el estado de Veracruz"}]},{"@type":"WebSite","@id":"https:\/\/lospoliticosveracruz.com\/#website","url":"https:\/\/lospoliticosveracruz.com\/","name":"Los pol\u00edticos Veracruz","description":"","publisher":{"@id":"https:\/\/lospoliticosveracruz.com\/#organization"},"potentialAction":[{"@type":"SearchAction","target":{"@type":"EntryPoint","urlTemplate":"https:\/\/lospoliticosveracruz.com\/?s={search_term_string}"},"query-input":{"@type":"PropertyValueSpecification","valueRequired":true,"valueName":"search_term_string"}}],"inLanguage":"es"},{"@type":"Organization","@id":"https:\/\/lospoliticosveracruz.com\/#organization","name":"Los pol\u00edticos Veracruz","url":"https:\/\/lospoliticosveracruz.com\/","logo":{"@type":"ImageObject","inLanguage":"es","@id":"https:\/\/lospoliticosveracruz.com\/#\/schema\/logo\/image\/","url":"https:\/\/lospoliticosveracruz.com\/wp-content\/uploads\/2025\/12\/Logo-Nuevo-LOS-POLITICOS-1.jpg","contentUrl":"https:\/\/lospoliticosveracruz.com\/wp-content\/uploads\/2025\/12\/Logo-Nuevo-LOS-POLITICOS-1.jpg","width":260,"height":70,"caption":"Los pol\u00edticos Veracruz"},"image":{"@id":"https:\/\/lospoliticosveracruz.com\/#\/schema\/logo\/image\/"},"sameAs":["https:\/\/www.facebook.com\/people\/Notimemes-de-los-Polticos\/61565672886568\/","https:\/\/x.com\/LosPoliticosVer"]},{"@type":"Person","@id":"https:\/\/lospoliticosveracruz.com\/#\/schema\/person\/b8702bb0e538456e6efd07080bf2a4a2","name":"Lo viste en Los Pol\u00edticos","image":{"@type":"ImageObject","inLanguage":"es","@id":"https:\/\/secure.gravatar.com\/avatar\/3a8de04a2656d44082be478bd6c086daa447c4651605818287b9532d3d0bd435?s=96&d=mm&r=g","url":"https:\/\/secure.gravatar.com\/avatar\/3a8de04a2656d44082be478bd6c086daa447c4651605818287b9532d3d0bd435?s=96&d=mm&r=g","contentUrl":"https:\/\/secure.gravatar.com\/avatar\/3a8de04a2656d44082be478bd6c086daa447c4651605818287b9532d3d0bd435?s=96&d=mm&r=g","caption":"Lo viste en Los Pol\u00edticos"},"url":"https:\/\/lospoliticosveracruz.com\/?author=2"}]}},"_links":{"self":[{"href":"https:\/\/lospoliticosveracruz.com\/index.php?rest_route=\/wp\/v2\/posts\/46486","targetHints":{"allow":["GET"]}}],"collection":[{"href":"https:\/\/lospoliticosveracruz.com\/index.php?rest_route=\/wp\/v2\/posts"}],"about":[{"href":"https:\/\/lospoliticosveracruz.com\/index.php?rest_route=\/wp\/v2\/types\/post"}],"author":[{"embeddable":true,"href":"https:\/\/lospoliticosveracruz.com\/index.php?rest_route=\/wp\/v2\/users\/2"}],"replies":[{"embeddable":true,"href":"https:\/\/lospoliticosveracruz.com\/index.php?rest_route=%2Fwp%2Fv2%2Fcomments&post=46486"}],"version-history":[{"count":1,"href":"https:\/\/lospoliticosveracruz.com\/index.php?rest_route=\/wp\/v2\/posts\/46486\/revisions"}],"predecessor-version":[{"id":46488,"href":"https:\/\/lospoliticosveracruz.com\/index.php?rest_route=\/wp\/v2\/posts\/46486\/revisions\/46488"}],"wp:featuredmedia":[{"embeddable":true,"href":"https:\/\/lospoliticosveracruz.com\/index.php?rest_route=\/wp\/v2\/media\/46487"}],"wp:attachment":[{"href":"https:\/\/lospoliticosveracruz.com\/index.php?rest_route=%2Fwp%2Fv2%2Fmedia&parent=46486"}],"wp:term":[{"taxonomy":"category","embeddable":true,"href":"https:\/\/lospoliticosveracruz.com\/index.php?rest_route=%2Fwp%2Fv2%2Fcategories&post=46486"},{"taxonomy":"post_tag","embeddable":true,"href":"https:\/\/lospoliticosveracruz.com\/index.php?rest_route=%2Fwp%2Fv2%2Ftags&post=46486"}],"curies":[{"name":"wp","href":"https:\/\/api.w.org\/{rel}","templated":true}]}}