{"id":46489,"date":"2019-01-20T12:12:26","date_gmt":"2019-01-20T18:12:26","guid":{"rendered":"http:\/\/www.lospoliticosveracruz.com.mx\/?p=46489"},"modified":"2019-01-20T16:56:31","modified_gmt":"2019-01-20T22:56:31","slug":"46489","status":"publish","type":"post","link":"https:\/\/lospoliticosveracruz.com\/?p=46489","title":{"rendered":"El laberinto del Cuic"},"content":{"rendered":"<p>Ricardo Ch\u00faa<\/p>\n<p><b>Sale<\/b> <b>y<\/b> <b>Vale<\/b><\/p>\n<p>OJO&#8230; Manuel Huerta en este momento no se encuentra GRILLANDO a nadie que no sea de MORENA o los que est\u00e1n dentro del mismo partido pol\u00edtico.. Ya que se dio cuenta de los endeble que es su cargo pol\u00edtico&#8230; Y apenas va a aprendiendo de la administraci\u00f3n p\u00fablica del Estado&#8230; Tiene la tarea de designar a 50 delegados federales ah\u00ed&#8230; As\u00ed que por ah\u00ed no va&#8230;. No es la \u00abmente brillante\u00bb que afecta a Cuitl\u00e1huac Garc\u00eda,,,, Investiguen pa saber bien el chisme&#8230;<\/p>\n<p>EL OTRO PLEITO&#8230; Vaya conflicto que se le abre al Gobierno de Veracruz de Cuitl\u00e1huac Garc\u00eda Jim\u00e9nez&#8230; Pero esto no es un conflicto con lo pol\u00edtico en especial, ni con un ex gobernador, menos con la partidocracia que gobierna la entidad y el pa\u00eds&#8230;. Vamos ni siquiera es el enfrentamiento \u00abjalado\u00bb que tiene contra el Fiscal, Jorge Winckler&#8230; Menos con PapaYunes por cuestiones de poder&#8230;. Esos, al menos, lo perdonar\u00edan pol\u00edticamente llegado el momento&#8230; Pero LOS REPRESENTANTES DE DIOS en Veracruz: NO&#8230; La iglesia cat\u00f3lica se ENOJO con su administraci\u00f3n estatal&#8230;<\/p>\n<p>Ese FRENTE puede ser el enfrentamiento social m\u00e1s \u00abcruel\u00bb que podr\u00eda tener su gobierno estatal&#8230;. Y que su subsecretario de Gobierno, Carlos Ju\u00e1rez&#8230; No sabr\u00e1, resolverlo&#8230; El movimiento cat\u00f3lico va EXPLOTAR hoy en las iglesias de pensamiento conservador&#8230;. Por el simple y sencillo motivo que las dependencias que tienen que ver con el tema de la mujer y g\u00e9nero del gobierno estatal tocar\u00e1n el tema del ABORTO&#8230; Para que se entienda&#8230; Cuitl\u00e1huac entr\u00f3 a su \u00abLaberinto del Fauno\u00bb&#8230; Desear vivir en un mundo que no perteneces, te puede \u00abcegar\u00bb si ves el sol&#8230;.<\/p>\n<p>En pocas palabras&#8230; La IGLESIA CAT\u00d3LICA ya le lanz\u00f3 un exhort\u00f3 al gobierno de Veracruz (Que ah\u00ed si no vas a esos \u00abllamados a misa\u00bb si te condenas, al final, Dios est\u00e1 con ellos, y le quieres dar al Cesar lo que es de D\u00edos&#8230; Y eso es pecado)&#8230; de que primero que nada, antes de ver el tema del aborto, por presiones de grupos femenistas, a trav\u00e9s del Instituto Veracruzano de la Mujer&#8230; Cuitl\u00e1huac Garc\u00eda debe atender el tema de la SEGURIDAD&#8230; Es una dura cr\u00edtica a su gobierno&#8230; No te puedes pelear sin antes consensuar&#8230; Simple Ciencia Pol\u00edtica&#8230;<\/p>\n<p>Peor aun El Clero Veracruzano se le va con todo al gobierno del Estado&#8230; Le se\u00f1ala que la violencia est\u00e1 imparable y que NO TIENEN UNA ESTRATEGIA EFICAZ para un resultado de manera diferente&#8230;. ZUCUTUM&#8230; En reuniones entre los personajes que manejan la iglesia en la entidad&#8230; Tambi\u00e9n se comenta que tiene lista de reportes de ejecuciones, asaltos, secuestros, levantones y FEMENICIDIOS&#8230; MOCOS PETRA&#8230; Los representantes de San Pedro Ap\u00f3stol en Veracruz est\u00e1n en una \u00abgrilla plena\u00bb y esos si que son imparables&#8230;<\/p>\n<p>Aqu\u00ed no pueden acusar a los sacerdotes de ser manipulados por Fidel o Yunes&#8230; Y, es por ello, que Cuitl\u00e1huac se debe preocupar.. Le est\u00e1n formando un movimiento de protesta social y sin l\u00edderes que manipulen las masas&#8230; S\u00d3LO LA INVESTIDURA DE UN PERSONAJE QUE VIVI\u00d3 EN EL IMPERIO ROMANO HACE M\u00c1S DE 2 MIL A\u00d1OS.. Ahora si los asesores de Cuitl\u00e1huac entienden bien cuando nos referimos que deben de cuidar y proteger LA INVESTIDURA DELGOBERNADOR&#8230; Eso te hace un L\u00cdDER NATO cuando la sabes usar&#8230;<\/p>\n<p>Pero la molestia del clero jarocho se debe principalmente que se han enterado, por \u00abfiltros\u00bb en el gabinete de Cuitl\u00e1huac&#8230; Que ser\u00e1 el Instituto Veracruzano de la Mujer que pida al Congreso del Estado&#8230; VUELVA A DISCUTIR LA DESPENALIZACI\u00d3N DEL ABORTO EN VERACRUZ&#8230; Ah\u00ed fue donde los prelados pusieron el \u00abGrito en el Cielo\u00bb&#8230; Este DELICADO tema PapaYunes dej\u00f3 ver, dej\u00f3 pasar&#8230; No se meti\u00f3 en problemas&#8230; Duarte ten\u00eda de aliado a los Obispos as\u00ed que no la pel\u00f3&#8230; Pero ac\u00e1&#8230; Bueno con MORENA no se sabe&#8230;<\/p>\n<p>Y en estas reuniones de los miembros del Clero&#8230; Han quedado de acuerdo en hacerle frente a todo ese intento de DESPENALIZAR el aborto&#8230; A los que llaman \u00abProyectos de Muerte\u00bb&#8230; Y se\u00f1alaron que pronto pedir\u00edan al gobierno estatal (sea laico o no) que se dedique a resolver los problemas prioritarios como es la econom\u00eda pero m\u00e1s la seguridad&#8230; Por eso la critica al gobierno de Cuitl\u00e1huac est\u00e1 a todo lo que da&#8230; Los prelados no dan tregua desde el p\u00falpito&#8230;. JES\u00daS NOS AMPARE&#8230;<\/p>\n<p>Adem\u00e1s los sacerdotes SE\u00d1ALAN (Y eso es de risa porque parecen pol\u00edticos de oposici\u00f3n) que un ente aut\u00f3nomo de Gobierno Federal&#8230; Puede venir a MARCAR LA AGENDA en Veracruz.. Y mucho menos al gobernador&#8230;Y que no era POSIBLE que el viernes pasado el EVENTO m\u00e1s importante del gobierno estatal ese d\u00eda haya sido una conferencia con femenistas en Xalapa&#8230;. Y que lleva varios d\u00edas sin INAUGURAR si quiera una obra p\u00fablica estatal&#8230; No les digo, estos Padres resultaron ser m\u00e1s \u00abgrillos\u00bb que El De Mo\u00f1o Rojo y Azul&#8230;<\/p>\n<p>El caso es que la iglesia cat\u00f3lica va a protestar cuando se presente este punto de acuerdo en el Pleno del Congreso Local&#8230; Y que Cuitl\u00e1uac est\u00e1 cediendo espacio.. Ya que se volvi\u00f3 en un nuevo episodio en estas tareas&#8230; Pero que el pleito del \u00abpueblo bueno\u00bb contra el gobierno estatal&#8230; Es fuerte porque obvio los protestantes est\u00e1n siendo manipulados por un sector pensante y de masas&#8230; Si el gobierno de Veracruz y sus operadores no lo resuelven&#8230; Su administraci\u00f3n ha sacado su \u00abhacha de guerra\u00bb &#8230;. Hay que ver como le va..<\/p>\n<p>&#8230;<\/p>\n","protected":false},"excerpt":{"rendered":"<p>Ricardo Ch\u00faa Sale y Vale OJO&#8230; Manuel Huerta en este momento no se encuentra GRILLANDO a nadie que no sea de MORENA o los que est\u00e1n dentro del mismo partido pol\u00edtico.. Ya que se dio cuenta de los endeble que es su cargo pol\u00edtico&#8230; Y apenas va a aprendiendo de la administraci\u00f3n p\u00fablica del Estado&#8230; [&hellip;]<\/p>\n","protected":false},"author":2,"featured_media":0,"comment_status":"open","ping_status":"open","sticky":false,"template":"","format":"standard","meta":{"tdm_status":"","tdm_grid_status":"","footnotes":""},"categories":[70],"tags":[13561,1850],"class_list":{"0":"post-46489","1":"post","2":"type-post","3":"status-publish","4":"format-standard","6":"category-de-opinion","7":"tag-cuitlahauc-garcia-jimenez","8":"tag-manuel-huerta-ladron-de-guevara"},"yoast_head":"<!-- This site is optimized with the Yoast SEO plugin v27.4 - https:\/\/yoast.com\/product\/yoast-seo-wordpress\/ -->\n<title>El laberinto del Cuic - Los pol\u00edticos Veracruz<\/title>\n<meta name=\"robots\" content=\"index, follow, max-snippet:-1, max-image-preview:large, max-video-preview:-1\" \/>\n<link rel=\"canonical\" href=\"https:\/\/lospoliticosveracruz.com\/?p=46489\" \/>\n<meta property=\"og:locale\" content=\"es_ES\" \/>\n<meta property=\"og:type\" content=\"article\" \/>\n<meta property=\"og:title\" content=\"El laberinto del Cuic - Los pol\u00edticos Veracruz\" \/>\n<meta property=\"og:description\" content=\"Ricardo Ch\u00faa Sale y Vale OJO&#8230; Manuel Huerta en este momento no se encuentra GRILLANDO a nadie que no sea de MORENA o los que est\u00e1n dentro del mismo partido pol\u00edtico.. Ya que se dio cuenta de los endeble que es su cargo pol\u00edtico&#8230; Y apenas va a aprendiendo de la administraci\u00f3n p\u00fablica del Estado&#8230; [&hellip;]\" \/>\n<meta property=\"og:url\" content=\"https:\/\/lospoliticosveracruz.com\/?p=46489\" \/>\n<meta property=\"og:site_name\" content=\"Los pol\u00edticos Veracruz\" \/>\n<meta property=\"article:publisher\" content=\"https:\/\/www.facebook.com\/people\/Notimemes-de-los-Polticos\/61565672886568\/\" \/>\n<meta property=\"article:published_time\" content=\"2019-01-20T18:12:26+00:00\" \/>\n<meta property=\"article:modified_time\" content=\"2019-01-20T22:56:31+00:00\" \/>\n<meta property=\"og:image\" content=\"https:\/\/lospoliticosveracruz.com\/wp-content\/uploads\/2016\/07\/Logo-Dor.jpg\" \/>\n\t<meta property=\"og:image:width\" content=\"200\" \/>\n\t<meta property=\"og:image:height\" content=\"200\" \/>\n\t<meta property=\"og:image:type\" content=\"image\/jpeg\" \/>\n<meta name=\"author\" content=\"Lo viste en Los Pol\u00edticos\" \/>\n<meta name=\"twitter:card\" content=\"summary_large_image\" \/>\n<meta name=\"twitter:creator\" content=\"@LosPoliticosVer\" \/>\n<meta name=\"twitter:site\" content=\"@LosPoliticosVer\" \/>\n<meta name=\"twitter:label1\" content=\"Escrito por\" \/>\n\t<meta name=\"twitter:data1\" content=\"Lo viste en Los Pol\u00edticos\" \/>\n\t<meta name=\"twitter:label2\" content=\"Tiempo de lectura\" \/>\n\t<meta name=\"twitter:data2\" content=\"5 minutos\" \/>\n<script type=\"application\/ld+json\" class=\"yoast-schema-graph\">{\"@context\":\"https:\\\/\\\/schema.org\",\"@graph\":[{\"@type\":\"Article\",\"@id\":\"https:\\\/\\\/lospoliticosveracruz.com\\\/?p=46489#article\",\"isPartOf\":{\"@id\":\"https:\\\/\\\/lospoliticosveracruz.com\\\/?p=46489\"},\"author\":{\"name\":\"Lo viste en Los Pol\u00edticos\",\"@id\":\"https:\\\/\\\/lospoliticosveracruz.com\\\/#\\\/schema\\\/person\\\/b8702bb0e538456e6efd07080bf2a4a2\"},\"headline\":\"El laberinto del Cuic\",\"datePublished\":\"2019-01-20T18:12:26+00:00\",\"dateModified\":\"2019-01-20T22:56:31+00:00\",\"mainEntityOfPage\":{\"@id\":\"https:\\\/\\\/lospoliticosveracruz.com\\\/?p=46489\"},\"wordCount\":962,\"commentCount\":0,\"publisher\":{\"@id\":\"https:\\\/\\\/lospoliticosveracruz.com\\\/#organization\"},\"keywords\":[\"Cuitl\u00e1hauc Garc\u00eda Jim\u00e9nez\",\"Manuel Huerta Ladr\u00f3n de Guevara\"],\"articleSection\":[\"De Opini\u00f3n\"],\"inLanguage\":\"es\",\"potentialAction\":[{\"@type\":\"CommentAction\",\"name\":\"Comment\",\"target\":[\"https:\\\/\\\/lospoliticosveracruz.com\\\/?p=46489#respond\"]}]},{\"@type\":\"WebPage\",\"@id\":\"https:\\\/\\\/lospoliticosveracruz.com\\\/?p=46489\",\"url\":\"https:\\\/\\\/lospoliticosveracruz.com\\\/?p=46489\",\"name\":\"El laberinto del Cuic - Los pol\u00edticos Veracruz\",\"isPartOf\":{\"@id\":\"https:\\\/\\\/lospoliticosveracruz.com\\\/#website\"},\"datePublished\":\"2019-01-20T18:12:26+00:00\",\"dateModified\":\"2019-01-20T22:56:31+00:00\",\"breadcrumb\":{\"@id\":\"https:\\\/\\\/lospoliticosveracruz.com\\\/?p=46489#breadcrumb\"},\"inLanguage\":\"es\",\"potentialAction\":[{\"@type\":\"ReadAction\",\"target\":[\"https:\\\/\\\/lospoliticosveracruz.com\\\/?p=46489\"]}]},{\"@type\":\"BreadcrumbList\",\"@id\":\"https:\\\/\\\/lospoliticosveracruz.com\\\/?p=46489#breadcrumb\",\"itemListElement\":[{\"@type\":\"ListItem\",\"position\":1,\"name\":\"Portada\",\"item\":\"https:\\\/\\\/lospoliticosveracruz.com\\\/\"},{\"@type\":\"ListItem\",\"position\":2,\"name\":\"El laberinto del Cuic\"}]},{\"@type\":\"WebSite\",\"@id\":\"https:\\\/\\\/lospoliticosveracruz.com\\\/#website\",\"url\":\"https:\\\/\\\/lospoliticosveracruz.com\\\/\",\"name\":\"Los pol\u00edticos Veracruz\",\"description\":\"\",\"publisher\":{\"@id\":\"https:\\\/\\\/lospoliticosveracruz.com\\\/#organization\"},\"potentialAction\":[{\"@type\":\"SearchAction\",\"target\":{\"@type\":\"EntryPoint\",\"urlTemplate\":\"https:\\\/\\\/lospoliticosveracruz.com\\\/?s={search_term_string}\"},\"query-input\":{\"@type\":\"PropertyValueSpecification\",\"valueRequired\":true,\"valueName\":\"search_term_string\"}}],\"inLanguage\":\"es\"},{\"@type\":\"Organization\",\"@id\":\"https:\\\/\\\/lospoliticosveracruz.com\\\/#organization\",\"name\":\"Los pol\u00edticos Veracruz\",\"url\":\"https:\\\/\\\/lospoliticosveracruz.com\\\/\",\"logo\":{\"@type\":\"ImageObject\",\"inLanguage\":\"es\",\"@id\":\"https:\\\/\\\/lospoliticosveracruz.com\\\/#\\\/schema\\\/logo\\\/image\\\/\",\"url\":\"https:\\\/\\\/lospoliticosveracruz.com\\\/wp-content\\\/uploads\\\/2025\\\/12\\\/Logo-Nuevo-LOS-POLITICOS-1.jpg\",\"contentUrl\":\"https:\\\/\\\/lospoliticosveracruz.com\\\/wp-content\\\/uploads\\\/2025\\\/12\\\/Logo-Nuevo-LOS-POLITICOS-1.jpg\",\"width\":260,\"height\":70,\"caption\":\"Los pol\u00edticos Veracruz\"},\"image\":{\"@id\":\"https:\\\/\\\/lospoliticosveracruz.com\\\/#\\\/schema\\\/logo\\\/image\\\/\"},\"sameAs\":[\"https:\\\/\\\/www.facebook.com\\\/people\\\/Notimemes-de-los-Polticos\\\/61565672886568\\\/\",\"https:\\\/\\\/x.com\\\/LosPoliticosVer\"]},{\"@type\":\"Person\",\"@id\":\"https:\\\/\\\/lospoliticosveracruz.com\\\/#\\\/schema\\\/person\\\/b8702bb0e538456e6efd07080bf2a4a2\",\"name\":\"Lo viste en Los Pol\u00edticos\",\"image\":{\"@type\":\"ImageObject\",\"inLanguage\":\"es\",\"@id\":\"https:\\\/\\\/secure.gravatar.com\\\/avatar\\\/3a8de04a2656d44082be478bd6c086daa447c4651605818287b9532d3d0bd435?s=96&d=mm&r=g\",\"url\":\"https:\\\/\\\/secure.gravatar.com\\\/avatar\\\/3a8de04a2656d44082be478bd6c086daa447c4651605818287b9532d3d0bd435?s=96&d=mm&r=g\",\"contentUrl\":\"https:\\\/\\\/secure.gravatar.com\\\/avatar\\\/3a8de04a2656d44082be478bd6c086daa447c4651605818287b9532d3d0bd435?s=96&d=mm&r=g\",\"caption\":\"Lo viste en Los Pol\u00edticos\"},\"url\":\"https:\\\/\\\/lospoliticosveracruz.com\\\/?author=2\"}]}<\/script>\n<!-- \/ Yoast SEO plugin. -->","yoast_head_json":{"title":"El laberinto del Cuic - Los pol\u00edticos Veracruz","robots":{"index":"index","follow":"follow","max-snippet":"max-snippet:-1","max-image-preview":"max-image-preview:large","max-video-preview":"max-video-preview:-1"},"canonical":"https:\/\/lospoliticosveracruz.com\/?p=46489","og_locale":"es_ES","og_type":"article","og_title":"El laberinto del Cuic - Los pol\u00edticos Veracruz","og_description":"Ricardo Ch\u00faa Sale y Vale OJO&#8230; Manuel Huerta en este momento no se encuentra GRILLANDO a nadie que no sea de MORENA o los que est\u00e1n dentro del mismo partido pol\u00edtico.. Ya que se dio cuenta de los endeble que es su cargo pol\u00edtico&#8230; Y apenas va a aprendiendo de la administraci\u00f3n p\u00fablica del Estado&#8230; [&hellip;]","og_url":"https:\/\/lospoliticosveracruz.com\/?p=46489","og_site_name":"Los pol\u00edticos Veracruz","article_publisher":"https:\/\/www.facebook.com\/people\/Notimemes-de-los-Polticos\/61565672886568\/","article_published_time":"2019-01-20T18:12:26+00:00","article_modified_time":"2019-01-20T22:56:31+00:00","og_image":[{"width":200,"height":200,"url":"https:\/\/lospoliticosveracruz.com\/wp-content\/uploads\/2016\/07\/Logo-Dor.jpg","type":"image\/jpeg"}],"author":"Lo viste en Los Pol\u00edticos","twitter_card":"summary_large_image","twitter_creator":"@LosPoliticosVer","twitter_site":"@LosPoliticosVer","twitter_misc":{"Escrito por":"Lo viste en Los Pol\u00edticos","Tiempo de lectura":"5 minutos"},"schema":{"@context":"https:\/\/schema.org","@graph":[{"@type":"Article","@id":"https:\/\/lospoliticosveracruz.com\/?p=46489#article","isPartOf":{"@id":"https:\/\/lospoliticosveracruz.com\/?p=46489"},"author":{"name":"Lo viste en Los Pol\u00edticos","@id":"https:\/\/lospoliticosveracruz.com\/#\/schema\/person\/b8702bb0e538456e6efd07080bf2a4a2"},"headline":"El laberinto del Cuic","datePublished":"2019-01-20T18:12:26+00:00","dateModified":"2019-01-20T22:56:31+00:00","mainEntityOfPage":{"@id":"https:\/\/lospoliticosveracruz.com\/?p=46489"},"wordCount":962,"commentCount":0,"publisher":{"@id":"https:\/\/lospoliticosveracruz.com\/#organization"},"keywords":["Cuitl\u00e1hauc Garc\u00eda Jim\u00e9nez","Manuel Huerta Ladr\u00f3n de Guevara"],"articleSection":["De Opini\u00f3n"],"inLanguage":"es","potentialAction":[{"@type":"CommentAction","name":"Comment","target":["https:\/\/lospoliticosveracruz.com\/?p=46489#respond"]}]},{"@type":"WebPage","@id":"https:\/\/lospoliticosveracruz.com\/?p=46489","url":"https:\/\/lospoliticosveracruz.com\/?p=46489","name":"El laberinto del Cuic - Los pol\u00edticos Veracruz","isPartOf":{"@id":"https:\/\/lospoliticosveracruz.com\/#website"},"datePublished":"2019-01-20T18:12:26+00:00","dateModified":"2019-01-20T22:56:31+00:00","breadcrumb":{"@id":"https:\/\/lospoliticosveracruz.com\/?p=46489#breadcrumb"},"inLanguage":"es","potentialAction":[{"@type":"ReadAction","target":["https:\/\/lospoliticosveracruz.com\/?p=46489"]}]},{"@type":"BreadcrumbList","@id":"https:\/\/lospoliticosveracruz.com\/?p=46489#breadcrumb","itemListElement":[{"@type":"ListItem","position":1,"name":"Portada","item":"https:\/\/lospoliticosveracruz.com\/"},{"@type":"ListItem","position":2,"name":"El laberinto del Cuic"}]},{"@type":"WebSite","@id":"https:\/\/lospoliticosveracruz.com\/#website","url":"https:\/\/lospoliticosveracruz.com\/","name":"Los pol\u00edticos Veracruz","description":"","publisher":{"@id":"https:\/\/lospoliticosveracruz.com\/#organization"},"potentialAction":[{"@type":"SearchAction","target":{"@type":"EntryPoint","urlTemplate":"https:\/\/lospoliticosveracruz.com\/?s={search_term_string}"},"query-input":{"@type":"PropertyValueSpecification","valueRequired":true,"valueName":"search_term_string"}}],"inLanguage":"es"},{"@type":"Organization","@id":"https:\/\/lospoliticosveracruz.com\/#organization","name":"Los pol\u00edticos Veracruz","url":"https:\/\/lospoliticosveracruz.com\/","logo":{"@type":"ImageObject","inLanguage":"es","@id":"https:\/\/lospoliticosveracruz.com\/#\/schema\/logo\/image\/","url":"https:\/\/lospoliticosveracruz.com\/wp-content\/uploads\/2025\/12\/Logo-Nuevo-LOS-POLITICOS-1.jpg","contentUrl":"https:\/\/lospoliticosveracruz.com\/wp-content\/uploads\/2025\/12\/Logo-Nuevo-LOS-POLITICOS-1.jpg","width":260,"height":70,"caption":"Los pol\u00edticos Veracruz"},"image":{"@id":"https:\/\/lospoliticosveracruz.com\/#\/schema\/logo\/image\/"},"sameAs":["https:\/\/www.facebook.com\/people\/Notimemes-de-los-Polticos\/61565672886568\/","https:\/\/x.com\/LosPoliticosVer"]},{"@type":"Person","@id":"https:\/\/lospoliticosveracruz.com\/#\/schema\/person\/b8702bb0e538456e6efd07080bf2a4a2","name":"Lo viste en Los Pol\u00edticos","image":{"@type":"ImageObject","inLanguage":"es","@id":"https:\/\/secure.gravatar.com\/avatar\/3a8de04a2656d44082be478bd6c086daa447c4651605818287b9532d3d0bd435?s=96&d=mm&r=g","url":"https:\/\/secure.gravatar.com\/avatar\/3a8de04a2656d44082be478bd6c086daa447c4651605818287b9532d3d0bd435?s=96&d=mm&r=g","contentUrl":"https:\/\/secure.gravatar.com\/avatar\/3a8de04a2656d44082be478bd6c086daa447c4651605818287b9532d3d0bd435?s=96&d=mm&r=g","caption":"Lo viste en Los Pol\u00edticos"},"url":"https:\/\/lospoliticosveracruz.com\/?author=2"}]}},"_links":{"self":[{"href":"https:\/\/lospoliticosveracruz.com\/index.php?rest_route=\/wp\/v2\/posts\/46489","targetHints":{"allow":["GET"]}}],"collection":[{"href":"https:\/\/lospoliticosveracruz.com\/index.php?rest_route=\/wp\/v2\/posts"}],"about":[{"href":"https:\/\/lospoliticosveracruz.com\/index.php?rest_route=\/wp\/v2\/types\/post"}],"author":[{"embeddable":true,"href":"https:\/\/lospoliticosveracruz.com\/index.php?rest_route=\/wp\/v2\/users\/2"}],"replies":[{"embeddable":true,"href":"https:\/\/lospoliticosveracruz.com\/index.php?rest_route=%2Fwp%2Fv2%2Fcomments&post=46489"}],"version-history":[{"count":2,"href":"https:\/\/lospoliticosveracruz.com\/index.php?rest_route=\/wp\/v2\/posts\/46489\/revisions"}],"predecessor-version":[{"id":46494,"href":"https:\/\/lospoliticosveracruz.com\/index.php?rest_route=\/wp\/v2\/posts\/46489\/revisions\/46494"}],"wp:attachment":[{"href":"https:\/\/lospoliticosveracruz.com\/index.php?rest_route=%2Fwp%2Fv2%2Fmedia&parent=46489"}],"wp:term":[{"taxonomy":"category","embeddable":true,"href":"https:\/\/lospoliticosveracruz.com\/index.php?rest_route=%2Fwp%2Fv2%2Fcategories&post=46489"},{"taxonomy":"post_tag","embeddable":true,"href":"https:\/\/lospoliticosveracruz.com\/index.php?rest_route=%2Fwp%2Fv2%2Ftags&post=46489"}],"curies":[{"name":"wp","href":"https:\/\/api.w.org\/{rel}","templated":true}]}}