{"id":46502,"date":"2019-01-21T09:41:04","date_gmt":"2019-01-21T15:41:04","guid":{"rendered":"http:\/\/www.lospoliticosveracruz.com.mx\/?p=46502"},"modified":"2019-01-21T09:41:04","modified_gmt":"2019-01-21T15:41:04","slug":"la-guerra-santa-de-cuic","status":"publish","type":"post","link":"https:\/\/lospoliticosveracruz.com\/?p=46502","title":{"rendered":"La Guerra Santa de  Cuic"},"content":{"rendered":"<p><strong>Ricardo Ch\u00faa<\/strong><\/p>\n<p><em>Sale y Vale<\/em><\/p>\n<p>EL RECUENTO DE LOS DA\u00d1OS&#8230; Pareciera el cuento de nunca acabar&#8230; Cuando no es \u00e9l o sus funcionarios del gobierno estatal&#8230; Son los \u00f3rganos aut\u00f3nomos los que meten en conflictos a Cuitl\u00e1huac Garc\u00eda&#8230; Ya se enojo la Arquidi\u00f3cesis de Xalapa y dio inicio a lo que llaman las redes sociales el inicio de la \u00abGuerra Santa\u00bb en Veracruz&#8230; Entre su gobierno contra los obispos y clero veracruzano por el tema de la DESPENALIZACI\u00d3N DEL ABORTO&#8230; Una DECLARACI\u00d3N MEDI\u00c1TICA bast\u00f3 para \u00abABRIRLE\u00bb otro frente al Gobernador \u00abjarocho\u00bb..<\/p>\n<p>Cuitl\u00e1huac Garc\u00eda tiene suficiente con sus pleitos con PapaYunes y Winckler&#8230; Adem\u00e1s con los asuntos de inseguridad, femenicidios y le viene el AUMENTO DE TARIFAS del transporte p\u00fablico&#8230; Y el POSIBLE ENCARECIMIENTO DE PRECIOS DE LA CANASTA B\u00c1SICA por desabasto de gasolina en Central de Abasto de CDMX&#8230;. Ahora se meten contra el Episcopado Mexicano&#8230; No mmn&#8230; La pregunta es: \u00bfQui\u00e9n mand\u00f3 a Yolanda\u00a0Olivares a declarar que se podr\u00eda abrir el tema de la despenalizaci\u00f3n del aborto en Veracruz en el Congreso Local?&#8230;.<\/p>\n<p>A qu\u00e9 \u00abmente brillante\u00bb se le ocurri\u00f3 para que la directora del Instituto Veracruzano de la Mujer, lo dijera&#8230; Si fue decisi\u00f3n de ella, entonces, no hay coordinaci\u00f3n con la Secretar\u00eda de Gobierno y el Gobernador&#8230; Tienen broncas con los FEMENICIDIOS como para salir con el tema de despenalizar el aborto&#8230;.Acaso no pensaron que iban abrir un \u00abFrente\u00bb de lucha contra la Iglesia en Veracruz, con Ep\u00edscopado M\u00e9xicano y El Vaticano&#8230;<\/p>\n<p>Aqu\u00ed no se trata de estar en contra o favor del aborto&#8230; Pero \u00bfEra necesario tocar el tema en este momento?&#8230; Ahora que Cuitl\u00e1huac y el gabinete han demostrado una GRAVE NOVATEZ para resolver conflictos legales locales y se quieren echar esa bronca con sus diputados locales de MORENA&#8230; Ser\u00e1 que Jos\u00e9 Manuel Pozos Castro, Ana Mir\u00edan Ferreaz, Monica Robles y Amado Cruz Malpica se quieran tener ese conflicto encima&#8230; \u00bfLo consultaron siquiera con ellos y ellas?&#8230;.<\/p>\n<p>\u00bfAcaso G\u00f3mez Cazar\u00edn ser\u00e1 el gran negociador de grupos feministas pro abortos y con obispos de Veracruz?&#8230; Andrea Yunes, Ericka Ayala estar\u00e1n tambi\u00e9n de acuerdo&#8230; Consensuaron con los diputados del PAN y PRD&#8230; \u00bfNo se dieron cuenta de lo complejo del tema?&#8230; Gloria Olivares cometi\u00f3 un GRAVE ERROR si la mandaron a decirlo&#8230; Si fue por iniciativa propia de ah\u00ed no pasa&#8230; Pero por lo pronto LA IGLESIA CAT\u00d3LICA EN VERACRUZ ya le puso un ALTO a Cuitl\u00e1huac Garc\u00eda y CRITIC\u00d3 su estrategia contra la INSEGURIDAD en Veracruz&#8230;<\/p>\n<p>En pocas palabras, le se\u00f1alan que NO LA AVALABAN porque para el colmo ni siquiera la conoc\u00edan y no funciona&#8230; Le mandaron a decir en el comunicado dominical de la Arquidiocesis de Xalapa que se ponga a trabajar en lo que afecta a los veracruzanos y que no sea \u00abrehen\u00bb pol\u00edtico de nadie&#8230; OJO si mandaron a Olivares a declararlo para bajar presi\u00f3n al gobierno estatal de las feministas por los 27 FEMINICIDIOS presentados en 50 d\u00edas de Cuitl\u00e1huac como Gobernador&#8230; Que mala pata&#8230; Ya que abrieron un FRENTE peor con la Iglesia cat\u00f3lica&#8230;<\/p>\n<p>Si la lucha fuera con Dios, es misericordioso y hubiera perdonado.. Pero los Obispos NO, s\u00f3lo son representantes de Pedro en la tierra&#8230; Ahora dejaron a la directora del IVM, en una posici\u00f3n INSOSTENIBLE&#8230; Pero qui\u00e9n ser\u00e1 el \u00abvaliente\u00bb que opere su \u00absalida\u00bb del instituto&#8230; Est\u00e1 PREPARADO Cuitl\u00e1huac para DAR RESPUESTA a los Grupos Feministas&#8230; Con qui\u00e9n se echar\u00e1 para atr\u00e1s&#8230; Con ellas o con el Clero&#8230; Pobre Gobernador lo dejaron tan mal parado&#8230; Que ahora no quedar\u00e1 bien ni con D\u00edos, ni con El Diablo&#8230; CONSUMATUM EST&#8230;<\/p>\n<p>OMISOS&#8230; LA OMISI\u00d3N es un delito.. Y el Gobierno de Veracruz y sus funcionarios que tienen que ver con el tema: Eric Cisneros y Hugo Guti\u00e9rrez.. Sab\u00edan muy bien del paro que har\u00edan los transportistas de las rutas de camiones en esta ciudad y Boca del R\u00edo&#8230; Y no hicieron nada&#8230; Por lo menos negociar que no pasara y afectar\u00e1n al conglomerado m\u00e1s grande del Estado&#8230; \u00bfLes vali\u00f3?&#8230; La PREGUNTA que cabe: \u00bfO FUERON OMISOS O SE PASARON DE&#8230; INOCENTES?&#8230;<\/p>\n<p>Ojal\u00e1 fuera OMISI\u00d3N porque si fue INOCENCIA&#8230;. Jes\u00fas ampare a Veracruz&#8230; Ya no tienen edad para esas \u00abinocentadas\u00bb y se pondr\u00e1 peor&#8230; Acaso no \u00abpudieron\u00bb apretar a transportistas para no dejar sin servicio a la ciudadan\u00eda y sino sab\u00edan c\u00f3mo, hubieran preguntado a la Sheinbaum como est\u00e1 haciendo en CDMX y ella es de MORENA&#8230; Si de por si la ciudadan\u00eda en Veracruz y Boca del R\u00edo est\u00e1 sumida en problemas de inseguridad&#8230; Eso s\u00f3lo provoca m\u00e1s repudi\u00f3 y reclamo al gobierno..<\/p>\n<p>Todo esto aunado que para la zona no hay anuncios de inversi\u00f3n&#8230; Mandaron a la \u00abgorra\u00bb los 500 a\u00f1os del puerto de Veracruz&#8230; Junto con su Carnaval&#8230; Al Gobernador solo se le ve en el negocio de Enrique Guzm\u00e1n comiendo mariscos o bailando salsa.. El desempleo abunda y los comercios cierran porque no hay transporte&#8230; Cu\u00e1ntos enfermos se quedaron sin atender porque no hubo como llevarlos al hospital, no hay dinero para el taxi&#8230;. Gente que no cobr\u00f3 porque no fue a trabajar&#8230;<\/p>\n<p>LA REGARON con el \u00abPueblo Bueno\u00bb que vive al d\u00eda&#8230; No el que juega b\u00e9isbol o baila salsa&#8230; La violencia lleg\u00f3 en las protestas ciudadanas por falta de transporte y aunque digan que NO ES POR AUMENTO AL PASAJE que no hubo servicio eso es FALSO&#8230; Est\u00e1n midiendo el \u00abagua\u00bb&#8230; Si hubo un acuerdo en hacerlo eso tiene dos aristas visibles&#8230;La primera es hacer ver que para evitar protestas suben el precio aunque sea un peso y la segunda porque son municipios GOBERNADOS por el PAN&#8230; Es decir, pol\u00edtico netamente pol\u00edtico&#8230;<\/p>\n<p>No pararon en Xalapa \u00bfPor qu\u00e9 es MORENA el gobierno?&#8230; Por qu\u00e9 no pararon en Otatitl\u00e1n, perd\u00f3n all\u00e1 no hay l\u00edneas de cami\u00f3n urbano&#8230; Pero la pensaron mal porque el \u00abPueblo Bueno\u00bb acusa al gobierno estatal, de no evitarlo&#8230; Los que manejan la Comunicaci\u00f3n a Cuitl\u00e1huac saben bien que la zona es una \u00abcaja de resonancia\u00bb en Veracruz&#8230; As\u00ed que le crea (otra vez) una mala publicidad al Estado.. Por eso OJALA SEA POR OMISI\u00d3N porque si fue inocentada entonces los transportistas encontraron el lado d\u00e9bil al gobernador y Erick Cisneros&#8230;<\/p>\n<p>Y los van a presionar porque no saben NEGOCIAR y solo mandan mensajes en columnas pol\u00edticas (Ja ja ja).. Pero si fue una decisi\u00f3n para afectar a Yunes y Morelli, pues, demostraron su poca visi\u00f3n&#8230; Ya que con esa decisi\u00f3n \u00abarriaron\u00bb a quienes votaron por MORENA, que fue esa gente que se qued\u00f3 sin transporte&#8230; A ellos le fallaron&#8230; Apenas van 50 d\u00edas y sectores sociales est\u00e1n organiz\u00e1ndose para EXIGIRLES que JURARON que si no cumpl\u00edan con el pueblo, entonces, que el mismo SE LOS DEMANDE&#8230;. Van 50 d\u00edas pareciera 4 a\u00f1os con todo y desgaste&#8230;<\/p>\n","protected":false},"excerpt":{"rendered":"<p>Ricardo Ch\u00faa Sale y Vale EL RECUENTO DE LOS DA\u00d1OS&#8230; Pareciera el cuento de nunca acabar&#8230; Cuando no es \u00e9l o sus funcionarios del gobierno estatal&#8230; Son los \u00f3rganos aut\u00f3nomos los que meten en conflictos a Cuitl\u00e1huac Garc\u00eda&#8230; Ya se enojo la Arquidi\u00f3cesis de Xalapa y dio inicio a lo que llaman las redes sociales [&hellip;]<\/p>\n","protected":false},"author":2,"featured_media":46503,"comment_status":"open","ping_status":"open","sticky":false,"template":"","format":"standard","meta":{"tdm_status":"","tdm_grid_status":"","footnotes":""},"categories":[70],"tags":[5618,7408,1406,1681,13627,12299,13626,13303,11958,12695,4376,11251,195],"class_list":{"0":"post-46502","1":"post","2":"type-post","3":"status-publish","4":"format-standard","5":"has-post-thumbnail","7":"category-de-opinion","8":"tag-amado-cruz-malpica","9":"tag-ana-miriam-ferraez","10":"tag-arquidiocesis-de-xalapa","11":"tag-cuitlahuac-garcia","12":"tag-despenalizacion-de-aborto","13":"tag-eric-cisneros-burgos","14":"tag-guerra-santa","15":"tag-hugo-gutierrez-maldonado","16":"tag-jose-manuel-pozos-castro","17":"tag-juan-javier-gomez-cazarin","18":"tag-monica-robles","19":"tag-transportistas","20":"tag-veracruz"},"yoast_head":"<!-- This site is optimized with the Yoast SEO plugin v27.4 - https:\/\/yoast.com\/product\/yoast-seo-wordpress\/ -->\n<title>La Guerra Santa de Cuic - Los pol\u00edticos Veracruz<\/title>\n<meta name=\"robots\" content=\"index, follow, max-snippet:-1, max-image-preview:large, max-video-preview:-1\" \/>\n<link rel=\"canonical\" href=\"https:\/\/lospoliticosveracruz.com\/?p=46502\" \/>\n<meta property=\"og:locale\" content=\"es_ES\" \/>\n<meta property=\"og:type\" content=\"article\" \/>\n<meta property=\"og:title\" content=\"La Guerra Santa de Cuic - Los pol\u00edticos Veracruz\" \/>\n<meta property=\"og:description\" content=\"Ricardo Ch\u00faa Sale y Vale EL RECUENTO DE LOS DA\u00d1OS&#8230; Pareciera el cuento de nunca acabar&#8230; Cuando no es \u00e9l o sus funcionarios del gobierno estatal&#8230; Son los \u00f3rganos aut\u00f3nomos los que meten en conflictos a Cuitl\u00e1huac Garc\u00eda&#8230; Ya se enojo la Arquidi\u00f3cesis de Xalapa y dio inicio a lo que llaman las redes sociales [&hellip;]\" \/>\n<meta property=\"og:url\" content=\"https:\/\/lospoliticosveracruz.com\/?p=46502\" \/>\n<meta property=\"og:site_name\" content=\"Los pol\u00edticos Veracruz\" \/>\n<meta property=\"article:publisher\" content=\"https:\/\/www.facebook.com\/people\/Notimemes-de-los-Polticos\/61565672886568\/\" \/>\n<meta property=\"article:published_time\" content=\"2019-01-21T15:41:04+00:00\" \/>\n<meta property=\"og:image\" content=\"https:\/\/lospoliticosveracruz.com\/wp-content\/uploads\/2019\/01\/Iglesia.jpg\" \/>\n\t<meta property=\"og:image:width\" content=\"600\" \/>\n\t<meta property=\"og:image:height\" content=\"324\" \/>\n\t<meta property=\"og:image:type\" content=\"image\/jpeg\" \/>\n<meta name=\"author\" content=\"Lo viste en Los Pol\u00edticos\" \/>\n<meta name=\"twitter:card\" content=\"summary_large_image\" \/>\n<meta name=\"twitter:creator\" content=\"@LosPoliticosVer\" \/>\n<meta name=\"twitter:site\" content=\"@LosPoliticosVer\" \/>\n<meta name=\"twitter:label1\" content=\"Escrito por\" \/>\n\t<meta name=\"twitter:data1\" content=\"Lo viste en Los Pol\u00edticos\" \/>\n\t<meta name=\"twitter:label2\" content=\"Tiempo de lectura\" \/>\n\t<meta name=\"twitter:data2\" content=\"6 minutos\" \/>\n<script type=\"application\/ld+json\" class=\"yoast-schema-graph\">{\"@context\":\"https:\\\/\\\/schema.org\",\"@graph\":[{\"@type\":\"Article\",\"@id\":\"https:\\\/\\\/lospoliticosveracruz.com\\\/?p=46502#article\",\"isPartOf\":{\"@id\":\"https:\\\/\\\/lospoliticosveracruz.com\\\/?p=46502\"},\"author\":{\"name\":\"Lo viste en Los Pol\u00edticos\",\"@id\":\"https:\\\/\\\/lospoliticosveracruz.com\\\/#\\\/schema\\\/person\\\/b8702bb0e538456e6efd07080bf2a4a2\"},\"headline\":\"La Guerra Santa de Cuic\",\"datePublished\":\"2019-01-21T15:41:04+00:00\",\"mainEntityOfPage\":{\"@id\":\"https:\\\/\\\/lospoliticosveracruz.com\\\/?p=46502\"},\"wordCount\":1205,\"commentCount\":0,\"publisher\":{\"@id\":\"https:\\\/\\\/lospoliticosveracruz.com\\\/#organization\"},\"image\":{\"@id\":\"https:\\\/\\\/lospoliticosveracruz.com\\\/?p=46502#primaryimage\"},\"thumbnailUrl\":\"https:\\\/\\\/lospoliticosveracruz.com\\\/wp-content\\\/uploads\\\/2019\\\/01\\\/Iglesia.jpg\",\"keywords\":[\"Amado Cruz Malpica\",\"Ana Miriam Ferr\u00e1ez\",\"Arquidi\u00f3cesis de Xalapa\",\"Cuitl\u00e1huac Garc\u00eda\",\"Despenalizaci\u00f3n de Aborto\",\"Eric Cisneros Burgos\",\"Guerra Santa\",\"Hugo Guti\u00e9rrez Maldonado\",\"Jos\u00e9 Manuel Pozos Castro\",\"Juan Javier G\u00f3mez Cazar\u00edn\",\"M\u00f3nica Robles\",\"Transportistas\",\"Veracruz\"],\"articleSection\":[\"De Opini\u00f3n\"],\"inLanguage\":\"es\",\"potentialAction\":[{\"@type\":\"CommentAction\",\"name\":\"Comment\",\"target\":[\"https:\\\/\\\/lospoliticosveracruz.com\\\/?p=46502#respond\"]}]},{\"@type\":\"WebPage\",\"@id\":\"https:\\\/\\\/lospoliticosveracruz.com\\\/?p=46502\",\"url\":\"https:\\\/\\\/lospoliticosveracruz.com\\\/?p=46502\",\"name\":\"La Guerra Santa de Cuic - Los pol\u00edticos Veracruz\",\"isPartOf\":{\"@id\":\"https:\\\/\\\/lospoliticosveracruz.com\\\/#website\"},\"primaryImageOfPage\":{\"@id\":\"https:\\\/\\\/lospoliticosveracruz.com\\\/?p=46502#primaryimage\"},\"image\":{\"@id\":\"https:\\\/\\\/lospoliticosveracruz.com\\\/?p=46502#primaryimage\"},\"thumbnailUrl\":\"https:\\\/\\\/lospoliticosveracruz.com\\\/wp-content\\\/uploads\\\/2019\\\/01\\\/Iglesia.jpg\",\"datePublished\":\"2019-01-21T15:41:04+00:00\",\"breadcrumb\":{\"@id\":\"https:\\\/\\\/lospoliticosveracruz.com\\\/?p=46502#breadcrumb\"},\"inLanguage\":\"es\",\"potentialAction\":[{\"@type\":\"ReadAction\",\"target\":[\"https:\\\/\\\/lospoliticosveracruz.com\\\/?p=46502\"]}]},{\"@type\":\"ImageObject\",\"inLanguage\":\"es\",\"@id\":\"https:\\\/\\\/lospoliticosveracruz.com\\\/?p=46502#primaryimage\",\"url\":\"https:\\\/\\\/lospoliticosveracruz.com\\\/wp-content\\\/uploads\\\/2019\\\/01\\\/Iglesia.jpg\",\"contentUrl\":\"https:\\\/\\\/lospoliticosveracruz.com\\\/wp-content\\\/uploads\\\/2019\\\/01\\\/Iglesia.jpg\",\"width\":600,\"height\":324},{\"@type\":\"BreadcrumbList\",\"@id\":\"https:\\\/\\\/lospoliticosveracruz.com\\\/?p=46502#breadcrumb\",\"itemListElement\":[{\"@type\":\"ListItem\",\"position\":1,\"name\":\"Portada\",\"item\":\"https:\\\/\\\/lospoliticosveracruz.com\\\/\"},{\"@type\":\"ListItem\",\"position\":2,\"name\":\"La Guerra Santa de Cuic\"}]},{\"@type\":\"WebSite\",\"@id\":\"https:\\\/\\\/lospoliticosveracruz.com\\\/#website\",\"url\":\"https:\\\/\\\/lospoliticosveracruz.com\\\/\",\"name\":\"Los pol\u00edticos Veracruz\",\"description\":\"\",\"publisher\":{\"@id\":\"https:\\\/\\\/lospoliticosveracruz.com\\\/#organization\"},\"potentialAction\":[{\"@type\":\"SearchAction\",\"target\":{\"@type\":\"EntryPoint\",\"urlTemplate\":\"https:\\\/\\\/lospoliticosveracruz.com\\\/?s={search_term_string}\"},\"query-input\":{\"@type\":\"PropertyValueSpecification\",\"valueRequired\":true,\"valueName\":\"search_term_string\"}}],\"inLanguage\":\"es\"},{\"@type\":\"Organization\",\"@id\":\"https:\\\/\\\/lospoliticosveracruz.com\\\/#organization\",\"name\":\"Los pol\u00edticos Veracruz\",\"url\":\"https:\\\/\\\/lospoliticosveracruz.com\\\/\",\"logo\":{\"@type\":\"ImageObject\",\"inLanguage\":\"es\",\"@id\":\"https:\\\/\\\/lospoliticosveracruz.com\\\/#\\\/schema\\\/logo\\\/image\\\/\",\"url\":\"https:\\\/\\\/lospoliticosveracruz.com\\\/wp-content\\\/uploads\\\/2025\\\/12\\\/Logo-Nuevo-LOS-POLITICOS-1.jpg\",\"contentUrl\":\"https:\\\/\\\/lospoliticosveracruz.com\\\/wp-content\\\/uploads\\\/2025\\\/12\\\/Logo-Nuevo-LOS-POLITICOS-1.jpg\",\"width\":260,\"height\":70,\"caption\":\"Los pol\u00edticos Veracruz\"},\"image\":{\"@id\":\"https:\\\/\\\/lospoliticosveracruz.com\\\/#\\\/schema\\\/logo\\\/image\\\/\"},\"sameAs\":[\"https:\\\/\\\/www.facebook.com\\\/people\\\/Notimemes-de-los-Polticos\\\/61565672886568\\\/\",\"https:\\\/\\\/x.com\\\/LosPoliticosVer\"]},{\"@type\":\"Person\",\"@id\":\"https:\\\/\\\/lospoliticosveracruz.com\\\/#\\\/schema\\\/person\\\/b8702bb0e538456e6efd07080bf2a4a2\",\"name\":\"Lo viste en Los Pol\u00edticos\",\"image\":{\"@type\":\"ImageObject\",\"inLanguage\":\"es\",\"@id\":\"https:\\\/\\\/secure.gravatar.com\\\/avatar\\\/3a8de04a2656d44082be478bd6c086daa447c4651605818287b9532d3d0bd435?s=96&d=mm&r=g\",\"url\":\"https:\\\/\\\/secure.gravatar.com\\\/avatar\\\/3a8de04a2656d44082be478bd6c086daa447c4651605818287b9532d3d0bd435?s=96&d=mm&r=g\",\"contentUrl\":\"https:\\\/\\\/secure.gravatar.com\\\/avatar\\\/3a8de04a2656d44082be478bd6c086daa447c4651605818287b9532d3d0bd435?s=96&d=mm&r=g\",\"caption\":\"Lo viste en Los Pol\u00edticos\"},\"url\":\"https:\\\/\\\/lospoliticosveracruz.com\\\/?author=2\"}]}<\/script>\n<!-- \/ Yoast SEO plugin. -->","yoast_head_json":{"title":"La Guerra Santa de Cuic - Los pol\u00edticos Veracruz","robots":{"index":"index","follow":"follow","max-snippet":"max-snippet:-1","max-image-preview":"max-image-preview:large","max-video-preview":"max-video-preview:-1"},"canonical":"https:\/\/lospoliticosveracruz.com\/?p=46502","og_locale":"es_ES","og_type":"article","og_title":"La Guerra Santa de Cuic - Los pol\u00edticos Veracruz","og_description":"Ricardo Ch\u00faa Sale y Vale EL RECUENTO DE LOS DA\u00d1OS&#8230; Pareciera el cuento de nunca acabar&#8230; Cuando no es \u00e9l o sus funcionarios del gobierno estatal&#8230; Son los \u00f3rganos aut\u00f3nomos los que meten en conflictos a Cuitl\u00e1huac Garc\u00eda&#8230; Ya se enojo la Arquidi\u00f3cesis de Xalapa y dio inicio a lo que llaman las redes sociales [&hellip;]","og_url":"https:\/\/lospoliticosveracruz.com\/?p=46502","og_site_name":"Los pol\u00edticos Veracruz","article_publisher":"https:\/\/www.facebook.com\/people\/Notimemes-de-los-Polticos\/61565672886568\/","article_published_time":"2019-01-21T15:41:04+00:00","og_image":[{"width":600,"height":324,"url":"https:\/\/lospoliticosveracruz.com\/wp-content\/uploads\/2019\/01\/Iglesia.jpg","type":"image\/jpeg"}],"author":"Lo viste en Los Pol\u00edticos","twitter_card":"summary_large_image","twitter_creator":"@LosPoliticosVer","twitter_site":"@LosPoliticosVer","twitter_misc":{"Escrito por":"Lo viste en Los Pol\u00edticos","Tiempo de lectura":"6 minutos"},"schema":{"@context":"https:\/\/schema.org","@graph":[{"@type":"Article","@id":"https:\/\/lospoliticosveracruz.com\/?p=46502#article","isPartOf":{"@id":"https:\/\/lospoliticosveracruz.com\/?p=46502"},"author":{"name":"Lo viste en Los Pol\u00edticos","@id":"https:\/\/lospoliticosveracruz.com\/#\/schema\/person\/b8702bb0e538456e6efd07080bf2a4a2"},"headline":"La Guerra Santa de Cuic","datePublished":"2019-01-21T15:41:04+00:00","mainEntityOfPage":{"@id":"https:\/\/lospoliticosveracruz.com\/?p=46502"},"wordCount":1205,"commentCount":0,"publisher":{"@id":"https:\/\/lospoliticosveracruz.com\/#organization"},"image":{"@id":"https:\/\/lospoliticosveracruz.com\/?p=46502#primaryimage"},"thumbnailUrl":"https:\/\/lospoliticosveracruz.com\/wp-content\/uploads\/2019\/01\/Iglesia.jpg","keywords":["Amado Cruz Malpica","Ana Miriam Ferr\u00e1ez","Arquidi\u00f3cesis de Xalapa","Cuitl\u00e1huac Garc\u00eda","Despenalizaci\u00f3n de Aborto","Eric Cisneros Burgos","Guerra Santa","Hugo Guti\u00e9rrez Maldonado","Jos\u00e9 Manuel Pozos Castro","Juan Javier G\u00f3mez Cazar\u00edn","M\u00f3nica Robles","Transportistas","Veracruz"],"articleSection":["De Opini\u00f3n"],"inLanguage":"es","potentialAction":[{"@type":"CommentAction","name":"Comment","target":["https:\/\/lospoliticosveracruz.com\/?p=46502#respond"]}]},{"@type":"WebPage","@id":"https:\/\/lospoliticosveracruz.com\/?p=46502","url":"https:\/\/lospoliticosveracruz.com\/?p=46502","name":"La Guerra Santa de Cuic - Los pol\u00edticos Veracruz","isPartOf":{"@id":"https:\/\/lospoliticosveracruz.com\/#website"},"primaryImageOfPage":{"@id":"https:\/\/lospoliticosveracruz.com\/?p=46502#primaryimage"},"image":{"@id":"https:\/\/lospoliticosveracruz.com\/?p=46502#primaryimage"},"thumbnailUrl":"https:\/\/lospoliticosveracruz.com\/wp-content\/uploads\/2019\/01\/Iglesia.jpg","datePublished":"2019-01-21T15:41:04+00:00","breadcrumb":{"@id":"https:\/\/lospoliticosveracruz.com\/?p=46502#breadcrumb"},"inLanguage":"es","potentialAction":[{"@type":"ReadAction","target":["https:\/\/lospoliticosveracruz.com\/?p=46502"]}]},{"@type":"ImageObject","inLanguage":"es","@id":"https:\/\/lospoliticosveracruz.com\/?p=46502#primaryimage","url":"https:\/\/lospoliticosveracruz.com\/wp-content\/uploads\/2019\/01\/Iglesia.jpg","contentUrl":"https:\/\/lospoliticosveracruz.com\/wp-content\/uploads\/2019\/01\/Iglesia.jpg","width":600,"height":324},{"@type":"BreadcrumbList","@id":"https:\/\/lospoliticosveracruz.com\/?p=46502#breadcrumb","itemListElement":[{"@type":"ListItem","position":1,"name":"Portada","item":"https:\/\/lospoliticosveracruz.com\/"},{"@type":"ListItem","position":2,"name":"La Guerra Santa de Cuic"}]},{"@type":"WebSite","@id":"https:\/\/lospoliticosveracruz.com\/#website","url":"https:\/\/lospoliticosveracruz.com\/","name":"Los pol\u00edticos Veracruz","description":"","publisher":{"@id":"https:\/\/lospoliticosveracruz.com\/#organization"},"potentialAction":[{"@type":"SearchAction","target":{"@type":"EntryPoint","urlTemplate":"https:\/\/lospoliticosveracruz.com\/?s={search_term_string}"},"query-input":{"@type":"PropertyValueSpecification","valueRequired":true,"valueName":"search_term_string"}}],"inLanguage":"es"},{"@type":"Organization","@id":"https:\/\/lospoliticosveracruz.com\/#organization","name":"Los pol\u00edticos Veracruz","url":"https:\/\/lospoliticosveracruz.com\/","logo":{"@type":"ImageObject","inLanguage":"es","@id":"https:\/\/lospoliticosveracruz.com\/#\/schema\/logo\/image\/","url":"https:\/\/lospoliticosveracruz.com\/wp-content\/uploads\/2025\/12\/Logo-Nuevo-LOS-POLITICOS-1.jpg","contentUrl":"https:\/\/lospoliticosveracruz.com\/wp-content\/uploads\/2025\/12\/Logo-Nuevo-LOS-POLITICOS-1.jpg","width":260,"height":70,"caption":"Los pol\u00edticos Veracruz"},"image":{"@id":"https:\/\/lospoliticosveracruz.com\/#\/schema\/logo\/image\/"},"sameAs":["https:\/\/www.facebook.com\/people\/Notimemes-de-los-Polticos\/61565672886568\/","https:\/\/x.com\/LosPoliticosVer"]},{"@type":"Person","@id":"https:\/\/lospoliticosveracruz.com\/#\/schema\/person\/b8702bb0e538456e6efd07080bf2a4a2","name":"Lo viste en Los Pol\u00edticos","image":{"@type":"ImageObject","inLanguage":"es","@id":"https:\/\/secure.gravatar.com\/avatar\/3a8de04a2656d44082be478bd6c086daa447c4651605818287b9532d3d0bd435?s=96&d=mm&r=g","url":"https:\/\/secure.gravatar.com\/avatar\/3a8de04a2656d44082be478bd6c086daa447c4651605818287b9532d3d0bd435?s=96&d=mm&r=g","contentUrl":"https:\/\/secure.gravatar.com\/avatar\/3a8de04a2656d44082be478bd6c086daa447c4651605818287b9532d3d0bd435?s=96&d=mm&r=g","caption":"Lo viste en Los Pol\u00edticos"},"url":"https:\/\/lospoliticosveracruz.com\/?author=2"}]}},"_links":{"self":[{"href":"https:\/\/lospoliticosveracruz.com\/index.php?rest_route=\/wp\/v2\/posts\/46502","targetHints":{"allow":["GET"]}}],"collection":[{"href":"https:\/\/lospoliticosveracruz.com\/index.php?rest_route=\/wp\/v2\/posts"}],"about":[{"href":"https:\/\/lospoliticosveracruz.com\/index.php?rest_route=\/wp\/v2\/types\/post"}],"author":[{"embeddable":true,"href":"https:\/\/lospoliticosveracruz.com\/index.php?rest_route=\/wp\/v2\/users\/2"}],"replies":[{"embeddable":true,"href":"https:\/\/lospoliticosveracruz.com\/index.php?rest_route=%2Fwp%2Fv2%2Fcomments&post=46502"}],"version-history":[{"count":1,"href":"https:\/\/lospoliticosveracruz.com\/index.php?rest_route=\/wp\/v2\/posts\/46502\/revisions"}],"predecessor-version":[{"id":46504,"href":"https:\/\/lospoliticosveracruz.com\/index.php?rest_route=\/wp\/v2\/posts\/46502\/revisions\/46504"}],"wp:featuredmedia":[{"embeddable":true,"href":"https:\/\/lospoliticosveracruz.com\/index.php?rest_route=\/wp\/v2\/media\/46503"}],"wp:attachment":[{"href":"https:\/\/lospoliticosveracruz.com\/index.php?rest_route=%2Fwp%2Fv2%2Fmedia&parent=46502"}],"wp:term":[{"taxonomy":"category","embeddable":true,"href":"https:\/\/lospoliticosveracruz.com\/index.php?rest_route=%2Fwp%2Fv2%2Fcategories&post=46502"},{"taxonomy":"post_tag","embeddable":true,"href":"https:\/\/lospoliticosveracruz.com\/index.php?rest_route=%2Fwp%2Fv2%2Ftags&post=46502"}],"curies":[{"name":"wp","href":"https:\/\/api.w.org\/{rel}","templated":true}]}}