{"id":46505,"date":"2019-01-21T14:45:17","date_gmt":"2019-01-21T20:45:17","guid":{"rendered":"http:\/\/www.lospoliticosveracruz.com.mx\/?p=46505"},"modified":"2019-01-21T14:45:17","modified_gmt":"2019-01-21T20:45:17","slug":"aplica-morena-toque-de-queda-a-ana-miriam-no-comparten-su-opinion","status":"publish","type":"post","link":"https:\/\/lospoliticosveracruz.com\/?p=46505","title":{"rendered":"Aplica Morena \u00abToque de Queda\u00bb a Ana Miriam; no comparten su opini\u00f3n"},"content":{"rendered":"<p>&#8216;Tenemos una ideolog\u00eda muy clara: garantizar las libertades de las mujeres veracruzanas\u00bb, afirm\u00f3 el diputado Juan Javier G\u00f3mez Cazar\u00edn, en su calidad de presidente de la Junta de Coordinaci\u00f3n Pol\u00edtica (JUCOPO), as\u00ed como de l\u00edder del grupo legislativo de Morena en el Congreso Local.<\/p>\n<p>Lo anterior, en relaci\u00f3n a la declaraci\u00f3n de su hom\u00f3loga, Ana Miriam Ferr\u00e1ez Centeno sobre la propuesta de instaurar un &#8216;toque de queda&#8217; para las mujeres de nuestra entidad, con el objetivo de prevenir los feminicidios en Veracruz; \u201crespeto su ideolog\u00eda, pero no comparto su opini\u00f3n sobre el tema, dijo G\u00f3mez Cazar\u00edn.<\/p>\n<p>\u00abEn la bancada de Morena existe un respeto total a la libertad de expresi\u00f3n de nuestras y nuestros compa\u00f1eros, quiero celebrar que hay pluralidad de ideas. Sin embargo, soy claro en este aspecto: tanto mujeres como hombres sin distinci\u00f3n tenemos derecho a la seguridad de transitar libremente en cualquier horario, en paz y tranquilidad\u00bb, expres\u00f3 el representante popular del distrito XXV, con cabecera en San Andr\u00e9s Tuxtla.<\/p>\n<p>Por lo tanto, G\u00f3mez Cazar\u00edn celebr\u00f3 el compromiso de las y los legisladores de Morena en impulsar y fortalecer las pol\u00edticas p\u00fablicas necesarias para evitar la violencia de g\u00e9nero en nuestro estado.<\/p>\n<p>De igual modo, refrend\u00f3 su solidaridad con las mujeres veracruzanas que han sido v\u00edctimas de alg\u00fan tipo de maltrato y de las familias de aquellas asesinadas cobardemente en raz\u00f3n de g\u00e9nero \u00ab\u00a1Ni una m\u00e1s! es la exigencia de la ciudadan\u00eda y de nosotros como legisladores\u00bb.<\/p>\n<p>En este tenor, reconoci\u00f3 el esfuerzo que est\u00e1 llevando a cabo la administraci\u00f3n estatal de Cuitl\u00e1huac Garc\u00eda Jim\u00e9nez, con la finalidad de poner punto final a la ola de violencia que ha padecido el estado en los \u00faltimos a\u00f1os.<\/p>\n","protected":false},"excerpt":{"rendered":"<p>&#8216;Tenemos una ideolog\u00eda muy clara: garantizar las libertades de las mujeres veracruzanas\u00bb, afirm\u00f3 el diputado Juan Javier G\u00f3mez Cazar\u00edn, en su calidad de presidente de la Junta de Coordinaci\u00f3n Pol\u00edtica (JUCOPO), as\u00ed como de l\u00edder del grupo legislativo de Morena en el Congreso Local. Lo anterior, en relaci\u00f3n a la declaraci\u00f3n de su hom\u00f3loga, Ana [&hellip;]<\/p>\n","protected":false},"author":2,"featured_media":46506,"comment_status":"open","ping_status":"open","sticky":false,"template":"","format":"standard","meta":{"tdm_status":"","tdm_grid_status":"","footnotes":""},"categories":[73],"tags":[819,1563,826,12695,9418,9444,1026,2305,122,2686],"class_list":{"0":"post-46505","1":"post","2":"type-post","3":"status-publish","4":"format-standard","5":"has-post-thumbnail","7":"category-de-boleto","8":"tag-congreso-local","9":"tag-cuitlahuac-garcia-jimenez","10":"tag-feminicidios","11":"tag-juan-javier-gomez-cazarin","12":"tag-jucopo","13":"tag-junta-de-coordinacion-politica","14":"tag-morena","15":"tag-mujeres","16":"tag-san-andres-tuxtla","17":"tag-toque-de-queda"},"yoast_head":"<!-- This site is optimized with the Yoast SEO plugin v27.4 - https:\/\/yoast.com\/product\/yoast-seo-wordpress\/ -->\n<title>Aplica Morena &quot;Toque de Queda&quot; a Ana Miriam; no comparten su opini\u00f3n - Los pol\u00edticos Veracruz<\/title>\n<meta name=\"robots\" content=\"index, follow, max-snippet:-1, max-image-preview:large, max-video-preview:-1\" \/>\n<link rel=\"canonical\" href=\"https:\/\/lospoliticosveracruz.com\/?p=46505\" \/>\n<meta property=\"og:locale\" content=\"es_ES\" \/>\n<meta property=\"og:type\" content=\"article\" \/>\n<meta property=\"og:title\" content=\"Aplica Morena &quot;Toque de Queda&quot; a Ana Miriam; no comparten su opini\u00f3n - Los pol\u00edticos Veracruz\" \/>\n<meta property=\"og:description\" content=\"&#8216;Tenemos una ideolog\u00eda muy clara: garantizar las libertades de las mujeres veracruzanas\u00bb, afirm\u00f3 el diputado Juan Javier G\u00f3mez Cazar\u00edn, en su calidad de presidente de la Junta de Coordinaci\u00f3n Pol\u00edtica (JUCOPO), as\u00ed como de l\u00edder del grupo legislativo de Morena en el Congreso Local. Lo anterior, en relaci\u00f3n a la declaraci\u00f3n de su hom\u00f3loga, Ana [&hellip;]\" \/>\n<meta property=\"og:url\" content=\"https:\/\/lospoliticosveracruz.com\/?p=46505\" \/>\n<meta property=\"og:site_name\" content=\"Los pol\u00edticos Veracruz\" \/>\n<meta property=\"article:publisher\" content=\"https:\/\/www.facebook.com\/people\/Notimemes-de-los-Polticos\/61565672886568\/\" \/>\n<meta property=\"article:published_time\" content=\"2019-01-21T20:45:17+00:00\" \/>\n<meta property=\"og:image\" content=\"https:\/\/lospoliticosveracruz.com\/wp-content\/uploads\/2019\/01\/Cazar\u00edn.jpeg\" \/>\n\t<meta property=\"og:image:width\" content=\"600\" \/>\n\t<meta property=\"og:image:height\" content=\"383\" \/>\n\t<meta property=\"og:image:type\" content=\"image\/jpeg\" \/>\n<meta name=\"author\" content=\"Lo viste en Los Pol\u00edticos\" \/>\n<meta name=\"twitter:card\" content=\"summary_large_image\" \/>\n<meta name=\"twitter:creator\" content=\"@LosPoliticosVer\" \/>\n<meta name=\"twitter:site\" content=\"@LosPoliticosVer\" \/>\n<meta name=\"twitter:label1\" content=\"Escrito por\" \/>\n\t<meta name=\"twitter:data1\" content=\"Lo viste en Los Pol\u00edticos\" \/>\n\t<meta name=\"twitter:label2\" content=\"Tiempo de lectura\" \/>\n\t<meta name=\"twitter:data2\" content=\"2 minutos\" \/>\n<script type=\"application\/ld+json\" class=\"yoast-schema-graph\">{\"@context\":\"https:\\\/\\\/schema.org\",\"@graph\":[{\"@type\":\"Article\",\"@id\":\"https:\\\/\\\/lospoliticosveracruz.com\\\/?p=46505#article\",\"isPartOf\":{\"@id\":\"https:\\\/\\\/lospoliticosveracruz.com\\\/?p=46505\"},\"author\":{\"name\":\"Lo viste en Los Pol\u00edticos\",\"@id\":\"https:\\\/\\\/lospoliticosveracruz.com\\\/#\\\/schema\\\/person\\\/b8702bb0e538456e6efd07080bf2a4a2\"},\"headline\":\"Aplica Morena \u00abToque de Queda\u00bb a Ana Miriam; no comparten su opini\u00f3n\",\"datePublished\":\"2019-01-21T20:45:17+00:00\",\"mainEntityOfPage\":{\"@id\":\"https:\\\/\\\/lospoliticosveracruz.com\\\/?p=46505\"},\"wordCount\":326,\"commentCount\":0,\"publisher\":{\"@id\":\"https:\\\/\\\/lospoliticosveracruz.com\\\/#organization\"},\"image\":{\"@id\":\"https:\\\/\\\/lospoliticosveracruz.com\\\/?p=46505#primaryimage\"},\"thumbnailUrl\":\"https:\\\/\\\/lospoliticosveracruz.com\\\/wp-content\\\/uploads\\\/2019\\\/01\\\/Cazar\u00edn.jpeg\",\"keywords\":[\"Congreso local\",\"Cuitl\u00e1huac Garc\u00eda Jim\u00e9nez\",\"feminicidios\",\"Juan Javier G\u00f3mez Cazar\u00edn\",\"Jucopo\",\"Junta de Coordinaci\u00f3n Pol\u00edtica\",\"Morena\",\"Mujeres\",\"San Andr\u00e9s Tuxtla\",\"Toque de queda\"],\"articleSection\":[\"De Boleto\"],\"inLanguage\":\"es\",\"potentialAction\":[{\"@type\":\"CommentAction\",\"name\":\"Comment\",\"target\":[\"https:\\\/\\\/lospoliticosveracruz.com\\\/?p=46505#respond\"]}]},{\"@type\":\"WebPage\",\"@id\":\"https:\\\/\\\/lospoliticosveracruz.com\\\/?p=46505\",\"url\":\"https:\\\/\\\/lospoliticosveracruz.com\\\/?p=46505\",\"name\":\"Aplica Morena \\\"Toque de Queda\\\" a Ana Miriam; no comparten su opini\u00f3n - Los pol\u00edticos Veracruz\",\"isPartOf\":{\"@id\":\"https:\\\/\\\/lospoliticosveracruz.com\\\/#website\"},\"primaryImageOfPage\":{\"@id\":\"https:\\\/\\\/lospoliticosveracruz.com\\\/?p=46505#primaryimage\"},\"image\":{\"@id\":\"https:\\\/\\\/lospoliticosveracruz.com\\\/?p=46505#primaryimage\"},\"thumbnailUrl\":\"https:\\\/\\\/lospoliticosveracruz.com\\\/wp-content\\\/uploads\\\/2019\\\/01\\\/Cazar\u00edn.jpeg\",\"datePublished\":\"2019-01-21T20:45:17+00:00\",\"breadcrumb\":{\"@id\":\"https:\\\/\\\/lospoliticosveracruz.com\\\/?p=46505#breadcrumb\"},\"inLanguage\":\"es\",\"potentialAction\":[{\"@type\":\"ReadAction\",\"target\":[\"https:\\\/\\\/lospoliticosveracruz.com\\\/?p=46505\"]}]},{\"@type\":\"ImageObject\",\"inLanguage\":\"es\",\"@id\":\"https:\\\/\\\/lospoliticosveracruz.com\\\/?p=46505#primaryimage\",\"url\":\"https:\\\/\\\/lospoliticosveracruz.com\\\/wp-content\\\/uploads\\\/2019\\\/01\\\/Cazar\u00edn.jpeg\",\"contentUrl\":\"https:\\\/\\\/lospoliticosveracruz.com\\\/wp-content\\\/uploads\\\/2019\\\/01\\\/Cazar\u00edn.jpeg\",\"width\":600,\"height\":383},{\"@type\":\"BreadcrumbList\",\"@id\":\"https:\\\/\\\/lospoliticosveracruz.com\\\/?p=46505#breadcrumb\",\"itemListElement\":[{\"@type\":\"ListItem\",\"position\":1,\"name\":\"Portada\",\"item\":\"https:\\\/\\\/lospoliticosveracruz.com\\\/\"},{\"@type\":\"ListItem\",\"position\":2,\"name\":\"Aplica Morena \u00abToque de Queda\u00bb a Ana Miriam; no comparten su opini\u00f3n\"}]},{\"@type\":\"WebSite\",\"@id\":\"https:\\\/\\\/lospoliticosveracruz.com\\\/#website\",\"url\":\"https:\\\/\\\/lospoliticosveracruz.com\\\/\",\"name\":\"Los pol\u00edticos Veracruz\",\"description\":\"\",\"publisher\":{\"@id\":\"https:\\\/\\\/lospoliticosveracruz.com\\\/#organization\"},\"potentialAction\":[{\"@type\":\"SearchAction\",\"target\":{\"@type\":\"EntryPoint\",\"urlTemplate\":\"https:\\\/\\\/lospoliticosveracruz.com\\\/?s={search_term_string}\"},\"query-input\":{\"@type\":\"PropertyValueSpecification\",\"valueRequired\":true,\"valueName\":\"search_term_string\"}}],\"inLanguage\":\"es\"},{\"@type\":\"Organization\",\"@id\":\"https:\\\/\\\/lospoliticosveracruz.com\\\/#organization\",\"name\":\"Los pol\u00edticos Veracruz\",\"url\":\"https:\\\/\\\/lospoliticosveracruz.com\\\/\",\"logo\":{\"@type\":\"ImageObject\",\"inLanguage\":\"es\",\"@id\":\"https:\\\/\\\/lospoliticosveracruz.com\\\/#\\\/schema\\\/logo\\\/image\\\/\",\"url\":\"https:\\\/\\\/lospoliticosveracruz.com\\\/wp-content\\\/uploads\\\/2025\\\/12\\\/Logo-Nuevo-LOS-POLITICOS-1.jpg\",\"contentUrl\":\"https:\\\/\\\/lospoliticosveracruz.com\\\/wp-content\\\/uploads\\\/2025\\\/12\\\/Logo-Nuevo-LOS-POLITICOS-1.jpg\",\"width\":260,\"height\":70,\"caption\":\"Los pol\u00edticos Veracruz\"},\"image\":{\"@id\":\"https:\\\/\\\/lospoliticosveracruz.com\\\/#\\\/schema\\\/logo\\\/image\\\/\"},\"sameAs\":[\"https:\\\/\\\/www.facebook.com\\\/people\\\/Notimemes-de-los-Polticos\\\/61565672886568\\\/\",\"https:\\\/\\\/x.com\\\/LosPoliticosVer\"]},{\"@type\":\"Person\",\"@id\":\"https:\\\/\\\/lospoliticosveracruz.com\\\/#\\\/schema\\\/person\\\/b8702bb0e538456e6efd07080bf2a4a2\",\"name\":\"Lo viste en Los Pol\u00edticos\",\"image\":{\"@type\":\"ImageObject\",\"inLanguage\":\"es\",\"@id\":\"https:\\\/\\\/secure.gravatar.com\\\/avatar\\\/3a8de04a2656d44082be478bd6c086daa447c4651605818287b9532d3d0bd435?s=96&d=mm&r=g\",\"url\":\"https:\\\/\\\/secure.gravatar.com\\\/avatar\\\/3a8de04a2656d44082be478bd6c086daa447c4651605818287b9532d3d0bd435?s=96&d=mm&r=g\",\"contentUrl\":\"https:\\\/\\\/secure.gravatar.com\\\/avatar\\\/3a8de04a2656d44082be478bd6c086daa447c4651605818287b9532d3d0bd435?s=96&d=mm&r=g\",\"caption\":\"Lo viste en Los Pol\u00edticos\"},\"url\":\"https:\\\/\\\/lospoliticosveracruz.com\\\/?author=2\"}]}<\/script>\n<!-- \/ Yoast SEO plugin. -->","yoast_head_json":{"title":"Aplica Morena \"Toque de Queda\" a Ana Miriam; no comparten su opini\u00f3n - Los pol\u00edticos Veracruz","robots":{"index":"index","follow":"follow","max-snippet":"max-snippet:-1","max-image-preview":"max-image-preview:large","max-video-preview":"max-video-preview:-1"},"canonical":"https:\/\/lospoliticosveracruz.com\/?p=46505","og_locale":"es_ES","og_type":"article","og_title":"Aplica Morena \"Toque de Queda\" a Ana Miriam; no comparten su opini\u00f3n - Los pol\u00edticos Veracruz","og_description":"&#8216;Tenemos una ideolog\u00eda muy clara: garantizar las libertades de las mujeres veracruzanas\u00bb, afirm\u00f3 el diputado Juan Javier G\u00f3mez Cazar\u00edn, en su calidad de presidente de la Junta de Coordinaci\u00f3n Pol\u00edtica (JUCOPO), as\u00ed como de l\u00edder del grupo legislativo de Morena en el Congreso Local. Lo anterior, en relaci\u00f3n a la declaraci\u00f3n de su hom\u00f3loga, Ana [&hellip;]","og_url":"https:\/\/lospoliticosveracruz.com\/?p=46505","og_site_name":"Los pol\u00edticos Veracruz","article_publisher":"https:\/\/www.facebook.com\/people\/Notimemes-de-los-Polticos\/61565672886568\/","article_published_time":"2019-01-21T20:45:17+00:00","og_image":[{"width":600,"height":383,"url":"https:\/\/lospoliticosveracruz.com\/wp-content\/uploads\/2019\/01\/Cazar\u00edn.jpeg","type":"image\/jpeg"}],"author":"Lo viste en Los Pol\u00edticos","twitter_card":"summary_large_image","twitter_creator":"@LosPoliticosVer","twitter_site":"@LosPoliticosVer","twitter_misc":{"Escrito por":"Lo viste en Los Pol\u00edticos","Tiempo de lectura":"2 minutos"},"schema":{"@context":"https:\/\/schema.org","@graph":[{"@type":"Article","@id":"https:\/\/lospoliticosveracruz.com\/?p=46505#article","isPartOf":{"@id":"https:\/\/lospoliticosveracruz.com\/?p=46505"},"author":{"name":"Lo viste en Los Pol\u00edticos","@id":"https:\/\/lospoliticosveracruz.com\/#\/schema\/person\/b8702bb0e538456e6efd07080bf2a4a2"},"headline":"Aplica Morena \u00abToque de Queda\u00bb a Ana Miriam; no comparten su opini\u00f3n","datePublished":"2019-01-21T20:45:17+00:00","mainEntityOfPage":{"@id":"https:\/\/lospoliticosveracruz.com\/?p=46505"},"wordCount":326,"commentCount":0,"publisher":{"@id":"https:\/\/lospoliticosveracruz.com\/#organization"},"image":{"@id":"https:\/\/lospoliticosveracruz.com\/?p=46505#primaryimage"},"thumbnailUrl":"https:\/\/lospoliticosveracruz.com\/wp-content\/uploads\/2019\/01\/Cazar\u00edn.jpeg","keywords":["Congreso local","Cuitl\u00e1huac Garc\u00eda Jim\u00e9nez","feminicidios","Juan Javier G\u00f3mez Cazar\u00edn","Jucopo","Junta de Coordinaci\u00f3n Pol\u00edtica","Morena","Mujeres","San Andr\u00e9s Tuxtla","Toque de queda"],"articleSection":["De Boleto"],"inLanguage":"es","potentialAction":[{"@type":"CommentAction","name":"Comment","target":["https:\/\/lospoliticosveracruz.com\/?p=46505#respond"]}]},{"@type":"WebPage","@id":"https:\/\/lospoliticosveracruz.com\/?p=46505","url":"https:\/\/lospoliticosveracruz.com\/?p=46505","name":"Aplica Morena \"Toque de Queda\" a Ana Miriam; no comparten su opini\u00f3n - Los pol\u00edticos Veracruz","isPartOf":{"@id":"https:\/\/lospoliticosveracruz.com\/#website"},"primaryImageOfPage":{"@id":"https:\/\/lospoliticosveracruz.com\/?p=46505#primaryimage"},"image":{"@id":"https:\/\/lospoliticosveracruz.com\/?p=46505#primaryimage"},"thumbnailUrl":"https:\/\/lospoliticosveracruz.com\/wp-content\/uploads\/2019\/01\/Cazar\u00edn.jpeg","datePublished":"2019-01-21T20:45:17+00:00","breadcrumb":{"@id":"https:\/\/lospoliticosveracruz.com\/?p=46505#breadcrumb"},"inLanguage":"es","potentialAction":[{"@type":"ReadAction","target":["https:\/\/lospoliticosveracruz.com\/?p=46505"]}]},{"@type":"ImageObject","inLanguage":"es","@id":"https:\/\/lospoliticosveracruz.com\/?p=46505#primaryimage","url":"https:\/\/lospoliticosveracruz.com\/wp-content\/uploads\/2019\/01\/Cazar\u00edn.jpeg","contentUrl":"https:\/\/lospoliticosveracruz.com\/wp-content\/uploads\/2019\/01\/Cazar\u00edn.jpeg","width":600,"height":383},{"@type":"BreadcrumbList","@id":"https:\/\/lospoliticosveracruz.com\/?p=46505#breadcrumb","itemListElement":[{"@type":"ListItem","position":1,"name":"Portada","item":"https:\/\/lospoliticosveracruz.com\/"},{"@type":"ListItem","position":2,"name":"Aplica Morena \u00abToque de Queda\u00bb a Ana Miriam; no comparten su opini\u00f3n"}]},{"@type":"WebSite","@id":"https:\/\/lospoliticosveracruz.com\/#website","url":"https:\/\/lospoliticosveracruz.com\/","name":"Los pol\u00edticos Veracruz","description":"","publisher":{"@id":"https:\/\/lospoliticosveracruz.com\/#organization"},"potentialAction":[{"@type":"SearchAction","target":{"@type":"EntryPoint","urlTemplate":"https:\/\/lospoliticosveracruz.com\/?s={search_term_string}"},"query-input":{"@type":"PropertyValueSpecification","valueRequired":true,"valueName":"search_term_string"}}],"inLanguage":"es"},{"@type":"Organization","@id":"https:\/\/lospoliticosveracruz.com\/#organization","name":"Los pol\u00edticos Veracruz","url":"https:\/\/lospoliticosveracruz.com\/","logo":{"@type":"ImageObject","inLanguage":"es","@id":"https:\/\/lospoliticosveracruz.com\/#\/schema\/logo\/image\/","url":"https:\/\/lospoliticosveracruz.com\/wp-content\/uploads\/2025\/12\/Logo-Nuevo-LOS-POLITICOS-1.jpg","contentUrl":"https:\/\/lospoliticosveracruz.com\/wp-content\/uploads\/2025\/12\/Logo-Nuevo-LOS-POLITICOS-1.jpg","width":260,"height":70,"caption":"Los pol\u00edticos Veracruz"},"image":{"@id":"https:\/\/lospoliticosveracruz.com\/#\/schema\/logo\/image\/"},"sameAs":["https:\/\/www.facebook.com\/people\/Notimemes-de-los-Polticos\/61565672886568\/","https:\/\/x.com\/LosPoliticosVer"]},{"@type":"Person","@id":"https:\/\/lospoliticosveracruz.com\/#\/schema\/person\/b8702bb0e538456e6efd07080bf2a4a2","name":"Lo viste en Los Pol\u00edticos","image":{"@type":"ImageObject","inLanguage":"es","@id":"https:\/\/secure.gravatar.com\/avatar\/3a8de04a2656d44082be478bd6c086daa447c4651605818287b9532d3d0bd435?s=96&d=mm&r=g","url":"https:\/\/secure.gravatar.com\/avatar\/3a8de04a2656d44082be478bd6c086daa447c4651605818287b9532d3d0bd435?s=96&d=mm&r=g","contentUrl":"https:\/\/secure.gravatar.com\/avatar\/3a8de04a2656d44082be478bd6c086daa447c4651605818287b9532d3d0bd435?s=96&d=mm&r=g","caption":"Lo viste en Los Pol\u00edticos"},"url":"https:\/\/lospoliticosveracruz.com\/?author=2"}]}},"_links":{"self":[{"href":"https:\/\/lospoliticosveracruz.com\/index.php?rest_route=\/wp\/v2\/posts\/46505","targetHints":{"allow":["GET"]}}],"collection":[{"href":"https:\/\/lospoliticosveracruz.com\/index.php?rest_route=\/wp\/v2\/posts"}],"about":[{"href":"https:\/\/lospoliticosveracruz.com\/index.php?rest_route=\/wp\/v2\/types\/post"}],"author":[{"embeddable":true,"href":"https:\/\/lospoliticosveracruz.com\/index.php?rest_route=\/wp\/v2\/users\/2"}],"replies":[{"embeddable":true,"href":"https:\/\/lospoliticosveracruz.com\/index.php?rest_route=%2Fwp%2Fv2%2Fcomments&post=46505"}],"version-history":[{"count":1,"href":"https:\/\/lospoliticosveracruz.com\/index.php?rest_route=\/wp\/v2\/posts\/46505\/revisions"}],"predecessor-version":[{"id":46507,"href":"https:\/\/lospoliticosveracruz.com\/index.php?rest_route=\/wp\/v2\/posts\/46505\/revisions\/46507"}],"wp:featuredmedia":[{"embeddable":true,"href":"https:\/\/lospoliticosveracruz.com\/index.php?rest_route=\/wp\/v2\/media\/46506"}],"wp:attachment":[{"href":"https:\/\/lospoliticosveracruz.com\/index.php?rest_route=%2Fwp%2Fv2%2Fmedia&parent=46505"}],"wp:term":[{"taxonomy":"category","embeddable":true,"href":"https:\/\/lospoliticosveracruz.com\/index.php?rest_route=%2Fwp%2Fv2%2Fcategories&post=46505"},{"taxonomy":"post_tag","embeddable":true,"href":"https:\/\/lospoliticosveracruz.com\/index.php?rest_route=%2Fwp%2Fv2%2Ftags&post=46505"}],"curies":[{"name":"wp","href":"https:\/\/api.w.org\/{rel}","templated":true}]}}