{"id":46520,"date":"2019-01-22T08:46:09","date_gmt":"2019-01-22T14:46:09","guid":{"rendered":"http:\/\/www.lospoliticosveracruz.com.mx\/?p=46520"},"modified":"2019-01-22T08:46:09","modified_gmt":"2019-01-22T14:46:09","slug":"regresan-con-la-cola-entre-las-patas","status":"publish","type":"post","link":"https:\/\/lospoliticosveracruz.com\/?p=46520","title":{"rendered":"Regresan con la cola entre las patas"},"content":{"rendered":"<p><strong>Ricardo Ch\u00faa<\/strong><\/p>\n<p><em>Sale y Vale<\/em><\/p>\n<p>SECRETARIA \u00abFIF\u00cd\u00bb&#8230; Los funcionarios estatales ven la \u00abtempestad\u00bb y no se hincan&#8230; En pocas palabras&#8230; Les vale, no sabemos si madres o no&#8230; Pero resulta que la titular de Turismo en Veracruz, X\u00f3chitl Arbes\u00fa Lago anda viajando en \u00abgira de trabajo promocionando el Estado\u00bb en la FITUR de Madrid, Espa\u00f1a&#8230; ACOMPA\u00d1ADA DE 9 ALCALDES CON TODOS LOS GASTOS PAGADOS&#8230; Asssuu pa piche envidia&#8230; Deben andar en la \u00abmilonga\u00bb espa\u00f1ola y recorriendo la Puerta de Alcal\u00e1&#8230;. Donde todos los tiranos se abrazan como hermanos&#8230;<\/p>\n<p>Y eso no tendr\u00eda nada de malo&#8230; El caso es que los alcaldes no fueron gratis y el viaje a Espa\u00f1a cuesta y caro&#8230; Europa es un destino \u00abFif\u00ed\u00bb y la minatitleca, ahijada de Rocio Nahle&#8230; Va a Madrid a comer \u00abCroquetas Melosas de Jam\u00f3n Ib\u00e9rico\u00bb en el restaurante \u00abLa Raimunda\u00bb en el Palacio de Linares, conocido como Casa de Am\u00e9rica, con terrazas y jardines impresionantes pero deja de asistir al evento del Programa Estatal de Turismo en su \u00abtierrita\u00bb veracruzana&#8230; V\u00e1lgame Dios&#8230; Puro \u00absurrealismo m\u00e1gico\u00bb&#8230;<\/p>\n<p>Si bien, es cierto no es lo mismo ir al Paseo de Los Recoletos, en Madrid; comer un platillo de \u00abGui\u00f1os Iberoamericanos\u00bb para no extra\u00f1ar el terru\u00f1o&#8230; Que saborear \u00abpicadas y gordas\u00bb con Do\u00f1a Mode en La Huaca del puerto de Veracruz o los tacos de \u00abEl Yuca\u00bb de la bien amada ciudad de Minatitlan&#8230; La pregunta para la secretaria de Turismo y los 9 alcaldes \u00abinvitados\u00bb por el gobierno de MORENA&#8230; \u00bfY la AUSTERIDAD REPUBLICANA d\u00f3nde qued\u00f3? o son los nuevos MORENOS en la \u00abPlenitud del Pinche Poder\u00bb&#8230;<\/p>\n<p>AMPARO DEDICADO A&#8230; La Fuente de Palacio Nacional en CDMX se\u00f1ala que les llamaron la atenci\u00f3n al gobernador de Veracruz, Cuitl\u00e1huac Garc\u00eda Jim\u00e9nez y el secretario de Gobierno, Eric Cisneros Burgos&#8230; De la reuni\u00f3n sostenida con el Coordinador de Pol\u00edtica y Gobierno de la Presidencia de la Rep\u00fablica, C\u00e9sar Ya\u00f1ez (El de la Boda Fifi en Puebla)&#8230; Que ni siquiera fueron recibidos en la oficina \u00abFif\u00ed\u00bb&#8230; Y aunque lo nieguen el amparo de Winckler pego duro&#8230; No supieron operarlo y de nada vali\u00f3 todo el tiempo invertido en madrearlo medi\u00e1ticamente&#8230;<\/p>\n<p>Esto despu\u00e9s que informaron que el Fiscal hab\u00eda sido AMPARADO de manera definitiva contra la remoci\u00f3n de su cargo v\u00eda la ley aprobada por el Congreso del Estado&#8230; Llamada \u00abLey Anti-Winckler\u00bb&#8230; Con esta decisi\u00f3n legal \u00abechan pa abajo\u00bb toda posibilidad de que \u00aben shinga\u00bb se vaya de su cargo el Fiscal&#8230; De esa manera, s\u00f3lo les queda el JUICIO POL\u00cdTICO para poder quitarlo de su cargo&#8230; Pero esa ser\u00e1 otra historia y ser\u00e1n los VOTOS M\u00c1S CAROS para MORENA en Veracruz (Si los consiguen)&#8230;<\/p>\n<p>Y al parecer, lo van a operar CDMX ya no conf\u00edan en los de Veracruz&#8230; Resultaron ne\u00f3fitos y tan encabronados estaban que con la \u00abllamada de atenci\u00f3n\u00bb de C\u00e9sar Y\u00e1\u00f1ez tuvieron pa regresarse a Veracruz&#8230; Los sectores sociales saben que si quitan a Winckler&#8230;No habr\u00e1 poder que los defienda como opositores a MORENA&#8230; Por eso se unen pa DEFENDER a Winckler&#8230; Dividido el Ejecutivo y Judicial no aplican en contra de \u00abenemigos del sistema\u00bb y a la nueva \u00abMafia del Poder\u00bb&#8230; La experiencia hace la diferencia&#8230;<\/p>\n<p>EL COLMO&#8230; La terquedad ha veces tambi\u00e9n es mala consejera.. En vez de replantear el camino y ver en que fallaron con Winckler con amparo en mano&#8230; El gobierno estatal, pese al -mameyazo- pol\u00edtico que les acaban de dar con el tema del Fiscal, ha emprendido la \u00abbatalla\u00bb para quitar ahora a PEDEL de la presidencia del Tribunal Superior de Justicia del Estado&#8230; Nos re\u00edmos, lloramos o nos vemos la serie de Fox \u00abBoss\u00bb&#8230; Digo pa ver algo m\u00e1s entretenido que esto&#8230;.<\/p>\n<p>Y es que alguien \u00abmand\u00f3\u00bb por varias horas a contingentes de personas a manifestarse afuera de la \u00abCiudad Judicial\u00bb de Veracruz puerto&#8230; Para gritarle consignas a P-EDEL&#8230; Y ah\u00ed los tuvieron a pleno sol y el tema es que nadie sali\u00f3 a atenderlos&#8230; En pocas palabras, ni los pelaron, al final de cuentas, sab\u00edan qui\u00e9n los mandaba y a qu\u00e9 iban&#8230; Siendo as\u00ed entonces pa qu\u00e9 el desgaste&#8230; El amigo de Duarte y PapaYunes sabe que quieren su \u00abcabeza\u00bb y el \u00abCara Muela\u00bb est\u00e1 dispuesta a \u00abvend\u00e9rselas muy cara\u00bb&#8230;<\/p>\n<p>Si algo deben de saber tanto Cuitl\u00e1huac como Cisneros Burgos es que P-EDEL es un rival de altura&#8230; Mucho, pero mucho m\u00e1s perverso que Winckler&#8230; Es un \u00abzorro\u00bb en pol\u00edtica y un \u00abDinosaurio\u00bb que por ser de los m\u00e1s viejos, es m\u00e1s peligroso&#8230; Es \u00abmarrullero\u00bb y sabe cuando \u00abapretar\u00bb y negociar&#8230; As\u00ed que quitarlo del TSJE les va a costar uno y la mitad del otro&#8230; P-EDEL es m\u00e1s cabr\u00f3n que bonito&#8230;<\/p>\n<p>Por eso pudo siendo asesor de Flavino como secretario de Gobierno con Miguel Alem\u00e1n&#8230; Compadre de PapaYunes y aliado de Fidel Herrera como dirigente estatal del PRI&#8230; Para luego volverse due\u00f1o de medios y estar cerca de ViLlina y hacerse magistrado con Javier Duarte&#8230; Tendr\u00e1n capacidad y experiencia pol\u00edtica para quitar del cargo al compadre del tabasque\u00f1o, Roberto Madrazo o har\u00e1n de nuevo un \u00abpapel\u00f3n\u00bb al estilo Winckler&#8230; PEDEL es de los pol\u00edticos del viejo PRI&#8230; Esos que no se destruyen, s\u00f3lo se transforman&#8230;<\/p>\n<p>GRAVE SOLUCI\u00d3N&#8230; Mucho se ha hablado entorno a las declaraciones de la diputada local de MORENA, Ana Miriam Ferr\u00e1ez, sobre implementar el \u00abtoque de queda\u00bb en Veracruz para evitar m\u00e1s femenicidios&#8230; Lo que no se ha comentado es que esas aseveraciones de la legisladora del partido en el poder en Veracruz&#8230; En nada abonan a la buena imagen del gobierno de Cuitl\u00e1huac Garc\u00eda&#8230; En cambio, sume de nuevo de que en Veracruz hay un \u00abEstado fallido\u00bb donde es rebasado por la delincuencia y la violencia contra la mujer&#8230;<\/p>\n<p>Mejor no hubiera comentado nada&#8230;. Ella dej\u00f3 mal parado al Gobernador de Veracruz, que apenas hace unos d\u00edas reconoci\u00f3 que 6 Grupos Ilegales controlaban a la entidad y las redes sociales se cansaron de se\u00f1alar que no pod\u00eda con el gobierno&#8230; Ahora con el \u00abToque de queda\u00bb se la parti\u00f3 a Hugo Guti\u00e9rrez y a Eric Cisneos se\u00f1alando que no hay GARANT\u00cdAS PARA LA MUJER&#8230; Ya se imaginaran las reacciones y m\u00e1s cuando este gobierno carece de una pol\u00edtica de comunicaci\u00f3n social de \u00abcontenci\u00f3n\u00bb&#8230; No hay rumbo, menos coordinaci\u00f3n&#8230;<\/p>\n","protected":false},"excerpt":{"rendered":"<p>Ricardo Ch\u00faa Sale y Vale SECRETARIA \u00abFIF\u00cd\u00bb&#8230; Los funcionarios estatales ven la \u00abtempestad\u00bb y no se hincan&#8230; En pocas palabras&#8230; Les vale, no sabemos si madres o no&#8230; Pero resulta que la titular de Turismo en Veracruz, X\u00f3chitl Arbes\u00fa Lago anda viajando en \u00abgira de trabajo promocionando el Estado\u00bb en la FITUR de Madrid, Espa\u00f1a&#8230; [&hellip;]<\/p>\n","protected":false},"author":2,"featured_media":46521,"comment_status":"open","ping_status":"open","sticky":false,"template":"","format":"standard","meta":{"tdm_status":"","tdm_grid_status":"","footnotes":""},"categories":[70],"tags":[7408,13629,1563,12299,4598,10734,195,12607],"class_list":{"0":"post-46520","1":"post","2":"type-post","3":"status-publish","4":"format-standard","5":"has-post-thumbnail","7":"category-de-opinion","8":"tag-ana-miriam-ferraez","9":"tag-cesar-yanez","10":"tag-cuitlahuac-garcia-jimenez","12":"tag-espana","13":"tag-madrid","14":"tag-veracruz","15":"tag-xochitl-arbesu-lago"},"yoast_head":"<!-- This site is optimized with the Yoast SEO plugin v27.4 - https:\/\/yoast.com\/product\/yoast-seo-wordpress\/ -->\n<title>Regresan con la cola entre las patas - Los pol\u00edticos Veracruz<\/title>\n<meta name=\"robots\" content=\"index, follow, max-snippet:-1, max-image-preview:large, max-video-preview:-1\" \/>\n<link rel=\"canonical\" href=\"https:\/\/lospoliticosveracruz.com\/?p=46520\" \/>\n<meta property=\"og:locale\" content=\"es_ES\" \/>\n<meta property=\"og:type\" content=\"article\" \/>\n<meta property=\"og:title\" content=\"Regresan con la cola entre las patas - Los pol\u00edticos Veracruz\" \/>\n<meta property=\"og:description\" content=\"Ricardo Ch\u00faa Sale y Vale SECRETARIA \u00abFIF\u00cd\u00bb&#8230; Los funcionarios estatales ven la \u00abtempestad\u00bb y no se hincan&#8230; En pocas palabras&#8230; Les vale, no sabemos si madres o no&#8230; Pero resulta que la titular de Turismo en Veracruz, X\u00f3chitl Arbes\u00fa Lago anda viajando en \u00abgira de trabajo promocionando el Estado\u00bb en la FITUR de Madrid, Espa\u00f1a&#8230; [&hellip;]\" \/>\n<meta property=\"og:url\" content=\"https:\/\/lospoliticosveracruz.com\/?p=46520\" \/>\n<meta property=\"og:site_name\" content=\"Los pol\u00edticos Veracruz\" \/>\n<meta property=\"article:publisher\" content=\"https:\/\/www.facebook.com\/people\/Notimemes-de-los-Polticos\/61565672886568\/\" \/>\n<meta property=\"article:published_time\" content=\"2019-01-22T14:46:09+00:00\" \/>\n<meta property=\"og:image\" content=\"https:\/\/lospoliticosveracruz.com\/wp-content\/uploads\/2019\/01\/Cuic.jpeg\" \/>\n\t<meta property=\"og:image:width\" content=\"600\" \/>\n\t<meta property=\"og:image:height\" content=\"493\" \/>\n\t<meta property=\"og:image:type\" content=\"image\/jpeg\" \/>\n<meta name=\"author\" content=\"Lo viste en Los Pol\u00edticos\" \/>\n<meta name=\"twitter:card\" content=\"summary_large_image\" \/>\n<meta name=\"twitter:creator\" content=\"@LosPoliticosVer\" \/>\n<meta name=\"twitter:site\" content=\"@LosPoliticosVer\" \/>\n<meta name=\"twitter:label1\" content=\"Escrito por\" \/>\n\t<meta name=\"twitter:data1\" content=\"Lo viste en Los Pol\u00edticos\" \/>\n\t<meta name=\"twitter:label2\" content=\"Tiempo de lectura\" \/>\n\t<meta name=\"twitter:data2\" content=\"6 minutos\" \/>\n<script type=\"application\/ld+json\" class=\"yoast-schema-graph\">{\"@context\":\"https:\\\/\\\/schema.org\",\"@graph\":[{\"@type\":\"Article\",\"@id\":\"https:\\\/\\\/lospoliticosveracruz.com\\\/?p=46520#article\",\"isPartOf\":{\"@id\":\"https:\\\/\\\/lospoliticosveracruz.com\\\/?p=46520\"},\"author\":{\"name\":\"Lo viste en Los Pol\u00edticos\",\"@id\":\"https:\\\/\\\/lospoliticosveracruz.com\\\/#\\\/schema\\\/person\\\/b8702bb0e538456e6efd07080bf2a4a2\"},\"headline\":\"Regresan con la cola entre las patas\",\"datePublished\":\"2019-01-22T14:46:09+00:00\",\"mainEntityOfPage\":{\"@id\":\"https:\\\/\\\/lospoliticosveracruz.com\\\/?p=46520\"},\"wordCount\":1113,\"commentCount\":0,\"publisher\":{\"@id\":\"https:\\\/\\\/lospoliticosveracruz.com\\\/#organization\"},\"image\":{\"@id\":\"https:\\\/\\\/lospoliticosveracruz.com\\\/?p=46520#primaryimage\"},\"thumbnailUrl\":\"https:\\\/\\\/lospoliticosveracruz.com\\\/wp-content\\\/uploads\\\/2019\\\/01\\\/Cuic.jpeg\",\"keywords\":[\"Ana Miriam Ferr\u00e1ez\",\"C\u00e9sar Ya\u00f1ez\",\"Cuitl\u00e1huac Garc\u00eda Jim\u00e9nez\",\"Eric Cisneros Burgos\",\"Espa\u00f1a\",\"Madrid\",\"Veracruz\",\"X\u00f3chitl Arbes\u00fa Lago\"],\"articleSection\":[\"De Opini\u00f3n\"],\"inLanguage\":\"es\",\"potentialAction\":[{\"@type\":\"CommentAction\",\"name\":\"Comment\",\"target\":[\"https:\\\/\\\/lospoliticosveracruz.com\\\/?p=46520#respond\"]}]},{\"@type\":\"WebPage\",\"@id\":\"https:\\\/\\\/lospoliticosveracruz.com\\\/?p=46520\",\"url\":\"https:\\\/\\\/lospoliticosveracruz.com\\\/?p=46520\",\"name\":\"Regresan con la cola entre las patas - Los pol\u00edticos Veracruz\",\"isPartOf\":{\"@id\":\"https:\\\/\\\/lospoliticosveracruz.com\\\/#website\"},\"primaryImageOfPage\":{\"@id\":\"https:\\\/\\\/lospoliticosveracruz.com\\\/?p=46520#primaryimage\"},\"image\":{\"@id\":\"https:\\\/\\\/lospoliticosveracruz.com\\\/?p=46520#primaryimage\"},\"thumbnailUrl\":\"https:\\\/\\\/lospoliticosveracruz.com\\\/wp-content\\\/uploads\\\/2019\\\/01\\\/Cuic.jpeg\",\"datePublished\":\"2019-01-22T14:46:09+00:00\",\"breadcrumb\":{\"@id\":\"https:\\\/\\\/lospoliticosveracruz.com\\\/?p=46520#breadcrumb\"},\"inLanguage\":\"es\",\"potentialAction\":[{\"@type\":\"ReadAction\",\"target\":[\"https:\\\/\\\/lospoliticosveracruz.com\\\/?p=46520\"]}]},{\"@type\":\"ImageObject\",\"inLanguage\":\"es\",\"@id\":\"https:\\\/\\\/lospoliticosveracruz.com\\\/?p=46520#primaryimage\",\"url\":\"https:\\\/\\\/lospoliticosveracruz.com\\\/wp-content\\\/uploads\\\/2019\\\/01\\\/Cuic.jpeg\",\"contentUrl\":\"https:\\\/\\\/lospoliticosveracruz.com\\\/wp-content\\\/uploads\\\/2019\\\/01\\\/Cuic.jpeg\",\"width\":600,\"height\":493},{\"@type\":\"BreadcrumbList\",\"@id\":\"https:\\\/\\\/lospoliticosveracruz.com\\\/?p=46520#breadcrumb\",\"itemListElement\":[{\"@type\":\"ListItem\",\"position\":1,\"name\":\"Portada\",\"item\":\"https:\\\/\\\/lospoliticosveracruz.com\\\/\"},{\"@type\":\"ListItem\",\"position\":2,\"name\":\"Regresan con la cola entre las patas\"}]},{\"@type\":\"WebSite\",\"@id\":\"https:\\\/\\\/lospoliticosveracruz.com\\\/#website\",\"url\":\"https:\\\/\\\/lospoliticosveracruz.com\\\/\",\"name\":\"Los pol\u00edticos Veracruz\",\"description\":\"\",\"publisher\":{\"@id\":\"https:\\\/\\\/lospoliticosveracruz.com\\\/#organization\"},\"potentialAction\":[{\"@type\":\"SearchAction\",\"target\":{\"@type\":\"EntryPoint\",\"urlTemplate\":\"https:\\\/\\\/lospoliticosveracruz.com\\\/?s={search_term_string}\"},\"query-input\":{\"@type\":\"PropertyValueSpecification\",\"valueRequired\":true,\"valueName\":\"search_term_string\"}}],\"inLanguage\":\"es\"},{\"@type\":\"Organization\",\"@id\":\"https:\\\/\\\/lospoliticosveracruz.com\\\/#organization\",\"name\":\"Los pol\u00edticos Veracruz\",\"url\":\"https:\\\/\\\/lospoliticosveracruz.com\\\/\",\"logo\":{\"@type\":\"ImageObject\",\"inLanguage\":\"es\",\"@id\":\"https:\\\/\\\/lospoliticosveracruz.com\\\/#\\\/schema\\\/logo\\\/image\\\/\",\"url\":\"https:\\\/\\\/lospoliticosveracruz.com\\\/wp-content\\\/uploads\\\/2025\\\/12\\\/Logo-Nuevo-LOS-POLITICOS-1.jpg\",\"contentUrl\":\"https:\\\/\\\/lospoliticosveracruz.com\\\/wp-content\\\/uploads\\\/2025\\\/12\\\/Logo-Nuevo-LOS-POLITICOS-1.jpg\",\"width\":260,\"height\":70,\"caption\":\"Los pol\u00edticos Veracruz\"},\"image\":{\"@id\":\"https:\\\/\\\/lospoliticosveracruz.com\\\/#\\\/schema\\\/logo\\\/image\\\/\"},\"sameAs\":[\"https:\\\/\\\/www.facebook.com\\\/people\\\/Notimemes-de-los-Polticos\\\/61565672886568\\\/\",\"https:\\\/\\\/x.com\\\/LosPoliticosVer\"]},{\"@type\":\"Person\",\"@id\":\"https:\\\/\\\/lospoliticosveracruz.com\\\/#\\\/schema\\\/person\\\/b8702bb0e538456e6efd07080bf2a4a2\",\"name\":\"Lo viste en Los Pol\u00edticos\",\"image\":{\"@type\":\"ImageObject\",\"inLanguage\":\"es\",\"@id\":\"https:\\\/\\\/secure.gravatar.com\\\/avatar\\\/3a8de04a2656d44082be478bd6c086daa447c4651605818287b9532d3d0bd435?s=96&d=mm&r=g\",\"url\":\"https:\\\/\\\/secure.gravatar.com\\\/avatar\\\/3a8de04a2656d44082be478bd6c086daa447c4651605818287b9532d3d0bd435?s=96&d=mm&r=g\",\"contentUrl\":\"https:\\\/\\\/secure.gravatar.com\\\/avatar\\\/3a8de04a2656d44082be478bd6c086daa447c4651605818287b9532d3d0bd435?s=96&d=mm&r=g\",\"caption\":\"Lo viste en Los Pol\u00edticos\"},\"url\":\"https:\\\/\\\/lospoliticosveracruz.com\\\/?author=2\"}]}<\/script>\n<!-- \/ Yoast SEO plugin. -->","yoast_head_json":{"title":"Regresan con la cola entre las patas - Los pol\u00edticos Veracruz","robots":{"index":"index","follow":"follow","max-snippet":"max-snippet:-1","max-image-preview":"max-image-preview:large","max-video-preview":"max-video-preview:-1"},"canonical":"https:\/\/lospoliticosveracruz.com\/?p=46520","og_locale":"es_ES","og_type":"article","og_title":"Regresan con la cola entre las patas - Los pol\u00edticos Veracruz","og_description":"Ricardo Ch\u00faa Sale y Vale SECRETARIA \u00abFIF\u00cd\u00bb&#8230; Los funcionarios estatales ven la \u00abtempestad\u00bb y no se hincan&#8230; En pocas palabras&#8230; Les vale, no sabemos si madres o no&#8230; Pero resulta que la titular de Turismo en Veracruz, X\u00f3chitl Arbes\u00fa Lago anda viajando en \u00abgira de trabajo promocionando el Estado\u00bb en la FITUR de Madrid, Espa\u00f1a&#8230; [&hellip;]","og_url":"https:\/\/lospoliticosveracruz.com\/?p=46520","og_site_name":"Los pol\u00edticos Veracruz","article_publisher":"https:\/\/www.facebook.com\/people\/Notimemes-de-los-Polticos\/61565672886568\/","article_published_time":"2019-01-22T14:46:09+00:00","og_image":[{"width":600,"height":493,"url":"https:\/\/lospoliticosveracruz.com\/wp-content\/uploads\/2019\/01\/Cuic.jpeg","type":"image\/jpeg"}],"author":"Lo viste en Los Pol\u00edticos","twitter_card":"summary_large_image","twitter_creator":"@LosPoliticosVer","twitter_site":"@LosPoliticosVer","twitter_misc":{"Escrito por":"Lo viste en Los Pol\u00edticos","Tiempo de lectura":"6 minutos"},"schema":{"@context":"https:\/\/schema.org","@graph":[{"@type":"Article","@id":"https:\/\/lospoliticosveracruz.com\/?p=46520#article","isPartOf":{"@id":"https:\/\/lospoliticosveracruz.com\/?p=46520"},"author":{"name":"Lo viste en Los Pol\u00edticos","@id":"https:\/\/lospoliticosveracruz.com\/#\/schema\/person\/b8702bb0e538456e6efd07080bf2a4a2"},"headline":"Regresan con la cola entre las patas","datePublished":"2019-01-22T14:46:09+00:00","mainEntityOfPage":{"@id":"https:\/\/lospoliticosveracruz.com\/?p=46520"},"wordCount":1113,"commentCount":0,"publisher":{"@id":"https:\/\/lospoliticosveracruz.com\/#organization"},"image":{"@id":"https:\/\/lospoliticosveracruz.com\/?p=46520#primaryimage"},"thumbnailUrl":"https:\/\/lospoliticosveracruz.com\/wp-content\/uploads\/2019\/01\/Cuic.jpeg","keywords":["Ana Miriam Ferr\u00e1ez","C\u00e9sar Ya\u00f1ez","Cuitl\u00e1huac Garc\u00eda Jim\u00e9nez","Eric Cisneros Burgos","Espa\u00f1a","Madrid","Veracruz","X\u00f3chitl Arbes\u00fa Lago"],"articleSection":["De Opini\u00f3n"],"inLanguage":"es","potentialAction":[{"@type":"CommentAction","name":"Comment","target":["https:\/\/lospoliticosveracruz.com\/?p=46520#respond"]}]},{"@type":"WebPage","@id":"https:\/\/lospoliticosveracruz.com\/?p=46520","url":"https:\/\/lospoliticosveracruz.com\/?p=46520","name":"Regresan con la cola entre las patas - Los pol\u00edticos Veracruz","isPartOf":{"@id":"https:\/\/lospoliticosveracruz.com\/#website"},"primaryImageOfPage":{"@id":"https:\/\/lospoliticosveracruz.com\/?p=46520#primaryimage"},"image":{"@id":"https:\/\/lospoliticosveracruz.com\/?p=46520#primaryimage"},"thumbnailUrl":"https:\/\/lospoliticosveracruz.com\/wp-content\/uploads\/2019\/01\/Cuic.jpeg","datePublished":"2019-01-22T14:46:09+00:00","breadcrumb":{"@id":"https:\/\/lospoliticosveracruz.com\/?p=46520#breadcrumb"},"inLanguage":"es","potentialAction":[{"@type":"ReadAction","target":["https:\/\/lospoliticosveracruz.com\/?p=46520"]}]},{"@type":"ImageObject","inLanguage":"es","@id":"https:\/\/lospoliticosveracruz.com\/?p=46520#primaryimage","url":"https:\/\/lospoliticosveracruz.com\/wp-content\/uploads\/2019\/01\/Cuic.jpeg","contentUrl":"https:\/\/lospoliticosveracruz.com\/wp-content\/uploads\/2019\/01\/Cuic.jpeg","width":600,"height":493},{"@type":"BreadcrumbList","@id":"https:\/\/lospoliticosveracruz.com\/?p=46520#breadcrumb","itemListElement":[{"@type":"ListItem","position":1,"name":"Portada","item":"https:\/\/lospoliticosveracruz.com\/"},{"@type":"ListItem","position":2,"name":"Regresan con la cola entre las patas"}]},{"@type":"WebSite","@id":"https:\/\/lospoliticosveracruz.com\/#website","url":"https:\/\/lospoliticosveracruz.com\/","name":"Los pol\u00edticos Veracruz","description":"","publisher":{"@id":"https:\/\/lospoliticosveracruz.com\/#organization"},"potentialAction":[{"@type":"SearchAction","target":{"@type":"EntryPoint","urlTemplate":"https:\/\/lospoliticosveracruz.com\/?s={search_term_string}"},"query-input":{"@type":"PropertyValueSpecification","valueRequired":true,"valueName":"search_term_string"}}],"inLanguage":"es"},{"@type":"Organization","@id":"https:\/\/lospoliticosveracruz.com\/#organization","name":"Los pol\u00edticos Veracruz","url":"https:\/\/lospoliticosveracruz.com\/","logo":{"@type":"ImageObject","inLanguage":"es","@id":"https:\/\/lospoliticosveracruz.com\/#\/schema\/logo\/image\/","url":"https:\/\/lospoliticosveracruz.com\/wp-content\/uploads\/2025\/12\/Logo-Nuevo-LOS-POLITICOS-1.jpg","contentUrl":"https:\/\/lospoliticosveracruz.com\/wp-content\/uploads\/2025\/12\/Logo-Nuevo-LOS-POLITICOS-1.jpg","width":260,"height":70,"caption":"Los pol\u00edticos Veracruz"},"image":{"@id":"https:\/\/lospoliticosveracruz.com\/#\/schema\/logo\/image\/"},"sameAs":["https:\/\/www.facebook.com\/people\/Notimemes-de-los-Polticos\/61565672886568\/","https:\/\/x.com\/LosPoliticosVer"]},{"@type":"Person","@id":"https:\/\/lospoliticosveracruz.com\/#\/schema\/person\/b8702bb0e538456e6efd07080bf2a4a2","name":"Lo viste en Los Pol\u00edticos","image":{"@type":"ImageObject","inLanguage":"es","@id":"https:\/\/secure.gravatar.com\/avatar\/3a8de04a2656d44082be478bd6c086daa447c4651605818287b9532d3d0bd435?s=96&d=mm&r=g","url":"https:\/\/secure.gravatar.com\/avatar\/3a8de04a2656d44082be478bd6c086daa447c4651605818287b9532d3d0bd435?s=96&d=mm&r=g","contentUrl":"https:\/\/secure.gravatar.com\/avatar\/3a8de04a2656d44082be478bd6c086daa447c4651605818287b9532d3d0bd435?s=96&d=mm&r=g","caption":"Lo viste en Los Pol\u00edticos"},"url":"https:\/\/lospoliticosveracruz.com\/?author=2"}]}},"_links":{"self":[{"href":"https:\/\/lospoliticosveracruz.com\/index.php?rest_route=\/wp\/v2\/posts\/46520","targetHints":{"allow":["GET"]}}],"collection":[{"href":"https:\/\/lospoliticosveracruz.com\/index.php?rest_route=\/wp\/v2\/posts"}],"about":[{"href":"https:\/\/lospoliticosveracruz.com\/index.php?rest_route=\/wp\/v2\/types\/post"}],"author":[{"embeddable":true,"href":"https:\/\/lospoliticosveracruz.com\/index.php?rest_route=\/wp\/v2\/users\/2"}],"replies":[{"embeddable":true,"href":"https:\/\/lospoliticosveracruz.com\/index.php?rest_route=%2Fwp%2Fv2%2Fcomments&post=46520"}],"version-history":[{"count":1,"href":"https:\/\/lospoliticosveracruz.com\/index.php?rest_route=\/wp\/v2\/posts\/46520\/revisions"}],"predecessor-version":[{"id":46522,"href":"https:\/\/lospoliticosveracruz.com\/index.php?rest_route=\/wp\/v2\/posts\/46520\/revisions\/46522"}],"wp:featuredmedia":[{"embeddable":true,"href":"https:\/\/lospoliticosveracruz.com\/index.php?rest_route=\/wp\/v2\/media\/46521"}],"wp:attachment":[{"href":"https:\/\/lospoliticosveracruz.com\/index.php?rest_route=%2Fwp%2Fv2%2Fmedia&parent=46520"}],"wp:term":[{"taxonomy":"category","embeddable":true,"href":"https:\/\/lospoliticosveracruz.com\/index.php?rest_route=%2Fwp%2Fv2%2Fcategories&post=46520"},{"taxonomy":"post_tag","embeddable":true,"href":"https:\/\/lospoliticosveracruz.com\/index.php?rest_route=%2Fwp%2Fv2%2Ftags&post=46520"}],"curies":[{"name":"wp","href":"https:\/\/api.w.org\/{rel}","templated":true}]}}