{"id":46523,"date":"2019-01-22T21:23:40","date_gmt":"2019-01-23T03:23:40","guid":{"rendered":"http:\/\/www.lospoliticosveracruz.com.mx\/?p=46523"},"modified":"2019-01-22T21:23:40","modified_gmt":"2019-01-23T03:23:40","slug":"cisneros-y-villalpando","status":"publish","type":"post","link":"https:\/\/lospoliticosveracruz.com\/?p=46523","title":{"rendered":"Cisneros y Villalpando"},"content":{"rendered":"<p><strong>Salvador Mu\u00f1oz<\/strong><\/p>\n<p><em>Los Pol\u00edticos<\/em><\/p>\n<p><span style=\"font-weight: 400;\">All\u00e1 por abril del a\u00f1o pasado, tuve oportunidad de platicar con Rafael Hern\u00e1ndez Villalpando\u2026 a\u00f1os ten\u00eda que no lo ve\u00eda\u2026 y ahora tampoco\u2026 no, no es un reclamo, m\u00e1s bien es el reflejo de lo que ocurre en una bancada atiborrada de mayor\u00eda en San L\u00e1zaro, donde dif\u00edcilmente puedes destacar o peor a\u00fan, que te den la oportunidad de hacerlo\u2026 en lo particular, creo que un personaje como Villalpando, como es m\u00e1s com\u00fan que se le conozca, est\u00e1 desperdiciado en la C\u00e1mara Baja.<\/span><\/p>\n<p><span style=\"font-weight: 400;\">\u00bfHan visto las fotos del Gabinete de Andr\u00e9s Manuel L\u00f3pez Obrador? A veces se ven cansados y uno pudiera pensar que es propio de la edad de la mayor\u00eda de sus integrantes, pero el mismo Hern\u00e1ndez Villalpando es la ant\u00edtesis perfecta a esta suposici\u00f3n\u2026 bueno, al menos en aquel abril que lo vi, manten\u00eda una enjundia que no le cre\u00ed cuando me dio su edad: \u00a170 a\u00f1os! Eso s\u00ed, claro que se sienten \u201cpero trato de mantenerme en forma\u201d, me dijo el entonces candidato de Morena a diputado federal por Xalapa, distrito X.<\/span><\/p>\n<p><span style=\"font-weight: 400;\">Unos datos m\u00e1s que me platic\u00f3 aquella vez: adem\u00e1s de cuidar su alimentaci\u00f3n, me presumi\u00f3 buena su salud mental y lo mejor, \u201cme despoj\u00e9 de resentimientos y odios que hacen da\u00f1o\u201d. Y es cierto, al menos en lo que se refiere a la salud mental\u2026 le avent\u00e9 dos o tres \u201cbuscapi\u00e9s\u201d en mis preguntas, y las cach\u00f3 entre carcajadas.<\/span><\/p>\n<p><span style=\"font-weight: 400;\">Bajo el riesgo de ser un nost\u00e1lgico por el pasado, pero igual obligado por las circunstancias presentes, expongo el porqu\u00e9 traigo a tema a Rafael Hern\u00e1ndez Villalpando\u2026 percibo un vac\u00edo de poder en el Gobierno del Estado\u2026 \u00a1Hey, hey, hey! \u00a1Serenos morenos! No se trata de joder\u2026 sino de ser positivos. Les pongo el ejemplo:<\/span><\/p>\n<p><span style=\"font-weight: 400;\">De seguro muchos han de recordar la foto que este lunes Cuitl\u00e1huac Garc\u00eda Jim\u00e9nez subi\u00f3 a sus redes, donde estaba acompa\u00f1ado por el titular de Parques y Jardines as\u00ed como Supervisor de Obras, Eric Cisneros Burgos y el diputado Juan Javier G\u00f3mez Cazar\u00edn. Esta observaci\u00f3n ya la he hecho en anteriores ocasiones: \u00a1Qu\u00e9 pitos tiene que estar tocando el N\u00famero 2 de Gobierno del Estado a donde va Cuitl\u00e1huac Garc\u00eda Jim\u00e9nez!<\/span><\/p>\n<p><span style=\"font-weight: 400;\">Y es que si no se han dado cuenta, parecen personajes de televisi\u00f3n o pel\u00edcula porque siempre andan juntos: El Gordo y el Flaco, Pinky y Cerebro, Shrek y Burro, Tint\u00e1n y su carnal Marcelo, Manol\u00edn y Shilinsky y los que usted quiera agregar.<\/span><\/p>\n<p><span style=\"font-weight: 400;\">A lo mejor a don Eric no le cae el 20 del papel tan preponderante que pudiera jugar si en verdad asumiera su papel de 2\u2026 la estabilidad de Veracruz (se supone) descansa sobre sus hombros. Ojal\u00e1 que dejara solo a Cuitl\u00e1huac inaugurando foros, callecitas, repavimentados, cortes de list\u00f3n, y cositas as\u00ed como las que viene haciendo a lo largo de m\u00e1s de 45 d\u00edas\u2026 pero no\u2026 \u00a1ah\u00ed tiene que estar detr\u00e1s de \u00e9l!<\/span><\/p>\n<p><span style=\"font-weight: 400;\">Es evidente que Cisneros Burgos est\u00e1 lejos de ser lo que vendi\u00f3 cuando lleg\u00f3 o regres\u00f3 a Veracruz\u2026 el Estado no est\u00e1 para experimentos y si bien, Cuitl\u00e1huac Garc\u00eda no est\u00e1 obligado a ser un pol\u00edtico con bagaje pesado, es el 2 quien deber\u00eda cargar a cuestas \u00e9ste. Por eso traigo a colaci\u00f3n a Rafael Hern\u00e1ndez Villalpando, no en detrimento de Cisneros Burgos, mucho menos de Cuitl\u00e1huac Garc\u00eda, sino a favor de Veracruz, porque urge de orden, de pol\u00edtica, de di\u00e1logo y el bigot\u00f3n bien podr\u00eda ser ese elemento que le hace falta a Cuitl\u00e1huac si de verdad quiere o pretende hacer un buen gobierno, porque las buenas intenciones no bastan, ni las de \u00e9l ni las de Cisneros Burgos, que m\u00e1s que parecer 2, parece 8\u2026 bola 8.<\/span><\/p>\n<p>&nbsp;<\/p>\n<p><span style=\"font-weight: 400;\">smcainito@gmail.com<\/span><\/p>\n<p>&nbsp;<\/p>\n","protected":false},"excerpt":{"rendered":"<p>Salvador Mu\u00f1oz Los Pol\u00edticos All\u00e1 por abril del a\u00f1o pasado, tuve oportunidad de platicar con Rafael Hern\u00e1ndez Villalpando\u2026 a\u00f1os ten\u00eda que no lo ve\u00eda\u2026 y ahora tampoco\u2026 no, no es un reclamo, m\u00e1s bien es el reflejo de lo que ocurre en una bancada atiborrada de mayor\u00eda en San L\u00e1zaro, donde dif\u00edcilmente puedes destacar o [&hellip;]<\/p>\n","protected":false},"author":2,"featured_media":46524,"comment_status":"open","ping_status":"open","sticky":false,"template":"","format":"standard","meta":{"tdm_status":"","tdm_grid_status":"","footnotes":""},"categories":[70],"tags":[618,1563,12299,12695,11992,3270],"class_list":{"0":"post-46523","1":"post","2":"type-post","3":"status-publish","4":"format-standard","5":"has-post-thumbnail","7":"category-de-opinion","8":"tag-andres-manuel-lopez-obrador","9":"tag-cuitlahuac-garcia-jimenez","10":"tag-eric-cisneros-burgos","11":"tag-juan-javier-gomez-cazarin","12":"tag-rafael-hernandez-villalpando","13":"tag-san-lazaro"},"yoast_head":"<!-- This site is optimized with the Yoast SEO plugin v27.4 - https:\/\/yoast.com\/product\/yoast-seo-wordpress\/ -->\n<title>Cisneros y Villalpando - Los pol\u00edticos Veracruz<\/title>\n<meta name=\"robots\" content=\"index, follow, max-snippet:-1, max-image-preview:large, max-video-preview:-1\" \/>\n<link rel=\"canonical\" href=\"https:\/\/lospoliticosveracruz.com\/?p=46523\" \/>\n<meta property=\"og:locale\" content=\"es_ES\" \/>\n<meta property=\"og:type\" content=\"article\" \/>\n<meta property=\"og:title\" content=\"Cisneros y Villalpando - Los pol\u00edticos Veracruz\" \/>\n<meta property=\"og:description\" content=\"Salvador Mu\u00f1oz Los Pol\u00edticos All\u00e1 por abril del a\u00f1o pasado, tuve oportunidad de platicar con Rafael Hern\u00e1ndez Villalpando\u2026 a\u00f1os ten\u00eda que no lo ve\u00eda\u2026 y ahora tampoco\u2026 no, no es un reclamo, m\u00e1s bien es el reflejo de lo que ocurre en una bancada atiborrada de mayor\u00eda en San L\u00e1zaro, donde dif\u00edcilmente puedes destacar o [&hellip;]\" \/>\n<meta property=\"og:url\" content=\"https:\/\/lospoliticosveracruz.com\/?p=46523\" \/>\n<meta property=\"og:site_name\" content=\"Los pol\u00edticos Veracruz\" \/>\n<meta property=\"article:publisher\" content=\"https:\/\/www.facebook.com\/people\/Notimemes-de-los-Polticos\/61565672886568\/\" \/>\n<meta property=\"article:published_time\" content=\"2019-01-23T03:23:40+00:00\" \/>\n<meta property=\"og:image\" content=\"https:\/\/lospoliticosveracruz.com\/wp-content\/uploads\/2019\/01\/Villalpando.jpg\" \/>\n\t<meta property=\"og:image:width\" content=\"600\" \/>\n\t<meta property=\"og:image:height\" content=\"375\" \/>\n\t<meta property=\"og:image:type\" content=\"image\/jpeg\" \/>\n<meta name=\"author\" content=\"Lo viste en Los Pol\u00edticos\" \/>\n<meta name=\"twitter:card\" content=\"summary_large_image\" \/>\n<meta name=\"twitter:creator\" content=\"@LosPoliticosVer\" \/>\n<meta name=\"twitter:site\" content=\"@LosPoliticosVer\" \/>\n<meta name=\"twitter:label1\" content=\"Escrito por\" \/>\n\t<meta name=\"twitter:data1\" content=\"Lo viste en Los Pol\u00edticos\" \/>\n\t<meta name=\"twitter:label2\" content=\"Tiempo de lectura\" \/>\n\t<meta name=\"twitter:data2\" content=\"3 minutos\" \/>\n<script type=\"application\/ld+json\" class=\"yoast-schema-graph\">{\"@context\":\"https:\\\/\\\/schema.org\",\"@graph\":[{\"@type\":\"Article\",\"@id\":\"https:\\\/\\\/lospoliticosveracruz.com\\\/?p=46523#article\",\"isPartOf\":{\"@id\":\"https:\\\/\\\/lospoliticosveracruz.com\\\/?p=46523\"},\"author\":{\"name\":\"Lo viste en Los Pol\u00edticos\",\"@id\":\"https:\\\/\\\/lospoliticosveracruz.com\\\/#\\\/schema\\\/person\\\/b8702bb0e538456e6efd07080bf2a4a2\"},\"headline\":\"Cisneros y Villalpando\",\"datePublished\":\"2019-01-23T03:23:40+00:00\",\"mainEntityOfPage\":{\"@id\":\"https:\\\/\\\/lospoliticosveracruz.com\\\/?p=46523\"},\"wordCount\":676,\"commentCount\":0,\"publisher\":{\"@id\":\"https:\\\/\\\/lospoliticosveracruz.com\\\/#organization\"},\"image\":{\"@id\":\"https:\\\/\\\/lospoliticosveracruz.com\\\/?p=46523#primaryimage\"},\"thumbnailUrl\":\"https:\\\/\\\/lospoliticosveracruz.com\\\/wp-content\\\/uploads\\\/2019\\\/01\\\/Villalpando.jpg\",\"keywords\":[\"Andr\u00e9s Manuel L\u00f3pez Obrador\",\"Cuitl\u00e1huac Garc\u00eda Jim\u00e9nez\",\"Eric Cisneros Burgos\",\"Juan Javier G\u00f3mez Cazar\u00edn\",\"Rafael Hern\u00e1ndez Villalpando\",\"San L\u00e1zaro\"],\"articleSection\":[\"De Opini\u00f3n\"],\"inLanguage\":\"es\",\"potentialAction\":[{\"@type\":\"CommentAction\",\"name\":\"Comment\",\"target\":[\"https:\\\/\\\/lospoliticosveracruz.com\\\/?p=46523#respond\"]}]},{\"@type\":\"WebPage\",\"@id\":\"https:\\\/\\\/lospoliticosveracruz.com\\\/?p=46523\",\"url\":\"https:\\\/\\\/lospoliticosveracruz.com\\\/?p=46523\",\"name\":\"Cisneros y Villalpando - Los pol\u00edticos Veracruz\",\"isPartOf\":{\"@id\":\"https:\\\/\\\/lospoliticosveracruz.com\\\/#website\"},\"primaryImageOfPage\":{\"@id\":\"https:\\\/\\\/lospoliticosveracruz.com\\\/?p=46523#primaryimage\"},\"image\":{\"@id\":\"https:\\\/\\\/lospoliticosveracruz.com\\\/?p=46523#primaryimage\"},\"thumbnailUrl\":\"https:\\\/\\\/lospoliticosveracruz.com\\\/wp-content\\\/uploads\\\/2019\\\/01\\\/Villalpando.jpg\",\"datePublished\":\"2019-01-23T03:23:40+00:00\",\"breadcrumb\":{\"@id\":\"https:\\\/\\\/lospoliticosveracruz.com\\\/?p=46523#breadcrumb\"},\"inLanguage\":\"es\",\"potentialAction\":[{\"@type\":\"ReadAction\",\"target\":[\"https:\\\/\\\/lospoliticosveracruz.com\\\/?p=46523\"]}]},{\"@type\":\"ImageObject\",\"inLanguage\":\"es\",\"@id\":\"https:\\\/\\\/lospoliticosveracruz.com\\\/?p=46523#primaryimage\",\"url\":\"https:\\\/\\\/lospoliticosveracruz.com\\\/wp-content\\\/uploads\\\/2019\\\/01\\\/Villalpando.jpg\",\"contentUrl\":\"https:\\\/\\\/lospoliticosveracruz.com\\\/wp-content\\\/uploads\\\/2019\\\/01\\\/Villalpando.jpg\",\"width\":600,\"height\":375},{\"@type\":\"BreadcrumbList\",\"@id\":\"https:\\\/\\\/lospoliticosveracruz.com\\\/?p=46523#breadcrumb\",\"itemListElement\":[{\"@type\":\"ListItem\",\"position\":1,\"name\":\"Portada\",\"item\":\"https:\\\/\\\/lospoliticosveracruz.com\\\/\"},{\"@type\":\"ListItem\",\"position\":2,\"name\":\"Cisneros y Villalpando\"}]},{\"@type\":\"WebSite\",\"@id\":\"https:\\\/\\\/lospoliticosveracruz.com\\\/#website\",\"url\":\"https:\\\/\\\/lospoliticosveracruz.com\\\/\",\"name\":\"Los pol\u00edticos Veracruz\",\"description\":\"\",\"publisher\":{\"@id\":\"https:\\\/\\\/lospoliticosveracruz.com\\\/#organization\"},\"potentialAction\":[{\"@type\":\"SearchAction\",\"target\":{\"@type\":\"EntryPoint\",\"urlTemplate\":\"https:\\\/\\\/lospoliticosveracruz.com\\\/?s={search_term_string}\"},\"query-input\":{\"@type\":\"PropertyValueSpecification\",\"valueRequired\":true,\"valueName\":\"search_term_string\"}}],\"inLanguage\":\"es\"},{\"@type\":\"Organization\",\"@id\":\"https:\\\/\\\/lospoliticosveracruz.com\\\/#organization\",\"name\":\"Los pol\u00edticos Veracruz\",\"url\":\"https:\\\/\\\/lospoliticosveracruz.com\\\/\",\"logo\":{\"@type\":\"ImageObject\",\"inLanguage\":\"es\",\"@id\":\"https:\\\/\\\/lospoliticosveracruz.com\\\/#\\\/schema\\\/logo\\\/image\\\/\",\"url\":\"https:\\\/\\\/lospoliticosveracruz.com\\\/wp-content\\\/uploads\\\/2025\\\/12\\\/Logo-Nuevo-LOS-POLITICOS-1.jpg\",\"contentUrl\":\"https:\\\/\\\/lospoliticosveracruz.com\\\/wp-content\\\/uploads\\\/2025\\\/12\\\/Logo-Nuevo-LOS-POLITICOS-1.jpg\",\"width\":260,\"height\":70,\"caption\":\"Los pol\u00edticos Veracruz\"},\"image\":{\"@id\":\"https:\\\/\\\/lospoliticosveracruz.com\\\/#\\\/schema\\\/logo\\\/image\\\/\"},\"sameAs\":[\"https:\\\/\\\/www.facebook.com\\\/people\\\/Notimemes-de-los-Polticos\\\/61565672886568\\\/\",\"https:\\\/\\\/x.com\\\/LosPoliticosVer\"]},{\"@type\":\"Person\",\"@id\":\"https:\\\/\\\/lospoliticosveracruz.com\\\/#\\\/schema\\\/person\\\/b8702bb0e538456e6efd07080bf2a4a2\",\"name\":\"Lo viste en Los Pol\u00edticos\",\"image\":{\"@type\":\"ImageObject\",\"inLanguage\":\"es\",\"@id\":\"https:\\\/\\\/secure.gravatar.com\\\/avatar\\\/3a8de04a2656d44082be478bd6c086daa447c4651605818287b9532d3d0bd435?s=96&d=mm&r=g\",\"url\":\"https:\\\/\\\/secure.gravatar.com\\\/avatar\\\/3a8de04a2656d44082be478bd6c086daa447c4651605818287b9532d3d0bd435?s=96&d=mm&r=g\",\"contentUrl\":\"https:\\\/\\\/secure.gravatar.com\\\/avatar\\\/3a8de04a2656d44082be478bd6c086daa447c4651605818287b9532d3d0bd435?s=96&d=mm&r=g\",\"caption\":\"Lo viste en Los Pol\u00edticos\"},\"url\":\"https:\\\/\\\/lospoliticosveracruz.com\\\/?author=2\"}]}<\/script>\n<!-- \/ Yoast SEO plugin. -->","yoast_head_json":{"title":"Cisneros y Villalpando - Los pol\u00edticos Veracruz","robots":{"index":"index","follow":"follow","max-snippet":"max-snippet:-1","max-image-preview":"max-image-preview:large","max-video-preview":"max-video-preview:-1"},"canonical":"https:\/\/lospoliticosveracruz.com\/?p=46523","og_locale":"es_ES","og_type":"article","og_title":"Cisneros y Villalpando - Los pol\u00edticos Veracruz","og_description":"Salvador Mu\u00f1oz Los Pol\u00edticos All\u00e1 por abril del a\u00f1o pasado, tuve oportunidad de platicar con Rafael Hern\u00e1ndez Villalpando\u2026 a\u00f1os ten\u00eda que no lo ve\u00eda\u2026 y ahora tampoco\u2026 no, no es un reclamo, m\u00e1s bien es el reflejo de lo que ocurre en una bancada atiborrada de mayor\u00eda en San L\u00e1zaro, donde dif\u00edcilmente puedes destacar o [&hellip;]","og_url":"https:\/\/lospoliticosveracruz.com\/?p=46523","og_site_name":"Los pol\u00edticos Veracruz","article_publisher":"https:\/\/www.facebook.com\/people\/Notimemes-de-los-Polticos\/61565672886568\/","article_published_time":"2019-01-23T03:23:40+00:00","og_image":[{"width":600,"height":375,"url":"https:\/\/lospoliticosveracruz.com\/wp-content\/uploads\/2019\/01\/Villalpando.jpg","type":"image\/jpeg"}],"author":"Lo viste en Los Pol\u00edticos","twitter_card":"summary_large_image","twitter_creator":"@LosPoliticosVer","twitter_site":"@LosPoliticosVer","twitter_misc":{"Escrito por":"Lo viste en Los Pol\u00edticos","Tiempo de lectura":"3 minutos"},"schema":{"@context":"https:\/\/schema.org","@graph":[{"@type":"Article","@id":"https:\/\/lospoliticosveracruz.com\/?p=46523#article","isPartOf":{"@id":"https:\/\/lospoliticosveracruz.com\/?p=46523"},"author":{"name":"Lo viste en Los Pol\u00edticos","@id":"https:\/\/lospoliticosveracruz.com\/#\/schema\/person\/b8702bb0e538456e6efd07080bf2a4a2"},"headline":"Cisneros y Villalpando","datePublished":"2019-01-23T03:23:40+00:00","mainEntityOfPage":{"@id":"https:\/\/lospoliticosveracruz.com\/?p=46523"},"wordCount":676,"commentCount":0,"publisher":{"@id":"https:\/\/lospoliticosveracruz.com\/#organization"},"image":{"@id":"https:\/\/lospoliticosveracruz.com\/?p=46523#primaryimage"},"thumbnailUrl":"https:\/\/lospoliticosveracruz.com\/wp-content\/uploads\/2019\/01\/Villalpando.jpg","keywords":["Andr\u00e9s Manuel L\u00f3pez Obrador","Cuitl\u00e1huac Garc\u00eda Jim\u00e9nez","Eric Cisneros Burgos","Juan Javier G\u00f3mez Cazar\u00edn","Rafael Hern\u00e1ndez Villalpando","San L\u00e1zaro"],"articleSection":["De Opini\u00f3n"],"inLanguage":"es","potentialAction":[{"@type":"CommentAction","name":"Comment","target":["https:\/\/lospoliticosveracruz.com\/?p=46523#respond"]}]},{"@type":"WebPage","@id":"https:\/\/lospoliticosveracruz.com\/?p=46523","url":"https:\/\/lospoliticosveracruz.com\/?p=46523","name":"Cisneros y Villalpando - Los pol\u00edticos Veracruz","isPartOf":{"@id":"https:\/\/lospoliticosveracruz.com\/#website"},"primaryImageOfPage":{"@id":"https:\/\/lospoliticosveracruz.com\/?p=46523#primaryimage"},"image":{"@id":"https:\/\/lospoliticosveracruz.com\/?p=46523#primaryimage"},"thumbnailUrl":"https:\/\/lospoliticosveracruz.com\/wp-content\/uploads\/2019\/01\/Villalpando.jpg","datePublished":"2019-01-23T03:23:40+00:00","breadcrumb":{"@id":"https:\/\/lospoliticosveracruz.com\/?p=46523#breadcrumb"},"inLanguage":"es","potentialAction":[{"@type":"ReadAction","target":["https:\/\/lospoliticosveracruz.com\/?p=46523"]}]},{"@type":"ImageObject","inLanguage":"es","@id":"https:\/\/lospoliticosveracruz.com\/?p=46523#primaryimage","url":"https:\/\/lospoliticosveracruz.com\/wp-content\/uploads\/2019\/01\/Villalpando.jpg","contentUrl":"https:\/\/lospoliticosveracruz.com\/wp-content\/uploads\/2019\/01\/Villalpando.jpg","width":600,"height":375},{"@type":"BreadcrumbList","@id":"https:\/\/lospoliticosveracruz.com\/?p=46523#breadcrumb","itemListElement":[{"@type":"ListItem","position":1,"name":"Portada","item":"https:\/\/lospoliticosveracruz.com\/"},{"@type":"ListItem","position":2,"name":"Cisneros y Villalpando"}]},{"@type":"WebSite","@id":"https:\/\/lospoliticosveracruz.com\/#website","url":"https:\/\/lospoliticosveracruz.com\/","name":"Los pol\u00edticos Veracruz","description":"","publisher":{"@id":"https:\/\/lospoliticosveracruz.com\/#organization"},"potentialAction":[{"@type":"SearchAction","target":{"@type":"EntryPoint","urlTemplate":"https:\/\/lospoliticosveracruz.com\/?s={search_term_string}"},"query-input":{"@type":"PropertyValueSpecification","valueRequired":true,"valueName":"search_term_string"}}],"inLanguage":"es"},{"@type":"Organization","@id":"https:\/\/lospoliticosveracruz.com\/#organization","name":"Los pol\u00edticos Veracruz","url":"https:\/\/lospoliticosveracruz.com\/","logo":{"@type":"ImageObject","inLanguage":"es","@id":"https:\/\/lospoliticosveracruz.com\/#\/schema\/logo\/image\/","url":"https:\/\/lospoliticosveracruz.com\/wp-content\/uploads\/2025\/12\/Logo-Nuevo-LOS-POLITICOS-1.jpg","contentUrl":"https:\/\/lospoliticosveracruz.com\/wp-content\/uploads\/2025\/12\/Logo-Nuevo-LOS-POLITICOS-1.jpg","width":260,"height":70,"caption":"Los pol\u00edticos Veracruz"},"image":{"@id":"https:\/\/lospoliticosveracruz.com\/#\/schema\/logo\/image\/"},"sameAs":["https:\/\/www.facebook.com\/people\/Notimemes-de-los-Polticos\/61565672886568\/","https:\/\/x.com\/LosPoliticosVer"]},{"@type":"Person","@id":"https:\/\/lospoliticosveracruz.com\/#\/schema\/person\/b8702bb0e538456e6efd07080bf2a4a2","name":"Lo viste en Los Pol\u00edticos","image":{"@type":"ImageObject","inLanguage":"es","@id":"https:\/\/secure.gravatar.com\/avatar\/3a8de04a2656d44082be478bd6c086daa447c4651605818287b9532d3d0bd435?s=96&d=mm&r=g","url":"https:\/\/secure.gravatar.com\/avatar\/3a8de04a2656d44082be478bd6c086daa447c4651605818287b9532d3d0bd435?s=96&d=mm&r=g","contentUrl":"https:\/\/secure.gravatar.com\/avatar\/3a8de04a2656d44082be478bd6c086daa447c4651605818287b9532d3d0bd435?s=96&d=mm&r=g","caption":"Lo viste en Los Pol\u00edticos"},"url":"https:\/\/lospoliticosveracruz.com\/?author=2"}]}},"_links":{"self":[{"href":"https:\/\/lospoliticosveracruz.com\/index.php?rest_route=\/wp\/v2\/posts\/46523","targetHints":{"allow":["GET"]}}],"collection":[{"href":"https:\/\/lospoliticosveracruz.com\/index.php?rest_route=\/wp\/v2\/posts"}],"about":[{"href":"https:\/\/lospoliticosveracruz.com\/index.php?rest_route=\/wp\/v2\/types\/post"}],"author":[{"embeddable":true,"href":"https:\/\/lospoliticosveracruz.com\/index.php?rest_route=\/wp\/v2\/users\/2"}],"replies":[{"embeddable":true,"href":"https:\/\/lospoliticosveracruz.com\/index.php?rest_route=%2Fwp%2Fv2%2Fcomments&post=46523"}],"version-history":[{"count":1,"href":"https:\/\/lospoliticosveracruz.com\/index.php?rest_route=\/wp\/v2\/posts\/46523\/revisions"}],"predecessor-version":[{"id":46525,"href":"https:\/\/lospoliticosveracruz.com\/index.php?rest_route=\/wp\/v2\/posts\/46523\/revisions\/46525"}],"wp:featuredmedia":[{"embeddable":true,"href":"https:\/\/lospoliticosveracruz.com\/index.php?rest_route=\/wp\/v2\/media\/46524"}],"wp:attachment":[{"href":"https:\/\/lospoliticosveracruz.com\/index.php?rest_route=%2Fwp%2Fv2%2Fmedia&parent=46523"}],"wp:term":[{"taxonomy":"category","embeddable":true,"href":"https:\/\/lospoliticosveracruz.com\/index.php?rest_route=%2Fwp%2Fv2%2Fcategories&post=46523"},{"taxonomy":"post_tag","embeddable":true,"href":"https:\/\/lospoliticosveracruz.com\/index.php?rest_route=%2Fwp%2Fv2%2Ftags&post=46523"}],"curies":[{"name":"wp","href":"https:\/\/api.w.org\/{rel}","templated":true}]}}