{"id":46527,"date":"2019-01-23T08:27:23","date_gmt":"2019-01-23T14:27:23","guid":{"rendered":"http:\/\/www.lospoliticosveracruz.com.mx\/?p=46527"},"modified":"2019-01-23T08:27:23","modified_gmt":"2019-01-23T14:27:23","slug":"la-responsabilidad","status":"publish","type":"post","link":"https:\/\/lospoliticosveracruz.com\/?p=46527","title":{"rendered":"La responsabilidad"},"content":{"rendered":"<p><strong>Sheyla Fuertes Lara<\/strong><\/p>\n<p><em>Mujeres que Saben Lat\u00edn<\/em><\/p>\n<p>Por generaciones las religiones han manejado la palabra culpa para que las personas nos sintamos mal por realizar acciones que de acuerdo a sus preceptos nos dicen que no son buenas.<\/p>\n<p>Nos han metido en la cabeza que la culpa es algo malo en nuestro actuar y por cuesti\u00f3n cultural y estructural como parte de este sistema, a las mujeres nos endilgan responsabilidades que si no las cumplimos somos culpadas por sus resultados.<\/p>\n<p>Cada persona toma sus propias decisiones de acuerdo a sus responsabilidades, que sin duda tendr\u00e1n consecuencias y que cada qui\u00e9n deber\u00e1 afrontar.<\/p>\n<p>De hecho, la palabra culpa deber\u00eda desaparecer de nuestro vocabulario, porque lo \u00fanico que provoca es un sentimiento de frustraci\u00f3n cuando te dicen que algo no hiciste conforme a cada criterio, lo observamos cotidianamente en el tema de la violencia.<\/p>\n<p>Por generaciones, en el movimiento feminista diversas mujeres han trabajado para el reconocimiento de nuestros derechos humanos y una vida libre de violencia, tanto en el \u00e1mbito privado como en el p\u00fablico.<\/p>\n<p>Hay avances significativos al respecto, pero de lo que no nos hemos librarnos es de que nos \u201cechen\u201d la culpa ante los feminicidios y la violencia que a\u00fan registran muchas mujeres y ni\u00f1as.<\/p>\n<p>Si una mujer vive violencia con su pareja, lo primero que se dice: \u201cfue su culpa\u201d, \u201calgo hizo\u201d; si camina sola por la noche, la respuesta no ha cambiado: \u201cella se lo busc\u00f3, por qu\u00e9 andaba a esas horas\u201d; si eres v\u00edctima de violencia sexual, un poco peor: \u201cmira c\u00f3mo iba vestida\u201d, \u201cde seguro lo provoc\u00f3\u201d.<\/p>\n<p>Desafortunadamente, se sigue pensando que la responsabilidad de vivir violencia s\u00f3lo es de las mujeres, pero andar solas no es delito, el violentar y el matar s\u00ed lo es, y pocas personas lo ven y se manifiestan al respecto. Sobre todo, quienes se niegan a dejar sus privilegios y las ideas que tanto da\u00f1o causan para el avance de las mujeres.<\/p>\n<p>Cuando se presenta un hecho violento, no falta quien cuestione a las funcionarias que ocupan cargos en la administraci\u00f3n p\u00fablica, a aquellas que ocupan un cargo de elecci\u00f3n, a las activistas, como si s\u00f3lo de ellas fuera la responsabilidad de hacer algo en este tema tan delicado y que debe ser una prioridad su atenci\u00f3n.<\/p>\n<p>En el tema de los feminicidos y la violencia tienen que entrarle los tres \u00e1mbitos de gobierno, porque la violencia es estructural, cultural, y para que esto cambie se requieren de acciones y pol\u00edticas p\u00fablicas desde diversos frentes.<\/p>\n<p>El gobernador Cuitl\u00e1huac Garc\u00eda Jim\u00e9nez y el Fiscal del estado Jorge Winckler, tienen responsabilidad, al igual que todo el funcionariado de los tres poderes, para trabajar en una estrategia coordinada que sirva para detener los feminicidios, la violencia contra las mujeres, las desapariciones y se haga justicia. No hay que deslindar responsabilidades, en esta problem\u00e1tica deben entrarle todas las personas.<\/p>\n<p>\u00bfT\u00fa qu\u00e9 est\u00e1s haciendo?, \u00bfHablas con tus hijas e hijos respecto a la violencia?; \u00bfpropicias otro tipo de relaciones y reaprendizajes entre mujeres y hombres?; \u00bftratas con respeto a las personas con quien te relacionas?; \u00bfevitas burlarte de las mujeres?; \u00bfcompartes chistes mis\u00f3ginos e im\u00e1genes sexistas?; \u00bfen qu\u00e9 contribuyen los medios de comunicaci\u00f3n y las redes sociales?, \u00bfhacen algo al respecto?<\/p>\n<p>Por ah\u00ed tambi\u00e9n se puede accionar, para evitar responsabilizar a las mujeres de la violencia que vivimos, en una problem\u00e1tica que nos afecta y debe ocupar a todas las personas, para lograr un verdadero reaprendizaje y cambio estructural tan necesario.<\/p>\n","protected":false},"excerpt":{"rendered":"<p>Sheyla Fuertes Lara Mujeres que Saben Lat\u00edn Por generaciones las religiones han manejado la palabra culpa para que las personas nos sintamos mal por realizar acciones que de acuerdo a sus preceptos nos dicen que no son buenas. Nos han metido en la cabeza que la culpa es algo malo en nuestro actuar y por [&hellip;]<\/p>\n","protected":false},"author":2,"featured_media":46529,"comment_status":"open","ping_status":"open","sticky":false,"template":"","format":"standard","meta":{"tdm_status":"","tdm_grid_status":"","footnotes":""},"categories":[70],"tags":[1563,13630,826,6869,6150,3073],"class_list":{"0":"post-46527","1":"post","2":"type-post","3":"status-publish","4":"format-standard","5":"has-post-thumbnail","7":"category-de-opinion","8":"tag-cuitlahuac-garcia-jimenez","9":"tag-culpa","10":"tag-feminicidios","11":"tag-jorge-winckler","12":"tag-jorge-winckler-ortiz","13":"tag-mujeres-que-saben-latin"},"yoast_head":"<!-- This site is optimized with the Yoast SEO plugin v27.4 - https:\/\/yoast.com\/product\/yoast-seo-wordpress\/ -->\n<title>La responsabilidad - Los pol\u00edticos Veracruz<\/title>\n<meta name=\"robots\" content=\"index, follow, max-snippet:-1, max-image-preview:large, max-video-preview:-1\" \/>\n<link rel=\"canonical\" href=\"https:\/\/lospoliticosveracruz.com\/?p=46527\" \/>\n<meta property=\"og:locale\" content=\"es_ES\" \/>\n<meta property=\"og:type\" content=\"article\" \/>\n<meta property=\"og:title\" content=\"La responsabilidad - Los pol\u00edticos Veracruz\" \/>\n<meta property=\"og:description\" content=\"Sheyla Fuertes Lara Mujeres que Saben Lat\u00edn Por generaciones las religiones han manejado la palabra culpa para que las personas nos sintamos mal por realizar acciones que de acuerdo a sus preceptos nos dicen que no son buenas. Nos han metido en la cabeza que la culpa es algo malo en nuestro actuar y por [&hellip;]\" \/>\n<meta property=\"og:url\" content=\"https:\/\/lospoliticosveracruz.com\/?p=46527\" \/>\n<meta property=\"og:site_name\" content=\"Los pol\u00edticos Veracruz\" \/>\n<meta property=\"article:publisher\" content=\"https:\/\/www.facebook.com\/people\/Notimemes-de-los-Polticos\/61565672886568\/\" \/>\n<meta property=\"article:published_time\" content=\"2019-01-23T14:27:23+00:00\" \/>\n<meta property=\"og:image\" content=\"https:\/\/lospoliticosveracruz.com\/wp-content\/uploads\/2019\/01\/culpa-que-mata.jpg\" \/>\n\t<meta property=\"og:image:width\" content=\"600\" \/>\n\t<meta property=\"og:image:height\" content=\"417\" \/>\n\t<meta property=\"og:image:type\" content=\"image\/jpeg\" \/>\n<meta name=\"author\" content=\"Lo viste en Los Pol\u00edticos\" \/>\n<meta name=\"twitter:card\" content=\"summary_large_image\" \/>\n<meta name=\"twitter:creator\" content=\"@LosPoliticosVer\" \/>\n<meta name=\"twitter:site\" content=\"@LosPoliticosVer\" \/>\n<meta name=\"twitter:label1\" content=\"Escrito por\" \/>\n\t<meta name=\"twitter:data1\" content=\"Lo viste en Los Pol\u00edticos\" \/>\n\t<meta name=\"twitter:label2\" content=\"Tiempo de lectura\" \/>\n\t<meta name=\"twitter:data2\" content=\"3 minutos\" \/>\n<script type=\"application\/ld+json\" class=\"yoast-schema-graph\">{\"@context\":\"https:\\\/\\\/schema.org\",\"@graph\":[{\"@type\":\"Article\",\"@id\":\"https:\\\/\\\/lospoliticosveracruz.com\\\/?p=46527#article\",\"isPartOf\":{\"@id\":\"https:\\\/\\\/lospoliticosveracruz.com\\\/?p=46527\"},\"author\":{\"name\":\"Lo viste en Los Pol\u00edticos\",\"@id\":\"https:\\\/\\\/lospoliticosveracruz.com\\\/#\\\/schema\\\/person\\\/b8702bb0e538456e6efd07080bf2a4a2\"},\"headline\":\"La responsabilidad\",\"datePublished\":\"2019-01-23T14:27:23+00:00\",\"mainEntityOfPage\":{\"@id\":\"https:\\\/\\\/lospoliticosveracruz.com\\\/?p=46527\"},\"wordCount\":610,\"commentCount\":0,\"publisher\":{\"@id\":\"https:\\\/\\\/lospoliticosveracruz.com\\\/#organization\"},\"image\":{\"@id\":\"https:\\\/\\\/lospoliticosveracruz.com\\\/?p=46527#primaryimage\"},\"thumbnailUrl\":\"https:\\\/\\\/lospoliticosveracruz.com\\\/wp-content\\\/uploads\\\/2019\\\/01\\\/culpa-que-mata.jpg\",\"keywords\":[\"Cuitl\u00e1huac Garc\u00eda Jim\u00e9nez\",\"culpa\",\"feminicidios\",\"Jorge Winckler\",\"Jorge Winckler Ortiz\",\"Mujeres que Saben Lat\u00edn\"],\"articleSection\":[\"De Opini\u00f3n\"],\"inLanguage\":\"es\",\"potentialAction\":[{\"@type\":\"CommentAction\",\"name\":\"Comment\",\"target\":[\"https:\\\/\\\/lospoliticosveracruz.com\\\/?p=46527#respond\"]}]},{\"@type\":\"WebPage\",\"@id\":\"https:\\\/\\\/lospoliticosveracruz.com\\\/?p=46527\",\"url\":\"https:\\\/\\\/lospoliticosveracruz.com\\\/?p=46527\",\"name\":\"La responsabilidad - Los pol\u00edticos Veracruz\",\"isPartOf\":{\"@id\":\"https:\\\/\\\/lospoliticosveracruz.com\\\/#website\"},\"primaryImageOfPage\":{\"@id\":\"https:\\\/\\\/lospoliticosveracruz.com\\\/?p=46527#primaryimage\"},\"image\":{\"@id\":\"https:\\\/\\\/lospoliticosveracruz.com\\\/?p=46527#primaryimage\"},\"thumbnailUrl\":\"https:\\\/\\\/lospoliticosveracruz.com\\\/wp-content\\\/uploads\\\/2019\\\/01\\\/culpa-que-mata.jpg\",\"datePublished\":\"2019-01-23T14:27:23+00:00\",\"breadcrumb\":{\"@id\":\"https:\\\/\\\/lospoliticosveracruz.com\\\/?p=46527#breadcrumb\"},\"inLanguage\":\"es\",\"potentialAction\":[{\"@type\":\"ReadAction\",\"target\":[\"https:\\\/\\\/lospoliticosveracruz.com\\\/?p=46527\"]}]},{\"@type\":\"ImageObject\",\"inLanguage\":\"es\",\"@id\":\"https:\\\/\\\/lospoliticosveracruz.com\\\/?p=46527#primaryimage\",\"url\":\"https:\\\/\\\/lospoliticosveracruz.com\\\/wp-content\\\/uploads\\\/2019\\\/01\\\/culpa-que-mata.jpg\",\"contentUrl\":\"https:\\\/\\\/lospoliticosveracruz.com\\\/wp-content\\\/uploads\\\/2019\\\/01\\\/culpa-que-mata.jpg\",\"width\":600,\"height\":417},{\"@type\":\"BreadcrumbList\",\"@id\":\"https:\\\/\\\/lospoliticosveracruz.com\\\/?p=46527#breadcrumb\",\"itemListElement\":[{\"@type\":\"ListItem\",\"position\":1,\"name\":\"Portada\",\"item\":\"https:\\\/\\\/lospoliticosveracruz.com\\\/\"},{\"@type\":\"ListItem\",\"position\":2,\"name\":\"La responsabilidad\"}]},{\"@type\":\"WebSite\",\"@id\":\"https:\\\/\\\/lospoliticosveracruz.com\\\/#website\",\"url\":\"https:\\\/\\\/lospoliticosveracruz.com\\\/\",\"name\":\"Los pol\u00edticos Veracruz\",\"description\":\"\",\"publisher\":{\"@id\":\"https:\\\/\\\/lospoliticosveracruz.com\\\/#organization\"},\"potentialAction\":[{\"@type\":\"SearchAction\",\"target\":{\"@type\":\"EntryPoint\",\"urlTemplate\":\"https:\\\/\\\/lospoliticosveracruz.com\\\/?s={search_term_string}\"},\"query-input\":{\"@type\":\"PropertyValueSpecification\",\"valueRequired\":true,\"valueName\":\"search_term_string\"}}],\"inLanguage\":\"es\"},{\"@type\":\"Organization\",\"@id\":\"https:\\\/\\\/lospoliticosveracruz.com\\\/#organization\",\"name\":\"Los pol\u00edticos Veracruz\",\"url\":\"https:\\\/\\\/lospoliticosveracruz.com\\\/\",\"logo\":{\"@type\":\"ImageObject\",\"inLanguage\":\"es\",\"@id\":\"https:\\\/\\\/lospoliticosveracruz.com\\\/#\\\/schema\\\/logo\\\/image\\\/\",\"url\":\"https:\\\/\\\/lospoliticosveracruz.com\\\/wp-content\\\/uploads\\\/2025\\\/12\\\/Logo-Nuevo-LOS-POLITICOS-1.jpg\",\"contentUrl\":\"https:\\\/\\\/lospoliticosveracruz.com\\\/wp-content\\\/uploads\\\/2025\\\/12\\\/Logo-Nuevo-LOS-POLITICOS-1.jpg\",\"width\":260,\"height\":70,\"caption\":\"Los pol\u00edticos Veracruz\"},\"image\":{\"@id\":\"https:\\\/\\\/lospoliticosveracruz.com\\\/#\\\/schema\\\/logo\\\/image\\\/\"},\"sameAs\":[\"https:\\\/\\\/www.facebook.com\\\/people\\\/Notimemes-de-los-Polticos\\\/61565672886568\\\/\",\"https:\\\/\\\/x.com\\\/LosPoliticosVer\"]},{\"@type\":\"Person\",\"@id\":\"https:\\\/\\\/lospoliticosveracruz.com\\\/#\\\/schema\\\/person\\\/b8702bb0e538456e6efd07080bf2a4a2\",\"name\":\"Lo viste en Los Pol\u00edticos\",\"image\":{\"@type\":\"ImageObject\",\"inLanguage\":\"es\",\"@id\":\"https:\\\/\\\/secure.gravatar.com\\\/avatar\\\/3a8de04a2656d44082be478bd6c086daa447c4651605818287b9532d3d0bd435?s=96&d=mm&r=g\",\"url\":\"https:\\\/\\\/secure.gravatar.com\\\/avatar\\\/3a8de04a2656d44082be478bd6c086daa447c4651605818287b9532d3d0bd435?s=96&d=mm&r=g\",\"contentUrl\":\"https:\\\/\\\/secure.gravatar.com\\\/avatar\\\/3a8de04a2656d44082be478bd6c086daa447c4651605818287b9532d3d0bd435?s=96&d=mm&r=g\",\"caption\":\"Lo viste en Los Pol\u00edticos\"},\"url\":\"https:\\\/\\\/lospoliticosveracruz.com\\\/?author=2\"}]}<\/script>\n<!-- \/ Yoast SEO plugin. -->","yoast_head_json":{"title":"La responsabilidad - Los pol\u00edticos Veracruz","robots":{"index":"index","follow":"follow","max-snippet":"max-snippet:-1","max-image-preview":"max-image-preview:large","max-video-preview":"max-video-preview:-1"},"canonical":"https:\/\/lospoliticosveracruz.com\/?p=46527","og_locale":"es_ES","og_type":"article","og_title":"La responsabilidad - Los pol\u00edticos Veracruz","og_description":"Sheyla Fuertes Lara Mujeres que Saben Lat\u00edn Por generaciones las religiones han manejado la palabra culpa para que las personas nos sintamos mal por realizar acciones que de acuerdo a sus preceptos nos dicen que no son buenas. Nos han metido en la cabeza que la culpa es algo malo en nuestro actuar y por [&hellip;]","og_url":"https:\/\/lospoliticosveracruz.com\/?p=46527","og_site_name":"Los pol\u00edticos Veracruz","article_publisher":"https:\/\/www.facebook.com\/people\/Notimemes-de-los-Polticos\/61565672886568\/","article_published_time":"2019-01-23T14:27:23+00:00","og_image":[{"width":600,"height":417,"url":"https:\/\/lospoliticosveracruz.com\/wp-content\/uploads\/2019\/01\/culpa-que-mata.jpg","type":"image\/jpeg"}],"author":"Lo viste en Los Pol\u00edticos","twitter_card":"summary_large_image","twitter_creator":"@LosPoliticosVer","twitter_site":"@LosPoliticosVer","twitter_misc":{"Escrito por":"Lo viste en Los Pol\u00edticos","Tiempo de lectura":"3 minutos"},"schema":{"@context":"https:\/\/schema.org","@graph":[{"@type":"Article","@id":"https:\/\/lospoliticosveracruz.com\/?p=46527#article","isPartOf":{"@id":"https:\/\/lospoliticosveracruz.com\/?p=46527"},"author":{"name":"Lo viste en Los Pol\u00edticos","@id":"https:\/\/lospoliticosveracruz.com\/#\/schema\/person\/b8702bb0e538456e6efd07080bf2a4a2"},"headline":"La responsabilidad","datePublished":"2019-01-23T14:27:23+00:00","mainEntityOfPage":{"@id":"https:\/\/lospoliticosveracruz.com\/?p=46527"},"wordCount":610,"commentCount":0,"publisher":{"@id":"https:\/\/lospoliticosveracruz.com\/#organization"},"image":{"@id":"https:\/\/lospoliticosveracruz.com\/?p=46527#primaryimage"},"thumbnailUrl":"https:\/\/lospoliticosveracruz.com\/wp-content\/uploads\/2019\/01\/culpa-que-mata.jpg","keywords":["Cuitl\u00e1huac Garc\u00eda Jim\u00e9nez","culpa","feminicidios","Jorge Winckler","Jorge Winckler Ortiz","Mujeres que Saben Lat\u00edn"],"articleSection":["De Opini\u00f3n"],"inLanguage":"es","potentialAction":[{"@type":"CommentAction","name":"Comment","target":["https:\/\/lospoliticosveracruz.com\/?p=46527#respond"]}]},{"@type":"WebPage","@id":"https:\/\/lospoliticosveracruz.com\/?p=46527","url":"https:\/\/lospoliticosveracruz.com\/?p=46527","name":"La responsabilidad - Los pol\u00edticos Veracruz","isPartOf":{"@id":"https:\/\/lospoliticosveracruz.com\/#website"},"primaryImageOfPage":{"@id":"https:\/\/lospoliticosveracruz.com\/?p=46527#primaryimage"},"image":{"@id":"https:\/\/lospoliticosveracruz.com\/?p=46527#primaryimage"},"thumbnailUrl":"https:\/\/lospoliticosveracruz.com\/wp-content\/uploads\/2019\/01\/culpa-que-mata.jpg","datePublished":"2019-01-23T14:27:23+00:00","breadcrumb":{"@id":"https:\/\/lospoliticosveracruz.com\/?p=46527#breadcrumb"},"inLanguage":"es","potentialAction":[{"@type":"ReadAction","target":["https:\/\/lospoliticosveracruz.com\/?p=46527"]}]},{"@type":"ImageObject","inLanguage":"es","@id":"https:\/\/lospoliticosveracruz.com\/?p=46527#primaryimage","url":"https:\/\/lospoliticosveracruz.com\/wp-content\/uploads\/2019\/01\/culpa-que-mata.jpg","contentUrl":"https:\/\/lospoliticosveracruz.com\/wp-content\/uploads\/2019\/01\/culpa-que-mata.jpg","width":600,"height":417},{"@type":"BreadcrumbList","@id":"https:\/\/lospoliticosveracruz.com\/?p=46527#breadcrumb","itemListElement":[{"@type":"ListItem","position":1,"name":"Portada","item":"https:\/\/lospoliticosveracruz.com\/"},{"@type":"ListItem","position":2,"name":"La responsabilidad"}]},{"@type":"WebSite","@id":"https:\/\/lospoliticosveracruz.com\/#website","url":"https:\/\/lospoliticosveracruz.com\/","name":"Los pol\u00edticos Veracruz","description":"","publisher":{"@id":"https:\/\/lospoliticosveracruz.com\/#organization"},"potentialAction":[{"@type":"SearchAction","target":{"@type":"EntryPoint","urlTemplate":"https:\/\/lospoliticosveracruz.com\/?s={search_term_string}"},"query-input":{"@type":"PropertyValueSpecification","valueRequired":true,"valueName":"search_term_string"}}],"inLanguage":"es"},{"@type":"Organization","@id":"https:\/\/lospoliticosveracruz.com\/#organization","name":"Los pol\u00edticos Veracruz","url":"https:\/\/lospoliticosveracruz.com\/","logo":{"@type":"ImageObject","inLanguage":"es","@id":"https:\/\/lospoliticosveracruz.com\/#\/schema\/logo\/image\/","url":"https:\/\/lospoliticosveracruz.com\/wp-content\/uploads\/2025\/12\/Logo-Nuevo-LOS-POLITICOS-1.jpg","contentUrl":"https:\/\/lospoliticosveracruz.com\/wp-content\/uploads\/2025\/12\/Logo-Nuevo-LOS-POLITICOS-1.jpg","width":260,"height":70,"caption":"Los pol\u00edticos Veracruz"},"image":{"@id":"https:\/\/lospoliticosveracruz.com\/#\/schema\/logo\/image\/"},"sameAs":["https:\/\/www.facebook.com\/people\/Notimemes-de-los-Polticos\/61565672886568\/","https:\/\/x.com\/LosPoliticosVer"]},{"@type":"Person","@id":"https:\/\/lospoliticosveracruz.com\/#\/schema\/person\/b8702bb0e538456e6efd07080bf2a4a2","name":"Lo viste en Los Pol\u00edticos","image":{"@type":"ImageObject","inLanguage":"es","@id":"https:\/\/secure.gravatar.com\/avatar\/3a8de04a2656d44082be478bd6c086daa447c4651605818287b9532d3d0bd435?s=96&d=mm&r=g","url":"https:\/\/secure.gravatar.com\/avatar\/3a8de04a2656d44082be478bd6c086daa447c4651605818287b9532d3d0bd435?s=96&d=mm&r=g","contentUrl":"https:\/\/secure.gravatar.com\/avatar\/3a8de04a2656d44082be478bd6c086daa447c4651605818287b9532d3d0bd435?s=96&d=mm&r=g","caption":"Lo viste en Los Pol\u00edticos"},"url":"https:\/\/lospoliticosveracruz.com\/?author=2"}]}},"_links":{"self":[{"href":"https:\/\/lospoliticosveracruz.com\/index.php?rest_route=\/wp\/v2\/posts\/46527","targetHints":{"allow":["GET"]}}],"collection":[{"href":"https:\/\/lospoliticosveracruz.com\/index.php?rest_route=\/wp\/v2\/posts"}],"about":[{"href":"https:\/\/lospoliticosveracruz.com\/index.php?rest_route=\/wp\/v2\/types\/post"}],"author":[{"embeddable":true,"href":"https:\/\/lospoliticosveracruz.com\/index.php?rest_route=\/wp\/v2\/users\/2"}],"replies":[{"embeddable":true,"href":"https:\/\/lospoliticosveracruz.com\/index.php?rest_route=%2Fwp%2Fv2%2Fcomments&post=46527"}],"version-history":[{"count":1,"href":"https:\/\/lospoliticosveracruz.com\/index.php?rest_route=\/wp\/v2\/posts\/46527\/revisions"}],"predecessor-version":[{"id":46530,"href":"https:\/\/lospoliticosveracruz.com\/index.php?rest_route=\/wp\/v2\/posts\/46527\/revisions\/46530"}],"wp:featuredmedia":[{"embeddable":true,"href":"https:\/\/lospoliticosveracruz.com\/index.php?rest_route=\/wp\/v2\/media\/46529"}],"wp:attachment":[{"href":"https:\/\/lospoliticosveracruz.com\/index.php?rest_route=%2Fwp%2Fv2%2Fmedia&parent=46527"}],"wp:term":[{"taxonomy":"category","embeddable":true,"href":"https:\/\/lospoliticosveracruz.com\/index.php?rest_route=%2Fwp%2Fv2%2Fcategories&post=46527"},{"taxonomy":"post_tag","embeddable":true,"href":"https:\/\/lospoliticosveracruz.com\/index.php?rest_route=%2Fwp%2Fv2%2Ftags&post=46527"}],"curies":[{"name":"wp","href":"https:\/\/api.w.org\/{rel}","templated":true}]}}