{"id":46537,"date":"2019-01-23T22:55:31","date_gmt":"2019-01-24T04:55:31","guid":{"rendered":"http:\/\/www.lospoliticosveracruz.com.mx\/?p=46537"},"modified":"2019-01-23T21:18:24","modified_gmt":"2019-01-24T03:18:24","slug":"dia-23","status":"publish","type":"post","link":"https:\/\/lospoliticosveracruz.com\/?p=46537","title":{"rendered":"D\u00eda 23"},"content":{"rendered":"<p><strong>Brenda Caballero<\/strong><\/p>\n<p><em>N\u00fameros Rojos<\/em><\/p>\n<p>\u00bfC\u00f3mo se llamar\u00e1 esa sensaci\u00f3n entre estr\u00e9s, esperanza, nervios, emoci\u00f3n, angustia y preocupaci\u00f3n, todas\u00a0juntas? \u00a1Se llama Venezuela!<\/p>\n<p>Este fue uno de los Tuits que m\u00e1s me emocion\u00f3 ayer. No soy venezolana, pero exactamente as\u00ed me sent\u00ed ayer por la esperanza que veo en los venezolanos que salieron a las calles y los que han migrado a otros pa\u00edses por la crisis que viv\u00edan en su pa\u00eds y las ans\u00edas de que termine el r\u00e9gimen de Nicol\u00e1s Maduro para poder regresar a la tierra que los vio nacer.<\/p>\n<p>La proclamaci\u00f3n de Juan Guaid\u00f3 como Presidente Encargado de Venezuela fue tendencia mundial. Los videos de las calles saturadas de personas que lo apoyan mientras \u00e9l hace su juramento, hace pensar que una est\u00e1 so\u00f1ando ante la posible ca\u00edda del sistema dictatorial de Maduro. Un r\u00e9gimen que m\u00e1s de un exiliado describe como lesivo contra la humanidad<span class=\"apple-converted-space\">\u00a0<\/span>\u00a0y que atenta contra los derechos humanos de los venezolanos pues han colapsado los servicios p\u00fablicos y privados de ese pa\u00eds.<\/p>\n<p>Recordemos que el pasado 10 de enero, Nicol\u00e1s Maduro jur\u00f3 como Presidente por 6 a\u00f1os m\u00e1s, sin embargo se dijo que se viol\u00f3 la Ley electoral y los est\u00e1ndares internacionales, raz\u00f3n por la que la Asamblea Nacional de Venezuela no reconoci\u00f3 el nuevo mandato de Maduro, e hizo que su l\u00edder, Juan Guaid\u00f3, jurara como Encargado.<\/p>\n<p>Para ello, este 23, fecha que aseguran tiene un valor simb\u00f3lico (23 de enero de 1958) por la ca\u00edda del dictador, el general Marcos P\u00e9rez Jim\u00e9nez, ha nacido la esperanza para los venezolanos de poder expresarse y decidir qui\u00e9n los gobernar\u00e1.<\/p>\n<p>Llama mi atenci\u00f3n en el caso Venezuela, el apoyo de muchos mexicanos que se manifestaron afuera de la embajada contra el r\u00e9gimen de Nicol\u00e1s Maduro.<\/p>\n<p>No debemos dejar de lado que la mayor\u00eda de los pa\u00edses de Latinoam\u00e9rica as\u00ed como Estados Unidos, Canad\u00e1 y la Uni\u00f3n Europea apoyan a Guaid\u00f3, y que un m\u00ednimo, a Maduro, entre ellos Bolivia, Cuba, Rusia y Turqu\u00eda. Aunque en medios de comunicaci\u00f3n se maneja que M\u00e9xico apoya a Maduro a trav\u00e9s de la declaraci\u00f3n del portavoz del gobierno azteca, Jes\u00fas Ram\u00edrez, a la cadena Milenio, donde expres\u00f3: \u201cconsideramos que (Maduro) es el presidente leg\u00edtimamente electo\u201d. Lo cierto es que en la cuenta del presidente Andr\u00e9s Manuel L\u00f3pez Obrador no hubo declaraci\u00f3n alguna, tal como lo hiciera Evo Morales de Bolivia.<\/p>\n<p>\u00a1Vaya! hasta las redes sociales Facebook e Instagram retiraron insignias de verificaci\u00f3n a las cuentas de Nicol\u00e1s Maduro, desconoci\u00e9ndolo.<span class=\"apple-converted-space\">\u00a0<\/span><\/p>\n<p>Independientemente de las im\u00e1genes, videos, e historias de vida que cuentan los venezolanos, las cifras que se manejan en los medios de comunicaci\u00f3n son alarmantes, entre las que destaco que el 87 % de la poblaci\u00f3n venezolana vive en la pobreza, adem\u00e1s de que en el a\u00f1o 2016 el peso promedio que ha perdido una persona es de 8 en 2016, y 11 kilos en 2017.<\/p>\n<p>Ahora bien, mientras Nicol\u00e1s Maduro hizo un llamado a que el cuerpo diplom\u00e1tico de Estados Unidos saliera inmediatamente del pa\u00eds, el Presidente Interino Juan Guaid\u00f3 dio instrucciones de que se quedaran. Posteriormente, Estados Unidos indic\u00f3 que no deber\u00edan salir de Venezuela. \u00bfQu\u00e9 viene ahora?<\/p>\n<p>Sin duda, todos los ojos seguir\u00e1n postrados en Venezuela, donde m\u00e1s que importar el Pueblo venezolano, importa el continuar en el poder para seguir ejerci\u00e9ndolo.<\/p>\n<p>&nbsp;<\/p>\n<p>@NumerosRojos_BC<\/p>\n<p><a href=\"mailto:caballero_brenda@hotmail.com\" target=\"_blank\">caballero_brenda@hotmail.com<\/a><\/p>\n","protected":false},"excerpt":{"rendered":"<p>Brenda Caballero N\u00fameros Rojos \u00bfC\u00f3mo se llamar\u00e1 esa sensaci\u00f3n entre estr\u00e9s, esperanza, nervios, emoci\u00f3n, angustia y preocupaci\u00f3n, todas\u00a0juntas? \u00a1Se llama Venezuela! Este fue uno de los Tuits que m\u00e1s me emocion\u00f3 ayer. No soy venezolana, pero exactamente as\u00ed me sent\u00ed ayer por la esperanza que veo en los venezolanos que salieron a las calles y [&hellip;]<\/p>\n","protected":false},"author":2,"featured_media":46538,"comment_status":"open","ping_status":"open","sticky":false,"template":"","format":"standard","meta":{"tdm_status":"","tdm_grid_status":"","footnotes":""},"categories":[70],"tags":[2687,1313,13638,13639,8013],"class_list":{"0":"post-46537","1":"post","2":"type-post","3":"status-publish","4":"format-standard","5":"has-post-thumbnail","7":"category-de-opinion","8":"tag-brenda-caballero","9":"tag-evo-morales","10":"tag-juan-guaido","11":"tag-marcos-perez-jimenez","12":"tag-nicolas-maduro"},"yoast_head":"<!-- This site is optimized with the Yoast SEO plugin v27.4 - https:\/\/yoast.com\/product\/yoast-seo-wordpress\/ -->\n<title>D\u00eda 23 - Los pol\u00edticos Veracruz<\/title>\n<meta name=\"robots\" content=\"index, follow, max-snippet:-1, max-image-preview:large, max-video-preview:-1\" \/>\n<link rel=\"canonical\" href=\"https:\/\/lospoliticosveracruz.com\/?p=46537\" \/>\n<meta property=\"og:locale\" content=\"es_ES\" \/>\n<meta property=\"og:type\" content=\"article\" \/>\n<meta property=\"og:title\" content=\"D\u00eda 23 - Los pol\u00edticos Veracruz\" \/>\n<meta property=\"og:description\" content=\"Brenda Caballero N\u00fameros Rojos \u00bfC\u00f3mo se llamar\u00e1 esa sensaci\u00f3n entre estr\u00e9s, esperanza, nervios, emoci\u00f3n, angustia y preocupaci\u00f3n, todas\u00a0juntas? \u00a1Se llama Venezuela! Este fue uno de los Tuits que m\u00e1s me emocion\u00f3 ayer. No soy venezolana, pero exactamente as\u00ed me sent\u00ed ayer por la esperanza que veo en los venezolanos que salieron a las calles y [&hellip;]\" \/>\n<meta property=\"og:url\" content=\"https:\/\/lospoliticosveracruz.com\/?p=46537\" \/>\n<meta property=\"og:site_name\" content=\"Los pol\u00edticos Veracruz\" \/>\n<meta property=\"article:publisher\" content=\"https:\/\/www.facebook.com\/people\/Notimemes-de-los-Polticos\/61565672886568\/\" \/>\n<meta property=\"article:published_time\" content=\"2019-01-24T04:55:31+00:00\" \/>\n<meta property=\"og:image\" content=\"https:\/\/lospoliticosveracruz.com\/wp-content\/uploads\/2019\/01\/Venezuela.jpeg\" \/>\n\t<meta property=\"og:image:width\" content=\"600\" \/>\n\t<meta property=\"og:image:height\" content=\"400\" \/>\n\t<meta property=\"og:image:type\" content=\"image\/jpeg\" \/>\n<meta name=\"author\" content=\"Lo viste en Los Pol\u00edticos\" \/>\n<meta name=\"twitter:card\" content=\"summary_large_image\" \/>\n<meta name=\"twitter:creator\" content=\"@LosPoliticosVer\" \/>\n<meta name=\"twitter:site\" content=\"@LosPoliticosVer\" \/>\n<meta name=\"twitter:label1\" content=\"Escrito por\" \/>\n\t<meta name=\"twitter:data1\" content=\"Lo viste en Los Pol\u00edticos\" \/>\n\t<meta name=\"twitter:label2\" content=\"Tiempo de lectura\" \/>\n\t<meta name=\"twitter:data2\" content=\"3 minutos\" \/>\n<script type=\"application\/ld+json\" class=\"yoast-schema-graph\">{\"@context\":\"https:\\\/\\\/schema.org\",\"@graph\":[{\"@type\":\"Article\",\"@id\":\"https:\\\/\\\/lospoliticosveracruz.com\\\/?p=46537#article\",\"isPartOf\":{\"@id\":\"https:\\\/\\\/lospoliticosveracruz.com\\\/?p=46537\"},\"author\":{\"name\":\"Lo viste en Los Pol\u00edticos\",\"@id\":\"https:\\\/\\\/lospoliticosveracruz.com\\\/#\\\/schema\\\/person\\\/b8702bb0e538456e6efd07080bf2a4a2\"},\"headline\":\"D\u00eda 23\",\"datePublished\":\"2019-01-24T04:55:31+00:00\",\"mainEntityOfPage\":{\"@id\":\"https:\\\/\\\/lospoliticosveracruz.com\\\/?p=46537\"},\"wordCount\":609,\"commentCount\":0,\"publisher\":{\"@id\":\"https:\\\/\\\/lospoliticosveracruz.com\\\/#organization\"},\"image\":{\"@id\":\"https:\\\/\\\/lospoliticosveracruz.com\\\/?p=46537#primaryimage\"},\"thumbnailUrl\":\"https:\\\/\\\/lospoliticosveracruz.com\\\/wp-content\\\/uploads\\\/2019\\\/01\\\/Venezuela.jpeg\",\"keywords\":[\"Brenda Caballero\",\"Evo Morales\",\"Juan Guaid\u00f3\",\"Marcos P\u00e9rez Jim\u00e9nez\",\"Nicol\u00e1s Maduro\"],\"articleSection\":[\"De Opini\u00f3n\"],\"inLanguage\":\"es\",\"potentialAction\":[{\"@type\":\"CommentAction\",\"name\":\"Comment\",\"target\":[\"https:\\\/\\\/lospoliticosveracruz.com\\\/?p=46537#respond\"]}]},{\"@type\":\"WebPage\",\"@id\":\"https:\\\/\\\/lospoliticosveracruz.com\\\/?p=46537\",\"url\":\"https:\\\/\\\/lospoliticosveracruz.com\\\/?p=46537\",\"name\":\"D\u00eda 23 - Los pol\u00edticos Veracruz\",\"isPartOf\":{\"@id\":\"https:\\\/\\\/lospoliticosveracruz.com\\\/#website\"},\"primaryImageOfPage\":{\"@id\":\"https:\\\/\\\/lospoliticosveracruz.com\\\/?p=46537#primaryimage\"},\"image\":{\"@id\":\"https:\\\/\\\/lospoliticosveracruz.com\\\/?p=46537#primaryimage\"},\"thumbnailUrl\":\"https:\\\/\\\/lospoliticosveracruz.com\\\/wp-content\\\/uploads\\\/2019\\\/01\\\/Venezuela.jpeg\",\"datePublished\":\"2019-01-24T04:55:31+00:00\",\"breadcrumb\":{\"@id\":\"https:\\\/\\\/lospoliticosveracruz.com\\\/?p=46537#breadcrumb\"},\"inLanguage\":\"es\",\"potentialAction\":[{\"@type\":\"ReadAction\",\"target\":[\"https:\\\/\\\/lospoliticosveracruz.com\\\/?p=46537\"]}]},{\"@type\":\"ImageObject\",\"inLanguage\":\"es\",\"@id\":\"https:\\\/\\\/lospoliticosveracruz.com\\\/?p=46537#primaryimage\",\"url\":\"https:\\\/\\\/lospoliticosveracruz.com\\\/wp-content\\\/uploads\\\/2019\\\/01\\\/Venezuela.jpeg\",\"contentUrl\":\"https:\\\/\\\/lospoliticosveracruz.com\\\/wp-content\\\/uploads\\\/2019\\\/01\\\/Venezuela.jpeg\",\"width\":600,\"height\":400},{\"@type\":\"BreadcrumbList\",\"@id\":\"https:\\\/\\\/lospoliticosveracruz.com\\\/?p=46537#breadcrumb\",\"itemListElement\":[{\"@type\":\"ListItem\",\"position\":1,\"name\":\"Portada\",\"item\":\"https:\\\/\\\/lospoliticosveracruz.com\\\/\"},{\"@type\":\"ListItem\",\"position\":2,\"name\":\"D\u00eda 23\"}]},{\"@type\":\"WebSite\",\"@id\":\"https:\\\/\\\/lospoliticosveracruz.com\\\/#website\",\"url\":\"https:\\\/\\\/lospoliticosveracruz.com\\\/\",\"name\":\"Los pol\u00edticos Veracruz\",\"description\":\"\",\"publisher\":{\"@id\":\"https:\\\/\\\/lospoliticosveracruz.com\\\/#organization\"},\"potentialAction\":[{\"@type\":\"SearchAction\",\"target\":{\"@type\":\"EntryPoint\",\"urlTemplate\":\"https:\\\/\\\/lospoliticosveracruz.com\\\/?s={search_term_string}\"},\"query-input\":{\"@type\":\"PropertyValueSpecification\",\"valueRequired\":true,\"valueName\":\"search_term_string\"}}],\"inLanguage\":\"es\"},{\"@type\":\"Organization\",\"@id\":\"https:\\\/\\\/lospoliticosveracruz.com\\\/#organization\",\"name\":\"Los pol\u00edticos Veracruz\",\"url\":\"https:\\\/\\\/lospoliticosveracruz.com\\\/\",\"logo\":{\"@type\":\"ImageObject\",\"inLanguage\":\"es\",\"@id\":\"https:\\\/\\\/lospoliticosveracruz.com\\\/#\\\/schema\\\/logo\\\/image\\\/\",\"url\":\"https:\\\/\\\/lospoliticosveracruz.com\\\/wp-content\\\/uploads\\\/2025\\\/12\\\/Logo-Nuevo-LOS-POLITICOS-1.jpg\",\"contentUrl\":\"https:\\\/\\\/lospoliticosveracruz.com\\\/wp-content\\\/uploads\\\/2025\\\/12\\\/Logo-Nuevo-LOS-POLITICOS-1.jpg\",\"width\":260,\"height\":70,\"caption\":\"Los pol\u00edticos Veracruz\"},\"image\":{\"@id\":\"https:\\\/\\\/lospoliticosveracruz.com\\\/#\\\/schema\\\/logo\\\/image\\\/\"},\"sameAs\":[\"https:\\\/\\\/www.facebook.com\\\/people\\\/Notimemes-de-los-Polticos\\\/61565672886568\\\/\",\"https:\\\/\\\/x.com\\\/LosPoliticosVer\"]},{\"@type\":\"Person\",\"@id\":\"https:\\\/\\\/lospoliticosveracruz.com\\\/#\\\/schema\\\/person\\\/b8702bb0e538456e6efd07080bf2a4a2\",\"name\":\"Lo viste en Los Pol\u00edticos\",\"image\":{\"@type\":\"ImageObject\",\"inLanguage\":\"es\",\"@id\":\"https:\\\/\\\/secure.gravatar.com\\\/avatar\\\/3a8de04a2656d44082be478bd6c086daa447c4651605818287b9532d3d0bd435?s=96&d=mm&r=g\",\"url\":\"https:\\\/\\\/secure.gravatar.com\\\/avatar\\\/3a8de04a2656d44082be478bd6c086daa447c4651605818287b9532d3d0bd435?s=96&d=mm&r=g\",\"contentUrl\":\"https:\\\/\\\/secure.gravatar.com\\\/avatar\\\/3a8de04a2656d44082be478bd6c086daa447c4651605818287b9532d3d0bd435?s=96&d=mm&r=g\",\"caption\":\"Lo viste en Los Pol\u00edticos\"},\"url\":\"https:\\\/\\\/lospoliticosveracruz.com\\\/?author=2\"}]}<\/script>\n<!-- \/ Yoast SEO plugin. -->","yoast_head_json":{"title":"D\u00eda 23 - Los pol\u00edticos Veracruz","robots":{"index":"index","follow":"follow","max-snippet":"max-snippet:-1","max-image-preview":"max-image-preview:large","max-video-preview":"max-video-preview:-1"},"canonical":"https:\/\/lospoliticosveracruz.com\/?p=46537","og_locale":"es_ES","og_type":"article","og_title":"D\u00eda 23 - Los pol\u00edticos Veracruz","og_description":"Brenda Caballero N\u00fameros Rojos \u00bfC\u00f3mo se llamar\u00e1 esa sensaci\u00f3n entre estr\u00e9s, esperanza, nervios, emoci\u00f3n, angustia y preocupaci\u00f3n, todas\u00a0juntas? \u00a1Se llama Venezuela! Este fue uno de los Tuits que m\u00e1s me emocion\u00f3 ayer. No soy venezolana, pero exactamente as\u00ed me sent\u00ed ayer por la esperanza que veo en los venezolanos que salieron a las calles y [&hellip;]","og_url":"https:\/\/lospoliticosveracruz.com\/?p=46537","og_site_name":"Los pol\u00edticos Veracruz","article_publisher":"https:\/\/www.facebook.com\/people\/Notimemes-de-los-Polticos\/61565672886568\/","article_published_time":"2019-01-24T04:55:31+00:00","og_image":[{"width":600,"height":400,"url":"https:\/\/lospoliticosveracruz.com\/wp-content\/uploads\/2019\/01\/Venezuela.jpeg","type":"image\/jpeg"}],"author":"Lo viste en Los Pol\u00edticos","twitter_card":"summary_large_image","twitter_creator":"@LosPoliticosVer","twitter_site":"@LosPoliticosVer","twitter_misc":{"Escrito por":"Lo viste en Los Pol\u00edticos","Tiempo de lectura":"3 minutos"},"schema":{"@context":"https:\/\/schema.org","@graph":[{"@type":"Article","@id":"https:\/\/lospoliticosveracruz.com\/?p=46537#article","isPartOf":{"@id":"https:\/\/lospoliticosveracruz.com\/?p=46537"},"author":{"name":"Lo viste en Los Pol\u00edticos","@id":"https:\/\/lospoliticosveracruz.com\/#\/schema\/person\/b8702bb0e538456e6efd07080bf2a4a2"},"headline":"D\u00eda 23","datePublished":"2019-01-24T04:55:31+00:00","mainEntityOfPage":{"@id":"https:\/\/lospoliticosveracruz.com\/?p=46537"},"wordCount":609,"commentCount":0,"publisher":{"@id":"https:\/\/lospoliticosveracruz.com\/#organization"},"image":{"@id":"https:\/\/lospoliticosveracruz.com\/?p=46537#primaryimage"},"thumbnailUrl":"https:\/\/lospoliticosveracruz.com\/wp-content\/uploads\/2019\/01\/Venezuela.jpeg","keywords":["Brenda Caballero","Evo Morales","Juan Guaid\u00f3","Marcos P\u00e9rez Jim\u00e9nez","Nicol\u00e1s Maduro"],"articleSection":["De Opini\u00f3n"],"inLanguage":"es","potentialAction":[{"@type":"CommentAction","name":"Comment","target":["https:\/\/lospoliticosveracruz.com\/?p=46537#respond"]}]},{"@type":"WebPage","@id":"https:\/\/lospoliticosveracruz.com\/?p=46537","url":"https:\/\/lospoliticosveracruz.com\/?p=46537","name":"D\u00eda 23 - Los pol\u00edticos Veracruz","isPartOf":{"@id":"https:\/\/lospoliticosveracruz.com\/#website"},"primaryImageOfPage":{"@id":"https:\/\/lospoliticosveracruz.com\/?p=46537#primaryimage"},"image":{"@id":"https:\/\/lospoliticosveracruz.com\/?p=46537#primaryimage"},"thumbnailUrl":"https:\/\/lospoliticosveracruz.com\/wp-content\/uploads\/2019\/01\/Venezuela.jpeg","datePublished":"2019-01-24T04:55:31+00:00","breadcrumb":{"@id":"https:\/\/lospoliticosveracruz.com\/?p=46537#breadcrumb"},"inLanguage":"es","potentialAction":[{"@type":"ReadAction","target":["https:\/\/lospoliticosveracruz.com\/?p=46537"]}]},{"@type":"ImageObject","inLanguage":"es","@id":"https:\/\/lospoliticosveracruz.com\/?p=46537#primaryimage","url":"https:\/\/lospoliticosveracruz.com\/wp-content\/uploads\/2019\/01\/Venezuela.jpeg","contentUrl":"https:\/\/lospoliticosveracruz.com\/wp-content\/uploads\/2019\/01\/Venezuela.jpeg","width":600,"height":400},{"@type":"BreadcrumbList","@id":"https:\/\/lospoliticosveracruz.com\/?p=46537#breadcrumb","itemListElement":[{"@type":"ListItem","position":1,"name":"Portada","item":"https:\/\/lospoliticosveracruz.com\/"},{"@type":"ListItem","position":2,"name":"D\u00eda 23"}]},{"@type":"WebSite","@id":"https:\/\/lospoliticosveracruz.com\/#website","url":"https:\/\/lospoliticosveracruz.com\/","name":"Los pol\u00edticos Veracruz","description":"","publisher":{"@id":"https:\/\/lospoliticosveracruz.com\/#organization"},"potentialAction":[{"@type":"SearchAction","target":{"@type":"EntryPoint","urlTemplate":"https:\/\/lospoliticosveracruz.com\/?s={search_term_string}"},"query-input":{"@type":"PropertyValueSpecification","valueRequired":true,"valueName":"search_term_string"}}],"inLanguage":"es"},{"@type":"Organization","@id":"https:\/\/lospoliticosveracruz.com\/#organization","name":"Los pol\u00edticos Veracruz","url":"https:\/\/lospoliticosveracruz.com\/","logo":{"@type":"ImageObject","inLanguage":"es","@id":"https:\/\/lospoliticosveracruz.com\/#\/schema\/logo\/image\/","url":"https:\/\/lospoliticosveracruz.com\/wp-content\/uploads\/2025\/12\/Logo-Nuevo-LOS-POLITICOS-1.jpg","contentUrl":"https:\/\/lospoliticosveracruz.com\/wp-content\/uploads\/2025\/12\/Logo-Nuevo-LOS-POLITICOS-1.jpg","width":260,"height":70,"caption":"Los pol\u00edticos Veracruz"},"image":{"@id":"https:\/\/lospoliticosveracruz.com\/#\/schema\/logo\/image\/"},"sameAs":["https:\/\/www.facebook.com\/people\/Notimemes-de-los-Polticos\/61565672886568\/","https:\/\/x.com\/LosPoliticosVer"]},{"@type":"Person","@id":"https:\/\/lospoliticosveracruz.com\/#\/schema\/person\/b8702bb0e538456e6efd07080bf2a4a2","name":"Lo viste en Los Pol\u00edticos","image":{"@type":"ImageObject","inLanguage":"es","@id":"https:\/\/secure.gravatar.com\/avatar\/3a8de04a2656d44082be478bd6c086daa447c4651605818287b9532d3d0bd435?s=96&d=mm&r=g","url":"https:\/\/secure.gravatar.com\/avatar\/3a8de04a2656d44082be478bd6c086daa447c4651605818287b9532d3d0bd435?s=96&d=mm&r=g","contentUrl":"https:\/\/secure.gravatar.com\/avatar\/3a8de04a2656d44082be478bd6c086daa447c4651605818287b9532d3d0bd435?s=96&d=mm&r=g","caption":"Lo viste en Los Pol\u00edticos"},"url":"https:\/\/lospoliticosveracruz.com\/?author=2"}]}},"_links":{"self":[{"href":"https:\/\/lospoliticosveracruz.com\/index.php?rest_route=\/wp\/v2\/posts\/46537","targetHints":{"allow":["GET"]}}],"collection":[{"href":"https:\/\/lospoliticosveracruz.com\/index.php?rest_route=\/wp\/v2\/posts"}],"about":[{"href":"https:\/\/lospoliticosveracruz.com\/index.php?rest_route=\/wp\/v2\/types\/post"}],"author":[{"embeddable":true,"href":"https:\/\/lospoliticosveracruz.com\/index.php?rest_route=\/wp\/v2\/users\/2"}],"replies":[{"embeddable":true,"href":"https:\/\/lospoliticosveracruz.com\/index.php?rest_route=%2Fwp%2Fv2%2Fcomments&post=46537"}],"version-history":[{"count":1,"href":"https:\/\/lospoliticosveracruz.com\/index.php?rest_route=\/wp\/v2\/posts\/46537\/revisions"}],"predecessor-version":[{"id":46539,"href":"https:\/\/lospoliticosveracruz.com\/index.php?rest_route=\/wp\/v2\/posts\/46537\/revisions\/46539"}],"wp:featuredmedia":[{"embeddable":true,"href":"https:\/\/lospoliticosveracruz.com\/index.php?rest_route=\/wp\/v2\/media\/46538"}],"wp:attachment":[{"href":"https:\/\/lospoliticosveracruz.com\/index.php?rest_route=%2Fwp%2Fv2%2Fmedia&parent=46537"}],"wp:term":[{"taxonomy":"category","embeddable":true,"href":"https:\/\/lospoliticosveracruz.com\/index.php?rest_route=%2Fwp%2Fv2%2Fcategories&post=46537"},{"taxonomy":"post_tag","embeddable":true,"href":"https:\/\/lospoliticosveracruz.com\/index.php?rest_route=%2Fwp%2Fv2%2Ftags&post=46537"}],"curies":[{"name":"wp","href":"https:\/\/api.w.org\/{rel}","templated":true}]}}