{"id":46540,"date":"2019-01-24T09:49:59","date_gmt":"2019-01-24T15:49:59","guid":{"rendered":"http:\/\/www.lospoliticosveracruz.com.mx\/?p=46540"},"modified":"2019-01-24T09:49:59","modified_gmt":"2019-01-24T15:49:59","slug":"las-fiestas-de-la-candelaria-en-riesgo","status":"publish","type":"post","link":"https:\/\/lospoliticosveracruz.com\/?p=46540","title":{"rendered":"Las fiestas de la Candelaria, en riesgo&#8230;"},"content":{"rendered":"<p><strong>Ricardo Ch\u00faa<\/strong><\/p>\n<p><em>Sale y Vale<\/em><\/p>\n<p>Las Fiestas de la Candelaria en Tlacotalpan est\u00e1n en riesgo&#8230; Y no por el tema del paseo de los toros&#8230; Por grupos ecologistas que se opongan o cosas por el estilo&#8230;. NO el problema es EL MALDITO DINERO&#8230; Ese que hace ganar o perder batallas&#8230; Pues, resulta que el alcalde, Cristian Romero P\u00e9rez, en SEFIPLAN lo mandaron a \u00abfre\u00edr esp\u00e1rragos\u00bb cuando fue a pedir apoyo para realizar la festividad y de parte de Cuitl\u00e1huac Garc\u00eda le dijeron que NO porque al Gober le gusta la salsa, no los toros&#8230;<\/p>\n<p>Resulta que el alcalde tlacotalpe\u00f1o acudi\u00f3 a Sefiplan a que le \u00absalpicaran apoyos\u00bb para esta fiesta&#8230; Y MOCOS PETRA&#8230; Le dijeron que s\u00f3lo le pod\u00edan dar UN MILL\u00d3N DE PESOS cuando esperaba m\u00ednimo 10 para una festividad digna, pues, no&#8230; Eleazar Guerrero, subsecretario de Finanzas y primo del Gober, le dijo al mun\u00edcipe \u00abapunta pa otro lado\u00bb porque aqu\u00ed no hay&#8230; El alcalde sali\u00f3 peor que un rega\u00f1o de C\u00e9sar Y\u00e1\u00f1ez&#8230; Quienes lo vieron se\u00f1alan que casi lloraba&#8230;. Pobechito&#8230;<\/p>\n<p>Y que pod\u00eda esperar Romero P\u00e9rez&#8230; Que le dieran flores&#8230; En primera ese municipio no lo gobierna MORENA&#8230; Cuitl\u00e1huac ha mandado al carajo al Carnaval de Veracruz y a los Festejos de los 500 a\u00f1os del Puerto&#8230; Qui\u00e9n lo hizo pensar que con Tlacotalpan, sus fiestas, toros, con todo y Tob\u00edas ser\u00eda diferente&#8230; As\u00ed que el llorar \u00bfSirve de algo?&#8230; A otra cosa porque lana no le van a dar&#8230; Haber cuando pisa Cuitl\u00e1huac esa ciudad y se enfrenta a toda esa \u00abparvada\u00bb&#8230; Ese grupo anda m\u00e1s que encanijado&#8230; Lo que le sigue&#8230; Les acab\u00f3 su fiesta&#8230;<\/p>\n<p>TODO IGUAL&#8230; Como hay cosas m\u00e1s importantes en las que deben preocuparse las autoridades de Veracruz&#8230;Que sus pleitos medi\u00e1ticos de partidocracia y del control del poder pol\u00edtico, que se han visto \u00abneonatos\u00bb en ejercerlo&#8230;: EN RESUMEN: Si Winckler se va de la Fiscal\u00eda por el tema del Juicio Pol\u00edtico, regresa al mismo cargo en unos d\u00edas m\u00e1s&#8230; S\u00f3lo es \u00abshow\u00bb no m\u00e1s&#8230;. Cuitl\u00e1huac tampoco deja la gubernatura&#8230; Menos la asume Ahued (Que se deslind\u00f3) tampoco Exhome o Huerta Ladr\u00f3n de Guevera (Primo de Sara Ladr\u00f3n, rectora de la UV)&#8230;<\/p>\n<p>Y mucho menos es Eric Patrocinio (Garrido Canabal) perd\u00f3n Cisneros Burgos, qui\u00e9n azuza a la plebe, chairos, flota empresarial o pol\u00edtica que andan ESPARCIENDO el RUMOR de la presunta salida de Cuitl\u00e1huac&#8230; Ah\u00ed si no, est\u00e1n mal en sus \u00abtenebras\u00bb&#8230; Si a alguien no le conviene que se vaya Cuitl\u00e1huac de Veracruz&#8230; M\u00e1s bien deje la Gubernatura&#8230; Es al secretario de Gobierno porque con otro gobernador&#8230; Su futuro no ser\u00eda el que \u00abnegocia\u00bb en su distrito&#8230; All\u00e1 en Cosamaloapan-Acayucan&#8230; Depende local o federal&#8230; Ah\u00ed el trasfondo&#8230;<\/p>\n<p>Ya que si se va \u00abEl Cuit\u00bb, Cisneros Bergos primero que nada no se sabe si contin\u00fae siendo el 2 del Estado.. Y sobre todo que como secretario de Gobierno e pueda manejar como el 1 en la entidad, tanto que critic\u00f3 a PapaYunes y hace exactamente lo mismo&#8230; Claro lo del talento es otro tema.. Si llegar\u00e1 otro a gobernar el Estado dif\u00edcilmente le dar\u00edan chance y m\u00e1s si los OJOS de L\u00f3pez Obrador voltean hac\u00eda El\u00edas Miguel Moreno Brizuela&#8230; El \u00fanico con nivel para esos movimientos (Si se dan)&#8230;<\/p>\n","protected":false},"excerpt":{"rendered":"<p>Ricardo Ch\u00faa Sale y Vale Las Fiestas de la Candelaria en Tlacotalpan est\u00e1n en riesgo&#8230; Y no por el tema del paseo de los toros&#8230; Por grupos ecologistas que se opongan o cosas por el estilo&#8230;. NO el problema es EL MALDITO DINERO&#8230; Ese que hace ganar o perder batallas&#8230; Pues, resulta que el alcalde, [&hellip;]<\/p>\n","protected":false},"author":2,"featured_media":46541,"comment_status":"open","ping_status":"open","sticky":false,"template":"","format":"standard","meta":{"tdm_status":"","tdm_grid_status":"","footnotes":""},"categories":[70],"tags":[1730,13629,10775,13640,1467,6869,13604,640],"class_list":{"0":"post-46540","1":"post","2":"type-post","3":"status-publish","4":"format-standard","5":"has-post-thumbnail","7":"category-de-opinion","8":"tag-carnaval-de-veracruz","9":"tag-cesar-yanez","10":"tag-cristian-romero-perez","11":"tag-eleazar-guerrero","12":"tag-fiestas-de-la-candelaria","13":"tag-jorge-winckler","14":"tag-ricardo-chua","15":"tag-sefiplan"},"yoast_head":"<!-- This site is optimized with the Yoast SEO plugin v27.4 - https:\/\/yoast.com\/product\/yoast-seo-wordpress\/ -->\n<title>Las fiestas de la Candelaria, en riesgo... - Los pol\u00edticos Veracruz<\/title>\n<meta name=\"robots\" content=\"index, follow, max-snippet:-1, max-image-preview:large, max-video-preview:-1\" \/>\n<link rel=\"canonical\" href=\"https:\/\/lospoliticosveracruz.com\/?p=46540\" \/>\n<meta property=\"og:locale\" content=\"es_ES\" \/>\n<meta property=\"og:type\" content=\"article\" \/>\n<meta property=\"og:title\" content=\"Las fiestas de la Candelaria, en riesgo... - Los pol\u00edticos Veracruz\" \/>\n<meta property=\"og:description\" content=\"Ricardo Ch\u00faa Sale y Vale Las Fiestas de la Candelaria en Tlacotalpan est\u00e1n en riesgo&#8230; Y no por el tema del paseo de los toros&#8230; Por grupos ecologistas que se opongan o cosas por el estilo&#8230;. NO el problema es EL MALDITO DINERO&#8230; Ese que hace ganar o perder batallas&#8230; Pues, resulta que el alcalde, [&hellip;]\" \/>\n<meta property=\"og:url\" content=\"https:\/\/lospoliticosveracruz.com\/?p=46540\" \/>\n<meta property=\"og:site_name\" content=\"Los pol\u00edticos Veracruz\" \/>\n<meta property=\"article:publisher\" content=\"https:\/\/www.facebook.com\/people\/Notimemes-de-los-Polticos\/61565672886568\/\" \/>\n<meta property=\"article:published_time\" content=\"2019-01-24T15:49:59+00:00\" \/>\n<meta property=\"og:image\" content=\"https:\/\/lospoliticosveracruz.com\/wp-content\/uploads\/2019\/01\/Tlacotalpan.jpg\" \/>\n\t<meta property=\"og:image:width\" content=\"536\" \/>\n\t<meta property=\"og:image:height\" content=\"314\" \/>\n\t<meta property=\"og:image:type\" content=\"image\/jpeg\" \/>\n<meta name=\"author\" content=\"Lo viste en Los Pol\u00edticos\" \/>\n<meta name=\"twitter:card\" content=\"summary_large_image\" \/>\n<meta name=\"twitter:creator\" content=\"@LosPoliticosVer\" \/>\n<meta name=\"twitter:site\" content=\"@LosPoliticosVer\" \/>\n<meta name=\"twitter:label1\" content=\"Escrito por\" \/>\n\t<meta name=\"twitter:data1\" content=\"Lo viste en Los Pol\u00edticos\" \/>\n\t<meta name=\"twitter:label2\" content=\"Tiempo de lectura\" \/>\n\t<meta name=\"twitter:data2\" content=\"3 minutos\" \/>\n<script type=\"application\/ld+json\" class=\"yoast-schema-graph\">{\"@context\":\"https:\\\/\\\/schema.org\",\"@graph\":[{\"@type\":\"Article\",\"@id\":\"https:\\\/\\\/lospoliticosveracruz.com\\\/?p=46540#article\",\"isPartOf\":{\"@id\":\"https:\\\/\\\/lospoliticosveracruz.com\\\/?p=46540\"},\"author\":{\"name\":\"Lo viste en Los Pol\u00edticos\",\"@id\":\"https:\\\/\\\/lospoliticosveracruz.com\\\/#\\\/schema\\\/person\\\/b8702bb0e538456e6efd07080bf2a4a2\"},\"headline\":\"Las fiestas de la Candelaria, en riesgo&#8230;\",\"datePublished\":\"2019-01-24T15:49:59+00:00\",\"mainEntityOfPage\":{\"@id\":\"https:\\\/\\\/lospoliticosveracruz.com\\\/?p=46540\"},\"wordCount\":593,\"commentCount\":0,\"publisher\":{\"@id\":\"https:\\\/\\\/lospoliticosveracruz.com\\\/#organization\"},\"image\":{\"@id\":\"https:\\\/\\\/lospoliticosveracruz.com\\\/?p=46540#primaryimage\"},\"thumbnailUrl\":\"https:\\\/\\\/lospoliticosveracruz.com\\\/wp-content\\\/uploads\\\/2019\\\/01\\\/Tlacotalpan.jpg\",\"keywords\":[\"Carnaval de Veracruz\",\"C\u00e9sar Ya\u00f1ez\",\"Cristian Romero P\u00e9rez\",\"Eleazar Guerrero\",\"Fiestas de la Candelaria\",\"Jorge Winckler\",\"Ricardo Ch\u00faa\",\"Sefiplan\"],\"articleSection\":[\"De Opini\u00f3n\"],\"inLanguage\":\"es\",\"potentialAction\":[{\"@type\":\"CommentAction\",\"name\":\"Comment\",\"target\":[\"https:\\\/\\\/lospoliticosveracruz.com\\\/?p=46540#respond\"]}]},{\"@type\":\"WebPage\",\"@id\":\"https:\\\/\\\/lospoliticosveracruz.com\\\/?p=46540\",\"url\":\"https:\\\/\\\/lospoliticosveracruz.com\\\/?p=46540\",\"name\":\"Las fiestas de la Candelaria, en riesgo... - Los pol\u00edticos Veracruz\",\"isPartOf\":{\"@id\":\"https:\\\/\\\/lospoliticosveracruz.com\\\/#website\"},\"primaryImageOfPage\":{\"@id\":\"https:\\\/\\\/lospoliticosveracruz.com\\\/?p=46540#primaryimage\"},\"image\":{\"@id\":\"https:\\\/\\\/lospoliticosveracruz.com\\\/?p=46540#primaryimage\"},\"thumbnailUrl\":\"https:\\\/\\\/lospoliticosveracruz.com\\\/wp-content\\\/uploads\\\/2019\\\/01\\\/Tlacotalpan.jpg\",\"datePublished\":\"2019-01-24T15:49:59+00:00\",\"breadcrumb\":{\"@id\":\"https:\\\/\\\/lospoliticosveracruz.com\\\/?p=46540#breadcrumb\"},\"inLanguage\":\"es\",\"potentialAction\":[{\"@type\":\"ReadAction\",\"target\":[\"https:\\\/\\\/lospoliticosveracruz.com\\\/?p=46540\"]}]},{\"@type\":\"ImageObject\",\"inLanguage\":\"es\",\"@id\":\"https:\\\/\\\/lospoliticosveracruz.com\\\/?p=46540#primaryimage\",\"url\":\"https:\\\/\\\/lospoliticosveracruz.com\\\/wp-content\\\/uploads\\\/2019\\\/01\\\/Tlacotalpan.jpg\",\"contentUrl\":\"https:\\\/\\\/lospoliticosveracruz.com\\\/wp-content\\\/uploads\\\/2019\\\/01\\\/Tlacotalpan.jpg\",\"width\":536,\"height\":314},{\"@type\":\"BreadcrumbList\",\"@id\":\"https:\\\/\\\/lospoliticosveracruz.com\\\/?p=46540#breadcrumb\",\"itemListElement\":[{\"@type\":\"ListItem\",\"position\":1,\"name\":\"Portada\",\"item\":\"https:\\\/\\\/lospoliticosveracruz.com\\\/\"},{\"@type\":\"ListItem\",\"position\":2,\"name\":\"Las fiestas de la Candelaria, en riesgo&#8230;\"}]},{\"@type\":\"WebSite\",\"@id\":\"https:\\\/\\\/lospoliticosveracruz.com\\\/#website\",\"url\":\"https:\\\/\\\/lospoliticosveracruz.com\\\/\",\"name\":\"Los pol\u00edticos Veracruz\",\"description\":\"\",\"publisher\":{\"@id\":\"https:\\\/\\\/lospoliticosveracruz.com\\\/#organization\"},\"potentialAction\":[{\"@type\":\"SearchAction\",\"target\":{\"@type\":\"EntryPoint\",\"urlTemplate\":\"https:\\\/\\\/lospoliticosveracruz.com\\\/?s={search_term_string}\"},\"query-input\":{\"@type\":\"PropertyValueSpecification\",\"valueRequired\":true,\"valueName\":\"search_term_string\"}}],\"inLanguage\":\"es\"},{\"@type\":\"Organization\",\"@id\":\"https:\\\/\\\/lospoliticosveracruz.com\\\/#organization\",\"name\":\"Los pol\u00edticos Veracruz\",\"url\":\"https:\\\/\\\/lospoliticosveracruz.com\\\/\",\"logo\":{\"@type\":\"ImageObject\",\"inLanguage\":\"es\",\"@id\":\"https:\\\/\\\/lospoliticosveracruz.com\\\/#\\\/schema\\\/logo\\\/image\\\/\",\"url\":\"https:\\\/\\\/lospoliticosveracruz.com\\\/wp-content\\\/uploads\\\/2025\\\/12\\\/Logo-Nuevo-LOS-POLITICOS-1.jpg\",\"contentUrl\":\"https:\\\/\\\/lospoliticosveracruz.com\\\/wp-content\\\/uploads\\\/2025\\\/12\\\/Logo-Nuevo-LOS-POLITICOS-1.jpg\",\"width\":260,\"height\":70,\"caption\":\"Los pol\u00edticos Veracruz\"},\"image\":{\"@id\":\"https:\\\/\\\/lospoliticosveracruz.com\\\/#\\\/schema\\\/logo\\\/image\\\/\"},\"sameAs\":[\"https:\\\/\\\/www.facebook.com\\\/people\\\/Notimemes-de-los-Polticos\\\/61565672886568\\\/\",\"https:\\\/\\\/x.com\\\/LosPoliticosVer\"]},{\"@type\":\"Person\",\"@id\":\"https:\\\/\\\/lospoliticosveracruz.com\\\/#\\\/schema\\\/person\\\/b8702bb0e538456e6efd07080bf2a4a2\",\"name\":\"Lo viste en Los Pol\u00edticos\",\"image\":{\"@type\":\"ImageObject\",\"inLanguage\":\"es\",\"@id\":\"https:\\\/\\\/secure.gravatar.com\\\/avatar\\\/3a8de04a2656d44082be478bd6c086daa447c4651605818287b9532d3d0bd435?s=96&d=mm&r=g\",\"url\":\"https:\\\/\\\/secure.gravatar.com\\\/avatar\\\/3a8de04a2656d44082be478bd6c086daa447c4651605818287b9532d3d0bd435?s=96&d=mm&r=g\",\"contentUrl\":\"https:\\\/\\\/secure.gravatar.com\\\/avatar\\\/3a8de04a2656d44082be478bd6c086daa447c4651605818287b9532d3d0bd435?s=96&d=mm&r=g\",\"caption\":\"Lo viste en Los Pol\u00edticos\"},\"url\":\"https:\\\/\\\/lospoliticosveracruz.com\\\/?author=2\"}]}<\/script>\n<!-- \/ Yoast SEO plugin. -->","yoast_head_json":{"title":"Las fiestas de la Candelaria, en riesgo... - Los pol\u00edticos Veracruz","robots":{"index":"index","follow":"follow","max-snippet":"max-snippet:-1","max-image-preview":"max-image-preview:large","max-video-preview":"max-video-preview:-1"},"canonical":"https:\/\/lospoliticosveracruz.com\/?p=46540","og_locale":"es_ES","og_type":"article","og_title":"Las fiestas de la Candelaria, en riesgo... - Los pol\u00edticos Veracruz","og_description":"Ricardo Ch\u00faa Sale y Vale Las Fiestas de la Candelaria en Tlacotalpan est\u00e1n en riesgo&#8230; Y no por el tema del paseo de los toros&#8230; Por grupos ecologistas que se opongan o cosas por el estilo&#8230;. NO el problema es EL MALDITO DINERO&#8230; Ese que hace ganar o perder batallas&#8230; Pues, resulta que el alcalde, [&hellip;]","og_url":"https:\/\/lospoliticosveracruz.com\/?p=46540","og_site_name":"Los pol\u00edticos Veracruz","article_publisher":"https:\/\/www.facebook.com\/people\/Notimemes-de-los-Polticos\/61565672886568\/","article_published_time":"2019-01-24T15:49:59+00:00","og_image":[{"width":536,"height":314,"url":"https:\/\/lospoliticosveracruz.com\/wp-content\/uploads\/2019\/01\/Tlacotalpan.jpg","type":"image\/jpeg"}],"author":"Lo viste en Los Pol\u00edticos","twitter_card":"summary_large_image","twitter_creator":"@LosPoliticosVer","twitter_site":"@LosPoliticosVer","twitter_misc":{"Escrito por":"Lo viste en Los Pol\u00edticos","Tiempo de lectura":"3 minutos"},"schema":{"@context":"https:\/\/schema.org","@graph":[{"@type":"Article","@id":"https:\/\/lospoliticosveracruz.com\/?p=46540#article","isPartOf":{"@id":"https:\/\/lospoliticosveracruz.com\/?p=46540"},"author":{"name":"Lo viste en Los Pol\u00edticos","@id":"https:\/\/lospoliticosveracruz.com\/#\/schema\/person\/b8702bb0e538456e6efd07080bf2a4a2"},"headline":"Las fiestas de la Candelaria, en riesgo&#8230;","datePublished":"2019-01-24T15:49:59+00:00","mainEntityOfPage":{"@id":"https:\/\/lospoliticosveracruz.com\/?p=46540"},"wordCount":593,"commentCount":0,"publisher":{"@id":"https:\/\/lospoliticosveracruz.com\/#organization"},"image":{"@id":"https:\/\/lospoliticosveracruz.com\/?p=46540#primaryimage"},"thumbnailUrl":"https:\/\/lospoliticosveracruz.com\/wp-content\/uploads\/2019\/01\/Tlacotalpan.jpg","keywords":["Carnaval de Veracruz","C\u00e9sar Ya\u00f1ez","Cristian Romero P\u00e9rez","Eleazar Guerrero","Fiestas de la Candelaria","Jorge Winckler","Ricardo Ch\u00faa","Sefiplan"],"articleSection":["De Opini\u00f3n"],"inLanguage":"es","potentialAction":[{"@type":"CommentAction","name":"Comment","target":["https:\/\/lospoliticosveracruz.com\/?p=46540#respond"]}]},{"@type":"WebPage","@id":"https:\/\/lospoliticosveracruz.com\/?p=46540","url":"https:\/\/lospoliticosveracruz.com\/?p=46540","name":"Las fiestas de la Candelaria, en riesgo... - Los pol\u00edticos Veracruz","isPartOf":{"@id":"https:\/\/lospoliticosveracruz.com\/#website"},"primaryImageOfPage":{"@id":"https:\/\/lospoliticosveracruz.com\/?p=46540#primaryimage"},"image":{"@id":"https:\/\/lospoliticosveracruz.com\/?p=46540#primaryimage"},"thumbnailUrl":"https:\/\/lospoliticosveracruz.com\/wp-content\/uploads\/2019\/01\/Tlacotalpan.jpg","datePublished":"2019-01-24T15:49:59+00:00","breadcrumb":{"@id":"https:\/\/lospoliticosveracruz.com\/?p=46540#breadcrumb"},"inLanguage":"es","potentialAction":[{"@type":"ReadAction","target":["https:\/\/lospoliticosveracruz.com\/?p=46540"]}]},{"@type":"ImageObject","inLanguage":"es","@id":"https:\/\/lospoliticosveracruz.com\/?p=46540#primaryimage","url":"https:\/\/lospoliticosveracruz.com\/wp-content\/uploads\/2019\/01\/Tlacotalpan.jpg","contentUrl":"https:\/\/lospoliticosveracruz.com\/wp-content\/uploads\/2019\/01\/Tlacotalpan.jpg","width":536,"height":314},{"@type":"BreadcrumbList","@id":"https:\/\/lospoliticosveracruz.com\/?p=46540#breadcrumb","itemListElement":[{"@type":"ListItem","position":1,"name":"Portada","item":"https:\/\/lospoliticosveracruz.com\/"},{"@type":"ListItem","position":2,"name":"Las fiestas de la Candelaria, en riesgo&#8230;"}]},{"@type":"WebSite","@id":"https:\/\/lospoliticosveracruz.com\/#website","url":"https:\/\/lospoliticosveracruz.com\/","name":"Los pol\u00edticos Veracruz","description":"","publisher":{"@id":"https:\/\/lospoliticosveracruz.com\/#organization"},"potentialAction":[{"@type":"SearchAction","target":{"@type":"EntryPoint","urlTemplate":"https:\/\/lospoliticosveracruz.com\/?s={search_term_string}"},"query-input":{"@type":"PropertyValueSpecification","valueRequired":true,"valueName":"search_term_string"}}],"inLanguage":"es"},{"@type":"Organization","@id":"https:\/\/lospoliticosveracruz.com\/#organization","name":"Los pol\u00edticos Veracruz","url":"https:\/\/lospoliticosveracruz.com\/","logo":{"@type":"ImageObject","inLanguage":"es","@id":"https:\/\/lospoliticosveracruz.com\/#\/schema\/logo\/image\/","url":"https:\/\/lospoliticosveracruz.com\/wp-content\/uploads\/2025\/12\/Logo-Nuevo-LOS-POLITICOS-1.jpg","contentUrl":"https:\/\/lospoliticosveracruz.com\/wp-content\/uploads\/2025\/12\/Logo-Nuevo-LOS-POLITICOS-1.jpg","width":260,"height":70,"caption":"Los pol\u00edticos Veracruz"},"image":{"@id":"https:\/\/lospoliticosveracruz.com\/#\/schema\/logo\/image\/"},"sameAs":["https:\/\/www.facebook.com\/people\/Notimemes-de-los-Polticos\/61565672886568\/","https:\/\/x.com\/LosPoliticosVer"]},{"@type":"Person","@id":"https:\/\/lospoliticosveracruz.com\/#\/schema\/person\/b8702bb0e538456e6efd07080bf2a4a2","name":"Lo viste en Los Pol\u00edticos","image":{"@type":"ImageObject","inLanguage":"es","@id":"https:\/\/secure.gravatar.com\/avatar\/3a8de04a2656d44082be478bd6c086daa447c4651605818287b9532d3d0bd435?s=96&d=mm&r=g","url":"https:\/\/secure.gravatar.com\/avatar\/3a8de04a2656d44082be478bd6c086daa447c4651605818287b9532d3d0bd435?s=96&d=mm&r=g","contentUrl":"https:\/\/secure.gravatar.com\/avatar\/3a8de04a2656d44082be478bd6c086daa447c4651605818287b9532d3d0bd435?s=96&d=mm&r=g","caption":"Lo viste en Los Pol\u00edticos"},"url":"https:\/\/lospoliticosveracruz.com\/?author=2"}]}},"_links":{"self":[{"href":"https:\/\/lospoliticosveracruz.com\/index.php?rest_route=\/wp\/v2\/posts\/46540","targetHints":{"allow":["GET"]}}],"collection":[{"href":"https:\/\/lospoliticosveracruz.com\/index.php?rest_route=\/wp\/v2\/posts"}],"about":[{"href":"https:\/\/lospoliticosveracruz.com\/index.php?rest_route=\/wp\/v2\/types\/post"}],"author":[{"embeddable":true,"href":"https:\/\/lospoliticosveracruz.com\/index.php?rest_route=\/wp\/v2\/users\/2"}],"replies":[{"embeddable":true,"href":"https:\/\/lospoliticosveracruz.com\/index.php?rest_route=%2Fwp%2Fv2%2Fcomments&post=46540"}],"version-history":[{"count":1,"href":"https:\/\/lospoliticosveracruz.com\/index.php?rest_route=\/wp\/v2\/posts\/46540\/revisions"}],"predecessor-version":[{"id":46542,"href":"https:\/\/lospoliticosveracruz.com\/index.php?rest_route=\/wp\/v2\/posts\/46540\/revisions\/46542"}],"wp:featuredmedia":[{"embeddable":true,"href":"https:\/\/lospoliticosveracruz.com\/index.php?rest_route=\/wp\/v2\/media\/46541"}],"wp:attachment":[{"href":"https:\/\/lospoliticosveracruz.com\/index.php?rest_route=%2Fwp%2Fv2%2Fmedia&parent=46540"}],"wp:term":[{"taxonomy":"category","embeddable":true,"href":"https:\/\/lospoliticosveracruz.com\/index.php?rest_route=%2Fwp%2Fv2%2Fcategories&post=46540"},{"taxonomy":"post_tag","embeddable":true,"href":"https:\/\/lospoliticosveracruz.com\/index.php?rest_route=%2Fwp%2Fv2%2Ftags&post=46540"}],"curies":[{"name":"wp","href":"https:\/\/api.w.org\/{rel}","templated":true}]}}