{"id":46548,"date":"2019-01-25T09:29:04","date_gmt":"2019-01-25T15:29:04","guid":{"rendered":"http:\/\/www.lospoliticosveracruz.com.mx\/?p=46548"},"modified":"2019-01-25T09:29:04","modified_gmt":"2019-01-25T15:29:04","slug":"audios-y-traicion","status":"publish","type":"post","link":"https:\/\/lospoliticosveracruz.com\/?p=46548","title":{"rendered":"Audios y traici\u00f3n"},"content":{"rendered":"<p><strong>Ricardo Ch\u00faa<\/strong><\/p>\n<p><em>Sale y Vale<\/em><\/p>\n<p>PD&#8230; Nos informa La Fuente del PAN nacional que en pr\u00f3ximos d\u00edas vendr\u00e1 a Veracruz&#8230; El dirigente de este partido en M\u00e9xico, Marko Cort\u00e9s&#8230; Su visita obedece a una sola cosa (No confundan, no viene a reunirse a PapaYunes) a solicitar que se pida en el Congreso Local, v\u00eda sus diputados locales, un PROCEDIMIENTO DE JUICIO POL\u00cdTICO contra del gobernador, Cuitl\u00e1huac Garc\u00eda Jim\u00e9nez, por el tema de los AUDIOS dados a conocer en el peri\u00f3dico REFORMA&#8230; OTRA CRISIS POL\u00cdTICA EN VERACRUZ&#8230;<\/p>\n<p>AUDIOS Y TRAICI\u00d3N&#8230; En la pel\u00edcula \u00abEl Padrino II\u00bb hay una escena donde Michael Corleone dice a su fiel abogado, Tom Hagen: \u00abMi padre siempre me dijo que en la vida hay que saber 3 cosas: No rogarle a nadie, NO CONFIAR EN NADIE y no esperar nada de nadie\u00bb&#8230; Lo de \u00abReforma\u00bb deja claro que, independientemente del hecho, \u00e9l fue objeto de una traici\u00f3n&#8230; Y eso no se perdona.. Dec\u00eda un antecesor: \u00abQuien traiciona una vez, lo hace siempre\u00bb&#8230; Si supera el tema&#8230; Sabr\u00e1 que esta enfrentando a profesionales en la pol\u00edtica, no amateurs&#8230;<\/p>\n<p>Ya que despu\u00e9s de esa grave exhibida y los audios rodando en redes sociales, a pesar de que lo niegue, su gobierno entr\u00f3 en otra CRISIS POL\u00cdTICA, esa informaci\u00f3n juega en su contra&#8230; Y si es utilizada por los que llaman la \u00abMafia en el Poder\u00bb&#8230; Su administraci\u00f3n tendr\u00e1 problemas legales porque hubo un caso en Veracruz en reciente a\u00f1o llamado \u00abLadrones de Elecciones\u00bb que meti\u00f3 en conflictos al entonces incipiente gobierno de Enrique Pe\u00f1a Nieto y fue el inicio del fin del gobierno de Javier Duarte&#8230; \u00bfQu\u00e9 podr\u00eda pasar aqu\u00ed?&#8230;<\/p>\n<p>Lleva menos de 60 d\u00edas en el gobierno y tiene muchos frentes abiertos, unos pol\u00edticos, otros legales, pero que le han minado su administraci\u00f3n y para el colmo lo han exhibido p\u00fablica y medi\u00e1ticamente&#8230; Pe\u00f1a cedi\u00f3 mucho con el tema del \u00abOro Molido\u00bb&#8230; Se ha preguntado qu\u00e9 tendr\u00e1 que ceder Andr\u00e9s Manuel cuando la OPOSICI\u00d3N, lo presione por el tema de las grabaciones&#8230; \u00bfC\u00f3mo quedar\u00e1 parado el gobierno de Veracruz y su gobernador ante el Jefe de las Instituciones nacionales?&#8230;<\/p>\n<p>A estas alturas debe saber que el PAN nacional y ese \u00abFrente\u00bb opositor contra de gobiernos de MORENA ha crecido en estos dos meses y ser\u00e1n los precursores contra de Cuitl\u00e1huac por los audios donde pide \u00abacelerar\u00bb procesos de cambios de magistrados con el fin de quitar al Fiscal&#8230; Y el motivo es por qu\u00e9 no tienen nada que perder&#8230; El gobierno de Veracruz despu\u00e9s del \u00abReformazo\u00bb, se vuelve el \u00abeslab\u00f3n\u00bb m\u00e1s d\u00e9bil de MORENA&#8230;<\/p>\n<p>Ya que si el PAN se quieren posicionar, despu\u00e9s que les quitaron Puebla y que pierden oportunidad de ganarla porque no habr\u00e1 qui\u00e9n financie la campa\u00f1a&#8230; Los \u00abdardos\u00bb pueden dirigirse a Veracruz&#8230; Ah\u00ed en el PAN est\u00e1n sus verdaderos adversarios, los traidores le dieron \u00abarmas\u00bb para combatirlo&#8230; Seg\u00fan expertos en Derecho los delitos que le pueden fincar al Gobernador son tr\u00e1fico de influencias, abuso de autoridad, pasando por lo que pedir\u00e1 Marko Cort\u00e9s, que es: Juicio Pol\u00edtico porque est\u00e1 ATENTA contra la DIVISI\u00d3N DE PODERES&#8230;<\/p>\n<p>Si procede el Gobernador de Veracruz&#8230; Quedar\u00e1 muy \u00abgrillado\u00bb con L\u00f3pez Obrador por la CRISIS que mete al gobierno federal por los audios&#8230; Pero quedar\u00eda VULNERADO en su figura en la \u00abaldea\u00bb jarocha y eso es peor.. Le faltan 40 d\u00edas para llegar a los 100 de su gobierno&#8230; Si resiste una \u00ablimpia\u00bb no le vendr\u00eda mal de su gobierno&#8230; Ser\u00eda el momento de hacer \u00abrecuento de da\u00f1os\u00bb y el que no funcione ADI\u00d3S porque no va a resistir unas semanas m\u00e1s as\u00ed&#8230;<\/p>\n<p>Est\u00e1n masacrando su FIGURA POL\u00cdTICA Y P\u00daBLICA y la sociedad poco a poco le da la \u00abespalda\u00bb&#8230; El minimizar los audios y decir que lo graben cuantas veces quieran, no es respuesta&#8230; \u00bfPero sabr\u00e1 qui\u00e9n o quienes lo traicionaron?&#8230; Alguien dio el audio a enemigos, pero qui\u00e9n es ese Judas&#8230; Su gubernatura est\u00e1 en juego&#8230; Y ya el tema del juicio pol\u00edtico a Winckler se volvi\u00f3 show y no pasa nada&#8230; El Fiscal ah\u00ed sigue y se empecino&#8230;Repetimos MORENA juega contra PROFESIONALES y ac\u00e1 son puro AMATEUR&#8230; Ah\u00ed la muestra&#8230;<\/p>\n<p>La periodista, Patricia Gonz\u00e1lez, conductora del Noticiero de Felillo Malpica en 99.7 de MAR FM, hizo el mejor an\u00e1lisis hasta el momento de los audios dice: \u00abPodr\u00e1n decir que lo hizo Fidel, Duarte y hasta Yunes Linares, pero el tema es que a Cuitl\u00e1huac lo grabaron, Fidel dijo que no era su voz cuando se lo hicieron, respondi\u00f3 r\u00e1pido y el que calla otorga\u00bb&#8230; Tuvieron que pasar horas para que Cuitl\u00e1huac diera su versi\u00f3n&#8230; Demasiado tarde, el da\u00f1o estaba hecho&#8230; HABRA RE-CULONA&#8230;<\/p>\n<p>OPACIDAD DE LEGISLATIVA&#8230; En los temas al movimiento femenista&#8230; Se ve que hay personas que \u00abbrillan\u00bb pero por OPACIDAD y son las diputadas locales de las Comisiones de Igualdad: Ivonne Trujillo, de Perote; y Derechos Humanos y Grupos Vulnerables: Kristel Hern\u00e1ndez&#8230; El tema sucede como en el gobierno del Estado, no se sabe si por inexperiencia o porque se termina el primer per\u00edodo ordinario&#8230; Pero lo raro es que no hacen p\u00fablica la convocatoria para elegir al director del Centro de Estudios de G\u00e9nero del Congreso Local&#8230;<\/p>\n<p>Y eso que esta Legislatura del Estado es paritaria y ahora ellas se tienen que ayudar.. Es momento que las diputadas se unan y dejen \u00abgrillas\u00bb partidistas y someter golpeteo como sucedi\u00f3 con Ana Miriam Ferraez, donde Juan Javier G\u00f3mez Cazarin, no fue un caballero al defender a la dama, que es diputada de su partido y la dej\u00f3 que fuera sometida al escarnio medi\u00e1tico&#8230; A veces hay que ponerse los pantalones&#8230;Y una dama es una dama en donde sea&#8230;<\/p>\n<p>Si la reg\u00f3,eso se arregla en privado&#8230; Pero fue de caballeros la forma en que la dejaron sola&#8230; El y los dem\u00e1s diputados de MORENA&#8230;. Por eso es necesario el Centro de Estudios&#8230; Cualquier diputadas puede cometer una pifia parecida porque es una Legislatura donde prevalece la improvisaci\u00f3n&#8230;. A ver si en una de esas no se les termina su tiempo como diputadas y no hacen nada, y, al paso que van&#8230; No tienen para cuando..<\/p>\n","protected":false},"excerpt":{"rendered":"<p>Ricardo Ch\u00faa Sale y Vale PD&#8230; Nos informa La Fuente del PAN nacional que en pr\u00f3ximos d\u00edas vendr\u00e1 a Veracruz&#8230; El dirigente de este partido en M\u00e9xico, Marko Cort\u00e9s&#8230; Su visita obedece a una sola cosa (No confundan, no viene a reunirse a PapaYunes) a solicitar que se pida en el Congreso Local, v\u00eda sus [&hellip;]<\/p>\n","protected":false},"author":2,"featured_media":46549,"comment_status":"open","ping_status":"open","sticky":false,"template":"","format":"standard","meta":{"tdm_status":"","tdm_grid_status":"","footnotes":""},"categories":[70],"tags":[1563,13645,1003,12562,13646,3091,13647,195],"class_list":{"0":"post-46548","1":"post","2":"type-post","3":"status-publish","4":"format-standard","5":"has-post-thumbnail","7":"category-de-opinion","8":"tag-cuitlahuac-garcia-jimenez","9":"tag-el-padrino-ii","10":"tag-lopez-obrador","11":"tag-marko-cortes","12":"tag-michael-corleone","13":"tag-reforma","14":"tag-tom-hagen","15":"tag-veracruz"},"yoast_head":"<!-- This site is optimized with the Yoast SEO plugin v27.4 - https:\/\/yoast.com\/product\/yoast-seo-wordpress\/ -->\n<title>Audios y traici\u00f3n - Los pol\u00edticos Veracruz<\/title>\n<meta name=\"robots\" content=\"index, follow, max-snippet:-1, max-image-preview:large, max-video-preview:-1\" \/>\n<link rel=\"canonical\" href=\"https:\/\/lospoliticosveracruz.com\/?p=46548\" \/>\n<meta property=\"og:locale\" content=\"es_ES\" \/>\n<meta property=\"og:type\" content=\"article\" \/>\n<meta property=\"og:title\" content=\"Audios y traici\u00f3n - Los pol\u00edticos Veracruz\" \/>\n<meta property=\"og:description\" content=\"Ricardo Ch\u00faa Sale y Vale PD&#8230; Nos informa La Fuente del PAN nacional que en pr\u00f3ximos d\u00edas vendr\u00e1 a Veracruz&#8230; El dirigente de este partido en M\u00e9xico, Marko Cort\u00e9s&#8230; Su visita obedece a una sola cosa (No confundan, no viene a reunirse a PapaYunes) a solicitar que se pida en el Congreso Local, v\u00eda sus [&hellip;]\" \/>\n<meta property=\"og:url\" content=\"https:\/\/lospoliticosveracruz.com\/?p=46548\" \/>\n<meta property=\"og:site_name\" content=\"Los pol\u00edticos Veracruz\" \/>\n<meta property=\"article:publisher\" content=\"https:\/\/www.facebook.com\/people\/Notimemes-de-los-Polticos\/61565672886568\/\" \/>\n<meta property=\"article:published_time\" content=\"2019-01-25T15:29:04+00:00\" \/>\n<meta property=\"og:image\" content=\"https:\/\/lospoliticosveracruz.com\/wp-content\/uploads\/2019\/01\/CUIC-AUDIOS.jpeg\" \/>\n\t<meta property=\"og:image:width\" content=\"600\" \/>\n\t<meta property=\"og:image:height\" content=\"338\" \/>\n\t<meta property=\"og:image:type\" content=\"image\/jpeg\" \/>\n<meta name=\"author\" content=\"Lo viste en Los Pol\u00edticos\" \/>\n<meta name=\"twitter:card\" content=\"summary_large_image\" \/>\n<meta name=\"twitter:creator\" content=\"@LosPoliticosVer\" \/>\n<meta name=\"twitter:site\" content=\"@LosPoliticosVer\" \/>\n<meta name=\"twitter:label1\" content=\"Escrito por\" \/>\n\t<meta name=\"twitter:data1\" content=\"Lo viste en Los Pol\u00edticos\" \/>\n\t<meta name=\"twitter:label2\" content=\"Tiempo de lectura\" \/>\n\t<meta name=\"twitter:data2\" content=\"5 minutos\" \/>\n<script type=\"application\/ld+json\" class=\"yoast-schema-graph\">{\"@context\":\"https:\\\/\\\/schema.org\",\"@graph\":[{\"@type\":\"Article\",\"@id\":\"https:\\\/\\\/lospoliticosveracruz.com\\\/?p=46548#article\",\"isPartOf\":{\"@id\":\"https:\\\/\\\/lospoliticosveracruz.com\\\/?p=46548\"},\"author\":{\"name\":\"Lo viste en Los Pol\u00edticos\",\"@id\":\"https:\\\/\\\/lospoliticosveracruz.com\\\/#\\\/schema\\\/person\\\/b8702bb0e538456e6efd07080bf2a4a2\"},\"headline\":\"Audios y traici\u00f3n\",\"datePublished\":\"2019-01-25T15:29:04+00:00\",\"mainEntityOfPage\":{\"@id\":\"https:\\\/\\\/lospoliticosveracruz.com\\\/?p=46548\"},\"wordCount\":1090,\"commentCount\":0,\"publisher\":{\"@id\":\"https:\\\/\\\/lospoliticosveracruz.com\\\/#organization\"},\"image\":{\"@id\":\"https:\\\/\\\/lospoliticosveracruz.com\\\/?p=46548#primaryimage\"},\"thumbnailUrl\":\"https:\\\/\\\/lospoliticosveracruz.com\\\/wp-content\\\/uploads\\\/2019\\\/01\\\/CUIC-AUDIOS.jpeg\",\"keywords\":[\"Cuitl\u00e1huac Garc\u00eda Jim\u00e9nez\",\"El Padrino II\",\"L\u00f3pez Obrador\",\"Marko Cort\u00e9s\",\"Michael Corleone\",\"Reforma\",\"Tom Hagen\",\"Veracruz\"],\"articleSection\":[\"De Opini\u00f3n\"],\"inLanguage\":\"es\",\"potentialAction\":[{\"@type\":\"CommentAction\",\"name\":\"Comment\",\"target\":[\"https:\\\/\\\/lospoliticosveracruz.com\\\/?p=46548#respond\"]}]},{\"@type\":\"WebPage\",\"@id\":\"https:\\\/\\\/lospoliticosveracruz.com\\\/?p=46548\",\"url\":\"https:\\\/\\\/lospoliticosveracruz.com\\\/?p=46548\",\"name\":\"Audios y traici\u00f3n - Los pol\u00edticos Veracruz\",\"isPartOf\":{\"@id\":\"https:\\\/\\\/lospoliticosveracruz.com\\\/#website\"},\"primaryImageOfPage\":{\"@id\":\"https:\\\/\\\/lospoliticosveracruz.com\\\/?p=46548#primaryimage\"},\"image\":{\"@id\":\"https:\\\/\\\/lospoliticosveracruz.com\\\/?p=46548#primaryimage\"},\"thumbnailUrl\":\"https:\\\/\\\/lospoliticosveracruz.com\\\/wp-content\\\/uploads\\\/2019\\\/01\\\/CUIC-AUDIOS.jpeg\",\"datePublished\":\"2019-01-25T15:29:04+00:00\",\"breadcrumb\":{\"@id\":\"https:\\\/\\\/lospoliticosveracruz.com\\\/?p=46548#breadcrumb\"},\"inLanguage\":\"es\",\"potentialAction\":[{\"@type\":\"ReadAction\",\"target\":[\"https:\\\/\\\/lospoliticosveracruz.com\\\/?p=46548\"]}]},{\"@type\":\"ImageObject\",\"inLanguage\":\"es\",\"@id\":\"https:\\\/\\\/lospoliticosveracruz.com\\\/?p=46548#primaryimage\",\"url\":\"https:\\\/\\\/lospoliticosveracruz.com\\\/wp-content\\\/uploads\\\/2019\\\/01\\\/CUIC-AUDIOS.jpeg\",\"contentUrl\":\"https:\\\/\\\/lospoliticosveracruz.com\\\/wp-content\\\/uploads\\\/2019\\\/01\\\/CUIC-AUDIOS.jpeg\",\"width\":600,\"height\":338},{\"@type\":\"BreadcrumbList\",\"@id\":\"https:\\\/\\\/lospoliticosveracruz.com\\\/?p=46548#breadcrumb\",\"itemListElement\":[{\"@type\":\"ListItem\",\"position\":1,\"name\":\"Portada\",\"item\":\"https:\\\/\\\/lospoliticosveracruz.com\\\/\"},{\"@type\":\"ListItem\",\"position\":2,\"name\":\"Audios y traici\u00f3n\"}]},{\"@type\":\"WebSite\",\"@id\":\"https:\\\/\\\/lospoliticosveracruz.com\\\/#website\",\"url\":\"https:\\\/\\\/lospoliticosveracruz.com\\\/\",\"name\":\"Los pol\u00edticos Veracruz\",\"description\":\"\",\"publisher\":{\"@id\":\"https:\\\/\\\/lospoliticosveracruz.com\\\/#organization\"},\"potentialAction\":[{\"@type\":\"SearchAction\",\"target\":{\"@type\":\"EntryPoint\",\"urlTemplate\":\"https:\\\/\\\/lospoliticosveracruz.com\\\/?s={search_term_string}\"},\"query-input\":{\"@type\":\"PropertyValueSpecification\",\"valueRequired\":true,\"valueName\":\"search_term_string\"}}],\"inLanguage\":\"es\"},{\"@type\":\"Organization\",\"@id\":\"https:\\\/\\\/lospoliticosveracruz.com\\\/#organization\",\"name\":\"Los pol\u00edticos Veracruz\",\"url\":\"https:\\\/\\\/lospoliticosveracruz.com\\\/\",\"logo\":{\"@type\":\"ImageObject\",\"inLanguage\":\"es\",\"@id\":\"https:\\\/\\\/lospoliticosveracruz.com\\\/#\\\/schema\\\/logo\\\/image\\\/\",\"url\":\"https:\\\/\\\/lospoliticosveracruz.com\\\/wp-content\\\/uploads\\\/2025\\\/12\\\/Logo-Nuevo-LOS-POLITICOS-1.jpg\",\"contentUrl\":\"https:\\\/\\\/lospoliticosveracruz.com\\\/wp-content\\\/uploads\\\/2025\\\/12\\\/Logo-Nuevo-LOS-POLITICOS-1.jpg\",\"width\":260,\"height\":70,\"caption\":\"Los pol\u00edticos Veracruz\"},\"image\":{\"@id\":\"https:\\\/\\\/lospoliticosveracruz.com\\\/#\\\/schema\\\/logo\\\/image\\\/\"},\"sameAs\":[\"https:\\\/\\\/www.facebook.com\\\/people\\\/Notimemes-de-los-Polticos\\\/61565672886568\\\/\",\"https:\\\/\\\/x.com\\\/LosPoliticosVer\"]},{\"@type\":\"Person\",\"@id\":\"https:\\\/\\\/lospoliticosveracruz.com\\\/#\\\/schema\\\/person\\\/b8702bb0e538456e6efd07080bf2a4a2\",\"name\":\"Lo viste en Los Pol\u00edticos\",\"image\":{\"@type\":\"ImageObject\",\"inLanguage\":\"es\",\"@id\":\"https:\\\/\\\/secure.gravatar.com\\\/avatar\\\/3a8de04a2656d44082be478bd6c086daa447c4651605818287b9532d3d0bd435?s=96&d=mm&r=g\",\"url\":\"https:\\\/\\\/secure.gravatar.com\\\/avatar\\\/3a8de04a2656d44082be478bd6c086daa447c4651605818287b9532d3d0bd435?s=96&d=mm&r=g\",\"contentUrl\":\"https:\\\/\\\/secure.gravatar.com\\\/avatar\\\/3a8de04a2656d44082be478bd6c086daa447c4651605818287b9532d3d0bd435?s=96&d=mm&r=g\",\"caption\":\"Lo viste en Los Pol\u00edticos\"},\"url\":\"https:\\\/\\\/lospoliticosveracruz.com\\\/?author=2\"}]}<\/script>\n<!-- \/ Yoast SEO plugin. -->","yoast_head_json":{"title":"Audios y traici\u00f3n - Los pol\u00edticos Veracruz","robots":{"index":"index","follow":"follow","max-snippet":"max-snippet:-1","max-image-preview":"max-image-preview:large","max-video-preview":"max-video-preview:-1"},"canonical":"https:\/\/lospoliticosveracruz.com\/?p=46548","og_locale":"es_ES","og_type":"article","og_title":"Audios y traici\u00f3n - Los pol\u00edticos Veracruz","og_description":"Ricardo Ch\u00faa Sale y Vale PD&#8230; Nos informa La Fuente del PAN nacional que en pr\u00f3ximos d\u00edas vendr\u00e1 a Veracruz&#8230; El dirigente de este partido en M\u00e9xico, Marko Cort\u00e9s&#8230; Su visita obedece a una sola cosa (No confundan, no viene a reunirse a PapaYunes) a solicitar que se pida en el Congreso Local, v\u00eda sus [&hellip;]","og_url":"https:\/\/lospoliticosveracruz.com\/?p=46548","og_site_name":"Los pol\u00edticos Veracruz","article_publisher":"https:\/\/www.facebook.com\/people\/Notimemes-de-los-Polticos\/61565672886568\/","article_published_time":"2019-01-25T15:29:04+00:00","og_image":[{"width":600,"height":338,"url":"https:\/\/lospoliticosveracruz.com\/wp-content\/uploads\/2019\/01\/CUIC-AUDIOS.jpeg","type":"image\/jpeg"}],"author":"Lo viste en Los Pol\u00edticos","twitter_card":"summary_large_image","twitter_creator":"@LosPoliticosVer","twitter_site":"@LosPoliticosVer","twitter_misc":{"Escrito por":"Lo viste en Los Pol\u00edticos","Tiempo de lectura":"5 minutos"},"schema":{"@context":"https:\/\/schema.org","@graph":[{"@type":"Article","@id":"https:\/\/lospoliticosveracruz.com\/?p=46548#article","isPartOf":{"@id":"https:\/\/lospoliticosveracruz.com\/?p=46548"},"author":{"name":"Lo viste en Los Pol\u00edticos","@id":"https:\/\/lospoliticosveracruz.com\/#\/schema\/person\/b8702bb0e538456e6efd07080bf2a4a2"},"headline":"Audios y traici\u00f3n","datePublished":"2019-01-25T15:29:04+00:00","mainEntityOfPage":{"@id":"https:\/\/lospoliticosveracruz.com\/?p=46548"},"wordCount":1090,"commentCount":0,"publisher":{"@id":"https:\/\/lospoliticosveracruz.com\/#organization"},"image":{"@id":"https:\/\/lospoliticosveracruz.com\/?p=46548#primaryimage"},"thumbnailUrl":"https:\/\/lospoliticosveracruz.com\/wp-content\/uploads\/2019\/01\/CUIC-AUDIOS.jpeg","keywords":["Cuitl\u00e1huac Garc\u00eda Jim\u00e9nez","El Padrino II","L\u00f3pez Obrador","Marko Cort\u00e9s","Michael Corleone","Reforma","Tom Hagen","Veracruz"],"articleSection":["De Opini\u00f3n"],"inLanguage":"es","potentialAction":[{"@type":"CommentAction","name":"Comment","target":["https:\/\/lospoliticosveracruz.com\/?p=46548#respond"]}]},{"@type":"WebPage","@id":"https:\/\/lospoliticosveracruz.com\/?p=46548","url":"https:\/\/lospoliticosveracruz.com\/?p=46548","name":"Audios y traici\u00f3n - Los pol\u00edticos Veracruz","isPartOf":{"@id":"https:\/\/lospoliticosveracruz.com\/#website"},"primaryImageOfPage":{"@id":"https:\/\/lospoliticosveracruz.com\/?p=46548#primaryimage"},"image":{"@id":"https:\/\/lospoliticosveracruz.com\/?p=46548#primaryimage"},"thumbnailUrl":"https:\/\/lospoliticosveracruz.com\/wp-content\/uploads\/2019\/01\/CUIC-AUDIOS.jpeg","datePublished":"2019-01-25T15:29:04+00:00","breadcrumb":{"@id":"https:\/\/lospoliticosveracruz.com\/?p=46548#breadcrumb"},"inLanguage":"es","potentialAction":[{"@type":"ReadAction","target":["https:\/\/lospoliticosveracruz.com\/?p=46548"]}]},{"@type":"ImageObject","inLanguage":"es","@id":"https:\/\/lospoliticosveracruz.com\/?p=46548#primaryimage","url":"https:\/\/lospoliticosveracruz.com\/wp-content\/uploads\/2019\/01\/CUIC-AUDIOS.jpeg","contentUrl":"https:\/\/lospoliticosveracruz.com\/wp-content\/uploads\/2019\/01\/CUIC-AUDIOS.jpeg","width":600,"height":338},{"@type":"BreadcrumbList","@id":"https:\/\/lospoliticosveracruz.com\/?p=46548#breadcrumb","itemListElement":[{"@type":"ListItem","position":1,"name":"Portada","item":"https:\/\/lospoliticosveracruz.com\/"},{"@type":"ListItem","position":2,"name":"Audios y traici\u00f3n"}]},{"@type":"WebSite","@id":"https:\/\/lospoliticosveracruz.com\/#website","url":"https:\/\/lospoliticosveracruz.com\/","name":"Los pol\u00edticos Veracruz","description":"","publisher":{"@id":"https:\/\/lospoliticosveracruz.com\/#organization"},"potentialAction":[{"@type":"SearchAction","target":{"@type":"EntryPoint","urlTemplate":"https:\/\/lospoliticosveracruz.com\/?s={search_term_string}"},"query-input":{"@type":"PropertyValueSpecification","valueRequired":true,"valueName":"search_term_string"}}],"inLanguage":"es"},{"@type":"Organization","@id":"https:\/\/lospoliticosveracruz.com\/#organization","name":"Los pol\u00edticos Veracruz","url":"https:\/\/lospoliticosveracruz.com\/","logo":{"@type":"ImageObject","inLanguage":"es","@id":"https:\/\/lospoliticosveracruz.com\/#\/schema\/logo\/image\/","url":"https:\/\/lospoliticosveracruz.com\/wp-content\/uploads\/2025\/12\/Logo-Nuevo-LOS-POLITICOS-1.jpg","contentUrl":"https:\/\/lospoliticosveracruz.com\/wp-content\/uploads\/2025\/12\/Logo-Nuevo-LOS-POLITICOS-1.jpg","width":260,"height":70,"caption":"Los pol\u00edticos Veracruz"},"image":{"@id":"https:\/\/lospoliticosveracruz.com\/#\/schema\/logo\/image\/"},"sameAs":["https:\/\/www.facebook.com\/people\/Notimemes-de-los-Polticos\/61565672886568\/","https:\/\/x.com\/LosPoliticosVer"]},{"@type":"Person","@id":"https:\/\/lospoliticosveracruz.com\/#\/schema\/person\/b8702bb0e538456e6efd07080bf2a4a2","name":"Lo viste en Los Pol\u00edticos","image":{"@type":"ImageObject","inLanguage":"es","@id":"https:\/\/secure.gravatar.com\/avatar\/3a8de04a2656d44082be478bd6c086daa447c4651605818287b9532d3d0bd435?s=96&d=mm&r=g","url":"https:\/\/secure.gravatar.com\/avatar\/3a8de04a2656d44082be478bd6c086daa447c4651605818287b9532d3d0bd435?s=96&d=mm&r=g","contentUrl":"https:\/\/secure.gravatar.com\/avatar\/3a8de04a2656d44082be478bd6c086daa447c4651605818287b9532d3d0bd435?s=96&d=mm&r=g","caption":"Lo viste en Los Pol\u00edticos"},"url":"https:\/\/lospoliticosveracruz.com\/?author=2"}]}},"_links":{"self":[{"href":"https:\/\/lospoliticosveracruz.com\/index.php?rest_route=\/wp\/v2\/posts\/46548","targetHints":{"allow":["GET"]}}],"collection":[{"href":"https:\/\/lospoliticosveracruz.com\/index.php?rest_route=\/wp\/v2\/posts"}],"about":[{"href":"https:\/\/lospoliticosveracruz.com\/index.php?rest_route=\/wp\/v2\/types\/post"}],"author":[{"embeddable":true,"href":"https:\/\/lospoliticosveracruz.com\/index.php?rest_route=\/wp\/v2\/users\/2"}],"replies":[{"embeddable":true,"href":"https:\/\/lospoliticosveracruz.com\/index.php?rest_route=%2Fwp%2Fv2%2Fcomments&post=46548"}],"version-history":[{"count":1,"href":"https:\/\/lospoliticosveracruz.com\/index.php?rest_route=\/wp\/v2\/posts\/46548\/revisions"}],"predecessor-version":[{"id":46550,"href":"https:\/\/lospoliticosveracruz.com\/index.php?rest_route=\/wp\/v2\/posts\/46548\/revisions\/46550"}],"wp:featuredmedia":[{"embeddable":true,"href":"https:\/\/lospoliticosveracruz.com\/index.php?rest_route=\/wp\/v2\/media\/46549"}],"wp:attachment":[{"href":"https:\/\/lospoliticosveracruz.com\/index.php?rest_route=%2Fwp%2Fv2%2Fmedia&parent=46548"}],"wp:term":[{"taxonomy":"category","embeddable":true,"href":"https:\/\/lospoliticosveracruz.com\/index.php?rest_route=%2Fwp%2Fv2%2Fcategories&post=46548"},{"taxonomy":"post_tag","embeddable":true,"href":"https:\/\/lospoliticosveracruz.com\/index.php?rest_route=%2Fwp%2Fv2%2Ftags&post=46548"}],"curies":[{"name":"wp","href":"https:\/\/api.w.org\/{rel}","templated":true}]}}