{"id":46551,"date":"2019-01-25T09:49:11","date_gmt":"2019-01-25T15:49:11","guid":{"rendered":"http:\/\/www.lospoliticosveracruz.com.mx\/?p=46551"},"modified":"2019-01-25T09:49:11","modified_gmt":"2019-01-25T15:49:11","slug":"bienvenido-a-la-presidencia-senor-lopez","status":"publish","type":"post","link":"https:\/\/lospoliticosveracruz.com\/?p=46551","title":{"rendered":"\u00a1Bienvenido a la presidencia Se\u00f1or L\u00f3pez!"},"content":{"rendered":"<p><strong>Felipe de Jes\u00fas Fern\u00e1ndez Basilio<\/strong><\/p>\n<p><em>Desde A Janela<\/em><\/p>\n<p>El pasado 18 de enero en una poblaci\u00f3n ir\u00f3nicamente denominada Tlahuelilpan que significa \u201cLugar en el que brota el agua\u201d, ocurri\u00f3 una tragedia que cobr\u00f3 la vida de casi cien personas y dej\u00f3 a muchas otras heridas, en lo que se reporta como la m\u00e1s grande cat\u00e1strofe causada por el robo de combustible en M\u00e9xico.<\/p>\n<p>Ese percance es el bautizo de fuego para la actual administraci\u00f3n federal, ya que ocurre casi cuando comienza y para colmo en el marco de su primera cruzada de importancia, la guerra contra el robo de combustible o huachicoleo.<\/p>\n<p>Y se trata del primer gran reto que el gobierno enfrenta, ya que su actuar antes, durante y despu\u00e9s de ocurrida la tragedia ser\u00e1 cuestionado duramente tal y como debe de ser y se hace con cualquier gobierno en el mundo.<\/p>\n<p>Sobre todo, porque dicho actuar deja mucho que desear en lo ya hecho y muchas dudas en lo por hacer y como muestras de ello veamos las siguientes:<\/p>\n<p>En primer lugar, debemos de ver c\u00f3mo ocurrieron los hechos y tenemos que todo comenz\u00f3 con una perforaci\u00f3n en un ducto provocada por los ladrones de combustible, la cual l\u00f3gicamente no se encontraba bien hecha y con el paso del tiempo el combustible brot\u00f3 en grandes cantidades, lo que provoc\u00f3 que los pobladores del lugar equipados con bidones y garrafas fueran a recolectar (hurtar) el combustible que emanaba del ducto perforado, situaci\u00f3n que dur\u00f3 pr\u00e1cticamente todo el d\u00eda y sin que las fuerzas del orden intervinieran ni que Pemex tomara las medidas pertinentes hasta que en la noche sucedi\u00f3 lo que ten\u00eda que pasar, el combustible explot\u00f3.<\/p>\n<p>De lo anteriormente se\u00f1alado tenemos que hay varias situaciones que contribuyeron a tremenda desgracia, unas atribuibles al gobierno y otras a la poblaci\u00f3n, pero en las que el gobierno deber\u00e1 e intervenir posteriormente.<\/p>\n<p>De las que podemos atribuir directamente al gobierno tenemos el hecho de que desde el momento en que se supo que hab\u00eda una fuga y que la gente se empez\u00f3 a reunir para robar, hay que llamar las cosas por su nombre, el combustible hasta que sucedi\u00f3 la explosi\u00f3n transcurrieron muchas horas y en todo ese tiempo solo acudieron al lugar un pu\u00f1ado de elementos de las fuerzas del orden, quienes fueron impotentes para contener a la que en tiempos virreinales llamaban como la \u201cVulgar Canalla\u201d.<\/p>\n<p>Y ello se debe a dos factores, siendo el primero de ellos el famoso \u201cS\u00edndrome del 68\u201d que consiste en temer a imponer el orden cuando una multitud se desborda por temor a ser acusados de reprimir a los manifestantes y la otra es que el Presidente de la Rep\u00fablica no tiene la menor intenci\u00f3n de tocar ni con el p\u00e9talo de una rosa a lo que \u00e9l llama como el \u201cPueblo Bueno y Sabio\u201d, aunque en este caso sea m\u00e1s aplicable el t\u00e9rmino colonial ya mencionado y de haberse reprimido a los que se acercaban a la zona, se hubiera minimizado la tragedia.<\/p>\n<p>Otra situaci\u00f3n que tambi\u00e9n es atribuible al gobierno es que no supieron que hacer desde Pemex para cerrar el ducto al momento de detectarse la fuga y ello se debe a que empezaron muy mal su estrategia para el combate al robo de combustible al cerrar todos los ductos y provocar desabasto y por ello es casi seguro que temieron volver a hacerlo y m\u00e1s que al cerrarlo se iba a afectar a su fiel Ciudad de M\u00e9xico, no hay que olvidar que en los estados opositores todav\u00eda no resuelven el problema de la falta de combustible.<\/p>\n<p>Pero como dijimos el gobierno no es el \u00fanico responsable de la situaci\u00f3n, ya que la poblaci\u00f3n tambi\u00e9n tiene gran parte de la culpa de lo acontecido, ya que fueron al lugar de la fuga con la clara intenci\u00f3n de robarse el combustible que brotaba de la fuga movidos por la codicia de venderlo en el mercado negro o a empresarios gasolineros y no por necesidad, ya que a simple vista se ve que no se trataba de gente en situaci\u00f3n de extrema pobreza ya que estaban equipados con grandes cantidades de bidones y garrafas para transportar el combustible robado.<\/p>\n<p>Y ese es un patr\u00f3n de comportamiento generalizado en todo el pa\u00eds, ya que basta con que se accidente cualquier transporte de carga para que los lugare\u00f1os acudan al lugar para saquear la mercanc\u00eda transportada.<\/p>\n<p>Mas a pesar de que la poblaci\u00f3n tambi\u00e9n fue responsable del percance ocurrido y que si bien es cierto que los que murieron o quedaron gravemente heridos en el pecado llevaron la penitencia, tambi\u00e9n lo es que el actuar del gobierno en relaci\u00f3n a lo sucedido ser\u00e1 fundamental para saber si la cruzada contra el huachicoleo va en serio o solo son puras habladas.<\/p>\n<p>Ya que la estrategia ser\u00e1 seria si se investiga y sanciona a quienes acudieron a robar el combustible ya que la poblaci\u00f3n implicada en este caso es tan culpable como el crimen organizado o los delincuentes de cuello blanco que se encuentran en Pemex o en el sindicato petrolero y si en verdad se quiere remediar el robo de combustible debe de haber cero tolerancia respecto a quienes cometan este delito sin importar si est\u00e1n organizados o son simples oportunistas.<\/p>\n<p>Pero si van a continuar con el discurso de que el pueblo \u201crecolect\u00f3\u201d el combustible por necesidad y que solo las mafias est\u00e1n en los corruptos conservadores del pasado, lamento decir que toda esta campa\u00f1ita lanzada con bombo y platillo no es m\u00e1s que otro cuento ya que el problema no se va a resolver.<\/p>\n<p>As\u00ed que esta es la primera gran crisis que tiene que afrontar L\u00f3pez como gobernante y las decisiones que tome ser\u00e1n duramente cuestionadas y m\u00e1s si \u00e9stas no son efectivas tal y como \u00e9l lo hizo durante a\u00f1os con quienes le precedieron; mas ahora \u00e9l es el que est\u00e1 a cargo y por lo tanto lo que resta es decirle \u00a1Bienvenido a la presidencia Sr. L\u00f3pez!<\/p>\n<p><a href=\"mailto:felfebas@gmail.com\">felfebas@gmail.com<\/a><\/p>\n<p>Twitter: @FelipeFBasilio<\/p>\n","protected":false},"excerpt":{"rendered":"<p>Felipe de Jes\u00fas Fern\u00e1ndez Basilio Desde A Janela El pasado 18 de enero en una poblaci\u00f3n ir\u00f3nicamente denominada Tlahuelilpan que significa \u201cLugar en el que brota el agua\u201d, ocurri\u00f3 una tragedia que cobr\u00f3 la vida de casi cien personas y dej\u00f3 a muchas otras heridas, en lo que se reporta como la m\u00e1s grande cat\u00e1strofe [&hellip;]<\/p>\n","protected":false},"author":2,"featured_media":46552,"comment_status":"open","ping_status":"open","sticky":false,"template":"","format":"standard","meta":{"tdm_status":"","tdm_grid_status":"","footnotes":""},"categories":[70],"tags":[3795,12710,13539,395,372,12694,13648,13615],"class_list":{"0":"post-46551","1":"post","2":"type-post","3":"status-publish","4":"format-standard","5":"has-post-thumbnail","7":"category-de-opinion","8":"tag-ciudad-de-mexico","9":"tag-felipe-de-jesus-fernandez-basilio","10":"tag-huachicoleo","11":"tag-mexico","12":"tag-pemex","13":"tag-presidente-de-la-republica","14":"tag-sindrome-del-68","15":"tag-tlahuelilpan"},"yoast_head":"<!-- This site is optimized with the Yoast SEO plugin v27.4 - https:\/\/yoast.com\/product\/yoast-seo-wordpress\/ -->\n<title>\u00a1Bienvenido a la presidencia Se\u00f1or L\u00f3pez! - Los pol\u00edticos Veracruz<\/title>\n<meta name=\"robots\" content=\"index, follow, max-snippet:-1, max-image-preview:large, max-video-preview:-1\" \/>\n<link rel=\"canonical\" href=\"https:\/\/lospoliticosveracruz.com\/?p=46551\" \/>\n<meta property=\"og:locale\" content=\"es_ES\" \/>\n<meta property=\"og:type\" content=\"article\" \/>\n<meta property=\"og:title\" content=\"\u00a1Bienvenido a la presidencia Se\u00f1or L\u00f3pez! - Los pol\u00edticos Veracruz\" \/>\n<meta property=\"og:description\" content=\"Felipe de Jes\u00fas Fern\u00e1ndez Basilio Desde A Janela El pasado 18 de enero en una poblaci\u00f3n ir\u00f3nicamente denominada Tlahuelilpan que significa \u201cLugar en el que brota el agua\u201d, ocurri\u00f3 una tragedia que cobr\u00f3 la vida de casi cien personas y dej\u00f3 a muchas otras heridas, en lo que se reporta como la m\u00e1s grande cat\u00e1strofe [&hellip;]\" \/>\n<meta property=\"og:url\" content=\"https:\/\/lospoliticosveracruz.com\/?p=46551\" \/>\n<meta property=\"og:site_name\" content=\"Los pol\u00edticos Veracruz\" \/>\n<meta property=\"article:publisher\" content=\"https:\/\/www.facebook.com\/people\/Notimemes-de-los-Polticos\/61565672886568\/\" \/>\n<meta property=\"article:published_time\" content=\"2019-01-25T15:49:11+00:00\" \/>\n<meta property=\"og:image\" content=\"https:\/\/lospoliticosveracruz.com\/wp-content\/uploads\/2019\/01\/huachicol-lopez-obrador-AMLO-combate-gasolina-desabasto.jpg\" \/>\n\t<meta property=\"og:image:width\" content=\"600\" \/>\n\t<meta property=\"og:image:height\" content=\"379\" \/>\n\t<meta property=\"og:image:type\" content=\"image\/jpeg\" \/>\n<meta name=\"author\" content=\"Lo viste en Los Pol\u00edticos\" \/>\n<meta name=\"twitter:card\" content=\"summary_large_image\" \/>\n<meta name=\"twitter:creator\" content=\"@LosPoliticosVer\" \/>\n<meta name=\"twitter:site\" content=\"@LosPoliticosVer\" \/>\n<meta name=\"twitter:label1\" content=\"Escrito por\" \/>\n\t<meta name=\"twitter:data1\" content=\"Lo viste en Los Pol\u00edticos\" \/>\n\t<meta name=\"twitter:label2\" content=\"Tiempo de lectura\" \/>\n\t<meta name=\"twitter:data2\" content=\"5 minutos\" \/>\n<script type=\"application\/ld+json\" class=\"yoast-schema-graph\">{\"@context\":\"https:\\\/\\\/schema.org\",\"@graph\":[{\"@type\":\"Article\",\"@id\":\"https:\\\/\\\/lospoliticosveracruz.com\\\/?p=46551#article\",\"isPartOf\":{\"@id\":\"https:\\\/\\\/lospoliticosveracruz.com\\\/?p=46551\"},\"author\":{\"name\":\"Lo viste en Los Pol\u00edticos\",\"@id\":\"https:\\\/\\\/lospoliticosveracruz.com\\\/#\\\/schema\\\/person\\\/b8702bb0e538456e6efd07080bf2a4a2\"},\"headline\":\"\u00a1Bienvenido a la presidencia Se\u00f1or L\u00f3pez!\",\"datePublished\":\"2019-01-25T15:49:11+00:00\",\"mainEntityOfPage\":{\"@id\":\"https:\\\/\\\/lospoliticosveracruz.com\\\/?p=46551\"},\"wordCount\":1064,\"commentCount\":0,\"publisher\":{\"@id\":\"https:\\\/\\\/lospoliticosveracruz.com\\\/#organization\"},\"image\":{\"@id\":\"https:\\\/\\\/lospoliticosveracruz.com\\\/?p=46551#primaryimage\"},\"thumbnailUrl\":\"https:\\\/\\\/lospoliticosveracruz.com\\\/wp-content\\\/uploads\\\/2019\\\/01\\\/huachicol-lopez-obrador-AMLO-combate-gasolina-desabasto.jpg\",\"keywords\":[\"Ciudad de M\u00e9xico\",\"Felipe de Jes\u00fas Fern\u00e1ndez Basilio\",\"huachicoleo\",\"M\u00e9xico\",\"Pemex\",\"Presidente de la Rep\u00fablica\",\"S\u00edndrome del 68\",\"Tlahuelilpan\"],\"articleSection\":[\"De Opini\u00f3n\"],\"inLanguage\":\"es\",\"potentialAction\":[{\"@type\":\"CommentAction\",\"name\":\"Comment\",\"target\":[\"https:\\\/\\\/lospoliticosveracruz.com\\\/?p=46551#respond\"]}]},{\"@type\":\"WebPage\",\"@id\":\"https:\\\/\\\/lospoliticosveracruz.com\\\/?p=46551\",\"url\":\"https:\\\/\\\/lospoliticosveracruz.com\\\/?p=46551\",\"name\":\"\u00a1Bienvenido a la presidencia Se\u00f1or L\u00f3pez! - Los pol\u00edticos Veracruz\",\"isPartOf\":{\"@id\":\"https:\\\/\\\/lospoliticosveracruz.com\\\/#website\"},\"primaryImageOfPage\":{\"@id\":\"https:\\\/\\\/lospoliticosveracruz.com\\\/?p=46551#primaryimage\"},\"image\":{\"@id\":\"https:\\\/\\\/lospoliticosveracruz.com\\\/?p=46551#primaryimage\"},\"thumbnailUrl\":\"https:\\\/\\\/lospoliticosveracruz.com\\\/wp-content\\\/uploads\\\/2019\\\/01\\\/huachicol-lopez-obrador-AMLO-combate-gasolina-desabasto.jpg\",\"datePublished\":\"2019-01-25T15:49:11+00:00\",\"breadcrumb\":{\"@id\":\"https:\\\/\\\/lospoliticosveracruz.com\\\/?p=46551#breadcrumb\"},\"inLanguage\":\"es\",\"potentialAction\":[{\"@type\":\"ReadAction\",\"target\":[\"https:\\\/\\\/lospoliticosveracruz.com\\\/?p=46551\"]}]},{\"@type\":\"ImageObject\",\"inLanguage\":\"es\",\"@id\":\"https:\\\/\\\/lospoliticosveracruz.com\\\/?p=46551#primaryimage\",\"url\":\"https:\\\/\\\/lospoliticosveracruz.com\\\/wp-content\\\/uploads\\\/2019\\\/01\\\/huachicol-lopez-obrador-AMLO-combate-gasolina-desabasto.jpg\",\"contentUrl\":\"https:\\\/\\\/lospoliticosveracruz.com\\\/wp-content\\\/uploads\\\/2019\\\/01\\\/huachicol-lopez-obrador-AMLO-combate-gasolina-desabasto.jpg\",\"width\":600,\"height\":379},{\"@type\":\"BreadcrumbList\",\"@id\":\"https:\\\/\\\/lospoliticosveracruz.com\\\/?p=46551#breadcrumb\",\"itemListElement\":[{\"@type\":\"ListItem\",\"position\":1,\"name\":\"Portada\",\"item\":\"https:\\\/\\\/lospoliticosveracruz.com\\\/\"},{\"@type\":\"ListItem\",\"position\":2,\"name\":\"\u00a1Bienvenido a la presidencia Se\u00f1or L\u00f3pez!\"}]},{\"@type\":\"WebSite\",\"@id\":\"https:\\\/\\\/lospoliticosveracruz.com\\\/#website\",\"url\":\"https:\\\/\\\/lospoliticosveracruz.com\\\/\",\"name\":\"Los pol\u00edticos Veracruz\",\"description\":\"\",\"publisher\":{\"@id\":\"https:\\\/\\\/lospoliticosveracruz.com\\\/#organization\"},\"potentialAction\":[{\"@type\":\"SearchAction\",\"target\":{\"@type\":\"EntryPoint\",\"urlTemplate\":\"https:\\\/\\\/lospoliticosveracruz.com\\\/?s={search_term_string}\"},\"query-input\":{\"@type\":\"PropertyValueSpecification\",\"valueRequired\":true,\"valueName\":\"search_term_string\"}}],\"inLanguage\":\"es\"},{\"@type\":\"Organization\",\"@id\":\"https:\\\/\\\/lospoliticosveracruz.com\\\/#organization\",\"name\":\"Los pol\u00edticos Veracruz\",\"url\":\"https:\\\/\\\/lospoliticosveracruz.com\\\/\",\"logo\":{\"@type\":\"ImageObject\",\"inLanguage\":\"es\",\"@id\":\"https:\\\/\\\/lospoliticosveracruz.com\\\/#\\\/schema\\\/logo\\\/image\\\/\",\"url\":\"https:\\\/\\\/lospoliticosveracruz.com\\\/wp-content\\\/uploads\\\/2025\\\/12\\\/Logo-Nuevo-LOS-POLITICOS-1.jpg\",\"contentUrl\":\"https:\\\/\\\/lospoliticosveracruz.com\\\/wp-content\\\/uploads\\\/2025\\\/12\\\/Logo-Nuevo-LOS-POLITICOS-1.jpg\",\"width\":260,\"height\":70,\"caption\":\"Los pol\u00edticos Veracruz\"},\"image\":{\"@id\":\"https:\\\/\\\/lospoliticosveracruz.com\\\/#\\\/schema\\\/logo\\\/image\\\/\"},\"sameAs\":[\"https:\\\/\\\/www.facebook.com\\\/people\\\/Notimemes-de-los-Polticos\\\/61565672886568\\\/\",\"https:\\\/\\\/x.com\\\/LosPoliticosVer\"]},{\"@type\":\"Person\",\"@id\":\"https:\\\/\\\/lospoliticosveracruz.com\\\/#\\\/schema\\\/person\\\/b8702bb0e538456e6efd07080bf2a4a2\",\"name\":\"Lo viste en Los Pol\u00edticos\",\"image\":{\"@type\":\"ImageObject\",\"inLanguage\":\"es\",\"@id\":\"https:\\\/\\\/secure.gravatar.com\\\/avatar\\\/3a8de04a2656d44082be478bd6c086daa447c4651605818287b9532d3d0bd435?s=96&d=mm&r=g\",\"url\":\"https:\\\/\\\/secure.gravatar.com\\\/avatar\\\/3a8de04a2656d44082be478bd6c086daa447c4651605818287b9532d3d0bd435?s=96&d=mm&r=g\",\"contentUrl\":\"https:\\\/\\\/secure.gravatar.com\\\/avatar\\\/3a8de04a2656d44082be478bd6c086daa447c4651605818287b9532d3d0bd435?s=96&d=mm&r=g\",\"caption\":\"Lo viste en Los Pol\u00edticos\"},\"url\":\"https:\\\/\\\/lospoliticosveracruz.com\\\/?author=2\"}]}<\/script>\n<!-- \/ Yoast SEO plugin. -->","yoast_head_json":{"title":"\u00a1Bienvenido a la presidencia Se\u00f1or L\u00f3pez! - Los pol\u00edticos Veracruz","robots":{"index":"index","follow":"follow","max-snippet":"max-snippet:-1","max-image-preview":"max-image-preview:large","max-video-preview":"max-video-preview:-1"},"canonical":"https:\/\/lospoliticosveracruz.com\/?p=46551","og_locale":"es_ES","og_type":"article","og_title":"\u00a1Bienvenido a la presidencia Se\u00f1or L\u00f3pez! - Los pol\u00edticos Veracruz","og_description":"Felipe de Jes\u00fas Fern\u00e1ndez Basilio Desde A Janela El pasado 18 de enero en una poblaci\u00f3n ir\u00f3nicamente denominada Tlahuelilpan que significa \u201cLugar en el que brota el agua\u201d, ocurri\u00f3 una tragedia que cobr\u00f3 la vida de casi cien personas y dej\u00f3 a muchas otras heridas, en lo que se reporta como la m\u00e1s grande cat\u00e1strofe [&hellip;]","og_url":"https:\/\/lospoliticosveracruz.com\/?p=46551","og_site_name":"Los pol\u00edticos Veracruz","article_publisher":"https:\/\/www.facebook.com\/people\/Notimemes-de-los-Polticos\/61565672886568\/","article_published_time":"2019-01-25T15:49:11+00:00","og_image":[{"width":600,"height":379,"url":"https:\/\/lospoliticosveracruz.com\/wp-content\/uploads\/2019\/01\/huachicol-lopez-obrador-AMLO-combate-gasolina-desabasto.jpg","type":"image\/jpeg"}],"author":"Lo viste en Los Pol\u00edticos","twitter_card":"summary_large_image","twitter_creator":"@LosPoliticosVer","twitter_site":"@LosPoliticosVer","twitter_misc":{"Escrito por":"Lo viste en Los Pol\u00edticos","Tiempo de lectura":"5 minutos"},"schema":{"@context":"https:\/\/schema.org","@graph":[{"@type":"Article","@id":"https:\/\/lospoliticosveracruz.com\/?p=46551#article","isPartOf":{"@id":"https:\/\/lospoliticosveracruz.com\/?p=46551"},"author":{"name":"Lo viste en Los Pol\u00edticos","@id":"https:\/\/lospoliticosveracruz.com\/#\/schema\/person\/b8702bb0e538456e6efd07080bf2a4a2"},"headline":"\u00a1Bienvenido a la presidencia Se\u00f1or L\u00f3pez!","datePublished":"2019-01-25T15:49:11+00:00","mainEntityOfPage":{"@id":"https:\/\/lospoliticosveracruz.com\/?p=46551"},"wordCount":1064,"commentCount":0,"publisher":{"@id":"https:\/\/lospoliticosveracruz.com\/#organization"},"image":{"@id":"https:\/\/lospoliticosveracruz.com\/?p=46551#primaryimage"},"thumbnailUrl":"https:\/\/lospoliticosveracruz.com\/wp-content\/uploads\/2019\/01\/huachicol-lopez-obrador-AMLO-combate-gasolina-desabasto.jpg","keywords":["Ciudad de M\u00e9xico","Felipe de Jes\u00fas Fern\u00e1ndez Basilio","huachicoleo","M\u00e9xico","Pemex","Presidente de la Rep\u00fablica","S\u00edndrome del 68","Tlahuelilpan"],"articleSection":["De Opini\u00f3n"],"inLanguage":"es","potentialAction":[{"@type":"CommentAction","name":"Comment","target":["https:\/\/lospoliticosveracruz.com\/?p=46551#respond"]}]},{"@type":"WebPage","@id":"https:\/\/lospoliticosveracruz.com\/?p=46551","url":"https:\/\/lospoliticosveracruz.com\/?p=46551","name":"\u00a1Bienvenido a la presidencia Se\u00f1or L\u00f3pez! - Los pol\u00edticos Veracruz","isPartOf":{"@id":"https:\/\/lospoliticosveracruz.com\/#website"},"primaryImageOfPage":{"@id":"https:\/\/lospoliticosveracruz.com\/?p=46551#primaryimage"},"image":{"@id":"https:\/\/lospoliticosveracruz.com\/?p=46551#primaryimage"},"thumbnailUrl":"https:\/\/lospoliticosveracruz.com\/wp-content\/uploads\/2019\/01\/huachicol-lopez-obrador-AMLO-combate-gasolina-desabasto.jpg","datePublished":"2019-01-25T15:49:11+00:00","breadcrumb":{"@id":"https:\/\/lospoliticosveracruz.com\/?p=46551#breadcrumb"},"inLanguage":"es","potentialAction":[{"@type":"ReadAction","target":["https:\/\/lospoliticosveracruz.com\/?p=46551"]}]},{"@type":"ImageObject","inLanguage":"es","@id":"https:\/\/lospoliticosveracruz.com\/?p=46551#primaryimage","url":"https:\/\/lospoliticosveracruz.com\/wp-content\/uploads\/2019\/01\/huachicol-lopez-obrador-AMLO-combate-gasolina-desabasto.jpg","contentUrl":"https:\/\/lospoliticosveracruz.com\/wp-content\/uploads\/2019\/01\/huachicol-lopez-obrador-AMLO-combate-gasolina-desabasto.jpg","width":600,"height":379},{"@type":"BreadcrumbList","@id":"https:\/\/lospoliticosveracruz.com\/?p=46551#breadcrumb","itemListElement":[{"@type":"ListItem","position":1,"name":"Portada","item":"https:\/\/lospoliticosveracruz.com\/"},{"@type":"ListItem","position":2,"name":"\u00a1Bienvenido a la presidencia Se\u00f1or L\u00f3pez!"}]},{"@type":"WebSite","@id":"https:\/\/lospoliticosveracruz.com\/#website","url":"https:\/\/lospoliticosveracruz.com\/","name":"Los pol\u00edticos Veracruz","description":"","publisher":{"@id":"https:\/\/lospoliticosveracruz.com\/#organization"},"potentialAction":[{"@type":"SearchAction","target":{"@type":"EntryPoint","urlTemplate":"https:\/\/lospoliticosveracruz.com\/?s={search_term_string}"},"query-input":{"@type":"PropertyValueSpecification","valueRequired":true,"valueName":"search_term_string"}}],"inLanguage":"es"},{"@type":"Organization","@id":"https:\/\/lospoliticosveracruz.com\/#organization","name":"Los pol\u00edticos Veracruz","url":"https:\/\/lospoliticosveracruz.com\/","logo":{"@type":"ImageObject","inLanguage":"es","@id":"https:\/\/lospoliticosveracruz.com\/#\/schema\/logo\/image\/","url":"https:\/\/lospoliticosveracruz.com\/wp-content\/uploads\/2025\/12\/Logo-Nuevo-LOS-POLITICOS-1.jpg","contentUrl":"https:\/\/lospoliticosveracruz.com\/wp-content\/uploads\/2025\/12\/Logo-Nuevo-LOS-POLITICOS-1.jpg","width":260,"height":70,"caption":"Los pol\u00edticos Veracruz"},"image":{"@id":"https:\/\/lospoliticosveracruz.com\/#\/schema\/logo\/image\/"},"sameAs":["https:\/\/www.facebook.com\/people\/Notimemes-de-los-Polticos\/61565672886568\/","https:\/\/x.com\/LosPoliticosVer"]},{"@type":"Person","@id":"https:\/\/lospoliticosveracruz.com\/#\/schema\/person\/b8702bb0e538456e6efd07080bf2a4a2","name":"Lo viste en Los Pol\u00edticos","image":{"@type":"ImageObject","inLanguage":"es","@id":"https:\/\/secure.gravatar.com\/avatar\/3a8de04a2656d44082be478bd6c086daa447c4651605818287b9532d3d0bd435?s=96&d=mm&r=g","url":"https:\/\/secure.gravatar.com\/avatar\/3a8de04a2656d44082be478bd6c086daa447c4651605818287b9532d3d0bd435?s=96&d=mm&r=g","contentUrl":"https:\/\/secure.gravatar.com\/avatar\/3a8de04a2656d44082be478bd6c086daa447c4651605818287b9532d3d0bd435?s=96&d=mm&r=g","caption":"Lo viste en Los Pol\u00edticos"},"url":"https:\/\/lospoliticosveracruz.com\/?author=2"}]}},"_links":{"self":[{"href":"https:\/\/lospoliticosveracruz.com\/index.php?rest_route=\/wp\/v2\/posts\/46551","targetHints":{"allow":["GET"]}}],"collection":[{"href":"https:\/\/lospoliticosveracruz.com\/index.php?rest_route=\/wp\/v2\/posts"}],"about":[{"href":"https:\/\/lospoliticosveracruz.com\/index.php?rest_route=\/wp\/v2\/types\/post"}],"author":[{"embeddable":true,"href":"https:\/\/lospoliticosveracruz.com\/index.php?rest_route=\/wp\/v2\/users\/2"}],"replies":[{"embeddable":true,"href":"https:\/\/lospoliticosveracruz.com\/index.php?rest_route=%2Fwp%2Fv2%2Fcomments&post=46551"}],"version-history":[{"count":1,"href":"https:\/\/lospoliticosveracruz.com\/index.php?rest_route=\/wp\/v2\/posts\/46551\/revisions"}],"predecessor-version":[{"id":46553,"href":"https:\/\/lospoliticosveracruz.com\/index.php?rest_route=\/wp\/v2\/posts\/46551\/revisions\/46553"}],"wp:featuredmedia":[{"embeddable":true,"href":"https:\/\/lospoliticosveracruz.com\/index.php?rest_route=\/wp\/v2\/media\/46552"}],"wp:attachment":[{"href":"https:\/\/lospoliticosveracruz.com\/index.php?rest_route=%2Fwp%2Fv2%2Fmedia&parent=46551"}],"wp:term":[{"taxonomy":"category","embeddable":true,"href":"https:\/\/lospoliticosveracruz.com\/index.php?rest_route=%2Fwp%2Fv2%2Fcategories&post=46551"},{"taxonomy":"post_tag","embeddable":true,"href":"https:\/\/lospoliticosveracruz.com\/index.php?rest_route=%2Fwp%2Fv2%2Ftags&post=46551"}],"curies":[{"name":"wp","href":"https:\/\/api.w.org\/{rel}","templated":true}]}}