{"id":46554,"date":"2019-01-25T10:14:02","date_gmt":"2019-01-25T16:14:02","guid":{"rendered":"http:\/\/www.lospoliticosveracruz.com.mx\/?p=46554"},"modified":"2019-01-25T10:24:36","modified_gmt":"2019-01-25T16:24:36","slug":"veracruzanas-libres-cuando","status":"publish","type":"post","link":"https:\/\/lospoliticosveracruz.com\/?p=46554","title":{"rendered":"Veracruzanas libres, \u00bfcu\u00e1ndo?"},"content":{"rendered":"<p><strong>Naldy Rodr\u00edguez<\/strong><\/p>\n<p><em>Transparencia 3.0<\/em><\/p>\n<p>Dafne es libre. Ten\u00eda 16 a\u00f1os a cuestas como pena por el supuesto \u201chomicidio de su hija\u201d. Una serie de complicaciones: el desconocimiento de un embarazo, la p\u00e9rdida de sangre por un desgarre, un desmayo y la falta de atenci\u00f3n m\u00e9dica, desencadenaron \u00a0la muerte de la reci\u00e9n nacida.<\/p>\n<p>Las abogadas defensoras lograron acreditar que \u201clas condiciones en las que naci\u00f3 la menor de edad aunado a la falta de atenci\u00f3n m\u00e9dica, fueron las que causaron que la reci\u00e9n nacida perdiera la vida\u201d, inform\u00f3 Cimac Noticias. Los hechos ocurrieron en el interior de una tienda de Liverpool en Quer\u00e9taro.<\/p>\n<p>En Veracruz, la desigualdad en las leyes tambi\u00e9n afecta a las mujeres, quienes son penalizadas por tener un aborto o son\u00a0obligadas a llevar a t\u00e9rmino el embarazo, aunque se trate de menores\u00a0 de edad, en muchos casos, v\u00edctimas de violaci\u00f3n y en condiciones de riesgo para su integridad f\u00edsica.<\/p>\n<p>Los abortos son una realidad, espont\u00e1neos o inducidos, entre mujeres de diferentes edades, estratos sociales, ideolog\u00edas y religiones. A\u00fan en la clandestinidad, hay lugares m\u00e1s seguros que otros, de acuerdo a las posibilidades econ\u00f3micas. Es una verdad que incomoda: entre menos recursos, m\u00e1s riesgos.<\/p>\n<p>Por decisi\u00f3n, no \u00a0me hubiera practicado un aborto\u2026es por mi mapa (ese c\u00famulo de ideas, creencias, valores y sentimientos que arrastramos), pero s\u00ed me tuvieron que practicar un legrado en el sector salud cuando ten\u00eda dos meses de embarazo (el producto no se hab\u00eda desarrollado desde la quinta semana).<\/p>\n<p>Ya lo he le\u00eddo en otros espacios y concuerdo.\u00a0 La discusi\u00f3n es err\u00f3nea, no se trata de estar a favor o en contra del aborto. Se trata del derecho a decidir de cada persona y de generar condiciones m\u00e1s justas para todas.<\/p>\n<p>La asociaci\u00f3n Equifon\u00eda se\u00f1al\u00f3 a finales de 2018 que en Veracruz 14 mujeres han sido enjuiciadas por homicidio al sufrir un aborto espont\u00e1neo. Y en M\u00e9xico, de acuerdo al Grupo de Informaci\u00f3n en Reproducci\u00f3n Elegida (GIRE), hay m\u00e1s de 135 f\u00e9minas en esa situaci\u00f3n.<\/p>\n<p>El derecho a decidir conlleva la necesidad de \u00a0reformar el C\u00f3digo Penal de Veracruz para aumentar las causales\u00a0 del aborto en el estado. Es necesario que se abra el debate, dejando de lado estereotipos, animadversiones, pero sobre todo sin tintes pol\u00edticos ni religiosos.<\/p>\n<p>Hace pocos meses, asociaciones civiles lograron a trav\u00e9s de un amparo que un juez federal ordenara a la legislatura del Estado de Veracruz reformar los art\u00edculos 149, 150 y 154 del C\u00f3digo Penal del Estado de Veracruz en relaci\u00f3n con el aborto.La sentencia n\u00famero1191\/2017 \u00a0se\u00f1al\u00f3 la omisi\u00f3n del Poder Legislativo para garantizar los derechos reproductivos de las mujeres veracruzanas.<\/p>\n<p>Ahora la sentencia favorable de Dafne, quien estuvo m\u00e1s de tres a\u00f1os en prisi\u00f3n, dej\u00f3 en evidencia que no se juzg\u00f3 con perspectiva de g\u00e9nero y eso que ya hay jurisprudencia desde 2016, en la que se se\u00f1alanseis elementos m\u00ednimos: Identificar si existen situaciones de poder, cuestionar hechos y valorar pruebas, ordenar las pruebas necesarias \u2013en caso de que el material probatorio sea insuficiente-,detectar una situaci\u00f3n de desventaja para cuestionar la neutralidad del derecho, aplicar los est\u00e1ndares de derechos humanos de todas las personas involucradas (especialmente de los ni\u00f1os y ni\u00f1as) y evitar lenguaje basado en estereotipos o prejuicios.<\/p>\n<p>Adem\u00e1s, abre la puerta para la revisi\u00f3n de casos similares y la b\u00fasqueda de la reparaci\u00f3n integral del da\u00f1o. Esperemos que pronto,\u00a0 en Veracruz se analice con seriedad el tema para dar paso a una legislaci\u00f3n m\u00e1s justa, para que cada mujer pueda decidir libremente.<\/p>\n<p>&nbsp;<\/p>\n<p>Twitter @ydlan<\/p>\n","protected":false},"excerpt":{"rendered":"<p>Naldy Rodr\u00edguez Transparencia 3.0 Dafne es libre. Ten\u00eda 16 a\u00f1os a cuestas como pena por el supuesto \u201chomicidio de su hija\u201d. Una serie de complicaciones: el desconocimiento de un embarazo, la p\u00e9rdida de sangre por un desgarre, un desmayo y la falta de atenci\u00f3n m\u00e9dica, desencadenaron \u00a0la muerte de la reci\u00e9n nacida. Las abogadas defensoras [&hellip;]<\/p>\n","protected":false},"author":2,"featured_media":46557,"comment_status":"open","ping_status":"open","sticky":false,"template":"","format":"standard","meta":{"tdm_status":"","tdm_grid_status":"","footnotes":""},"categories":[70],"tags":[9049,3431,5133,4066,7748,195],"class_list":{"0":"post-46554","1":"post","2":"type-post","3":"status-publish","4":"format-standard","5":"has-post-thumbnail","7":"category-de-opinion","8":"tag-codigo-penal","9":"tag-equifonia","10":"tag-gire","11":"tag-liverpool","12":"tag-queretaro","13":"tag-veracruz"},"yoast_head":"<!-- This site is optimized with the Yoast SEO plugin v27.4 - https:\/\/yoast.com\/product\/yoast-seo-wordpress\/ -->\n<title>Veracruzanas libres, \u00bfcu\u00e1ndo? - Los pol\u00edticos Veracruz<\/title>\n<meta name=\"robots\" content=\"index, follow, max-snippet:-1, max-image-preview:large, max-video-preview:-1\" \/>\n<link rel=\"canonical\" href=\"https:\/\/lospoliticosveracruz.com\/?p=46554\" \/>\n<meta property=\"og:locale\" content=\"es_ES\" \/>\n<meta property=\"og:type\" content=\"article\" \/>\n<meta property=\"og:title\" content=\"Veracruzanas libres, \u00bfcu\u00e1ndo? - Los pol\u00edticos Veracruz\" \/>\n<meta property=\"og:description\" content=\"Naldy Rodr\u00edguez Transparencia 3.0 Dafne es libre. Ten\u00eda 16 a\u00f1os a cuestas como pena por el supuesto \u201chomicidio de su hija\u201d. Una serie de complicaciones: el desconocimiento de un embarazo, la p\u00e9rdida de sangre por un desgarre, un desmayo y la falta de atenci\u00f3n m\u00e9dica, desencadenaron \u00a0la muerte de la reci\u00e9n nacida. Las abogadas defensoras [&hellip;]\" \/>\n<meta property=\"og:url\" content=\"https:\/\/lospoliticosveracruz.com\/?p=46554\" \/>\n<meta property=\"og:site_name\" content=\"Los pol\u00edticos Veracruz\" \/>\n<meta property=\"article:publisher\" content=\"https:\/\/www.facebook.com\/people\/Notimemes-de-los-Polticos\/61565672886568\/\" \/>\n<meta property=\"article:published_time\" content=\"2019-01-25T16:14:02+00:00\" \/>\n<meta property=\"article:modified_time\" content=\"2019-01-25T16:24:36+00:00\" \/>\n<meta property=\"og:image\" content=\"https:\/\/lospoliticosveracruz.com\/wp-content\/uploads\/2019\/01\/aborto.jpeg\" \/>\n\t<meta property=\"og:image:width\" content=\"600\" \/>\n\t<meta property=\"og:image:height\" content=\"385\" \/>\n\t<meta property=\"og:image:type\" content=\"image\/jpeg\" \/>\n<meta name=\"author\" content=\"Lo viste en Los Pol\u00edticos\" \/>\n<meta name=\"twitter:card\" content=\"summary_large_image\" \/>\n<meta name=\"twitter:creator\" content=\"@LosPoliticosVer\" \/>\n<meta name=\"twitter:site\" content=\"@LosPoliticosVer\" \/>\n<meta name=\"twitter:label1\" content=\"Escrito por\" \/>\n\t<meta name=\"twitter:data1\" content=\"Lo viste en Los Pol\u00edticos\" \/>\n\t<meta name=\"twitter:label2\" content=\"Tiempo de lectura\" \/>\n\t<meta name=\"twitter:data2\" content=\"3 minutos\" \/>\n<script type=\"application\/ld+json\" class=\"yoast-schema-graph\">{\"@context\":\"https:\\\/\\\/schema.org\",\"@graph\":[{\"@type\":\"Article\",\"@id\":\"https:\\\/\\\/lospoliticosveracruz.com\\\/?p=46554#article\",\"isPartOf\":{\"@id\":\"https:\\\/\\\/lospoliticosveracruz.com\\\/?p=46554\"},\"author\":{\"name\":\"Lo viste en Los Pol\u00edticos\",\"@id\":\"https:\\\/\\\/lospoliticosveracruz.com\\\/#\\\/schema\\\/person\\\/b8702bb0e538456e6efd07080bf2a4a2\"},\"headline\":\"Veracruzanas libres, \u00bfcu\u00e1ndo?\",\"datePublished\":\"2019-01-25T16:14:02+00:00\",\"dateModified\":\"2019-01-25T16:24:36+00:00\",\"mainEntityOfPage\":{\"@id\":\"https:\\\/\\\/lospoliticosveracruz.com\\\/?p=46554\"},\"wordCount\":644,\"commentCount\":0,\"publisher\":{\"@id\":\"https:\\\/\\\/lospoliticosveracruz.com\\\/#organization\"},\"image\":{\"@id\":\"https:\\\/\\\/lospoliticosveracruz.com\\\/?p=46554#primaryimage\"},\"thumbnailUrl\":\"https:\\\/\\\/lospoliticosveracruz.com\\\/wp-content\\\/uploads\\\/2019\\\/01\\\/aborto.jpeg\",\"keywords\":[\"C\u00f3digo Penal\",\"Equifon\u00eda\",\"GIRE\",\"Liverpool\",\"Quer\u00e9taro\",\"Veracruz\"],\"articleSection\":[\"De Opini\u00f3n\"],\"inLanguage\":\"es\",\"potentialAction\":[{\"@type\":\"CommentAction\",\"name\":\"Comment\",\"target\":[\"https:\\\/\\\/lospoliticosveracruz.com\\\/?p=46554#respond\"]}]},{\"@type\":\"WebPage\",\"@id\":\"https:\\\/\\\/lospoliticosveracruz.com\\\/?p=46554\",\"url\":\"https:\\\/\\\/lospoliticosveracruz.com\\\/?p=46554\",\"name\":\"Veracruzanas libres, \u00bfcu\u00e1ndo? - Los pol\u00edticos Veracruz\",\"isPartOf\":{\"@id\":\"https:\\\/\\\/lospoliticosveracruz.com\\\/#website\"},\"primaryImageOfPage\":{\"@id\":\"https:\\\/\\\/lospoliticosveracruz.com\\\/?p=46554#primaryimage\"},\"image\":{\"@id\":\"https:\\\/\\\/lospoliticosveracruz.com\\\/?p=46554#primaryimage\"},\"thumbnailUrl\":\"https:\\\/\\\/lospoliticosveracruz.com\\\/wp-content\\\/uploads\\\/2019\\\/01\\\/aborto.jpeg\",\"datePublished\":\"2019-01-25T16:14:02+00:00\",\"dateModified\":\"2019-01-25T16:24:36+00:00\",\"breadcrumb\":{\"@id\":\"https:\\\/\\\/lospoliticosveracruz.com\\\/?p=46554#breadcrumb\"},\"inLanguage\":\"es\",\"potentialAction\":[{\"@type\":\"ReadAction\",\"target\":[\"https:\\\/\\\/lospoliticosveracruz.com\\\/?p=46554\"]}]},{\"@type\":\"ImageObject\",\"inLanguage\":\"es\",\"@id\":\"https:\\\/\\\/lospoliticosveracruz.com\\\/?p=46554#primaryimage\",\"url\":\"https:\\\/\\\/lospoliticosveracruz.com\\\/wp-content\\\/uploads\\\/2019\\\/01\\\/aborto.jpeg\",\"contentUrl\":\"https:\\\/\\\/lospoliticosveracruz.com\\\/wp-content\\\/uploads\\\/2019\\\/01\\\/aborto.jpeg\",\"width\":600,\"height\":385},{\"@type\":\"BreadcrumbList\",\"@id\":\"https:\\\/\\\/lospoliticosveracruz.com\\\/?p=46554#breadcrumb\",\"itemListElement\":[{\"@type\":\"ListItem\",\"position\":1,\"name\":\"Portada\",\"item\":\"https:\\\/\\\/lospoliticosveracruz.com\\\/\"},{\"@type\":\"ListItem\",\"position\":2,\"name\":\"Veracruzanas libres, \u00bfcu\u00e1ndo?\"}]},{\"@type\":\"WebSite\",\"@id\":\"https:\\\/\\\/lospoliticosveracruz.com\\\/#website\",\"url\":\"https:\\\/\\\/lospoliticosveracruz.com\\\/\",\"name\":\"Los pol\u00edticos Veracruz\",\"description\":\"\",\"publisher\":{\"@id\":\"https:\\\/\\\/lospoliticosveracruz.com\\\/#organization\"},\"potentialAction\":[{\"@type\":\"SearchAction\",\"target\":{\"@type\":\"EntryPoint\",\"urlTemplate\":\"https:\\\/\\\/lospoliticosveracruz.com\\\/?s={search_term_string}\"},\"query-input\":{\"@type\":\"PropertyValueSpecification\",\"valueRequired\":true,\"valueName\":\"search_term_string\"}}],\"inLanguage\":\"es\"},{\"@type\":\"Organization\",\"@id\":\"https:\\\/\\\/lospoliticosveracruz.com\\\/#organization\",\"name\":\"Los pol\u00edticos Veracruz\",\"url\":\"https:\\\/\\\/lospoliticosveracruz.com\\\/\",\"logo\":{\"@type\":\"ImageObject\",\"inLanguage\":\"es\",\"@id\":\"https:\\\/\\\/lospoliticosveracruz.com\\\/#\\\/schema\\\/logo\\\/image\\\/\",\"url\":\"https:\\\/\\\/lospoliticosveracruz.com\\\/wp-content\\\/uploads\\\/2025\\\/12\\\/Logo-Nuevo-LOS-POLITICOS-1.jpg\",\"contentUrl\":\"https:\\\/\\\/lospoliticosveracruz.com\\\/wp-content\\\/uploads\\\/2025\\\/12\\\/Logo-Nuevo-LOS-POLITICOS-1.jpg\",\"width\":260,\"height\":70,\"caption\":\"Los pol\u00edticos Veracruz\"},\"image\":{\"@id\":\"https:\\\/\\\/lospoliticosveracruz.com\\\/#\\\/schema\\\/logo\\\/image\\\/\"},\"sameAs\":[\"https:\\\/\\\/www.facebook.com\\\/people\\\/Notimemes-de-los-Polticos\\\/61565672886568\\\/\",\"https:\\\/\\\/x.com\\\/LosPoliticosVer\"]},{\"@type\":\"Person\",\"@id\":\"https:\\\/\\\/lospoliticosveracruz.com\\\/#\\\/schema\\\/person\\\/b8702bb0e538456e6efd07080bf2a4a2\",\"name\":\"Lo viste en Los Pol\u00edticos\",\"image\":{\"@type\":\"ImageObject\",\"inLanguage\":\"es\",\"@id\":\"https:\\\/\\\/secure.gravatar.com\\\/avatar\\\/3a8de04a2656d44082be478bd6c086daa447c4651605818287b9532d3d0bd435?s=96&d=mm&r=g\",\"url\":\"https:\\\/\\\/secure.gravatar.com\\\/avatar\\\/3a8de04a2656d44082be478bd6c086daa447c4651605818287b9532d3d0bd435?s=96&d=mm&r=g\",\"contentUrl\":\"https:\\\/\\\/secure.gravatar.com\\\/avatar\\\/3a8de04a2656d44082be478bd6c086daa447c4651605818287b9532d3d0bd435?s=96&d=mm&r=g\",\"caption\":\"Lo viste en Los Pol\u00edticos\"},\"url\":\"https:\\\/\\\/lospoliticosveracruz.com\\\/?author=2\"}]}<\/script>\n<!-- \/ Yoast SEO plugin. -->","yoast_head_json":{"title":"Veracruzanas libres, \u00bfcu\u00e1ndo? - Los pol\u00edticos Veracruz","robots":{"index":"index","follow":"follow","max-snippet":"max-snippet:-1","max-image-preview":"max-image-preview:large","max-video-preview":"max-video-preview:-1"},"canonical":"https:\/\/lospoliticosveracruz.com\/?p=46554","og_locale":"es_ES","og_type":"article","og_title":"Veracruzanas libres, \u00bfcu\u00e1ndo? - Los pol\u00edticos Veracruz","og_description":"Naldy Rodr\u00edguez Transparencia 3.0 Dafne es libre. Ten\u00eda 16 a\u00f1os a cuestas como pena por el supuesto \u201chomicidio de su hija\u201d. Una serie de complicaciones: el desconocimiento de un embarazo, la p\u00e9rdida de sangre por un desgarre, un desmayo y la falta de atenci\u00f3n m\u00e9dica, desencadenaron \u00a0la muerte de la reci\u00e9n nacida. Las abogadas defensoras [&hellip;]","og_url":"https:\/\/lospoliticosveracruz.com\/?p=46554","og_site_name":"Los pol\u00edticos Veracruz","article_publisher":"https:\/\/www.facebook.com\/people\/Notimemes-de-los-Polticos\/61565672886568\/","article_published_time":"2019-01-25T16:14:02+00:00","article_modified_time":"2019-01-25T16:24:36+00:00","og_image":[{"width":600,"height":385,"url":"https:\/\/lospoliticosveracruz.com\/wp-content\/uploads\/2019\/01\/aborto.jpeg","type":"image\/jpeg"}],"author":"Lo viste en Los Pol\u00edticos","twitter_card":"summary_large_image","twitter_creator":"@LosPoliticosVer","twitter_site":"@LosPoliticosVer","twitter_misc":{"Escrito por":"Lo viste en Los Pol\u00edticos","Tiempo de lectura":"3 minutos"},"schema":{"@context":"https:\/\/schema.org","@graph":[{"@type":"Article","@id":"https:\/\/lospoliticosveracruz.com\/?p=46554#article","isPartOf":{"@id":"https:\/\/lospoliticosveracruz.com\/?p=46554"},"author":{"name":"Lo viste en Los Pol\u00edticos","@id":"https:\/\/lospoliticosveracruz.com\/#\/schema\/person\/b8702bb0e538456e6efd07080bf2a4a2"},"headline":"Veracruzanas libres, \u00bfcu\u00e1ndo?","datePublished":"2019-01-25T16:14:02+00:00","dateModified":"2019-01-25T16:24:36+00:00","mainEntityOfPage":{"@id":"https:\/\/lospoliticosveracruz.com\/?p=46554"},"wordCount":644,"commentCount":0,"publisher":{"@id":"https:\/\/lospoliticosveracruz.com\/#organization"},"image":{"@id":"https:\/\/lospoliticosveracruz.com\/?p=46554#primaryimage"},"thumbnailUrl":"https:\/\/lospoliticosveracruz.com\/wp-content\/uploads\/2019\/01\/aborto.jpeg","keywords":["C\u00f3digo Penal","Equifon\u00eda","GIRE","Liverpool","Quer\u00e9taro","Veracruz"],"articleSection":["De Opini\u00f3n"],"inLanguage":"es","potentialAction":[{"@type":"CommentAction","name":"Comment","target":["https:\/\/lospoliticosveracruz.com\/?p=46554#respond"]}]},{"@type":"WebPage","@id":"https:\/\/lospoliticosveracruz.com\/?p=46554","url":"https:\/\/lospoliticosveracruz.com\/?p=46554","name":"Veracruzanas libres, \u00bfcu\u00e1ndo? - Los pol\u00edticos Veracruz","isPartOf":{"@id":"https:\/\/lospoliticosveracruz.com\/#website"},"primaryImageOfPage":{"@id":"https:\/\/lospoliticosveracruz.com\/?p=46554#primaryimage"},"image":{"@id":"https:\/\/lospoliticosveracruz.com\/?p=46554#primaryimage"},"thumbnailUrl":"https:\/\/lospoliticosveracruz.com\/wp-content\/uploads\/2019\/01\/aborto.jpeg","datePublished":"2019-01-25T16:14:02+00:00","dateModified":"2019-01-25T16:24:36+00:00","breadcrumb":{"@id":"https:\/\/lospoliticosveracruz.com\/?p=46554#breadcrumb"},"inLanguage":"es","potentialAction":[{"@type":"ReadAction","target":["https:\/\/lospoliticosveracruz.com\/?p=46554"]}]},{"@type":"ImageObject","inLanguage":"es","@id":"https:\/\/lospoliticosveracruz.com\/?p=46554#primaryimage","url":"https:\/\/lospoliticosveracruz.com\/wp-content\/uploads\/2019\/01\/aborto.jpeg","contentUrl":"https:\/\/lospoliticosveracruz.com\/wp-content\/uploads\/2019\/01\/aborto.jpeg","width":600,"height":385},{"@type":"BreadcrumbList","@id":"https:\/\/lospoliticosveracruz.com\/?p=46554#breadcrumb","itemListElement":[{"@type":"ListItem","position":1,"name":"Portada","item":"https:\/\/lospoliticosveracruz.com\/"},{"@type":"ListItem","position":2,"name":"Veracruzanas libres, \u00bfcu\u00e1ndo?"}]},{"@type":"WebSite","@id":"https:\/\/lospoliticosveracruz.com\/#website","url":"https:\/\/lospoliticosveracruz.com\/","name":"Los pol\u00edticos Veracruz","description":"","publisher":{"@id":"https:\/\/lospoliticosveracruz.com\/#organization"},"potentialAction":[{"@type":"SearchAction","target":{"@type":"EntryPoint","urlTemplate":"https:\/\/lospoliticosveracruz.com\/?s={search_term_string}"},"query-input":{"@type":"PropertyValueSpecification","valueRequired":true,"valueName":"search_term_string"}}],"inLanguage":"es"},{"@type":"Organization","@id":"https:\/\/lospoliticosveracruz.com\/#organization","name":"Los pol\u00edticos Veracruz","url":"https:\/\/lospoliticosveracruz.com\/","logo":{"@type":"ImageObject","inLanguage":"es","@id":"https:\/\/lospoliticosveracruz.com\/#\/schema\/logo\/image\/","url":"https:\/\/lospoliticosveracruz.com\/wp-content\/uploads\/2025\/12\/Logo-Nuevo-LOS-POLITICOS-1.jpg","contentUrl":"https:\/\/lospoliticosveracruz.com\/wp-content\/uploads\/2025\/12\/Logo-Nuevo-LOS-POLITICOS-1.jpg","width":260,"height":70,"caption":"Los pol\u00edticos Veracruz"},"image":{"@id":"https:\/\/lospoliticosveracruz.com\/#\/schema\/logo\/image\/"},"sameAs":["https:\/\/www.facebook.com\/people\/Notimemes-de-los-Polticos\/61565672886568\/","https:\/\/x.com\/LosPoliticosVer"]},{"@type":"Person","@id":"https:\/\/lospoliticosveracruz.com\/#\/schema\/person\/b8702bb0e538456e6efd07080bf2a4a2","name":"Lo viste en Los Pol\u00edticos","image":{"@type":"ImageObject","inLanguage":"es","@id":"https:\/\/secure.gravatar.com\/avatar\/3a8de04a2656d44082be478bd6c086daa447c4651605818287b9532d3d0bd435?s=96&d=mm&r=g","url":"https:\/\/secure.gravatar.com\/avatar\/3a8de04a2656d44082be478bd6c086daa447c4651605818287b9532d3d0bd435?s=96&d=mm&r=g","contentUrl":"https:\/\/secure.gravatar.com\/avatar\/3a8de04a2656d44082be478bd6c086daa447c4651605818287b9532d3d0bd435?s=96&d=mm&r=g","caption":"Lo viste en Los Pol\u00edticos"},"url":"https:\/\/lospoliticosveracruz.com\/?author=2"}]}},"_links":{"self":[{"href":"https:\/\/lospoliticosveracruz.com\/index.php?rest_route=\/wp\/v2\/posts\/46554","targetHints":{"allow":["GET"]}}],"collection":[{"href":"https:\/\/lospoliticosveracruz.com\/index.php?rest_route=\/wp\/v2\/posts"}],"about":[{"href":"https:\/\/lospoliticosveracruz.com\/index.php?rest_route=\/wp\/v2\/types\/post"}],"author":[{"embeddable":true,"href":"https:\/\/lospoliticosveracruz.com\/index.php?rest_route=\/wp\/v2\/users\/2"}],"replies":[{"embeddable":true,"href":"https:\/\/lospoliticosveracruz.com\/index.php?rest_route=%2Fwp%2Fv2%2Fcomments&post=46554"}],"version-history":[{"count":1,"href":"https:\/\/lospoliticosveracruz.com\/index.php?rest_route=\/wp\/v2\/posts\/46554\/revisions"}],"predecessor-version":[{"id":46556,"href":"https:\/\/lospoliticosveracruz.com\/index.php?rest_route=\/wp\/v2\/posts\/46554\/revisions\/46556"}],"wp:featuredmedia":[{"embeddable":true,"href":"https:\/\/lospoliticosveracruz.com\/index.php?rest_route=\/wp\/v2\/media\/46557"}],"wp:attachment":[{"href":"https:\/\/lospoliticosveracruz.com\/index.php?rest_route=%2Fwp%2Fv2%2Fmedia&parent=46554"}],"wp:term":[{"taxonomy":"category","embeddable":true,"href":"https:\/\/lospoliticosveracruz.com\/index.php?rest_route=%2Fwp%2Fv2%2Fcategories&post=46554"},{"taxonomy":"post_tag","embeddable":true,"href":"https:\/\/lospoliticosveracruz.com\/index.php?rest_route=%2Fwp%2Fv2%2Ftags&post=46554"}],"curies":[{"name":"wp","href":"https:\/\/api.w.org\/{rel}","templated":true}]}}