{"id":46615,"date":"2019-01-30T22:55:28","date_gmt":"2019-01-31T04:55:28","guid":{"rendered":"http:\/\/www.lospoliticosveracruz.com.mx\/?p=46615"},"modified":"2019-01-30T20:26:10","modified_gmt":"2019-01-31T02:26:10","slug":"la-nauyaca-del-ayuntamiento","status":"publish","type":"post","link":"https:\/\/lospoliticosveracruz.com\/?p=46615","title":{"rendered":"La Nauyaca del Ayuntamiento"},"content":{"rendered":"<p><strong>Salvador Mu\u00f1oz<\/strong><\/p>\n<p><em>Los Pol\u00edticos<\/em><\/p>\n<p><span style=\"font-weight: 400;\">Luis Carrillo, G\u00fcicho para sus amigos, desde febrero del a\u00f1o pasado, tom\u00f3 a su mando la UMA (Unidades para la Conservaci\u00f3n, Manejo y Aprovechamiento Sustentable de la Vida Silvestre) del Parque de los Tecajetes. All\u00ed, como muchos xalape\u00f1os lo saben y los que sean de fuera ya lo sabr\u00e1n, hay un Herpetario y a su vez, una secci\u00f3n para el serpentario donde hay Cabeza de Metate, Coralillos y Nauyacas, entre otros.<\/span><\/p>\n<p><span style=\"font-weight: 400;\">El arribo de G\u00fcicho a ese lugar, como es habitual y normal en cada cambio, no fue bien visto por algunos conservacionistas o ambientalistas que lanzaban por aqu\u00ed o por all\u00e1 sus quejas de que algunas especies mor\u00edan \u201cpor la falta de experiencia\u201d del Bi\u00f3logo G\u00fcicho.<\/span><\/p>\n<p><span style=\"font-weight: 400;\">Este martes, cerca de la 1 de la tarde, hubo un percance. G\u00fcicho fue mordido por una Nauyaca. Quienes han estado cerca de este Herpetario, no recuerdan suceso similar aunque hay quienes afirman que si se revisan los anales, por ah\u00ed hubo un evento que tendr\u00e1 como diez a\u00f1os.<\/span><\/p>\n<p><span style=\"font-weight: 400;\">Lo que se comenta es que tal suceso fue \u201cpor falta de pericia\u201d en el manejo de reptiles por parte de G\u00fcicho, aunque a fuerza de ser sinceros, se recuerda que Carrillo va a cumplir un a\u00f1o y si fuera cierto esto, estar\u00edamos hablando que hubiera sido mordido a los pocos d\u00edas de haber asumido el cargo \u00bfo se le acab\u00f3 la suerte ayer?<\/span><\/p>\n<p><span style=\"font-weight: 400;\">G\u00fcicho Carrillo fue llevado al Centro de Especialidades M\u00e9dicas ubicado en la avenida Ruiz Cortines. Amigos y familiares del bi\u00f3logo tuvieron que buscar apoyo de manera externa y como ejemplo de ello, fue la petici\u00f3n que circul\u00f3 en redes sociales que urg\u00eda ant\u00eddoto.<\/span><\/p>\n<p><span style=\"font-weight: 400;\">S\u00f3lo como ejemplo, citamos el siguiente caso:<\/span><\/p>\n<p><span style=\"font-weight: 400;\">Hace dos a\u00f1os, en el herpetario de Chapultepec, Nancy Adriana fue mordida por una v\u00edbora africana mientras la alimentaba. El veneno de este reptil es capaz de matar a un elefante. El responsable del lugar, Juan Carlos Navarro, calific\u00f3 el hecho como un \u201clamentable accidente\u201d, pues Nancy ten\u00eda experiencia de ocho a\u00f1os en el manejo de estos animales. Cuando ocurri\u00f3 el evento, se le aplic\u00f3 el ant\u00eddoto que ten\u00edan en el herpetario y fue llevada al Hospital General La Raza. Todo esto, en un lapso de 40 minutos. Por el veneno de la v\u00edbora, se pidi\u00f3 m\u00e1s ant\u00eddoto a otros herpetarios, adem\u00e1s del de la UNAM. Casi diez d\u00edas despu\u00e9s, fue dada de alta Nancy Adriana.<\/span><\/p>\n<p><span style=\"font-weight: 400;\">Si nos basamos en este hecho, se comprender\u00e1n varias cosas\u2026 como en todos los trabajos, o si no en su mayor\u00eda, se corren riesgos; aun con todos los cuidados y la experiencia que se puede tener, los accidentes ocurren; es seguro, estoy seguro, que en el Herpetario debi\u00f3 haber ant\u00eddoto y se debe haber aplicado, pero si nos mantenemos en la historia de Nancy Adriana, se requiere de m\u00e1s ant\u00eddoto y sobre todo, cuando la Nauyaca es sumamente venenosa.<\/span><\/p>\n<p><span style=\"font-weight: 400;\">G\u00fcicho Carrillo es joven y por ende, fuerte. Goza de muchos amigos, colegas, vamos, hasta esos que lo criticaron, se estuvieron moviendo en b\u00fasqueda de ant\u00eddoto\u2026 por eso espero que pronto se encuentre nuevamente en Los Tecajetes para decirle a esa Nauyaca: \u201c\u00a1Mira! estoy de vuelta\u201d, pero sobre todo, demostrar que puede hacerlo y a\u00fan mejor\u2026<\/span><\/p>\n<p><span style=\"font-weight: 400;\">Ahora, si bien es lamentable el accidente ocurrido en Los Tecajetes, m\u00e1s lamentable es la actitud que algunos funcionarios tomaron ante ello\u2026 como es el caso de Ana Gabriela Allen Amescua, subdirectora de Recursos Naturales y Cambio Clim\u00e1tico de la Direcci\u00f3n de Medio Ambiente y Sustentabilidad del Ayuntamiento de Xalapa\u2026 ella ten\u00eda una sola preocupaci\u00f3n que no era Luis: que no se hiciera mucho esc\u00e1ndalo con el caso de G\u00fcicho Carrillo porque podr\u00edan dejar en mal al Ayuntamiento\u2026 por supuesto, para esta funcionaria no hay ant\u00eddoto.<\/span><\/p>\n<p>&nbsp;<\/p>\n<p><span style=\"font-weight: 400;\">smcainito@gmail.com<\/span><\/p>\n<p>&nbsp;<\/p>\n","protected":false},"excerpt":{"rendered":"<p>Salvador Mu\u00f1oz Los Pol\u00edticos Luis Carrillo, G\u00fcicho para sus amigos, desde febrero del a\u00f1o pasado, tom\u00f3 a su mando la UMA (Unidades para la Conservaci\u00f3n, Manejo y Aprovechamiento Sustentable de la Vida Silvestre) del Parque de los Tecajetes. All\u00ed, como muchos xalape\u00f1os lo saben y los que sean de fuera ya lo sabr\u00e1n, hay un [&hellip;]<\/p>\n","protected":false},"author":2,"featured_media":46617,"comment_status":"open","ping_status":"open","sticky":false,"template":"","format":"standard","meta":{"tdm_status":"","tdm_grid_status":"","footnotes":""},"categories":[70],"tags":[13690,13693,13691,13689,13694,13692,4906,11904],"class_list":{"0":"post-46615","1":"post","2":"type-post","3":"status-publish","4":"format-standard","5":"has-post-thumbnail","7":"category-de-opinion","8":"tag-cabeza-de-metate","9":"tag-chapultepec","10":"tag-coralillo","11":"tag-luis-carrillo","12":"tag-nancy-adriana","13":"tag-nauyaca","14":"tag-parque-de-los-tecajetes","15":"tag-uma"},"yoast_head":"<!-- This site is optimized with the Yoast SEO plugin v27.4 - https:\/\/yoast.com\/product\/yoast-seo-wordpress\/ -->\n<title>La Nauyaca del Ayuntamiento - Los pol\u00edticos Veracruz<\/title>\n<meta name=\"robots\" content=\"index, follow, max-snippet:-1, max-image-preview:large, max-video-preview:-1\" \/>\n<link rel=\"canonical\" href=\"https:\/\/lospoliticosveracruz.com\/?p=46615\" \/>\n<meta property=\"og:locale\" content=\"es_ES\" \/>\n<meta property=\"og:type\" content=\"article\" \/>\n<meta property=\"og:title\" content=\"La Nauyaca del Ayuntamiento - Los pol\u00edticos Veracruz\" \/>\n<meta property=\"og:description\" content=\"Salvador Mu\u00f1oz Los Pol\u00edticos Luis Carrillo, G\u00fcicho para sus amigos, desde febrero del a\u00f1o pasado, tom\u00f3 a su mando la UMA (Unidades para la Conservaci\u00f3n, Manejo y Aprovechamiento Sustentable de la Vida Silvestre) del Parque de los Tecajetes. All\u00ed, como muchos xalape\u00f1os lo saben y los que sean de fuera ya lo sabr\u00e1n, hay un [&hellip;]\" \/>\n<meta property=\"og:url\" content=\"https:\/\/lospoliticosveracruz.com\/?p=46615\" \/>\n<meta property=\"og:site_name\" content=\"Los pol\u00edticos Veracruz\" \/>\n<meta property=\"article:publisher\" content=\"https:\/\/www.facebook.com\/people\/Notimemes-de-los-Polticos\/61565672886568\/\" \/>\n<meta property=\"article:published_time\" content=\"2019-01-31T04:55:28+00:00\" \/>\n<meta property=\"og:image\" content=\"https:\/\/lospoliticosveracruz.com\/wp-content\/uploads\/2019\/01\/nauyaca-real.jpg\" \/>\n\t<meta property=\"og:image:width\" content=\"640\" \/>\n\t<meta property=\"og:image:height\" content=\"480\" \/>\n\t<meta property=\"og:image:type\" content=\"image\/jpeg\" \/>\n<meta name=\"author\" content=\"Lo viste en Los Pol\u00edticos\" \/>\n<meta name=\"twitter:card\" content=\"summary_large_image\" \/>\n<meta name=\"twitter:creator\" content=\"@LosPoliticosVer\" \/>\n<meta name=\"twitter:site\" content=\"@LosPoliticosVer\" \/>\n<meta name=\"twitter:label1\" content=\"Escrito por\" \/>\n\t<meta name=\"twitter:data1\" content=\"Lo viste en Los Pol\u00edticos\" \/>\n\t<meta name=\"twitter:label2\" content=\"Tiempo de lectura\" \/>\n\t<meta name=\"twitter:data2\" content=\"3 minutos\" \/>\n<script type=\"application\/ld+json\" class=\"yoast-schema-graph\">{\"@context\":\"https:\\\/\\\/schema.org\",\"@graph\":[{\"@type\":\"Article\",\"@id\":\"https:\\\/\\\/lospoliticosveracruz.com\\\/?p=46615#article\",\"isPartOf\":{\"@id\":\"https:\\\/\\\/lospoliticosveracruz.com\\\/?p=46615\"},\"author\":{\"name\":\"Lo viste en Los Pol\u00edticos\",\"@id\":\"https:\\\/\\\/lospoliticosveracruz.com\\\/#\\\/schema\\\/person\\\/b8702bb0e538456e6efd07080bf2a4a2\"},\"headline\":\"La Nauyaca del Ayuntamiento\",\"datePublished\":\"2019-01-31T04:55:28+00:00\",\"mainEntityOfPage\":{\"@id\":\"https:\\\/\\\/lospoliticosveracruz.com\\\/?p=46615\"},\"wordCount\":683,\"commentCount\":0,\"publisher\":{\"@id\":\"https:\\\/\\\/lospoliticosveracruz.com\\\/#organization\"},\"image\":{\"@id\":\"https:\\\/\\\/lospoliticosveracruz.com\\\/?p=46615#primaryimage\"},\"thumbnailUrl\":\"https:\\\/\\\/lospoliticosveracruz.com\\\/wp-content\\\/uploads\\\/2019\\\/01\\\/nauyaca-real.jpg\",\"keywords\":[\"Cabeza de Metate\",\"Chapultepec\",\"Coralillo\",\"Luis Carrillo\",\"Nancy Adriana\",\"Nauyaca\",\"Parque de Los Tecajetes\",\"UMA\"],\"articleSection\":[\"De Opini\u00f3n\"],\"inLanguage\":\"es\",\"potentialAction\":[{\"@type\":\"CommentAction\",\"name\":\"Comment\",\"target\":[\"https:\\\/\\\/lospoliticosveracruz.com\\\/?p=46615#respond\"]}]},{\"@type\":\"WebPage\",\"@id\":\"https:\\\/\\\/lospoliticosveracruz.com\\\/?p=46615\",\"url\":\"https:\\\/\\\/lospoliticosveracruz.com\\\/?p=46615\",\"name\":\"La Nauyaca del Ayuntamiento - Los pol\u00edticos Veracruz\",\"isPartOf\":{\"@id\":\"https:\\\/\\\/lospoliticosveracruz.com\\\/#website\"},\"primaryImageOfPage\":{\"@id\":\"https:\\\/\\\/lospoliticosveracruz.com\\\/?p=46615#primaryimage\"},\"image\":{\"@id\":\"https:\\\/\\\/lospoliticosveracruz.com\\\/?p=46615#primaryimage\"},\"thumbnailUrl\":\"https:\\\/\\\/lospoliticosveracruz.com\\\/wp-content\\\/uploads\\\/2019\\\/01\\\/nauyaca-real.jpg\",\"datePublished\":\"2019-01-31T04:55:28+00:00\",\"breadcrumb\":{\"@id\":\"https:\\\/\\\/lospoliticosveracruz.com\\\/?p=46615#breadcrumb\"},\"inLanguage\":\"es\",\"potentialAction\":[{\"@type\":\"ReadAction\",\"target\":[\"https:\\\/\\\/lospoliticosveracruz.com\\\/?p=46615\"]}]},{\"@type\":\"ImageObject\",\"inLanguage\":\"es\",\"@id\":\"https:\\\/\\\/lospoliticosveracruz.com\\\/?p=46615#primaryimage\",\"url\":\"https:\\\/\\\/lospoliticosveracruz.com\\\/wp-content\\\/uploads\\\/2019\\\/01\\\/nauyaca-real.jpg\",\"contentUrl\":\"https:\\\/\\\/lospoliticosveracruz.com\\\/wp-content\\\/uploads\\\/2019\\\/01\\\/nauyaca-real.jpg\",\"width\":640,\"height\":480},{\"@type\":\"BreadcrumbList\",\"@id\":\"https:\\\/\\\/lospoliticosveracruz.com\\\/?p=46615#breadcrumb\",\"itemListElement\":[{\"@type\":\"ListItem\",\"position\":1,\"name\":\"Portada\",\"item\":\"https:\\\/\\\/lospoliticosveracruz.com\\\/\"},{\"@type\":\"ListItem\",\"position\":2,\"name\":\"La Nauyaca del Ayuntamiento\"}]},{\"@type\":\"WebSite\",\"@id\":\"https:\\\/\\\/lospoliticosveracruz.com\\\/#website\",\"url\":\"https:\\\/\\\/lospoliticosveracruz.com\\\/\",\"name\":\"Los pol\u00edticos Veracruz\",\"description\":\"\",\"publisher\":{\"@id\":\"https:\\\/\\\/lospoliticosveracruz.com\\\/#organization\"},\"potentialAction\":[{\"@type\":\"SearchAction\",\"target\":{\"@type\":\"EntryPoint\",\"urlTemplate\":\"https:\\\/\\\/lospoliticosveracruz.com\\\/?s={search_term_string}\"},\"query-input\":{\"@type\":\"PropertyValueSpecification\",\"valueRequired\":true,\"valueName\":\"search_term_string\"}}],\"inLanguage\":\"es\"},{\"@type\":\"Organization\",\"@id\":\"https:\\\/\\\/lospoliticosveracruz.com\\\/#organization\",\"name\":\"Los pol\u00edticos Veracruz\",\"url\":\"https:\\\/\\\/lospoliticosveracruz.com\\\/\",\"logo\":{\"@type\":\"ImageObject\",\"inLanguage\":\"es\",\"@id\":\"https:\\\/\\\/lospoliticosveracruz.com\\\/#\\\/schema\\\/logo\\\/image\\\/\",\"url\":\"https:\\\/\\\/lospoliticosveracruz.com\\\/wp-content\\\/uploads\\\/2025\\\/12\\\/Logo-Nuevo-LOS-POLITICOS-1.jpg\",\"contentUrl\":\"https:\\\/\\\/lospoliticosveracruz.com\\\/wp-content\\\/uploads\\\/2025\\\/12\\\/Logo-Nuevo-LOS-POLITICOS-1.jpg\",\"width\":260,\"height\":70,\"caption\":\"Los pol\u00edticos Veracruz\"},\"image\":{\"@id\":\"https:\\\/\\\/lospoliticosveracruz.com\\\/#\\\/schema\\\/logo\\\/image\\\/\"},\"sameAs\":[\"https:\\\/\\\/www.facebook.com\\\/people\\\/Notimemes-de-los-Polticos\\\/61565672886568\\\/\",\"https:\\\/\\\/x.com\\\/LosPoliticosVer\"]},{\"@type\":\"Person\",\"@id\":\"https:\\\/\\\/lospoliticosveracruz.com\\\/#\\\/schema\\\/person\\\/b8702bb0e538456e6efd07080bf2a4a2\",\"name\":\"Lo viste en Los Pol\u00edticos\",\"image\":{\"@type\":\"ImageObject\",\"inLanguage\":\"es\",\"@id\":\"https:\\\/\\\/secure.gravatar.com\\\/avatar\\\/3a8de04a2656d44082be478bd6c086daa447c4651605818287b9532d3d0bd435?s=96&d=mm&r=g\",\"url\":\"https:\\\/\\\/secure.gravatar.com\\\/avatar\\\/3a8de04a2656d44082be478bd6c086daa447c4651605818287b9532d3d0bd435?s=96&d=mm&r=g\",\"contentUrl\":\"https:\\\/\\\/secure.gravatar.com\\\/avatar\\\/3a8de04a2656d44082be478bd6c086daa447c4651605818287b9532d3d0bd435?s=96&d=mm&r=g\",\"caption\":\"Lo viste en Los Pol\u00edticos\"},\"url\":\"https:\\\/\\\/lospoliticosveracruz.com\\\/?author=2\"}]}<\/script>\n<!-- \/ Yoast SEO plugin. -->","yoast_head_json":{"title":"La Nauyaca del Ayuntamiento - Los pol\u00edticos Veracruz","robots":{"index":"index","follow":"follow","max-snippet":"max-snippet:-1","max-image-preview":"max-image-preview:large","max-video-preview":"max-video-preview:-1"},"canonical":"https:\/\/lospoliticosveracruz.com\/?p=46615","og_locale":"es_ES","og_type":"article","og_title":"La Nauyaca del Ayuntamiento - Los pol\u00edticos Veracruz","og_description":"Salvador Mu\u00f1oz Los Pol\u00edticos Luis Carrillo, G\u00fcicho para sus amigos, desde febrero del a\u00f1o pasado, tom\u00f3 a su mando la UMA (Unidades para la Conservaci\u00f3n, Manejo y Aprovechamiento Sustentable de la Vida Silvestre) del Parque de los Tecajetes. All\u00ed, como muchos xalape\u00f1os lo saben y los que sean de fuera ya lo sabr\u00e1n, hay un [&hellip;]","og_url":"https:\/\/lospoliticosveracruz.com\/?p=46615","og_site_name":"Los pol\u00edticos Veracruz","article_publisher":"https:\/\/www.facebook.com\/people\/Notimemes-de-los-Polticos\/61565672886568\/","article_published_time":"2019-01-31T04:55:28+00:00","og_image":[{"width":640,"height":480,"url":"https:\/\/lospoliticosveracruz.com\/wp-content\/uploads\/2019\/01\/nauyaca-real.jpg","type":"image\/jpeg"}],"author":"Lo viste en Los Pol\u00edticos","twitter_card":"summary_large_image","twitter_creator":"@LosPoliticosVer","twitter_site":"@LosPoliticosVer","twitter_misc":{"Escrito por":"Lo viste en Los Pol\u00edticos","Tiempo de lectura":"3 minutos"},"schema":{"@context":"https:\/\/schema.org","@graph":[{"@type":"Article","@id":"https:\/\/lospoliticosveracruz.com\/?p=46615#article","isPartOf":{"@id":"https:\/\/lospoliticosveracruz.com\/?p=46615"},"author":{"name":"Lo viste en Los Pol\u00edticos","@id":"https:\/\/lospoliticosveracruz.com\/#\/schema\/person\/b8702bb0e538456e6efd07080bf2a4a2"},"headline":"La Nauyaca del Ayuntamiento","datePublished":"2019-01-31T04:55:28+00:00","mainEntityOfPage":{"@id":"https:\/\/lospoliticosveracruz.com\/?p=46615"},"wordCount":683,"commentCount":0,"publisher":{"@id":"https:\/\/lospoliticosveracruz.com\/#organization"},"image":{"@id":"https:\/\/lospoliticosveracruz.com\/?p=46615#primaryimage"},"thumbnailUrl":"https:\/\/lospoliticosveracruz.com\/wp-content\/uploads\/2019\/01\/nauyaca-real.jpg","keywords":["Cabeza de Metate","Chapultepec","Coralillo","Luis Carrillo","Nancy Adriana","Nauyaca","Parque de Los Tecajetes","UMA"],"articleSection":["De Opini\u00f3n"],"inLanguage":"es","potentialAction":[{"@type":"CommentAction","name":"Comment","target":["https:\/\/lospoliticosveracruz.com\/?p=46615#respond"]}]},{"@type":"WebPage","@id":"https:\/\/lospoliticosveracruz.com\/?p=46615","url":"https:\/\/lospoliticosveracruz.com\/?p=46615","name":"La Nauyaca del Ayuntamiento - Los pol\u00edticos Veracruz","isPartOf":{"@id":"https:\/\/lospoliticosveracruz.com\/#website"},"primaryImageOfPage":{"@id":"https:\/\/lospoliticosveracruz.com\/?p=46615#primaryimage"},"image":{"@id":"https:\/\/lospoliticosveracruz.com\/?p=46615#primaryimage"},"thumbnailUrl":"https:\/\/lospoliticosveracruz.com\/wp-content\/uploads\/2019\/01\/nauyaca-real.jpg","datePublished":"2019-01-31T04:55:28+00:00","breadcrumb":{"@id":"https:\/\/lospoliticosveracruz.com\/?p=46615#breadcrumb"},"inLanguage":"es","potentialAction":[{"@type":"ReadAction","target":["https:\/\/lospoliticosveracruz.com\/?p=46615"]}]},{"@type":"ImageObject","inLanguage":"es","@id":"https:\/\/lospoliticosveracruz.com\/?p=46615#primaryimage","url":"https:\/\/lospoliticosveracruz.com\/wp-content\/uploads\/2019\/01\/nauyaca-real.jpg","contentUrl":"https:\/\/lospoliticosveracruz.com\/wp-content\/uploads\/2019\/01\/nauyaca-real.jpg","width":640,"height":480},{"@type":"BreadcrumbList","@id":"https:\/\/lospoliticosveracruz.com\/?p=46615#breadcrumb","itemListElement":[{"@type":"ListItem","position":1,"name":"Portada","item":"https:\/\/lospoliticosveracruz.com\/"},{"@type":"ListItem","position":2,"name":"La Nauyaca del Ayuntamiento"}]},{"@type":"WebSite","@id":"https:\/\/lospoliticosveracruz.com\/#website","url":"https:\/\/lospoliticosveracruz.com\/","name":"Los pol\u00edticos Veracruz","description":"","publisher":{"@id":"https:\/\/lospoliticosveracruz.com\/#organization"},"potentialAction":[{"@type":"SearchAction","target":{"@type":"EntryPoint","urlTemplate":"https:\/\/lospoliticosveracruz.com\/?s={search_term_string}"},"query-input":{"@type":"PropertyValueSpecification","valueRequired":true,"valueName":"search_term_string"}}],"inLanguage":"es"},{"@type":"Organization","@id":"https:\/\/lospoliticosveracruz.com\/#organization","name":"Los pol\u00edticos Veracruz","url":"https:\/\/lospoliticosveracruz.com\/","logo":{"@type":"ImageObject","inLanguage":"es","@id":"https:\/\/lospoliticosveracruz.com\/#\/schema\/logo\/image\/","url":"https:\/\/lospoliticosveracruz.com\/wp-content\/uploads\/2025\/12\/Logo-Nuevo-LOS-POLITICOS-1.jpg","contentUrl":"https:\/\/lospoliticosveracruz.com\/wp-content\/uploads\/2025\/12\/Logo-Nuevo-LOS-POLITICOS-1.jpg","width":260,"height":70,"caption":"Los pol\u00edticos Veracruz"},"image":{"@id":"https:\/\/lospoliticosveracruz.com\/#\/schema\/logo\/image\/"},"sameAs":["https:\/\/www.facebook.com\/people\/Notimemes-de-los-Polticos\/61565672886568\/","https:\/\/x.com\/LosPoliticosVer"]},{"@type":"Person","@id":"https:\/\/lospoliticosveracruz.com\/#\/schema\/person\/b8702bb0e538456e6efd07080bf2a4a2","name":"Lo viste en Los Pol\u00edticos","image":{"@type":"ImageObject","inLanguage":"es","@id":"https:\/\/secure.gravatar.com\/avatar\/3a8de04a2656d44082be478bd6c086daa447c4651605818287b9532d3d0bd435?s=96&d=mm&r=g","url":"https:\/\/secure.gravatar.com\/avatar\/3a8de04a2656d44082be478bd6c086daa447c4651605818287b9532d3d0bd435?s=96&d=mm&r=g","contentUrl":"https:\/\/secure.gravatar.com\/avatar\/3a8de04a2656d44082be478bd6c086daa447c4651605818287b9532d3d0bd435?s=96&d=mm&r=g","caption":"Lo viste en Los Pol\u00edticos"},"url":"https:\/\/lospoliticosveracruz.com\/?author=2"}]}},"_links":{"self":[{"href":"https:\/\/lospoliticosveracruz.com\/index.php?rest_route=\/wp\/v2\/posts\/46615","targetHints":{"allow":["GET"]}}],"collection":[{"href":"https:\/\/lospoliticosveracruz.com\/index.php?rest_route=\/wp\/v2\/posts"}],"about":[{"href":"https:\/\/lospoliticosveracruz.com\/index.php?rest_route=\/wp\/v2\/types\/post"}],"author":[{"embeddable":true,"href":"https:\/\/lospoliticosveracruz.com\/index.php?rest_route=\/wp\/v2\/users\/2"}],"replies":[{"embeddable":true,"href":"https:\/\/lospoliticosveracruz.com\/index.php?rest_route=%2Fwp%2Fv2%2Fcomments&post=46615"}],"version-history":[{"count":1,"href":"https:\/\/lospoliticosveracruz.com\/index.php?rest_route=\/wp\/v2\/posts\/46615\/revisions"}],"predecessor-version":[{"id":46618,"href":"https:\/\/lospoliticosveracruz.com\/index.php?rest_route=\/wp\/v2\/posts\/46615\/revisions\/46618"}],"wp:featuredmedia":[{"embeddable":true,"href":"https:\/\/lospoliticosveracruz.com\/index.php?rest_route=\/wp\/v2\/media\/46617"}],"wp:attachment":[{"href":"https:\/\/lospoliticosveracruz.com\/index.php?rest_route=%2Fwp%2Fv2%2Fmedia&parent=46615"}],"wp:term":[{"taxonomy":"category","embeddable":true,"href":"https:\/\/lospoliticosveracruz.com\/index.php?rest_route=%2Fwp%2Fv2%2Fcategories&post=46615"},{"taxonomy":"post_tag","embeddable":true,"href":"https:\/\/lospoliticosveracruz.com\/index.php?rest_route=%2Fwp%2Fv2%2Ftags&post=46615"}],"curies":[{"name":"wp","href":"https:\/\/api.w.org\/{rel}","templated":true}]}}