{"id":46662,"date":"2019-02-04T09:47:35","date_gmt":"2019-02-04T15:47:35","guid":{"rendered":"http:\/\/www.lospoliticosveracruz.com.mx\/?p=46662"},"modified":"2019-02-04T09:47:35","modified_gmt":"2019-02-04T15:47:35","slug":"pruebas-de-papanicolau-y-vph-pueden-hacer-la-diferencia-imss","status":"publish","type":"post","link":"https:\/\/lospoliticosveracruz.com\/?p=46662","title":{"rendered":"Pruebas de Papanicolau y VPH pueden hacer la diferencia: IMSS"},"content":{"rendered":"<p>La Delegaci\u00f3n Regional del Instituto Mexicano del Seguro Social (IMSS) en Veracruz Norte, en el marco del \u201cD\u00eda Mundial contra el C\u00e1ncer\u201d, bajo el lema:<em>Crea un futuro sin c\u00e1ncer c\u00e9rvicouterino<\/em>, promueve la cultura de la prevenci\u00f3n, exhortando a las mujeres en general a realizarse estudios peri\u00f3dicos, como la prueba del Papanicolaou y la del\u00a0virus del papiloma humano\u00a0(VPH), con el objetivo de detectar este padecimiento en una fase temprana y poder erradicarlo.<\/p>\n<p>El Coordinador de Prevenci\u00f3n y Atenci\u00f3n a la Salud, doctor Jos\u00e9 Guadalupe\u00a0 Guti\u00e9rrez M\u00e1rquez, explic\u00f3 que el c\u00e1ncer c\u00e9rvicouterino (CACU) es una alteraci\u00f3n que se origina en el epitelio del cuello del \u00fatero, y se manifiesta inicialmente, a trav\u00e9s de lesiones intraepiteliales precursoras de bajo y alto grado, de avance lento y progresivo a c\u00e1ncer invasor.<\/p>\n<p>El control integral del CACU consiste en la prevenci\u00f3n primaria a trav\u00e9s de la vacunaci\u00f3n contra los VPH; secundaria con la detecci\u00f3n y tratamiento de las lesiones precancerosas y terciaria con el diagn\u00f3stico y tratamiento del c\u00e1ncer invasivo, as\u00ed como con los cuidados paliativos.<\/p>\n<p>Asimismo, los requisitos para realizarse el Papanicolaou son: no estar en per\u00edodo menstrual (regla), no haber tenido relaciones sexuales en las 48 horas anteriores, no haberse realizado duchas vaginales en el lapso de 48 horas antes y no haberse aplicado ning\u00fan tratamiento m\u00e9dico vaginal (\u00f3vulos o cremas), durante el mismo periodo.<\/p>\n<p>&nbsp;<\/p>\n<p>&nbsp;<\/p>\n<p>Existen diversos factores de riesgo que favorecen su desarrollo como pueden ser: inicio de vida sexual antes de los 15 a\u00f1os, m\u00faltiples parejas sexuales, Infecci\u00f3n por VPH (serotipos 16 y 18), tabaquismo, infecciones de transmisi\u00f3n sexual, pareja sexual masculina infectada con VPH, tener pareja que ha tenido m\u00faltiples parejas sexuales, mujeres menores de 30 a\u00f1os sin antecedente de control citol\u00f3gico, deficiencia de \u00e1cido f\u00f3lico, mujeres inmunocomprometidas y que utilizan anticonceptivos orales combinados a largo plazo.<\/p>\n<p>Los s\u00edntomas m\u00e1s comunes del CACU son: sangrado intermestrual y postcoital, apariencia anormal del c\u00e9rvix (sospecha de malignidad), descarga vaginal (manchado de sangre) y dolor p\u00e9lvico.<\/p>\n<p>Por \u00faltimo, coment\u00f3 el m\u00e9dico que la mejor medida para prevenirlo es aplicar la vacunaci\u00f3n contra el VPH a todas las ni\u00f1as de 5\u00b0 a\u00f1o de primaria y de 11 a\u00f1os de edad que no acuden al Sistema Educativo.<\/p>\n","protected":false},"excerpt":{"rendered":"<p>La Delegaci\u00f3n Regional del Instituto Mexicano del Seguro Social (IMSS) en Veracruz Norte, en el marco del \u201cD\u00eda Mundial contra el C\u00e1ncer\u201d, bajo el lema:Crea un futuro sin c\u00e1ncer c\u00e9rvicouterino, promueve la cultura de la prevenci\u00f3n, exhortando a las mujeres en general a realizarse estudios peri\u00f3dicos, como la prueba del Papanicolaou y la del\u00a0virus del [&hellip;]<\/p>\n","protected":false},"author":2,"featured_media":46663,"comment_status":"open","ping_status":"open","sticky":false,"template":"","format":"standard","meta":{"tdm_status":"","tdm_grid_status":"","footnotes":""},"categories":[73],"tags":[8386,1673,1208,11159],"class_list":{"0":"post-46662","1":"post","2":"type-post","3":"status-publish","4":"format-standard","5":"has-post-thumbnail","7":"category-de-boleto","8":"tag-cancer-cervicouterino","9":"tag-dia-mundial-contra-el-cancer","10":"tag-imss","11":"tag-veracruz-norte"},"yoast_head":"<!-- This site is optimized with the Yoast SEO plugin v27.4 - https:\/\/yoast.com\/product\/yoast-seo-wordpress\/ -->\n<title>Pruebas de Papanicolau y VPH pueden hacer la diferencia: IMSS - Los pol\u00edticos Veracruz<\/title>\n<meta name=\"robots\" content=\"index, follow, max-snippet:-1, max-image-preview:large, max-video-preview:-1\" \/>\n<link rel=\"canonical\" href=\"https:\/\/lospoliticosveracruz.com\/?p=46662\" \/>\n<meta property=\"og:locale\" content=\"es_ES\" \/>\n<meta property=\"og:type\" content=\"article\" \/>\n<meta property=\"og:title\" content=\"Pruebas de Papanicolau y VPH pueden hacer la diferencia: IMSS - Los pol\u00edticos Veracruz\" \/>\n<meta property=\"og:description\" content=\"La Delegaci\u00f3n Regional del Instituto Mexicano del Seguro Social (IMSS) en Veracruz Norte, en el marco del \u201cD\u00eda Mundial contra el C\u00e1ncer\u201d, bajo el lema:Crea un futuro sin c\u00e1ncer c\u00e9rvicouterino, promueve la cultura de la prevenci\u00f3n, exhortando a las mujeres en general a realizarse estudios peri\u00f3dicos, como la prueba del Papanicolaou y la del\u00a0virus del [&hellip;]\" \/>\n<meta property=\"og:url\" content=\"https:\/\/lospoliticosveracruz.com\/?p=46662\" \/>\n<meta property=\"og:site_name\" content=\"Los pol\u00edticos Veracruz\" \/>\n<meta property=\"article:publisher\" content=\"https:\/\/www.facebook.com\/people\/Notimemes-de-los-Polticos\/61565672886568\/\" \/>\n<meta property=\"article:published_time\" content=\"2019-02-04T15:47:35+00:00\" \/>\n<meta property=\"og:image\" content=\"https:\/\/lospoliticosveracruz.com\/wp-content\/uploads\/2019\/02\/Cervico-uterino.jpeg\" \/>\n\t<meta property=\"og:image:width\" content=\"600\" \/>\n\t<meta property=\"og:image:height\" content=\"338\" \/>\n\t<meta property=\"og:image:type\" content=\"image\/jpeg\" \/>\n<meta name=\"author\" content=\"Lo viste en Los Pol\u00edticos\" \/>\n<meta name=\"twitter:card\" content=\"summary_large_image\" \/>\n<meta name=\"twitter:creator\" content=\"@LosPoliticosVer\" \/>\n<meta name=\"twitter:site\" content=\"@LosPoliticosVer\" \/>\n<meta name=\"twitter:label1\" content=\"Escrito por\" \/>\n\t<meta name=\"twitter:data1\" content=\"Lo viste en Los Pol\u00edticos\" \/>\n\t<meta name=\"twitter:label2\" content=\"Tiempo de lectura\" \/>\n\t<meta name=\"twitter:data2\" content=\"2 minutos\" \/>\n<script type=\"application\/ld+json\" class=\"yoast-schema-graph\">{\"@context\":\"https:\\\/\\\/schema.org\",\"@graph\":[{\"@type\":\"Article\",\"@id\":\"https:\\\/\\\/lospoliticosveracruz.com\\\/?p=46662#article\",\"isPartOf\":{\"@id\":\"https:\\\/\\\/lospoliticosveracruz.com\\\/?p=46662\"},\"author\":{\"name\":\"Lo viste en Los Pol\u00edticos\",\"@id\":\"https:\\\/\\\/lospoliticosveracruz.com\\\/#\\\/schema\\\/person\\\/b8702bb0e538456e6efd07080bf2a4a2\"},\"headline\":\"Pruebas de Papanicolau y VPH pueden hacer la diferencia: IMSS\",\"datePublished\":\"2019-02-04T15:47:35+00:00\",\"mainEntityOfPage\":{\"@id\":\"https:\\\/\\\/lospoliticosveracruz.com\\\/?p=46662\"},\"wordCount\":411,\"commentCount\":0,\"publisher\":{\"@id\":\"https:\\\/\\\/lospoliticosveracruz.com\\\/#organization\"},\"image\":{\"@id\":\"https:\\\/\\\/lospoliticosveracruz.com\\\/?p=46662#primaryimage\"},\"thumbnailUrl\":\"https:\\\/\\\/lospoliticosveracruz.com\\\/wp-content\\\/uploads\\\/2019\\\/02\\\/Cervico-uterino.jpeg\",\"keywords\":[\"c\u00e1ncer c\u00e9rvicouterino\",\"D\u00eda Mundial contra el C\u00e1ncer\",\"IMSS\",\"Veracruz Norte\"],\"articleSection\":[\"De Boleto\"],\"inLanguage\":\"es\",\"potentialAction\":[{\"@type\":\"CommentAction\",\"name\":\"Comment\",\"target\":[\"https:\\\/\\\/lospoliticosveracruz.com\\\/?p=46662#respond\"]}]},{\"@type\":\"WebPage\",\"@id\":\"https:\\\/\\\/lospoliticosveracruz.com\\\/?p=46662\",\"url\":\"https:\\\/\\\/lospoliticosveracruz.com\\\/?p=46662\",\"name\":\"Pruebas de Papanicolau y VPH pueden hacer la diferencia: IMSS - Los pol\u00edticos Veracruz\",\"isPartOf\":{\"@id\":\"https:\\\/\\\/lospoliticosveracruz.com\\\/#website\"},\"primaryImageOfPage\":{\"@id\":\"https:\\\/\\\/lospoliticosveracruz.com\\\/?p=46662#primaryimage\"},\"image\":{\"@id\":\"https:\\\/\\\/lospoliticosveracruz.com\\\/?p=46662#primaryimage\"},\"thumbnailUrl\":\"https:\\\/\\\/lospoliticosveracruz.com\\\/wp-content\\\/uploads\\\/2019\\\/02\\\/Cervico-uterino.jpeg\",\"datePublished\":\"2019-02-04T15:47:35+00:00\",\"breadcrumb\":{\"@id\":\"https:\\\/\\\/lospoliticosveracruz.com\\\/?p=46662#breadcrumb\"},\"inLanguage\":\"es\",\"potentialAction\":[{\"@type\":\"ReadAction\",\"target\":[\"https:\\\/\\\/lospoliticosveracruz.com\\\/?p=46662\"]}]},{\"@type\":\"ImageObject\",\"inLanguage\":\"es\",\"@id\":\"https:\\\/\\\/lospoliticosveracruz.com\\\/?p=46662#primaryimage\",\"url\":\"https:\\\/\\\/lospoliticosveracruz.com\\\/wp-content\\\/uploads\\\/2019\\\/02\\\/Cervico-uterino.jpeg\",\"contentUrl\":\"https:\\\/\\\/lospoliticosveracruz.com\\\/wp-content\\\/uploads\\\/2019\\\/02\\\/Cervico-uterino.jpeg\",\"width\":600,\"height\":338},{\"@type\":\"BreadcrumbList\",\"@id\":\"https:\\\/\\\/lospoliticosveracruz.com\\\/?p=46662#breadcrumb\",\"itemListElement\":[{\"@type\":\"ListItem\",\"position\":1,\"name\":\"Portada\",\"item\":\"https:\\\/\\\/lospoliticosveracruz.com\\\/\"},{\"@type\":\"ListItem\",\"position\":2,\"name\":\"Pruebas de Papanicolau y VPH pueden hacer la diferencia: IMSS\"}]},{\"@type\":\"WebSite\",\"@id\":\"https:\\\/\\\/lospoliticosveracruz.com\\\/#website\",\"url\":\"https:\\\/\\\/lospoliticosveracruz.com\\\/\",\"name\":\"Los pol\u00edticos Veracruz\",\"description\":\"\",\"publisher\":{\"@id\":\"https:\\\/\\\/lospoliticosveracruz.com\\\/#organization\"},\"potentialAction\":[{\"@type\":\"SearchAction\",\"target\":{\"@type\":\"EntryPoint\",\"urlTemplate\":\"https:\\\/\\\/lospoliticosveracruz.com\\\/?s={search_term_string}\"},\"query-input\":{\"@type\":\"PropertyValueSpecification\",\"valueRequired\":true,\"valueName\":\"search_term_string\"}}],\"inLanguage\":\"es\"},{\"@type\":\"Organization\",\"@id\":\"https:\\\/\\\/lospoliticosveracruz.com\\\/#organization\",\"name\":\"Los pol\u00edticos Veracruz\",\"url\":\"https:\\\/\\\/lospoliticosveracruz.com\\\/\",\"logo\":{\"@type\":\"ImageObject\",\"inLanguage\":\"es\",\"@id\":\"https:\\\/\\\/lospoliticosveracruz.com\\\/#\\\/schema\\\/logo\\\/image\\\/\",\"url\":\"https:\\\/\\\/lospoliticosveracruz.com\\\/wp-content\\\/uploads\\\/2025\\\/12\\\/Logo-Nuevo-LOS-POLITICOS-1.jpg\",\"contentUrl\":\"https:\\\/\\\/lospoliticosveracruz.com\\\/wp-content\\\/uploads\\\/2025\\\/12\\\/Logo-Nuevo-LOS-POLITICOS-1.jpg\",\"width\":260,\"height\":70,\"caption\":\"Los pol\u00edticos Veracruz\"},\"image\":{\"@id\":\"https:\\\/\\\/lospoliticosveracruz.com\\\/#\\\/schema\\\/logo\\\/image\\\/\"},\"sameAs\":[\"https:\\\/\\\/www.facebook.com\\\/people\\\/Notimemes-de-los-Polticos\\\/61565672886568\\\/\",\"https:\\\/\\\/x.com\\\/LosPoliticosVer\"]},{\"@type\":\"Person\",\"@id\":\"https:\\\/\\\/lospoliticosveracruz.com\\\/#\\\/schema\\\/person\\\/b8702bb0e538456e6efd07080bf2a4a2\",\"name\":\"Lo viste en Los Pol\u00edticos\",\"image\":{\"@type\":\"ImageObject\",\"inLanguage\":\"es\",\"@id\":\"https:\\\/\\\/secure.gravatar.com\\\/avatar\\\/3a8de04a2656d44082be478bd6c086daa447c4651605818287b9532d3d0bd435?s=96&d=mm&r=g\",\"url\":\"https:\\\/\\\/secure.gravatar.com\\\/avatar\\\/3a8de04a2656d44082be478bd6c086daa447c4651605818287b9532d3d0bd435?s=96&d=mm&r=g\",\"contentUrl\":\"https:\\\/\\\/secure.gravatar.com\\\/avatar\\\/3a8de04a2656d44082be478bd6c086daa447c4651605818287b9532d3d0bd435?s=96&d=mm&r=g\",\"caption\":\"Lo viste en Los Pol\u00edticos\"},\"url\":\"https:\\\/\\\/lospoliticosveracruz.com\\\/?author=2\"}]}<\/script>\n<!-- \/ Yoast SEO plugin. -->","yoast_head_json":{"title":"Pruebas de Papanicolau y VPH pueden hacer la diferencia: IMSS - Los pol\u00edticos Veracruz","robots":{"index":"index","follow":"follow","max-snippet":"max-snippet:-1","max-image-preview":"max-image-preview:large","max-video-preview":"max-video-preview:-1"},"canonical":"https:\/\/lospoliticosveracruz.com\/?p=46662","og_locale":"es_ES","og_type":"article","og_title":"Pruebas de Papanicolau y VPH pueden hacer la diferencia: IMSS - Los pol\u00edticos Veracruz","og_description":"La Delegaci\u00f3n Regional del Instituto Mexicano del Seguro Social (IMSS) en Veracruz Norte, en el marco del \u201cD\u00eda Mundial contra el C\u00e1ncer\u201d, bajo el lema:Crea un futuro sin c\u00e1ncer c\u00e9rvicouterino, promueve la cultura de la prevenci\u00f3n, exhortando a las mujeres en general a realizarse estudios peri\u00f3dicos, como la prueba del Papanicolaou y la del\u00a0virus del [&hellip;]","og_url":"https:\/\/lospoliticosveracruz.com\/?p=46662","og_site_name":"Los pol\u00edticos Veracruz","article_publisher":"https:\/\/www.facebook.com\/people\/Notimemes-de-los-Polticos\/61565672886568\/","article_published_time":"2019-02-04T15:47:35+00:00","og_image":[{"width":600,"height":338,"url":"https:\/\/lospoliticosveracruz.com\/wp-content\/uploads\/2019\/02\/Cervico-uterino.jpeg","type":"image\/jpeg"}],"author":"Lo viste en Los Pol\u00edticos","twitter_card":"summary_large_image","twitter_creator":"@LosPoliticosVer","twitter_site":"@LosPoliticosVer","twitter_misc":{"Escrito por":"Lo viste en Los Pol\u00edticos","Tiempo de lectura":"2 minutos"},"schema":{"@context":"https:\/\/schema.org","@graph":[{"@type":"Article","@id":"https:\/\/lospoliticosveracruz.com\/?p=46662#article","isPartOf":{"@id":"https:\/\/lospoliticosveracruz.com\/?p=46662"},"author":{"name":"Lo viste en Los Pol\u00edticos","@id":"https:\/\/lospoliticosveracruz.com\/#\/schema\/person\/b8702bb0e538456e6efd07080bf2a4a2"},"headline":"Pruebas de Papanicolau y VPH pueden hacer la diferencia: IMSS","datePublished":"2019-02-04T15:47:35+00:00","mainEntityOfPage":{"@id":"https:\/\/lospoliticosveracruz.com\/?p=46662"},"wordCount":411,"commentCount":0,"publisher":{"@id":"https:\/\/lospoliticosveracruz.com\/#organization"},"image":{"@id":"https:\/\/lospoliticosveracruz.com\/?p=46662#primaryimage"},"thumbnailUrl":"https:\/\/lospoliticosveracruz.com\/wp-content\/uploads\/2019\/02\/Cervico-uterino.jpeg","keywords":["c\u00e1ncer c\u00e9rvicouterino","D\u00eda Mundial contra el C\u00e1ncer","IMSS","Veracruz Norte"],"articleSection":["De Boleto"],"inLanguage":"es","potentialAction":[{"@type":"CommentAction","name":"Comment","target":["https:\/\/lospoliticosveracruz.com\/?p=46662#respond"]}]},{"@type":"WebPage","@id":"https:\/\/lospoliticosveracruz.com\/?p=46662","url":"https:\/\/lospoliticosveracruz.com\/?p=46662","name":"Pruebas de Papanicolau y VPH pueden hacer la diferencia: IMSS - Los pol\u00edticos Veracruz","isPartOf":{"@id":"https:\/\/lospoliticosveracruz.com\/#website"},"primaryImageOfPage":{"@id":"https:\/\/lospoliticosveracruz.com\/?p=46662#primaryimage"},"image":{"@id":"https:\/\/lospoliticosveracruz.com\/?p=46662#primaryimage"},"thumbnailUrl":"https:\/\/lospoliticosveracruz.com\/wp-content\/uploads\/2019\/02\/Cervico-uterino.jpeg","datePublished":"2019-02-04T15:47:35+00:00","breadcrumb":{"@id":"https:\/\/lospoliticosveracruz.com\/?p=46662#breadcrumb"},"inLanguage":"es","potentialAction":[{"@type":"ReadAction","target":["https:\/\/lospoliticosveracruz.com\/?p=46662"]}]},{"@type":"ImageObject","inLanguage":"es","@id":"https:\/\/lospoliticosveracruz.com\/?p=46662#primaryimage","url":"https:\/\/lospoliticosveracruz.com\/wp-content\/uploads\/2019\/02\/Cervico-uterino.jpeg","contentUrl":"https:\/\/lospoliticosveracruz.com\/wp-content\/uploads\/2019\/02\/Cervico-uterino.jpeg","width":600,"height":338},{"@type":"BreadcrumbList","@id":"https:\/\/lospoliticosveracruz.com\/?p=46662#breadcrumb","itemListElement":[{"@type":"ListItem","position":1,"name":"Portada","item":"https:\/\/lospoliticosveracruz.com\/"},{"@type":"ListItem","position":2,"name":"Pruebas de Papanicolau y VPH pueden hacer la diferencia: IMSS"}]},{"@type":"WebSite","@id":"https:\/\/lospoliticosveracruz.com\/#website","url":"https:\/\/lospoliticosveracruz.com\/","name":"Los pol\u00edticos Veracruz","description":"","publisher":{"@id":"https:\/\/lospoliticosveracruz.com\/#organization"},"potentialAction":[{"@type":"SearchAction","target":{"@type":"EntryPoint","urlTemplate":"https:\/\/lospoliticosveracruz.com\/?s={search_term_string}"},"query-input":{"@type":"PropertyValueSpecification","valueRequired":true,"valueName":"search_term_string"}}],"inLanguage":"es"},{"@type":"Organization","@id":"https:\/\/lospoliticosveracruz.com\/#organization","name":"Los pol\u00edticos Veracruz","url":"https:\/\/lospoliticosveracruz.com\/","logo":{"@type":"ImageObject","inLanguage":"es","@id":"https:\/\/lospoliticosveracruz.com\/#\/schema\/logo\/image\/","url":"https:\/\/lospoliticosveracruz.com\/wp-content\/uploads\/2025\/12\/Logo-Nuevo-LOS-POLITICOS-1.jpg","contentUrl":"https:\/\/lospoliticosveracruz.com\/wp-content\/uploads\/2025\/12\/Logo-Nuevo-LOS-POLITICOS-1.jpg","width":260,"height":70,"caption":"Los pol\u00edticos Veracruz"},"image":{"@id":"https:\/\/lospoliticosveracruz.com\/#\/schema\/logo\/image\/"},"sameAs":["https:\/\/www.facebook.com\/people\/Notimemes-de-los-Polticos\/61565672886568\/","https:\/\/x.com\/LosPoliticosVer"]},{"@type":"Person","@id":"https:\/\/lospoliticosveracruz.com\/#\/schema\/person\/b8702bb0e538456e6efd07080bf2a4a2","name":"Lo viste en Los Pol\u00edticos","image":{"@type":"ImageObject","inLanguage":"es","@id":"https:\/\/secure.gravatar.com\/avatar\/3a8de04a2656d44082be478bd6c086daa447c4651605818287b9532d3d0bd435?s=96&d=mm&r=g","url":"https:\/\/secure.gravatar.com\/avatar\/3a8de04a2656d44082be478bd6c086daa447c4651605818287b9532d3d0bd435?s=96&d=mm&r=g","contentUrl":"https:\/\/secure.gravatar.com\/avatar\/3a8de04a2656d44082be478bd6c086daa447c4651605818287b9532d3d0bd435?s=96&d=mm&r=g","caption":"Lo viste en Los Pol\u00edticos"},"url":"https:\/\/lospoliticosveracruz.com\/?author=2"}]}},"_links":{"self":[{"href":"https:\/\/lospoliticosveracruz.com\/index.php?rest_route=\/wp\/v2\/posts\/46662","targetHints":{"allow":["GET"]}}],"collection":[{"href":"https:\/\/lospoliticosveracruz.com\/index.php?rest_route=\/wp\/v2\/posts"}],"about":[{"href":"https:\/\/lospoliticosveracruz.com\/index.php?rest_route=\/wp\/v2\/types\/post"}],"author":[{"embeddable":true,"href":"https:\/\/lospoliticosveracruz.com\/index.php?rest_route=\/wp\/v2\/users\/2"}],"replies":[{"embeddable":true,"href":"https:\/\/lospoliticosveracruz.com\/index.php?rest_route=%2Fwp%2Fv2%2Fcomments&post=46662"}],"version-history":[{"count":1,"href":"https:\/\/lospoliticosveracruz.com\/index.php?rest_route=\/wp\/v2\/posts\/46662\/revisions"}],"predecessor-version":[{"id":46664,"href":"https:\/\/lospoliticosveracruz.com\/index.php?rest_route=\/wp\/v2\/posts\/46662\/revisions\/46664"}],"wp:featuredmedia":[{"embeddable":true,"href":"https:\/\/lospoliticosveracruz.com\/index.php?rest_route=\/wp\/v2\/media\/46663"}],"wp:attachment":[{"href":"https:\/\/lospoliticosveracruz.com\/index.php?rest_route=%2Fwp%2Fv2%2Fmedia&parent=46662"}],"wp:term":[{"taxonomy":"category","embeddable":true,"href":"https:\/\/lospoliticosveracruz.com\/index.php?rest_route=%2Fwp%2Fv2%2Fcategories&post=46662"},{"taxonomy":"post_tag","embeddable":true,"href":"https:\/\/lospoliticosveracruz.com\/index.php?rest_route=%2Fwp%2Fv2%2Ftags&post=46662"}],"curies":[{"name":"wp","href":"https:\/\/api.w.org\/{rel}","templated":true}]}}