{"id":46665,"date":"2019-02-04T10:03:29","date_gmt":"2019-02-04T16:03:29","guid":{"rendered":"http:\/\/www.lospoliticosveracruz.com.mx\/?p=46665"},"modified":"2019-02-04T10:03:29","modified_gmt":"2019-02-04T16:03:29","slug":"el-jalon-de-orejas-en-veracruz","status":"publish","type":"post","link":"https:\/\/lospoliticosveracruz.com\/?p=46665","title":{"rendered":"El jal\u00f3n de orejas en Veracruz"},"content":{"rendered":"<p><strong>Ricardo Ch\u00faa<\/strong><\/p>\n<p><em>Sale y Vale<\/em><\/p>\n<p>Nos conf\u00eda la Fuente que gente cercana a L\u00f3pez Obrador se dieron cuenta que la visita del Presidente de M\u00e9xico a Veracruz Le dej\u00f3 a \u00e9l algunas \u00ablecturas\u00bb entre ellas que quedaron mal ante su persona, el delegado federal, Manuel Huerta y el gobernador, Cuitl\u00e1huac Garc\u00eda&#8230; Y todo encuadra ante su INOPERANCIA POL\u00cdTICA Y ADMINISTRATIVA&#8230; Y eso que es la segunda visita que hace en 60 d\u00edas y tuvo que venir a \u00abrespaldar\u00bb&#8230; Si no viene \u00e9l esas plazas no las llenan.. Ni bailando con el \u00abCristo Negro\u00bb&#8230;<\/p>\n<p>Andr\u00e9s Manuel dej\u00f3 en claro que Huerta es s\u00f3lo \u00abgrillo\u00bb y que sabe muy poco de la administraci\u00f3n p\u00fablica&#8230; Que hay gente encuestada desde diciembre en la lista de Bienestar y no se les paga&#8230; Y esa \u00abgrilla\u00bb lo dej\u00f3 mal parado y que aun no termina con el censo&#8230; Fue otra de las \u00abgrillas\u00bb&#8230; Y de Cuitl\u00e1huac observ\u00f3 como estaba nervioso cuando hablaba en el estrado&#8230; No sab\u00eda que hacer ante la rechifla&#8230; Fuera o no para \u00e9l&#8230; No tom\u00f3 el \u00abtoro por los cuernos\u00bb&#8230;. Incompetencia o falta de profesionalismo.. No se sabe.. Esa respuesta s\u00f3lo la tiene AMLO<\/p>\n<p>Y es que la actual GOBERNACI\u00d3N del gobierno de MORENA en Veracruz&#8230; Se ve que no entienden o de plano no saben, que las POL\u00cdTICAS P\u00daBLICAS son las que gu\u00edan la ADMINISTRACI\u00d3N P\u00daBLICA DEL ESTADO&#8230; No lo simb\u00f3lico, ni las buenas intenciones&#8230; Eso es asunto de campa\u00f1a y no de un gobierno constitucionalmente establecido&#8230; Pero al final como dice el dicho: \u00abDe un \u00e1rbol de manzana, no puedes extraer ca\u00f1a\u00bb&#8230; Que es lo mismo, las experiencias con las ocurrencias&#8230; TAN, TAN&#8230;<\/p>\n<p>LA \u00abGRILLA\u00bb A HUERTA&#8230; A Manuel Huerta Ladr\u00f3n de Guevara, delegado del gobierno federal en Veracruz, le \u00absoltaron los demonios\u00bb desde el Estado.. Le est\u00e1n cobrando la \u00abfactura\u00bb de parte de Cuitl\u00e1huac Garc\u00eda, despu\u00e9s de los conflictos que sostuvo con \u00e9l de manera directa cuando empezaba el gobierno o cuando era gobernador electo&#8230; El hecho es que el \u00abrega\u00f1o\u00bb por no tener los Censos de Bienestar listos que le hizo L\u00f3pez Obrador de manera p\u00fablica en Acayucan&#8230; Es provechado para aplicarle \u00abfuego amigo\u00bb&#8230;<\/p>\n<p>La informaci\u00f3n en su contra se empez\u00f3 a mover desde el s\u00e1bado por la noche&#8230; Con tal de dejarlo en rid\u00edculo pol\u00edticamente despu\u00e9s que no ha cumplido su trabajo como \u00abSuper\u00bb delegado federal&#8230; Le est\u00e1n cobrando \u00abfactura\u00bb de ser un opositor a Cuitl\u00e1huac y Eric Cisneros&#8230; De haberse aliado con Rocio Nahle en contra de El Cuit&#8230; Despu\u00e9s de aliarse con Amado Cruz en el Congreso Local para ser \u00abala opositora\u00bb a los legisladores de MORENA que trabajan con Cuitl\u00e1huac y Eric&#8230; Y aun hay m\u00e1s&#8230;<\/p>\n<p>Tambi\u00e9n le \u00abcobraron\u00bb los pasajes internos que vive el Gobierno de Cuitl\u00e1huac y que el partido MORENA&#8230; Todav\u00eda bajo el \u00abmanto protector\u00bb de Huerta no lo mueva y por eso el Gobernador no tiene un \u00abbrazo\u00bb pol\u00edtico que lo defienda&#8230; Lo \u00abtundieron\u00bb acus\u00e1ndolo de INCOMPETENTE, hasta por la alianza que mantiene con Ricardo Ahued y Rafael Hern\u00e1ndez Villalpando&#8230; Quieren m\u00e1s&#8230; As\u00ed que obviamente Huerta sabe bien de donde le vino la \u00abr\u00e1faga\u00bb medi\u00e1tica&#8230; Con los medios que ya tienen convenios.<\/p>\n<p>Pero OJO&#8230; Manuel Huerta debe entender que \u00e9l tampoco se ayuda&#8230; Ya que la \u00abgrilla\u00bb que le aplican desde el Palacio de Gobierno&#8230; Dejan en claro a L\u00f3pez Obrador, que su delegado federal en Veracruz se la pasa m\u00e1s en \u00abcaf\u00e9s\u00bb -grillando- que trabajando en el campo&#8230; Por eso lo dicho por AMLO debe ser una llamada de atenci\u00f3n&#8230; No se lo mand\u00f3 a decir&#8230; S\u00f3lo que los otros aprovecharon el momento&#8230; Dando entender que si no se \u00abpone las pilas\u00bb lo corren&#8230; Ya s\u00f3lo falt\u00f3 que lo llamen -wevon-&#8230; AMEN&#8230;<\/p>\n<p>DESARROLLO ECON\u00d3MICO&#8230; En este espacio tocamos el tema que el desarrollo econ\u00f3mico en Veracruz se ha frenado&#8230; Por las pugnas del gabinete estatal con otros \u00f3rganos aut\u00f3nomos, por conflictos derivados por la econom\u00eda mundial y hasta por factores de la pol\u00edtica econ\u00f3mica de la entidad&#8230; Y, que eso se ve en los cierres de comercios y negocios que no est\u00e1n resistiendo esos \u00abvaivenes\u00bb&#8230; Pero ayer nos se\u00f1al\u00f3 conocida mercad\u00f3loga de medios de comunicaci\u00f3n, que no \u00abdebemos ser pregoneros del caos\u00bb..<\/p>\n<p>Ya que en Veracruz muchos de estos grandes comercios que est\u00e1n cerrando&#8230; Lo hacen porque van abrir con otras marcas comerciales y porque son traspasos&#8230; Que a lo mejor no contratan a las mismas personas pero si a otras&#8230; Y que los nuevos comercios son comprados por otros inversiones porque los que venden no les peg\u00f3 el \u00abtarget\u00bb&#8230; Es decir que al cliente no le intereso lo que se comercializaba ah\u00ed&#8230; Por eso cambian de giro&#8230; Pero eso no significa que todo sea \u00abnegro\u00bb en Veracruz en materia de mercados&#8230;<\/p>\n<p>Que lo que est\u00e1 sucediendo en el tema de desarrollo comercial, no es la falta de CAPITAL ECON\u00d3MICO (Uffff y recontra ufff), sino de un error en la mercadotecn\u00eda y planeaci\u00f3n del famoso \u00abtarget\u00bb&#8230; Y que esto no se trata de pol\u00edticas de gobierno o de \u00abgrillas\u00bb entre actores pol\u00edticos&#8230; Y que muchos analistas que opinan sobre el desarrollo econ\u00f3mico, hay cierta falta de conocimiento en pensar que todo se reduce en una crisis, cuando hay otro tipo de decisiones de mercado&#8230; ASSUUU&#8230;<\/p>\n<p>Y que esas decisiones.. Son las que provocan que cambien o transfieran una marca para poder \u00abjalar\u00bb un \u00abtarget\u00bb diferente (P\u00fablico consumidor) en un lugar donde a otra no le funcion\u00f3 por cualquiera que haya sido el motivo&#8230; Y que a los analistas y columnistas se le debe quitar un poco la idea que las crisis o \u00abgrillas\u00bb pol\u00edticas de un gobierno contra otro grupo en el poder, son las que pueden provocar que exista una crisis en el mundo comercial en Veracruz&#8230; ZUCUTUM&#8230;.<\/p>\n<p>Pero que tambi\u00e9n se tiene que dejar en claro&#8230; Que este tema del desarrollo econ\u00f3mico con \u00abgrillas\u00bb pol\u00edticas nada tiene que ver una con la otra&#8230; Que si PapaYunes se confronta con Cuitl\u00e1huac o viceversa&#8230; Eso no define una inversi\u00f3n en Veracruz&#8230; Que siempre es mejor aclarar esas ideas confusas&#8230; Y que por ello no hay que \u00abcomprar\u00bb el discurso de \u00abpregoneros del caos\u00bb&#8230; Ya que si viene otra inversi\u00f3n&#8230; C\u00f3mo es que entonces no hay dinero&#8230; MOCOS PETRA<\/p>\n<p>Lo dicho por la mercad\u00f3loga es sensato(Deber\u00eda trabajar en SEDECOP con esas ideas) pero tambi\u00e9n es un hecho&#8230; Que los pleitos pol\u00edticos aunado con la entrada de gobiernos nuevos, con el cual no sabes qu\u00e9 esperar, por obvias razones se \u00abcontrae\u00bb la econom\u00eda porque nadie invierte sin tener certeza de recuperarla&#8230; Hablando tanto de las macro y micro empresas&#8230; Y en Veracruz se ha detenido la inversi\u00f3n porque todos est\u00e1n a la expectativa y especulando&#8230; Pues qu\u00e9 esperaban&#8230; \u00bfFlores?&#8230; Primero certeza y despu\u00e9s arriesgan capital&#8230; AMEN&#8230;<\/p>\n","protected":false},"excerpt":{"rendered":"<p>Ricardo Ch\u00faa Sale y Vale Nos conf\u00eda la Fuente que gente cercana a L\u00f3pez Obrador se dieron cuenta que la visita del Presidente de M\u00e9xico a Veracruz Le dej\u00f3 a \u00e9l algunas \u00ablecturas\u00bb entre ellas que quedaron mal ante su persona, el delegado federal, Manuel Huerta y el gobernador, Cuitl\u00e1huac Garc\u00eda&#8230; Y todo encuadra ante [&hellip;]<\/p>\n","protected":false},"author":2,"featured_media":46666,"comment_status":"open","ping_status":"open","sticky":false,"template":"","format":"standard","meta":{"tdm_status":"","tdm_grid_status":"","footnotes":""},"categories":[70],"tags":[618,1563,1850],"class_list":{"0":"post-46665","1":"post","2":"type-post","3":"status-publish","4":"format-standard","5":"has-post-thumbnail","7":"category-de-opinion","8":"tag-andres-manuel-lopez-obrador","9":"tag-cuitlahuac-garcia-jimenez","10":"tag-manuel-huerta-ladron-de-guevara"},"yoast_head":"<!-- This site is optimized with the Yoast SEO plugin v27.4 - https:\/\/yoast.com\/product\/yoast-seo-wordpress\/ -->\n<title>El jal\u00f3n de orejas en Veracruz - Los pol\u00edticos Veracruz<\/title>\n<meta name=\"robots\" content=\"index, follow, max-snippet:-1, max-image-preview:large, max-video-preview:-1\" \/>\n<link rel=\"canonical\" href=\"https:\/\/lospoliticosveracruz.com\/?p=46665\" \/>\n<meta property=\"og:locale\" content=\"es_ES\" \/>\n<meta property=\"og:type\" content=\"article\" \/>\n<meta property=\"og:title\" content=\"El jal\u00f3n de orejas en Veracruz - Los pol\u00edticos Veracruz\" \/>\n<meta property=\"og:description\" content=\"Ricardo Ch\u00faa Sale y Vale Nos conf\u00eda la Fuente que gente cercana a L\u00f3pez Obrador se dieron cuenta que la visita del Presidente de M\u00e9xico a Veracruz Le dej\u00f3 a \u00e9l algunas \u00ablecturas\u00bb entre ellas que quedaron mal ante su persona, el delegado federal, Manuel Huerta y el gobernador, Cuitl\u00e1huac Garc\u00eda&#8230; Y todo encuadra ante [&hellip;]\" \/>\n<meta property=\"og:url\" content=\"https:\/\/lospoliticosveracruz.com\/?p=46665\" \/>\n<meta property=\"og:site_name\" content=\"Los pol\u00edticos Veracruz\" \/>\n<meta property=\"article:publisher\" content=\"https:\/\/www.facebook.com\/people\/Notimemes-de-los-Polticos\/61565672886568\/\" \/>\n<meta property=\"article:published_time\" content=\"2019-02-04T16:03:29+00:00\" \/>\n<meta property=\"og:image\" content=\"https:\/\/lospoliticosveracruz.com\/wp-content\/uploads\/2019\/02\/Manuel-Huerta-Cuitl\u00e1huac-Garc\u00eda-y-Andr\u00e9s-Manuel-L\u00f3pez-Obrador.jpg\" \/>\n\t<meta property=\"og:image:width\" content=\"600\" \/>\n\t<meta property=\"og:image:height\" content=\"362\" \/>\n\t<meta property=\"og:image:type\" content=\"image\/jpeg\" \/>\n<meta name=\"author\" content=\"Lo viste en Los Pol\u00edticos\" \/>\n<meta name=\"twitter:card\" content=\"summary_large_image\" \/>\n<meta name=\"twitter:creator\" content=\"@LosPoliticosVer\" \/>\n<meta name=\"twitter:site\" content=\"@LosPoliticosVer\" \/>\n<meta name=\"twitter:label1\" content=\"Escrito por\" \/>\n\t<meta name=\"twitter:data1\" content=\"Lo viste en Los Pol\u00edticos\" \/>\n\t<meta name=\"twitter:label2\" content=\"Tiempo de lectura\" \/>\n\t<meta name=\"twitter:data2\" content=\"6 minutos\" \/>\n<script type=\"application\/ld+json\" class=\"yoast-schema-graph\">{\"@context\":\"https:\\\/\\\/schema.org\",\"@graph\":[{\"@type\":\"Article\",\"@id\":\"https:\\\/\\\/lospoliticosveracruz.com\\\/?p=46665#article\",\"isPartOf\":{\"@id\":\"https:\\\/\\\/lospoliticosveracruz.com\\\/?p=46665\"},\"author\":{\"name\":\"Lo viste en Los Pol\u00edticos\",\"@id\":\"https:\\\/\\\/lospoliticosveracruz.com\\\/#\\\/schema\\\/person\\\/b8702bb0e538456e6efd07080bf2a4a2\"},\"headline\":\"El jal\u00f3n de orejas en Veracruz\",\"datePublished\":\"2019-02-04T16:03:29+00:00\",\"mainEntityOfPage\":{\"@id\":\"https:\\\/\\\/lospoliticosveracruz.com\\\/?p=46665\"},\"wordCount\":1214,\"commentCount\":0,\"publisher\":{\"@id\":\"https:\\\/\\\/lospoliticosveracruz.com\\\/#organization\"},\"image\":{\"@id\":\"https:\\\/\\\/lospoliticosveracruz.com\\\/?p=46665#primaryimage\"},\"thumbnailUrl\":\"https:\\\/\\\/lospoliticosveracruz.com\\\/wp-content\\\/uploads\\\/2019\\\/02\\\/Manuel-Huerta-Cuitl\u00e1huac-Garc\u00eda-y-Andr\u00e9s-Manuel-L\u00f3pez-Obrador.jpg\",\"keywords\":[\"Andr\u00e9s Manuel L\u00f3pez Obrador\",\"Cuitl\u00e1huac Garc\u00eda Jim\u00e9nez\",\"Manuel Huerta Ladr\u00f3n de Guevara\"],\"articleSection\":[\"De Opini\u00f3n\"],\"inLanguage\":\"es\",\"potentialAction\":[{\"@type\":\"CommentAction\",\"name\":\"Comment\",\"target\":[\"https:\\\/\\\/lospoliticosveracruz.com\\\/?p=46665#respond\"]}]},{\"@type\":\"WebPage\",\"@id\":\"https:\\\/\\\/lospoliticosveracruz.com\\\/?p=46665\",\"url\":\"https:\\\/\\\/lospoliticosveracruz.com\\\/?p=46665\",\"name\":\"El jal\u00f3n de orejas en Veracruz - Los pol\u00edticos Veracruz\",\"isPartOf\":{\"@id\":\"https:\\\/\\\/lospoliticosveracruz.com\\\/#website\"},\"primaryImageOfPage\":{\"@id\":\"https:\\\/\\\/lospoliticosveracruz.com\\\/?p=46665#primaryimage\"},\"image\":{\"@id\":\"https:\\\/\\\/lospoliticosveracruz.com\\\/?p=46665#primaryimage\"},\"thumbnailUrl\":\"https:\\\/\\\/lospoliticosveracruz.com\\\/wp-content\\\/uploads\\\/2019\\\/02\\\/Manuel-Huerta-Cuitl\u00e1huac-Garc\u00eda-y-Andr\u00e9s-Manuel-L\u00f3pez-Obrador.jpg\",\"datePublished\":\"2019-02-04T16:03:29+00:00\",\"breadcrumb\":{\"@id\":\"https:\\\/\\\/lospoliticosveracruz.com\\\/?p=46665#breadcrumb\"},\"inLanguage\":\"es\",\"potentialAction\":[{\"@type\":\"ReadAction\",\"target\":[\"https:\\\/\\\/lospoliticosveracruz.com\\\/?p=46665\"]}]},{\"@type\":\"ImageObject\",\"inLanguage\":\"es\",\"@id\":\"https:\\\/\\\/lospoliticosveracruz.com\\\/?p=46665#primaryimage\",\"url\":\"https:\\\/\\\/lospoliticosveracruz.com\\\/wp-content\\\/uploads\\\/2019\\\/02\\\/Manuel-Huerta-Cuitl\u00e1huac-Garc\u00eda-y-Andr\u00e9s-Manuel-L\u00f3pez-Obrador.jpg\",\"contentUrl\":\"https:\\\/\\\/lospoliticosveracruz.com\\\/wp-content\\\/uploads\\\/2019\\\/02\\\/Manuel-Huerta-Cuitl\u00e1huac-Garc\u00eda-y-Andr\u00e9s-Manuel-L\u00f3pez-Obrador.jpg\",\"width\":600,\"height\":362},{\"@type\":\"BreadcrumbList\",\"@id\":\"https:\\\/\\\/lospoliticosveracruz.com\\\/?p=46665#breadcrumb\",\"itemListElement\":[{\"@type\":\"ListItem\",\"position\":1,\"name\":\"Portada\",\"item\":\"https:\\\/\\\/lospoliticosveracruz.com\\\/\"},{\"@type\":\"ListItem\",\"position\":2,\"name\":\"El jal\u00f3n de orejas en Veracruz\"}]},{\"@type\":\"WebSite\",\"@id\":\"https:\\\/\\\/lospoliticosveracruz.com\\\/#website\",\"url\":\"https:\\\/\\\/lospoliticosveracruz.com\\\/\",\"name\":\"Los pol\u00edticos Veracruz\",\"description\":\"\",\"publisher\":{\"@id\":\"https:\\\/\\\/lospoliticosveracruz.com\\\/#organization\"},\"potentialAction\":[{\"@type\":\"SearchAction\",\"target\":{\"@type\":\"EntryPoint\",\"urlTemplate\":\"https:\\\/\\\/lospoliticosveracruz.com\\\/?s={search_term_string}\"},\"query-input\":{\"@type\":\"PropertyValueSpecification\",\"valueRequired\":true,\"valueName\":\"search_term_string\"}}],\"inLanguage\":\"es\"},{\"@type\":\"Organization\",\"@id\":\"https:\\\/\\\/lospoliticosveracruz.com\\\/#organization\",\"name\":\"Los pol\u00edticos Veracruz\",\"url\":\"https:\\\/\\\/lospoliticosveracruz.com\\\/\",\"logo\":{\"@type\":\"ImageObject\",\"inLanguage\":\"es\",\"@id\":\"https:\\\/\\\/lospoliticosveracruz.com\\\/#\\\/schema\\\/logo\\\/image\\\/\",\"url\":\"https:\\\/\\\/lospoliticosveracruz.com\\\/wp-content\\\/uploads\\\/2025\\\/12\\\/Logo-Nuevo-LOS-POLITICOS-1.jpg\",\"contentUrl\":\"https:\\\/\\\/lospoliticosveracruz.com\\\/wp-content\\\/uploads\\\/2025\\\/12\\\/Logo-Nuevo-LOS-POLITICOS-1.jpg\",\"width\":260,\"height\":70,\"caption\":\"Los pol\u00edticos Veracruz\"},\"image\":{\"@id\":\"https:\\\/\\\/lospoliticosveracruz.com\\\/#\\\/schema\\\/logo\\\/image\\\/\"},\"sameAs\":[\"https:\\\/\\\/www.facebook.com\\\/people\\\/Notimemes-de-los-Polticos\\\/61565672886568\\\/\",\"https:\\\/\\\/x.com\\\/LosPoliticosVer\"]},{\"@type\":\"Person\",\"@id\":\"https:\\\/\\\/lospoliticosveracruz.com\\\/#\\\/schema\\\/person\\\/b8702bb0e538456e6efd07080bf2a4a2\",\"name\":\"Lo viste en Los Pol\u00edticos\",\"image\":{\"@type\":\"ImageObject\",\"inLanguage\":\"es\",\"@id\":\"https:\\\/\\\/secure.gravatar.com\\\/avatar\\\/3a8de04a2656d44082be478bd6c086daa447c4651605818287b9532d3d0bd435?s=96&d=mm&r=g\",\"url\":\"https:\\\/\\\/secure.gravatar.com\\\/avatar\\\/3a8de04a2656d44082be478bd6c086daa447c4651605818287b9532d3d0bd435?s=96&d=mm&r=g\",\"contentUrl\":\"https:\\\/\\\/secure.gravatar.com\\\/avatar\\\/3a8de04a2656d44082be478bd6c086daa447c4651605818287b9532d3d0bd435?s=96&d=mm&r=g\",\"caption\":\"Lo viste en Los Pol\u00edticos\"},\"url\":\"https:\\\/\\\/lospoliticosveracruz.com\\\/?author=2\"}]}<\/script>\n<!-- \/ Yoast SEO plugin. -->","yoast_head_json":{"title":"El jal\u00f3n de orejas en Veracruz - Los pol\u00edticos Veracruz","robots":{"index":"index","follow":"follow","max-snippet":"max-snippet:-1","max-image-preview":"max-image-preview:large","max-video-preview":"max-video-preview:-1"},"canonical":"https:\/\/lospoliticosveracruz.com\/?p=46665","og_locale":"es_ES","og_type":"article","og_title":"El jal\u00f3n de orejas en Veracruz - Los pol\u00edticos Veracruz","og_description":"Ricardo Ch\u00faa Sale y Vale Nos conf\u00eda la Fuente que gente cercana a L\u00f3pez Obrador se dieron cuenta que la visita del Presidente de M\u00e9xico a Veracruz Le dej\u00f3 a \u00e9l algunas \u00ablecturas\u00bb entre ellas que quedaron mal ante su persona, el delegado federal, Manuel Huerta y el gobernador, Cuitl\u00e1huac Garc\u00eda&#8230; Y todo encuadra ante [&hellip;]","og_url":"https:\/\/lospoliticosveracruz.com\/?p=46665","og_site_name":"Los pol\u00edticos Veracruz","article_publisher":"https:\/\/www.facebook.com\/people\/Notimemes-de-los-Polticos\/61565672886568\/","article_published_time":"2019-02-04T16:03:29+00:00","og_image":[{"width":600,"height":362,"url":"https:\/\/lospoliticosveracruz.com\/wp-content\/uploads\/2019\/02\/Manuel-Huerta-Cuitl\u00e1huac-Garc\u00eda-y-Andr\u00e9s-Manuel-L\u00f3pez-Obrador.jpg","type":"image\/jpeg"}],"author":"Lo viste en Los Pol\u00edticos","twitter_card":"summary_large_image","twitter_creator":"@LosPoliticosVer","twitter_site":"@LosPoliticosVer","twitter_misc":{"Escrito por":"Lo viste en Los Pol\u00edticos","Tiempo de lectura":"6 minutos"},"schema":{"@context":"https:\/\/schema.org","@graph":[{"@type":"Article","@id":"https:\/\/lospoliticosveracruz.com\/?p=46665#article","isPartOf":{"@id":"https:\/\/lospoliticosveracruz.com\/?p=46665"},"author":{"name":"Lo viste en Los Pol\u00edticos","@id":"https:\/\/lospoliticosveracruz.com\/#\/schema\/person\/b8702bb0e538456e6efd07080bf2a4a2"},"headline":"El jal\u00f3n de orejas en Veracruz","datePublished":"2019-02-04T16:03:29+00:00","mainEntityOfPage":{"@id":"https:\/\/lospoliticosveracruz.com\/?p=46665"},"wordCount":1214,"commentCount":0,"publisher":{"@id":"https:\/\/lospoliticosveracruz.com\/#organization"},"image":{"@id":"https:\/\/lospoliticosveracruz.com\/?p=46665#primaryimage"},"thumbnailUrl":"https:\/\/lospoliticosveracruz.com\/wp-content\/uploads\/2019\/02\/Manuel-Huerta-Cuitl\u00e1huac-Garc\u00eda-y-Andr\u00e9s-Manuel-L\u00f3pez-Obrador.jpg","keywords":["Andr\u00e9s Manuel L\u00f3pez Obrador","Cuitl\u00e1huac Garc\u00eda Jim\u00e9nez","Manuel Huerta Ladr\u00f3n de Guevara"],"articleSection":["De Opini\u00f3n"],"inLanguage":"es","potentialAction":[{"@type":"CommentAction","name":"Comment","target":["https:\/\/lospoliticosveracruz.com\/?p=46665#respond"]}]},{"@type":"WebPage","@id":"https:\/\/lospoliticosveracruz.com\/?p=46665","url":"https:\/\/lospoliticosveracruz.com\/?p=46665","name":"El jal\u00f3n de orejas en Veracruz - Los pol\u00edticos Veracruz","isPartOf":{"@id":"https:\/\/lospoliticosveracruz.com\/#website"},"primaryImageOfPage":{"@id":"https:\/\/lospoliticosveracruz.com\/?p=46665#primaryimage"},"image":{"@id":"https:\/\/lospoliticosveracruz.com\/?p=46665#primaryimage"},"thumbnailUrl":"https:\/\/lospoliticosveracruz.com\/wp-content\/uploads\/2019\/02\/Manuel-Huerta-Cuitl\u00e1huac-Garc\u00eda-y-Andr\u00e9s-Manuel-L\u00f3pez-Obrador.jpg","datePublished":"2019-02-04T16:03:29+00:00","breadcrumb":{"@id":"https:\/\/lospoliticosveracruz.com\/?p=46665#breadcrumb"},"inLanguage":"es","potentialAction":[{"@type":"ReadAction","target":["https:\/\/lospoliticosveracruz.com\/?p=46665"]}]},{"@type":"ImageObject","inLanguage":"es","@id":"https:\/\/lospoliticosveracruz.com\/?p=46665#primaryimage","url":"https:\/\/lospoliticosveracruz.com\/wp-content\/uploads\/2019\/02\/Manuel-Huerta-Cuitl\u00e1huac-Garc\u00eda-y-Andr\u00e9s-Manuel-L\u00f3pez-Obrador.jpg","contentUrl":"https:\/\/lospoliticosveracruz.com\/wp-content\/uploads\/2019\/02\/Manuel-Huerta-Cuitl\u00e1huac-Garc\u00eda-y-Andr\u00e9s-Manuel-L\u00f3pez-Obrador.jpg","width":600,"height":362},{"@type":"BreadcrumbList","@id":"https:\/\/lospoliticosveracruz.com\/?p=46665#breadcrumb","itemListElement":[{"@type":"ListItem","position":1,"name":"Portada","item":"https:\/\/lospoliticosveracruz.com\/"},{"@type":"ListItem","position":2,"name":"El jal\u00f3n de orejas en Veracruz"}]},{"@type":"WebSite","@id":"https:\/\/lospoliticosveracruz.com\/#website","url":"https:\/\/lospoliticosveracruz.com\/","name":"Los pol\u00edticos Veracruz","description":"","publisher":{"@id":"https:\/\/lospoliticosveracruz.com\/#organization"},"potentialAction":[{"@type":"SearchAction","target":{"@type":"EntryPoint","urlTemplate":"https:\/\/lospoliticosveracruz.com\/?s={search_term_string}"},"query-input":{"@type":"PropertyValueSpecification","valueRequired":true,"valueName":"search_term_string"}}],"inLanguage":"es"},{"@type":"Organization","@id":"https:\/\/lospoliticosveracruz.com\/#organization","name":"Los pol\u00edticos Veracruz","url":"https:\/\/lospoliticosveracruz.com\/","logo":{"@type":"ImageObject","inLanguage":"es","@id":"https:\/\/lospoliticosveracruz.com\/#\/schema\/logo\/image\/","url":"https:\/\/lospoliticosveracruz.com\/wp-content\/uploads\/2025\/12\/Logo-Nuevo-LOS-POLITICOS-1.jpg","contentUrl":"https:\/\/lospoliticosveracruz.com\/wp-content\/uploads\/2025\/12\/Logo-Nuevo-LOS-POLITICOS-1.jpg","width":260,"height":70,"caption":"Los pol\u00edticos Veracruz"},"image":{"@id":"https:\/\/lospoliticosveracruz.com\/#\/schema\/logo\/image\/"},"sameAs":["https:\/\/www.facebook.com\/people\/Notimemes-de-los-Polticos\/61565672886568\/","https:\/\/x.com\/LosPoliticosVer"]},{"@type":"Person","@id":"https:\/\/lospoliticosveracruz.com\/#\/schema\/person\/b8702bb0e538456e6efd07080bf2a4a2","name":"Lo viste en Los Pol\u00edticos","image":{"@type":"ImageObject","inLanguage":"es","@id":"https:\/\/secure.gravatar.com\/avatar\/3a8de04a2656d44082be478bd6c086daa447c4651605818287b9532d3d0bd435?s=96&d=mm&r=g","url":"https:\/\/secure.gravatar.com\/avatar\/3a8de04a2656d44082be478bd6c086daa447c4651605818287b9532d3d0bd435?s=96&d=mm&r=g","contentUrl":"https:\/\/secure.gravatar.com\/avatar\/3a8de04a2656d44082be478bd6c086daa447c4651605818287b9532d3d0bd435?s=96&d=mm&r=g","caption":"Lo viste en Los Pol\u00edticos"},"url":"https:\/\/lospoliticosveracruz.com\/?author=2"}]}},"_links":{"self":[{"href":"https:\/\/lospoliticosveracruz.com\/index.php?rest_route=\/wp\/v2\/posts\/46665","targetHints":{"allow":["GET"]}}],"collection":[{"href":"https:\/\/lospoliticosveracruz.com\/index.php?rest_route=\/wp\/v2\/posts"}],"about":[{"href":"https:\/\/lospoliticosveracruz.com\/index.php?rest_route=\/wp\/v2\/types\/post"}],"author":[{"embeddable":true,"href":"https:\/\/lospoliticosveracruz.com\/index.php?rest_route=\/wp\/v2\/users\/2"}],"replies":[{"embeddable":true,"href":"https:\/\/lospoliticosveracruz.com\/index.php?rest_route=%2Fwp%2Fv2%2Fcomments&post=46665"}],"version-history":[{"count":1,"href":"https:\/\/lospoliticosveracruz.com\/index.php?rest_route=\/wp\/v2\/posts\/46665\/revisions"}],"predecessor-version":[{"id":46667,"href":"https:\/\/lospoliticosveracruz.com\/index.php?rest_route=\/wp\/v2\/posts\/46665\/revisions\/46667"}],"wp:featuredmedia":[{"embeddable":true,"href":"https:\/\/lospoliticosveracruz.com\/index.php?rest_route=\/wp\/v2\/media\/46666"}],"wp:attachment":[{"href":"https:\/\/lospoliticosveracruz.com\/index.php?rest_route=%2Fwp%2Fv2%2Fmedia&parent=46665"}],"wp:term":[{"taxonomy":"category","embeddable":true,"href":"https:\/\/lospoliticosveracruz.com\/index.php?rest_route=%2Fwp%2Fv2%2Fcategories&post=46665"},{"taxonomy":"post_tag","embeddable":true,"href":"https:\/\/lospoliticosveracruz.com\/index.php?rest_route=%2Fwp%2Fv2%2Ftags&post=46665"}],"curies":[{"name":"wp","href":"https:\/\/api.w.org\/{rel}","templated":true}]}}