{"id":46668,"date":"2019-02-04T16:39:12","date_gmt":"2019-02-04T22:39:12","guid":{"rendered":"http:\/\/www.lospoliticosveracruz.com.mx\/?p=46668"},"modified":"2019-02-04T16:39:12","modified_gmt":"2019-02-04T22:39:12","slug":"hoy-si-sociedad-civil","status":"publish","type":"post","link":"https:\/\/lospoliticosveracruz.com\/?p=46668","title":{"rendered":"Hoy s\u00ed, sociedad civil"},"content":{"rendered":"<p>&nbsp;<\/p>\n<p><strong><span lang=\"ES-TRAD\">Montse Quevedo <\/span><\/strong><\/p>\n<p><span lang=\"ES-TRAD\"><em>Epifan\u00edas<\/em>\u00a0<\/span><span lang=\"ES-TRAD\">\u00a0<\/span><\/p>\n<p><span lang=\"ES-TRAD\">A pesar de que Asociaciones Internacionales como la Coalici\u00f3n Regional contra el Tr\u00e1fico de Mujeres y Ni\u00f1as en Am\u00e9rica Latina y el Caribe (CATWLAC, por sus siglas en ingl\u00e9s), ha promovido en M\u00e9xico desde 2006 un sistema integral de auxilio a v\u00edctimas al que llam\u00f3 Alerta Roja, todo ello con la colaboraci\u00f3n de la sub-procuradur\u00eda especializada en Investigaci\u00f3n de Delincuencia Organizada de la FGR as\u00ed como la Fiscal\u00eda Especializada sobre Delitos de Violencia contra las Mujeres y Trata de Personas a nivel federal, las cifras y datos de mujeres que sufren alg\u00fan tipo de violencia, siguen siendo preocupantes y todo esfuerzo nunca es suficiente para conformar un sistema integral de auxilio a v\u00edctimas.<\/span><\/p>\n<p><span lang=\"ES-TRAD\">De acuerdo al Observatorio Ciudadano de Violencias Contra las Mujeres de la Universidad Veracruzana, en la zona centro del estado de Veracruz, que comprende la capital xalape\u00f1a tan solo de julio a noviembre de 2018 se registraron 67 casos de mujeres que sufrieron alg\u00fan tipo de violencia, refiero el dato pues si bien la cifra es alarmante, el objetivo principal de las autoridades deber\u00eda centrarse tambi\u00e9n en la prevenci\u00f3n de los il\u00edcitos cometidos contra mujeres y no solo en el castigo a los delincuentes (cuando llegan a ser capturados), de tal forma que atender, auxiliar, localizar y rescatar a mujeres y ni\u00f1as que sufren alg\u00fan acto violento debe ser prioridad para la autoridades municipales, estatales y federales.<\/span><\/p>\n<p><span lang=\"ES-TRAD\">Al respecto y ante el terrible panorama de inseguridad que se vive en Veracruz se sabe por los propios colectivos de apoyo a mujeres que muchas v\u00edctimas son reclutadas por medio de la fuerza y el enga\u00f1o por lo cual, nuestras autoridades deber\u00edan revisar estad\u00edsticas cuantitativas y cualitativas y tomarlas como instrumentos para dise\u00f1<\/span><span lang=\"PT\">ar programas de prevenci<\/span><span lang=\"ES-TRAD\">\u00f3<\/span><span lang=\"IT\">n e intervenci<\/span><span lang=\"ES-TRAD\">\u00f3n comunitaria y si no fuera mucho pedir, con suerte hasta medir los niveles de impunidad y la calidad de los servicios prestados por los funcionarios estatales en dicha materia. <\/span><\/p>\n<p><span lang=\"ES-TRAD\">Por supuesto que el dise\u00f1o de pol\u00ed<\/span><span lang=\"PT\">ticas p<\/span><span lang=\"ES-TRAD\">\u00fablicas tanto generales como focalizadas en el sector femenino, debe ser m\u00e1s eficiente pues las nuevas formas de violencia exigen un actuar m\u00e1s r\u00e1pido y cercano al gremio femenino y esto lo saben los comerciantes y empresarios de la capital del estado, qui\u00e9nes el pasado domingo 3 de febrero iniciaron una campa\u00f1a de apoyo y auxilio ante la total irresponsabilidad de las autoridades de los tres \u00f3rdenes de gobierno de no alertar a las mujeres, j\u00f3venes y ni\u00f1as acerca de los eventos que ponen en peligro su integridad y activaron as\u00ed <\/span><span lang=\"FR\">la campa<\/span><span lang=\"ES-TRAD\">\u00f1<\/span><span lang=\"PT\">a denominada: <\/span><span lang=\"ES-TRAD\">\u201cTe ayudamos a llegar segura a casa\u201d que consiste en que cualquier mujer sin importar su condici\u00f3n personal de madre de familia, adolescente, estudiante, etc., que se sienta insegura al caminar por las calles de Xalapa, pueda meterse a cualquiera de estos negocios y pedir auxilio para ser protegida. <\/span><\/p>\n<p><span lang=\"ES-TRAD\">Si bien es cierto que el apoyo debe ser coordinado entre sociedad civil que exige y autoridades que brindan medidas, es muy loable y digno de destacar que la iniciativa privada tome cartas en el asunto, pues refleja su participaci\u00f3n ante la apat\u00eda que muchas veces se manifiesta en diversos sectores, cuando de brindar ayuda se trata.\u00a0 Bien por la librer\u00ed<\/span><span lang=\"PT\">a Rueca de Gandhi, Taquer<\/span><span lang=\"ES-TRAD\">\u00edas \u201cEl Gu\u00earo\u201d<\/span><span lang=\"IT\">, Inside Spa, Nissan Xalapa, Diablo Burguer, Los <\/span><span lang=\"ES-TRAD\">\u00c1lamos Botanero, \u00d3<\/span><span lang=\"FR\">ptica Kromos, Bonne Sabonne, Ana<\/span><span lang=\"ES-TRAD\">\u00ed Mel\u00e9ndez Sal\u00f3n, Mirrus, V\u00e9<\/span><span lang=\"IT\">rtice Bar, La Galera Restaurante, Radio Taxi Central, Chuchita Caf<\/span><span lang=\"ES-TRAD\">\u00e9 y Antojer\u00ed<\/span><span lang=\"IT\">a, Restaurante la Otra Mirada, Pasteler<\/span><span lang=\"ES-TRAD\">\u00edas Dauz\u00f3n, Panams Xalapa, Restaurante los Peppos, Pix\u00e1n Caf\u00e9-Bar, Caf\u00e9 de Nadie, quienes en un hecho sin precedentes en la capital del estado, presentan una estrategia de prevenci\u00f3n que resulta esperanzadora y nos hacen ver que la sociedad civil se organiza y va un paso adelante; ah\u00ed esta el llamado a las autoridades para coordinarse y coadyuvar generando una amalgama: gobernados y gobernantes.\u00a0 <\/span><\/p>\n","protected":false},"excerpt":{"rendered":"<p>&nbsp; Montse Quevedo Epifan\u00edas\u00a0\u00a0 A pesar de que Asociaciones Internacionales como la Coalici\u00f3n Regional contra el Tr\u00e1fico de Mujeres y Ni\u00f1as en Am\u00e9rica Latina y el Caribe (CATWLAC, por sus siglas en ingl\u00e9s), ha promovido en M\u00e9xico desde 2006 un sistema integral de auxilio a v\u00edctimas al que llam\u00f3 Alerta Roja, todo ello con la [&hellip;]<\/p>\n","protected":false},"author":2,"featured_media":46669,"comment_status":"open","ping_status":"open","sticky":false,"template":"","format":"standard","meta":{"tdm_status":"","tdm_grid_status":"","footnotes":""},"categories":[70],"tags":[13741,13753,13747,13738,13731,13736,13745,13739,395,13743,13737,13732,13740,13750,13749,13752,13746,13748,13751,13734,13735,13733,13729,219,195,96],"class_list":{"0":"post-46668","1":"post","2":"type-post","3":"status-publish","4":"format-standard","5":"has-post-thumbnail","7":"category-de-opinion","8":"tag-bonne-sabonne","9":"tag-cafe-de-nadie","10":"tag-chuchita-cafe-y-antojeria","11":"tag-diablo-burguer","12":"tag-fgr","13":"tag-inside-spa","14":"tag-la-galera-restaurante","15":"tag-los-alamos-botanero","16":"tag-mexico","17":"tag-mirrus","18":"tag-nissan-xalapa","19":"tag-observatorio-ciudadano-de-violencias-contra-las-mujeres","20":"tag-optica-kromos","21":"tag-panams-xalapa","22":"tag-pastelerias-dauzon","23":"tag-pixan-cafe-bar","24":"tag-radio-taxi-central","25":"tag-restaurante-la-otra-mirada","26":"tag-restaurante-los-peppos","27":"tag-rueca-de-gandhi","28":"tag-taquerias-el-guero","29":"tag-te-ayudamos-a-llegar-segura-a-casa","30":"tag-trafico-de-mujeres-y-ninas","31":"tag-universidad-veracruzana","32":"tag-veracruz","33":"tag-xalapa"},"yoast_head":"<!-- This site is optimized with the Yoast SEO plugin v27.4 - https:\/\/yoast.com\/product\/yoast-seo-wordpress\/ -->\n<title>Hoy s\u00ed, sociedad civil - Los pol\u00edticos Veracruz<\/title>\n<meta name=\"robots\" content=\"index, follow, max-snippet:-1, max-image-preview:large, max-video-preview:-1\" \/>\n<link rel=\"canonical\" href=\"https:\/\/lospoliticosveracruz.com\/?p=46668\" \/>\n<meta property=\"og:locale\" content=\"es_ES\" \/>\n<meta property=\"og:type\" content=\"article\" \/>\n<meta property=\"og:title\" content=\"Hoy s\u00ed, sociedad civil - Los pol\u00edticos Veracruz\" \/>\n<meta property=\"og:description\" content=\"&nbsp; Montse Quevedo Epifan\u00edas\u00a0\u00a0 A pesar de que Asociaciones Internacionales como la Coalici\u00f3n Regional contra el Tr\u00e1fico de Mujeres y Ni\u00f1as en Am\u00e9rica Latina y el Caribe (CATWLAC, por sus siglas en ingl\u00e9s), ha promovido en M\u00e9xico desde 2006 un sistema integral de auxilio a v\u00edctimas al que llam\u00f3 Alerta Roja, todo ello con la [&hellip;]\" \/>\n<meta property=\"og:url\" content=\"https:\/\/lospoliticosveracruz.com\/?p=46668\" \/>\n<meta property=\"og:site_name\" content=\"Los pol\u00edticos Veracruz\" \/>\n<meta property=\"article:publisher\" content=\"https:\/\/www.facebook.com\/people\/Notimemes-de-los-Polticos\/61565672886568\/\" \/>\n<meta property=\"article:published_time\" content=\"2019-02-04T22:39:12+00:00\" \/>\n<meta property=\"og:image\" content=\"https:\/\/lospoliticosveracruz.com\/wp-content\/uploads\/2019\/02\/Te-ayudamos.jpeg\" \/>\n\t<meta property=\"og:image:width\" content=\"600\" \/>\n\t<meta property=\"og:image:height\" content=\"362\" \/>\n\t<meta property=\"og:image:type\" content=\"image\/jpeg\" \/>\n<meta name=\"author\" content=\"Lo viste en Los Pol\u00edticos\" \/>\n<meta name=\"twitter:card\" content=\"summary_large_image\" \/>\n<meta name=\"twitter:creator\" content=\"@LosPoliticosVer\" \/>\n<meta name=\"twitter:site\" content=\"@LosPoliticosVer\" \/>\n<meta name=\"twitter:label1\" content=\"Escrito por\" \/>\n\t<meta name=\"twitter:data1\" content=\"Lo viste en Los Pol\u00edticos\" \/>\n\t<meta name=\"twitter:label2\" content=\"Tiempo de lectura\" \/>\n\t<meta name=\"twitter:data2\" content=\"3 minutos\" \/>\n<script type=\"application\/ld+json\" class=\"yoast-schema-graph\">{\"@context\":\"https:\\\/\\\/schema.org\",\"@graph\":[{\"@type\":\"Article\",\"@id\":\"https:\\\/\\\/lospoliticosveracruz.com\\\/?p=46668#article\",\"isPartOf\":{\"@id\":\"https:\\\/\\\/lospoliticosveracruz.com\\\/?p=46668\"},\"author\":{\"name\":\"Lo viste en Los Pol\u00edticos\",\"@id\":\"https:\\\/\\\/lospoliticosveracruz.com\\\/#\\\/schema\\\/person\\\/b8702bb0e538456e6efd07080bf2a4a2\"},\"headline\":\"Hoy s\u00ed, sociedad civil\",\"datePublished\":\"2019-02-04T22:39:12+00:00\",\"mainEntityOfPage\":{\"@id\":\"https:\\\/\\\/lospoliticosveracruz.com\\\/?p=46668\"},\"wordCount\":690,\"commentCount\":0,\"publisher\":{\"@id\":\"https:\\\/\\\/lospoliticosveracruz.com\\\/#organization\"},\"image\":{\"@id\":\"https:\\\/\\\/lospoliticosveracruz.com\\\/?p=46668#primaryimage\"},\"thumbnailUrl\":\"https:\\\/\\\/lospoliticosveracruz.com\\\/wp-content\\\/uploads\\\/2019\\\/02\\\/Te-ayudamos.jpeg\",\"keywords\":[\"Bonne Sabonne\",\"Caf\u00e9 de Nadie\",\"Chuchita Caf\u00e9 y Antojer\u00eda\",\"Diablo Burguer\",\"FGR\",\"Inside Spa\",\"La Galera Restaurante\",\"Los \u00c1lamos Botanero\",\"M\u00e9xico\",\"Mirrus\",\"Nissan Xalapa\",\"Observatorio Ciudadano de Violencias Contra las Mujeres\",\"\u00d3ptica Kromos\",\"Panams Xalapa\",\"Pasteler\u00edas Dauz\u00f3n\",\"Pix\u00e1n Caf\u00e9-Bar\",\"Radio Taxi Central\",\"Restaurante la Otra Mirada\",\"Restaurante los Peppos\",\"Rueca de Gandhi\",\"Taquer\u00edas \u201cEl Gu\u00earo\u201d\",\"Te ayudamos a llegar segura a casa\",\"Tr\u00e1fico de Mujeres y Ni\u00f1as\",\"Universidad Veracruzana\",\"Veracruz\",\"Xalapa\"],\"articleSection\":[\"De Opini\u00f3n\"],\"inLanguage\":\"es\",\"potentialAction\":[{\"@type\":\"CommentAction\",\"name\":\"Comment\",\"target\":[\"https:\\\/\\\/lospoliticosveracruz.com\\\/?p=46668#respond\"]}]},{\"@type\":\"WebPage\",\"@id\":\"https:\\\/\\\/lospoliticosveracruz.com\\\/?p=46668\",\"url\":\"https:\\\/\\\/lospoliticosveracruz.com\\\/?p=46668\",\"name\":\"Hoy s\u00ed, sociedad civil - Los pol\u00edticos Veracruz\",\"isPartOf\":{\"@id\":\"https:\\\/\\\/lospoliticosveracruz.com\\\/#website\"},\"primaryImageOfPage\":{\"@id\":\"https:\\\/\\\/lospoliticosveracruz.com\\\/?p=46668#primaryimage\"},\"image\":{\"@id\":\"https:\\\/\\\/lospoliticosveracruz.com\\\/?p=46668#primaryimage\"},\"thumbnailUrl\":\"https:\\\/\\\/lospoliticosveracruz.com\\\/wp-content\\\/uploads\\\/2019\\\/02\\\/Te-ayudamos.jpeg\",\"datePublished\":\"2019-02-04T22:39:12+00:00\",\"breadcrumb\":{\"@id\":\"https:\\\/\\\/lospoliticosveracruz.com\\\/?p=46668#breadcrumb\"},\"inLanguage\":\"es\",\"potentialAction\":[{\"@type\":\"ReadAction\",\"target\":[\"https:\\\/\\\/lospoliticosveracruz.com\\\/?p=46668\"]}]},{\"@type\":\"ImageObject\",\"inLanguage\":\"es\",\"@id\":\"https:\\\/\\\/lospoliticosveracruz.com\\\/?p=46668#primaryimage\",\"url\":\"https:\\\/\\\/lospoliticosveracruz.com\\\/wp-content\\\/uploads\\\/2019\\\/02\\\/Te-ayudamos.jpeg\",\"contentUrl\":\"https:\\\/\\\/lospoliticosveracruz.com\\\/wp-content\\\/uploads\\\/2019\\\/02\\\/Te-ayudamos.jpeg\",\"width\":600,\"height\":362},{\"@type\":\"BreadcrumbList\",\"@id\":\"https:\\\/\\\/lospoliticosveracruz.com\\\/?p=46668#breadcrumb\",\"itemListElement\":[{\"@type\":\"ListItem\",\"position\":1,\"name\":\"Portada\",\"item\":\"https:\\\/\\\/lospoliticosveracruz.com\\\/\"},{\"@type\":\"ListItem\",\"position\":2,\"name\":\"Hoy s\u00ed, sociedad civil\"}]},{\"@type\":\"WebSite\",\"@id\":\"https:\\\/\\\/lospoliticosveracruz.com\\\/#website\",\"url\":\"https:\\\/\\\/lospoliticosveracruz.com\\\/\",\"name\":\"Los pol\u00edticos Veracruz\",\"description\":\"\",\"publisher\":{\"@id\":\"https:\\\/\\\/lospoliticosveracruz.com\\\/#organization\"},\"potentialAction\":[{\"@type\":\"SearchAction\",\"target\":{\"@type\":\"EntryPoint\",\"urlTemplate\":\"https:\\\/\\\/lospoliticosveracruz.com\\\/?s={search_term_string}\"},\"query-input\":{\"@type\":\"PropertyValueSpecification\",\"valueRequired\":true,\"valueName\":\"search_term_string\"}}],\"inLanguage\":\"es\"},{\"@type\":\"Organization\",\"@id\":\"https:\\\/\\\/lospoliticosveracruz.com\\\/#organization\",\"name\":\"Los pol\u00edticos Veracruz\",\"url\":\"https:\\\/\\\/lospoliticosveracruz.com\\\/\",\"logo\":{\"@type\":\"ImageObject\",\"inLanguage\":\"es\",\"@id\":\"https:\\\/\\\/lospoliticosveracruz.com\\\/#\\\/schema\\\/logo\\\/image\\\/\",\"url\":\"https:\\\/\\\/lospoliticosveracruz.com\\\/wp-content\\\/uploads\\\/2025\\\/12\\\/Logo-Nuevo-LOS-POLITICOS-1.jpg\",\"contentUrl\":\"https:\\\/\\\/lospoliticosveracruz.com\\\/wp-content\\\/uploads\\\/2025\\\/12\\\/Logo-Nuevo-LOS-POLITICOS-1.jpg\",\"width\":260,\"height\":70,\"caption\":\"Los pol\u00edticos Veracruz\"},\"image\":{\"@id\":\"https:\\\/\\\/lospoliticosveracruz.com\\\/#\\\/schema\\\/logo\\\/image\\\/\"},\"sameAs\":[\"https:\\\/\\\/www.facebook.com\\\/people\\\/Notimemes-de-los-Polticos\\\/61565672886568\\\/\",\"https:\\\/\\\/x.com\\\/LosPoliticosVer\"]},{\"@type\":\"Person\",\"@id\":\"https:\\\/\\\/lospoliticosveracruz.com\\\/#\\\/schema\\\/person\\\/b8702bb0e538456e6efd07080bf2a4a2\",\"name\":\"Lo viste en Los Pol\u00edticos\",\"image\":{\"@type\":\"ImageObject\",\"inLanguage\":\"es\",\"@id\":\"https:\\\/\\\/secure.gravatar.com\\\/avatar\\\/3a8de04a2656d44082be478bd6c086daa447c4651605818287b9532d3d0bd435?s=96&d=mm&r=g\",\"url\":\"https:\\\/\\\/secure.gravatar.com\\\/avatar\\\/3a8de04a2656d44082be478bd6c086daa447c4651605818287b9532d3d0bd435?s=96&d=mm&r=g\",\"contentUrl\":\"https:\\\/\\\/secure.gravatar.com\\\/avatar\\\/3a8de04a2656d44082be478bd6c086daa447c4651605818287b9532d3d0bd435?s=96&d=mm&r=g\",\"caption\":\"Lo viste en Los Pol\u00edticos\"},\"url\":\"https:\\\/\\\/lospoliticosveracruz.com\\\/?author=2\"}]}<\/script>\n<!-- \/ Yoast SEO plugin. -->","yoast_head_json":{"title":"Hoy s\u00ed, sociedad civil - Los pol\u00edticos Veracruz","robots":{"index":"index","follow":"follow","max-snippet":"max-snippet:-1","max-image-preview":"max-image-preview:large","max-video-preview":"max-video-preview:-1"},"canonical":"https:\/\/lospoliticosveracruz.com\/?p=46668","og_locale":"es_ES","og_type":"article","og_title":"Hoy s\u00ed, sociedad civil - Los pol\u00edticos Veracruz","og_description":"&nbsp; Montse Quevedo Epifan\u00edas\u00a0\u00a0 A pesar de que Asociaciones Internacionales como la Coalici\u00f3n Regional contra el Tr\u00e1fico de Mujeres y Ni\u00f1as en Am\u00e9rica Latina y el Caribe (CATWLAC, por sus siglas en ingl\u00e9s), ha promovido en M\u00e9xico desde 2006 un sistema integral de auxilio a v\u00edctimas al que llam\u00f3 Alerta Roja, todo ello con la [&hellip;]","og_url":"https:\/\/lospoliticosveracruz.com\/?p=46668","og_site_name":"Los pol\u00edticos Veracruz","article_publisher":"https:\/\/www.facebook.com\/people\/Notimemes-de-los-Polticos\/61565672886568\/","article_published_time":"2019-02-04T22:39:12+00:00","og_image":[{"width":600,"height":362,"url":"https:\/\/lospoliticosveracruz.com\/wp-content\/uploads\/2019\/02\/Te-ayudamos.jpeg","type":"image\/jpeg"}],"author":"Lo viste en Los Pol\u00edticos","twitter_card":"summary_large_image","twitter_creator":"@LosPoliticosVer","twitter_site":"@LosPoliticosVer","twitter_misc":{"Escrito por":"Lo viste en Los Pol\u00edticos","Tiempo de lectura":"3 minutos"},"schema":{"@context":"https:\/\/schema.org","@graph":[{"@type":"Article","@id":"https:\/\/lospoliticosveracruz.com\/?p=46668#article","isPartOf":{"@id":"https:\/\/lospoliticosveracruz.com\/?p=46668"},"author":{"name":"Lo viste en Los Pol\u00edticos","@id":"https:\/\/lospoliticosveracruz.com\/#\/schema\/person\/b8702bb0e538456e6efd07080bf2a4a2"},"headline":"Hoy s\u00ed, sociedad civil","datePublished":"2019-02-04T22:39:12+00:00","mainEntityOfPage":{"@id":"https:\/\/lospoliticosveracruz.com\/?p=46668"},"wordCount":690,"commentCount":0,"publisher":{"@id":"https:\/\/lospoliticosveracruz.com\/#organization"},"image":{"@id":"https:\/\/lospoliticosveracruz.com\/?p=46668#primaryimage"},"thumbnailUrl":"https:\/\/lospoliticosveracruz.com\/wp-content\/uploads\/2019\/02\/Te-ayudamos.jpeg","keywords":["Bonne Sabonne","Caf\u00e9 de Nadie","Chuchita Caf\u00e9 y Antojer\u00eda","Diablo Burguer","FGR","Inside Spa","La Galera Restaurante","Los \u00c1lamos Botanero","M\u00e9xico","Mirrus","Nissan Xalapa","Observatorio Ciudadano de Violencias Contra las Mujeres","\u00d3ptica Kromos","Panams Xalapa","Pasteler\u00edas Dauz\u00f3n","Pix\u00e1n Caf\u00e9-Bar","Radio Taxi Central","Restaurante la Otra Mirada","Restaurante los Peppos","Rueca de Gandhi","Taquer\u00edas \u201cEl Gu\u00earo\u201d","Te ayudamos a llegar segura a casa","Tr\u00e1fico de Mujeres y Ni\u00f1as","Universidad Veracruzana","Veracruz","Xalapa"],"articleSection":["De Opini\u00f3n"],"inLanguage":"es","potentialAction":[{"@type":"CommentAction","name":"Comment","target":["https:\/\/lospoliticosveracruz.com\/?p=46668#respond"]}]},{"@type":"WebPage","@id":"https:\/\/lospoliticosveracruz.com\/?p=46668","url":"https:\/\/lospoliticosveracruz.com\/?p=46668","name":"Hoy s\u00ed, sociedad civil - Los pol\u00edticos Veracruz","isPartOf":{"@id":"https:\/\/lospoliticosveracruz.com\/#website"},"primaryImageOfPage":{"@id":"https:\/\/lospoliticosveracruz.com\/?p=46668#primaryimage"},"image":{"@id":"https:\/\/lospoliticosveracruz.com\/?p=46668#primaryimage"},"thumbnailUrl":"https:\/\/lospoliticosveracruz.com\/wp-content\/uploads\/2019\/02\/Te-ayudamos.jpeg","datePublished":"2019-02-04T22:39:12+00:00","breadcrumb":{"@id":"https:\/\/lospoliticosveracruz.com\/?p=46668#breadcrumb"},"inLanguage":"es","potentialAction":[{"@type":"ReadAction","target":["https:\/\/lospoliticosveracruz.com\/?p=46668"]}]},{"@type":"ImageObject","inLanguage":"es","@id":"https:\/\/lospoliticosveracruz.com\/?p=46668#primaryimage","url":"https:\/\/lospoliticosveracruz.com\/wp-content\/uploads\/2019\/02\/Te-ayudamos.jpeg","contentUrl":"https:\/\/lospoliticosveracruz.com\/wp-content\/uploads\/2019\/02\/Te-ayudamos.jpeg","width":600,"height":362},{"@type":"BreadcrumbList","@id":"https:\/\/lospoliticosveracruz.com\/?p=46668#breadcrumb","itemListElement":[{"@type":"ListItem","position":1,"name":"Portada","item":"https:\/\/lospoliticosveracruz.com\/"},{"@type":"ListItem","position":2,"name":"Hoy s\u00ed, sociedad civil"}]},{"@type":"WebSite","@id":"https:\/\/lospoliticosveracruz.com\/#website","url":"https:\/\/lospoliticosveracruz.com\/","name":"Los pol\u00edticos Veracruz","description":"","publisher":{"@id":"https:\/\/lospoliticosveracruz.com\/#organization"},"potentialAction":[{"@type":"SearchAction","target":{"@type":"EntryPoint","urlTemplate":"https:\/\/lospoliticosveracruz.com\/?s={search_term_string}"},"query-input":{"@type":"PropertyValueSpecification","valueRequired":true,"valueName":"search_term_string"}}],"inLanguage":"es"},{"@type":"Organization","@id":"https:\/\/lospoliticosveracruz.com\/#organization","name":"Los pol\u00edticos Veracruz","url":"https:\/\/lospoliticosveracruz.com\/","logo":{"@type":"ImageObject","inLanguage":"es","@id":"https:\/\/lospoliticosveracruz.com\/#\/schema\/logo\/image\/","url":"https:\/\/lospoliticosveracruz.com\/wp-content\/uploads\/2025\/12\/Logo-Nuevo-LOS-POLITICOS-1.jpg","contentUrl":"https:\/\/lospoliticosveracruz.com\/wp-content\/uploads\/2025\/12\/Logo-Nuevo-LOS-POLITICOS-1.jpg","width":260,"height":70,"caption":"Los pol\u00edticos Veracruz"},"image":{"@id":"https:\/\/lospoliticosveracruz.com\/#\/schema\/logo\/image\/"},"sameAs":["https:\/\/www.facebook.com\/people\/Notimemes-de-los-Polticos\/61565672886568\/","https:\/\/x.com\/LosPoliticosVer"]},{"@type":"Person","@id":"https:\/\/lospoliticosveracruz.com\/#\/schema\/person\/b8702bb0e538456e6efd07080bf2a4a2","name":"Lo viste en Los Pol\u00edticos","image":{"@type":"ImageObject","inLanguage":"es","@id":"https:\/\/secure.gravatar.com\/avatar\/3a8de04a2656d44082be478bd6c086daa447c4651605818287b9532d3d0bd435?s=96&d=mm&r=g","url":"https:\/\/secure.gravatar.com\/avatar\/3a8de04a2656d44082be478bd6c086daa447c4651605818287b9532d3d0bd435?s=96&d=mm&r=g","contentUrl":"https:\/\/secure.gravatar.com\/avatar\/3a8de04a2656d44082be478bd6c086daa447c4651605818287b9532d3d0bd435?s=96&d=mm&r=g","caption":"Lo viste en Los Pol\u00edticos"},"url":"https:\/\/lospoliticosveracruz.com\/?author=2"}]}},"_links":{"self":[{"href":"https:\/\/lospoliticosveracruz.com\/index.php?rest_route=\/wp\/v2\/posts\/46668","targetHints":{"allow":["GET"]}}],"collection":[{"href":"https:\/\/lospoliticosveracruz.com\/index.php?rest_route=\/wp\/v2\/posts"}],"about":[{"href":"https:\/\/lospoliticosveracruz.com\/index.php?rest_route=\/wp\/v2\/types\/post"}],"author":[{"embeddable":true,"href":"https:\/\/lospoliticosveracruz.com\/index.php?rest_route=\/wp\/v2\/users\/2"}],"replies":[{"embeddable":true,"href":"https:\/\/lospoliticosveracruz.com\/index.php?rest_route=%2Fwp%2Fv2%2Fcomments&post=46668"}],"version-history":[{"count":1,"href":"https:\/\/lospoliticosveracruz.com\/index.php?rest_route=\/wp\/v2\/posts\/46668\/revisions"}],"predecessor-version":[{"id":46670,"href":"https:\/\/lospoliticosveracruz.com\/index.php?rest_route=\/wp\/v2\/posts\/46668\/revisions\/46670"}],"wp:featuredmedia":[{"embeddable":true,"href":"https:\/\/lospoliticosveracruz.com\/index.php?rest_route=\/wp\/v2\/media\/46669"}],"wp:attachment":[{"href":"https:\/\/lospoliticosveracruz.com\/index.php?rest_route=%2Fwp%2Fv2%2Fmedia&parent=46668"}],"wp:term":[{"taxonomy":"category","embeddable":true,"href":"https:\/\/lospoliticosveracruz.com\/index.php?rest_route=%2Fwp%2Fv2%2Fcategories&post=46668"},{"taxonomy":"post_tag","embeddable":true,"href":"https:\/\/lospoliticosveracruz.com\/index.php?rest_route=%2Fwp%2Fv2%2Ftags&post=46668"}],"curies":[{"name":"wp","href":"https:\/\/api.w.org\/{rel}","templated":true}]}}