{"id":46711,"date":"2019-02-06T21:03:44","date_gmt":"2019-02-07T03:03:44","guid":{"rendered":"http:\/\/www.lospoliticosveracruz.com.mx\/?p=46711"},"modified":"2019-02-06T21:03:44","modified_gmt":"2019-02-07T03:03:44","slug":"afores-y-el-infonavit","status":"publish","type":"post","link":"https:\/\/lospoliticosveracruz.com\/?p=46711","title":{"rendered":"Afores y el Infonavit"},"content":{"rendered":"<p><strong>Salvador Mu\u00f1oz<\/strong><\/p>\n<p><em>Los Pol\u00edticos<\/em><\/p>\n<p><span style=\"font-weight: 400;\">Dice la Mujer que perd\u00ed dos mil pesos de mi Afore\u2026 la verdad poco entiendo de eso\u2026 podr\u00eda quejarme contra el Gobierno del Pejedente, porque curiosamente mi \u201cdesfalco\u201d ocurre al inicio de su administraci\u00f3n, pero como no capizco de qu\u00e9 se trata, prefiero dejar a los conocedores como la Mujer, que diluciden qu\u00e9 pas\u00f3 con esos dos mil menos en mi Afore.<\/span><\/p>\n<p><span style=\"font-weight: 400;\">Hace unos meses, recib\u00ed por correo, una buena noticia del Infonavit: me iban a cambiar la deuda que traigo por un \u201cpenthouse\u201d (hoy de moda) que adquir\u00ed en Jardines de Xalapa, de Veces Salarios M\u00ednimos (VSM) a Pesos, para establecer mensualidades fijas. Lo mismo que con los Afores, lo consult\u00e9 con la Mujer y me dijo que checara la cita que me ped\u00edan hiciera, para iniciar el tr\u00e1mite.<\/span><\/p>\n<p><span style=\"font-weight: 400;\">Para quienes saben de esto, de seguro han de imaginar los minutos \/ nalgas que se fueron en el celular con eso de que \u201csi eres patr\u00f3n, aprieta el n\u00famero 1; si eres empleado, aprieta el n\u00famero 2; si eres desempleado, empieza a apretar el asterisco para poder pagar tu deuda\u201d y as\u00ed se van, hasta que por fin, dejas de o\u00edr a la parienta de Siri y un alma caritativa del otro lado de la l\u00ednea te responde. Te pide tus datos, tu n\u00famero de Seguro Social o de cr\u00e9dito y al final te dice que el tr\u00e1mite que yo solicito, es en otra \u00e1rea, pero como ya se dio cuenta que soy bien bruto, me har\u00e1 el favor de enlazarme directamente lo que hace que sienta un poco de alivio y me d\u00e9 tiempo de masajearme las nalgas que para ese momento, ya andan como entumecidas\u2026 \u00a1pokasuma! Se cort\u00f3 la llamada\u2026 y de nuevo empezar\u2026 Cuando por fin, despu\u00e9s de sabr\u00e1 Cronos cu\u00e1nto tiempo, consigo la cita anhelada\u2026<\/span><\/p>\n<p><span style=\"font-weight: 400;\">Llegu\u00e9 una ocasi\u00f3n al Infonavit con todos mis papelitos en orden, con mi script ensayado para decir exactamente lo que ten\u00eda que decir \u00a1y que me retachan! porque el programa estaba en \u201cstand by\u201d&#8230; y s\u00ed, tuve que sacar otra cita y aunque no lo crea, se repiti\u00f3 la misma historia, desde los minutos \/ nalgas hasta la suspensi\u00f3n de mi cita\u2026 ya no hice una tercera cita con el consabido rega\u00f1o de la Mujer\u2026<\/span><\/p>\n<p><span style=\"font-weight: 400;\">Ahora que escuch\u00e9 la misa de la ma\u00f1ana (las ma\u00f1aneras del Pejedente deber\u00edan contar como tal y aplicarlas como descargo cuando uno se presente ante San Peter: \u201c\u00a1Hey, San Pedro, yo escuchaba los discursos de L\u00f3pez Obrador durante todo su sexenio\u2026\u201d, \u201c\u00a1No me digas! \u00a1Pasa buen hombre! \u00a1Has alcanzado la Gloria eterna\u2026 pero tu suegra tambi\u00e9n los escuchaba!\u201d) o\u00ed al titular del Infonavit, Carlos Mart\u00ednez Vel\u00e1zquez, presentar el programa \u201cResponsabilidad Compartida\u201d, que consiste precisamente en lo que hace algunos meses me ofrecieron en dicho instituto: de Veces Salarios M\u00ednimos (VSM) a Pesos.<\/span><\/p>\n<p><span style=\"font-weight: 400;\">Esto s\u00ed lo entiendo\u2026 o creo entenderlo\u2026 desde principios de siglo vengo pagando religiosamente mi deuda y cada mes veo que \u00e9sta parece casi interminable que no entiendo c\u00f3mo no estoy en el Bur\u00f3 de Cr\u00e9dito. Pero si logro ser incluido en el programa \u201cResponsabilidad Compartida\u201d, quiz\u00e1s empiece a ver que la mensualidad que pago cada mes, vaya baj\u00e1ndole unos centavos a la deuda que contraje con estos agiotistas\u2026 digo, con Infonavit. Bueno\u2026 eso es lo que creo\u2026<\/span><\/p>\n<p><span style=\"font-weight: 400;\">\u00a1Vaya! Tanto fue mi entusiasmo que me dirig\u00ed a la p\u00e1gina que el director del Infonavit, Caros Mart\u00ednez, indic\u00f3 (vsmapesos.infonavit.org) para inscribirme lo m\u00e1s pronto posible porque esa pinche losa de deuda pesa m\u00e1s que los a\u00f1os que lleva el Cruz Azul sin campeonato y\u2026 \u00a1ni madres! Me mand\u00f3 a todos lados, menos a lo que yo buscaba\u2026 pero dije, a lo mejor en la tarde tenga suerte y entr\u00e9 directo a la p\u00e1gina del Infonavit \u00a1y zaz! \u00bfqu\u00e9 creen? Pues que le est\u00e1n dando mantenimiento a la p\u00e1gina web\u2026 lo bueno de todo esto, es que este jueves intentar\u00e9 de nuevo inscribirme en el programa \u201cResponsabilidad Compartida\u201d, y s\u00ed, puede que vuelva a perder un poco de tiempo empleando mis minutos \/ nalgas en ello, pero esto es preferible, a perder dos mil pesos de mi Afore, que si bien la que se dio cuenta fue la Mujer, no me dijo los motivos\u2026 aunque empiezo a sospechar del Peje\u2026<\/span><\/p>\n<p>&nbsp;<\/p>\n<p><span style=\"font-weight: 400;\">smcainito@gmail.com<\/span><\/p>\n<p>&nbsp;<\/p>\n","protected":false},"excerpt":{"rendered":"<p>Salvador Mu\u00f1oz Los Pol\u00edticos Dice la Mujer que perd\u00ed dos mil pesos de mi Afore\u2026 la verdad poco entiendo de eso\u2026 podr\u00eda quejarme contra el Gobierno del Pejedente, porque curiosamente mi \u201cdesfalco\u201d ocurre al inicio de su administraci\u00f3n, pero como no capizco de qu\u00e9 se trata, prefiero dejar a los conocedores como la Mujer, que [&hellip;]<\/p>\n","protected":false},"author":2,"featured_media":46713,"comment_status":"open","ping_status":"open","sticky":false,"template":"","format":"standard","meta":{"tdm_status":"","tdm_grid_status":"","footnotes":""},"categories":[70],"tags":[13788,13787,7395,2536,6167],"class_list":{"0":"post-46711","1":"post","2":"type-post","3":"status-publish","4":"format-standard","5":"has-post-thumbnail","7":"category-de-opinion","8":"tag-buro-de-credito","9":"tag-carlos-martinez-velazquez","10":"tag-infonavit","11":"tag-jardines-de-xalapa","12":"tag-seguro-social"},"yoast_head":"<!-- This site is optimized with the Yoast SEO plugin v27.4 - https:\/\/yoast.com\/product\/yoast-seo-wordpress\/ -->\n<title>Afores y el Infonavit - Los pol\u00edticos Veracruz<\/title>\n<meta name=\"robots\" content=\"index, follow, max-snippet:-1, max-image-preview:large, max-video-preview:-1\" \/>\n<link rel=\"canonical\" href=\"https:\/\/lospoliticosveracruz.com\/?p=46711\" \/>\n<meta property=\"og:locale\" content=\"es_ES\" \/>\n<meta property=\"og:type\" content=\"article\" \/>\n<meta property=\"og:title\" content=\"Afores y el Infonavit - Los pol\u00edticos Veracruz\" \/>\n<meta property=\"og:description\" content=\"Salvador Mu\u00f1oz Los Pol\u00edticos Dice la Mujer que perd\u00ed dos mil pesos de mi Afore\u2026 la verdad poco entiendo de eso\u2026 podr\u00eda quejarme contra el Gobierno del Pejedente, porque curiosamente mi \u201cdesfalco\u201d ocurre al inicio de su administraci\u00f3n, pero como no capizco de qu\u00e9 se trata, prefiero dejar a los conocedores como la Mujer, que [&hellip;]\" \/>\n<meta property=\"og:url\" content=\"https:\/\/lospoliticosveracruz.com\/?p=46711\" \/>\n<meta property=\"og:site_name\" content=\"Los pol\u00edticos Veracruz\" \/>\n<meta property=\"article:publisher\" content=\"https:\/\/www.facebook.com\/people\/Notimemes-de-los-Polticos\/61565672886568\/\" \/>\n<meta property=\"article:published_time\" content=\"2019-02-07T03:03:44+00:00\" \/>\n<meta property=\"og:image\" content=\"https:\/\/lospoliticosveracruz.com\/wp-content\/uploads\/2019\/02\/Info.jpeg\" \/>\n\t<meta property=\"og:image:width\" content=\"600\" \/>\n\t<meta property=\"og:image:height\" content=\"312\" \/>\n\t<meta property=\"og:image:type\" content=\"image\/jpeg\" \/>\n<meta name=\"author\" content=\"Lo viste en Los Pol\u00edticos\" \/>\n<meta name=\"twitter:card\" content=\"summary_large_image\" \/>\n<meta name=\"twitter:creator\" content=\"@LosPoliticosVer\" \/>\n<meta name=\"twitter:site\" content=\"@LosPoliticosVer\" \/>\n<meta name=\"twitter:label1\" content=\"Escrito por\" \/>\n\t<meta name=\"twitter:data1\" content=\"Lo viste en Los Pol\u00edticos\" \/>\n\t<meta name=\"twitter:label2\" content=\"Tiempo de lectura\" \/>\n\t<meta name=\"twitter:data2\" content=\"4 minutos\" \/>\n<script type=\"application\/ld+json\" class=\"yoast-schema-graph\">{\"@context\":\"https:\\\/\\\/schema.org\",\"@graph\":[{\"@type\":\"Article\",\"@id\":\"https:\\\/\\\/lospoliticosveracruz.com\\\/?p=46711#article\",\"isPartOf\":{\"@id\":\"https:\\\/\\\/lospoliticosveracruz.com\\\/?p=46711\"},\"author\":{\"name\":\"Lo viste en Los Pol\u00edticos\",\"@id\":\"https:\\\/\\\/lospoliticosveracruz.com\\\/#\\\/schema\\\/person\\\/b8702bb0e538456e6efd07080bf2a4a2\"},\"headline\":\"Afores y el Infonavit\",\"datePublished\":\"2019-02-07T03:03:44+00:00\",\"mainEntityOfPage\":{\"@id\":\"https:\\\/\\\/lospoliticosveracruz.com\\\/?p=46711\"},\"wordCount\":756,\"commentCount\":0,\"publisher\":{\"@id\":\"https:\\\/\\\/lospoliticosveracruz.com\\\/#organization\"},\"image\":{\"@id\":\"https:\\\/\\\/lospoliticosveracruz.com\\\/?p=46711#primaryimage\"},\"thumbnailUrl\":\"https:\\\/\\\/lospoliticosveracruz.com\\\/wp-content\\\/uploads\\\/2019\\\/02\\\/Info.jpeg\",\"keywords\":[\"Bur\u00f3 de Cr\u00e9dito\",\"Carlos Mart\u00ednez Vel\u00e1zquez\",\"Infonavit\",\"Jardines de Xalapa\",\"Seguro Social\"],\"articleSection\":[\"De Opini\u00f3n\"],\"inLanguage\":\"es\",\"potentialAction\":[{\"@type\":\"CommentAction\",\"name\":\"Comment\",\"target\":[\"https:\\\/\\\/lospoliticosveracruz.com\\\/?p=46711#respond\"]}]},{\"@type\":\"WebPage\",\"@id\":\"https:\\\/\\\/lospoliticosveracruz.com\\\/?p=46711\",\"url\":\"https:\\\/\\\/lospoliticosveracruz.com\\\/?p=46711\",\"name\":\"Afores y el Infonavit - Los pol\u00edticos Veracruz\",\"isPartOf\":{\"@id\":\"https:\\\/\\\/lospoliticosveracruz.com\\\/#website\"},\"primaryImageOfPage\":{\"@id\":\"https:\\\/\\\/lospoliticosveracruz.com\\\/?p=46711#primaryimage\"},\"image\":{\"@id\":\"https:\\\/\\\/lospoliticosveracruz.com\\\/?p=46711#primaryimage\"},\"thumbnailUrl\":\"https:\\\/\\\/lospoliticosveracruz.com\\\/wp-content\\\/uploads\\\/2019\\\/02\\\/Info.jpeg\",\"datePublished\":\"2019-02-07T03:03:44+00:00\",\"breadcrumb\":{\"@id\":\"https:\\\/\\\/lospoliticosveracruz.com\\\/?p=46711#breadcrumb\"},\"inLanguage\":\"es\",\"potentialAction\":[{\"@type\":\"ReadAction\",\"target\":[\"https:\\\/\\\/lospoliticosveracruz.com\\\/?p=46711\"]}]},{\"@type\":\"ImageObject\",\"inLanguage\":\"es\",\"@id\":\"https:\\\/\\\/lospoliticosveracruz.com\\\/?p=46711#primaryimage\",\"url\":\"https:\\\/\\\/lospoliticosveracruz.com\\\/wp-content\\\/uploads\\\/2019\\\/02\\\/Info.jpeg\",\"contentUrl\":\"https:\\\/\\\/lospoliticosveracruz.com\\\/wp-content\\\/uploads\\\/2019\\\/02\\\/Info.jpeg\",\"width\":600,\"height\":312},{\"@type\":\"BreadcrumbList\",\"@id\":\"https:\\\/\\\/lospoliticosveracruz.com\\\/?p=46711#breadcrumb\",\"itemListElement\":[{\"@type\":\"ListItem\",\"position\":1,\"name\":\"Portada\",\"item\":\"https:\\\/\\\/lospoliticosveracruz.com\\\/\"},{\"@type\":\"ListItem\",\"position\":2,\"name\":\"Afores y el Infonavit\"}]},{\"@type\":\"WebSite\",\"@id\":\"https:\\\/\\\/lospoliticosveracruz.com\\\/#website\",\"url\":\"https:\\\/\\\/lospoliticosveracruz.com\\\/\",\"name\":\"Los pol\u00edticos Veracruz\",\"description\":\"\",\"publisher\":{\"@id\":\"https:\\\/\\\/lospoliticosveracruz.com\\\/#organization\"},\"potentialAction\":[{\"@type\":\"SearchAction\",\"target\":{\"@type\":\"EntryPoint\",\"urlTemplate\":\"https:\\\/\\\/lospoliticosveracruz.com\\\/?s={search_term_string}\"},\"query-input\":{\"@type\":\"PropertyValueSpecification\",\"valueRequired\":true,\"valueName\":\"search_term_string\"}}],\"inLanguage\":\"es\"},{\"@type\":\"Organization\",\"@id\":\"https:\\\/\\\/lospoliticosveracruz.com\\\/#organization\",\"name\":\"Los pol\u00edticos Veracruz\",\"url\":\"https:\\\/\\\/lospoliticosveracruz.com\\\/\",\"logo\":{\"@type\":\"ImageObject\",\"inLanguage\":\"es\",\"@id\":\"https:\\\/\\\/lospoliticosveracruz.com\\\/#\\\/schema\\\/logo\\\/image\\\/\",\"url\":\"https:\\\/\\\/lospoliticosveracruz.com\\\/wp-content\\\/uploads\\\/2025\\\/12\\\/Logo-Nuevo-LOS-POLITICOS-1.jpg\",\"contentUrl\":\"https:\\\/\\\/lospoliticosveracruz.com\\\/wp-content\\\/uploads\\\/2025\\\/12\\\/Logo-Nuevo-LOS-POLITICOS-1.jpg\",\"width\":260,\"height\":70,\"caption\":\"Los pol\u00edticos Veracruz\"},\"image\":{\"@id\":\"https:\\\/\\\/lospoliticosveracruz.com\\\/#\\\/schema\\\/logo\\\/image\\\/\"},\"sameAs\":[\"https:\\\/\\\/www.facebook.com\\\/people\\\/Notimemes-de-los-Polticos\\\/61565672886568\\\/\",\"https:\\\/\\\/x.com\\\/LosPoliticosVer\"]},{\"@type\":\"Person\",\"@id\":\"https:\\\/\\\/lospoliticosveracruz.com\\\/#\\\/schema\\\/person\\\/b8702bb0e538456e6efd07080bf2a4a2\",\"name\":\"Lo viste en Los Pol\u00edticos\",\"image\":{\"@type\":\"ImageObject\",\"inLanguage\":\"es\",\"@id\":\"https:\\\/\\\/secure.gravatar.com\\\/avatar\\\/3a8de04a2656d44082be478bd6c086daa447c4651605818287b9532d3d0bd435?s=96&d=mm&r=g\",\"url\":\"https:\\\/\\\/secure.gravatar.com\\\/avatar\\\/3a8de04a2656d44082be478bd6c086daa447c4651605818287b9532d3d0bd435?s=96&d=mm&r=g\",\"contentUrl\":\"https:\\\/\\\/secure.gravatar.com\\\/avatar\\\/3a8de04a2656d44082be478bd6c086daa447c4651605818287b9532d3d0bd435?s=96&d=mm&r=g\",\"caption\":\"Lo viste en Los Pol\u00edticos\"},\"url\":\"https:\\\/\\\/lospoliticosveracruz.com\\\/?author=2\"}]}<\/script>\n<!-- \/ Yoast SEO plugin. -->","yoast_head_json":{"title":"Afores y el Infonavit - Los pol\u00edticos Veracruz","robots":{"index":"index","follow":"follow","max-snippet":"max-snippet:-1","max-image-preview":"max-image-preview:large","max-video-preview":"max-video-preview:-1"},"canonical":"https:\/\/lospoliticosveracruz.com\/?p=46711","og_locale":"es_ES","og_type":"article","og_title":"Afores y el Infonavit - Los pol\u00edticos Veracruz","og_description":"Salvador Mu\u00f1oz Los Pol\u00edticos Dice la Mujer que perd\u00ed dos mil pesos de mi Afore\u2026 la verdad poco entiendo de eso\u2026 podr\u00eda quejarme contra el Gobierno del Pejedente, porque curiosamente mi \u201cdesfalco\u201d ocurre al inicio de su administraci\u00f3n, pero como no capizco de qu\u00e9 se trata, prefiero dejar a los conocedores como la Mujer, que [&hellip;]","og_url":"https:\/\/lospoliticosveracruz.com\/?p=46711","og_site_name":"Los pol\u00edticos Veracruz","article_publisher":"https:\/\/www.facebook.com\/people\/Notimemes-de-los-Polticos\/61565672886568\/","article_published_time":"2019-02-07T03:03:44+00:00","og_image":[{"width":600,"height":312,"url":"https:\/\/lospoliticosveracruz.com\/wp-content\/uploads\/2019\/02\/Info.jpeg","type":"image\/jpeg"}],"author":"Lo viste en Los Pol\u00edticos","twitter_card":"summary_large_image","twitter_creator":"@LosPoliticosVer","twitter_site":"@LosPoliticosVer","twitter_misc":{"Escrito por":"Lo viste en Los Pol\u00edticos","Tiempo de lectura":"4 minutos"},"schema":{"@context":"https:\/\/schema.org","@graph":[{"@type":"Article","@id":"https:\/\/lospoliticosveracruz.com\/?p=46711#article","isPartOf":{"@id":"https:\/\/lospoliticosveracruz.com\/?p=46711"},"author":{"name":"Lo viste en Los Pol\u00edticos","@id":"https:\/\/lospoliticosveracruz.com\/#\/schema\/person\/b8702bb0e538456e6efd07080bf2a4a2"},"headline":"Afores y el Infonavit","datePublished":"2019-02-07T03:03:44+00:00","mainEntityOfPage":{"@id":"https:\/\/lospoliticosveracruz.com\/?p=46711"},"wordCount":756,"commentCount":0,"publisher":{"@id":"https:\/\/lospoliticosveracruz.com\/#organization"},"image":{"@id":"https:\/\/lospoliticosveracruz.com\/?p=46711#primaryimage"},"thumbnailUrl":"https:\/\/lospoliticosveracruz.com\/wp-content\/uploads\/2019\/02\/Info.jpeg","keywords":["Bur\u00f3 de Cr\u00e9dito","Carlos Mart\u00ednez Vel\u00e1zquez","Infonavit","Jardines de Xalapa","Seguro Social"],"articleSection":["De Opini\u00f3n"],"inLanguage":"es","potentialAction":[{"@type":"CommentAction","name":"Comment","target":["https:\/\/lospoliticosveracruz.com\/?p=46711#respond"]}]},{"@type":"WebPage","@id":"https:\/\/lospoliticosveracruz.com\/?p=46711","url":"https:\/\/lospoliticosveracruz.com\/?p=46711","name":"Afores y el Infonavit - Los pol\u00edticos Veracruz","isPartOf":{"@id":"https:\/\/lospoliticosveracruz.com\/#website"},"primaryImageOfPage":{"@id":"https:\/\/lospoliticosveracruz.com\/?p=46711#primaryimage"},"image":{"@id":"https:\/\/lospoliticosveracruz.com\/?p=46711#primaryimage"},"thumbnailUrl":"https:\/\/lospoliticosveracruz.com\/wp-content\/uploads\/2019\/02\/Info.jpeg","datePublished":"2019-02-07T03:03:44+00:00","breadcrumb":{"@id":"https:\/\/lospoliticosveracruz.com\/?p=46711#breadcrumb"},"inLanguage":"es","potentialAction":[{"@type":"ReadAction","target":["https:\/\/lospoliticosveracruz.com\/?p=46711"]}]},{"@type":"ImageObject","inLanguage":"es","@id":"https:\/\/lospoliticosveracruz.com\/?p=46711#primaryimage","url":"https:\/\/lospoliticosveracruz.com\/wp-content\/uploads\/2019\/02\/Info.jpeg","contentUrl":"https:\/\/lospoliticosveracruz.com\/wp-content\/uploads\/2019\/02\/Info.jpeg","width":600,"height":312},{"@type":"BreadcrumbList","@id":"https:\/\/lospoliticosveracruz.com\/?p=46711#breadcrumb","itemListElement":[{"@type":"ListItem","position":1,"name":"Portada","item":"https:\/\/lospoliticosveracruz.com\/"},{"@type":"ListItem","position":2,"name":"Afores y el Infonavit"}]},{"@type":"WebSite","@id":"https:\/\/lospoliticosveracruz.com\/#website","url":"https:\/\/lospoliticosveracruz.com\/","name":"Los pol\u00edticos Veracruz","description":"","publisher":{"@id":"https:\/\/lospoliticosveracruz.com\/#organization"},"potentialAction":[{"@type":"SearchAction","target":{"@type":"EntryPoint","urlTemplate":"https:\/\/lospoliticosveracruz.com\/?s={search_term_string}"},"query-input":{"@type":"PropertyValueSpecification","valueRequired":true,"valueName":"search_term_string"}}],"inLanguage":"es"},{"@type":"Organization","@id":"https:\/\/lospoliticosveracruz.com\/#organization","name":"Los pol\u00edticos Veracruz","url":"https:\/\/lospoliticosveracruz.com\/","logo":{"@type":"ImageObject","inLanguage":"es","@id":"https:\/\/lospoliticosveracruz.com\/#\/schema\/logo\/image\/","url":"https:\/\/lospoliticosveracruz.com\/wp-content\/uploads\/2025\/12\/Logo-Nuevo-LOS-POLITICOS-1.jpg","contentUrl":"https:\/\/lospoliticosveracruz.com\/wp-content\/uploads\/2025\/12\/Logo-Nuevo-LOS-POLITICOS-1.jpg","width":260,"height":70,"caption":"Los pol\u00edticos Veracruz"},"image":{"@id":"https:\/\/lospoliticosveracruz.com\/#\/schema\/logo\/image\/"},"sameAs":["https:\/\/www.facebook.com\/people\/Notimemes-de-los-Polticos\/61565672886568\/","https:\/\/x.com\/LosPoliticosVer"]},{"@type":"Person","@id":"https:\/\/lospoliticosveracruz.com\/#\/schema\/person\/b8702bb0e538456e6efd07080bf2a4a2","name":"Lo viste en Los Pol\u00edticos","image":{"@type":"ImageObject","inLanguage":"es","@id":"https:\/\/secure.gravatar.com\/avatar\/3a8de04a2656d44082be478bd6c086daa447c4651605818287b9532d3d0bd435?s=96&d=mm&r=g","url":"https:\/\/secure.gravatar.com\/avatar\/3a8de04a2656d44082be478bd6c086daa447c4651605818287b9532d3d0bd435?s=96&d=mm&r=g","contentUrl":"https:\/\/secure.gravatar.com\/avatar\/3a8de04a2656d44082be478bd6c086daa447c4651605818287b9532d3d0bd435?s=96&d=mm&r=g","caption":"Lo viste en Los Pol\u00edticos"},"url":"https:\/\/lospoliticosveracruz.com\/?author=2"}]}},"_links":{"self":[{"href":"https:\/\/lospoliticosveracruz.com\/index.php?rest_route=\/wp\/v2\/posts\/46711","targetHints":{"allow":["GET"]}}],"collection":[{"href":"https:\/\/lospoliticosveracruz.com\/index.php?rest_route=\/wp\/v2\/posts"}],"about":[{"href":"https:\/\/lospoliticosveracruz.com\/index.php?rest_route=\/wp\/v2\/types\/post"}],"author":[{"embeddable":true,"href":"https:\/\/lospoliticosveracruz.com\/index.php?rest_route=\/wp\/v2\/users\/2"}],"replies":[{"embeddable":true,"href":"https:\/\/lospoliticosveracruz.com\/index.php?rest_route=%2Fwp%2Fv2%2Fcomments&post=46711"}],"version-history":[{"count":1,"href":"https:\/\/lospoliticosveracruz.com\/index.php?rest_route=\/wp\/v2\/posts\/46711\/revisions"}],"predecessor-version":[{"id":46714,"href":"https:\/\/lospoliticosveracruz.com\/index.php?rest_route=\/wp\/v2\/posts\/46711\/revisions\/46714"}],"wp:featuredmedia":[{"embeddable":true,"href":"https:\/\/lospoliticosveracruz.com\/index.php?rest_route=\/wp\/v2\/media\/46713"}],"wp:attachment":[{"href":"https:\/\/lospoliticosveracruz.com\/index.php?rest_route=%2Fwp%2Fv2%2Fmedia&parent=46711"}],"wp:term":[{"taxonomy":"category","embeddable":true,"href":"https:\/\/lospoliticosveracruz.com\/index.php?rest_route=%2Fwp%2Fv2%2Fcategories&post=46711"},{"taxonomy":"post_tag","embeddable":true,"href":"https:\/\/lospoliticosveracruz.com\/index.php?rest_route=%2Fwp%2Fv2%2Ftags&post=46711"}],"curies":[{"name":"wp","href":"https:\/\/api.w.org\/{rel}","templated":true}]}}