{"id":46715,"date":"2019-02-06T22:55:18","date_gmt":"2019-02-07T04:55:18","guid":{"rendered":"http:\/\/www.lospoliticosveracruz.com.mx\/?p=46715"},"modified":"2019-02-07T07:29:20","modified_gmt":"2019-02-07T13:29:20","slug":"el-huachicol-mas-grande-de-lo-que-parece","status":"publish","type":"post","link":"https:\/\/lospoliticosveracruz.com\/?p=46715","title":{"rendered":"El Huachicol, m\u00e1s grande de lo que parece"},"content":{"rendered":"<p><strong>Brenda Caballero<\/strong><\/p>\n<p><em>N\u00fameros Rojos<\/em><\/p>\n<p>\u00bfSer\u00e1 que por fin caiga Carlos Romero Deschamps? Es una pregunta obligada ahora que est\u00e1 la guerra del gobierno federal contra el huachicol. Incluso m\u00e1s de uno esper\u00e1bamos la ca\u00edda de alg\u00fan corrupto de peso cuando Andr\u00e9s Manuel L\u00f3pez Obrador tom\u00f3 protesta como Presidente de M\u00e9xico\u2026 espec\u00edficamente pensamos en Carlos Romero Deschamps. Sin embargo, esto no sucedi\u00f3 o no ha sucedido, pero \u00bfpudiera suceder?<\/p>\n<p>Despu\u00e9s de Javier Duarte de Ochoa, ex gobernador de Veracruz, Romero Deschamps se ha convertido en el villano n\u00famero uno del pueblo mexicano, y la muestra es que la reciente detenci\u00f3n del ex gobernador\u00a0 de Coahuila, Jorge Torres L\u00f3pez, buscado desde 2013 por fraude bancario y lavado de dinero ni movi\u00f3 el avispero. El Pueblo quiere a Romero Deschamps.<\/p>\n<p>Y fue precisamente este mi\u00e9rcoles cuando un grupo de petroleros decidi\u00f3 ratificar ante la Seido la denuncia del 2016 contra Romero Deschamps y sus hijos, pero adem\u00e1s la ampliaron por defraudaci\u00f3n y despojo. Esto, despu\u00e9s de que L\u00f3pez Obrador dijera que Romero Deschamps tiene una sola denuncia por huachicoleo y no est\u00e1 ratificada. \u00a0\u00a1Pues ahora ya la ratificaron!<\/p>\n<p>Fue Miguel Arturo Flores Contreras, dirigente del grupo disidente Petroleros Activos en Evoluci\u00f3n por un M\u00e9xico Nuevo quien con sus abogados fue hasta la Seido. En su declaraci\u00f3n, despu\u00e9s de la ratificaci\u00f3n, asegur\u00f3 que llegar\u00e1n hasta las \u00faltimas consecuencias, con la intenci\u00f3n de terminar con la corrupci\u00f3n en el sindicato petrolero. A Romero se le denunci\u00f3 por delincuencia organizada, lavado de dinero, evasi\u00f3n y defraudaci\u00f3n fiscal, operaciones con recursos de procedencia il\u00edcita por 150 millones de d\u00f3lares.<\/p>\n<p>Flores Contreras asegur\u00f3 que se integr\u00f3 un expediente robusto que contiene informaci\u00f3n sobre los dineros y propiedades, cuentas sindicales, dineros de contratos y las propiedades con las que contaba el gremio petrolero.<\/p>\n<p>\u00bfSer\u00e1 que ahora s\u00ed Don Carlos pague todas las que debe? Recordemos que el se\u00f1or ha recurrido a amparo tras amparo para no dar a conocer los convenios del Sindicato Petrolero con Pemex as\u00ed como sus ingresos mensuales, bonos, vi\u00e1ticos y premios.<\/p>\n<p>Ahora la papa caliente ha ca\u00eddo en la Fiscal\u00eda General de la Rep\u00fablica, la cual indiscutiblemente tendr\u00e1 que actuar y proceder contra Carlos Romero Deschamps.<\/p>\n<p>II<\/p>\n<p>Melit\u00f3n Reyes Larios, alcalde de Camerino Z. Mendoza, denunci\u00f3 algo que es m\u00e1s que un secreto a voces en Veracruz. Hay tres grupos delictivos: huachicoleros, Zetas y el C\u00e1rtel de Jalisco. Destac\u00f3 que la poblaci\u00f3n de su municipio, de 45 mil habitantes, solamente tiene 25 polic\u00edas. Lo m\u00e1s grave es que ante la convocatoria de reclutamiento nadie quiere entrarle.<\/p>\n<p>Independientemente de la estrategia contra el huachicol y la inseguridad \u00bfCu\u00e1l ser\u00e1 la estrategia de motivaci\u00f3n para que quieran reclutarse como polic\u00edas? Urge ya que se dictamine el Proyecto de Incremento Salarial y Prestaciones a los guardianes del orden que est\u00e1 pendiente en el Congreso.<\/p>\n<p>III<\/p>\n<p>\u00bfC\u00f3mo est\u00e1 eso de que a futbolistas del Am\u00e9rica se les benefici\u00f3 con permisos para operar gasolineras en Veracruz en el tiempo de Enrique Pe\u00f1a Nieto? Seg\u00fan informaci\u00f3n de Proceso, la gasolinera est\u00e1 en Xalapa y se llama S\u00faper Servicio Cuauht\u00e9moc y Collado, S.A. de C.V.<\/p>\n<p>&nbsp;<\/p>\n<p>@NumerosRojos_BC<\/p>\n<p><a href=\"mailto:caballero_brenda@hotmail.com\">caballero_brenda@hotmail.com<\/a><\/p>\n","protected":false},"excerpt":{"rendered":"<p>Brenda Caballero N\u00fameros Rojos \u00bfSer\u00e1 que por fin caiga Carlos Romero Deschamps? Es una pregunta obligada ahora que est\u00e1 la guerra del gobierno federal contra el huachicol. Incluso m\u00e1s de uno esper\u00e1bamos la ca\u00edda de alg\u00fan corrupto de peso cuando Andr\u00e9s Manuel L\u00f3pez Obrador tom\u00f3 protesta como Presidente de M\u00e9xico\u2026 espec\u00edficamente pensamos en Carlos Romero [&hellip;]<\/p>\n","protected":false},"author":2,"featured_media":46716,"comment_status":"open","ping_status":"open","sticky":false,"template":"","format":"standard","meta":{"tdm_status":"","tdm_grid_status":"","footnotes":""},"categories":[70],"tags":[618,2687,13790,2009,2355,281,13146,13791,13789,13792,195,96],"class_list":{"0":"post-46715","1":"post","2":"type-post","3":"status-publish","4":"format-standard","5":"has-post-thumbnail","7":"category-de-opinion","8":"tag-andres-manuel-lopez-obrador","9":"tag-brenda-caballero","10":"tag-camerino-z-mendoza","11":"tag-carlos-romero-deschamps","12":"tag-coahuila","13":"tag-enrique-pena-nieto","14":"tag-fiscalia-general-de-la-republica","15":"tag-meliton-reyes-larios","16":"tag-miguel-arturo-flores-contreras","17":"tag-super-servicio-cuauhtemoc-y-collado","18":"tag-veracruz","19":"tag-xalapa"},"yoast_head":"<!-- This site is optimized with the Yoast SEO plugin v27.4 - https:\/\/yoast.com\/product\/yoast-seo-wordpress\/ -->\n<title>El Huachicol, m\u00e1s grande de lo que parece - Los pol\u00edticos Veracruz<\/title>\n<meta name=\"robots\" content=\"index, follow, max-snippet:-1, max-image-preview:large, max-video-preview:-1\" \/>\n<link rel=\"canonical\" href=\"https:\/\/lospoliticosveracruz.com\/?p=46715\" \/>\n<meta property=\"og:locale\" content=\"es_ES\" \/>\n<meta property=\"og:type\" content=\"article\" \/>\n<meta property=\"og:title\" content=\"El Huachicol, m\u00e1s grande de lo que parece - Los pol\u00edticos Veracruz\" \/>\n<meta property=\"og:description\" content=\"Brenda Caballero N\u00fameros Rojos \u00bfSer\u00e1 que por fin caiga Carlos Romero Deschamps? Es una pregunta obligada ahora que est\u00e1 la guerra del gobierno federal contra el huachicol. Incluso m\u00e1s de uno esper\u00e1bamos la ca\u00edda de alg\u00fan corrupto de peso cuando Andr\u00e9s Manuel L\u00f3pez Obrador tom\u00f3 protesta como Presidente de M\u00e9xico\u2026 espec\u00edficamente pensamos en Carlos Romero [&hellip;]\" \/>\n<meta property=\"og:url\" content=\"https:\/\/lospoliticosveracruz.com\/?p=46715\" \/>\n<meta property=\"og:site_name\" content=\"Los pol\u00edticos Veracruz\" \/>\n<meta property=\"article:publisher\" content=\"https:\/\/www.facebook.com\/people\/Notimemes-de-los-Polticos\/61565672886568\/\" \/>\n<meta property=\"article:published_time\" content=\"2019-02-07T04:55:18+00:00\" \/>\n<meta property=\"article:modified_time\" content=\"2019-02-07T13:29:20+00:00\" \/>\n<meta property=\"og:image\" content=\"https:\/\/lospoliticosveracruz.com\/wp-content\/uploads\/2019\/02\/Romero.jpeg\" \/>\n\t<meta property=\"og:image:width\" content=\"600\" \/>\n\t<meta property=\"og:image:height\" content=\"338\" \/>\n\t<meta property=\"og:image:type\" content=\"image\/jpeg\" \/>\n<meta name=\"author\" content=\"Lo viste en Los Pol\u00edticos\" \/>\n<meta name=\"twitter:card\" content=\"summary_large_image\" \/>\n<meta name=\"twitter:creator\" content=\"@LosPoliticosVer\" \/>\n<meta name=\"twitter:site\" content=\"@LosPoliticosVer\" \/>\n<meta name=\"twitter:label1\" content=\"Escrito por\" \/>\n\t<meta name=\"twitter:data1\" content=\"Lo viste en Los Pol\u00edticos\" \/>\n\t<meta name=\"twitter:label2\" content=\"Tiempo de lectura\" \/>\n\t<meta name=\"twitter:data2\" content=\"3 minutos\" \/>\n<script type=\"application\/ld+json\" class=\"yoast-schema-graph\">{\"@context\":\"https:\\\/\\\/schema.org\",\"@graph\":[{\"@type\":\"Article\",\"@id\":\"https:\\\/\\\/lospoliticosveracruz.com\\\/?p=46715#article\",\"isPartOf\":{\"@id\":\"https:\\\/\\\/lospoliticosveracruz.com\\\/?p=46715\"},\"author\":{\"name\":\"Lo viste en Los Pol\u00edticos\",\"@id\":\"https:\\\/\\\/lospoliticosveracruz.com\\\/#\\\/schema\\\/person\\\/b8702bb0e538456e6efd07080bf2a4a2\"},\"headline\":\"El Huachicol, m\u00e1s grande de lo que parece\",\"datePublished\":\"2019-02-07T04:55:18+00:00\",\"dateModified\":\"2019-02-07T13:29:20+00:00\",\"mainEntityOfPage\":{\"@id\":\"https:\\\/\\\/lospoliticosveracruz.com\\\/?p=46715\"},\"wordCount\":578,\"commentCount\":0,\"publisher\":{\"@id\":\"https:\\\/\\\/lospoliticosveracruz.com\\\/#organization\"},\"image\":{\"@id\":\"https:\\\/\\\/lospoliticosveracruz.com\\\/?p=46715#primaryimage\"},\"thumbnailUrl\":\"https:\\\/\\\/lospoliticosveracruz.com\\\/wp-content\\\/uploads\\\/2019\\\/02\\\/Romero.jpeg\",\"keywords\":[\"Andr\u00e9s Manuel L\u00f3pez Obrador\",\"Brenda Caballero\",\"Camerino Z. Mendoza\",\"Carlos Romero Deschamps\",\"Coahuila\",\"Enrique Pe\u00f1a Nieto\",\"Fiscal\u00eda General de la Rep\u00fablica\",\"Melit\u00f3n Reyes Larios\",\"Miguel Arturo Flores Contreras\",\"S\u00faper Servicio Cuauht\u00e9moc y Collado\",\"Veracruz\",\"Xalapa\"],\"articleSection\":[\"De Opini\u00f3n\"],\"inLanguage\":\"es\",\"potentialAction\":[{\"@type\":\"CommentAction\",\"name\":\"Comment\",\"target\":[\"https:\\\/\\\/lospoliticosveracruz.com\\\/?p=46715#respond\"]}]},{\"@type\":\"WebPage\",\"@id\":\"https:\\\/\\\/lospoliticosveracruz.com\\\/?p=46715\",\"url\":\"https:\\\/\\\/lospoliticosveracruz.com\\\/?p=46715\",\"name\":\"El Huachicol, m\u00e1s grande de lo que parece - Los pol\u00edticos Veracruz\",\"isPartOf\":{\"@id\":\"https:\\\/\\\/lospoliticosveracruz.com\\\/#website\"},\"primaryImageOfPage\":{\"@id\":\"https:\\\/\\\/lospoliticosveracruz.com\\\/?p=46715#primaryimage\"},\"image\":{\"@id\":\"https:\\\/\\\/lospoliticosveracruz.com\\\/?p=46715#primaryimage\"},\"thumbnailUrl\":\"https:\\\/\\\/lospoliticosveracruz.com\\\/wp-content\\\/uploads\\\/2019\\\/02\\\/Romero.jpeg\",\"datePublished\":\"2019-02-07T04:55:18+00:00\",\"dateModified\":\"2019-02-07T13:29:20+00:00\",\"breadcrumb\":{\"@id\":\"https:\\\/\\\/lospoliticosveracruz.com\\\/?p=46715#breadcrumb\"},\"inLanguage\":\"es\",\"potentialAction\":[{\"@type\":\"ReadAction\",\"target\":[\"https:\\\/\\\/lospoliticosveracruz.com\\\/?p=46715\"]}]},{\"@type\":\"ImageObject\",\"inLanguage\":\"es\",\"@id\":\"https:\\\/\\\/lospoliticosveracruz.com\\\/?p=46715#primaryimage\",\"url\":\"https:\\\/\\\/lospoliticosveracruz.com\\\/wp-content\\\/uploads\\\/2019\\\/02\\\/Romero.jpeg\",\"contentUrl\":\"https:\\\/\\\/lospoliticosveracruz.com\\\/wp-content\\\/uploads\\\/2019\\\/02\\\/Romero.jpeg\",\"width\":600,\"height\":338},{\"@type\":\"BreadcrumbList\",\"@id\":\"https:\\\/\\\/lospoliticosveracruz.com\\\/?p=46715#breadcrumb\",\"itemListElement\":[{\"@type\":\"ListItem\",\"position\":1,\"name\":\"Portada\",\"item\":\"https:\\\/\\\/lospoliticosveracruz.com\\\/\"},{\"@type\":\"ListItem\",\"position\":2,\"name\":\"El Huachicol, m\u00e1s grande de lo que parece\"}]},{\"@type\":\"WebSite\",\"@id\":\"https:\\\/\\\/lospoliticosveracruz.com\\\/#website\",\"url\":\"https:\\\/\\\/lospoliticosveracruz.com\\\/\",\"name\":\"Los pol\u00edticos Veracruz\",\"description\":\"\",\"publisher\":{\"@id\":\"https:\\\/\\\/lospoliticosveracruz.com\\\/#organization\"},\"potentialAction\":[{\"@type\":\"SearchAction\",\"target\":{\"@type\":\"EntryPoint\",\"urlTemplate\":\"https:\\\/\\\/lospoliticosveracruz.com\\\/?s={search_term_string}\"},\"query-input\":{\"@type\":\"PropertyValueSpecification\",\"valueRequired\":true,\"valueName\":\"search_term_string\"}}],\"inLanguage\":\"es\"},{\"@type\":\"Organization\",\"@id\":\"https:\\\/\\\/lospoliticosveracruz.com\\\/#organization\",\"name\":\"Los pol\u00edticos Veracruz\",\"url\":\"https:\\\/\\\/lospoliticosveracruz.com\\\/\",\"logo\":{\"@type\":\"ImageObject\",\"inLanguage\":\"es\",\"@id\":\"https:\\\/\\\/lospoliticosveracruz.com\\\/#\\\/schema\\\/logo\\\/image\\\/\",\"url\":\"https:\\\/\\\/lospoliticosveracruz.com\\\/wp-content\\\/uploads\\\/2025\\\/12\\\/Logo-Nuevo-LOS-POLITICOS-1.jpg\",\"contentUrl\":\"https:\\\/\\\/lospoliticosveracruz.com\\\/wp-content\\\/uploads\\\/2025\\\/12\\\/Logo-Nuevo-LOS-POLITICOS-1.jpg\",\"width\":260,\"height\":70,\"caption\":\"Los pol\u00edticos Veracruz\"},\"image\":{\"@id\":\"https:\\\/\\\/lospoliticosveracruz.com\\\/#\\\/schema\\\/logo\\\/image\\\/\"},\"sameAs\":[\"https:\\\/\\\/www.facebook.com\\\/people\\\/Notimemes-de-los-Polticos\\\/61565672886568\\\/\",\"https:\\\/\\\/x.com\\\/LosPoliticosVer\"]},{\"@type\":\"Person\",\"@id\":\"https:\\\/\\\/lospoliticosveracruz.com\\\/#\\\/schema\\\/person\\\/b8702bb0e538456e6efd07080bf2a4a2\",\"name\":\"Lo viste en Los Pol\u00edticos\",\"image\":{\"@type\":\"ImageObject\",\"inLanguage\":\"es\",\"@id\":\"https:\\\/\\\/secure.gravatar.com\\\/avatar\\\/3a8de04a2656d44082be478bd6c086daa447c4651605818287b9532d3d0bd435?s=96&d=mm&r=g\",\"url\":\"https:\\\/\\\/secure.gravatar.com\\\/avatar\\\/3a8de04a2656d44082be478bd6c086daa447c4651605818287b9532d3d0bd435?s=96&d=mm&r=g\",\"contentUrl\":\"https:\\\/\\\/secure.gravatar.com\\\/avatar\\\/3a8de04a2656d44082be478bd6c086daa447c4651605818287b9532d3d0bd435?s=96&d=mm&r=g\",\"caption\":\"Lo viste en Los Pol\u00edticos\"},\"url\":\"https:\\\/\\\/lospoliticosveracruz.com\\\/?author=2\"}]}<\/script>\n<!-- \/ Yoast SEO plugin. -->","yoast_head_json":{"title":"El Huachicol, m\u00e1s grande de lo que parece - Los pol\u00edticos Veracruz","robots":{"index":"index","follow":"follow","max-snippet":"max-snippet:-1","max-image-preview":"max-image-preview:large","max-video-preview":"max-video-preview:-1"},"canonical":"https:\/\/lospoliticosveracruz.com\/?p=46715","og_locale":"es_ES","og_type":"article","og_title":"El Huachicol, m\u00e1s grande de lo que parece - Los pol\u00edticos Veracruz","og_description":"Brenda Caballero N\u00fameros Rojos \u00bfSer\u00e1 que por fin caiga Carlos Romero Deschamps? Es una pregunta obligada ahora que est\u00e1 la guerra del gobierno federal contra el huachicol. Incluso m\u00e1s de uno esper\u00e1bamos la ca\u00edda de alg\u00fan corrupto de peso cuando Andr\u00e9s Manuel L\u00f3pez Obrador tom\u00f3 protesta como Presidente de M\u00e9xico\u2026 espec\u00edficamente pensamos en Carlos Romero [&hellip;]","og_url":"https:\/\/lospoliticosveracruz.com\/?p=46715","og_site_name":"Los pol\u00edticos Veracruz","article_publisher":"https:\/\/www.facebook.com\/people\/Notimemes-de-los-Polticos\/61565672886568\/","article_published_time":"2019-02-07T04:55:18+00:00","article_modified_time":"2019-02-07T13:29:20+00:00","og_image":[{"width":600,"height":338,"url":"https:\/\/lospoliticosveracruz.com\/wp-content\/uploads\/2019\/02\/Romero.jpeg","type":"image\/jpeg"}],"author":"Lo viste en Los Pol\u00edticos","twitter_card":"summary_large_image","twitter_creator":"@LosPoliticosVer","twitter_site":"@LosPoliticosVer","twitter_misc":{"Escrito por":"Lo viste en Los Pol\u00edticos","Tiempo de lectura":"3 minutos"},"schema":{"@context":"https:\/\/schema.org","@graph":[{"@type":"Article","@id":"https:\/\/lospoliticosveracruz.com\/?p=46715#article","isPartOf":{"@id":"https:\/\/lospoliticosveracruz.com\/?p=46715"},"author":{"name":"Lo viste en Los Pol\u00edticos","@id":"https:\/\/lospoliticosveracruz.com\/#\/schema\/person\/b8702bb0e538456e6efd07080bf2a4a2"},"headline":"El Huachicol, m\u00e1s grande de lo que parece","datePublished":"2019-02-07T04:55:18+00:00","dateModified":"2019-02-07T13:29:20+00:00","mainEntityOfPage":{"@id":"https:\/\/lospoliticosveracruz.com\/?p=46715"},"wordCount":578,"commentCount":0,"publisher":{"@id":"https:\/\/lospoliticosveracruz.com\/#organization"},"image":{"@id":"https:\/\/lospoliticosveracruz.com\/?p=46715#primaryimage"},"thumbnailUrl":"https:\/\/lospoliticosveracruz.com\/wp-content\/uploads\/2019\/02\/Romero.jpeg","keywords":["Andr\u00e9s Manuel L\u00f3pez Obrador","Brenda Caballero","Camerino Z. Mendoza","Carlos Romero Deschamps","Coahuila","Enrique Pe\u00f1a Nieto","Fiscal\u00eda General de la Rep\u00fablica","Melit\u00f3n Reyes Larios","Miguel Arturo Flores Contreras","S\u00faper Servicio Cuauht\u00e9moc y Collado","Veracruz","Xalapa"],"articleSection":["De Opini\u00f3n"],"inLanguage":"es","potentialAction":[{"@type":"CommentAction","name":"Comment","target":["https:\/\/lospoliticosveracruz.com\/?p=46715#respond"]}]},{"@type":"WebPage","@id":"https:\/\/lospoliticosveracruz.com\/?p=46715","url":"https:\/\/lospoliticosveracruz.com\/?p=46715","name":"El Huachicol, m\u00e1s grande de lo que parece - Los pol\u00edticos Veracruz","isPartOf":{"@id":"https:\/\/lospoliticosveracruz.com\/#website"},"primaryImageOfPage":{"@id":"https:\/\/lospoliticosveracruz.com\/?p=46715#primaryimage"},"image":{"@id":"https:\/\/lospoliticosveracruz.com\/?p=46715#primaryimage"},"thumbnailUrl":"https:\/\/lospoliticosveracruz.com\/wp-content\/uploads\/2019\/02\/Romero.jpeg","datePublished":"2019-02-07T04:55:18+00:00","dateModified":"2019-02-07T13:29:20+00:00","breadcrumb":{"@id":"https:\/\/lospoliticosveracruz.com\/?p=46715#breadcrumb"},"inLanguage":"es","potentialAction":[{"@type":"ReadAction","target":["https:\/\/lospoliticosveracruz.com\/?p=46715"]}]},{"@type":"ImageObject","inLanguage":"es","@id":"https:\/\/lospoliticosveracruz.com\/?p=46715#primaryimage","url":"https:\/\/lospoliticosveracruz.com\/wp-content\/uploads\/2019\/02\/Romero.jpeg","contentUrl":"https:\/\/lospoliticosveracruz.com\/wp-content\/uploads\/2019\/02\/Romero.jpeg","width":600,"height":338},{"@type":"BreadcrumbList","@id":"https:\/\/lospoliticosveracruz.com\/?p=46715#breadcrumb","itemListElement":[{"@type":"ListItem","position":1,"name":"Portada","item":"https:\/\/lospoliticosveracruz.com\/"},{"@type":"ListItem","position":2,"name":"El Huachicol, m\u00e1s grande de lo que parece"}]},{"@type":"WebSite","@id":"https:\/\/lospoliticosveracruz.com\/#website","url":"https:\/\/lospoliticosveracruz.com\/","name":"Los pol\u00edticos Veracruz","description":"","publisher":{"@id":"https:\/\/lospoliticosveracruz.com\/#organization"},"potentialAction":[{"@type":"SearchAction","target":{"@type":"EntryPoint","urlTemplate":"https:\/\/lospoliticosveracruz.com\/?s={search_term_string}"},"query-input":{"@type":"PropertyValueSpecification","valueRequired":true,"valueName":"search_term_string"}}],"inLanguage":"es"},{"@type":"Organization","@id":"https:\/\/lospoliticosveracruz.com\/#organization","name":"Los pol\u00edticos Veracruz","url":"https:\/\/lospoliticosveracruz.com\/","logo":{"@type":"ImageObject","inLanguage":"es","@id":"https:\/\/lospoliticosveracruz.com\/#\/schema\/logo\/image\/","url":"https:\/\/lospoliticosveracruz.com\/wp-content\/uploads\/2025\/12\/Logo-Nuevo-LOS-POLITICOS-1.jpg","contentUrl":"https:\/\/lospoliticosveracruz.com\/wp-content\/uploads\/2025\/12\/Logo-Nuevo-LOS-POLITICOS-1.jpg","width":260,"height":70,"caption":"Los pol\u00edticos Veracruz"},"image":{"@id":"https:\/\/lospoliticosveracruz.com\/#\/schema\/logo\/image\/"},"sameAs":["https:\/\/www.facebook.com\/people\/Notimemes-de-los-Polticos\/61565672886568\/","https:\/\/x.com\/LosPoliticosVer"]},{"@type":"Person","@id":"https:\/\/lospoliticosveracruz.com\/#\/schema\/person\/b8702bb0e538456e6efd07080bf2a4a2","name":"Lo viste en Los Pol\u00edticos","image":{"@type":"ImageObject","inLanguage":"es","@id":"https:\/\/secure.gravatar.com\/avatar\/3a8de04a2656d44082be478bd6c086daa447c4651605818287b9532d3d0bd435?s=96&d=mm&r=g","url":"https:\/\/secure.gravatar.com\/avatar\/3a8de04a2656d44082be478bd6c086daa447c4651605818287b9532d3d0bd435?s=96&d=mm&r=g","contentUrl":"https:\/\/secure.gravatar.com\/avatar\/3a8de04a2656d44082be478bd6c086daa447c4651605818287b9532d3d0bd435?s=96&d=mm&r=g","caption":"Lo viste en Los Pol\u00edticos"},"url":"https:\/\/lospoliticosveracruz.com\/?author=2"}]}},"_links":{"self":[{"href":"https:\/\/lospoliticosveracruz.com\/index.php?rest_route=\/wp\/v2\/posts\/46715","targetHints":{"allow":["GET"]}}],"collection":[{"href":"https:\/\/lospoliticosveracruz.com\/index.php?rest_route=\/wp\/v2\/posts"}],"about":[{"href":"https:\/\/lospoliticosveracruz.com\/index.php?rest_route=\/wp\/v2\/types\/post"}],"author":[{"embeddable":true,"href":"https:\/\/lospoliticosveracruz.com\/index.php?rest_route=\/wp\/v2\/users\/2"}],"replies":[{"embeddable":true,"href":"https:\/\/lospoliticosveracruz.com\/index.php?rest_route=%2Fwp%2Fv2%2Fcomments&post=46715"}],"version-history":[{"count":1,"href":"https:\/\/lospoliticosveracruz.com\/index.php?rest_route=\/wp\/v2\/posts\/46715\/revisions"}],"predecessor-version":[{"id":46717,"href":"https:\/\/lospoliticosveracruz.com\/index.php?rest_route=\/wp\/v2\/posts\/46715\/revisions\/46717"}],"wp:featuredmedia":[{"embeddable":true,"href":"https:\/\/lospoliticosveracruz.com\/index.php?rest_route=\/wp\/v2\/media\/46716"}],"wp:attachment":[{"href":"https:\/\/lospoliticosveracruz.com\/index.php?rest_route=%2Fwp%2Fv2%2Fmedia&parent=46715"}],"wp:term":[{"taxonomy":"category","embeddable":true,"href":"https:\/\/lospoliticosveracruz.com\/index.php?rest_route=%2Fwp%2Fv2%2Fcategories&post=46715"},{"taxonomy":"post_tag","embeddable":true,"href":"https:\/\/lospoliticosveracruz.com\/index.php?rest_route=%2Fwp%2Fv2%2Ftags&post=46715"}],"curies":[{"name":"wp","href":"https:\/\/api.w.org\/{rel}","templated":true}]}}