{"id":46720,"date":"2019-02-07T22:55:17","date_gmt":"2019-02-08T04:55:17","guid":{"rendered":"http:\/\/www.lospoliticosveracruz.com.mx\/?p=46720"},"modified":"2019-02-07T20:24:48","modified_gmt":"2019-02-08T02:24:48","slug":"dona-beatriz-el-reflejo","status":"publish","type":"post","link":"https:\/\/lospoliticosveracruz.com\/?p=46720","title":{"rendered":"Do\u00f1a Beatriz, el reflejo"},"content":{"rendered":"<p><strong>Salvador Mu\u00f1oz<\/strong><\/p>\n<p><em>Los Pol\u00edticos<\/em><\/p>\n<p><span style=\"font-weight: 400;\">La reacci\u00f3n de la se\u00f1ora Beatriz Guti\u00e9rrez de L\u00f3pez a su \u201cdesliz mamario\u201d, est\u00e1 lejos de la inteligencia que presumen quienes la admiran, y cerca de la intolerancia de quienes no est\u00e1n entendiendo en este momento, su papel en la historia que dicen, est\u00e1n dispuestos a cambiar.<\/span><\/p>\n<p><span style=\"font-weight: 400;\">Busqu\u00e9 directo el video en el canal de TV UAN y lo \u00fanico alterado que hay tras repetir una y otra vez el minuto 4:50, es el comportamiento de Guti\u00e9rrez de L\u00f3pez, porque es claro que tuvo un Lapsus Linguae, de \u00e9sos que ya hemos platicado y en los que ha incurrido no s\u00f3lo Cuitl\u00e1huac Garc\u00eda, el mismo L\u00f3pez Obrador o Enrique Pe\u00f1a Nieto (no dos veces, menos, m\u00e1s de cinco)&#8230; \u00a1vamos! en pocas palabras, todos somos propensos o pro-mensos a incurrir en ello\u2026 por ejemplo, en \u201cAunque duela\u201d, programa de \u201cAl Calor Pol\u00edtico\u201d, al referirnos al enriquecimiento del dirigente petrolero, en lugar de decir \u201cCarlos Romero\u201d, dije \u201cEnrique Romero\u201d y Yamiri Rodr\u00edguez me respondi\u00f3 con la broma de que a lo mejor no llegaba a tanta la riqueza del ex perredista mendocino\u2026 tuve que contestarle que me dio tanta verg\u00fcenza equivocarme que en lugar de ponerme \u201ccolorado\u201d \u00a1me puse \u201cmoreno\u201d!<\/span><\/p>\n<p><span style=\"font-weight: 400;\">\u00a1Exacto! Imaginen que Guti\u00e9rrez de L\u00f3pez, en lugar de decir que alteraron el video, hubiera ofrecido disculpas por salir con \u201cun Mamado\u201d, que no con \u201cuna Mamada\u201d&#8230; o referir que los versos de Nervo son tan fuertes, que llegan al grado de \u201cMamados\u201d&#8230; no s\u00e9\u2026 all\u00ed yo creo que se hubiera visto el talante de Guti\u00e9rrez de L\u00f3pez aceptando que se resbal\u00f3, como usted, como yo, como todos alguna vez o muchas, en la vida\u2026 pero opta por mantener ese aire de superioridad moral en el que flotan muchos que no est\u00e1n entendiendo en este momento, su papel en la historia que dicen, est\u00e1n dispuestos a cambiar\u2026 algunos seguidores y representantes populares de Morena son prueba de ello.<\/span><\/p>\n<p><span style=\"font-weight: 400;\">Al menos en Veracruz, los seguidores de Morena y por ende, de sus representantes, creen que quien los critica, tiene un fin mezquino contra ellos. Pongo un ejemplo: como xalape\u00f1o, tengo dos diputadas locales, dos federales, un presidente municipal y por causas de fuerza mayor, el Gobernador, todos emanados de Morena.<\/span><\/p>\n<p><span style=\"font-weight: 400;\">De los cuatro legisladores de Morena, s\u00f3lo hay una que destaca entre ellos y lamentablemente no es por una brillante actuaci\u00f3n, sino por lo peligrosa que es cuando tiende a externar sus ideas, las que al final, se magnifican\u2026 ideotas\u2026<\/span><\/p>\n<p><span style=\"font-weight: 400;\">Del resto, pasan desapercibidos de no ser porque por all\u00ed sigan cortando listones de obritas municipales acompa\u00f1ando a Cuitl\u00e1huac Garc\u00eda Jim\u00e9nez, \u201cel Gobernador de Xalapa\u201d. Vamos, Rafael Hern\u00e1ndez Villalpando, un tipo de suma talentoso, ha sido envuelto en esta pasividad chicha con la que \u201cgobierna\u201d Morena, que de talentoso pasa a Ta-lentoso. Y as\u00ed han de estar las cosas que hoy pude recordar el nombre de la suplente de Daniela Griego despu\u00e9s de que a la ahora directora del IPE le tumbaran la curul federal\u2026 \u00bfusted lo recuerda? \u00a1Piense! Le doy de aqu\u00ed hasta el punto final de esta oraci\u00f3n.<\/span><\/p>\n<p><span style=\"font-weight: 400;\">Claudia Tello Espinoza. Si usted ha o\u00eddo algo de ella, \u00a1bien! en mi caso, ni fu ni fa. Hip\u00f3lito es para muchos, la gran decepci\u00f3n. Tuve oportunidad de estar en tres reuniones con \u00e9l, y su entusiasmo que embargaba a quienes lo escuchaban, en lapso de un a\u00f1o, se vino abajo.<\/span><\/p>\n<p><span style=\"font-weight: 400;\">En el caso de Cuitl\u00e1huac Garc\u00eda Jim\u00e9nez, mucho tienen de raz\u00f3n quienes dicen que apenas lleva dos meses de Gobierno\u2026 de acuerdo, pero deja mucho que desear una persona, un pol\u00edtico, un gobernante, que apenas est\u00e1 trazando su plan de desarrollo cuando tuvo m\u00ednimo cuatro meses para hacerlo previo a su toma de protesta\u2026 si bien tiene seis a\u00f1os de mandato, el tiempo es oro. Era para que desde el primer d\u00eda de diciembre tuviera la estrategia bien definida\u2026 \u00a1m\u00e1s trabajo y menos sabadaba!<\/span><\/p>\n<p><span style=\"font-weight: 400;\">No todo es malo en Morena\u2026 hay uno que es incre\u00edble la forma tan en serio que asume su papel como representante popular, lo mismo en su esca\u00f1o que atendiendo a la gente en sus oficinas o hasta en la misma calle, donde siempre escucha con mucha educaci\u00f3n y respeto al ciudadano\u2026 \u00a1incapaz de salir con un \u201csi no puede con eso, ponga su renuncia\u201d. Ricardo Ahued Bardahuil, senador, salva a Morena con su trabajo.<\/span><\/p>\n<p><span style=\"font-weight: 400;\">A qu\u00e9 voy con ello\u2026 al menos en lo que me circunscribe en mi vida cotidiana, estoy rodeado de morenos, son ellos los que llevan la batuta, y son objeto por ello de la observancia. \u00a1Y ojo! porque a diferencia de quiz\u00e1s los \u00faltimos seis a\u00f1os, donde parec\u00eda manda que a cada rato tuvi\u00e9ramos elecciones, pasar\u00e1n tres a\u00f1os al menos en Veracruz, donde el partido en el poder, de un modo u otro, estar\u00e1 bajo la cr\u00edtica tanto de quienes sin colores ni dogmas, le dieron la confianza, como de los que no. Por supuesto, en estas cr\u00edticas habr\u00e1 de todo, de chile, de dulce y de mole\u2026 y si tiene saliva Morena, se las tendr\u00e1 que tragar\u2026 \u00bfpor qu\u00e9? insisto, est\u00e1 en el poder y debe actuar entonces, en consecuencia, asumiendo la responsabilidad conferida, pero no como la se\u00f1ora Guti\u00e9rrez de L\u00f3pez, incapaz de aceptar un yerro, lo que s\u00f3lo refleja la intolerancia de algunas de nuestras autoridades, eso s\u00ed, sean de Morena, del PAN, del PRI, o el que sea\u2026 porque si Fernando Yunes es capaz de decir \u201cno tengo que pedir permiso\u201d, pues cuantim\u00e1s do\u00f1a Beatriz podr\u00eda decir: \u201cNo tengo porqu\u00e9 aceptar mis errores\u201d.<\/span><\/p>\n<p>&nbsp;<\/p>\n<p><span style=\"font-weight: 400;\">smcainito@gmail.com<\/span><\/p>\n","protected":false},"excerpt":{"rendered":"<p>Salvador Mu\u00f1oz Los Pol\u00edticos La reacci\u00f3n de la se\u00f1ora Beatriz Guti\u00e9rrez de L\u00f3pez a su \u201cdesliz mamario\u201d, est\u00e1 lejos de la inteligencia que presumen quienes la admiran, y cerca de la intolerancia de quienes no est\u00e1n entendiendo en este momento, su papel en la historia que dicen, est\u00e1n dispuestos a cambiar. Busqu\u00e9 directo el video [&hellip;]<\/p>\n","protected":false},"author":2,"featured_media":46721,"comment_status":"open","ping_status":"open","sticky":false,"template":"","format":"standard","meta":{"tdm_status":"","tdm_grid_status":"","footnotes":""},"categories":[70],"tags":[13793,13795,1563,5622,818,7620,1026,11992,2646,13794],"class_list":{"0":"post-46720","1":"post","2":"type-post","3":"status-publish","4":"format-standard","5":"has-post-thumbnail","7":"category-de-opinion","8":"tag-beatriz-gutierrez","9":"tag-claudia-tello-espinoza","10":"tag-cuitlahuac-garcia-jimenez","11":"tag-daniela-griego","12":"tag-fernando-yunes-marquez","13":"tag-hipolito-rodriguez-herrero","14":"tag-morena","15":"tag-rafael-hernandez-villalpando","16":"tag-salvador-munoz","17":"tag-tv-uan"},"yoast_head":"<!-- This site is optimized with the Yoast SEO plugin v27.4 - https:\/\/yoast.com\/product\/yoast-seo-wordpress\/ -->\n<title>Do\u00f1a Beatriz, el reflejo - Los pol\u00edticos Veracruz<\/title>\n<meta name=\"robots\" content=\"index, follow, max-snippet:-1, max-image-preview:large, max-video-preview:-1\" \/>\n<link rel=\"canonical\" href=\"https:\/\/lospoliticosveracruz.com\/?p=46720\" \/>\n<meta property=\"og:locale\" content=\"es_ES\" \/>\n<meta property=\"og:type\" content=\"article\" \/>\n<meta property=\"og:title\" content=\"Do\u00f1a Beatriz, el reflejo - Los pol\u00edticos Veracruz\" \/>\n<meta property=\"og:description\" content=\"Salvador Mu\u00f1oz Los Pol\u00edticos La reacci\u00f3n de la se\u00f1ora Beatriz Guti\u00e9rrez de L\u00f3pez a su \u201cdesliz mamario\u201d, est\u00e1 lejos de la inteligencia que presumen quienes la admiran, y cerca de la intolerancia de quienes no est\u00e1n entendiendo en este momento, su papel en la historia que dicen, est\u00e1n dispuestos a cambiar. Busqu\u00e9 directo el video [&hellip;]\" \/>\n<meta property=\"og:url\" content=\"https:\/\/lospoliticosveracruz.com\/?p=46720\" \/>\n<meta property=\"og:site_name\" content=\"Los pol\u00edticos Veracruz\" \/>\n<meta property=\"article:publisher\" content=\"https:\/\/www.facebook.com\/people\/Notimemes-de-los-Polticos\/61565672886568\/\" \/>\n<meta property=\"article:published_time\" content=\"2019-02-08T04:55:17+00:00\" \/>\n<meta property=\"og:image\" content=\"https:\/\/lospoliticosveracruz.com\/wp-content\/uploads\/2019\/02\/Beatriz.jpg\" \/>\n\t<meta property=\"og:image:width\" content=\"600\" \/>\n\t<meta property=\"og:image:height\" content=\"338\" \/>\n\t<meta property=\"og:image:type\" content=\"image\/jpeg\" \/>\n<meta name=\"author\" content=\"Lo viste en Los Pol\u00edticos\" \/>\n<meta name=\"twitter:card\" content=\"summary_large_image\" \/>\n<meta name=\"twitter:creator\" content=\"@LosPoliticosVer\" \/>\n<meta name=\"twitter:site\" content=\"@LosPoliticosVer\" \/>\n<meta name=\"twitter:label1\" content=\"Escrito por\" \/>\n\t<meta name=\"twitter:data1\" content=\"Lo viste en Los Pol\u00edticos\" \/>\n\t<meta name=\"twitter:label2\" content=\"Tiempo de lectura\" \/>\n\t<meta name=\"twitter:data2\" content=\"5 minutos\" \/>\n<script type=\"application\/ld+json\" class=\"yoast-schema-graph\">{\"@context\":\"https:\\\/\\\/schema.org\",\"@graph\":[{\"@type\":\"Article\",\"@id\":\"https:\\\/\\\/lospoliticosveracruz.com\\\/?p=46720#article\",\"isPartOf\":{\"@id\":\"https:\\\/\\\/lospoliticosveracruz.com\\\/?p=46720\"},\"author\":{\"name\":\"Lo viste en Los Pol\u00edticos\",\"@id\":\"https:\\\/\\\/lospoliticosveracruz.com\\\/#\\\/schema\\\/person\\\/b8702bb0e538456e6efd07080bf2a4a2\"},\"headline\":\"Do\u00f1a Beatriz, el reflejo\",\"datePublished\":\"2019-02-08T04:55:17+00:00\",\"mainEntityOfPage\":{\"@id\":\"https:\\\/\\\/lospoliticosveracruz.com\\\/?p=46720\"},\"wordCount\":992,\"commentCount\":0,\"publisher\":{\"@id\":\"https:\\\/\\\/lospoliticosveracruz.com\\\/#organization\"},\"image\":{\"@id\":\"https:\\\/\\\/lospoliticosveracruz.com\\\/?p=46720#primaryimage\"},\"thumbnailUrl\":\"https:\\\/\\\/lospoliticosveracruz.com\\\/wp-content\\\/uploads\\\/2019\\\/02\\\/Beatriz.jpg\",\"keywords\":[\"Beatriz Guti\u00e9rrez\",\"Claudia Tello Espinoza\",\"Cuitl\u00e1huac Garc\u00eda Jim\u00e9nez\",\"Daniela Griego\",\"Fernando Yunes M\u00e1rquez\",\"Hip\u00f3lito Rodr\u00edguez Herrero\",\"Morena\",\"Rafael Hern\u00e1ndez Villalpando\",\"Salvador Mu\u00f1oz\",\"TV UAN\"],\"articleSection\":[\"De Opini\u00f3n\"],\"inLanguage\":\"es\",\"potentialAction\":[{\"@type\":\"CommentAction\",\"name\":\"Comment\",\"target\":[\"https:\\\/\\\/lospoliticosveracruz.com\\\/?p=46720#respond\"]}]},{\"@type\":\"WebPage\",\"@id\":\"https:\\\/\\\/lospoliticosveracruz.com\\\/?p=46720\",\"url\":\"https:\\\/\\\/lospoliticosveracruz.com\\\/?p=46720\",\"name\":\"Do\u00f1a Beatriz, el reflejo - Los pol\u00edticos Veracruz\",\"isPartOf\":{\"@id\":\"https:\\\/\\\/lospoliticosveracruz.com\\\/#website\"},\"primaryImageOfPage\":{\"@id\":\"https:\\\/\\\/lospoliticosveracruz.com\\\/?p=46720#primaryimage\"},\"image\":{\"@id\":\"https:\\\/\\\/lospoliticosveracruz.com\\\/?p=46720#primaryimage\"},\"thumbnailUrl\":\"https:\\\/\\\/lospoliticosveracruz.com\\\/wp-content\\\/uploads\\\/2019\\\/02\\\/Beatriz.jpg\",\"datePublished\":\"2019-02-08T04:55:17+00:00\",\"breadcrumb\":{\"@id\":\"https:\\\/\\\/lospoliticosveracruz.com\\\/?p=46720#breadcrumb\"},\"inLanguage\":\"es\",\"potentialAction\":[{\"@type\":\"ReadAction\",\"target\":[\"https:\\\/\\\/lospoliticosveracruz.com\\\/?p=46720\"]}]},{\"@type\":\"ImageObject\",\"inLanguage\":\"es\",\"@id\":\"https:\\\/\\\/lospoliticosveracruz.com\\\/?p=46720#primaryimage\",\"url\":\"https:\\\/\\\/lospoliticosveracruz.com\\\/wp-content\\\/uploads\\\/2019\\\/02\\\/Beatriz.jpg\",\"contentUrl\":\"https:\\\/\\\/lospoliticosveracruz.com\\\/wp-content\\\/uploads\\\/2019\\\/02\\\/Beatriz.jpg\",\"width\":600,\"height\":338},{\"@type\":\"BreadcrumbList\",\"@id\":\"https:\\\/\\\/lospoliticosveracruz.com\\\/?p=46720#breadcrumb\",\"itemListElement\":[{\"@type\":\"ListItem\",\"position\":1,\"name\":\"Portada\",\"item\":\"https:\\\/\\\/lospoliticosveracruz.com\\\/\"},{\"@type\":\"ListItem\",\"position\":2,\"name\":\"Do\u00f1a Beatriz, el reflejo\"}]},{\"@type\":\"WebSite\",\"@id\":\"https:\\\/\\\/lospoliticosveracruz.com\\\/#website\",\"url\":\"https:\\\/\\\/lospoliticosveracruz.com\\\/\",\"name\":\"Los pol\u00edticos Veracruz\",\"description\":\"\",\"publisher\":{\"@id\":\"https:\\\/\\\/lospoliticosveracruz.com\\\/#organization\"},\"potentialAction\":[{\"@type\":\"SearchAction\",\"target\":{\"@type\":\"EntryPoint\",\"urlTemplate\":\"https:\\\/\\\/lospoliticosveracruz.com\\\/?s={search_term_string}\"},\"query-input\":{\"@type\":\"PropertyValueSpecification\",\"valueRequired\":true,\"valueName\":\"search_term_string\"}}],\"inLanguage\":\"es\"},{\"@type\":\"Organization\",\"@id\":\"https:\\\/\\\/lospoliticosveracruz.com\\\/#organization\",\"name\":\"Los pol\u00edticos Veracruz\",\"url\":\"https:\\\/\\\/lospoliticosveracruz.com\\\/\",\"logo\":{\"@type\":\"ImageObject\",\"inLanguage\":\"es\",\"@id\":\"https:\\\/\\\/lospoliticosveracruz.com\\\/#\\\/schema\\\/logo\\\/image\\\/\",\"url\":\"https:\\\/\\\/lospoliticosveracruz.com\\\/wp-content\\\/uploads\\\/2025\\\/12\\\/Logo-Nuevo-LOS-POLITICOS-1.jpg\",\"contentUrl\":\"https:\\\/\\\/lospoliticosveracruz.com\\\/wp-content\\\/uploads\\\/2025\\\/12\\\/Logo-Nuevo-LOS-POLITICOS-1.jpg\",\"width\":260,\"height\":70,\"caption\":\"Los pol\u00edticos Veracruz\"},\"image\":{\"@id\":\"https:\\\/\\\/lospoliticosveracruz.com\\\/#\\\/schema\\\/logo\\\/image\\\/\"},\"sameAs\":[\"https:\\\/\\\/www.facebook.com\\\/people\\\/Notimemes-de-los-Polticos\\\/61565672886568\\\/\",\"https:\\\/\\\/x.com\\\/LosPoliticosVer\"]},{\"@type\":\"Person\",\"@id\":\"https:\\\/\\\/lospoliticosveracruz.com\\\/#\\\/schema\\\/person\\\/b8702bb0e538456e6efd07080bf2a4a2\",\"name\":\"Lo viste en Los Pol\u00edticos\",\"image\":{\"@type\":\"ImageObject\",\"inLanguage\":\"es\",\"@id\":\"https:\\\/\\\/secure.gravatar.com\\\/avatar\\\/3a8de04a2656d44082be478bd6c086daa447c4651605818287b9532d3d0bd435?s=96&d=mm&r=g\",\"url\":\"https:\\\/\\\/secure.gravatar.com\\\/avatar\\\/3a8de04a2656d44082be478bd6c086daa447c4651605818287b9532d3d0bd435?s=96&d=mm&r=g\",\"contentUrl\":\"https:\\\/\\\/secure.gravatar.com\\\/avatar\\\/3a8de04a2656d44082be478bd6c086daa447c4651605818287b9532d3d0bd435?s=96&d=mm&r=g\",\"caption\":\"Lo viste en Los Pol\u00edticos\"},\"url\":\"https:\\\/\\\/lospoliticosveracruz.com\\\/?author=2\"}]}<\/script>\n<!-- \/ Yoast SEO plugin. -->","yoast_head_json":{"title":"Do\u00f1a Beatriz, el reflejo - Los pol\u00edticos Veracruz","robots":{"index":"index","follow":"follow","max-snippet":"max-snippet:-1","max-image-preview":"max-image-preview:large","max-video-preview":"max-video-preview:-1"},"canonical":"https:\/\/lospoliticosveracruz.com\/?p=46720","og_locale":"es_ES","og_type":"article","og_title":"Do\u00f1a Beatriz, el reflejo - Los pol\u00edticos Veracruz","og_description":"Salvador Mu\u00f1oz Los Pol\u00edticos La reacci\u00f3n de la se\u00f1ora Beatriz Guti\u00e9rrez de L\u00f3pez a su \u201cdesliz mamario\u201d, est\u00e1 lejos de la inteligencia que presumen quienes la admiran, y cerca de la intolerancia de quienes no est\u00e1n entendiendo en este momento, su papel en la historia que dicen, est\u00e1n dispuestos a cambiar. Busqu\u00e9 directo el video [&hellip;]","og_url":"https:\/\/lospoliticosveracruz.com\/?p=46720","og_site_name":"Los pol\u00edticos Veracruz","article_publisher":"https:\/\/www.facebook.com\/people\/Notimemes-de-los-Polticos\/61565672886568\/","article_published_time":"2019-02-08T04:55:17+00:00","og_image":[{"width":600,"height":338,"url":"https:\/\/lospoliticosveracruz.com\/wp-content\/uploads\/2019\/02\/Beatriz.jpg","type":"image\/jpeg"}],"author":"Lo viste en Los Pol\u00edticos","twitter_card":"summary_large_image","twitter_creator":"@LosPoliticosVer","twitter_site":"@LosPoliticosVer","twitter_misc":{"Escrito por":"Lo viste en Los Pol\u00edticos","Tiempo de lectura":"5 minutos"},"schema":{"@context":"https:\/\/schema.org","@graph":[{"@type":"Article","@id":"https:\/\/lospoliticosveracruz.com\/?p=46720#article","isPartOf":{"@id":"https:\/\/lospoliticosveracruz.com\/?p=46720"},"author":{"name":"Lo viste en Los Pol\u00edticos","@id":"https:\/\/lospoliticosveracruz.com\/#\/schema\/person\/b8702bb0e538456e6efd07080bf2a4a2"},"headline":"Do\u00f1a Beatriz, el reflejo","datePublished":"2019-02-08T04:55:17+00:00","mainEntityOfPage":{"@id":"https:\/\/lospoliticosveracruz.com\/?p=46720"},"wordCount":992,"commentCount":0,"publisher":{"@id":"https:\/\/lospoliticosveracruz.com\/#organization"},"image":{"@id":"https:\/\/lospoliticosveracruz.com\/?p=46720#primaryimage"},"thumbnailUrl":"https:\/\/lospoliticosveracruz.com\/wp-content\/uploads\/2019\/02\/Beatriz.jpg","keywords":["Beatriz Guti\u00e9rrez","Claudia Tello Espinoza","Cuitl\u00e1huac Garc\u00eda Jim\u00e9nez","Daniela Griego","Fernando Yunes M\u00e1rquez","Hip\u00f3lito Rodr\u00edguez Herrero","Morena","Rafael Hern\u00e1ndez Villalpando","Salvador Mu\u00f1oz","TV UAN"],"articleSection":["De Opini\u00f3n"],"inLanguage":"es","potentialAction":[{"@type":"CommentAction","name":"Comment","target":["https:\/\/lospoliticosveracruz.com\/?p=46720#respond"]}]},{"@type":"WebPage","@id":"https:\/\/lospoliticosveracruz.com\/?p=46720","url":"https:\/\/lospoliticosveracruz.com\/?p=46720","name":"Do\u00f1a Beatriz, el reflejo - Los pol\u00edticos Veracruz","isPartOf":{"@id":"https:\/\/lospoliticosveracruz.com\/#website"},"primaryImageOfPage":{"@id":"https:\/\/lospoliticosveracruz.com\/?p=46720#primaryimage"},"image":{"@id":"https:\/\/lospoliticosveracruz.com\/?p=46720#primaryimage"},"thumbnailUrl":"https:\/\/lospoliticosveracruz.com\/wp-content\/uploads\/2019\/02\/Beatriz.jpg","datePublished":"2019-02-08T04:55:17+00:00","breadcrumb":{"@id":"https:\/\/lospoliticosveracruz.com\/?p=46720#breadcrumb"},"inLanguage":"es","potentialAction":[{"@type":"ReadAction","target":["https:\/\/lospoliticosveracruz.com\/?p=46720"]}]},{"@type":"ImageObject","inLanguage":"es","@id":"https:\/\/lospoliticosveracruz.com\/?p=46720#primaryimage","url":"https:\/\/lospoliticosveracruz.com\/wp-content\/uploads\/2019\/02\/Beatriz.jpg","contentUrl":"https:\/\/lospoliticosveracruz.com\/wp-content\/uploads\/2019\/02\/Beatriz.jpg","width":600,"height":338},{"@type":"BreadcrumbList","@id":"https:\/\/lospoliticosveracruz.com\/?p=46720#breadcrumb","itemListElement":[{"@type":"ListItem","position":1,"name":"Portada","item":"https:\/\/lospoliticosveracruz.com\/"},{"@type":"ListItem","position":2,"name":"Do\u00f1a Beatriz, el reflejo"}]},{"@type":"WebSite","@id":"https:\/\/lospoliticosveracruz.com\/#website","url":"https:\/\/lospoliticosveracruz.com\/","name":"Los pol\u00edticos Veracruz","description":"","publisher":{"@id":"https:\/\/lospoliticosveracruz.com\/#organization"},"potentialAction":[{"@type":"SearchAction","target":{"@type":"EntryPoint","urlTemplate":"https:\/\/lospoliticosveracruz.com\/?s={search_term_string}"},"query-input":{"@type":"PropertyValueSpecification","valueRequired":true,"valueName":"search_term_string"}}],"inLanguage":"es"},{"@type":"Organization","@id":"https:\/\/lospoliticosveracruz.com\/#organization","name":"Los pol\u00edticos Veracruz","url":"https:\/\/lospoliticosveracruz.com\/","logo":{"@type":"ImageObject","inLanguage":"es","@id":"https:\/\/lospoliticosveracruz.com\/#\/schema\/logo\/image\/","url":"https:\/\/lospoliticosveracruz.com\/wp-content\/uploads\/2025\/12\/Logo-Nuevo-LOS-POLITICOS-1.jpg","contentUrl":"https:\/\/lospoliticosveracruz.com\/wp-content\/uploads\/2025\/12\/Logo-Nuevo-LOS-POLITICOS-1.jpg","width":260,"height":70,"caption":"Los pol\u00edticos Veracruz"},"image":{"@id":"https:\/\/lospoliticosveracruz.com\/#\/schema\/logo\/image\/"},"sameAs":["https:\/\/www.facebook.com\/people\/Notimemes-de-los-Polticos\/61565672886568\/","https:\/\/x.com\/LosPoliticosVer"]},{"@type":"Person","@id":"https:\/\/lospoliticosveracruz.com\/#\/schema\/person\/b8702bb0e538456e6efd07080bf2a4a2","name":"Lo viste en Los Pol\u00edticos","image":{"@type":"ImageObject","inLanguage":"es","@id":"https:\/\/secure.gravatar.com\/avatar\/3a8de04a2656d44082be478bd6c086daa447c4651605818287b9532d3d0bd435?s=96&d=mm&r=g","url":"https:\/\/secure.gravatar.com\/avatar\/3a8de04a2656d44082be478bd6c086daa447c4651605818287b9532d3d0bd435?s=96&d=mm&r=g","contentUrl":"https:\/\/secure.gravatar.com\/avatar\/3a8de04a2656d44082be478bd6c086daa447c4651605818287b9532d3d0bd435?s=96&d=mm&r=g","caption":"Lo viste en Los Pol\u00edticos"},"url":"https:\/\/lospoliticosveracruz.com\/?author=2"}]}},"_links":{"self":[{"href":"https:\/\/lospoliticosveracruz.com\/index.php?rest_route=\/wp\/v2\/posts\/46720","targetHints":{"allow":["GET"]}}],"collection":[{"href":"https:\/\/lospoliticosveracruz.com\/index.php?rest_route=\/wp\/v2\/posts"}],"about":[{"href":"https:\/\/lospoliticosveracruz.com\/index.php?rest_route=\/wp\/v2\/types\/post"}],"author":[{"embeddable":true,"href":"https:\/\/lospoliticosveracruz.com\/index.php?rest_route=\/wp\/v2\/users\/2"}],"replies":[{"embeddable":true,"href":"https:\/\/lospoliticosveracruz.com\/index.php?rest_route=%2Fwp%2Fv2%2Fcomments&post=46720"}],"version-history":[{"count":1,"href":"https:\/\/lospoliticosveracruz.com\/index.php?rest_route=\/wp\/v2\/posts\/46720\/revisions"}],"predecessor-version":[{"id":46722,"href":"https:\/\/lospoliticosveracruz.com\/index.php?rest_route=\/wp\/v2\/posts\/46720\/revisions\/46722"}],"wp:featuredmedia":[{"embeddable":true,"href":"https:\/\/lospoliticosveracruz.com\/index.php?rest_route=\/wp\/v2\/media\/46721"}],"wp:attachment":[{"href":"https:\/\/lospoliticosveracruz.com\/index.php?rest_route=%2Fwp%2Fv2%2Fmedia&parent=46720"}],"wp:term":[{"taxonomy":"category","embeddable":true,"href":"https:\/\/lospoliticosveracruz.com\/index.php?rest_route=%2Fwp%2Fv2%2Fcategories&post=46720"},{"taxonomy":"post_tag","embeddable":true,"href":"https:\/\/lospoliticosveracruz.com\/index.php?rest_route=%2Fwp%2Fv2%2Ftags&post=46720"}],"curies":[{"name":"wp","href":"https:\/\/api.w.org\/{rel}","templated":true}]}}