{"id":46732,"date":"2019-02-08T10:03:24","date_gmt":"2019-02-08T16:03:24","guid":{"rendered":"http:\/\/www.lospoliticosveracruz.com.mx\/?p=46732"},"modified":"2019-02-08T10:03:24","modified_gmt":"2019-02-08T16:03:24","slug":"incongruente-y-lamentable-continuidad-del-no-pasa-nada","status":"publish","type":"post","link":"https:\/\/lospoliticosveracruz.com\/?p=46732","title":{"rendered":"Incongruente y lamentable continuidad del \u00a1No pasa nada! \u00a0"},"content":{"rendered":"<div dir=\"ltr\">\n<p align=\"center\"><strong>Ricardo V\u00e1zquez S.<\/strong><\/p>\n<p align=\"center\"><em><span lang=\"ES-MX\">Esfera Pol\u00edtica<\/span><\/em><b><span lang=\"ES-MX\">\u00a0<\/span><\/b><\/p>\n<p><span lang=\"ES-MX\">Finalmente se sali\u00f3 con la suya Paco Ignacio \u201cvulgarcito\u201d Taibo II. La iniciativa presentada por el grupo parlamentario de Morena que consisti\u00f3 en modificar varios art\u00edculos de la Ley Federal de Entidades Paraestatales fue aprobada este jueves; transformaciones, de la cuarta, para que Taibo II pueda ocupar el cargo de director del Fondo de Cultura Econ\u00f3mica. Para los 303 diputados federales que votaron a favor de la llamada \u201cLey Taibo\u201d, seguramente no hay un solo mexicano que cumpla con el perfil para ese cargo. Se ha tardado Taibo II en eructar un comentario despreciativo acerca de Yalitzia Aparicio, la estrella de \u201cRoma\u201d. \u00a0\u00a0\u00a0<\/span><\/p>\n<p><span lang=\"ES-MX\">Este jueves las noticias de violencia provenientes de diversas regiones de la geograf\u00eda veracruzana fueron de terror. Impactantes, conmovedoras.<\/span><\/p>\n<p><span lang=\"ES-MX\">El asesinato de la l\u00edder de locatarios de Plaza Clavijero, a plena luz del d\u00eda en el centro de Xalapa, presumiblemente por cobro de piso; en otros puntos de la entidad: un m\u00e9dico \u201clevantado\u201d, otro u otros m\u00e9dicos est\u00e1n secuestrados; jovencita desaparecida; feminicidios incesantes; menor de edad acribillado; director de polic\u00eda municipal ejecutado; varios hombres m\u00e1s ultimados. Los hechos de violencia mantienen en zozobra a la poblaci\u00f3n.<\/span><\/p>\n<p><span lang=\"ES-MX\">Es verdad, es repetitivo abordar una vez m\u00e1s este tema, pero \u00bfacaso no es la vida de nuestra gente lo que m\u00e1s nos importa, y que deber\u00eda tambi\u00e9n de importar a quienes tienen en sus manos la responsabilidad de proteger? Por todo lo que est\u00e1 sucediendo el escenario es terrible, merecedor de toda la atenci\u00f3n y dedicaci\u00f3n.<\/span><\/p>\n<p><span lang=\"ES-MX\">\u00bfCu\u00e1l fue la raz\u00f3n para que cuando menos dos municipios de Veracruz: Coatzacoalcos y Xalapa no hayan figurado dentro de las regiones prioritarias para ser blindadas por las fuerzas federales?<\/span><\/p>\n<p><span lang=\"ES-MX\">\u00bfQu\u00e9 indicadores tomaron, o no tomaron en cuenta, para decidir qu\u00e9 regiones de nuestro pa\u00eds fueran incluidas o excluidas para el despliegue de fuerzas de seguridad adicionales? \u00a0<\/span><\/p>\n<p><span lang=\"ES-MX\">Ser\u00e1 que no hay suficientes reclamos, marchas, exigencias, ruido; o que en el Altiplano no est\u00e1n enterados de la gravedad de la situaci\u00f3n que prevalece en tierra jarocha desde hace m\u00e1s de 13 a\u00f1os.<\/span><\/p>\n<p><span lang=\"ES-MX\">Veracruz, segundo lugar nacional en feminicidios.<\/span><\/p>\n<p><span lang=\"ES-MX\">Veracruz, segundo lugar nacional en cr\u00edmenes de odio.<\/span><\/p>\n<p><span lang=\"ES-MX\">Veracruz, segundo lugar nacional en casos de desaparici\u00f3n forzada.<\/span><\/p>\n<p><span lang=\"ES-MX\">Veracruz, segundo lugar nacional en secuestros.<\/span><\/p>\n<p><span lang=\"ES-MX\">Veracruz, segundo lugar nacional en violencia pol\u00edtica.<\/span><\/p>\n<p><span lang=\"ES-MX\">En otras \u00e1reas los nada honrosos segundos lugares contin\u00faan.<\/span><\/p>\n<p><span lang=\"ES-MX\">Veracruz, segundo lugar nacional en casos de VIH.<\/span><\/p>\n<p><span lang=\"ES-MX\">Veracruz, segundo lugar nacional en embarazos de adolescentes.<\/span><\/p>\n<p><span lang=\"ES-MX\">Ah\u00ed le paramos. <\/span><\/p>\n<p><span lang=\"ES-MX\">Podr\u00eda ser, como sucedi\u00f3 en todo momento en los tiempos del fidelato y del duartazo, que en la actualidad se hayan contagiado de la conveniente postura de, aqu\u00ed \u00a1No pasa nada!<\/span><\/p>\n<p><span lang=\"ES-MX\">\u00a0<\/span><a href=\"mailto:rvazquez002@yahoo.com.mx\" target=\"_blank\"><span lang=\"ES-MX\">rvazquez002@yahoo.com.mx<\/span><\/a><\/div>\n<div class=\"iX\">&#8230;<\/div>\n","protected":false},"excerpt":{"rendered":"<p>Ricardo V\u00e1zquez S. Esfera Pol\u00edtica\u00a0 Finalmente se sali\u00f3 con la suya Paco Ignacio \u201cvulgarcito\u201d Taibo II. La iniciativa presentada por el grupo parlamentario de Morena que consisti\u00f3 en modificar varios art\u00edculos de la Ley Federal de Entidades Paraestatales fue aprobada este jueves; transformaciones, de la cuarta, para que Taibo II pueda ocupar el cargo de [&hellip;]<\/p>\n","protected":false},"author":2,"featured_media":46733,"comment_status":"open","ping_status":"open","sticky":false,"template":"","format":"standard","meta":{"tdm_status":"","tdm_grid_status":"","footnotes":""},"categories":[70],"tags":[371,13326,13799,1026,8658,13797,2312,195,96],"class_list":{"0":"post-46732","1":"post","2":"type-post","3":"status-publish","4":"format-standard","5":"has-post-thumbnail","7":"category-de-opinion","8":"tag-coatzacoalcos","9":"tag-fondo-de-cultura-economica","10":"tag-ley-federal-de-entidades-paraestatales","11":"tag-morena","12":"tag-paco-ignacio-taibo-ii","13":"tag-plaza-clavijero","14":"tag-roma","15":"tag-veracruz","16":"tag-xalapa"},"yoast_head":"<!-- This site is optimized with the Yoast SEO plugin v27.4 - https:\/\/yoast.com\/product\/yoast-seo-wordpress\/ -->\n<title>Incongruente y lamentable continuidad del \u00a1No pasa nada! \u00a0 - Los pol\u00edticos Veracruz<\/title>\n<meta name=\"robots\" content=\"index, follow, max-snippet:-1, max-image-preview:large, max-video-preview:-1\" \/>\n<link rel=\"canonical\" href=\"https:\/\/lospoliticosveracruz.com\/?p=46732\" \/>\n<meta property=\"og:locale\" content=\"es_ES\" \/>\n<meta property=\"og:type\" content=\"article\" \/>\n<meta property=\"og:title\" content=\"Incongruente y lamentable continuidad del \u00a1No pasa nada! \u00a0 - Los pol\u00edticos Veracruz\" \/>\n<meta property=\"og:description\" content=\"Ricardo V\u00e1zquez S. Esfera Pol\u00edtica\u00a0 Finalmente se sali\u00f3 con la suya Paco Ignacio \u201cvulgarcito\u201d Taibo II. La iniciativa presentada por el grupo parlamentario de Morena que consisti\u00f3 en modificar varios art\u00edculos de la Ley Federal de Entidades Paraestatales fue aprobada este jueves; transformaciones, de la cuarta, para que Taibo II pueda ocupar el cargo de [&hellip;]\" \/>\n<meta property=\"og:url\" content=\"https:\/\/lospoliticosveracruz.com\/?p=46732\" \/>\n<meta property=\"og:site_name\" content=\"Los pol\u00edticos Veracruz\" \/>\n<meta property=\"article:publisher\" content=\"https:\/\/www.facebook.com\/people\/Notimemes-de-los-Polticos\/61565672886568\/\" \/>\n<meta property=\"article:published_time\" content=\"2019-02-08T16:03:24+00:00\" \/>\n<meta property=\"og:image\" content=\"https:\/\/lospoliticosveracruz.com\/wp-content\/uploads\/2019\/02\/veracruz.jpg\" \/>\n\t<meta property=\"og:image:width\" content=\"600\" \/>\n\t<meta property=\"og:image:height\" content=\"362\" \/>\n\t<meta property=\"og:image:type\" content=\"image\/jpeg\" \/>\n<meta name=\"author\" content=\"Lo viste en Los Pol\u00edticos\" \/>\n<meta name=\"twitter:card\" content=\"summary_large_image\" \/>\n<meta name=\"twitter:creator\" content=\"@LosPoliticosVer\" \/>\n<meta name=\"twitter:site\" content=\"@LosPoliticosVer\" \/>\n<meta name=\"twitter:label1\" content=\"Escrito por\" \/>\n\t<meta name=\"twitter:data1\" content=\"Lo viste en Los Pol\u00edticos\" \/>\n\t<meta name=\"twitter:label2\" content=\"Tiempo de lectura\" \/>\n\t<meta name=\"twitter:data2\" content=\"2 minutos\" \/>\n<script type=\"application\/ld+json\" class=\"yoast-schema-graph\">{\"@context\":\"https:\\\/\\\/schema.org\",\"@graph\":[{\"@type\":\"Article\",\"@id\":\"https:\\\/\\\/lospoliticosveracruz.com\\\/?p=46732#article\",\"isPartOf\":{\"@id\":\"https:\\\/\\\/lospoliticosveracruz.com\\\/?p=46732\"},\"author\":{\"name\":\"Lo viste en Los Pol\u00edticos\",\"@id\":\"https:\\\/\\\/lospoliticosveracruz.com\\\/#\\\/schema\\\/person\\\/b8702bb0e538456e6efd07080bf2a4a2\"},\"headline\":\"Incongruente y lamentable continuidad del \u00a1No pasa nada! \u00a0\",\"datePublished\":\"2019-02-08T16:03:24+00:00\",\"mainEntityOfPage\":{\"@id\":\"https:\\\/\\\/lospoliticosveracruz.com\\\/?p=46732\"},\"wordCount\":477,\"commentCount\":0,\"publisher\":{\"@id\":\"https:\\\/\\\/lospoliticosveracruz.com\\\/#organization\"},\"image\":{\"@id\":\"https:\\\/\\\/lospoliticosveracruz.com\\\/?p=46732#primaryimage\"},\"thumbnailUrl\":\"https:\\\/\\\/lospoliticosveracruz.com\\\/wp-content\\\/uploads\\\/2019\\\/02\\\/veracruz.jpg\",\"keywords\":[\"Coatzacoalcos\",\"Fondo de Cultura Econ\u00f3mica\",\"Ley Federal de Entidades Paraestatales\",\"Morena\",\"Paco Ignacio Taibo II\",\"plaza Clavijero\",\"Roma\",\"Veracruz\",\"Xalapa\"],\"articleSection\":[\"De Opini\u00f3n\"],\"inLanguage\":\"es\",\"potentialAction\":[{\"@type\":\"CommentAction\",\"name\":\"Comment\",\"target\":[\"https:\\\/\\\/lospoliticosveracruz.com\\\/?p=46732#respond\"]}]},{\"@type\":\"WebPage\",\"@id\":\"https:\\\/\\\/lospoliticosveracruz.com\\\/?p=46732\",\"url\":\"https:\\\/\\\/lospoliticosveracruz.com\\\/?p=46732\",\"name\":\"Incongruente y lamentable continuidad del \u00a1No pasa nada! \u00a0 - Los pol\u00edticos Veracruz\",\"isPartOf\":{\"@id\":\"https:\\\/\\\/lospoliticosveracruz.com\\\/#website\"},\"primaryImageOfPage\":{\"@id\":\"https:\\\/\\\/lospoliticosveracruz.com\\\/?p=46732#primaryimage\"},\"image\":{\"@id\":\"https:\\\/\\\/lospoliticosveracruz.com\\\/?p=46732#primaryimage\"},\"thumbnailUrl\":\"https:\\\/\\\/lospoliticosveracruz.com\\\/wp-content\\\/uploads\\\/2019\\\/02\\\/veracruz.jpg\",\"datePublished\":\"2019-02-08T16:03:24+00:00\",\"breadcrumb\":{\"@id\":\"https:\\\/\\\/lospoliticosveracruz.com\\\/?p=46732#breadcrumb\"},\"inLanguage\":\"es\",\"potentialAction\":[{\"@type\":\"ReadAction\",\"target\":[\"https:\\\/\\\/lospoliticosveracruz.com\\\/?p=46732\"]}]},{\"@type\":\"ImageObject\",\"inLanguage\":\"es\",\"@id\":\"https:\\\/\\\/lospoliticosveracruz.com\\\/?p=46732#primaryimage\",\"url\":\"https:\\\/\\\/lospoliticosveracruz.com\\\/wp-content\\\/uploads\\\/2019\\\/02\\\/veracruz.jpg\",\"contentUrl\":\"https:\\\/\\\/lospoliticosveracruz.com\\\/wp-content\\\/uploads\\\/2019\\\/02\\\/veracruz.jpg\",\"width\":600,\"height\":362},{\"@type\":\"BreadcrumbList\",\"@id\":\"https:\\\/\\\/lospoliticosveracruz.com\\\/?p=46732#breadcrumb\",\"itemListElement\":[{\"@type\":\"ListItem\",\"position\":1,\"name\":\"Portada\",\"item\":\"https:\\\/\\\/lospoliticosveracruz.com\\\/\"},{\"@type\":\"ListItem\",\"position\":2,\"name\":\"Incongruente y lamentable continuidad del \u00a1No pasa nada! \u00a0\"}]},{\"@type\":\"WebSite\",\"@id\":\"https:\\\/\\\/lospoliticosveracruz.com\\\/#website\",\"url\":\"https:\\\/\\\/lospoliticosveracruz.com\\\/\",\"name\":\"Los pol\u00edticos Veracruz\",\"description\":\"\",\"publisher\":{\"@id\":\"https:\\\/\\\/lospoliticosveracruz.com\\\/#organization\"},\"potentialAction\":[{\"@type\":\"SearchAction\",\"target\":{\"@type\":\"EntryPoint\",\"urlTemplate\":\"https:\\\/\\\/lospoliticosveracruz.com\\\/?s={search_term_string}\"},\"query-input\":{\"@type\":\"PropertyValueSpecification\",\"valueRequired\":true,\"valueName\":\"search_term_string\"}}],\"inLanguage\":\"es\"},{\"@type\":\"Organization\",\"@id\":\"https:\\\/\\\/lospoliticosveracruz.com\\\/#organization\",\"name\":\"Los pol\u00edticos Veracruz\",\"url\":\"https:\\\/\\\/lospoliticosveracruz.com\\\/\",\"logo\":{\"@type\":\"ImageObject\",\"inLanguage\":\"es\",\"@id\":\"https:\\\/\\\/lospoliticosveracruz.com\\\/#\\\/schema\\\/logo\\\/image\\\/\",\"url\":\"https:\\\/\\\/lospoliticosveracruz.com\\\/wp-content\\\/uploads\\\/2025\\\/12\\\/Logo-Nuevo-LOS-POLITICOS-1.jpg\",\"contentUrl\":\"https:\\\/\\\/lospoliticosveracruz.com\\\/wp-content\\\/uploads\\\/2025\\\/12\\\/Logo-Nuevo-LOS-POLITICOS-1.jpg\",\"width\":260,\"height\":70,\"caption\":\"Los pol\u00edticos Veracruz\"},\"image\":{\"@id\":\"https:\\\/\\\/lospoliticosveracruz.com\\\/#\\\/schema\\\/logo\\\/image\\\/\"},\"sameAs\":[\"https:\\\/\\\/www.facebook.com\\\/people\\\/Notimemes-de-los-Polticos\\\/61565672886568\\\/\",\"https:\\\/\\\/x.com\\\/LosPoliticosVer\"]},{\"@type\":\"Person\",\"@id\":\"https:\\\/\\\/lospoliticosveracruz.com\\\/#\\\/schema\\\/person\\\/b8702bb0e538456e6efd07080bf2a4a2\",\"name\":\"Lo viste en Los Pol\u00edticos\",\"image\":{\"@type\":\"ImageObject\",\"inLanguage\":\"es\",\"@id\":\"https:\\\/\\\/secure.gravatar.com\\\/avatar\\\/3a8de04a2656d44082be478bd6c086daa447c4651605818287b9532d3d0bd435?s=96&d=mm&r=g\",\"url\":\"https:\\\/\\\/secure.gravatar.com\\\/avatar\\\/3a8de04a2656d44082be478bd6c086daa447c4651605818287b9532d3d0bd435?s=96&d=mm&r=g\",\"contentUrl\":\"https:\\\/\\\/secure.gravatar.com\\\/avatar\\\/3a8de04a2656d44082be478bd6c086daa447c4651605818287b9532d3d0bd435?s=96&d=mm&r=g\",\"caption\":\"Lo viste en Los Pol\u00edticos\"},\"url\":\"https:\\\/\\\/lospoliticosveracruz.com\\\/?author=2\"}]}<\/script>\n<!-- \/ Yoast SEO plugin. -->","yoast_head_json":{"title":"Incongruente y lamentable continuidad del \u00a1No pasa nada! \u00a0 - Los pol\u00edticos Veracruz","robots":{"index":"index","follow":"follow","max-snippet":"max-snippet:-1","max-image-preview":"max-image-preview:large","max-video-preview":"max-video-preview:-1"},"canonical":"https:\/\/lospoliticosveracruz.com\/?p=46732","og_locale":"es_ES","og_type":"article","og_title":"Incongruente y lamentable continuidad del \u00a1No pasa nada! \u00a0 - Los pol\u00edticos Veracruz","og_description":"Ricardo V\u00e1zquez S. Esfera Pol\u00edtica\u00a0 Finalmente se sali\u00f3 con la suya Paco Ignacio \u201cvulgarcito\u201d Taibo II. La iniciativa presentada por el grupo parlamentario de Morena que consisti\u00f3 en modificar varios art\u00edculos de la Ley Federal de Entidades Paraestatales fue aprobada este jueves; transformaciones, de la cuarta, para que Taibo II pueda ocupar el cargo de [&hellip;]","og_url":"https:\/\/lospoliticosveracruz.com\/?p=46732","og_site_name":"Los pol\u00edticos Veracruz","article_publisher":"https:\/\/www.facebook.com\/people\/Notimemes-de-los-Polticos\/61565672886568\/","article_published_time":"2019-02-08T16:03:24+00:00","og_image":[{"width":600,"height":362,"url":"https:\/\/lospoliticosveracruz.com\/wp-content\/uploads\/2019\/02\/veracruz.jpg","type":"image\/jpeg"}],"author":"Lo viste en Los Pol\u00edticos","twitter_card":"summary_large_image","twitter_creator":"@LosPoliticosVer","twitter_site":"@LosPoliticosVer","twitter_misc":{"Escrito por":"Lo viste en Los Pol\u00edticos","Tiempo de lectura":"2 minutos"},"schema":{"@context":"https:\/\/schema.org","@graph":[{"@type":"Article","@id":"https:\/\/lospoliticosveracruz.com\/?p=46732#article","isPartOf":{"@id":"https:\/\/lospoliticosveracruz.com\/?p=46732"},"author":{"name":"Lo viste en Los Pol\u00edticos","@id":"https:\/\/lospoliticosveracruz.com\/#\/schema\/person\/b8702bb0e538456e6efd07080bf2a4a2"},"headline":"Incongruente y lamentable continuidad del \u00a1No pasa nada! \u00a0","datePublished":"2019-02-08T16:03:24+00:00","mainEntityOfPage":{"@id":"https:\/\/lospoliticosveracruz.com\/?p=46732"},"wordCount":477,"commentCount":0,"publisher":{"@id":"https:\/\/lospoliticosveracruz.com\/#organization"},"image":{"@id":"https:\/\/lospoliticosveracruz.com\/?p=46732#primaryimage"},"thumbnailUrl":"https:\/\/lospoliticosveracruz.com\/wp-content\/uploads\/2019\/02\/veracruz.jpg","keywords":["Coatzacoalcos","Fondo de Cultura Econ\u00f3mica","Ley Federal de Entidades Paraestatales","Morena","Paco Ignacio Taibo II","plaza Clavijero","Roma","Veracruz","Xalapa"],"articleSection":["De Opini\u00f3n"],"inLanguage":"es","potentialAction":[{"@type":"CommentAction","name":"Comment","target":["https:\/\/lospoliticosveracruz.com\/?p=46732#respond"]}]},{"@type":"WebPage","@id":"https:\/\/lospoliticosveracruz.com\/?p=46732","url":"https:\/\/lospoliticosveracruz.com\/?p=46732","name":"Incongruente y lamentable continuidad del \u00a1No pasa nada! \u00a0 - Los pol\u00edticos Veracruz","isPartOf":{"@id":"https:\/\/lospoliticosveracruz.com\/#website"},"primaryImageOfPage":{"@id":"https:\/\/lospoliticosveracruz.com\/?p=46732#primaryimage"},"image":{"@id":"https:\/\/lospoliticosveracruz.com\/?p=46732#primaryimage"},"thumbnailUrl":"https:\/\/lospoliticosveracruz.com\/wp-content\/uploads\/2019\/02\/veracruz.jpg","datePublished":"2019-02-08T16:03:24+00:00","breadcrumb":{"@id":"https:\/\/lospoliticosveracruz.com\/?p=46732#breadcrumb"},"inLanguage":"es","potentialAction":[{"@type":"ReadAction","target":["https:\/\/lospoliticosveracruz.com\/?p=46732"]}]},{"@type":"ImageObject","inLanguage":"es","@id":"https:\/\/lospoliticosveracruz.com\/?p=46732#primaryimage","url":"https:\/\/lospoliticosveracruz.com\/wp-content\/uploads\/2019\/02\/veracruz.jpg","contentUrl":"https:\/\/lospoliticosveracruz.com\/wp-content\/uploads\/2019\/02\/veracruz.jpg","width":600,"height":362},{"@type":"BreadcrumbList","@id":"https:\/\/lospoliticosveracruz.com\/?p=46732#breadcrumb","itemListElement":[{"@type":"ListItem","position":1,"name":"Portada","item":"https:\/\/lospoliticosveracruz.com\/"},{"@type":"ListItem","position":2,"name":"Incongruente y lamentable continuidad del \u00a1No pasa nada! \u00a0"}]},{"@type":"WebSite","@id":"https:\/\/lospoliticosveracruz.com\/#website","url":"https:\/\/lospoliticosveracruz.com\/","name":"Los pol\u00edticos Veracruz","description":"","publisher":{"@id":"https:\/\/lospoliticosveracruz.com\/#organization"},"potentialAction":[{"@type":"SearchAction","target":{"@type":"EntryPoint","urlTemplate":"https:\/\/lospoliticosveracruz.com\/?s={search_term_string}"},"query-input":{"@type":"PropertyValueSpecification","valueRequired":true,"valueName":"search_term_string"}}],"inLanguage":"es"},{"@type":"Organization","@id":"https:\/\/lospoliticosveracruz.com\/#organization","name":"Los pol\u00edticos Veracruz","url":"https:\/\/lospoliticosveracruz.com\/","logo":{"@type":"ImageObject","inLanguage":"es","@id":"https:\/\/lospoliticosveracruz.com\/#\/schema\/logo\/image\/","url":"https:\/\/lospoliticosveracruz.com\/wp-content\/uploads\/2025\/12\/Logo-Nuevo-LOS-POLITICOS-1.jpg","contentUrl":"https:\/\/lospoliticosveracruz.com\/wp-content\/uploads\/2025\/12\/Logo-Nuevo-LOS-POLITICOS-1.jpg","width":260,"height":70,"caption":"Los pol\u00edticos Veracruz"},"image":{"@id":"https:\/\/lospoliticosveracruz.com\/#\/schema\/logo\/image\/"},"sameAs":["https:\/\/www.facebook.com\/people\/Notimemes-de-los-Polticos\/61565672886568\/","https:\/\/x.com\/LosPoliticosVer"]},{"@type":"Person","@id":"https:\/\/lospoliticosveracruz.com\/#\/schema\/person\/b8702bb0e538456e6efd07080bf2a4a2","name":"Lo viste en Los Pol\u00edticos","image":{"@type":"ImageObject","inLanguage":"es","@id":"https:\/\/secure.gravatar.com\/avatar\/3a8de04a2656d44082be478bd6c086daa447c4651605818287b9532d3d0bd435?s=96&d=mm&r=g","url":"https:\/\/secure.gravatar.com\/avatar\/3a8de04a2656d44082be478bd6c086daa447c4651605818287b9532d3d0bd435?s=96&d=mm&r=g","contentUrl":"https:\/\/secure.gravatar.com\/avatar\/3a8de04a2656d44082be478bd6c086daa447c4651605818287b9532d3d0bd435?s=96&d=mm&r=g","caption":"Lo viste en Los Pol\u00edticos"},"url":"https:\/\/lospoliticosveracruz.com\/?author=2"}]}},"_links":{"self":[{"href":"https:\/\/lospoliticosveracruz.com\/index.php?rest_route=\/wp\/v2\/posts\/46732","targetHints":{"allow":["GET"]}}],"collection":[{"href":"https:\/\/lospoliticosveracruz.com\/index.php?rest_route=\/wp\/v2\/posts"}],"about":[{"href":"https:\/\/lospoliticosveracruz.com\/index.php?rest_route=\/wp\/v2\/types\/post"}],"author":[{"embeddable":true,"href":"https:\/\/lospoliticosveracruz.com\/index.php?rest_route=\/wp\/v2\/users\/2"}],"replies":[{"embeddable":true,"href":"https:\/\/lospoliticosveracruz.com\/index.php?rest_route=%2Fwp%2Fv2%2Fcomments&post=46732"}],"version-history":[{"count":1,"href":"https:\/\/lospoliticosveracruz.com\/index.php?rest_route=\/wp\/v2\/posts\/46732\/revisions"}],"predecessor-version":[{"id":46734,"href":"https:\/\/lospoliticosveracruz.com\/index.php?rest_route=\/wp\/v2\/posts\/46732\/revisions\/46734"}],"wp:featuredmedia":[{"embeddable":true,"href":"https:\/\/lospoliticosveracruz.com\/index.php?rest_route=\/wp\/v2\/media\/46733"}],"wp:attachment":[{"href":"https:\/\/lospoliticosveracruz.com\/index.php?rest_route=%2Fwp%2Fv2%2Fmedia&parent=46732"}],"wp:term":[{"taxonomy":"category","embeddable":true,"href":"https:\/\/lospoliticosveracruz.com\/index.php?rest_route=%2Fwp%2Fv2%2Fcategories&post=46732"},{"taxonomy":"post_tag","embeddable":true,"href":"https:\/\/lospoliticosveracruz.com\/index.php?rest_route=%2Fwp%2Fv2%2Ftags&post=46732"}],"curies":[{"name":"wp","href":"https:\/\/api.w.org\/{rel}","templated":true}]}}