{"id":46742,"date":"2019-02-08T22:55:07","date_gmt":"2019-02-09T04:55:07","guid":{"rendered":"http:\/\/www.lospoliticosveracruz.com.mx\/?p=46742"},"modified":"2019-02-08T21:00:23","modified_gmt":"2019-02-09T03:00:23","slug":"te-ayudamos-a-llegar-segura-a-casa","status":"publish","type":"post","link":"https:\/\/lospoliticosveracruz.com\/?p=46742","title":{"rendered":"Te ayudamos a llegar segura a casa"},"content":{"rendered":"<p><strong>Brenda Caballero<\/strong><\/p>\n<p><em>N\u00fameros Rojos<\/em><\/p>\n<p>Xalapa vivi\u00f3 un feminicidio m\u00e1s; la polic\u00eda incluso, tuvo que ir a la escuela de los hijos de la v\u00edctima.<\/p>\n<p>El m\u00f3vil de este nuevo crimen contra una mujer puede ser el que usted quiera pero una cosa es clara\u2026 la violencia de g\u00e9nero no tiene horario para un \u00abToque de Queda\u00bb, incluso hasta para esta iniciativa que con muy buena intenci\u00f3n algunos comercios iniciaron en aras de prestar seguridad a las mujeres que se sientan en peligro: \u00abTe ayudamos a llegar segura a casa\u00bb.<\/p>\n<p>Y cuando hablo de la buena intenci\u00f3n de algunos comercios, es porque esta semana que pas\u00f3 y la anterior, fue bien recibido su apoyo, tanto, que por all\u00ed t\u00edmidamente se sum\u00f3 uno y luego otro\u2026 y entonces, esa buena intenci\u00f3n de la que les hablo se trastoc\u00f3 en la mejor oportunidad de algunos para sacar sus dotes de \u00abmarketing\u00bb\u2026 y empezamos a ver todo una serie de promocionales disfrazados de ayuda\u2026 al menos \u00e9sa fue mi percepci\u00f3n en las redes sociales\u2026 \u00a1vamos! Pareciera que estaba viviendo un \u00abBuen Fin\u00bb de \u00abbuenas intenciones\u00bb, pero le cuento el porqu\u00e9 de esto.<\/p>\n<p>Se presume que \u00abTe ayudamos a llegar segura a casa\u00bb estaba dirigido en su mayor parte a un sector de mujeres que por una raz\u00f3n u otra, tienen que estar en la calle, ya sea porque van a trabajar en el turno de la noche, sea en tiendas de conveniencia u hospitales, por citar unos; porque el trayecto de regreso a veces tiende a hacerse a pie; o simplemente porque se hizo un poco uso de un momento de esparcimiento y diversi\u00f3n\u2026 y entre los comercios que \u00abde buena fe\u00bb se ofrec\u00edan a apoyar, muchos cierran a las nueve de la noche\u2026<\/p>\n<p>Se habl\u00f3 incluso de protocolos\u2026 a la buena intenci\u00f3n hab\u00eda que darle orden\u2026 \u00bfQu\u00e9 procede cuando llega una mujer con miedo? \u00bfSe avisa a las autoridades? \u00bfSe le sube a un taxi? \u00bfSe le acompa\u00f1a a su casa? \u00bfSe le llama a sus familiares para que venga por ella? En fin, eran muchas las interrogantes\u2026<\/p>\n<p>Pero, bueno\u2026 de la oportunidad del \u00abmarketing\u00bb pasamos a otra cosa m\u00e1s triste: \u00a1la chunga! Si bien respeto la opini\u00f3n de todos y sobre todo, de expresar su sentido del humor, creo que muchos varones no han comprendido la situaci\u00f3n de inseguridad e indefensi\u00f3n en la que se encuentran las mujeres, al grado de que el comercio tenga que organizarse para protegerlas.<\/p>\n<p>Con \u00abchunga\u00bb me refiero a esos anuncios que empezaron a aparecer \u00abpara cuidar\u00bb a los varones y los negocios que participaban eran \u00abantros\u00bb o com\u00fanmente conocidos como \u00abteibols\u00bb\u2026 insisto, tan respetable su opini\u00f3n y su humor, pero en esta ocasi\u00f3n no lo comparto.<\/p>\n<p>No lo comparto cuando en un parque, una peque\u00f1a es abusada; no lo comparto, porque a plena luz del d\u00eda, en el centro de Xalapa, matan no a la lideresa, no a la comerciante\u2026 matan a una mujer, a una madre de familia; no lo comparto porque es claro que mientras para unos, hay preocupaci\u00f3n por las mujeres; para otros, es una oportunidad de promoci\u00f3n; para unos m\u00e1s, una burla; pero para quienes deber\u00eda ser prioridad, es una omisi\u00f3n de responsabilidad que se descarga en el valor de unos comerciantes\u2026<\/p>\n<p>Por lo pronto para apoyar este movimiento de #Niunamenos iniciado por Fabiola Aranza Mu\u00f1oz, el cual necesita protocolos de actuaci\u00f3n as\u00ed como requisitos para lograr una red de negocios seguros que por supuesto est\u00e9n capacitados para atender a las mujeres en riesgo, ya se reunieron representantes de la Canaco, del Instituto Veracruzano de las Mujeres, de Gobierno del Estado, de Servicios Tur\u00edsticos de Xalapa y Prevenci\u00f3n y Participaci\u00f3n Ciudadana de la Polic\u00eda Federal de Veracruz zona norte.<\/p>\n<p>Esperemos que este movimiento de verdad apoye a las mujeres y no se quede solamente como un marketing publicitario.<\/p>\n<p>&nbsp;<\/p>\n<p>@NumerosRojos_BC<\/p>\n<p>caballero_brenda@hotmail.com<\/p>\n","protected":false},"excerpt":{"rendered":"<p>Brenda Caballero N\u00fameros Rojos Xalapa vivi\u00f3 un feminicidio m\u00e1s; la polic\u00eda incluso, tuvo que ir a la escuela de los hijos de la v\u00edctima. El m\u00f3vil de este nuevo crimen contra una mujer puede ser el que usted quiera pero una cosa es clara\u2026 la violencia de g\u00e9nero no tiene horario para un \u00abToque de [&hellip;]<\/p>\n","protected":false},"author":2,"featured_media":46743,"comment_status":"open","ping_status":"open","sticky":false,"template":"","format":"standard","meta":{"tdm_status":"","tdm_grid_status":"","footnotes":""},"categories":[70],"tags":[6816,826,4076,10451,13807,13808,2686,195,96],"class_list":{"0":"post-46742","1":"post","2":"type-post","3":"status-publish","4":"format-standard","5":"has-post-thumbnail","7":"category-de-opinion","8":"tag-canaco","9":"tag-feminicidios","10":"tag-gobierno-del-estado","11":"tag-ivm","12":"tag-marketing","13":"tag-te-ayudamos-a-llegar-a-casa-segura","14":"tag-toque-de-queda","15":"tag-veracruz","16":"tag-xalapa"},"yoast_head":"<!-- This site is optimized with the Yoast SEO plugin v27.4 - https:\/\/yoast.com\/product\/yoast-seo-wordpress\/ -->\n<title>Te ayudamos a llegar segura a casa - Los pol\u00edticos Veracruz<\/title>\n<meta name=\"robots\" content=\"index, follow, max-snippet:-1, max-image-preview:large, max-video-preview:-1\" \/>\n<link rel=\"canonical\" href=\"https:\/\/lospoliticosveracruz.com\/?p=46742\" \/>\n<meta property=\"og:locale\" content=\"es_ES\" \/>\n<meta property=\"og:type\" content=\"article\" \/>\n<meta property=\"og:title\" content=\"Te ayudamos a llegar segura a casa - Los pol\u00edticos Veracruz\" \/>\n<meta property=\"og:description\" content=\"Brenda Caballero N\u00fameros Rojos Xalapa vivi\u00f3 un feminicidio m\u00e1s; la polic\u00eda incluso, tuvo que ir a la escuela de los hijos de la v\u00edctima. El m\u00f3vil de este nuevo crimen contra una mujer puede ser el que usted quiera pero una cosa es clara\u2026 la violencia de g\u00e9nero no tiene horario para un \u00abToque de [&hellip;]\" \/>\n<meta property=\"og:url\" content=\"https:\/\/lospoliticosveracruz.com\/?p=46742\" \/>\n<meta property=\"og:site_name\" content=\"Los pol\u00edticos Veracruz\" \/>\n<meta property=\"article:publisher\" content=\"https:\/\/www.facebook.com\/people\/Notimemes-de-los-Polticos\/61565672886568\/\" \/>\n<meta property=\"article:published_time\" content=\"2019-02-09T04:55:07+00:00\" \/>\n<meta property=\"og:image\" content=\"https:\/\/lospoliticosveracruz.com\/wp-content\/uploads\/2019\/02\/Ni-una.jpeg\" \/>\n\t<meta property=\"og:image:width\" content=\"600\" \/>\n\t<meta property=\"og:image:height\" content=\"597\" \/>\n\t<meta property=\"og:image:type\" content=\"image\/jpeg\" \/>\n<meta name=\"author\" content=\"Lo viste en Los Pol\u00edticos\" \/>\n<meta name=\"twitter:card\" content=\"summary_large_image\" \/>\n<meta name=\"twitter:creator\" content=\"@LosPoliticosVer\" \/>\n<meta name=\"twitter:site\" content=\"@LosPoliticosVer\" \/>\n<meta name=\"twitter:label1\" content=\"Escrito por\" \/>\n\t<meta name=\"twitter:data1\" content=\"Lo viste en Los Pol\u00edticos\" \/>\n\t<meta name=\"twitter:label2\" content=\"Tiempo de lectura\" \/>\n\t<meta name=\"twitter:data2\" content=\"3 minutos\" \/>\n<script type=\"application\/ld+json\" class=\"yoast-schema-graph\">{\"@context\":\"https:\\\/\\\/schema.org\",\"@graph\":[{\"@type\":\"Article\",\"@id\":\"https:\\\/\\\/lospoliticosveracruz.com\\\/?p=46742#article\",\"isPartOf\":{\"@id\":\"https:\\\/\\\/lospoliticosveracruz.com\\\/?p=46742\"},\"author\":{\"name\":\"Lo viste en Los Pol\u00edticos\",\"@id\":\"https:\\\/\\\/lospoliticosveracruz.com\\\/#\\\/schema\\\/person\\\/b8702bb0e538456e6efd07080bf2a4a2\"},\"headline\":\"Te ayudamos a llegar segura a casa\",\"datePublished\":\"2019-02-09T04:55:07+00:00\",\"mainEntityOfPage\":{\"@id\":\"https:\\\/\\\/lospoliticosveracruz.com\\\/?p=46742\"},\"wordCount\":688,\"commentCount\":0,\"publisher\":{\"@id\":\"https:\\\/\\\/lospoliticosveracruz.com\\\/#organization\"},\"image\":{\"@id\":\"https:\\\/\\\/lospoliticosveracruz.com\\\/?p=46742#primaryimage\"},\"thumbnailUrl\":\"https:\\\/\\\/lospoliticosveracruz.com\\\/wp-content\\\/uploads\\\/2019\\\/02\\\/Ni-una.jpeg\",\"keywords\":[\"Canaco\",\"feminicidios\",\"Gobierno del Estado\",\"IVM\",\"marketing\",\"Te ayudamos a llegar a casa segura\",\"Toque de queda\",\"Veracruz\",\"Xalapa\"],\"articleSection\":[\"De Opini\u00f3n\"],\"inLanguage\":\"es\",\"potentialAction\":[{\"@type\":\"CommentAction\",\"name\":\"Comment\",\"target\":[\"https:\\\/\\\/lospoliticosveracruz.com\\\/?p=46742#respond\"]}]},{\"@type\":\"WebPage\",\"@id\":\"https:\\\/\\\/lospoliticosveracruz.com\\\/?p=46742\",\"url\":\"https:\\\/\\\/lospoliticosveracruz.com\\\/?p=46742\",\"name\":\"Te ayudamos a llegar segura a casa - Los pol\u00edticos Veracruz\",\"isPartOf\":{\"@id\":\"https:\\\/\\\/lospoliticosveracruz.com\\\/#website\"},\"primaryImageOfPage\":{\"@id\":\"https:\\\/\\\/lospoliticosveracruz.com\\\/?p=46742#primaryimage\"},\"image\":{\"@id\":\"https:\\\/\\\/lospoliticosveracruz.com\\\/?p=46742#primaryimage\"},\"thumbnailUrl\":\"https:\\\/\\\/lospoliticosveracruz.com\\\/wp-content\\\/uploads\\\/2019\\\/02\\\/Ni-una.jpeg\",\"datePublished\":\"2019-02-09T04:55:07+00:00\",\"breadcrumb\":{\"@id\":\"https:\\\/\\\/lospoliticosveracruz.com\\\/?p=46742#breadcrumb\"},\"inLanguage\":\"es\",\"potentialAction\":[{\"@type\":\"ReadAction\",\"target\":[\"https:\\\/\\\/lospoliticosveracruz.com\\\/?p=46742\"]}]},{\"@type\":\"ImageObject\",\"inLanguage\":\"es\",\"@id\":\"https:\\\/\\\/lospoliticosveracruz.com\\\/?p=46742#primaryimage\",\"url\":\"https:\\\/\\\/lospoliticosveracruz.com\\\/wp-content\\\/uploads\\\/2019\\\/02\\\/Ni-una.jpeg\",\"contentUrl\":\"https:\\\/\\\/lospoliticosveracruz.com\\\/wp-content\\\/uploads\\\/2019\\\/02\\\/Ni-una.jpeg\",\"width\":600,\"height\":597},{\"@type\":\"BreadcrumbList\",\"@id\":\"https:\\\/\\\/lospoliticosveracruz.com\\\/?p=46742#breadcrumb\",\"itemListElement\":[{\"@type\":\"ListItem\",\"position\":1,\"name\":\"Portada\",\"item\":\"https:\\\/\\\/lospoliticosveracruz.com\\\/\"},{\"@type\":\"ListItem\",\"position\":2,\"name\":\"Te ayudamos a llegar segura a casa\"}]},{\"@type\":\"WebSite\",\"@id\":\"https:\\\/\\\/lospoliticosveracruz.com\\\/#website\",\"url\":\"https:\\\/\\\/lospoliticosveracruz.com\\\/\",\"name\":\"Los pol\u00edticos Veracruz\",\"description\":\"\",\"publisher\":{\"@id\":\"https:\\\/\\\/lospoliticosveracruz.com\\\/#organization\"},\"potentialAction\":[{\"@type\":\"SearchAction\",\"target\":{\"@type\":\"EntryPoint\",\"urlTemplate\":\"https:\\\/\\\/lospoliticosveracruz.com\\\/?s={search_term_string}\"},\"query-input\":{\"@type\":\"PropertyValueSpecification\",\"valueRequired\":true,\"valueName\":\"search_term_string\"}}],\"inLanguage\":\"es\"},{\"@type\":\"Organization\",\"@id\":\"https:\\\/\\\/lospoliticosveracruz.com\\\/#organization\",\"name\":\"Los pol\u00edticos Veracruz\",\"url\":\"https:\\\/\\\/lospoliticosveracruz.com\\\/\",\"logo\":{\"@type\":\"ImageObject\",\"inLanguage\":\"es\",\"@id\":\"https:\\\/\\\/lospoliticosveracruz.com\\\/#\\\/schema\\\/logo\\\/image\\\/\",\"url\":\"https:\\\/\\\/lospoliticosveracruz.com\\\/wp-content\\\/uploads\\\/2025\\\/12\\\/Logo-Nuevo-LOS-POLITICOS-1.jpg\",\"contentUrl\":\"https:\\\/\\\/lospoliticosveracruz.com\\\/wp-content\\\/uploads\\\/2025\\\/12\\\/Logo-Nuevo-LOS-POLITICOS-1.jpg\",\"width\":260,\"height\":70,\"caption\":\"Los pol\u00edticos Veracruz\"},\"image\":{\"@id\":\"https:\\\/\\\/lospoliticosveracruz.com\\\/#\\\/schema\\\/logo\\\/image\\\/\"},\"sameAs\":[\"https:\\\/\\\/www.facebook.com\\\/people\\\/Notimemes-de-los-Polticos\\\/61565672886568\\\/\",\"https:\\\/\\\/x.com\\\/LosPoliticosVer\"]},{\"@type\":\"Person\",\"@id\":\"https:\\\/\\\/lospoliticosveracruz.com\\\/#\\\/schema\\\/person\\\/b8702bb0e538456e6efd07080bf2a4a2\",\"name\":\"Lo viste en Los Pol\u00edticos\",\"image\":{\"@type\":\"ImageObject\",\"inLanguage\":\"es\",\"@id\":\"https:\\\/\\\/secure.gravatar.com\\\/avatar\\\/3a8de04a2656d44082be478bd6c086daa447c4651605818287b9532d3d0bd435?s=96&d=mm&r=g\",\"url\":\"https:\\\/\\\/secure.gravatar.com\\\/avatar\\\/3a8de04a2656d44082be478bd6c086daa447c4651605818287b9532d3d0bd435?s=96&d=mm&r=g\",\"contentUrl\":\"https:\\\/\\\/secure.gravatar.com\\\/avatar\\\/3a8de04a2656d44082be478bd6c086daa447c4651605818287b9532d3d0bd435?s=96&d=mm&r=g\",\"caption\":\"Lo viste en Los Pol\u00edticos\"},\"url\":\"https:\\\/\\\/lospoliticosveracruz.com\\\/?author=2\"}]}<\/script>\n<!-- \/ Yoast SEO plugin. -->","yoast_head_json":{"title":"Te ayudamos a llegar segura a casa - Los pol\u00edticos Veracruz","robots":{"index":"index","follow":"follow","max-snippet":"max-snippet:-1","max-image-preview":"max-image-preview:large","max-video-preview":"max-video-preview:-1"},"canonical":"https:\/\/lospoliticosveracruz.com\/?p=46742","og_locale":"es_ES","og_type":"article","og_title":"Te ayudamos a llegar segura a casa - Los pol\u00edticos Veracruz","og_description":"Brenda Caballero N\u00fameros Rojos Xalapa vivi\u00f3 un feminicidio m\u00e1s; la polic\u00eda incluso, tuvo que ir a la escuela de los hijos de la v\u00edctima. El m\u00f3vil de este nuevo crimen contra una mujer puede ser el que usted quiera pero una cosa es clara\u2026 la violencia de g\u00e9nero no tiene horario para un \u00abToque de [&hellip;]","og_url":"https:\/\/lospoliticosveracruz.com\/?p=46742","og_site_name":"Los pol\u00edticos Veracruz","article_publisher":"https:\/\/www.facebook.com\/people\/Notimemes-de-los-Polticos\/61565672886568\/","article_published_time":"2019-02-09T04:55:07+00:00","og_image":[{"width":600,"height":597,"url":"https:\/\/lospoliticosveracruz.com\/wp-content\/uploads\/2019\/02\/Ni-una.jpeg","type":"image\/jpeg"}],"author":"Lo viste en Los Pol\u00edticos","twitter_card":"summary_large_image","twitter_creator":"@LosPoliticosVer","twitter_site":"@LosPoliticosVer","twitter_misc":{"Escrito por":"Lo viste en Los Pol\u00edticos","Tiempo de lectura":"3 minutos"},"schema":{"@context":"https:\/\/schema.org","@graph":[{"@type":"Article","@id":"https:\/\/lospoliticosveracruz.com\/?p=46742#article","isPartOf":{"@id":"https:\/\/lospoliticosveracruz.com\/?p=46742"},"author":{"name":"Lo viste en Los Pol\u00edticos","@id":"https:\/\/lospoliticosveracruz.com\/#\/schema\/person\/b8702bb0e538456e6efd07080bf2a4a2"},"headline":"Te ayudamos a llegar segura a casa","datePublished":"2019-02-09T04:55:07+00:00","mainEntityOfPage":{"@id":"https:\/\/lospoliticosveracruz.com\/?p=46742"},"wordCount":688,"commentCount":0,"publisher":{"@id":"https:\/\/lospoliticosveracruz.com\/#organization"},"image":{"@id":"https:\/\/lospoliticosveracruz.com\/?p=46742#primaryimage"},"thumbnailUrl":"https:\/\/lospoliticosveracruz.com\/wp-content\/uploads\/2019\/02\/Ni-una.jpeg","keywords":["Canaco","feminicidios","Gobierno del Estado","IVM","marketing","Te ayudamos a llegar a casa segura","Toque de queda","Veracruz","Xalapa"],"articleSection":["De Opini\u00f3n"],"inLanguage":"es","potentialAction":[{"@type":"CommentAction","name":"Comment","target":["https:\/\/lospoliticosveracruz.com\/?p=46742#respond"]}]},{"@type":"WebPage","@id":"https:\/\/lospoliticosveracruz.com\/?p=46742","url":"https:\/\/lospoliticosveracruz.com\/?p=46742","name":"Te ayudamos a llegar segura a casa - Los pol\u00edticos Veracruz","isPartOf":{"@id":"https:\/\/lospoliticosveracruz.com\/#website"},"primaryImageOfPage":{"@id":"https:\/\/lospoliticosveracruz.com\/?p=46742#primaryimage"},"image":{"@id":"https:\/\/lospoliticosveracruz.com\/?p=46742#primaryimage"},"thumbnailUrl":"https:\/\/lospoliticosveracruz.com\/wp-content\/uploads\/2019\/02\/Ni-una.jpeg","datePublished":"2019-02-09T04:55:07+00:00","breadcrumb":{"@id":"https:\/\/lospoliticosveracruz.com\/?p=46742#breadcrumb"},"inLanguage":"es","potentialAction":[{"@type":"ReadAction","target":["https:\/\/lospoliticosveracruz.com\/?p=46742"]}]},{"@type":"ImageObject","inLanguage":"es","@id":"https:\/\/lospoliticosveracruz.com\/?p=46742#primaryimage","url":"https:\/\/lospoliticosveracruz.com\/wp-content\/uploads\/2019\/02\/Ni-una.jpeg","contentUrl":"https:\/\/lospoliticosveracruz.com\/wp-content\/uploads\/2019\/02\/Ni-una.jpeg","width":600,"height":597},{"@type":"BreadcrumbList","@id":"https:\/\/lospoliticosveracruz.com\/?p=46742#breadcrumb","itemListElement":[{"@type":"ListItem","position":1,"name":"Portada","item":"https:\/\/lospoliticosveracruz.com\/"},{"@type":"ListItem","position":2,"name":"Te ayudamos a llegar segura a casa"}]},{"@type":"WebSite","@id":"https:\/\/lospoliticosveracruz.com\/#website","url":"https:\/\/lospoliticosveracruz.com\/","name":"Los pol\u00edticos Veracruz","description":"","publisher":{"@id":"https:\/\/lospoliticosveracruz.com\/#organization"},"potentialAction":[{"@type":"SearchAction","target":{"@type":"EntryPoint","urlTemplate":"https:\/\/lospoliticosveracruz.com\/?s={search_term_string}"},"query-input":{"@type":"PropertyValueSpecification","valueRequired":true,"valueName":"search_term_string"}}],"inLanguage":"es"},{"@type":"Organization","@id":"https:\/\/lospoliticosveracruz.com\/#organization","name":"Los pol\u00edticos Veracruz","url":"https:\/\/lospoliticosveracruz.com\/","logo":{"@type":"ImageObject","inLanguage":"es","@id":"https:\/\/lospoliticosveracruz.com\/#\/schema\/logo\/image\/","url":"https:\/\/lospoliticosveracruz.com\/wp-content\/uploads\/2025\/12\/Logo-Nuevo-LOS-POLITICOS-1.jpg","contentUrl":"https:\/\/lospoliticosveracruz.com\/wp-content\/uploads\/2025\/12\/Logo-Nuevo-LOS-POLITICOS-1.jpg","width":260,"height":70,"caption":"Los pol\u00edticos Veracruz"},"image":{"@id":"https:\/\/lospoliticosveracruz.com\/#\/schema\/logo\/image\/"},"sameAs":["https:\/\/www.facebook.com\/people\/Notimemes-de-los-Polticos\/61565672886568\/","https:\/\/x.com\/LosPoliticosVer"]},{"@type":"Person","@id":"https:\/\/lospoliticosveracruz.com\/#\/schema\/person\/b8702bb0e538456e6efd07080bf2a4a2","name":"Lo viste en Los Pol\u00edticos","image":{"@type":"ImageObject","inLanguage":"es","@id":"https:\/\/secure.gravatar.com\/avatar\/3a8de04a2656d44082be478bd6c086daa447c4651605818287b9532d3d0bd435?s=96&d=mm&r=g","url":"https:\/\/secure.gravatar.com\/avatar\/3a8de04a2656d44082be478bd6c086daa447c4651605818287b9532d3d0bd435?s=96&d=mm&r=g","contentUrl":"https:\/\/secure.gravatar.com\/avatar\/3a8de04a2656d44082be478bd6c086daa447c4651605818287b9532d3d0bd435?s=96&d=mm&r=g","caption":"Lo viste en Los Pol\u00edticos"},"url":"https:\/\/lospoliticosveracruz.com\/?author=2"}]}},"_links":{"self":[{"href":"https:\/\/lospoliticosveracruz.com\/index.php?rest_route=\/wp\/v2\/posts\/46742","targetHints":{"allow":["GET"]}}],"collection":[{"href":"https:\/\/lospoliticosveracruz.com\/index.php?rest_route=\/wp\/v2\/posts"}],"about":[{"href":"https:\/\/lospoliticosveracruz.com\/index.php?rest_route=\/wp\/v2\/types\/post"}],"author":[{"embeddable":true,"href":"https:\/\/lospoliticosveracruz.com\/index.php?rest_route=\/wp\/v2\/users\/2"}],"replies":[{"embeddable":true,"href":"https:\/\/lospoliticosveracruz.com\/index.php?rest_route=%2Fwp%2Fv2%2Fcomments&post=46742"}],"version-history":[{"count":3,"href":"https:\/\/lospoliticosveracruz.com\/index.php?rest_route=\/wp\/v2\/posts\/46742\/revisions"}],"predecessor-version":[{"id":46747,"href":"https:\/\/lospoliticosveracruz.com\/index.php?rest_route=\/wp\/v2\/posts\/46742\/revisions\/46747"}],"wp:featuredmedia":[{"embeddable":true,"href":"https:\/\/lospoliticosveracruz.com\/index.php?rest_route=\/wp\/v2\/media\/46743"}],"wp:attachment":[{"href":"https:\/\/lospoliticosveracruz.com\/index.php?rest_route=%2Fwp%2Fv2%2Fmedia&parent=46742"}],"wp:term":[{"taxonomy":"category","embeddable":true,"href":"https:\/\/lospoliticosveracruz.com\/index.php?rest_route=%2Fwp%2Fv2%2Fcategories&post=46742"},{"taxonomy":"post_tag","embeddable":true,"href":"https:\/\/lospoliticosveracruz.com\/index.php?rest_route=%2Fwp%2Fv2%2Ftags&post=46742"}],"curies":[{"name":"wp","href":"https:\/\/api.w.org\/{rel}","templated":true}]}}