{"id":46773,"date":"2019-02-11T09:45:44","date_gmt":"2019-02-11T15:45:44","guid":{"rendered":"http:\/\/www.lospoliticosveracruz.com.mx\/?p=46773"},"modified":"2019-02-11T09:49:09","modified_gmt":"2019-02-11T15:49:09","slug":"iglesia-da-al-cuic-lo-que-es-de-cuic","status":"publish","type":"post","link":"https:\/\/lospoliticosveracruz.com\/?p=46773","title":{"rendered":"Iglesia da al Cuic, lo que es de Cuic"},"content":{"rendered":"<p><strong>Ricardo Ch\u00faa<\/strong><\/p>\n<p><em>Sale y Vale<\/em><\/p>\n<p>SIN REMITENTE&#8230; Cuando te mueres&#8230; No sabes que estas muerto&#8230; No sufres, por ello&#8230; Pero es duro para el resto&#8230; Lo mismo pasa cuando eres un imb\u00e9cil: Albert Einstein&#8230;<\/p>\n<p>OJO&#8230; Ya pasado el tema del Congreso Local de las disputas entre los diputados de MORENA y sus aliados por el caso del Juicio Pol\u00edtico contra Winckler&#8230; Hay una fuente que nos comenta que los m\u00e1s encabronados con el resultado, que el Fiscal no se fue, son los alcaldes \u00abjarochos\u00bb que se prestaron al juego del gobierno estatal y de los Morenos para que sus cabildos aprobaran la solicitud&#8230; Ya que muchos de ellos traen pendientes legales y hasta denuncias ante la Fiscal\u00eda AntiCorrupci\u00f3n&#8230; MOCOS PETRA&#8230;<\/p>\n<p>El temor es que cuando vean que sus asuntos \u00abpendientes\u00bb en la Fiscal\u00eda surtan efecto&#8230; Las responsabilidades legales la tendr\u00e1n que enfrentar y se ver\u00edan como alcaldes, inmersos en pleitos legales porque simplemente este Fiscal no se fue y los puede trabar.. Por ello es que muchos est\u00e1n pretendiendo aplicar la \u00abJugada Guizar\u00bb para decir que est\u00e1n ac\u00e1 pero en realidad ya desde esta semana empezar\u00e1n a \u00abromper\u00bb los acuerdos con los Morenos, antes de que se las \u00abrompan\u00bb a ellos&#8230; Se acaba la alianza&#8230;<\/p>\n<p>UNO&#8230; Lo sucedido toda la semana pasada con el tema Winckler y su famoso \u00abjuicio pol\u00edtico\u00bb pone al Gobierno de Veracruz, a sus diputados locales de MORENA y su partido pol\u00edtico, como la caricatura \u00abAventura en Pa\u00f1ales\u00bb&#8230; Parece que esta Cuarta Transformaci\u00f3n empez\u00f3 como de caricatura y contin\u00faa siendo as\u00ed&#8230; Y para el colmo, ni ellos mismos se ayudan&#8230; Sus propios l\u00edderes pol\u00edticos se exhiben y muy gacho&#8230;. Vean el v\u00eddeo de Juan Javier G\u00f3mez Cazar\u00edn de ayer domingo cantando como \u00abPaco Show\u00bb&#8230;<\/p>\n<p>DOS&#8230;. Este fin de semana las dos m\u00e1ximas autoridades del gobierno estatal.. En vez de dar un mensaje de reconciliaci\u00f3n, de cambio en la pol\u00edtica y decir que tienen que empezar de nuevo&#8230; Se la pasaron desmintiendo rumores de que el secretario de Gobierno, Eric Cisneros, no hab\u00eda sido destituido o presentado la renuncia a su cargo&#8230; \u00bfC\u00f3mo para qu\u00e9?&#8230; \u00bfSirve de algo?&#8230; La Ciencia Pol\u00edtica dice algo elemental: \u00abLos rumores jam\u00e1s se desmienten&#8230;. El que aclara difunde\u00bb&#8230; Pero parece que eso no se entiende&#8230;.<\/p>\n<p>TRES&#8230; Cuando la iglesia cat\u00f3lica en Veracruz se\u00f1ala que el Gobierno del Estado no tiene rumbo, sin agenda real, ni tampoco liderazgo.. Es que ya est\u00e1s en una CRISIS DE GOBERNABILIDAD&#8230; Una situaci\u00f3n que tocamos en el espacio de ayer en esta columna&#8230; Que remarca tambi\u00e9n que hay un desencanto ciudadano porque los funcionarios son inexpertos y hasta torpes&#8230; No puede decir, el gobernador, Cuitl\u00e1huac Garc\u00eda que los periodistas son \u00abpregoneros del caos\u00bb cuando se lo dicen los representantes de Pedro en la tierra&#8230;<\/p>\n<p>El comunicado de la Arquidiocesis de Xalapa ayer es la representaci\u00f3n de la \u00abfractura\u00bb del clero en Veracruz y los entes de Gobierno, ya que los MORENOS son \u00abjuaristas\u00bb, pero m\u00e1s que nada la Grey Cat\u00f3lica se da cuenta que de continuar as\u00ed&#8230; Nadie estar\u00e1 \u00ablibre de pecado\u00bb por no haberle recordado a Cuitl\u00e1huac Garc\u00eda, que hace m\u00e1s de 2 mil a\u00f1os los jud\u00edos fueron masacrados en el Circo Romano, por la traici\u00f3n y creer en el Pueblo Bueno&#8230; Pero en aquel tiempo no hab\u00eda redes sociales, que difundieran como Pedro neg\u00f3 a Cristo en 3 ocasiones..<\/p>\n<p>Este aviso emitido por la iglesia es una manera \u00absurrealista\u00bb de deslegitimar a un gobierno estatal&#8230; Como hace muchos a\u00f1os no se hab\u00eda visto en M\u00e9xico&#8230; Un comunicado fuerte y directo a los que son titulares del poder ejecutivo en Veracruz&#8230; Sobre todo a la figura del gobernador&#8230; Y es el clero cat\u00f3lico el que lo hace patente&#8230; La religi\u00f3n m\u00e1s poderosa en el pa\u00eds, que ve a un estado sin rumbo por sus autoridades&#8230; Le est\u00e1n dando al C\u00e9sar lo que es del C\u00e9sar&#8230;<\/p>\n<p>Pero lo m\u00e1s grave de todo esto, incluido el comunicado de la arquidiocesis, es que este s\u00f3lo aviso deja claro que no hay acuerdos reales entre la iglesia y el gobierno&#8230; Y lo que es peor, emiten un anuncio causa mucha pol\u00e9mica y eso que un la iglesia no se ha metido de llen\u00f3 al ruedo de los temas de gobierno en Veracruz&#8230; Ni modo que a ellos tambi\u00e9n los llamen \u00abPregoneros del caos\u00bb&#8230; Amos uno a los otros&#8230; AMEN&#8230;<\/p>\n<p>CUATRO&#8230; Cuando el coordinador de los diputados locales de MORENA y presidente de la Junta de Coordinaci\u00f3n Pol\u00edtica del Congreso Local, Juan Javier G\u00f3mez Cazr\u00edn, despu\u00e9s del rev\u00e9s del viernes pasado con el tema Winckler&#8230; Se la pasa mof\u00e1ndose porque ese v\u00eddeo no es de a gratis, cantando como el conocido comediante \u00abPaco Show\u00bb en su carro, todo alegre y la realidad de MORENA es tambi\u00e9n el fracaso en sus gobiernos municipales y el reclamo airado a alcaldes ante la inseguridad que vive Veracruz&#8230;<\/p>\n<p>Le reclamaron ciudadanos al alcalde de Coatzacoalcos, V\u00edctor Carranza, que s\u00f3lo se prestaba \u00abal juego\u00bb de dar supuestos resultados de seguridad en aquel municipio y que los secuestros siguen&#8230; Airados los afectados le echaron \u00abcandela\u00bb al tema al decirle al mun\u00edcipe que en una reuni\u00f3n de esas, llevaba banda musical para \u00abanimar\u00bb el ambiente, cuando lo que buscan son resultados para encontrar a sus familiares desaparecidos&#8230; Que desgobierno.. Y el alcalde se qued\u00f3 sin decir palabras ante los reclamos&#8230; Deslegitimaci\u00f3n del gobierno&#8230;<\/p>\n<p>CINCO&#8230; Pero que siga la rumba el diputado, G\u00f3mez Cazar\u00edn y mientras \u00e9l canta a todo pulm\u00f3n&#8230; En Minatitl\u00e1n, el alcalde de MORENA, Nicol\u00e1s Reyes receta otra declaraci\u00f3n al Gobierno del Estado, se\u00f1alando que la ciudad no tendr\u00e1 Carnaval por la inseguridad&#8230; Y s\u00f3lo habr\u00e1 \u00abFeria Cultural\u00bb&#8230; Con ello desmienten de nuevo al secretario de Gobierno, Eric Cisneros, que apenas anunci\u00f3 que los \u00edndices delictivos hab\u00edan bajado en la regi\u00f3n&#8230; Con esos anuncios y reclamos a los alcaldes del sur&#8230; Mejor que ya ni diga nada&#8230; Se defiende mejor callado&#8230;<\/p>\n","protected":false},"excerpt":{"rendered":"<p>Ricardo Ch\u00faa Sale y Vale SIN REMITENTE&#8230; Cuando te mueres&#8230; No sabes que estas muerto&#8230; No sufres, por ello&#8230; Pero es duro para el resto&#8230; Lo mismo pasa cuando eres un imb\u00e9cil: Albert Einstein&#8230; OJO&#8230; Ya pasado el tema del Congreso Local de las disputas entre los diputados de MORENA y sus aliados por el [&hellip;]<\/p>\n","protected":false},"author":2,"featured_media":46774,"comment_status":"open","ping_status":"open","sticky":false,"template":"","format":"standard","meta":{"tdm_status":"","tdm_grid_status":"","footnotes":""},"categories":[70],"tags":[1406,371,12299,5576,6150,12695,373,1026,195],"class_list":{"0":"post-46773","1":"post","2":"type-post","3":"status-publish","4":"format-standard","5":"has-post-thumbnail","7":"category-de-opinion","8":"tag-arquidiocesis-de-xalapa","9":"tag-coatzacoalcos","10":"tag-eric-cisneros-burgos","11":"tag-fiscalia-anticorrupcion","12":"tag-jorge-winckler-ortiz","13":"tag-juan-javier-gomez-cazarin","14":"tag-minatitlan","15":"tag-morena","16":"tag-veracruz"},"yoast_head":"<!-- This site is optimized with the Yoast SEO plugin v27.4 - https:\/\/yoast.com\/product\/yoast-seo-wordpress\/ -->\n<title>Iglesia da al Cuic, lo que es de Cuic - Los pol\u00edticos Veracruz<\/title>\n<meta name=\"robots\" content=\"index, follow, max-snippet:-1, max-image-preview:large, max-video-preview:-1\" \/>\n<link rel=\"canonical\" href=\"https:\/\/lospoliticosveracruz.com\/?p=46773\" \/>\n<meta property=\"og:locale\" content=\"es_ES\" \/>\n<meta property=\"og:type\" content=\"article\" \/>\n<meta property=\"og:title\" content=\"Iglesia da al Cuic, lo que es de Cuic - Los pol\u00edticos Veracruz\" \/>\n<meta property=\"og:description\" content=\"Ricardo Ch\u00faa Sale y Vale SIN REMITENTE&#8230; Cuando te mueres&#8230; No sabes que estas muerto&#8230; No sufres, por ello&#8230; Pero es duro para el resto&#8230; Lo mismo pasa cuando eres un imb\u00e9cil: Albert Einstein&#8230; OJO&#8230; Ya pasado el tema del Congreso Local de las disputas entre los diputados de MORENA y sus aliados por el [&hellip;]\" \/>\n<meta property=\"og:url\" content=\"https:\/\/lospoliticosveracruz.com\/?p=46773\" \/>\n<meta property=\"og:site_name\" content=\"Los pol\u00edticos Veracruz\" \/>\n<meta property=\"article:publisher\" content=\"https:\/\/www.facebook.com\/people\/Notimemes-de-los-Polticos\/61565672886568\/\" \/>\n<meta property=\"article:published_time\" content=\"2019-02-11T15:45:44+00:00\" \/>\n<meta property=\"article:modified_time\" content=\"2019-02-11T15:49:09+00:00\" \/>\n<meta property=\"og:image\" content=\"https:\/\/lospoliticosveracruz.com\/wp-content\/uploads\/2019\/02\/Suazo.jpeg\" \/>\n\t<meta property=\"og:image:width\" content=\"600\" \/>\n\t<meta property=\"og:image:height\" content=\"397\" \/>\n\t<meta property=\"og:image:type\" content=\"image\/jpeg\" \/>\n<meta name=\"author\" content=\"Lo viste en Los Pol\u00edticos\" \/>\n<meta name=\"twitter:card\" content=\"summary_large_image\" \/>\n<meta name=\"twitter:creator\" content=\"@LosPoliticosVer\" \/>\n<meta name=\"twitter:site\" content=\"@LosPoliticosVer\" \/>\n<meta name=\"twitter:label1\" content=\"Escrito por\" \/>\n\t<meta name=\"twitter:data1\" content=\"Lo viste en Los Pol\u00edticos\" \/>\n\t<meta name=\"twitter:label2\" content=\"Tiempo de lectura\" \/>\n\t<meta name=\"twitter:data2\" content=\"5 minutos\" \/>\n<script type=\"application\/ld+json\" class=\"yoast-schema-graph\">{\"@context\":\"https:\\\/\\\/schema.org\",\"@graph\":[{\"@type\":\"Article\",\"@id\":\"https:\\\/\\\/lospoliticosveracruz.com\\\/?p=46773#article\",\"isPartOf\":{\"@id\":\"https:\\\/\\\/lospoliticosveracruz.com\\\/?p=46773\"},\"author\":{\"name\":\"Lo viste en Los Pol\u00edticos\",\"@id\":\"https:\\\/\\\/lospoliticosveracruz.com\\\/#\\\/schema\\\/person\\\/b8702bb0e538456e6efd07080bf2a4a2\"},\"headline\":\"Iglesia da al Cuic, lo que es de Cuic\",\"datePublished\":\"2019-02-11T15:45:44+00:00\",\"dateModified\":\"2019-02-11T15:49:09+00:00\",\"mainEntityOfPage\":{\"@id\":\"https:\\\/\\\/lospoliticosveracruz.com\\\/?p=46773\"},\"wordCount\":1066,\"commentCount\":0,\"publisher\":{\"@id\":\"https:\\\/\\\/lospoliticosveracruz.com\\\/#organization\"},\"image\":{\"@id\":\"https:\\\/\\\/lospoliticosveracruz.com\\\/?p=46773#primaryimage\"},\"thumbnailUrl\":\"https:\\\/\\\/lospoliticosveracruz.com\\\/wp-content\\\/uploads\\\/2019\\\/02\\\/Suazo.jpeg\",\"keywords\":[\"Arquidi\u00f3cesis de Xalapa\",\"Coatzacoalcos\",\"Eric Cisneros Burgos\",\"Fiscal\u00eda Anticorrupci\u00f3n\",\"Jorge Winckler Ortiz\",\"Juan Javier G\u00f3mez Cazar\u00edn\",\"Minatitl\u00e1n\",\"Morena\",\"Veracruz\"],\"articleSection\":[\"De Opini\u00f3n\"],\"inLanguage\":\"es\",\"potentialAction\":[{\"@type\":\"CommentAction\",\"name\":\"Comment\",\"target\":[\"https:\\\/\\\/lospoliticosveracruz.com\\\/?p=46773#respond\"]}]},{\"@type\":\"WebPage\",\"@id\":\"https:\\\/\\\/lospoliticosveracruz.com\\\/?p=46773\",\"url\":\"https:\\\/\\\/lospoliticosveracruz.com\\\/?p=46773\",\"name\":\"Iglesia da al Cuic, lo que es de Cuic - Los pol\u00edticos Veracruz\",\"isPartOf\":{\"@id\":\"https:\\\/\\\/lospoliticosveracruz.com\\\/#website\"},\"primaryImageOfPage\":{\"@id\":\"https:\\\/\\\/lospoliticosveracruz.com\\\/?p=46773#primaryimage\"},\"image\":{\"@id\":\"https:\\\/\\\/lospoliticosveracruz.com\\\/?p=46773#primaryimage\"},\"thumbnailUrl\":\"https:\\\/\\\/lospoliticosveracruz.com\\\/wp-content\\\/uploads\\\/2019\\\/02\\\/Suazo.jpeg\",\"datePublished\":\"2019-02-11T15:45:44+00:00\",\"dateModified\":\"2019-02-11T15:49:09+00:00\",\"breadcrumb\":{\"@id\":\"https:\\\/\\\/lospoliticosveracruz.com\\\/?p=46773#breadcrumb\"},\"inLanguage\":\"es\",\"potentialAction\":[{\"@type\":\"ReadAction\",\"target\":[\"https:\\\/\\\/lospoliticosveracruz.com\\\/?p=46773\"]}]},{\"@type\":\"ImageObject\",\"inLanguage\":\"es\",\"@id\":\"https:\\\/\\\/lospoliticosveracruz.com\\\/?p=46773#primaryimage\",\"url\":\"https:\\\/\\\/lospoliticosveracruz.com\\\/wp-content\\\/uploads\\\/2019\\\/02\\\/Suazo.jpeg\",\"contentUrl\":\"https:\\\/\\\/lospoliticosveracruz.com\\\/wp-content\\\/uploads\\\/2019\\\/02\\\/Suazo.jpeg\",\"width\":600,\"height\":397},{\"@type\":\"BreadcrumbList\",\"@id\":\"https:\\\/\\\/lospoliticosveracruz.com\\\/?p=46773#breadcrumb\",\"itemListElement\":[{\"@type\":\"ListItem\",\"position\":1,\"name\":\"Portada\",\"item\":\"https:\\\/\\\/lospoliticosveracruz.com\\\/\"},{\"@type\":\"ListItem\",\"position\":2,\"name\":\"Iglesia da al Cuic, lo que es de Cuic\"}]},{\"@type\":\"WebSite\",\"@id\":\"https:\\\/\\\/lospoliticosveracruz.com\\\/#website\",\"url\":\"https:\\\/\\\/lospoliticosveracruz.com\\\/\",\"name\":\"Los pol\u00edticos Veracruz\",\"description\":\"\",\"publisher\":{\"@id\":\"https:\\\/\\\/lospoliticosveracruz.com\\\/#organization\"},\"potentialAction\":[{\"@type\":\"SearchAction\",\"target\":{\"@type\":\"EntryPoint\",\"urlTemplate\":\"https:\\\/\\\/lospoliticosveracruz.com\\\/?s={search_term_string}\"},\"query-input\":{\"@type\":\"PropertyValueSpecification\",\"valueRequired\":true,\"valueName\":\"search_term_string\"}}],\"inLanguage\":\"es\"},{\"@type\":\"Organization\",\"@id\":\"https:\\\/\\\/lospoliticosveracruz.com\\\/#organization\",\"name\":\"Los pol\u00edticos Veracruz\",\"url\":\"https:\\\/\\\/lospoliticosveracruz.com\\\/\",\"logo\":{\"@type\":\"ImageObject\",\"inLanguage\":\"es\",\"@id\":\"https:\\\/\\\/lospoliticosveracruz.com\\\/#\\\/schema\\\/logo\\\/image\\\/\",\"url\":\"https:\\\/\\\/lospoliticosveracruz.com\\\/wp-content\\\/uploads\\\/2025\\\/12\\\/Logo-Nuevo-LOS-POLITICOS-1.jpg\",\"contentUrl\":\"https:\\\/\\\/lospoliticosveracruz.com\\\/wp-content\\\/uploads\\\/2025\\\/12\\\/Logo-Nuevo-LOS-POLITICOS-1.jpg\",\"width\":260,\"height\":70,\"caption\":\"Los pol\u00edticos Veracruz\"},\"image\":{\"@id\":\"https:\\\/\\\/lospoliticosveracruz.com\\\/#\\\/schema\\\/logo\\\/image\\\/\"},\"sameAs\":[\"https:\\\/\\\/www.facebook.com\\\/people\\\/Notimemes-de-los-Polticos\\\/61565672886568\\\/\",\"https:\\\/\\\/x.com\\\/LosPoliticosVer\"]},{\"@type\":\"Person\",\"@id\":\"https:\\\/\\\/lospoliticosveracruz.com\\\/#\\\/schema\\\/person\\\/b8702bb0e538456e6efd07080bf2a4a2\",\"name\":\"Lo viste en Los Pol\u00edticos\",\"image\":{\"@type\":\"ImageObject\",\"inLanguage\":\"es\",\"@id\":\"https:\\\/\\\/secure.gravatar.com\\\/avatar\\\/3a8de04a2656d44082be478bd6c086daa447c4651605818287b9532d3d0bd435?s=96&d=mm&r=g\",\"url\":\"https:\\\/\\\/secure.gravatar.com\\\/avatar\\\/3a8de04a2656d44082be478bd6c086daa447c4651605818287b9532d3d0bd435?s=96&d=mm&r=g\",\"contentUrl\":\"https:\\\/\\\/secure.gravatar.com\\\/avatar\\\/3a8de04a2656d44082be478bd6c086daa447c4651605818287b9532d3d0bd435?s=96&d=mm&r=g\",\"caption\":\"Lo viste en Los Pol\u00edticos\"},\"url\":\"https:\\\/\\\/lospoliticosveracruz.com\\\/?author=2\"}]}<\/script>\n<!-- \/ Yoast SEO plugin. -->","yoast_head_json":{"title":"Iglesia da al Cuic, lo que es de Cuic - Los pol\u00edticos Veracruz","robots":{"index":"index","follow":"follow","max-snippet":"max-snippet:-1","max-image-preview":"max-image-preview:large","max-video-preview":"max-video-preview:-1"},"canonical":"https:\/\/lospoliticosveracruz.com\/?p=46773","og_locale":"es_ES","og_type":"article","og_title":"Iglesia da al Cuic, lo que es de Cuic - Los pol\u00edticos Veracruz","og_description":"Ricardo Ch\u00faa Sale y Vale SIN REMITENTE&#8230; Cuando te mueres&#8230; No sabes que estas muerto&#8230; No sufres, por ello&#8230; Pero es duro para el resto&#8230; Lo mismo pasa cuando eres un imb\u00e9cil: Albert Einstein&#8230; OJO&#8230; Ya pasado el tema del Congreso Local de las disputas entre los diputados de MORENA y sus aliados por el [&hellip;]","og_url":"https:\/\/lospoliticosveracruz.com\/?p=46773","og_site_name":"Los pol\u00edticos Veracruz","article_publisher":"https:\/\/www.facebook.com\/people\/Notimemes-de-los-Polticos\/61565672886568\/","article_published_time":"2019-02-11T15:45:44+00:00","article_modified_time":"2019-02-11T15:49:09+00:00","og_image":[{"width":600,"height":397,"url":"https:\/\/lospoliticosveracruz.com\/wp-content\/uploads\/2019\/02\/Suazo.jpeg","type":"image\/jpeg"}],"author":"Lo viste en Los Pol\u00edticos","twitter_card":"summary_large_image","twitter_creator":"@LosPoliticosVer","twitter_site":"@LosPoliticosVer","twitter_misc":{"Escrito por":"Lo viste en Los Pol\u00edticos","Tiempo de lectura":"5 minutos"},"schema":{"@context":"https:\/\/schema.org","@graph":[{"@type":"Article","@id":"https:\/\/lospoliticosveracruz.com\/?p=46773#article","isPartOf":{"@id":"https:\/\/lospoliticosveracruz.com\/?p=46773"},"author":{"name":"Lo viste en Los Pol\u00edticos","@id":"https:\/\/lospoliticosveracruz.com\/#\/schema\/person\/b8702bb0e538456e6efd07080bf2a4a2"},"headline":"Iglesia da al Cuic, lo que es de Cuic","datePublished":"2019-02-11T15:45:44+00:00","dateModified":"2019-02-11T15:49:09+00:00","mainEntityOfPage":{"@id":"https:\/\/lospoliticosveracruz.com\/?p=46773"},"wordCount":1066,"commentCount":0,"publisher":{"@id":"https:\/\/lospoliticosveracruz.com\/#organization"},"image":{"@id":"https:\/\/lospoliticosveracruz.com\/?p=46773#primaryimage"},"thumbnailUrl":"https:\/\/lospoliticosveracruz.com\/wp-content\/uploads\/2019\/02\/Suazo.jpeg","keywords":["Arquidi\u00f3cesis de Xalapa","Coatzacoalcos","Eric Cisneros Burgos","Fiscal\u00eda Anticorrupci\u00f3n","Jorge Winckler Ortiz","Juan Javier G\u00f3mez Cazar\u00edn","Minatitl\u00e1n","Morena","Veracruz"],"articleSection":["De Opini\u00f3n"],"inLanguage":"es","potentialAction":[{"@type":"CommentAction","name":"Comment","target":["https:\/\/lospoliticosveracruz.com\/?p=46773#respond"]}]},{"@type":"WebPage","@id":"https:\/\/lospoliticosveracruz.com\/?p=46773","url":"https:\/\/lospoliticosveracruz.com\/?p=46773","name":"Iglesia da al Cuic, lo que es de Cuic - Los pol\u00edticos Veracruz","isPartOf":{"@id":"https:\/\/lospoliticosveracruz.com\/#website"},"primaryImageOfPage":{"@id":"https:\/\/lospoliticosveracruz.com\/?p=46773#primaryimage"},"image":{"@id":"https:\/\/lospoliticosveracruz.com\/?p=46773#primaryimage"},"thumbnailUrl":"https:\/\/lospoliticosveracruz.com\/wp-content\/uploads\/2019\/02\/Suazo.jpeg","datePublished":"2019-02-11T15:45:44+00:00","dateModified":"2019-02-11T15:49:09+00:00","breadcrumb":{"@id":"https:\/\/lospoliticosveracruz.com\/?p=46773#breadcrumb"},"inLanguage":"es","potentialAction":[{"@type":"ReadAction","target":["https:\/\/lospoliticosveracruz.com\/?p=46773"]}]},{"@type":"ImageObject","inLanguage":"es","@id":"https:\/\/lospoliticosveracruz.com\/?p=46773#primaryimage","url":"https:\/\/lospoliticosveracruz.com\/wp-content\/uploads\/2019\/02\/Suazo.jpeg","contentUrl":"https:\/\/lospoliticosveracruz.com\/wp-content\/uploads\/2019\/02\/Suazo.jpeg","width":600,"height":397},{"@type":"BreadcrumbList","@id":"https:\/\/lospoliticosveracruz.com\/?p=46773#breadcrumb","itemListElement":[{"@type":"ListItem","position":1,"name":"Portada","item":"https:\/\/lospoliticosveracruz.com\/"},{"@type":"ListItem","position":2,"name":"Iglesia da al Cuic, lo que es de Cuic"}]},{"@type":"WebSite","@id":"https:\/\/lospoliticosveracruz.com\/#website","url":"https:\/\/lospoliticosveracruz.com\/","name":"Los pol\u00edticos Veracruz","description":"","publisher":{"@id":"https:\/\/lospoliticosveracruz.com\/#organization"},"potentialAction":[{"@type":"SearchAction","target":{"@type":"EntryPoint","urlTemplate":"https:\/\/lospoliticosveracruz.com\/?s={search_term_string}"},"query-input":{"@type":"PropertyValueSpecification","valueRequired":true,"valueName":"search_term_string"}}],"inLanguage":"es"},{"@type":"Organization","@id":"https:\/\/lospoliticosveracruz.com\/#organization","name":"Los pol\u00edticos Veracruz","url":"https:\/\/lospoliticosveracruz.com\/","logo":{"@type":"ImageObject","inLanguage":"es","@id":"https:\/\/lospoliticosveracruz.com\/#\/schema\/logo\/image\/","url":"https:\/\/lospoliticosveracruz.com\/wp-content\/uploads\/2025\/12\/Logo-Nuevo-LOS-POLITICOS-1.jpg","contentUrl":"https:\/\/lospoliticosveracruz.com\/wp-content\/uploads\/2025\/12\/Logo-Nuevo-LOS-POLITICOS-1.jpg","width":260,"height":70,"caption":"Los pol\u00edticos Veracruz"},"image":{"@id":"https:\/\/lospoliticosveracruz.com\/#\/schema\/logo\/image\/"},"sameAs":["https:\/\/www.facebook.com\/people\/Notimemes-de-los-Polticos\/61565672886568\/","https:\/\/x.com\/LosPoliticosVer"]},{"@type":"Person","@id":"https:\/\/lospoliticosveracruz.com\/#\/schema\/person\/b8702bb0e538456e6efd07080bf2a4a2","name":"Lo viste en Los Pol\u00edticos","image":{"@type":"ImageObject","inLanguage":"es","@id":"https:\/\/secure.gravatar.com\/avatar\/3a8de04a2656d44082be478bd6c086daa447c4651605818287b9532d3d0bd435?s=96&d=mm&r=g","url":"https:\/\/secure.gravatar.com\/avatar\/3a8de04a2656d44082be478bd6c086daa447c4651605818287b9532d3d0bd435?s=96&d=mm&r=g","contentUrl":"https:\/\/secure.gravatar.com\/avatar\/3a8de04a2656d44082be478bd6c086daa447c4651605818287b9532d3d0bd435?s=96&d=mm&r=g","caption":"Lo viste en Los Pol\u00edticos"},"url":"https:\/\/lospoliticosveracruz.com\/?author=2"}]}},"_links":{"self":[{"href":"https:\/\/lospoliticosveracruz.com\/index.php?rest_route=\/wp\/v2\/posts\/46773","targetHints":{"allow":["GET"]}}],"collection":[{"href":"https:\/\/lospoliticosveracruz.com\/index.php?rest_route=\/wp\/v2\/posts"}],"about":[{"href":"https:\/\/lospoliticosveracruz.com\/index.php?rest_route=\/wp\/v2\/types\/post"}],"author":[{"embeddable":true,"href":"https:\/\/lospoliticosveracruz.com\/index.php?rest_route=\/wp\/v2\/users\/2"}],"replies":[{"embeddable":true,"href":"https:\/\/lospoliticosveracruz.com\/index.php?rest_route=%2Fwp%2Fv2%2Fcomments&post=46773"}],"version-history":[{"count":3,"href":"https:\/\/lospoliticosveracruz.com\/index.php?rest_route=\/wp\/v2\/posts\/46773\/revisions"}],"predecessor-version":[{"id":46777,"href":"https:\/\/lospoliticosveracruz.com\/index.php?rest_route=\/wp\/v2\/posts\/46773\/revisions\/46777"}],"wp:featuredmedia":[{"embeddable":true,"href":"https:\/\/lospoliticosveracruz.com\/index.php?rest_route=\/wp\/v2\/media\/46774"}],"wp:attachment":[{"href":"https:\/\/lospoliticosveracruz.com\/index.php?rest_route=%2Fwp%2Fv2%2Fmedia&parent=46773"}],"wp:term":[{"taxonomy":"category","embeddable":true,"href":"https:\/\/lospoliticosveracruz.com\/index.php?rest_route=%2Fwp%2Fv2%2Fcategories&post=46773"},{"taxonomy":"post_tag","embeddable":true,"href":"https:\/\/lospoliticosveracruz.com\/index.php?rest_route=%2Fwp%2Fv2%2Ftags&post=46773"}],"curies":[{"name":"wp","href":"https:\/\/api.w.org\/{rel}","templated":true}]}}