{"id":46794,"date":"2019-02-12T17:55:15","date_gmt":"2019-02-12T23:55:15","guid":{"rendered":"http:\/\/www.lospoliticosveracruz.com.mx\/?p=46794"},"modified":"2019-02-12T17:55:15","modified_gmt":"2019-02-12T23:55:15","slug":"sindicalizados-del-congreso-con-80-velitas","status":"publish","type":"post","link":"https:\/\/lospoliticosveracruz.com\/?p=46794","title":{"rendered":"Sindicalizados del Congreso, con 80 velitas"},"content":{"rendered":"<p>\u201cEl hombre vale lo que vale por el equipo humano que conforme a su alrededor, y cr\u00e9anme, somos inmensamente fuertes; porque en ustedes obtenemos trabajo, apoyo, respaldo, comentario y consejo\u201d, expres\u00f3 el diputado Presidente de la Mesa Directiva del Congreso del Estado, Jos\u00e9 Manuel Pozos Castro, a los 303 empleados que conforman el Sindicato \u00danico de Trabajadores al Servicio del Poder Legislativo (SUTSPL), con motivo de su octog\u00e9simo aniversario.<\/p>\n<p>Con una exposici\u00f3n fotogr\u00e1fica, entrega de reconocimientos, la inauguraci\u00f3n de un nuevo centro de c\u00f3mputo, m\u00fasica y fiesta, el SUTSLP celebr\u00f3 un a\u00f1o m\u00e1s de su fundaci\u00f3n.<\/p>\n<p>Antes del acto protocolario realizado en el Auditorio \u201cSebasti\u00e1n Lerdo de Tejada\u201d, el secretario general del Sindicato, Jos\u00e9 de Jes\u00fas Rodr\u00edguez Hern\u00e1ndez y el diputado Pozos Castro, inauguraron la muestra fotogr\u00e1fica que exhibe 80 a\u00f1os de historia. Fotos proporcionadas por los propios miembros del Sindicato.<\/p>\n<p>Durante la ceremonia en la que se reconoci\u00f3 el trabajo de compa\u00f1eros jubilados y quienes ostentan alg\u00fan cargo especial dentro de la LXV Legislatura, Pozos Castro se refiri\u00f3 a los compa\u00f1eros sindicalizados como una gran familia y destac\u00f3 que el di\u00e1logo con los representantes sindicales ha sido siempre muy enriquecedor, porque est\u00e1 integrado por personas con \u00e9tica y \u00e1nimo de servir a Veracruz.<\/p>\n<p>Al hacer uso de la voz, el l\u00edder sindical agradeci\u00f3 la presencia de los compa\u00f1eros jubilados y evoc\u00f3 el recuerdo de quienes ya no se encuentran entre ellos.<\/p>\n<p>\u201cUstedes son parte de la historia que no se escribe pero que nos dej\u00f3 un gran legado\u201d, reconoci\u00f3 Rodr\u00edguez Hern\u00e1ndez.<\/p>\n<p>A la celebraci\u00f3n tambi\u00e9n acudieron el diputado Vicepresidente de la Mesa Directiva, Alexis S\u00e1nchez Garc\u00eda; la diputada Mar\u00eda Esther L\u00f3pez Callejas y la diputada Nora Jessica Lagunes J\u00e1uregui, quienes fueron part\u00edcipes de la entrega de reconocimientos a las compa\u00f1eras recientemente jubiladas: Norma Yolanda Rojas y Mar\u00eda Reyna Patricia Delgado; as\u00ed como a los compa\u00f1eros en activo, Juan Carlos Pati\u00f1o y Claudia del Rosario Garc\u00eda.<\/p>\n<p>Previo a la inauguraci\u00f3n del nuevo Centro de C\u00f3mputo ubicado en el sal\u00f3n sindical, a media cuadra del Congreso, los asistentes disfrutaron de m\u00fasica jarocha, interpretada por el grupo Viva Veracruz.<\/p>\n<p>El SUTSPL fue constituido en 14 de enero de 1939, bajo el lema \u201cPor una Sociedad sin Clases\u201d y desde su constituci\u00f3n legal a la fecha, ha tenido 33 secretarios generales que son: Ignacio Mu\u00f1oz, Jos\u00e9 M. Beltr\u00e1n, Daniel Fern\u00e1ndez, Leoncio Ceballos, Ricardo L. Bueno, Jos\u00e9 M. Palafox, Felipe Tejeda, Marino Cerecedo, Rodolfo Segura, Jos\u00e9 A. Tejeda Arce, Javier V\u00e1zquez, Vicente Viveros, Maximiliano Toriz, Ricardo L. Bueno, Rodolfo Polito, Julio Arreola, Mar\u00eda Natividad Elena Quintano, Leonila Flores, Juan Antonio Rey, Fabio Trinidad, Guillermo Lara, Francisco Rodr\u00edguez, Carlos Basurto, Mar\u00eda Elena Belmonte, Hermelinda Lozada, Gabriela Aguirre, Librado A. Aguirre, Esperanza Miranda, Agustina L\u00f3pez, Lucio Ortega, Anselmo Soto, Mario Espinoza y (actualmente), Jos\u00e9 de Jes\u00fas Rodr\u00edguez.<\/p>\n","protected":false},"excerpt":{"rendered":"<p>\u201cEl hombre vale lo que vale por el equipo humano que conforme a su alrededor, y cr\u00e9anme, somos inmensamente fuertes; porque en ustedes obtenemos trabajo, apoyo, respaldo, comentario y consejo\u201d, expres\u00f3 el diputado Presidente de la Mesa Directiva del Congreso del Estado, Jos\u00e9 Manuel Pozos Castro, a los 303 empleados que conforman el Sindicato \u00danico [&hellip;]<\/p>\n","protected":false},"author":2,"featured_media":46801,"comment_status":"open","ping_status":"open","sticky":false,"template":"","format":"gallery","meta":{"tdm_status":"","tdm_grid_status":"","footnotes":""},"categories":[73],"tags":[12586,13846,13824,13827,13851,13843,13831,13845,13849,13844,13848,13825,13835,13834,3309,13826,13830,11958,13842,13823,13839,13828,13841,13850,13853,13847,13820,13840,13822,13832,13855,13837,12654,13821,900,13829,13838,13833,2808,13819],"class_list":{"0":"post-46794","1":"post","2":"type-post","3":"status-publish","4":"format-gallery","5":"has-post-thumbnail","7":"category-de-boleto","8":"tag-alexis-sanchez-garcia","9":"tag-carlos-basurto","10":"tag-claudia-del-rosario-garcia","11":"tag-daniel-fernandez","12":"tag-esperanza-miranda","13":"tag-fabio-trinidad","14":"tag-felipe-tejeda","15":"tag-francisco-rodriguez","16":"tag-gabriela-aguirre","17":"tag-guillermo-lara","18":"tag-hermelinda-lozada","19":"tag-ignacio-munoz","20":"tag-javier-vazquez","21":"tag-jose-a-tejeda-arce","22":"tag-jose-de-jesus-rodriguez-hernandez","23":"tag-jose-m-beltran","24":"tag-jose-m-palafox","25":"tag-jose-manuel-pozos-castro","26":"tag-juan-antonio-rey","27":"tag-juan-carlos-patino","28":"tag-julio-arreola","29":"tag-leoncio-ceballos","30":"tag-leonila-flores","31":"tag-librado-a-aguirre","32":"tag-lucio-ortega","33":"tag-maria-elena-belmonte","34":"tag-maria-esther-lopez-callejas","35":"tag-maria-natividad-elena-quintano","36":"tag-maria-reyna-patricia-delgado","37":"tag-marino-cerecedo","38":"tag-mario-espinoza","39":"tag-maximiliano-toriz","40":"tag-nora-jessica-lagunes-jauregui","41":"tag-norma-yolanda-rojas","42":"tag-poder-legislativo","43":"tag-ricardo-l-bueno","44":"tag-rodolfo-polito","45":"tag-rodolfo-segura","46":"tag-sebastian-lerdo-de-tejada","47":"tag-sindicato-unico-de-trabajadores-al-servicio-del-poder-legislativo","48":"post_format-post-format-gallery"},"yoast_head":"<!-- This site is optimized with the Yoast SEO plugin v27.4 - https:\/\/yoast.com\/product\/yoast-seo-wordpress\/ -->\n<title>Sindicalizados del Congreso, con 80 velitas - Los pol\u00edticos Veracruz<\/title>\n<meta name=\"robots\" content=\"index, follow, max-snippet:-1, max-image-preview:large, max-video-preview:-1\" \/>\n<link rel=\"canonical\" href=\"https:\/\/lospoliticosveracruz.com\/?p=46794\" \/>\n<meta property=\"og:locale\" content=\"es_ES\" \/>\n<meta property=\"og:type\" content=\"article\" \/>\n<meta property=\"og:title\" content=\"Sindicalizados del Congreso, con 80 velitas - Los pol\u00edticos Veracruz\" \/>\n<meta property=\"og:description\" content=\"\u201cEl hombre vale lo que vale por el equipo humano que conforme a su alrededor, y cr\u00e9anme, somos inmensamente fuertes; porque en ustedes obtenemos trabajo, apoyo, respaldo, comentario y consejo\u201d, expres\u00f3 el diputado Presidente de la Mesa Directiva del Congreso del Estado, Jos\u00e9 Manuel Pozos Castro, a los 303 empleados que conforman el Sindicato \u00danico [&hellip;]\" \/>\n<meta property=\"og:url\" content=\"https:\/\/lospoliticosveracruz.com\/?p=46794\" \/>\n<meta property=\"og:site_name\" content=\"Los pol\u00edticos Veracruz\" \/>\n<meta property=\"article:publisher\" content=\"https:\/\/www.facebook.com\/people\/Notimemes-de-los-Polticos\/61565672886568\/\" \/>\n<meta property=\"article:published_time\" content=\"2019-02-12T23:55:15+00:00\" \/>\n<meta property=\"og:image\" content=\"https:\/\/lospoliticosveracruz.com\/wp-content\/uploads\/2019\/02\/Sindicato-G.jpeg\" \/>\n\t<meta property=\"og:image:width\" content=\"600\" \/>\n\t<meta property=\"og:image:height\" content=\"400\" \/>\n\t<meta property=\"og:image:type\" content=\"image\/jpeg\" \/>\n<meta name=\"author\" content=\"Lo viste en Los Pol\u00edticos\" \/>\n<meta name=\"twitter:card\" content=\"summary_large_image\" \/>\n<meta name=\"twitter:creator\" content=\"@LosPoliticosVer\" \/>\n<meta name=\"twitter:site\" content=\"@LosPoliticosVer\" \/>\n<meta name=\"twitter:label1\" content=\"Escrito por\" \/>\n\t<meta name=\"twitter:data1\" content=\"Lo viste en Los Pol\u00edticos\" \/>\n\t<meta name=\"twitter:label2\" content=\"Tiempo de lectura\" \/>\n\t<meta name=\"twitter:data2\" content=\"3 minutos\" \/>\n<script type=\"application\/ld+json\" class=\"yoast-schema-graph\">{\"@context\":\"https:\\\/\\\/schema.org\",\"@graph\":[{\"@type\":\"Article\",\"@id\":\"https:\\\/\\\/lospoliticosveracruz.com\\\/?p=46794#article\",\"isPartOf\":{\"@id\":\"https:\\\/\\\/lospoliticosveracruz.com\\\/?p=46794\"},\"author\":{\"name\":\"Lo viste en Los Pol\u00edticos\",\"@id\":\"https:\\\/\\\/lospoliticosveracruz.com\\\/#\\\/schema\\\/person\\\/b8702bb0e538456e6efd07080bf2a4a2\"},\"headline\":\"Sindicalizados del Congreso, con 80 velitas\",\"datePublished\":\"2019-02-12T23:55:15+00:00\",\"mainEntityOfPage\":{\"@id\":\"https:\\\/\\\/lospoliticosveracruz.com\\\/?p=46794\"},\"wordCount\":513,\"commentCount\":0,\"publisher\":{\"@id\":\"https:\\\/\\\/lospoliticosveracruz.com\\\/#organization\"},\"image\":{\"@id\":\"https:\\\/\\\/lospoliticosveracruz.com\\\/?p=46794#primaryimage\"},\"thumbnailUrl\":\"https:\\\/\\\/lospoliticosveracruz.com\\\/wp-content\\\/uploads\\\/2019\\\/02\\\/Sindicato-G.jpeg\",\"keywords\":[\"Alexis S\u00e1nchez Garc\u00eda\",\"Carlos Basurto\",\"Claudia del Rosario Garc\u00eda\",\"Daniel Fern\u00e1ndez\",\"Esperanza Miranda\",\"Fabio Trinidad\",\"Felipe Tejeda\",\"Francisco Rodr\u00edguez\",\"Gabriela Aguirre\",\"Guillermo Lara\",\"Hermelinda Lozada\",\"Ignacio Mu\u00f1oz\",\"Javier V\u00e1zquez\",\"Jos\u00e9 A. Tejeda Arce\",\"Jos\u00e9 de Jes\u00fas Rodr\u00edguez Hern\u00e1ndez\",\"Jos\u00e9 M. Beltr\u00e1n\",\"Jos\u00e9 M. Palafox\",\"Jos\u00e9 Manuel Pozos Castro\",\"Juan Antonio Rey\",\"Juan Carlos Pati\u00f1o\",\"Julio Arreola\",\"Leoncio Ceballos\",\"Leonila Flores\",\"Librado A. Aguirre\",\"Lucio Ortega\",\"Mar\u00eda Elena Belmonte\",\"Mar\u00eda Esther L\u00f3pez Callejas\",\"Mar\u00eda Natividad Elena Quintano\",\"Mar\u00eda Reyna Patricia Delgado\",\"Marino Cerecedo\",\"Mario Espinoza\",\"Maximiliano Toriz\",\"Nora Jessica Lagunes J\u00e1uregui\",\"Norma Yolanda Rojas\",\"poder legislativo\",\"Ricardo L. Bueno\",\"Rodolfo Polito\",\"Rodolfo Segura\",\"Sebasti\u00e1n Lerdo de Tejada\",\"Sindicato \u00danico de Trabajadores al Servicio del Poder Legislativo\"],\"articleSection\":[\"De Boleto\"],\"inLanguage\":\"es\",\"potentialAction\":[{\"@type\":\"CommentAction\",\"name\":\"Comment\",\"target\":[\"https:\\\/\\\/lospoliticosveracruz.com\\\/?p=46794#respond\"]}]},{\"@type\":\"WebPage\",\"@id\":\"https:\\\/\\\/lospoliticosveracruz.com\\\/?p=46794\",\"url\":\"https:\\\/\\\/lospoliticosveracruz.com\\\/?p=46794\",\"name\":\"Sindicalizados del Congreso, con 80 velitas - Los pol\u00edticos Veracruz\",\"isPartOf\":{\"@id\":\"https:\\\/\\\/lospoliticosveracruz.com\\\/#website\"},\"primaryImageOfPage\":{\"@id\":\"https:\\\/\\\/lospoliticosveracruz.com\\\/?p=46794#primaryimage\"},\"image\":{\"@id\":\"https:\\\/\\\/lospoliticosveracruz.com\\\/?p=46794#primaryimage\"},\"thumbnailUrl\":\"https:\\\/\\\/lospoliticosveracruz.com\\\/wp-content\\\/uploads\\\/2019\\\/02\\\/Sindicato-G.jpeg\",\"datePublished\":\"2019-02-12T23:55:15+00:00\",\"breadcrumb\":{\"@id\":\"https:\\\/\\\/lospoliticosveracruz.com\\\/?p=46794#breadcrumb\"},\"inLanguage\":\"es\",\"potentialAction\":[{\"@type\":\"ReadAction\",\"target\":[\"https:\\\/\\\/lospoliticosveracruz.com\\\/?p=46794\"]}]},{\"@type\":\"ImageObject\",\"inLanguage\":\"es\",\"@id\":\"https:\\\/\\\/lospoliticosveracruz.com\\\/?p=46794#primaryimage\",\"url\":\"https:\\\/\\\/lospoliticosveracruz.com\\\/wp-content\\\/uploads\\\/2019\\\/02\\\/Sindicato-G.jpeg\",\"contentUrl\":\"https:\\\/\\\/lospoliticosveracruz.com\\\/wp-content\\\/uploads\\\/2019\\\/02\\\/Sindicato-G.jpeg\",\"width\":600,\"height\":400},{\"@type\":\"BreadcrumbList\",\"@id\":\"https:\\\/\\\/lospoliticosveracruz.com\\\/?p=46794#breadcrumb\",\"itemListElement\":[{\"@type\":\"ListItem\",\"position\":1,\"name\":\"Portada\",\"item\":\"https:\\\/\\\/lospoliticosveracruz.com\\\/\"},{\"@type\":\"ListItem\",\"position\":2,\"name\":\"Sindicalizados del Congreso, con 80 velitas\"}]},{\"@type\":\"WebSite\",\"@id\":\"https:\\\/\\\/lospoliticosveracruz.com\\\/#website\",\"url\":\"https:\\\/\\\/lospoliticosveracruz.com\\\/\",\"name\":\"Los pol\u00edticos Veracruz\",\"description\":\"\",\"publisher\":{\"@id\":\"https:\\\/\\\/lospoliticosveracruz.com\\\/#organization\"},\"potentialAction\":[{\"@type\":\"SearchAction\",\"target\":{\"@type\":\"EntryPoint\",\"urlTemplate\":\"https:\\\/\\\/lospoliticosveracruz.com\\\/?s={search_term_string}\"},\"query-input\":{\"@type\":\"PropertyValueSpecification\",\"valueRequired\":true,\"valueName\":\"search_term_string\"}}],\"inLanguage\":\"es\"},{\"@type\":\"Organization\",\"@id\":\"https:\\\/\\\/lospoliticosveracruz.com\\\/#organization\",\"name\":\"Los pol\u00edticos Veracruz\",\"url\":\"https:\\\/\\\/lospoliticosveracruz.com\\\/\",\"logo\":{\"@type\":\"ImageObject\",\"inLanguage\":\"es\",\"@id\":\"https:\\\/\\\/lospoliticosveracruz.com\\\/#\\\/schema\\\/logo\\\/image\\\/\",\"url\":\"https:\\\/\\\/lospoliticosveracruz.com\\\/wp-content\\\/uploads\\\/2025\\\/12\\\/Logo-Nuevo-LOS-POLITICOS-1.jpg\",\"contentUrl\":\"https:\\\/\\\/lospoliticosveracruz.com\\\/wp-content\\\/uploads\\\/2025\\\/12\\\/Logo-Nuevo-LOS-POLITICOS-1.jpg\",\"width\":260,\"height\":70,\"caption\":\"Los pol\u00edticos Veracruz\"},\"image\":{\"@id\":\"https:\\\/\\\/lospoliticosveracruz.com\\\/#\\\/schema\\\/logo\\\/image\\\/\"},\"sameAs\":[\"https:\\\/\\\/www.facebook.com\\\/people\\\/Notimemes-de-los-Polticos\\\/61565672886568\\\/\",\"https:\\\/\\\/x.com\\\/LosPoliticosVer\"]},{\"@type\":\"Person\",\"@id\":\"https:\\\/\\\/lospoliticosveracruz.com\\\/#\\\/schema\\\/person\\\/b8702bb0e538456e6efd07080bf2a4a2\",\"name\":\"Lo viste en Los Pol\u00edticos\",\"image\":{\"@type\":\"ImageObject\",\"inLanguage\":\"es\",\"@id\":\"https:\\\/\\\/secure.gravatar.com\\\/avatar\\\/3a8de04a2656d44082be478bd6c086daa447c4651605818287b9532d3d0bd435?s=96&d=mm&r=g\",\"url\":\"https:\\\/\\\/secure.gravatar.com\\\/avatar\\\/3a8de04a2656d44082be478bd6c086daa447c4651605818287b9532d3d0bd435?s=96&d=mm&r=g\",\"contentUrl\":\"https:\\\/\\\/secure.gravatar.com\\\/avatar\\\/3a8de04a2656d44082be478bd6c086daa447c4651605818287b9532d3d0bd435?s=96&d=mm&r=g\",\"caption\":\"Lo viste en Los Pol\u00edticos\"},\"url\":\"https:\\\/\\\/lospoliticosveracruz.com\\\/?author=2\"}]}<\/script>\n<!-- \/ Yoast SEO plugin. -->","yoast_head_json":{"title":"Sindicalizados del Congreso, con 80 velitas - Los pol\u00edticos Veracruz","robots":{"index":"index","follow":"follow","max-snippet":"max-snippet:-1","max-image-preview":"max-image-preview:large","max-video-preview":"max-video-preview:-1"},"canonical":"https:\/\/lospoliticosveracruz.com\/?p=46794","og_locale":"es_ES","og_type":"article","og_title":"Sindicalizados del Congreso, con 80 velitas - Los pol\u00edticos Veracruz","og_description":"\u201cEl hombre vale lo que vale por el equipo humano que conforme a su alrededor, y cr\u00e9anme, somos inmensamente fuertes; porque en ustedes obtenemos trabajo, apoyo, respaldo, comentario y consejo\u201d, expres\u00f3 el diputado Presidente de la Mesa Directiva del Congreso del Estado, Jos\u00e9 Manuel Pozos Castro, a los 303 empleados que conforman el Sindicato \u00danico [&hellip;]","og_url":"https:\/\/lospoliticosveracruz.com\/?p=46794","og_site_name":"Los pol\u00edticos Veracruz","article_publisher":"https:\/\/www.facebook.com\/people\/Notimemes-de-los-Polticos\/61565672886568\/","article_published_time":"2019-02-12T23:55:15+00:00","og_image":[{"width":600,"height":400,"url":"https:\/\/lospoliticosveracruz.com\/wp-content\/uploads\/2019\/02\/Sindicato-G.jpeg","type":"image\/jpeg"}],"author":"Lo viste en Los Pol\u00edticos","twitter_card":"summary_large_image","twitter_creator":"@LosPoliticosVer","twitter_site":"@LosPoliticosVer","twitter_misc":{"Escrito por":"Lo viste en Los Pol\u00edticos","Tiempo de lectura":"3 minutos"},"schema":{"@context":"https:\/\/schema.org","@graph":[{"@type":"Article","@id":"https:\/\/lospoliticosveracruz.com\/?p=46794#article","isPartOf":{"@id":"https:\/\/lospoliticosveracruz.com\/?p=46794"},"author":{"name":"Lo viste en Los Pol\u00edticos","@id":"https:\/\/lospoliticosveracruz.com\/#\/schema\/person\/b8702bb0e538456e6efd07080bf2a4a2"},"headline":"Sindicalizados del Congreso, con 80 velitas","datePublished":"2019-02-12T23:55:15+00:00","mainEntityOfPage":{"@id":"https:\/\/lospoliticosveracruz.com\/?p=46794"},"wordCount":513,"commentCount":0,"publisher":{"@id":"https:\/\/lospoliticosveracruz.com\/#organization"},"image":{"@id":"https:\/\/lospoliticosveracruz.com\/?p=46794#primaryimage"},"thumbnailUrl":"https:\/\/lospoliticosveracruz.com\/wp-content\/uploads\/2019\/02\/Sindicato-G.jpeg","keywords":["Alexis S\u00e1nchez Garc\u00eda","Carlos Basurto","Claudia del Rosario Garc\u00eda","Daniel Fern\u00e1ndez","Esperanza Miranda","Fabio Trinidad","Felipe Tejeda","Francisco Rodr\u00edguez","Gabriela Aguirre","Guillermo Lara","Hermelinda Lozada","Ignacio Mu\u00f1oz","Javier V\u00e1zquez","Jos\u00e9 A. Tejeda Arce","Jos\u00e9 de Jes\u00fas Rodr\u00edguez Hern\u00e1ndez","Jos\u00e9 M. Beltr\u00e1n","Jos\u00e9 M. Palafox","Jos\u00e9 Manuel Pozos Castro","Juan Antonio Rey","Juan Carlos Pati\u00f1o","Julio Arreola","Leoncio Ceballos","Leonila Flores","Librado A. Aguirre","Lucio Ortega","Mar\u00eda Elena Belmonte","Mar\u00eda Esther L\u00f3pez Callejas","Mar\u00eda Natividad Elena Quintano","Mar\u00eda Reyna Patricia Delgado","Marino Cerecedo","Mario Espinoza","Maximiliano Toriz","Nora Jessica Lagunes J\u00e1uregui","Norma Yolanda Rojas","poder legislativo","Ricardo L. Bueno","Rodolfo Polito","Rodolfo Segura","Sebasti\u00e1n Lerdo de Tejada","Sindicato \u00danico de Trabajadores al Servicio del Poder Legislativo"],"articleSection":["De Boleto"],"inLanguage":"es","potentialAction":[{"@type":"CommentAction","name":"Comment","target":["https:\/\/lospoliticosveracruz.com\/?p=46794#respond"]}]},{"@type":"WebPage","@id":"https:\/\/lospoliticosveracruz.com\/?p=46794","url":"https:\/\/lospoliticosveracruz.com\/?p=46794","name":"Sindicalizados del Congreso, con 80 velitas - Los pol\u00edticos Veracruz","isPartOf":{"@id":"https:\/\/lospoliticosveracruz.com\/#website"},"primaryImageOfPage":{"@id":"https:\/\/lospoliticosveracruz.com\/?p=46794#primaryimage"},"image":{"@id":"https:\/\/lospoliticosveracruz.com\/?p=46794#primaryimage"},"thumbnailUrl":"https:\/\/lospoliticosveracruz.com\/wp-content\/uploads\/2019\/02\/Sindicato-G.jpeg","datePublished":"2019-02-12T23:55:15+00:00","breadcrumb":{"@id":"https:\/\/lospoliticosveracruz.com\/?p=46794#breadcrumb"},"inLanguage":"es","potentialAction":[{"@type":"ReadAction","target":["https:\/\/lospoliticosveracruz.com\/?p=46794"]}]},{"@type":"ImageObject","inLanguage":"es","@id":"https:\/\/lospoliticosveracruz.com\/?p=46794#primaryimage","url":"https:\/\/lospoliticosveracruz.com\/wp-content\/uploads\/2019\/02\/Sindicato-G.jpeg","contentUrl":"https:\/\/lospoliticosveracruz.com\/wp-content\/uploads\/2019\/02\/Sindicato-G.jpeg","width":600,"height":400},{"@type":"BreadcrumbList","@id":"https:\/\/lospoliticosveracruz.com\/?p=46794#breadcrumb","itemListElement":[{"@type":"ListItem","position":1,"name":"Portada","item":"https:\/\/lospoliticosveracruz.com\/"},{"@type":"ListItem","position":2,"name":"Sindicalizados del Congreso, con 80 velitas"}]},{"@type":"WebSite","@id":"https:\/\/lospoliticosveracruz.com\/#website","url":"https:\/\/lospoliticosveracruz.com\/","name":"Los pol\u00edticos Veracruz","description":"","publisher":{"@id":"https:\/\/lospoliticosveracruz.com\/#organization"},"potentialAction":[{"@type":"SearchAction","target":{"@type":"EntryPoint","urlTemplate":"https:\/\/lospoliticosveracruz.com\/?s={search_term_string}"},"query-input":{"@type":"PropertyValueSpecification","valueRequired":true,"valueName":"search_term_string"}}],"inLanguage":"es"},{"@type":"Organization","@id":"https:\/\/lospoliticosveracruz.com\/#organization","name":"Los pol\u00edticos Veracruz","url":"https:\/\/lospoliticosveracruz.com\/","logo":{"@type":"ImageObject","inLanguage":"es","@id":"https:\/\/lospoliticosveracruz.com\/#\/schema\/logo\/image\/","url":"https:\/\/lospoliticosveracruz.com\/wp-content\/uploads\/2025\/12\/Logo-Nuevo-LOS-POLITICOS-1.jpg","contentUrl":"https:\/\/lospoliticosveracruz.com\/wp-content\/uploads\/2025\/12\/Logo-Nuevo-LOS-POLITICOS-1.jpg","width":260,"height":70,"caption":"Los pol\u00edticos Veracruz"},"image":{"@id":"https:\/\/lospoliticosveracruz.com\/#\/schema\/logo\/image\/"},"sameAs":["https:\/\/www.facebook.com\/people\/Notimemes-de-los-Polticos\/61565672886568\/","https:\/\/x.com\/LosPoliticosVer"]},{"@type":"Person","@id":"https:\/\/lospoliticosveracruz.com\/#\/schema\/person\/b8702bb0e538456e6efd07080bf2a4a2","name":"Lo viste en Los Pol\u00edticos","image":{"@type":"ImageObject","inLanguage":"es","@id":"https:\/\/secure.gravatar.com\/avatar\/3a8de04a2656d44082be478bd6c086daa447c4651605818287b9532d3d0bd435?s=96&d=mm&r=g","url":"https:\/\/secure.gravatar.com\/avatar\/3a8de04a2656d44082be478bd6c086daa447c4651605818287b9532d3d0bd435?s=96&d=mm&r=g","contentUrl":"https:\/\/secure.gravatar.com\/avatar\/3a8de04a2656d44082be478bd6c086daa447c4651605818287b9532d3d0bd435?s=96&d=mm&r=g","caption":"Lo viste en Los Pol\u00edticos"},"url":"https:\/\/lospoliticosveracruz.com\/?author=2"}]}},"_links":{"self":[{"href":"https:\/\/lospoliticosveracruz.com\/index.php?rest_route=\/wp\/v2\/posts\/46794","targetHints":{"allow":["GET"]}}],"collection":[{"href":"https:\/\/lospoliticosveracruz.com\/index.php?rest_route=\/wp\/v2\/posts"}],"about":[{"href":"https:\/\/lospoliticosveracruz.com\/index.php?rest_route=\/wp\/v2\/types\/post"}],"author":[{"embeddable":true,"href":"https:\/\/lospoliticosveracruz.com\/index.php?rest_route=\/wp\/v2\/users\/2"}],"replies":[{"embeddable":true,"href":"https:\/\/lospoliticosveracruz.com\/index.php?rest_route=%2Fwp%2Fv2%2Fcomments&post=46794"}],"version-history":[{"count":1,"href":"https:\/\/lospoliticosveracruz.com\/index.php?rest_route=\/wp\/v2\/posts\/46794\/revisions"}],"predecessor-version":[{"id":46802,"href":"https:\/\/lospoliticosveracruz.com\/index.php?rest_route=\/wp\/v2\/posts\/46794\/revisions\/46802"}],"wp:featuredmedia":[{"embeddable":true,"href":"https:\/\/lospoliticosveracruz.com\/index.php?rest_route=\/wp\/v2\/media\/46801"}],"wp:attachment":[{"href":"https:\/\/lospoliticosveracruz.com\/index.php?rest_route=%2Fwp%2Fv2%2Fmedia&parent=46794"}],"wp:term":[{"taxonomy":"category","embeddable":true,"href":"https:\/\/lospoliticosveracruz.com\/index.php?rest_route=%2Fwp%2Fv2%2Fcategories&post=46794"},{"taxonomy":"post_tag","embeddable":true,"href":"https:\/\/lospoliticosveracruz.com\/index.php?rest_route=%2Fwp%2Fv2%2Ftags&post=46794"}],"curies":[{"name":"wp","href":"https:\/\/api.w.org\/{rel}","templated":true}]}}