{"id":46806,"date":"2019-02-12T19:52:33","date_gmt":"2019-02-13T01:52:33","guid":{"rendered":"http:\/\/www.lospoliticosveracruz.com.mx\/?p=46806"},"modified":"2019-02-12T19:52:33","modified_gmt":"2019-02-13T01:52:33","slug":"mexicana-destacada","status":"publish","type":"post","link":"https:\/\/lospoliticosveracruz.com\/?p=46806","title":{"rendered":"Mexicana Destacada"},"content":{"rendered":"<p><strong>Montse Quevedo<\/strong><\/p>\n<p><em>Epifan\u00edas<\/em><\/p>\n<p>Human Rigths Watch (HRW por sus siglas en ingl\u00e9s), ha reconocido que el M\u00e1ximo Tribunal de M\u00e9xico es una instituci\u00f3n ejemplar en Am\u00e9rica Latina que se debe apoyar y destacar por sus resoluciones y se ha mostrado de acuerdo con el papel central que ha realizado en M\u00e9xico como instituci\u00f3n que protege las libertades y derecho de las personas.<\/p>\n<p>Si bien son muchas las manifestaciones que alientan a la Suprema Corte de Justicia de la Naci\u00f3n (SCJN) a seguir cumpliendo el papel que se deriva de la necesaria implementaci\u00f3n de las reformas constitucionales en materia de derechos humanos, es a ra\u00edz de estas reformas que las Ministras y Ministros, conocedores del tema, se han especializado en buscar y atraer los asuntos relacionados con la protecci\u00f3n de derechos fundamentales de las personas y hago esta introducci\u00f3n porque en una charla que dur\u00f3 enriquecedores cuarenta y cinco \u00a0minutos, con la <strong>Ministra Margarita Luna Ramos <\/strong>en su visita a Xalapa, pude constatar que la SCJN tiene un profundo compromiso con los derechos humanos y con los ciudadanos, pero m\u00e1s a\u00fan las juzgadoras e impartidoras de justicia como ella.<\/p>\n<p>Mujer inteligente, agradable, sencilla, con 44 a\u00f1os de carrera judicial, primero como oficial judicial, actuaria y secretaria de juzgado, secretaria de estudio y cuenta, juez de distrito, magistrada de distrito en materia electoral consiguiendo las dos terceras partes de votos en el Senado, es decir la mayor\u00eda calificada en el a\u00f1o 2004 para obtener su lugar como Ministra del m\u00e1ximo tribunal de este pa\u00eds, me cuenta que su labor no ha sido f\u00e1cil, pero s\u00ed es, lo que m\u00e1s le apasiona en esta vida.<\/p>\n<p>En un acto de confianza, hace un balance y afirma que al menos ella no puede pronunciarse por haber dictado una mejor sentencia sobre otra, pues firme como su car\u00e1cter, est\u00e1 convencida que todos los casos son igualmente importantes debido a que los justiciables est\u00e1n ubicando en sus manos los propios derechos, su patrimonio, su libertad a veces y en algunos casos est\u00e1n poniendo de por medio hasta su vida, insiste que si alg\u00fan asunto llega a la Corte es porque evidentemente resulta de mayor trascendencia y aunque no puede negar que durante su desempe\u00f1o tuvo que exponer casos que destacan por ser algunos m\u00e1s medi\u00e1ticos que otros, no por eso deja de lado su trascendencia jurisdiccional, pues el criterio que en ellos se ejerce marcar\u00e1 de forma definitiva la pauta y la aplicaci\u00f3n en todos los tribunales de nuestro pa\u00eds.<\/p>\n<p>Enf\u00e1tica en su postura, se\u00f1ala que en el caso de la despenalizaci\u00f3n del aborto \u2013un asunto por dem\u00e1s medi\u00e1tico que polariz\u00f3 a la sociedad mexicana\u2013 la corte nunca dijo si estaba a favor o en contra y se\u00f1ala que lo \u00fanico que hizo fue resolver la despenalizaci\u00f3n de la conducta de la persona que interrumpe el embarazo y si ello es constitucional o no.<\/p>\n<p>Revisar diariamente los asuntos del pleno a las 4:00 a.m. ha sido para ella un verdadero placer, gustosa y con una sonrisa comenta el deleite que le ocasionaba el llegar al pleno a las 11:00 a.m. a exponer un caso \u2013y lo hac\u00eda de forma extensa a decir de sus pares, quienes le bromeaban por ser la que m\u00e1s tiempo se tomaba para exposici\u00f3n de motivos\u2013 y sus mociones para impartir justicia al respecto.<\/p>\n<p>Hoy como mujer, como abogada, como mexicana, como jurista, acepta que haber ocupado un lugar en el m\u00e1ximo tribunal del pa\u00eds fue lo mejor que le pudo pasar en esta vida; quince a\u00f1os en la SCJN le dan el soporte para parafrasear a Garc\u00eda M\u00e1rquez: \u201c<em>cuando un c\u00edrculo se cierra, no tiene uno que entristecerse porque termina, al contrario, yo me siento feliz y satisfecha porque sucedi\u00f3<\/em>\u201d, finaliza.<\/p>\n<p>El pr\u00f3ximo dieciocho de febrero Margarita Beatriz Luna Ramos se jubilar\u00e1 del sitio que ocupa actualmente en el pleno y ser\u00e1 ahora Ministra en retiro, respaldada por esa calidad moral que le aventaja y llena de salud para seguir persiguiendo nuevos objetivos desde otras trincheras.<\/p>\n<p>@MontseQueVe<\/p>\n<p>montqueve@gmail.com<\/p>\n<p>&nbsp;<\/p>\n<p>&nbsp;<\/p>\n<p>&nbsp;<\/p>\n<p>&nbsp;<\/p>\n<p>&nbsp;<\/p>\n","protected":false},"excerpt":{"rendered":"<p>Montse Quevedo Epifan\u00edas Human Rigths Watch (HRW por sus siglas en ingl\u00e9s), ha reconocido que el M\u00e1ximo Tribunal de M\u00e9xico es una instituci\u00f3n ejemplar en Am\u00e9rica Latina que se debe apoyar y destacar por sus resoluciones y se ha mostrado de acuerdo con el papel central que ha realizado en M\u00e9xico como instituci\u00f3n que protege [&hellip;]<\/p>\n","protected":false},"author":2,"featured_media":46808,"comment_status":"open","ping_status":"open","sticky":false,"template":"","format":"standard","meta":{"tdm_status":"","tdm_grid_status":"","footnotes":""},"categories":[70],"tags":[13857,13858,13678,3965,6361,96],"class_list":{"0":"post-46806","1":"post","2":"type-post","3":"status-publish","4":"format-standard","5":"has-post-thumbnail","7":"category-de-opinion","8":"tag-human-rigths-watch","9":"tag-margarita-luna-ramos","10":"tag-montse-quevedo","11":"tag-scjn","12":"tag-suprema-corte-de-justicia-de-la-nacion","13":"tag-xalapa"},"yoast_head":"<!-- This site is optimized with the Yoast SEO plugin v27.4 - https:\/\/yoast.com\/product\/yoast-seo-wordpress\/ -->\n<title>Mexicana Destacada - Los pol\u00edticos Veracruz<\/title>\n<meta name=\"robots\" content=\"index, follow, max-snippet:-1, max-image-preview:large, max-video-preview:-1\" \/>\n<link rel=\"canonical\" href=\"https:\/\/lospoliticosveracruz.com\/?p=46806\" \/>\n<meta property=\"og:locale\" content=\"es_ES\" \/>\n<meta property=\"og:type\" content=\"article\" \/>\n<meta property=\"og:title\" content=\"Mexicana Destacada - Los pol\u00edticos Veracruz\" \/>\n<meta property=\"og:description\" content=\"Montse Quevedo Epifan\u00edas Human Rigths Watch (HRW por sus siglas en ingl\u00e9s), ha reconocido que el M\u00e1ximo Tribunal de M\u00e9xico es una instituci\u00f3n ejemplar en Am\u00e9rica Latina que se debe apoyar y destacar por sus resoluciones y se ha mostrado de acuerdo con el papel central que ha realizado en M\u00e9xico como instituci\u00f3n que protege [&hellip;]\" \/>\n<meta property=\"og:url\" content=\"https:\/\/lospoliticosveracruz.com\/?p=46806\" \/>\n<meta property=\"og:site_name\" content=\"Los pol\u00edticos Veracruz\" \/>\n<meta property=\"article:publisher\" content=\"https:\/\/www.facebook.com\/people\/Notimemes-de-los-Polticos\/61565672886568\/\" \/>\n<meta property=\"article:published_time\" content=\"2019-02-13T01:52:33+00:00\" \/>\n<meta property=\"og:image\" content=\"https:\/\/lospoliticosveracruz.com\/wp-content\/uploads\/2019\/02\/Ministra.jpeg\" \/>\n\t<meta property=\"og:image:width\" content=\"600\" \/>\n\t<meta property=\"og:image:height\" content=\"337\" \/>\n\t<meta property=\"og:image:type\" content=\"image\/jpeg\" \/>\n<meta name=\"author\" content=\"Lo viste en Los Pol\u00edticos\" \/>\n<meta name=\"twitter:card\" content=\"summary_large_image\" \/>\n<meta name=\"twitter:creator\" content=\"@LosPoliticosVer\" \/>\n<meta name=\"twitter:site\" content=\"@LosPoliticosVer\" \/>\n<meta name=\"twitter:label1\" content=\"Escrito por\" \/>\n\t<meta name=\"twitter:data1\" content=\"Lo viste en Los Pol\u00edticos\" \/>\n\t<meta name=\"twitter:label2\" content=\"Tiempo de lectura\" \/>\n\t<meta name=\"twitter:data2\" content=\"4 minutos\" \/>\n<script type=\"application\/ld+json\" class=\"yoast-schema-graph\">{\"@context\":\"https:\\\/\\\/schema.org\",\"@graph\":[{\"@type\":\"Article\",\"@id\":\"https:\\\/\\\/lospoliticosveracruz.com\\\/?p=46806#article\",\"isPartOf\":{\"@id\":\"https:\\\/\\\/lospoliticosveracruz.com\\\/?p=46806\"},\"author\":{\"name\":\"Lo viste en Los Pol\u00edticos\",\"@id\":\"https:\\\/\\\/lospoliticosveracruz.com\\\/#\\\/schema\\\/person\\\/b8702bb0e538456e6efd07080bf2a4a2\"},\"headline\":\"Mexicana Destacada\",\"datePublished\":\"2019-02-13T01:52:33+00:00\",\"mainEntityOfPage\":{\"@id\":\"https:\\\/\\\/lospoliticosveracruz.com\\\/?p=46806\"},\"wordCount\":721,\"commentCount\":0,\"publisher\":{\"@id\":\"https:\\\/\\\/lospoliticosveracruz.com\\\/#organization\"},\"image\":{\"@id\":\"https:\\\/\\\/lospoliticosveracruz.com\\\/?p=46806#primaryimage\"},\"thumbnailUrl\":\"https:\\\/\\\/lospoliticosveracruz.com\\\/wp-content\\\/uploads\\\/2019\\\/02\\\/Ministra.jpeg\",\"keywords\":[\"Human Rigths Watch\",\"Margarita Luna Ramos\",\"Montse Quevedo\",\"SCJN\",\"Suprema Corte de Justicia de la Naci\u00f3n\",\"Xalapa\"],\"articleSection\":[\"De Opini\u00f3n\"],\"inLanguage\":\"es\",\"potentialAction\":[{\"@type\":\"CommentAction\",\"name\":\"Comment\",\"target\":[\"https:\\\/\\\/lospoliticosveracruz.com\\\/?p=46806#respond\"]}]},{\"@type\":\"WebPage\",\"@id\":\"https:\\\/\\\/lospoliticosveracruz.com\\\/?p=46806\",\"url\":\"https:\\\/\\\/lospoliticosveracruz.com\\\/?p=46806\",\"name\":\"Mexicana Destacada - Los pol\u00edticos Veracruz\",\"isPartOf\":{\"@id\":\"https:\\\/\\\/lospoliticosveracruz.com\\\/#website\"},\"primaryImageOfPage\":{\"@id\":\"https:\\\/\\\/lospoliticosveracruz.com\\\/?p=46806#primaryimage\"},\"image\":{\"@id\":\"https:\\\/\\\/lospoliticosveracruz.com\\\/?p=46806#primaryimage\"},\"thumbnailUrl\":\"https:\\\/\\\/lospoliticosveracruz.com\\\/wp-content\\\/uploads\\\/2019\\\/02\\\/Ministra.jpeg\",\"datePublished\":\"2019-02-13T01:52:33+00:00\",\"breadcrumb\":{\"@id\":\"https:\\\/\\\/lospoliticosveracruz.com\\\/?p=46806#breadcrumb\"},\"inLanguage\":\"es\",\"potentialAction\":[{\"@type\":\"ReadAction\",\"target\":[\"https:\\\/\\\/lospoliticosveracruz.com\\\/?p=46806\"]}]},{\"@type\":\"ImageObject\",\"inLanguage\":\"es\",\"@id\":\"https:\\\/\\\/lospoliticosveracruz.com\\\/?p=46806#primaryimage\",\"url\":\"https:\\\/\\\/lospoliticosveracruz.com\\\/wp-content\\\/uploads\\\/2019\\\/02\\\/Ministra.jpeg\",\"contentUrl\":\"https:\\\/\\\/lospoliticosveracruz.com\\\/wp-content\\\/uploads\\\/2019\\\/02\\\/Ministra.jpeg\",\"width\":600,\"height\":337},{\"@type\":\"BreadcrumbList\",\"@id\":\"https:\\\/\\\/lospoliticosveracruz.com\\\/?p=46806#breadcrumb\",\"itemListElement\":[{\"@type\":\"ListItem\",\"position\":1,\"name\":\"Portada\",\"item\":\"https:\\\/\\\/lospoliticosveracruz.com\\\/\"},{\"@type\":\"ListItem\",\"position\":2,\"name\":\"Mexicana Destacada\"}]},{\"@type\":\"WebSite\",\"@id\":\"https:\\\/\\\/lospoliticosveracruz.com\\\/#website\",\"url\":\"https:\\\/\\\/lospoliticosveracruz.com\\\/\",\"name\":\"Los pol\u00edticos Veracruz\",\"description\":\"\",\"publisher\":{\"@id\":\"https:\\\/\\\/lospoliticosveracruz.com\\\/#organization\"},\"potentialAction\":[{\"@type\":\"SearchAction\",\"target\":{\"@type\":\"EntryPoint\",\"urlTemplate\":\"https:\\\/\\\/lospoliticosveracruz.com\\\/?s={search_term_string}\"},\"query-input\":{\"@type\":\"PropertyValueSpecification\",\"valueRequired\":true,\"valueName\":\"search_term_string\"}}],\"inLanguage\":\"es\"},{\"@type\":\"Organization\",\"@id\":\"https:\\\/\\\/lospoliticosveracruz.com\\\/#organization\",\"name\":\"Los pol\u00edticos Veracruz\",\"url\":\"https:\\\/\\\/lospoliticosveracruz.com\\\/\",\"logo\":{\"@type\":\"ImageObject\",\"inLanguage\":\"es\",\"@id\":\"https:\\\/\\\/lospoliticosveracruz.com\\\/#\\\/schema\\\/logo\\\/image\\\/\",\"url\":\"https:\\\/\\\/lospoliticosveracruz.com\\\/wp-content\\\/uploads\\\/2025\\\/12\\\/Logo-Nuevo-LOS-POLITICOS-1.jpg\",\"contentUrl\":\"https:\\\/\\\/lospoliticosveracruz.com\\\/wp-content\\\/uploads\\\/2025\\\/12\\\/Logo-Nuevo-LOS-POLITICOS-1.jpg\",\"width\":260,\"height\":70,\"caption\":\"Los pol\u00edticos Veracruz\"},\"image\":{\"@id\":\"https:\\\/\\\/lospoliticosveracruz.com\\\/#\\\/schema\\\/logo\\\/image\\\/\"},\"sameAs\":[\"https:\\\/\\\/www.facebook.com\\\/people\\\/Notimemes-de-los-Polticos\\\/61565672886568\\\/\",\"https:\\\/\\\/x.com\\\/LosPoliticosVer\"]},{\"@type\":\"Person\",\"@id\":\"https:\\\/\\\/lospoliticosveracruz.com\\\/#\\\/schema\\\/person\\\/b8702bb0e538456e6efd07080bf2a4a2\",\"name\":\"Lo viste en Los Pol\u00edticos\",\"image\":{\"@type\":\"ImageObject\",\"inLanguage\":\"es\",\"@id\":\"https:\\\/\\\/secure.gravatar.com\\\/avatar\\\/3a8de04a2656d44082be478bd6c086daa447c4651605818287b9532d3d0bd435?s=96&d=mm&r=g\",\"url\":\"https:\\\/\\\/secure.gravatar.com\\\/avatar\\\/3a8de04a2656d44082be478bd6c086daa447c4651605818287b9532d3d0bd435?s=96&d=mm&r=g\",\"contentUrl\":\"https:\\\/\\\/secure.gravatar.com\\\/avatar\\\/3a8de04a2656d44082be478bd6c086daa447c4651605818287b9532d3d0bd435?s=96&d=mm&r=g\",\"caption\":\"Lo viste en Los Pol\u00edticos\"},\"url\":\"https:\\\/\\\/lospoliticosveracruz.com\\\/?author=2\"}]}<\/script>\n<!-- \/ Yoast SEO plugin. -->","yoast_head_json":{"title":"Mexicana Destacada - Los pol\u00edticos Veracruz","robots":{"index":"index","follow":"follow","max-snippet":"max-snippet:-1","max-image-preview":"max-image-preview:large","max-video-preview":"max-video-preview:-1"},"canonical":"https:\/\/lospoliticosveracruz.com\/?p=46806","og_locale":"es_ES","og_type":"article","og_title":"Mexicana Destacada - Los pol\u00edticos Veracruz","og_description":"Montse Quevedo Epifan\u00edas Human Rigths Watch (HRW por sus siglas en ingl\u00e9s), ha reconocido que el M\u00e1ximo Tribunal de M\u00e9xico es una instituci\u00f3n ejemplar en Am\u00e9rica Latina que se debe apoyar y destacar por sus resoluciones y se ha mostrado de acuerdo con el papel central que ha realizado en M\u00e9xico como instituci\u00f3n que protege [&hellip;]","og_url":"https:\/\/lospoliticosveracruz.com\/?p=46806","og_site_name":"Los pol\u00edticos Veracruz","article_publisher":"https:\/\/www.facebook.com\/people\/Notimemes-de-los-Polticos\/61565672886568\/","article_published_time":"2019-02-13T01:52:33+00:00","og_image":[{"width":600,"height":337,"url":"https:\/\/lospoliticosveracruz.com\/wp-content\/uploads\/2019\/02\/Ministra.jpeg","type":"image\/jpeg"}],"author":"Lo viste en Los Pol\u00edticos","twitter_card":"summary_large_image","twitter_creator":"@LosPoliticosVer","twitter_site":"@LosPoliticosVer","twitter_misc":{"Escrito por":"Lo viste en Los Pol\u00edticos","Tiempo de lectura":"4 minutos"},"schema":{"@context":"https:\/\/schema.org","@graph":[{"@type":"Article","@id":"https:\/\/lospoliticosveracruz.com\/?p=46806#article","isPartOf":{"@id":"https:\/\/lospoliticosveracruz.com\/?p=46806"},"author":{"name":"Lo viste en Los Pol\u00edticos","@id":"https:\/\/lospoliticosveracruz.com\/#\/schema\/person\/b8702bb0e538456e6efd07080bf2a4a2"},"headline":"Mexicana Destacada","datePublished":"2019-02-13T01:52:33+00:00","mainEntityOfPage":{"@id":"https:\/\/lospoliticosveracruz.com\/?p=46806"},"wordCount":721,"commentCount":0,"publisher":{"@id":"https:\/\/lospoliticosveracruz.com\/#organization"},"image":{"@id":"https:\/\/lospoliticosveracruz.com\/?p=46806#primaryimage"},"thumbnailUrl":"https:\/\/lospoliticosveracruz.com\/wp-content\/uploads\/2019\/02\/Ministra.jpeg","keywords":["Human Rigths Watch","Margarita Luna Ramos","Montse Quevedo","SCJN","Suprema Corte de Justicia de la Naci\u00f3n","Xalapa"],"articleSection":["De Opini\u00f3n"],"inLanguage":"es","potentialAction":[{"@type":"CommentAction","name":"Comment","target":["https:\/\/lospoliticosveracruz.com\/?p=46806#respond"]}]},{"@type":"WebPage","@id":"https:\/\/lospoliticosveracruz.com\/?p=46806","url":"https:\/\/lospoliticosveracruz.com\/?p=46806","name":"Mexicana Destacada - Los pol\u00edticos Veracruz","isPartOf":{"@id":"https:\/\/lospoliticosveracruz.com\/#website"},"primaryImageOfPage":{"@id":"https:\/\/lospoliticosveracruz.com\/?p=46806#primaryimage"},"image":{"@id":"https:\/\/lospoliticosveracruz.com\/?p=46806#primaryimage"},"thumbnailUrl":"https:\/\/lospoliticosveracruz.com\/wp-content\/uploads\/2019\/02\/Ministra.jpeg","datePublished":"2019-02-13T01:52:33+00:00","breadcrumb":{"@id":"https:\/\/lospoliticosveracruz.com\/?p=46806#breadcrumb"},"inLanguage":"es","potentialAction":[{"@type":"ReadAction","target":["https:\/\/lospoliticosveracruz.com\/?p=46806"]}]},{"@type":"ImageObject","inLanguage":"es","@id":"https:\/\/lospoliticosveracruz.com\/?p=46806#primaryimage","url":"https:\/\/lospoliticosveracruz.com\/wp-content\/uploads\/2019\/02\/Ministra.jpeg","contentUrl":"https:\/\/lospoliticosveracruz.com\/wp-content\/uploads\/2019\/02\/Ministra.jpeg","width":600,"height":337},{"@type":"BreadcrumbList","@id":"https:\/\/lospoliticosveracruz.com\/?p=46806#breadcrumb","itemListElement":[{"@type":"ListItem","position":1,"name":"Portada","item":"https:\/\/lospoliticosveracruz.com\/"},{"@type":"ListItem","position":2,"name":"Mexicana Destacada"}]},{"@type":"WebSite","@id":"https:\/\/lospoliticosveracruz.com\/#website","url":"https:\/\/lospoliticosveracruz.com\/","name":"Los pol\u00edticos Veracruz","description":"","publisher":{"@id":"https:\/\/lospoliticosveracruz.com\/#organization"},"potentialAction":[{"@type":"SearchAction","target":{"@type":"EntryPoint","urlTemplate":"https:\/\/lospoliticosveracruz.com\/?s={search_term_string}"},"query-input":{"@type":"PropertyValueSpecification","valueRequired":true,"valueName":"search_term_string"}}],"inLanguage":"es"},{"@type":"Organization","@id":"https:\/\/lospoliticosveracruz.com\/#organization","name":"Los pol\u00edticos Veracruz","url":"https:\/\/lospoliticosveracruz.com\/","logo":{"@type":"ImageObject","inLanguage":"es","@id":"https:\/\/lospoliticosveracruz.com\/#\/schema\/logo\/image\/","url":"https:\/\/lospoliticosveracruz.com\/wp-content\/uploads\/2025\/12\/Logo-Nuevo-LOS-POLITICOS-1.jpg","contentUrl":"https:\/\/lospoliticosveracruz.com\/wp-content\/uploads\/2025\/12\/Logo-Nuevo-LOS-POLITICOS-1.jpg","width":260,"height":70,"caption":"Los pol\u00edticos Veracruz"},"image":{"@id":"https:\/\/lospoliticosveracruz.com\/#\/schema\/logo\/image\/"},"sameAs":["https:\/\/www.facebook.com\/people\/Notimemes-de-los-Polticos\/61565672886568\/","https:\/\/x.com\/LosPoliticosVer"]},{"@type":"Person","@id":"https:\/\/lospoliticosveracruz.com\/#\/schema\/person\/b8702bb0e538456e6efd07080bf2a4a2","name":"Lo viste en Los Pol\u00edticos","image":{"@type":"ImageObject","inLanguage":"es","@id":"https:\/\/secure.gravatar.com\/avatar\/3a8de04a2656d44082be478bd6c086daa447c4651605818287b9532d3d0bd435?s=96&d=mm&r=g","url":"https:\/\/secure.gravatar.com\/avatar\/3a8de04a2656d44082be478bd6c086daa447c4651605818287b9532d3d0bd435?s=96&d=mm&r=g","contentUrl":"https:\/\/secure.gravatar.com\/avatar\/3a8de04a2656d44082be478bd6c086daa447c4651605818287b9532d3d0bd435?s=96&d=mm&r=g","caption":"Lo viste en Los Pol\u00edticos"},"url":"https:\/\/lospoliticosveracruz.com\/?author=2"}]}},"_links":{"self":[{"href":"https:\/\/lospoliticosveracruz.com\/index.php?rest_route=\/wp\/v2\/posts\/46806","targetHints":{"allow":["GET"]}}],"collection":[{"href":"https:\/\/lospoliticosveracruz.com\/index.php?rest_route=\/wp\/v2\/posts"}],"about":[{"href":"https:\/\/lospoliticosveracruz.com\/index.php?rest_route=\/wp\/v2\/types\/post"}],"author":[{"embeddable":true,"href":"https:\/\/lospoliticosveracruz.com\/index.php?rest_route=\/wp\/v2\/users\/2"}],"replies":[{"embeddable":true,"href":"https:\/\/lospoliticosveracruz.com\/index.php?rest_route=%2Fwp%2Fv2%2Fcomments&post=46806"}],"version-history":[{"count":2,"href":"https:\/\/lospoliticosveracruz.com\/index.php?rest_route=\/wp\/v2\/posts\/46806\/revisions"}],"predecessor-version":[{"id":46809,"href":"https:\/\/lospoliticosveracruz.com\/index.php?rest_route=\/wp\/v2\/posts\/46806\/revisions\/46809"}],"wp:featuredmedia":[{"embeddable":true,"href":"https:\/\/lospoliticosveracruz.com\/index.php?rest_route=\/wp\/v2\/media\/46808"}],"wp:attachment":[{"href":"https:\/\/lospoliticosveracruz.com\/index.php?rest_route=%2Fwp%2Fv2%2Fmedia&parent=46806"}],"wp:term":[{"taxonomy":"category","embeddable":true,"href":"https:\/\/lospoliticosveracruz.com\/index.php?rest_route=%2Fwp%2Fv2%2Fcategories&post=46806"},{"taxonomy":"post_tag","embeddable":true,"href":"https:\/\/lospoliticosveracruz.com\/index.php?rest_route=%2Fwp%2Fv2%2Ftags&post=46806"}],"curies":[{"name":"wp","href":"https:\/\/api.w.org\/{rel}","templated":true}]}}