{"id":46852,"date":"2019-02-15T08:16:58","date_gmt":"2019-02-15T14:16:58","guid":{"rendered":"http:\/\/www.lospoliticosveracruz.com.mx\/?p=46852"},"modified":"2019-02-15T08:16:58","modified_gmt":"2019-02-15T14:16:58","slug":"nepotismo-e-incompetencia-mas-daninos-que-el-huachicoleo","status":"publish","type":"post","link":"https:\/\/lospoliticosveracruz.com\/?p=46852","title":{"rendered":"Nepotismo e incompetencia, m\u00e1s da\u00f1inos que el huachicoleo \u00a0"},"content":{"rendered":"<div><strong><span lang=\"ES-MX\">Ricardo V\u00e1zquez S.<\/span><\/strong><\/div>\n<div><em>Esfera Pol\u00edtica<\/em><b><span lang=\"ES-MX\">\u00a0<\/span><\/b><\/div>\n<div>\n<p><span lang=\"ES-MX\">Habr\u00e1 alguna empresa transnacional petrolera que llegue a estar interesada en contar con los servicios del ingeniero agr\u00f3nomo Octavio Romero Oropeza, director de Pemex, una vez que concluya su cargo. Habr\u00e1 alguna empresa internacional de la industria el\u00e9ctrica que pueda interesarle contar con la \u201cexperiencia\u201d del dinosaurio, ide\u00f3logo Manuel Bartlett D\u00edaz, director de la CFE. Se atrever\u00e1n los directivos de un instituto de ciencia y tecnolog\u00eda, de este pa\u00eds o de alg\u00fan otro a contar con la \u201ccapacidad\u201d del grillo David Alexir Ledesma, quien cursa el tercer semestre de licenciatura en Comunicaci\u00f3n; de Edith Arrieta Meza, quien ostenta la licenciatura en dise\u00f1o de modas, que hasta hace apenas unas horas desempe\u00f1aban los cargos de subdirector de Comunicaci\u00f3n e Informaci\u00f3n Estrat\u00e9gica y Secretaria Ejecutiva de la Comisi\u00f3n Intersecretarial de Bioseguridad de Organismos Gen\u00e9ticamente Modificados, respectivamente, en el Consejo Nacional de Ciencia y Tecnolog\u00eda, CONACYT. O por Mar\u00eda Ch\u00e1vez Garc\u00eda, que \u00fanicamente con secundaria ocupa el cargo de secretaria administrativa del fondo sectorial CONACYT-SENER, de la Secretar\u00eda de Energ\u00eda. \u00a0\u00a0\u00a0\u00a0\u00a0\u00a0\u00a0<\/span><\/p>\n<p><span lang=\"ES-MX\">Imposible que pudieran existir ejecutivos de alg\u00fan organismo de la iniciativa privada que estuvieran interesados en contratar los servicios de alguna de estas cinco personas, que al igual que estos, hacia abajo podr\u00eda haber cientos m\u00e1s que no re\u00fanen el perfil para ocupar determinado cargo p\u00fablico.<\/span><\/p>\n<p><span lang=\"ES-MX\">Por lo pronto pueden estar tranquilos en la c\u00fapula de poder por tener la certeza que ninguno de estos funcionarios ser\u00e1n \u201cchapulines fif\u00eds\u201d; es decir, que la iniciativa de Ley que envi\u00f3 el presidente Andr\u00e9s Manuel L\u00f3pez Obrador, para que ning\u00fan funcionario pueda ocupar un cargo en el sector privado relacionado con su cargo p\u00fablico, hasta diez a\u00f1os despu\u00e9s de haber terminado su gesti\u00f3n, con estos funcionarios y posiblemente con muchos m\u00e1s no habr\u00e1 problema; aunque no se entienda porqu\u00e9 raz\u00f3n se va a impedir que personas con curriculum impresionante, con ampl\u00edsima experiencia en determinada \u00e1rea pase a las filas de la iniciativa privada, de reprimir que puedan continuar gan\u00e1ndose el sustento decorosamente. De aprobarse la propuesta, lo que van a ocasionar es incentivar la fuga de cerebros, gente sumamente valiosa para el pa\u00eds. \u00a0\u00a0<\/span><\/p>\n<p><span lang=\"ES-MX\">Fue a principios del siglo pasado cuando Jos\u00e9 Ortega y Gasset dio forma a aquel aforismo: Todos los empleados p\u00fablicos deber\u00edan descender a su grado inmediato inferior, porque han sido ascendidos hasta volverse incompetentes. Posteriormente, en 1960, Laurence J. Peter, en el estudio sobre las jerarqu\u00edas en las organizaciones modernas concluy\u00f3 que las personas que realizan bien su trabajo son promocionadas a puestos de mayor responsabilidad, a tal punto que llegan a un puesto en el que no pueden formular ni siquiera los objetivos de un trabajo, y alcanzan su m\u00e1ximo nivel de incompetencia, afirmaci\u00f3n conocida como el principio de Peter.<\/span><\/p>\n<p><span lang=\"ES-MX\">Si bien es cierto que ambas aseveraciones no encajan a la perfecci\u00f3n a las referencias que hacemos en el primer p\u00e1rrafo, en estos y en muchos m\u00e1s casos en la actual administraci\u00f3n federal y en estatales, es por el hecho de que hoy en d\u00eda hay funcionarios que est\u00e1n ocupando cargos de \u00e1reas que desconocen por completo. Es decir, son personajes que no fueron ascendidos de nivel jer\u00e1rquico. Simplemente fueron impuestos para desarrollar una funci\u00f3n sin importar que carecen de toda preparaci\u00f3n y experiencia. Es la indeseable incompetencia, lo que concluyen Jos\u00e9 Ortega y Laurence J. Peter. \u00a0\u00a0<\/span><\/p>\n<p><span lang=\"ES-MX\">El nepotismo -preferencia de algunos funcionarios p\u00fablicos para dar empleos a familiares o amigos, sin importar que no est\u00e9n preparados para ocupar el cargo, sino que sean simpatizantes del grupo en el poder-, no es nuevo el fen\u00f3meno, por supuesto que no. <\/span><\/p>\n<p><span lang=\"ES-MX\">La gravedad de la anomal\u00eda es que en la actualidad se ha agudizado; ha invadido posiciones claves en las que resultar\u00e1 inconveniente improvisar con gentes que les ser\u00e1 imposible tener un desempe\u00f1o eficiente, lo que podr\u00eda provocar, adem\u00e1s de gasto infructuoso, propuesta de proyectos poco o nada rentables, p\u00e9rdida de tiempo, retraso en el desarrollo de determinados sectores, poco o nulo crecimiento econ\u00f3mico, adem\u00e1s de lo anterior, en puestos sumamente delicados en los que se requiere experiencia como es el caso de seguridad p\u00fablica, los resultados podr\u00edan ser lamentables para la poblaci\u00f3n. \u00a0\u00a0<\/span><\/p>\n<p><span lang=\"ES-MX\">El huachicoleo representa p\u00e9rdidas por el orden de los 60 mil millones de pesos al a\u00f1o, sin embargo, el nepotismo, la incompetencia y la ineficiencia, no solo pueden representar esa misma cifra multiplicada por diez; tambi\u00e9n puede costar la vida de miles de personas inocentes cada a\u00f1o, dado el ambiente de violencia e inseguridad recrudecido en determinadas regiones. \u00a0<\/span><\/p>\n<p><span lang=\"ES-MX\">Igual que en la Antigua China, el imperio romano tampoco escap\u00f3 a los esc\u00e1ndalos de nepotismo. El caso de Pompeyo y su quinto suegro, Metelo Escipi\u00f3n, a quien le cedi\u00f3 dos legiones, sin importarle que Escipi\u00f3n fuera un perfecto inepto en cuestiones militares, dio lugar a que el caso fuera denunciado ante el Senado por Marco Antonio, un tribuno de la plebe favorable a C\u00e9sar, pero no se pudo hacer nada debido a que el Senado, en esos momentos estaba dominado por los boni (\u00abhombres buenos\u00bb en lat\u00edn) fue perversamente utilizado por varios l\u00edderes pol\u00edticos en la \u00e9poca final de la Rep\u00fablica romana.<\/span><\/p>\n<p><a href=\"mailto:rvazquez002@yahoo.com.mx\" target=\"_blank\"><span lang=\"ES-MX\">rvazquez002@yahoo.com.mx<\/span><\/a><\/div>\n","protected":false},"excerpt":{"rendered":"<p>Ricardo V\u00e1zquez S. Esfera Pol\u00edtica\u00a0 Habr\u00e1 alguna empresa transnacional petrolera que llegue a estar interesada en contar con los servicios del ingeniero agr\u00f3nomo Octavio Romero Oropeza, director de Pemex, una vez que concluya su cargo. Habr\u00e1 alguna empresa internacional de la industria el\u00e9ctrica que pueda interesarle contar con la \u201cexperiencia\u201d del dinosaurio, ide\u00f3logo Manuel Bartlett [&hellip;]<\/p>\n","protected":false},"author":2,"featured_media":46459,"comment_status":"open","ping_status":"open","sticky":false,"template":"","format":"standard","meta":{"tdm_status":"","tdm_grid_status":"","footnotes":""},"categories":[70],"tags":[618,4973,1604,13884,13885,13887,13888,12280,13886,13883,372,12013],"class_list":{"0":"post-46852","1":"post","2":"type-post","3":"status-publish","4":"format-standard","5":"has-post-thumbnail","7":"category-de-opinion","8":"tag-andres-manuel-lopez-obrador","9":"tag-cfe","10":"tag-conacyt","11":"tag-david-alexir-ledesma","12":"tag-edith-arrieta-meza","13":"tag-jose-ortega-y-gasset","14":"tag-laurence-j-peter","15":"tag-manuel-bartlett-diaz","16":"tag-maria-chavez-garcia","17":"tag-octavio-romero-oropeza","18":"tag-pemex","19":"tag-ricardo-vazquez"},"yoast_head":"<!-- This site is optimized with the Yoast SEO plugin v27.4 - https:\/\/yoast.com\/product\/yoast-seo-wordpress\/ -->\n<title>Nepotismo e incompetencia, m\u00e1s da\u00f1inos que el huachicoleo \u00a0 - Los pol\u00edticos Veracruz<\/title>\n<meta name=\"robots\" content=\"index, follow, max-snippet:-1, max-image-preview:large, max-video-preview:-1\" \/>\n<link rel=\"canonical\" href=\"https:\/\/lospoliticosveracruz.com\/?p=46852\" \/>\n<meta property=\"og:locale\" content=\"es_ES\" \/>\n<meta property=\"og:type\" content=\"article\" \/>\n<meta property=\"og:title\" content=\"Nepotismo e incompetencia, m\u00e1s da\u00f1inos que el huachicoleo \u00a0 - Los pol\u00edticos Veracruz\" \/>\n<meta property=\"og:description\" content=\"Ricardo V\u00e1zquez S. Esfera Pol\u00edtica\u00a0 Habr\u00e1 alguna empresa transnacional petrolera que llegue a estar interesada en contar con los servicios del ingeniero agr\u00f3nomo Octavio Romero Oropeza, director de Pemex, una vez que concluya su cargo. Habr\u00e1 alguna empresa internacional de la industria el\u00e9ctrica que pueda interesarle contar con la \u201cexperiencia\u201d del dinosaurio, ide\u00f3logo Manuel Bartlett [&hellip;]\" \/>\n<meta property=\"og:url\" content=\"https:\/\/lospoliticosveracruz.com\/?p=46852\" \/>\n<meta property=\"og:site_name\" content=\"Los pol\u00edticos Veracruz\" \/>\n<meta property=\"article:publisher\" content=\"https:\/\/www.facebook.com\/people\/Notimemes-de-los-Polticos\/61565672886568\/\" \/>\n<meta property=\"article:published_time\" content=\"2019-02-15T14:16:58+00:00\" \/>\n<meta property=\"og:image\" content=\"https:\/\/lospoliticosveracruz.com\/wp-content\/uploads\/2019\/01\/AMLO-enfermo.jpg\" \/>\n\t<meta property=\"og:image:width\" content=\"600\" \/>\n\t<meta property=\"og:image:height\" content=\"320\" \/>\n\t<meta property=\"og:image:type\" content=\"image\/jpeg\" \/>\n<meta name=\"author\" content=\"Lo viste en Los Pol\u00edticos\" \/>\n<meta name=\"twitter:card\" content=\"summary_large_image\" \/>\n<meta name=\"twitter:creator\" content=\"@LosPoliticosVer\" \/>\n<meta name=\"twitter:site\" content=\"@LosPoliticosVer\" \/>\n<meta name=\"twitter:label1\" content=\"Escrito por\" \/>\n\t<meta name=\"twitter:data1\" content=\"Lo viste en Los Pol\u00edticos\" \/>\n\t<meta name=\"twitter:label2\" content=\"Tiempo de lectura\" \/>\n\t<meta name=\"twitter:data2\" content=\"5 minutos\" \/>\n<script type=\"application\/ld+json\" class=\"yoast-schema-graph\">{\"@context\":\"https:\\\/\\\/schema.org\",\"@graph\":[{\"@type\":\"Article\",\"@id\":\"https:\\\/\\\/lospoliticosveracruz.com\\\/?p=46852#article\",\"isPartOf\":{\"@id\":\"https:\\\/\\\/lospoliticosveracruz.com\\\/?p=46852\"},\"author\":{\"name\":\"Lo viste en Los Pol\u00edticos\",\"@id\":\"https:\\\/\\\/lospoliticosveracruz.com\\\/#\\\/schema\\\/person\\\/b8702bb0e538456e6efd07080bf2a4a2\"},\"headline\":\"Nepotismo e incompetencia, m\u00e1s da\u00f1inos que el huachicoleo \u00a0\",\"datePublished\":\"2019-02-15T14:16:58+00:00\",\"mainEntityOfPage\":{\"@id\":\"https:\\\/\\\/lospoliticosveracruz.com\\\/?p=46852\"},\"wordCount\":940,\"commentCount\":0,\"publisher\":{\"@id\":\"https:\\\/\\\/lospoliticosveracruz.com\\\/#organization\"},\"image\":{\"@id\":\"https:\\\/\\\/lospoliticosveracruz.com\\\/?p=46852#primaryimage\"},\"thumbnailUrl\":\"https:\\\/\\\/lospoliticosveracruz.com\\\/wp-content\\\/uploads\\\/2019\\\/01\\\/AMLO-enfermo.jpg\",\"keywords\":[\"Andr\u00e9s Manuel L\u00f3pez Obrador\",\"CFE\",\"Conacyt\",\"David Alexir Ledesma\",\"Edith Arrieta Meza\",\"Jos\u00e9 Ortega y Gasset\",\"Laurence J. Peter\",\"Manuel Bartlett D\u00edaz\",\"Mar\u00eda Ch\u00e1vez Garc\u00eda\",\"Octavio Romero Oropeza\",\"Pemex\",\"Ricardo V\u00e1zquez\"],\"articleSection\":[\"De Opini\u00f3n\"],\"inLanguage\":\"es\",\"potentialAction\":[{\"@type\":\"CommentAction\",\"name\":\"Comment\",\"target\":[\"https:\\\/\\\/lospoliticosveracruz.com\\\/?p=46852#respond\"]}]},{\"@type\":\"WebPage\",\"@id\":\"https:\\\/\\\/lospoliticosveracruz.com\\\/?p=46852\",\"url\":\"https:\\\/\\\/lospoliticosveracruz.com\\\/?p=46852\",\"name\":\"Nepotismo e incompetencia, m\u00e1s da\u00f1inos que el huachicoleo \u00a0 - Los pol\u00edticos Veracruz\",\"isPartOf\":{\"@id\":\"https:\\\/\\\/lospoliticosveracruz.com\\\/#website\"},\"primaryImageOfPage\":{\"@id\":\"https:\\\/\\\/lospoliticosveracruz.com\\\/?p=46852#primaryimage\"},\"image\":{\"@id\":\"https:\\\/\\\/lospoliticosveracruz.com\\\/?p=46852#primaryimage\"},\"thumbnailUrl\":\"https:\\\/\\\/lospoliticosveracruz.com\\\/wp-content\\\/uploads\\\/2019\\\/01\\\/AMLO-enfermo.jpg\",\"datePublished\":\"2019-02-15T14:16:58+00:00\",\"breadcrumb\":{\"@id\":\"https:\\\/\\\/lospoliticosveracruz.com\\\/?p=46852#breadcrumb\"},\"inLanguage\":\"es\",\"potentialAction\":[{\"@type\":\"ReadAction\",\"target\":[\"https:\\\/\\\/lospoliticosveracruz.com\\\/?p=46852\"]}]},{\"@type\":\"ImageObject\",\"inLanguage\":\"es\",\"@id\":\"https:\\\/\\\/lospoliticosveracruz.com\\\/?p=46852#primaryimage\",\"url\":\"https:\\\/\\\/lospoliticosveracruz.com\\\/wp-content\\\/uploads\\\/2019\\\/01\\\/AMLO-enfermo.jpg\",\"contentUrl\":\"https:\\\/\\\/lospoliticosveracruz.com\\\/wp-content\\\/uploads\\\/2019\\\/01\\\/AMLO-enfermo.jpg\",\"width\":600,\"height\":320},{\"@type\":\"BreadcrumbList\",\"@id\":\"https:\\\/\\\/lospoliticosveracruz.com\\\/?p=46852#breadcrumb\",\"itemListElement\":[{\"@type\":\"ListItem\",\"position\":1,\"name\":\"Portada\",\"item\":\"https:\\\/\\\/lospoliticosveracruz.com\\\/\"},{\"@type\":\"ListItem\",\"position\":2,\"name\":\"Nepotismo e incompetencia, m\u00e1s da\u00f1inos que el huachicoleo \u00a0\"}]},{\"@type\":\"WebSite\",\"@id\":\"https:\\\/\\\/lospoliticosveracruz.com\\\/#website\",\"url\":\"https:\\\/\\\/lospoliticosveracruz.com\\\/\",\"name\":\"Los pol\u00edticos Veracruz\",\"description\":\"\",\"publisher\":{\"@id\":\"https:\\\/\\\/lospoliticosveracruz.com\\\/#organization\"},\"potentialAction\":[{\"@type\":\"SearchAction\",\"target\":{\"@type\":\"EntryPoint\",\"urlTemplate\":\"https:\\\/\\\/lospoliticosveracruz.com\\\/?s={search_term_string}\"},\"query-input\":{\"@type\":\"PropertyValueSpecification\",\"valueRequired\":true,\"valueName\":\"search_term_string\"}}],\"inLanguage\":\"es\"},{\"@type\":\"Organization\",\"@id\":\"https:\\\/\\\/lospoliticosveracruz.com\\\/#organization\",\"name\":\"Los pol\u00edticos Veracruz\",\"url\":\"https:\\\/\\\/lospoliticosveracruz.com\\\/\",\"logo\":{\"@type\":\"ImageObject\",\"inLanguage\":\"es\",\"@id\":\"https:\\\/\\\/lospoliticosveracruz.com\\\/#\\\/schema\\\/logo\\\/image\\\/\",\"url\":\"https:\\\/\\\/lospoliticosveracruz.com\\\/wp-content\\\/uploads\\\/2025\\\/12\\\/Logo-Nuevo-LOS-POLITICOS-1.jpg\",\"contentUrl\":\"https:\\\/\\\/lospoliticosveracruz.com\\\/wp-content\\\/uploads\\\/2025\\\/12\\\/Logo-Nuevo-LOS-POLITICOS-1.jpg\",\"width\":260,\"height\":70,\"caption\":\"Los pol\u00edticos Veracruz\"},\"image\":{\"@id\":\"https:\\\/\\\/lospoliticosveracruz.com\\\/#\\\/schema\\\/logo\\\/image\\\/\"},\"sameAs\":[\"https:\\\/\\\/www.facebook.com\\\/people\\\/Notimemes-de-los-Polticos\\\/61565672886568\\\/\",\"https:\\\/\\\/x.com\\\/LosPoliticosVer\"]},{\"@type\":\"Person\",\"@id\":\"https:\\\/\\\/lospoliticosveracruz.com\\\/#\\\/schema\\\/person\\\/b8702bb0e538456e6efd07080bf2a4a2\",\"name\":\"Lo viste en Los Pol\u00edticos\",\"image\":{\"@type\":\"ImageObject\",\"inLanguage\":\"es\",\"@id\":\"https:\\\/\\\/secure.gravatar.com\\\/avatar\\\/3a8de04a2656d44082be478bd6c086daa447c4651605818287b9532d3d0bd435?s=96&d=mm&r=g\",\"url\":\"https:\\\/\\\/secure.gravatar.com\\\/avatar\\\/3a8de04a2656d44082be478bd6c086daa447c4651605818287b9532d3d0bd435?s=96&d=mm&r=g\",\"contentUrl\":\"https:\\\/\\\/secure.gravatar.com\\\/avatar\\\/3a8de04a2656d44082be478bd6c086daa447c4651605818287b9532d3d0bd435?s=96&d=mm&r=g\",\"caption\":\"Lo viste en Los Pol\u00edticos\"},\"url\":\"https:\\\/\\\/lospoliticosveracruz.com\\\/?author=2\"}]}<\/script>\n<!-- \/ Yoast SEO plugin. -->","yoast_head_json":{"title":"Nepotismo e incompetencia, m\u00e1s da\u00f1inos que el huachicoleo \u00a0 - Los pol\u00edticos Veracruz","robots":{"index":"index","follow":"follow","max-snippet":"max-snippet:-1","max-image-preview":"max-image-preview:large","max-video-preview":"max-video-preview:-1"},"canonical":"https:\/\/lospoliticosveracruz.com\/?p=46852","og_locale":"es_ES","og_type":"article","og_title":"Nepotismo e incompetencia, m\u00e1s da\u00f1inos que el huachicoleo \u00a0 - Los pol\u00edticos Veracruz","og_description":"Ricardo V\u00e1zquez S. Esfera Pol\u00edtica\u00a0 Habr\u00e1 alguna empresa transnacional petrolera que llegue a estar interesada en contar con los servicios del ingeniero agr\u00f3nomo Octavio Romero Oropeza, director de Pemex, una vez que concluya su cargo. Habr\u00e1 alguna empresa internacional de la industria el\u00e9ctrica que pueda interesarle contar con la \u201cexperiencia\u201d del dinosaurio, ide\u00f3logo Manuel Bartlett [&hellip;]","og_url":"https:\/\/lospoliticosveracruz.com\/?p=46852","og_site_name":"Los pol\u00edticos Veracruz","article_publisher":"https:\/\/www.facebook.com\/people\/Notimemes-de-los-Polticos\/61565672886568\/","article_published_time":"2019-02-15T14:16:58+00:00","og_image":[{"width":600,"height":320,"url":"https:\/\/lospoliticosveracruz.com\/wp-content\/uploads\/2019\/01\/AMLO-enfermo.jpg","type":"image\/jpeg"}],"author":"Lo viste en Los Pol\u00edticos","twitter_card":"summary_large_image","twitter_creator":"@LosPoliticosVer","twitter_site":"@LosPoliticosVer","twitter_misc":{"Escrito por":"Lo viste en Los Pol\u00edticos","Tiempo de lectura":"5 minutos"},"schema":{"@context":"https:\/\/schema.org","@graph":[{"@type":"Article","@id":"https:\/\/lospoliticosveracruz.com\/?p=46852#article","isPartOf":{"@id":"https:\/\/lospoliticosveracruz.com\/?p=46852"},"author":{"name":"Lo viste en Los Pol\u00edticos","@id":"https:\/\/lospoliticosveracruz.com\/#\/schema\/person\/b8702bb0e538456e6efd07080bf2a4a2"},"headline":"Nepotismo e incompetencia, m\u00e1s da\u00f1inos que el huachicoleo \u00a0","datePublished":"2019-02-15T14:16:58+00:00","mainEntityOfPage":{"@id":"https:\/\/lospoliticosveracruz.com\/?p=46852"},"wordCount":940,"commentCount":0,"publisher":{"@id":"https:\/\/lospoliticosveracruz.com\/#organization"},"image":{"@id":"https:\/\/lospoliticosveracruz.com\/?p=46852#primaryimage"},"thumbnailUrl":"https:\/\/lospoliticosveracruz.com\/wp-content\/uploads\/2019\/01\/AMLO-enfermo.jpg","keywords":["Andr\u00e9s Manuel L\u00f3pez Obrador","CFE","Conacyt","David Alexir Ledesma","Edith Arrieta Meza","Jos\u00e9 Ortega y Gasset","Laurence J. Peter","Manuel Bartlett D\u00edaz","Mar\u00eda Ch\u00e1vez Garc\u00eda","Octavio Romero Oropeza","Pemex","Ricardo V\u00e1zquez"],"articleSection":["De Opini\u00f3n"],"inLanguage":"es","potentialAction":[{"@type":"CommentAction","name":"Comment","target":["https:\/\/lospoliticosveracruz.com\/?p=46852#respond"]}]},{"@type":"WebPage","@id":"https:\/\/lospoliticosveracruz.com\/?p=46852","url":"https:\/\/lospoliticosveracruz.com\/?p=46852","name":"Nepotismo e incompetencia, m\u00e1s da\u00f1inos que el huachicoleo \u00a0 - Los pol\u00edticos Veracruz","isPartOf":{"@id":"https:\/\/lospoliticosveracruz.com\/#website"},"primaryImageOfPage":{"@id":"https:\/\/lospoliticosveracruz.com\/?p=46852#primaryimage"},"image":{"@id":"https:\/\/lospoliticosveracruz.com\/?p=46852#primaryimage"},"thumbnailUrl":"https:\/\/lospoliticosveracruz.com\/wp-content\/uploads\/2019\/01\/AMLO-enfermo.jpg","datePublished":"2019-02-15T14:16:58+00:00","breadcrumb":{"@id":"https:\/\/lospoliticosveracruz.com\/?p=46852#breadcrumb"},"inLanguage":"es","potentialAction":[{"@type":"ReadAction","target":["https:\/\/lospoliticosveracruz.com\/?p=46852"]}]},{"@type":"ImageObject","inLanguage":"es","@id":"https:\/\/lospoliticosveracruz.com\/?p=46852#primaryimage","url":"https:\/\/lospoliticosveracruz.com\/wp-content\/uploads\/2019\/01\/AMLO-enfermo.jpg","contentUrl":"https:\/\/lospoliticosveracruz.com\/wp-content\/uploads\/2019\/01\/AMLO-enfermo.jpg","width":600,"height":320},{"@type":"BreadcrumbList","@id":"https:\/\/lospoliticosveracruz.com\/?p=46852#breadcrumb","itemListElement":[{"@type":"ListItem","position":1,"name":"Portada","item":"https:\/\/lospoliticosveracruz.com\/"},{"@type":"ListItem","position":2,"name":"Nepotismo e incompetencia, m\u00e1s da\u00f1inos que el huachicoleo \u00a0"}]},{"@type":"WebSite","@id":"https:\/\/lospoliticosveracruz.com\/#website","url":"https:\/\/lospoliticosveracruz.com\/","name":"Los pol\u00edticos Veracruz","description":"","publisher":{"@id":"https:\/\/lospoliticosveracruz.com\/#organization"},"potentialAction":[{"@type":"SearchAction","target":{"@type":"EntryPoint","urlTemplate":"https:\/\/lospoliticosveracruz.com\/?s={search_term_string}"},"query-input":{"@type":"PropertyValueSpecification","valueRequired":true,"valueName":"search_term_string"}}],"inLanguage":"es"},{"@type":"Organization","@id":"https:\/\/lospoliticosveracruz.com\/#organization","name":"Los pol\u00edticos Veracruz","url":"https:\/\/lospoliticosveracruz.com\/","logo":{"@type":"ImageObject","inLanguage":"es","@id":"https:\/\/lospoliticosveracruz.com\/#\/schema\/logo\/image\/","url":"https:\/\/lospoliticosveracruz.com\/wp-content\/uploads\/2025\/12\/Logo-Nuevo-LOS-POLITICOS-1.jpg","contentUrl":"https:\/\/lospoliticosveracruz.com\/wp-content\/uploads\/2025\/12\/Logo-Nuevo-LOS-POLITICOS-1.jpg","width":260,"height":70,"caption":"Los pol\u00edticos Veracruz"},"image":{"@id":"https:\/\/lospoliticosveracruz.com\/#\/schema\/logo\/image\/"},"sameAs":["https:\/\/www.facebook.com\/people\/Notimemes-de-los-Polticos\/61565672886568\/","https:\/\/x.com\/LosPoliticosVer"]},{"@type":"Person","@id":"https:\/\/lospoliticosveracruz.com\/#\/schema\/person\/b8702bb0e538456e6efd07080bf2a4a2","name":"Lo viste en Los Pol\u00edticos","image":{"@type":"ImageObject","inLanguage":"es","@id":"https:\/\/secure.gravatar.com\/avatar\/3a8de04a2656d44082be478bd6c086daa447c4651605818287b9532d3d0bd435?s=96&d=mm&r=g","url":"https:\/\/secure.gravatar.com\/avatar\/3a8de04a2656d44082be478bd6c086daa447c4651605818287b9532d3d0bd435?s=96&d=mm&r=g","contentUrl":"https:\/\/secure.gravatar.com\/avatar\/3a8de04a2656d44082be478bd6c086daa447c4651605818287b9532d3d0bd435?s=96&d=mm&r=g","caption":"Lo viste en Los Pol\u00edticos"},"url":"https:\/\/lospoliticosveracruz.com\/?author=2"}]}},"_links":{"self":[{"href":"https:\/\/lospoliticosveracruz.com\/index.php?rest_route=\/wp\/v2\/posts\/46852","targetHints":{"allow":["GET"]}}],"collection":[{"href":"https:\/\/lospoliticosveracruz.com\/index.php?rest_route=\/wp\/v2\/posts"}],"about":[{"href":"https:\/\/lospoliticosveracruz.com\/index.php?rest_route=\/wp\/v2\/types\/post"}],"author":[{"embeddable":true,"href":"https:\/\/lospoliticosveracruz.com\/index.php?rest_route=\/wp\/v2\/users\/2"}],"replies":[{"embeddable":true,"href":"https:\/\/lospoliticosveracruz.com\/index.php?rest_route=%2Fwp%2Fv2%2Fcomments&post=46852"}],"version-history":[{"count":1,"href":"https:\/\/lospoliticosveracruz.com\/index.php?rest_route=\/wp\/v2\/posts\/46852\/revisions"}],"predecessor-version":[{"id":46853,"href":"https:\/\/lospoliticosveracruz.com\/index.php?rest_route=\/wp\/v2\/posts\/46852\/revisions\/46853"}],"wp:featuredmedia":[{"embeddable":true,"href":"https:\/\/lospoliticosveracruz.com\/index.php?rest_route=\/wp\/v2\/media\/46459"}],"wp:attachment":[{"href":"https:\/\/lospoliticosveracruz.com\/index.php?rest_route=%2Fwp%2Fv2%2Fmedia&parent=46852"}],"wp:term":[{"taxonomy":"category","embeddable":true,"href":"https:\/\/lospoliticosveracruz.com\/index.php?rest_route=%2Fwp%2Fv2%2Fcategories&post=46852"},{"taxonomy":"post_tag","embeddable":true,"href":"https:\/\/lospoliticosveracruz.com\/index.php?rest_route=%2Fwp%2Fv2%2Ftags&post=46852"}],"curies":[{"name":"wp","href":"https:\/\/api.w.org\/{rel}","templated":true}]}}