{"id":46923,"date":"2019-02-19T22:55:48","date_gmt":"2019-02-20T04:55:48","guid":{"rendered":"http:\/\/www.lospoliticosveracruz.com.mx\/?p=46923"},"modified":"2019-02-19T21:51:18","modified_gmt":"2019-02-20T03:51:18","slug":"maria-de-la-cruz-jaimes-garcia","status":"publish","type":"post","link":"https:\/\/lospoliticosveracruz.com\/?p=46923","title":{"rendered":"Mar\u00eda de la Cruz Jaimes Garc\u00eda\u00a0"},"content":{"rendered":"<p><strong>Brenda Caballero<\/strong><\/p>\n<p><em>N\u00fameros Rojos<\/em><\/p>\n<p>En la columna del lunes escrib\u00eda sobre algunas mujeres que reunieron los requisitos y se inscribieron a la convocatoria para la titularidad de la Direcci\u00f3n del Centro de Estudios para la Igualdad de G\u00e9nero y Derechos Humanos del Congreso del Estado.<\/p>\n<p>Es una direcci\u00f3n que ha sido muy cuestionada porque se considera que sus titulares no re\u00fanen el perfil que el puesto amerita para trabajar desde all\u00ed en favor de las mujeres.<\/p>\n<p>Se mencion\u00f3 que algunas inscritas fueron \u00a0Martha Lilia Ch\u00e1vez Gonz\u00e1lez, Marcela Dolores Guerra Osorno (a la que apoya el Colectivo Akelarre), Mar\u00eda Elena Garc\u00eda Filobello (de quien me precisan que no pertenece a la Red de Mujeres Feministas de Veracruz, pero la que s\u00ed pertenece es M\u00f3nica Mendoza Madrigal quien ha recibido muchas porras en diversos medios de comunicaci\u00f3n).<\/p>\n<p>A prop\u00f3sito de la Red de Mujeres Feministas de Veracruz, aparte de M\u00f3nica, propusieron a otra de sus integrantes: a Mar\u00eda del Carmen Chiu Pablo, catedr\u00e1tica de la UV en el campus Coatzacoalcos-Minatitl\u00e1n. Maneja el \u00e1rea de trabajo social desde hace muchos a\u00f1os; recientemente desde la Direcci\u00f3n de trabajo social y desarrollo comunitarios del DIF de Coatzacoalcos ha hecho se\u00f1alamientos de redes de trata de personas.<\/p>\n<p>Otras mujeres que aspiran tambi\u00e9n son Rosa Aurora Garc\u00eda Luna, presidenta de la organizaci\u00f3n Hagamos Algo, AC, quien ha realizado diversos proyectos sobre derechos de mujeres y ni\u00f1as con enfoque de g\u00e9nero, as\u00ed como derechos ind\u00edgenas.<\/p>\n<p>Tambi\u00e9n se inscribieron M\u00f3nica Morales Silva, abogada. Ella ha trabajado de Consejera Jur\u00eddica de Gobierno del Estado, especialista en derechos ciudadanos. Ethel Gonz\u00e1lez L\u00f3pez, integrante del Frente Nacional por la Familia, con m\u00e1s de 25 a\u00f1os de lucha social. Laura Magdalena Zayd\u00e9n Pav\u00f3n, ex colaboradora del OPLE. Patricia Aburto C\u00f3rdoba, Presidenta de la Fundaci\u00f3n Para ti Mujer que apoya a mujeres con c\u00e1ncer. Alondra Lil\u00ed Villanueva M\u00e1rquez, abogada; y Juana Mar\u00eda Toriz Javier, integrante del Movimiento Popular Independiente Veracruzano.<\/p>\n<p>Ellas son las doce aspirantes a la Direcci\u00f3n del Centro de Estudios para la Igualdad de G\u00e9nero y Derechos Humanos y Atenci\u00f3n a Grupos Vulnerables del Congreso del Estado. Gran trabajo tienen las integrantes de las Comisiones Permanentes para la Igualdad de G\u00e9nero y de Derechos Humanos y Atenci\u00f3n a Grupos Vulnerables de la Legislatura integradas por las diputadas Ivonne Trujillo Ortiz, Ana Miriam Ferr\u00e1ez \u00a0Centeno y Nora J\u00e9ssica Lagunes J\u00e1uregui; y la segunda comisi\u00f3n, integrada por Brianda Kristel Hern\u00e1ndez Topete, Deisy Juan Antonio y Montserrat Ortega Ruiz, quienes del 18 al 22 de febrero analizan que las aspirantes cumplan con los requisitos, para que el 22 de febrero publiquen la lista de aspirantes que pasan a la siguiente fase por medio de la p\u00e1gina oficial o en los estrados del Congreso del Estado. De all\u00ed, del 25 de febrero al primero de marzo se realizar\u00e1n las entrevistas, de las cu\u00e1les saldr\u00e1 una terna a m\u00e1s tardar el 5 de marzo, de la que la Jucopo designar\u00e1 a la titular.<\/p>\n<p>II<\/p>\n<p>Y hablando del Premio Estatal de la Mujer Veracruzana 2019, cuya convocatoria finaliza este viernes, la Red\u00a0de Mujeres Feministas de Veracruz, (Remufever) ha postulado a Mar\u00eda de la Cruz Jaimes Garc\u00eda. Ella es licenciada en Sociolog\u00eda por la Universidad Veracruzana y fundadora de la organizaci\u00f3n de la sociedad civil Colectivo Feminista Cihuatlahtolli, el cual promueve desde hace 24 a\u00f1os. Mar\u00eda difunde y defiende los derechos de las mujeres en la regi\u00f3n de Orizaba, de mujeres ind\u00edgenas de comunidades de la Sierra de Zongolica y de las mujeres de las comunidades de las Faldas del Volc\u00e1n.<\/p>\n<p>Jaimes Garc\u00eda ha apoyado la conformaci\u00f3n de Colectivos defensores de los Derechos de las Mujeres, como Kalli Luz Marina AC, Sepanian Masehual Sihuatlapaleuijke y la primera etapa de formaci\u00f3n de Ichikualistli Zihuame \u201cLa fortaleza de las mujeres\u201d, que atiende la Casa de la Mujer Ind\u00edgena de Zongolica. Apoy\u00f3 tambi\u00e9n los trabajos del equipo que atendi\u00f3 el primer Instituto Municipal de las Mujeres de R\u00edo Blanco, Veracruz.<\/p>\n<p>A partir del trabajo de Mar\u00eda de la Cruz, el Colectivo promovi\u00f3 y constituy\u00f3 en 2005 la creaci\u00f3n del primer refugio en el estado para mujeres que enfrentan violencia \u201cZiwakaitzintli\u201d (la casa de las mujeres) y desde su fundaci\u00f3n es a la fecha el \u00fanico en su especie en toda la entidad,\u00a0 que se ha sostenido gracias a la gesti\u00f3n de Mar\u00eda de la Cruz con est\u00e1ndares nacionales e internacionales para la atenci\u00f3n de mujeres. El Refugio ha sido importante para que las mujeres de la regi\u00f3n de Orizaba, del estado e incluso otros pa\u00edses,\u00a0 posean las herramientas necesarias para romper el ciclo de la violencia en la que viven y desarrollen procesos de empoderamiento s\u00f3lidos con la atenci\u00f3n psicol\u00f3gica, asesor\u00eda y acompa\u00f1amiento jur\u00eddico.<\/p>\n<p>Su compromiso social la ha llevado a otras actividades, como ser cofundadora del Grupo Multisectorial en VIH\/SIDA e ITS del Estado de Veracruz, participando en las campa\u00f1as de detecci\u00f3n temprana de VIH y en acompa\u00f1amiento a personas que viven con el VIH.<\/p>\n<p>Es f\u00e9rrea defensora de los derechos de las mujeres trabajadoras sexuales de la v\u00eda p\u00fablica de la Ciudad de Orizaba, promueve su organizaci\u00f3n y junto con ellas ha denunciado las redes de trata de personas que operan en Orizaba. Con ello, el Colectivo es parte de los Grupos de Apoyo de la Red Mexicana de Trabajo Sexual.<\/p>\n<p>&nbsp;<\/p>\n<p>@NumerosRojos_BC<\/p>\n<p><a href=\"mailto:caballero_brenda@hotmail.com\">caballero_brenda@hotmail.com<\/a><\/p>\n","protected":false},"excerpt":{"rendered":"<p>Brenda Caballero N\u00fameros Rojos En la columna del lunes escrib\u00eda sobre algunas mujeres que reunieron los requisitos y se inscribieron a la convocatoria para la titularidad de la Direcci\u00f3n del Centro de Estudios para la Igualdad de G\u00e9nero y Derechos Humanos del Congreso del Estado. Es una direcci\u00f3n que ha sido muy cuestionada porque se [&hellip;]<\/p>\n","protected":false},"author":2,"featured_media":0,"comment_status":"open","ping_status":"open","sticky":false,"template":"","format":"standard","meta":{"tdm_status":"","tdm_grid_status":"","footnotes":""},"categories":[70],"tags":[2687,13934,331,13443,4430,9078,13939,13942,13937,4843,13408,12890,13642,13940,13920,13933,13936,13922,13919,13921,13938,10402,12654,13941,12942,13935,11282],"class_list":{"0":"post-46923","1":"post","2":"type-post","3":"status-publish","4":"format-standard","6":"category-de-opinion","7":"tag-brenda-caballero","8":"tag-colectivo-akelarre","9":"tag-congreso-del-estado","10":"tag-deisy-juan-antonio","11":"tag-derechos-humanos","12":"tag-ethel-gonzalez-lopez","13":"tag-frente-nacional-por-la-familia","14":"tag-fundacion-para-ti-mujer","15":"tag-hagamos-algo","16":"tag-igualdad-de-genero","17":"tag-ivonne-trujillo-ortiz","18":"tag-juana-maria-toriz-javier","19":"tag-kristel-hernandez-topete","20":"tag-laura-magdalena-zayden-pavon","21":"tag-marcela-dolores-guerra-osorno","22":"tag-maria-de-la-cruz-jaimes-garcia","23":"tag-maria-del-carmen-chiu-pablo","24":"tag-maria-elena-garcia-filobello","25":"tag-martha-lilia-chavez-gonzalez","26":"tag-monica-mendoza-madrigal","27":"tag-monica-morales-silva","28":"tag-montserrat-ortega-ruiz","29":"tag-nora-jessica-lagunes-jauregui","30":"tag-patricia-aburto-cordoba","31":"tag-premio-estatal-de-la-mujer","32":"tag-red-de-mujeres-feministas-de-veracruz","33":"tag-rosa-aurora-garcia-luna"},"yoast_head":"<!-- This site is optimized with the Yoast SEO plugin v27.4 - https:\/\/yoast.com\/product\/yoast-seo-wordpress\/ -->\n<title>Mar\u00eda de la Cruz Jaimes Garc\u00eda\u00a0 - Los pol\u00edticos Veracruz<\/title>\n<meta name=\"robots\" content=\"index, follow, max-snippet:-1, max-image-preview:large, max-video-preview:-1\" \/>\n<link rel=\"canonical\" href=\"https:\/\/lospoliticosveracruz.com\/?p=46923\" \/>\n<meta property=\"og:locale\" content=\"es_ES\" \/>\n<meta property=\"og:type\" content=\"article\" \/>\n<meta property=\"og:title\" content=\"Mar\u00eda de la Cruz Jaimes Garc\u00eda\u00a0 - Los pol\u00edticos Veracruz\" \/>\n<meta property=\"og:description\" content=\"Brenda Caballero N\u00fameros Rojos En la columna del lunes escrib\u00eda sobre algunas mujeres que reunieron los requisitos y se inscribieron a la convocatoria para la titularidad de la Direcci\u00f3n del Centro de Estudios para la Igualdad de G\u00e9nero y Derechos Humanos del Congreso del Estado. Es una direcci\u00f3n que ha sido muy cuestionada porque se [&hellip;]\" \/>\n<meta property=\"og:url\" content=\"https:\/\/lospoliticosveracruz.com\/?p=46923\" \/>\n<meta property=\"og:site_name\" content=\"Los pol\u00edticos Veracruz\" \/>\n<meta property=\"article:publisher\" content=\"https:\/\/www.facebook.com\/people\/Notimemes-de-los-Polticos\/61565672886568\/\" \/>\n<meta property=\"article:published_time\" content=\"2019-02-20T04:55:48+00:00\" \/>\n<meta property=\"og:image\" content=\"https:\/\/lospoliticosveracruz.com\/wp-content\/uploads\/2016\/07\/Logo-Dor.jpg\" \/>\n\t<meta property=\"og:image:width\" content=\"200\" \/>\n\t<meta property=\"og:image:height\" content=\"200\" \/>\n\t<meta property=\"og:image:type\" content=\"image\/jpeg\" \/>\n<meta name=\"author\" content=\"Lo viste en Los Pol\u00edticos\" \/>\n<meta name=\"twitter:card\" content=\"summary_large_image\" \/>\n<meta name=\"twitter:creator\" content=\"@LosPoliticosVer\" \/>\n<meta name=\"twitter:site\" content=\"@LosPoliticosVer\" \/>\n<meta name=\"twitter:label1\" content=\"Escrito por\" \/>\n\t<meta name=\"twitter:data1\" content=\"Lo viste en Los Pol\u00edticos\" \/>\n\t<meta name=\"twitter:label2\" content=\"Tiempo de lectura\" \/>\n\t<meta name=\"twitter:data2\" content=\"5 minutos\" \/>\n<script type=\"application\/ld+json\" class=\"yoast-schema-graph\">{\"@context\":\"https:\\\/\\\/schema.org\",\"@graph\":[{\"@type\":\"Article\",\"@id\":\"https:\\\/\\\/lospoliticosveracruz.com\\\/?p=46923#article\",\"isPartOf\":{\"@id\":\"https:\\\/\\\/lospoliticosveracruz.com\\\/?p=46923\"},\"author\":{\"name\":\"Lo viste en Los Pol\u00edticos\",\"@id\":\"https:\\\/\\\/lospoliticosveracruz.com\\\/#\\\/schema\\\/person\\\/b8702bb0e538456e6efd07080bf2a4a2\"},\"headline\":\"Mar\u00eda de la Cruz Jaimes Garc\u00eda\u00a0\",\"datePublished\":\"2019-02-20T04:55:48+00:00\",\"mainEntityOfPage\":{\"@id\":\"https:\\\/\\\/lospoliticosveracruz.com\\\/?p=46923\"},\"wordCount\":970,\"commentCount\":0,\"publisher\":{\"@id\":\"https:\\\/\\\/lospoliticosveracruz.com\\\/#organization\"},\"keywords\":[\"Brenda Caballero\",\"Colectivo Akelarre\",\"Congreso del Estado\",\"Deisy Juan Antonio\",\"derechos humanos\",\"Ethel Gonz\u00e1lez L\u00f3pez\",\"Frente Nacional por la Familia\",\"Fundaci\u00f3n Para ti Mujer\",\"Hagamos Algo\",\"igualdad de g\u00e9nero\",\"Ivonne Trujillo Ortiz\",\"Juana Mar\u00eda Toriz Javier\",\"Kristel Hern\u00e1ndez Topete\",\"Laura Magdalena Zayd\u00e9n Pav\u00f3n\",\"Marcela Dolores Guerra Osorno\",\"Mar\u00eda de la Cruz Jaimes Garc\u00eda\",\"Mar\u00eda del Carmen Chiu Pablo\",\"Mar\u00eda Elena Garc\u00eda Filobello\",\"Martha Lilia Ch\u00e1vez Gonz\u00e1lez\",\"M\u00f3nica Mendoza Madrigal\",\"M\u00f3nica Morales Silva\",\"Montserrat Ortega Ruiz\",\"Nora Jessica Lagunes J\u00e1uregui\",\"Patricia Aburto C\u00f3rdoba\",\"Premio Estatal de la Mujer\",\"Red de Mujeres Feministas de Veracruz\",\"Rosa Aurora Garc\u00eda Luna\"],\"articleSection\":[\"De Opini\u00f3n\"],\"inLanguage\":\"es\",\"potentialAction\":[{\"@type\":\"CommentAction\",\"name\":\"Comment\",\"target\":[\"https:\\\/\\\/lospoliticosveracruz.com\\\/?p=46923#respond\"]}]},{\"@type\":\"WebPage\",\"@id\":\"https:\\\/\\\/lospoliticosveracruz.com\\\/?p=46923\",\"url\":\"https:\\\/\\\/lospoliticosveracruz.com\\\/?p=46923\",\"name\":\"Mar\u00eda de la Cruz Jaimes Garc\u00eda\u00a0 - Los pol\u00edticos Veracruz\",\"isPartOf\":{\"@id\":\"https:\\\/\\\/lospoliticosveracruz.com\\\/#website\"},\"datePublished\":\"2019-02-20T04:55:48+00:00\",\"breadcrumb\":{\"@id\":\"https:\\\/\\\/lospoliticosveracruz.com\\\/?p=46923#breadcrumb\"},\"inLanguage\":\"es\",\"potentialAction\":[{\"@type\":\"ReadAction\",\"target\":[\"https:\\\/\\\/lospoliticosveracruz.com\\\/?p=46923\"]}]},{\"@type\":\"BreadcrumbList\",\"@id\":\"https:\\\/\\\/lospoliticosveracruz.com\\\/?p=46923#breadcrumb\",\"itemListElement\":[{\"@type\":\"ListItem\",\"position\":1,\"name\":\"Portada\",\"item\":\"https:\\\/\\\/lospoliticosveracruz.com\\\/\"},{\"@type\":\"ListItem\",\"position\":2,\"name\":\"Mar\u00eda de la Cruz Jaimes Garc\u00eda\u00a0\"}]},{\"@type\":\"WebSite\",\"@id\":\"https:\\\/\\\/lospoliticosveracruz.com\\\/#website\",\"url\":\"https:\\\/\\\/lospoliticosveracruz.com\\\/\",\"name\":\"Los pol\u00edticos Veracruz\",\"description\":\"\",\"publisher\":{\"@id\":\"https:\\\/\\\/lospoliticosveracruz.com\\\/#organization\"},\"potentialAction\":[{\"@type\":\"SearchAction\",\"target\":{\"@type\":\"EntryPoint\",\"urlTemplate\":\"https:\\\/\\\/lospoliticosveracruz.com\\\/?s={search_term_string}\"},\"query-input\":{\"@type\":\"PropertyValueSpecification\",\"valueRequired\":true,\"valueName\":\"search_term_string\"}}],\"inLanguage\":\"es\"},{\"@type\":\"Organization\",\"@id\":\"https:\\\/\\\/lospoliticosveracruz.com\\\/#organization\",\"name\":\"Los pol\u00edticos Veracruz\",\"url\":\"https:\\\/\\\/lospoliticosveracruz.com\\\/\",\"logo\":{\"@type\":\"ImageObject\",\"inLanguage\":\"es\",\"@id\":\"https:\\\/\\\/lospoliticosveracruz.com\\\/#\\\/schema\\\/logo\\\/image\\\/\",\"url\":\"https:\\\/\\\/lospoliticosveracruz.com\\\/wp-content\\\/uploads\\\/2025\\\/12\\\/Logo-Nuevo-LOS-POLITICOS-1.jpg\",\"contentUrl\":\"https:\\\/\\\/lospoliticosveracruz.com\\\/wp-content\\\/uploads\\\/2025\\\/12\\\/Logo-Nuevo-LOS-POLITICOS-1.jpg\",\"width\":260,\"height\":70,\"caption\":\"Los pol\u00edticos Veracruz\"},\"image\":{\"@id\":\"https:\\\/\\\/lospoliticosveracruz.com\\\/#\\\/schema\\\/logo\\\/image\\\/\"},\"sameAs\":[\"https:\\\/\\\/www.facebook.com\\\/people\\\/Notimemes-de-los-Polticos\\\/61565672886568\\\/\",\"https:\\\/\\\/x.com\\\/LosPoliticosVer\"]},{\"@type\":\"Person\",\"@id\":\"https:\\\/\\\/lospoliticosveracruz.com\\\/#\\\/schema\\\/person\\\/b8702bb0e538456e6efd07080bf2a4a2\",\"name\":\"Lo viste en Los Pol\u00edticos\",\"image\":{\"@type\":\"ImageObject\",\"inLanguage\":\"es\",\"@id\":\"https:\\\/\\\/secure.gravatar.com\\\/avatar\\\/3a8de04a2656d44082be478bd6c086daa447c4651605818287b9532d3d0bd435?s=96&d=mm&r=g\",\"url\":\"https:\\\/\\\/secure.gravatar.com\\\/avatar\\\/3a8de04a2656d44082be478bd6c086daa447c4651605818287b9532d3d0bd435?s=96&d=mm&r=g\",\"contentUrl\":\"https:\\\/\\\/secure.gravatar.com\\\/avatar\\\/3a8de04a2656d44082be478bd6c086daa447c4651605818287b9532d3d0bd435?s=96&d=mm&r=g\",\"caption\":\"Lo viste en Los Pol\u00edticos\"},\"url\":\"https:\\\/\\\/lospoliticosveracruz.com\\\/?author=2\"}]}<\/script>\n<!-- \/ Yoast SEO plugin. -->","yoast_head_json":{"title":"Mar\u00eda de la Cruz Jaimes Garc\u00eda\u00a0 - Los pol\u00edticos Veracruz","robots":{"index":"index","follow":"follow","max-snippet":"max-snippet:-1","max-image-preview":"max-image-preview:large","max-video-preview":"max-video-preview:-1"},"canonical":"https:\/\/lospoliticosveracruz.com\/?p=46923","og_locale":"es_ES","og_type":"article","og_title":"Mar\u00eda de la Cruz Jaimes Garc\u00eda\u00a0 - Los pol\u00edticos Veracruz","og_description":"Brenda Caballero N\u00fameros Rojos En la columna del lunes escrib\u00eda sobre algunas mujeres que reunieron los requisitos y se inscribieron a la convocatoria para la titularidad de la Direcci\u00f3n del Centro de Estudios para la Igualdad de G\u00e9nero y Derechos Humanos del Congreso del Estado. Es una direcci\u00f3n que ha sido muy cuestionada porque se [&hellip;]","og_url":"https:\/\/lospoliticosveracruz.com\/?p=46923","og_site_name":"Los pol\u00edticos Veracruz","article_publisher":"https:\/\/www.facebook.com\/people\/Notimemes-de-los-Polticos\/61565672886568\/","article_published_time":"2019-02-20T04:55:48+00:00","og_image":[{"width":200,"height":200,"url":"https:\/\/lospoliticosveracruz.com\/wp-content\/uploads\/2016\/07\/Logo-Dor.jpg","type":"image\/jpeg"}],"author":"Lo viste en Los Pol\u00edticos","twitter_card":"summary_large_image","twitter_creator":"@LosPoliticosVer","twitter_site":"@LosPoliticosVer","twitter_misc":{"Escrito por":"Lo viste en Los Pol\u00edticos","Tiempo de lectura":"5 minutos"},"schema":{"@context":"https:\/\/schema.org","@graph":[{"@type":"Article","@id":"https:\/\/lospoliticosveracruz.com\/?p=46923#article","isPartOf":{"@id":"https:\/\/lospoliticosveracruz.com\/?p=46923"},"author":{"name":"Lo viste en Los Pol\u00edticos","@id":"https:\/\/lospoliticosveracruz.com\/#\/schema\/person\/b8702bb0e538456e6efd07080bf2a4a2"},"headline":"Mar\u00eda de la Cruz Jaimes Garc\u00eda\u00a0","datePublished":"2019-02-20T04:55:48+00:00","mainEntityOfPage":{"@id":"https:\/\/lospoliticosveracruz.com\/?p=46923"},"wordCount":970,"commentCount":0,"publisher":{"@id":"https:\/\/lospoliticosveracruz.com\/#organization"},"keywords":["Brenda Caballero","Colectivo Akelarre","Congreso del Estado","Deisy Juan Antonio","derechos humanos","Ethel Gonz\u00e1lez L\u00f3pez","Frente Nacional por la Familia","Fundaci\u00f3n Para ti Mujer","Hagamos Algo","igualdad de g\u00e9nero","Ivonne Trujillo Ortiz","Juana Mar\u00eda Toriz Javier","Kristel Hern\u00e1ndez Topete","Laura Magdalena Zayd\u00e9n Pav\u00f3n","Marcela Dolores Guerra Osorno","Mar\u00eda de la Cruz Jaimes Garc\u00eda","Mar\u00eda del Carmen Chiu Pablo","Mar\u00eda Elena Garc\u00eda Filobello","Martha Lilia Ch\u00e1vez Gonz\u00e1lez","M\u00f3nica Mendoza Madrigal","M\u00f3nica Morales Silva","Montserrat Ortega Ruiz","Nora Jessica Lagunes J\u00e1uregui","Patricia Aburto C\u00f3rdoba","Premio Estatal de la Mujer","Red de Mujeres Feministas de Veracruz","Rosa Aurora Garc\u00eda Luna"],"articleSection":["De Opini\u00f3n"],"inLanguage":"es","potentialAction":[{"@type":"CommentAction","name":"Comment","target":["https:\/\/lospoliticosveracruz.com\/?p=46923#respond"]}]},{"@type":"WebPage","@id":"https:\/\/lospoliticosveracruz.com\/?p=46923","url":"https:\/\/lospoliticosveracruz.com\/?p=46923","name":"Mar\u00eda de la Cruz Jaimes Garc\u00eda\u00a0 - Los pol\u00edticos Veracruz","isPartOf":{"@id":"https:\/\/lospoliticosveracruz.com\/#website"},"datePublished":"2019-02-20T04:55:48+00:00","breadcrumb":{"@id":"https:\/\/lospoliticosveracruz.com\/?p=46923#breadcrumb"},"inLanguage":"es","potentialAction":[{"@type":"ReadAction","target":["https:\/\/lospoliticosveracruz.com\/?p=46923"]}]},{"@type":"BreadcrumbList","@id":"https:\/\/lospoliticosveracruz.com\/?p=46923#breadcrumb","itemListElement":[{"@type":"ListItem","position":1,"name":"Portada","item":"https:\/\/lospoliticosveracruz.com\/"},{"@type":"ListItem","position":2,"name":"Mar\u00eda de la Cruz Jaimes Garc\u00eda\u00a0"}]},{"@type":"WebSite","@id":"https:\/\/lospoliticosveracruz.com\/#website","url":"https:\/\/lospoliticosveracruz.com\/","name":"Los pol\u00edticos Veracruz","description":"","publisher":{"@id":"https:\/\/lospoliticosveracruz.com\/#organization"},"potentialAction":[{"@type":"SearchAction","target":{"@type":"EntryPoint","urlTemplate":"https:\/\/lospoliticosveracruz.com\/?s={search_term_string}"},"query-input":{"@type":"PropertyValueSpecification","valueRequired":true,"valueName":"search_term_string"}}],"inLanguage":"es"},{"@type":"Organization","@id":"https:\/\/lospoliticosveracruz.com\/#organization","name":"Los pol\u00edticos Veracruz","url":"https:\/\/lospoliticosveracruz.com\/","logo":{"@type":"ImageObject","inLanguage":"es","@id":"https:\/\/lospoliticosveracruz.com\/#\/schema\/logo\/image\/","url":"https:\/\/lospoliticosveracruz.com\/wp-content\/uploads\/2025\/12\/Logo-Nuevo-LOS-POLITICOS-1.jpg","contentUrl":"https:\/\/lospoliticosveracruz.com\/wp-content\/uploads\/2025\/12\/Logo-Nuevo-LOS-POLITICOS-1.jpg","width":260,"height":70,"caption":"Los pol\u00edticos Veracruz"},"image":{"@id":"https:\/\/lospoliticosveracruz.com\/#\/schema\/logo\/image\/"},"sameAs":["https:\/\/www.facebook.com\/people\/Notimemes-de-los-Polticos\/61565672886568\/","https:\/\/x.com\/LosPoliticosVer"]},{"@type":"Person","@id":"https:\/\/lospoliticosveracruz.com\/#\/schema\/person\/b8702bb0e538456e6efd07080bf2a4a2","name":"Lo viste en Los Pol\u00edticos","image":{"@type":"ImageObject","inLanguage":"es","@id":"https:\/\/secure.gravatar.com\/avatar\/3a8de04a2656d44082be478bd6c086daa447c4651605818287b9532d3d0bd435?s=96&d=mm&r=g","url":"https:\/\/secure.gravatar.com\/avatar\/3a8de04a2656d44082be478bd6c086daa447c4651605818287b9532d3d0bd435?s=96&d=mm&r=g","contentUrl":"https:\/\/secure.gravatar.com\/avatar\/3a8de04a2656d44082be478bd6c086daa447c4651605818287b9532d3d0bd435?s=96&d=mm&r=g","caption":"Lo viste en Los Pol\u00edticos"},"url":"https:\/\/lospoliticosveracruz.com\/?author=2"}]}},"_links":{"self":[{"href":"https:\/\/lospoliticosveracruz.com\/index.php?rest_route=\/wp\/v2\/posts\/46923","targetHints":{"allow":["GET"]}}],"collection":[{"href":"https:\/\/lospoliticosveracruz.com\/index.php?rest_route=\/wp\/v2\/posts"}],"about":[{"href":"https:\/\/lospoliticosveracruz.com\/index.php?rest_route=\/wp\/v2\/types\/post"}],"author":[{"embeddable":true,"href":"https:\/\/lospoliticosveracruz.com\/index.php?rest_route=\/wp\/v2\/users\/2"}],"replies":[{"embeddable":true,"href":"https:\/\/lospoliticosveracruz.com\/index.php?rest_route=%2Fwp%2Fv2%2Fcomments&post=46923"}],"version-history":[{"count":1,"href":"https:\/\/lospoliticosveracruz.com\/index.php?rest_route=\/wp\/v2\/posts\/46923\/revisions"}],"predecessor-version":[{"id":46924,"href":"https:\/\/lospoliticosveracruz.com\/index.php?rest_route=\/wp\/v2\/posts\/46923\/revisions\/46924"}],"wp:attachment":[{"href":"https:\/\/lospoliticosveracruz.com\/index.php?rest_route=%2Fwp%2Fv2%2Fmedia&parent=46923"}],"wp:term":[{"taxonomy":"category","embeddable":true,"href":"https:\/\/lospoliticosveracruz.com\/index.php?rest_route=%2Fwp%2Fv2%2Fcategories&post=46923"},{"taxonomy":"post_tag","embeddable":true,"href":"https:\/\/lospoliticosveracruz.com\/index.php?rest_route=%2Fwp%2Fv2%2Ftags&post=46923"}],"curies":[{"name":"wp","href":"https:\/\/api.w.org\/{rel}","templated":true}]}}