{"id":46989,"date":"2019-02-24T15:59:01","date_gmt":"2019-02-24T21:59:01","guid":{"rendered":"http:\/\/www.lospoliticosveracruz.com.mx\/?p=46989"},"modified":"2019-02-24T15:59:01","modified_gmt":"2019-02-24T21:59:01","slug":"marlon-esta-agarrando-fuerza","status":"publish","type":"post","link":"https:\/\/lospoliticosveracruz.com\/?p=46989","title":{"rendered":"Marlon est\u00e1 agarrando fuerza"},"content":{"rendered":"<p><strong>Ricardo Ch\u00faa<\/strong><\/p>\n<p><em>Sale y Vale<\/em><\/p>\n<p>OJO&#8230; Nos informan que de CDMX en Palacio Nacional enviar\u00e1n a un delegado federal para \u00abcomponer\u00bb el tema Veracruz&#8230; Su gobierno y Congreso Local&#8230; Lo \u00fanico que tienen pendiente por decidir es que si viene dentro del partido MORENA o como funcionario federal&#8230; En unas horas se sabr\u00e1 del tema.. Pero ya tomaron \u00abcartas en el asunto\u00bb&#8230; Era tiempo sino esto iba a caer aun m\u00e1s&#8230;.<\/p>\n<p>SIN REMITENTE&#8230; Lo escrito anteriormente en este espacio se hace patente, que dentro del gobierno del Estado, a pesar de que sus actores cometan pifias, pues, no hay consecuencias de ning\u00fan tipo y que por eso se pueden cometer muchos errores y no pasa nada&#8230; No hay temor hac\u00eda quien manda en Veracruz, ni al partido en la entidad.. Ya que nadie paga las consecuencias&#8230; Ya se llevan muchas horas despu\u00e9s del fracaso de quitar a Winckler de la Fiscal\u00eda del Estado y no ha pasado nada&#8230; S\u00f3lo queda escribir Tan, Tan&#8230;<\/p>\n<p>Ya s\u00f3lo quedar\u00eda saber en los pr\u00f3ximos d\u00edas si lo mismo pasa en la bancada de MORENA en el Congreso Local y m\u00e1s que la salida de Meleno del grupo legislativo de los Morenos&#8230; Ser\u00e1 importante saber si habr\u00e1 consecuencias para Juan Javier G\u00f3mez Cazar\u00edn, como l\u00edder de esta bancada y a Jos\u00e9 Manuel Pozos Castro, como presidente de la Mesa Directiva de este Congreso Local&#8230;. Ellos fueron los que no llevaron a buen puerto este caso&#8230;. Pero en fin.. Es MORENA&#8230;<\/p>\n<p>EL PRI DE MARLON&#8230;. Algo est\u00e1 pasando al interior del PRI y de los grupos pol\u00edticos que quedan del mismo, que parecen que todo se est\u00e1 alineando para que en unas semanas m\u00e1s cuando se elija a la dirigencia estatal, qui\u00e9n la presida sea el ex subsecretario de Gobierno y actual regidor del ayuntamiento de Veracruz, Marl\u00f3n Ram\u00edrez Mar\u00edn&#8230; Las alianzas que se han tejido a su alrededor son tan fuertes, que ni personajes con m\u00e1s tiempo en pol\u00edtica y que en su momento gozaron de poder inmenso ahora las puedan \u00abderrumbar\u00bb&#8230;.<\/p>\n<p>Adem\u00e1s de que el priista se ha vuelto a encontrar con antiguos aliados suyos, que est\u00e1n operando parte de su carrera a la Presidencia del partido tricolor en el Estado&#8230; Y esa operaci\u00f3n la ha llevado con grupos regionales del tricolor importantes en la entidad, y, ha agarrado tal fuerza que sorprende a sus propios contricantes del por qu\u00e9 todo se le est\u00e1 dando de manera m\u00e1s f\u00e1cil a Ram\u00edrez Mar\u00edn&#8230; Que sin tanto \u00abcartel\u00bb est\u00e1 siendo una opci\u00f3n real para la dirigencia..<\/p>\n<p>Ese trabajo con sus antiguos aliados ha llevado a Marl\u00f3n a sentarse con grupos que nadie imaginaba hacerlo hasta hace meses, despu\u00e9s de la derrota del PRI al gobierno estatal&#8230; Alianzas que han empezado a preocupar a quienes mantienen \u00absecuestrado\u00bb al PRI por muchos a\u00f1os y que s\u00f3lo se renueva la dirigencia pero no los grupos que manejan al partido y que han impedido un cambio generacional de poder&#8230; Es ya el momento de hacerlo sino est\u00e1 destinado a desaparecer&#8230;<\/p>\n<p>Y tratan de qued\u00e1rselo por un s\u00f3lo motivo: La n\u00f3mina del PRI y m\u00e1s ahora que todas las puertas se han cerrado.. Es la forma de tener el control del partido y que puedan operar con qui\u00e9n m\u00e1s les convenga&#8230; Por eso Marl\u00f3n es que est\u00e1 agarrando fuerza&#8230; Ya que la operaci\u00f3n de \u00e9l, es con los grupos regionales que siempre han sido excluidos del priismo&#8230;. Conocido como el Grupo Xalapa, donde est\u00e1n todos aquellos que se han manejado all\u00e1 por la burocracia del gobierno del Estado&#8230;<\/p>\n<p>Ese grupo fue se\u00f1alado como uno de los que sus integrantes operaron para MORENA para darle la espalda a Pepe Yunes como candidato a Gobernador&#8230; Ahora se quiere quedar con la presidencia de partido para manejarlo con el mejor postor o qui\u00e9n m\u00e1s les convenga&#8230; Pero el tema aqu\u00ed es muy sencillo&#8230; Por eso es que la candidatura de Marl\u00f3n se hace m\u00e1s fuerte porque no esta identificado con ese grupo pol\u00edtico&#8230; Ni tampoco con los aliados que tiene con el Gobierno de los Morenos&#8230;<\/p>\n<p>De esa forma&#8230; Los dem\u00e1s grupos pol\u00edticos que se han sentido excluidos por el Grupo Xalapa para lograr posiciones con el PRI estatal&#8230; Ahora respaldan al regidor priista priista para que tome las riendas de presidencia estatal&#8230;. Y pueda abrirles las puertas a todos y se puedan generar consensos para empezar de nuevo despu\u00e9s de las sendas derrotas de los \u00faltimos tres a\u00f1os&#8230; Ya los priistas aliados del gobierno estatal ven con temor porque este movimiento a favor de Marl\u00f3n creci\u00f3 y no lo pueden parar&#8230;.<\/p>\n<p>Sobre todo cuando el personaje m\u00e1s importante que apoyaba a los miembros del Grupo Xalapa dentro del PRI.. Anda muy decepcionado de sus nulos operadores pol\u00edticos que le vendieron las \u00abperlas de la virgen\u00bb y que al final, s\u00f3lo le han costado dinero y posiciones pol\u00edticas dentro de la administraci\u00f3n p\u00fablica estatal porque los encargos hechos, pues, no los resolvieron y lo dejaron en rid\u00edculo y m\u00e1s cuando le se\u00f1alaron que ellos ten\u00edan el control del PRI en Veracruz&#8230; Y pues se ve que no es as\u00ed&#8230;<\/p>\n<p>Peor aun que ese grupo Xalapa en Veracruz no tiene nada&#8230; La capital se ha quedado desde hace un a\u00f1o sin gobierno priista&#8230; Ya tienen dos a\u00f1os sin gobierno estatal y el gobierno federal desde noviembre lo dej\u00f3 el PRI&#8230; As\u00ed que s\u00f3lo les queda refugiarse en el partido para no tener poder&#8230; Pero aqu\u00ed es que los grupos pol\u00edticos fuertes, los alcaldes actuales y l\u00edderes pol\u00edticos los traen de su lado.. Marl\u00f3n y sus aliados&#8230; As\u00ed les ser\u00e1 dif\u00edcil defenderse ante esta \u00abavalancha\u00bb que les viene desde el puerto de Veracruz&#8230;. AS\u00cd SEA&#8230;<\/p>\n","protected":false},"excerpt":{"rendered":"<p>Ricardo Ch\u00faa Sale y Vale OJO&#8230; Nos informan que de CDMX en Palacio Nacional enviar\u00e1n a un delegado federal para \u00abcomponer\u00bb el tema Veracruz&#8230; Su gobierno y Congreso Local&#8230; Lo \u00fanico que tienen pendiente por decidir es que si viene dentro del partido MORENA o como funcionario federal&#8230; En unas horas se sabr\u00e1 del tema.. [&hellip;]<\/p>\n","protected":false},"author":2,"featured_media":46990,"comment_status":"open","ping_status":"open","sticky":false,"template":"","format":"standard","meta":{"tdm_status":"","tdm_grid_status":"","footnotes":""},"categories":[70],"tags":[11958,12695,1706,251,195],"class_list":{"0":"post-46989","1":"post","2":"type-post","3":"status-publish","4":"format-standard","5":"has-post-thumbnail","7":"category-de-opinion","8":"tag-jose-manuel-pozos-castro","9":"tag-juan-javier-gomez-cazarin","10":"tag-marlon-ramirez","11":"tag-pri","12":"tag-veracruz"},"yoast_head":"<!-- This site is optimized with the Yoast SEO plugin v27.4 - https:\/\/yoast.com\/product\/yoast-seo-wordpress\/ -->\n<title>Marlon est\u00e1 agarrando fuerza - Los pol\u00edticos Veracruz<\/title>\n<meta name=\"robots\" content=\"index, follow, max-snippet:-1, max-image-preview:large, max-video-preview:-1\" \/>\n<link rel=\"canonical\" href=\"https:\/\/lospoliticosveracruz.com\/?p=46989\" \/>\n<meta property=\"og:locale\" content=\"es_ES\" \/>\n<meta property=\"og:type\" content=\"article\" \/>\n<meta property=\"og:title\" content=\"Marlon est\u00e1 agarrando fuerza - Los pol\u00edticos Veracruz\" \/>\n<meta property=\"og:description\" content=\"Ricardo Ch\u00faa Sale y Vale OJO&#8230; Nos informan que de CDMX en Palacio Nacional enviar\u00e1n a un delegado federal para \u00abcomponer\u00bb el tema Veracruz&#8230; Su gobierno y Congreso Local&#8230; Lo \u00fanico que tienen pendiente por decidir es que si viene dentro del partido MORENA o como funcionario federal&#8230; En unas horas se sabr\u00e1 del tema.. [&hellip;]\" \/>\n<meta property=\"og:url\" content=\"https:\/\/lospoliticosveracruz.com\/?p=46989\" \/>\n<meta property=\"og:site_name\" content=\"Los pol\u00edticos Veracruz\" \/>\n<meta property=\"article:publisher\" content=\"https:\/\/www.facebook.com\/people\/Notimemes-de-los-Polticos\/61565672886568\/\" \/>\n<meta property=\"article:published_time\" content=\"2019-02-24T21:59:01+00:00\" \/>\n<meta property=\"og:image\" content=\"https:\/\/lospoliticosveracruz.com\/wp-content\/uploads\/2019\/02\/Marlon.jpg\" \/>\n\t<meta property=\"og:image:width\" content=\"600\" \/>\n\t<meta property=\"og:image:height\" content=\"450\" \/>\n\t<meta property=\"og:image:type\" content=\"image\/jpeg\" \/>\n<meta name=\"author\" content=\"Lo viste en Los Pol\u00edticos\" \/>\n<meta name=\"twitter:card\" content=\"summary_large_image\" \/>\n<meta name=\"twitter:creator\" content=\"@LosPoliticosVer\" \/>\n<meta name=\"twitter:site\" content=\"@LosPoliticosVer\" \/>\n<meta name=\"twitter:label1\" content=\"Escrito por\" \/>\n\t<meta name=\"twitter:data1\" content=\"Lo viste en Los Pol\u00edticos\" \/>\n\t<meta name=\"twitter:label2\" content=\"Tiempo de lectura\" \/>\n\t<meta name=\"twitter:data2\" content=\"5 minutos\" \/>\n<script type=\"application\/ld+json\" class=\"yoast-schema-graph\">{\"@context\":\"https:\\\/\\\/schema.org\",\"@graph\":[{\"@type\":\"Article\",\"@id\":\"https:\\\/\\\/lospoliticosveracruz.com\\\/?p=46989#article\",\"isPartOf\":{\"@id\":\"https:\\\/\\\/lospoliticosveracruz.com\\\/?p=46989\"},\"author\":{\"name\":\"Lo viste en Los Pol\u00edticos\",\"@id\":\"https:\\\/\\\/lospoliticosveracruz.com\\\/#\\\/schema\\\/person\\\/b8702bb0e538456e6efd07080bf2a4a2\"},\"headline\":\"Marlon est\u00e1 agarrando fuerza\",\"datePublished\":\"2019-02-24T21:59:01+00:00\",\"mainEntityOfPage\":{\"@id\":\"https:\\\/\\\/lospoliticosveracruz.com\\\/?p=46989\"},\"wordCount\":1017,\"commentCount\":0,\"publisher\":{\"@id\":\"https:\\\/\\\/lospoliticosveracruz.com\\\/#organization\"},\"image\":{\"@id\":\"https:\\\/\\\/lospoliticosveracruz.com\\\/?p=46989#primaryimage\"},\"thumbnailUrl\":\"https:\\\/\\\/lospoliticosveracruz.com\\\/wp-content\\\/uploads\\\/2019\\\/02\\\/Marlon.jpg\",\"keywords\":[\"Jos\u00e9 Manuel Pozos Castro\",\"Juan Javier G\u00f3mez Cazar\u00edn\",\"Marlon Ram\u00edrez\",\"PRI\",\"Veracruz\"],\"articleSection\":[\"De Opini\u00f3n\"],\"inLanguage\":\"es\",\"potentialAction\":[{\"@type\":\"CommentAction\",\"name\":\"Comment\",\"target\":[\"https:\\\/\\\/lospoliticosveracruz.com\\\/?p=46989#respond\"]}]},{\"@type\":\"WebPage\",\"@id\":\"https:\\\/\\\/lospoliticosveracruz.com\\\/?p=46989\",\"url\":\"https:\\\/\\\/lospoliticosveracruz.com\\\/?p=46989\",\"name\":\"Marlon est\u00e1 agarrando fuerza - Los pol\u00edticos Veracruz\",\"isPartOf\":{\"@id\":\"https:\\\/\\\/lospoliticosveracruz.com\\\/#website\"},\"primaryImageOfPage\":{\"@id\":\"https:\\\/\\\/lospoliticosveracruz.com\\\/?p=46989#primaryimage\"},\"image\":{\"@id\":\"https:\\\/\\\/lospoliticosveracruz.com\\\/?p=46989#primaryimage\"},\"thumbnailUrl\":\"https:\\\/\\\/lospoliticosveracruz.com\\\/wp-content\\\/uploads\\\/2019\\\/02\\\/Marlon.jpg\",\"datePublished\":\"2019-02-24T21:59:01+00:00\",\"breadcrumb\":{\"@id\":\"https:\\\/\\\/lospoliticosveracruz.com\\\/?p=46989#breadcrumb\"},\"inLanguage\":\"es\",\"potentialAction\":[{\"@type\":\"ReadAction\",\"target\":[\"https:\\\/\\\/lospoliticosveracruz.com\\\/?p=46989\"]}]},{\"@type\":\"ImageObject\",\"inLanguage\":\"es\",\"@id\":\"https:\\\/\\\/lospoliticosveracruz.com\\\/?p=46989#primaryimage\",\"url\":\"https:\\\/\\\/lospoliticosveracruz.com\\\/wp-content\\\/uploads\\\/2019\\\/02\\\/Marlon.jpg\",\"contentUrl\":\"https:\\\/\\\/lospoliticosveracruz.com\\\/wp-content\\\/uploads\\\/2019\\\/02\\\/Marlon.jpg\",\"width\":600,\"height\":450},{\"@type\":\"BreadcrumbList\",\"@id\":\"https:\\\/\\\/lospoliticosveracruz.com\\\/?p=46989#breadcrumb\",\"itemListElement\":[{\"@type\":\"ListItem\",\"position\":1,\"name\":\"Portada\",\"item\":\"https:\\\/\\\/lospoliticosveracruz.com\\\/\"},{\"@type\":\"ListItem\",\"position\":2,\"name\":\"Marlon est\u00e1 agarrando fuerza\"}]},{\"@type\":\"WebSite\",\"@id\":\"https:\\\/\\\/lospoliticosveracruz.com\\\/#website\",\"url\":\"https:\\\/\\\/lospoliticosveracruz.com\\\/\",\"name\":\"Los pol\u00edticos Veracruz\",\"description\":\"\",\"publisher\":{\"@id\":\"https:\\\/\\\/lospoliticosveracruz.com\\\/#organization\"},\"potentialAction\":[{\"@type\":\"SearchAction\",\"target\":{\"@type\":\"EntryPoint\",\"urlTemplate\":\"https:\\\/\\\/lospoliticosveracruz.com\\\/?s={search_term_string}\"},\"query-input\":{\"@type\":\"PropertyValueSpecification\",\"valueRequired\":true,\"valueName\":\"search_term_string\"}}],\"inLanguage\":\"es\"},{\"@type\":\"Organization\",\"@id\":\"https:\\\/\\\/lospoliticosveracruz.com\\\/#organization\",\"name\":\"Los pol\u00edticos Veracruz\",\"url\":\"https:\\\/\\\/lospoliticosveracruz.com\\\/\",\"logo\":{\"@type\":\"ImageObject\",\"inLanguage\":\"es\",\"@id\":\"https:\\\/\\\/lospoliticosveracruz.com\\\/#\\\/schema\\\/logo\\\/image\\\/\",\"url\":\"https:\\\/\\\/lospoliticosveracruz.com\\\/wp-content\\\/uploads\\\/2025\\\/12\\\/Logo-Nuevo-LOS-POLITICOS-1.jpg\",\"contentUrl\":\"https:\\\/\\\/lospoliticosveracruz.com\\\/wp-content\\\/uploads\\\/2025\\\/12\\\/Logo-Nuevo-LOS-POLITICOS-1.jpg\",\"width\":260,\"height\":70,\"caption\":\"Los pol\u00edticos Veracruz\"},\"image\":{\"@id\":\"https:\\\/\\\/lospoliticosveracruz.com\\\/#\\\/schema\\\/logo\\\/image\\\/\"},\"sameAs\":[\"https:\\\/\\\/www.facebook.com\\\/people\\\/Notimemes-de-los-Polticos\\\/61565672886568\\\/\",\"https:\\\/\\\/x.com\\\/LosPoliticosVer\"]},{\"@type\":\"Person\",\"@id\":\"https:\\\/\\\/lospoliticosveracruz.com\\\/#\\\/schema\\\/person\\\/b8702bb0e538456e6efd07080bf2a4a2\",\"name\":\"Lo viste en Los Pol\u00edticos\",\"image\":{\"@type\":\"ImageObject\",\"inLanguage\":\"es\",\"@id\":\"https:\\\/\\\/secure.gravatar.com\\\/avatar\\\/3a8de04a2656d44082be478bd6c086daa447c4651605818287b9532d3d0bd435?s=96&d=mm&r=g\",\"url\":\"https:\\\/\\\/secure.gravatar.com\\\/avatar\\\/3a8de04a2656d44082be478bd6c086daa447c4651605818287b9532d3d0bd435?s=96&d=mm&r=g\",\"contentUrl\":\"https:\\\/\\\/secure.gravatar.com\\\/avatar\\\/3a8de04a2656d44082be478bd6c086daa447c4651605818287b9532d3d0bd435?s=96&d=mm&r=g\",\"caption\":\"Lo viste en Los Pol\u00edticos\"},\"url\":\"https:\\\/\\\/lospoliticosveracruz.com\\\/?author=2\"}]}<\/script>\n<!-- \/ Yoast SEO plugin. -->","yoast_head_json":{"title":"Marlon est\u00e1 agarrando fuerza - Los pol\u00edticos Veracruz","robots":{"index":"index","follow":"follow","max-snippet":"max-snippet:-1","max-image-preview":"max-image-preview:large","max-video-preview":"max-video-preview:-1"},"canonical":"https:\/\/lospoliticosveracruz.com\/?p=46989","og_locale":"es_ES","og_type":"article","og_title":"Marlon est\u00e1 agarrando fuerza - Los pol\u00edticos Veracruz","og_description":"Ricardo Ch\u00faa Sale y Vale OJO&#8230; Nos informan que de CDMX en Palacio Nacional enviar\u00e1n a un delegado federal para \u00abcomponer\u00bb el tema Veracruz&#8230; Su gobierno y Congreso Local&#8230; Lo \u00fanico que tienen pendiente por decidir es que si viene dentro del partido MORENA o como funcionario federal&#8230; En unas horas se sabr\u00e1 del tema.. [&hellip;]","og_url":"https:\/\/lospoliticosveracruz.com\/?p=46989","og_site_name":"Los pol\u00edticos Veracruz","article_publisher":"https:\/\/www.facebook.com\/people\/Notimemes-de-los-Polticos\/61565672886568\/","article_published_time":"2019-02-24T21:59:01+00:00","og_image":[{"width":600,"height":450,"url":"https:\/\/lospoliticosveracruz.com\/wp-content\/uploads\/2019\/02\/Marlon.jpg","type":"image\/jpeg"}],"author":"Lo viste en Los Pol\u00edticos","twitter_card":"summary_large_image","twitter_creator":"@LosPoliticosVer","twitter_site":"@LosPoliticosVer","twitter_misc":{"Escrito por":"Lo viste en Los Pol\u00edticos","Tiempo de lectura":"5 minutos"},"schema":{"@context":"https:\/\/schema.org","@graph":[{"@type":"Article","@id":"https:\/\/lospoliticosveracruz.com\/?p=46989#article","isPartOf":{"@id":"https:\/\/lospoliticosveracruz.com\/?p=46989"},"author":{"name":"Lo viste en Los Pol\u00edticos","@id":"https:\/\/lospoliticosveracruz.com\/#\/schema\/person\/b8702bb0e538456e6efd07080bf2a4a2"},"headline":"Marlon est\u00e1 agarrando fuerza","datePublished":"2019-02-24T21:59:01+00:00","mainEntityOfPage":{"@id":"https:\/\/lospoliticosveracruz.com\/?p=46989"},"wordCount":1017,"commentCount":0,"publisher":{"@id":"https:\/\/lospoliticosveracruz.com\/#organization"},"image":{"@id":"https:\/\/lospoliticosveracruz.com\/?p=46989#primaryimage"},"thumbnailUrl":"https:\/\/lospoliticosveracruz.com\/wp-content\/uploads\/2019\/02\/Marlon.jpg","keywords":["Jos\u00e9 Manuel Pozos Castro","Juan Javier G\u00f3mez Cazar\u00edn","Marlon Ram\u00edrez","PRI","Veracruz"],"articleSection":["De Opini\u00f3n"],"inLanguage":"es","potentialAction":[{"@type":"CommentAction","name":"Comment","target":["https:\/\/lospoliticosveracruz.com\/?p=46989#respond"]}]},{"@type":"WebPage","@id":"https:\/\/lospoliticosveracruz.com\/?p=46989","url":"https:\/\/lospoliticosveracruz.com\/?p=46989","name":"Marlon est\u00e1 agarrando fuerza - Los pol\u00edticos Veracruz","isPartOf":{"@id":"https:\/\/lospoliticosveracruz.com\/#website"},"primaryImageOfPage":{"@id":"https:\/\/lospoliticosveracruz.com\/?p=46989#primaryimage"},"image":{"@id":"https:\/\/lospoliticosveracruz.com\/?p=46989#primaryimage"},"thumbnailUrl":"https:\/\/lospoliticosveracruz.com\/wp-content\/uploads\/2019\/02\/Marlon.jpg","datePublished":"2019-02-24T21:59:01+00:00","breadcrumb":{"@id":"https:\/\/lospoliticosveracruz.com\/?p=46989#breadcrumb"},"inLanguage":"es","potentialAction":[{"@type":"ReadAction","target":["https:\/\/lospoliticosveracruz.com\/?p=46989"]}]},{"@type":"ImageObject","inLanguage":"es","@id":"https:\/\/lospoliticosveracruz.com\/?p=46989#primaryimage","url":"https:\/\/lospoliticosveracruz.com\/wp-content\/uploads\/2019\/02\/Marlon.jpg","contentUrl":"https:\/\/lospoliticosveracruz.com\/wp-content\/uploads\/2019\/02\/Marlon.jpg","width":600,"height":450},{"@type":"BreadcrumbList","@id":"https:\/\/lospoliticosveracruz.com\/?p=46989#breadcrumb","itemListElement":[{"@type":"ListItem","position":1,"name":"Portada","item":"https:\/\/lospoliticosveracruz.com\/"},{"@type":"ListItem","position":2,"name":"Marlon est\u00e1 agarrando fuerza"}]},{"@type":"WebSite","@id":"https:\/\/lospoliticosveracruz.com\/#website","url":"https:\/\/lospoliticosveracruz.com\/","name":"Los pol\u00edticos Veracruz","description":"","publisher":{"@id":"https:\/\/lospoliticosveracruz.com\/#organization"},"potentialAction":[{"@type":"SearchAction","target":{"@type":"EntryPoint","urlTemplate":"https:\/\/lospoliticosveracruz.com\/?s={search_term_string}"},"query-input":{"@type":"PropertyValueSpecification","valueRequired":true,"valueName":"search_term_string"}}],"inLanguage":"es"},{"@type":"Organization","@id":"https:\/\/lospoliticosveracruz.com\/#organization","name":"Los pol\u00edticos Veracruz","url":"https:\/\/lospoliticosveracruz.com\/","logo":{"@type":"ImageObject","inLanguage":"es","@id":"https:\/\/lospoliticosveracruz.com\/#\/schema\/logo\/image\/","url":"https:\/\/lospoliticosveracruz.com\/wp-content\/uploads\/2025\/12\/Logo-Nuevo-LOS-POLITICOS-1.jpg","contentUrl":"https:\/\/lospoliticosveracruz.com\/wp-content\/uploads\/2025\/12\/Logo-Nuevo-LOS-POLITICOS-1.jpg","width":260,"height":70,"caption":"Los pol\u00edticos Veracruz"},"image":{"@id":"https:\/\/lospoliticosveracruz.com\/#\/schema\/logo\/image\/"},"sameAs":["https:\/\/www.facebook.com\/people\/Notimemes-de-los-Polticos\/61565672886568\/","https:\/\/x.com\/LosPoliticosVer"]},{"@type":"Person","@id":"https:\/\/lospoliticosveracruz.com\/#\/schema\/person\/b8702bb0e538456e6efd07080bf2a4a2","name":"Lo viste en Los Pol\u00edticos","image":{"@type":"ImageObject","inLanguage":"es","@id":"https:\/\/secure.gravatar.com\/avatar\/3a8de04a2656d44082be478bd6c086daa447c4651605818287b9532d3d0bd435?s=96&d=mm&r=g","url":"https:\/\/secure.gravatar.com\/avatar\/3a8de04a2656d44082be478bd6c086daa447c4651605818287b9532d3d0bd435?s=96&d=mm&r=g","contentUrl":"https:\/\/secure.gravatar.com\/avatar\/3a8de04a2656d44082be478bd6c086daa447c4651605818287b9532d3d0bd435?s=96&d=mm&r=g","caption":"Lo viste en Los Pol\u00edticos"},"url":"https:\/\/lospoliticosveracruz.com\/?author=2"}]}},"_links":{"self":[{"href":"https:\/\/lospoliticosveracruz.com\/index.php?rest_route=\/wp\/v2\/posts\/46989","targetHints":{"allow":["GET"]}}],"collection":[{"href":"https:\/\/lospoliticosveracruz.com\/index.php?rest_route=\/wp\/v2\/posts"}],"about":[{"href":"https:\/\/lospoliticosveracruz.com\/index.php?rest_route=\/wp\/v2\/types\/post"}],"author":[{"embeddable":true,"href":"https:\/\/lospoliticosveracruz.com\/index.php?rest_route=\/wp\/v2\/users\/2"}],"replies":[{"embeddable":true,"href":"https:\/\/lospoliticosveracruz.com\/index.php?rest_route=%2Fwp%2Fv2%2Fcomments&post=46989"}],"version-history":[{"count":1,"href":"https:\/\/lospoliticosveracruz.com\/index.php?rest_route=\/wp\/v2\/posts\/46989\/revisions"}],"predecessor-version":[{"id":46991,"href":"https:\/\/lospoliticosveracruz.com\/index.php?rest_route=\/wp\/v2\/posts\/46989\/revisions\/46991"}],"wp:featuredmedia":[{"embeddable":true,"href":"https:\/\/lospoliticosveracruz.com\/index.php?rest_route=\/wp\/v2\/media\/46990"}],"wp:attachment":[{"href":"https:\/\/lospoliticosveracruz.com\/index.php?rest_route=%2Fwp%2Fv2%2Fmedia&parent=46989"}],"wp:term":[{"taxonomy":"category","embeddable":true,"href":"https:\/\/lospoliticosveracruz.com\/index.php?rest_route=%2Fwp%2Fv2%2Fcategories&post=46989"},{"taxonomy":"post_tag","embeddable":true,"href":"https:\/\/lospoliticosveracruz.com\/index.php?rest_route=%2Fwp%2Fv2%2Ftags&post=46989"}],"curies":[{"name":"wp","href":"https:\/\/api.w.org\/{rel}","templated":true}]}}