{"id":47000,"date":"2019-02-25T11:31:31","date_gmt":"2019-02-25T17:31:31","guid":{"rendered":"http:\/\/www.lospoliticosveracruz.com.mx\/?p=47000"},"modified":"2019-02-25T11:31:31","modified_gmt":"2019-02-25T17:31:31","slug":"la-curva-del-aprendizaje","status":"publish","type":"post","link":"https:\/\/lospoliticosveracruz.com\/?p=47000","title":{"rendered":"La curva del aprendizaje"},"content":{"rendered":"<p><strong>Ricardo Ch\u00faa<\/strong><\/p>\n<p><em>Sale y Vale<\/em><\/p>\n<p>A pesar de que el tema de los 6 presuntos delincuentes que quemaron vivos en el municipio serrano de Zongolica, Soledad Atzompa ya una noticia a nivel internacional&#8230; Lo escrito en su cuenta de Twitter de la periodista, Eirinet G\u00f3mez L\u00f3pez, que trabaj\u00f3 como reportera en este puerto de Veracruz y luego se fue a radicar a Xalapa, es la cronolog\u00eda exacta de que ha pasado con esa poblaci\u00f3n en los \u00faltimos a\u00f1os y que ahora con el tema de la inseguridad, pues, simple y sencillamente, se desat\u00f3 su furia&#8230;<\/p>\n<p>G\u00f3mez L\u00f3pez escribe en su cuenta @ninetologa lo siguiente: \u00abEn 2015, los habitantes de #SoledadAtzompa #veracruz demandaban la construcci\u00f3n de un hospital y de varias obras carreteras. Como parte de las medidas para ejercer presi\u00f3n, cerraron la autopista C\u00f3rdoba-Orizaba, a la altura de la caseta de Fort\u00edn. El bloqueo cumpl\u00eda m\u00e1s de 10 horas, y las primeras autoridades en arribar al sitio, no hab\u00edan logrado disolver la protesta&#8230;<\/p>\n<p>\u00abEntonces. el secretario de Gobierno #GerardoBuganza y el gobernador #JavierDuarte tuvieron que apersonarse en el sitio&#8230; Durante 5 horas, las autoridades recibieron todo tipo de reclamos sobre la falta de obra p\u00fablica, el incumplimiento de promesas a\u00f1ejas&#8230; Ahora han pasado 3 d\u00edas desde que en #SoledadAtzompa lincharon a seis personas -entre ellos a dos menores de edad- y ni @EricCisnerosB ni @CuitlahuacGJ han hecho p\u00fablico que est\u00e9n ocupados en el asunto. Menos, se han ido a parar a la zona&#8230;<\/p>\n<p>\u00abUno pensar\u00eda que si un bloqueo carretero moviliza al Estado, el linchamiento de SEIS PERSONAS motivar\u00eda una reacci\u00f3n inmediata y contundente de los actores de Gobierno, pero no. . En el \u00e1mbito de la medicina, la \u00abnegligencia\u00bb ocurre cuando NO se act\u00faa con la diligencia requerida en un caso particular&#8230; En el caso de #SoledadAtzompa me parece que es igual\u00bb&#8230; Hasta ah\u00ed el twitter de G\u00f3mez L\u00f3pez&#8230;. Abundar en el tema no tiene caso&#8230; Todo est\u00e1 dicho y es muy clara la apreciaci\u00f3n&#8230;<\/p>\n<p>El pasado s\u00e1bado abordamos en este espacio el tema&#8230; Lo escrito por Eirinet G\u00f3mez deja en claro que la percepci\u00f3n que en Veracruz hay \u00abvac\u00edo de poder\u00bb por la falta de la presencia de las autoridades en sitios del conflicto&#8230; No hay una autoridad de alto nivel en Veracruz que vaya a Soledad Atzompa a comprometer dar seguridad y paz, ante los hechos delictivos&#8230; Por eso es que la poblaci\u00f3n hace justicia por su propia mano&#8230; Y qui\u00e9n va a castigar a los que quemaron vivos a presuntos delincuentes&#8230; \u00bfQui\u00e9n?&#8230;.<\/p>\n<p>Las autoridades estatales andan dispersas&#8230; El gobernador en Veracruz, pero no en Zong\u00f3lica&#8230; El secretario de Gobierno en Baja California Sur, pero no en Zong\u00f3lica&#8230; El secretario de Seguridad P\u00fablica en Xalapa, pero no Zong\u00f3lica&#8230; Y el pueblo hace lo que quiere, hasta quemar a personas vivas que tuvo que entregar a la justicia&#8230; Parece repetirse lo mismo que escribi\u00f3 hace 30 a\u00f1os el maestro; Luis Vel\u00e1zquez: \u00abUn infierno llamado Veracruz\u00bb&#8230; Mientras aqu\u00ed seguimos en la pol\u00edtica del: \u00abEl muerto al hoyo y el vivo al pollo&#8230; Con salsa\u00bb&#8230;<\/p>\n<p>LA CRISIS&#8230; Todo lo anterior queda claro porque desde el inicio del gobierno estatal&#8230; Se ha visto una serie de problemas que han llevado a Veracruz, a lo que vive ahora, con una \u00abcrisis pol\u00edtica\u00bb que revent\u00f3 con la no remoci\u00f3n del Fiscal del Estado, Jorge Winckler, operada por funcionarios estatales y diputados locales de MORENA&#8230; Al no cuajar&#8230; Les peg\u00f3 y duro&#8230; Dejando entrever la inexperiencia&#8230; Lo de Soledad Atzompa s\u00f3lo lo vino a confirmarlo aun m\u00e1s por la manera de operar la crisis..<\/p>\n<p>Y eso denota en la serie de problemas que tiene el Gobernador y el funcionamiento de su administraci\u00f3n&#8230; Y el primero de ellos, es, quiz\u00e1s, el cargo que ostenta&#8230; Mismo que ya lo hace sentir como el \u00abGran Cuitl\u00e1huac\u00bb&#8230; Ese es su conflicto&#8230; Si el puesto le \u00abnublo la vista\u00bb&#8230; Tardara tiempo en darse cuenta que eso no es as\u00ed&#8230; Y que debe entender que \u00e9l no es L\u00f3pez Obrador, ni goza sus \u00edndices de popularidad&#8230; Y una encuesta o consulta real le arrojar\u00eda esos resultados&#8230; Una encuesta que \u00e9l mismo pague y que s\u00f3lo el conozca para ver su realidad&#8230;<\/p>\n<p>Debe entender que al no tener los \u00edndices de aceptaci\u00f3n y manejo medi\u00e1tico que tiene el Presidente de M\u00e9xico&#8230; Su funci\u00f3n como gobernador debe manejarse de manera diferente&#8230; Debe quitarse la \u00abvenda de los ojos\u00bb de que gan\u00f3 por el Pueblo Bueno y no porque en Veracruz nadie quer\u00eda un Feudo, y, que los actores pol\u00edticos operaron bajo ese argumento y no porque \u00e9l fuera su proyecto&#8230; As\u00ed que debe saber que la pol\u00edtica es una acci\u00f3n colectiva&#8230; No unipersonal&#8230; Y que \u00e9l como Cuitl\u00e1huac Garc\u00eda no tiene el peso pol\u00edtico para aguantar tanto desgaste&#8230;<\/p>\n<p>Adem\u00e1s esta el tema de su gabinete estatal&#8230; Cuya mayor\u00eda de integrantes no est\u00e1n puestos por \u00e9l&#8230; Le deben su lealtad a otros funcionarios federales o alianzas pol\u00edticas, pero no son \u00abCutl\u00e1huistas\u00bb puros como hubo \u00abalemanistas\u00bb, \u00abfidelistas\u00bb, \u00abduartistas\u00bb o \u00abyunistas\u00bb&#8230; En Veracruz no existe la corriente \u00abCuitlahuista\u00bb&#8230; De \u00abMorenistas\u00bb si, pero el partido no lo tiene bajo su mando el gobernador&#8230; Eso le hace m\u00e1s dif\u00edcil el tema del control&#8230;<\/p>\n<p>Un ejemplo con respecto al gabinete estatal, es a diferencia de Vicente Fox, que como Presidente tuvo conflictos por su forma improvisada de gobernar, que el entonces gobernador de Veracruz, Miguel Alem\u00e1n Velasco dijo que \u00abs\u00f3lo era un Presidente, no un estadista\u00bb&#8230; Fox pese a su inexperiencia tuvo a su lado un SUPER-GABINETE: Jorge Casta\u00f1eda, Adolfo Aguilar Zinzer, Porfirio Mu\u00f1oz Ledo, Julio Frenk, Paco Gil, Francisco Barrio, Reyes Tamez, Jos\u00e9 Luis Lueje&#8230; Etc&#8230; Aqu\u00ed en Veracruz, Cuitl\u00e1huac no tiene a nadie que lo ayude o apoye&#8230; Esta solo&#8230; Nadie lo defiende y s\u00f3lo lo embarcan&#8230;<\/p>\n<p>Todo esto implica que en Veracruz estamos viviendo en la \u00abcurva\u00bb de aprendizaje de la mayor\u00eda de los funcionarios, que han tenido poca experiencia y por eso hay un desconocimiento de la administraci\u00f3n p\u00fablica&#8230; Las posiciones llegan gracias al nepotismo y complicidad&#8230; Ah\u00ed est\u00e1 el hijo del subsecretario de Finanzas y primo del Gobernador trabajando en Seguridad P\u00fablica.. Y hay varios ejemplos m\u00e1s&#8230;. Por eso los funcionarios piensan que si Gobernador lo hace, yo porque no&#8230;Y al no tener control, se da \u00abvac\u00edo de poder\u00bb&#8230; No le tienen lealtad&#8230;<\/p>\n","protected":false},"excerpt":{"rendered":"<p>Ricardo Ch\u00faa Sale y Vale A pesar de que el tema de los 6 presuntos delincuentes que quemaron vivos en el municipio serrano de Zongolica, Soledad Atzompa ya una noticia a nivel internacional&#8230; Lo escrito en su cuenta de Twitter de la periodista, Eirinet G\u00f3mez L\u00f3pez, que trabaj\u00f3 como reportera en este puerto de Veracruz [&hellip;]<\/p>\n","protected":false},"author":2,"featured_media":46953,"comment_status":"open","ping_status":"open","sticky":false,"template":"","format":"standard","meta":{"tdm_status":"","tdm_grid_status":"","footnotes":""},"categories":[70],"tags":[13998,1563,13997,12299,2209,447,162,6150,4442,13999],"class_list":{"0":"post-47000","1":"post","2":"type-post","3":"status-publish","4":"format-standard","5":"has-post-thumbnail","7":"category-de-opinion","8":"tag-cordoba-orizaba","9":"tag-cuitlahuac-garcia-jimenez","10":"tag-eirinet-gomez-lopez","11":"tag-eric-cisneros-burgos","12":"tag-fortin","13":"tag-gerardo-buganza","14":"tag-javier-duarte","15":"tag-jorge-winckler-ortiz","16":"tag-soledad-atzompa","17":"tag-vacio-de-poder"},"yoast_head":"<!-- This site is optimized with the Yoast SEO plugin v27.4 - https:\/\/yoast.com\/product\/yoast-seo-wordpress\/ -->\n<title>La curva del aprendizaje - Los pol\u00edticos Veracruz<\/title>\n<meta name=\"robots\" content=\"index, follow, max-snippet:-1, max-image-preview:large, max-video-preview:-1\" \/>\n<link rel=\"canonical\" href=\"https:\/\/lospoliticosveracruz.com\/?p=47000\" \/>\n<meta property=\"og:locale\" content=\"es_ES\" \/>\n<meta property=\"og:type\" content=\"article\" \/>\n<meta property=\"og:title\" content=\"La curva del aprendizaje - Los pol\u00edticos Veracruz\" \/>\n<meta property=\"og:description\" content=\"Ricardo Ch\u00faa Sale y Vale A pesar de que el tema de los 6 presuntos delincuentes que quemaron vivos en el municipio serrano de Zongolica, Soledad Atzompa ya una noticia a nivel internacional&#8230; Lo escrito en su cuenta de Twitter de la periodista, Eirinet G\u00f3mez L\u00f3pez, que trabaj\u00f3 como reportera en este puerto de Veracruz [&hellip;]\" \/>\n<meta property=\"og:url\" content=\"https:\/\/lospoliticosveracruz.com\/?p=47000\" \/>\n<meta property=\"og:site_name\" content=\"Los pol\u00edticos Veracruz\" \/>\n<meta property=\"article:publisher\" content=\"https:\/\/www.facebook.com\/people\/Notimemes-de-los-Polticos\/61565672886568\/\" \/>\n<meta property=\"article:published_time\" content=\"2019-02-25T17:31:31+00:00\" \/>\n<meta property=\"og:image\" content=\"https:\/\/lospoliticosveracruz.com\/wp-content\/uploads\/2019\/02\/Cuitl\u00e1huac-y-Eric.jpg\" \/>\n\t<meta property=\"og:image:width\" content=\"600\" \/>\n\t<meta property=\"og:image:height\" content=\"397\" \/>\n\t<meta property=\"og:image:type\" content=\"image\/jpeg\" \/>\n<meta name=\"author\" content=\"Lo viste en Los Pol\u00edticos\" \/>\n<meta name=\"twitter:card\" content=\"summary_large_image\" \/>\n<meta name=\"twitter:creator\" content=\"@LosPoliticosVer\" \/>\n<meta name=\"twitter:site\" content=\"@LosPoliticosVer\" \/>\n<meta name=\"twitter:label1\" content=\"Escrito por\" \/>\n\t<meta name=\"twitter:data1\" content=\"Lo viste en Los Pol\u00edticos\" \/>\n\t<meta name=\"twitter:label2\" content=\"Tiempo de lectura\" \/>\n\t<meta name=\"twitter:data2\" content=\"6 minutos\" \/>\n<script type=\"application\/ld+json\" class=\"yoast-schema-graph\">{\"@context\":\"https:\\\/\\\/schema.org\",\"@graph\":[{\"@type\":\"Article\",\"@id\":\"https:\\\/\\\/lospoliticosveracruz.com\\\/?p=47000#article\",\"isPartOf\":{\"@id\":\"https:\\\/\\\/lospoliticosveracruz.com\\\/?p=47000\"},\"author\":{\"name\":\"Lo viste en Los Pol\u00edticos\",\"@id\":\"https:\\\/\\\/lospoliticosveracruz.com\\\/#\\\/schema\\\/person\\\/b8702bb0e538456e6efd07080bf2a4a2\"},\"headline\":\"La curva del aprendizaje\",\"datePublished\":\"2019-02-25T17:31:31+00:00\",\"mainEntityOfPage\":{\"@id\":\"https:\\\/\\\/lospoliticosveracruz.com\\\/?p=47000\"},\"wordCount\":1119,\"commentCount\":0,\"publisher\":{\"@id\":\"https:\\\/\\\/lospoliticosveracruz.com\\\/#organization\"},\"image\":{\"@id\":\"https:\\\/\\\/lospoliticosveracruz.com\\\/?p=47000#primaryimage\"},\"thumbnailUrl\":\"https:\\\/\\\/lospoliticosveracruz.com\\\/wp-content\\\/uploads\\\/2019\\\/02\\\/Cuitl\u00e1huac-y-Eric.jpg\",\"keywords\":[\"C\u00f3rdoba-Orizaba\",\"Cuitl\u00e1huac Garc\u00eda Jim\u00e9nez\",\"Eirinet G\u00f3mez L\u00f3pez\",\"Eric Cisneros Burgos\",\"Fort\u00edn\",\"Gerardo Buganza\",\"Javier Duarte\",\"Jorge Winckler Ortiz\",\"Soledad Atzompa\",\"vac\u00edo de poder\"],\"articleSection\":[\"De Opini\u00f3n\"],\"inLanguage\":\"es\",\"potentialAction\":[{\"@type\":\"CommentAction\",\"name\":\"Comment\",\"target\":[\"https:\\\/\\\/lospoliticosveracruz.com\\\/?p=47000#respond\"]}]},{\"@type\":\"WebPage\",\"@id\":\"https:\\\/\\\/lospoliticosveracruz.com\\\/?p=47000\",\"url\":\"https:\\\/\\\/lospoliticosveracruz.com\\\/?p=47000\",\"name\":\"La curva del aprendizaje - Los pol\u00edticos Veracruz\",\"isPartOf\":{\"@id\":\"https:\\\/\\\/lospoliticosveracruz.com\\\/#website\"},\"primaryImageOfPage\":{\"@id\":\"https:\\\/\\\/lospoliticosveracruz.com\\\/?p=47000#primaryimage\"},\"image\":{\"@id\":\"https:\\\/\\\/lospoliticosveracruz.com\\\/?p=47000#primaryimage\"},\"thumbnailUrl\":\"https:\\\/\\\/lospoliticosveracruz.com\\\/wp-content\\\/uploads\\\/2019\\\/02\\\/Cuitl\u00e1huac-y-Eric.jpg\",\"datePublished\":\"2019-02-25T17:31:31+00:00\",\"breadcrumb\":{\"@id\":\"https:\\\/\\\/lospoliticosveracruz.com\\\/?p=47000#breadcrumb\"},\"inLanguage\":\"es\",\"potentialAction\":[{\"@type\":\"ReadAction\",\"target\":[\"https:\\\/\\\/lospoliticosveracruz.com\\\/?p=47000\"]}]},{\"@type\":\"ImageObject\",\"inLanguage\":\"es\",\"@id\":\"https:\\\/\\\/lospoliticosveracruz.com\\\/?p=47000#primaryimage\",\"url\":\"https:\\\/\\\/lospoliticosveracruz.com\\\/wp-content\\\/uploads\\\/2019\\\/02\\\/Cuitl\u00e1huac-y-Eric.jpg\",\"contentUrl\":\"https:\\\/\\\/lospoliticosveracruz.com\\\/wp-content\\\/uploads\\\/2019\\\/02\\\/Cuitl\u00e1huac-y-Eric.jpg\",\"width\":600,\"height\":397},{\"@type\":\"BreadcrumbList\",\"@id\":\"https:\\\/\\\/lospoliticosveracruz.com\\\/?p=47000#breadcrumb\",\"itemListElement\":[{\"@type\":\"ListItem\",\"position\":1,\"name\":\"Portada\",\"item\":\"https:\\\/\\\/lospoliticosveracruz.com\\\/\"},{\"@type\":\"ListItem\",\"position\":2,\"name\":\"La curva del aprendizaje\"}]},{\"@type\":\"WebSite\",\"@id\":\"https:\\\/\\\/lospoliticosveracruz.com\\\/#website\",\"url\":\"https:\\\/\\\/lospoliticosveracruz.com\\\/\",\"name\":\"Los pol\u00edticos Veracruz\",\"description\":\"\",\"publisher\":{\"@id\":\"https:\\\/\\\/lospoliticosveracruz.com\\\/#organization\"},\"potentialAction\":[{\"@type\":\"SearchAction\",\"target\":{\"@type\":\"EntryPoint\",\"urlTemplate\":\"https:\\\/\\\/lospoliticosveracruz.com\\\/?s={search_term_string}\"},\"query-input\":{\"@type\":\"PropertyValueSpecification\",\"valueRequired\":true,\"valueName\":\"search_term_string\"}}],\"inLanguage\":\"es\"},{\"@type\":\"Organization\",\"@id\":\"https:\\\/\\\/lospoliticosveracruz.com\\\/#organization\",\"name\":\"Los pol\u00edticos Veracruz\",\"url\":\"https:\\\/\\\/lospoliticosveracruz.com\\\/\",\"logo\":{\"@type\":\"ImageObject\",\"inLanguage\":\"es\",\"@id\":\"https:\\\/\\\/lospoliticosveracruz.com\\\/#\\\/schema\\\/logo\\\/image\\\/\",\"url\":\"https:\\\/\\\/lospoliticosveracruz.com\\\/wp-content\\\/uploads\\\/2025\\\/12\\\/Logo-Nuevo-LOS-POLITICOS-1.jpg\",\"contentUrl\":\"https:\\\/\\\/lospoliticosveracruz.com\\\/wp-content\\\/uploads\\\/2025\\\/12\\\/Logo-Nuevo-LOS-POLITICOS-1.jpg\",\"width\":260,\"height\":70,\"caption\":\"Los pol\u00edticos Veracruz\"},\"image\":{\"@id\":\"https:\\\/\\\/lospoliticosveracruz.com\\\/#\\\/schema\\\/logo\\\/image\\\/\"},\"sameAs\":[\"https:\\\/\\\/www.facebook.com\\\/people\\\/Notimemes-de-los-Polticos\\\/61565672886568\\\/\",\"https:\\\/\\\/x.com\\\/LosPoliticosVer\"]},{\"@type\":\"Person\",\"@id\":\"https:\\\/\\\/lospoliticosveracruz.com\\\/#\\\/schema\\\/person\\\/b8702bb0e538456e6efd07080bf2a4a2\",\"name\":\"Lo viste en Los Pol\u00edticos\",\"image\":{\"@type\":\"ImageObject\",\"inLanguage\":\"es\",\"@id\":\"https:\\\/\\\/secure.gravatar.com\\\/avatar\\\/3a8de04a2656d44082be478bd6c086daa447c4651605818287b9532d3d0bd435?s=96&d=mm&r=g\",\"url\":\"https:\\\/\\\/secure.gravatar.com\\\/avatar\\\/3a8de04a2656d44082be478bd6c086daa447c4651605818287b9532d3d0bd435?s=96&d=mm&r=g\",\"contentUrl\":\"https:\\\/\\\/secure.gravatar.com\\\/avatar\\\/3a8de04a2656d44082be478bd6c086daa447c4651605818287b9532d3d0bd435?s=96&d=mm&r=g\",\"caption\":\"Lo viste en Los Pol\u00edticos\"},\"url\":\"https:\\\/\\\/lospoliticosveracruz.com\\\/?author=2\"}]}<\/script>\n<!-- \/ Yoast SEO plugin. -->","yoast_head_json":{"title":"La curva del aprendizaje - Los pol\u00edticos Veracruz","robots":{"index":"index","follow":"follow","max-snippet":"max-snippet:-1","max-image-preview":"max-image-preview:large","max-video-preview":"max-video-preview:-1"},"canonical":"https:\/\/lospoliticosveracruz.com\/?p=47000","og_locale":"es_ES","og_type":"article","og_title":"La curva del aprendizaje - Los pol\u00edticos Veracruz","og_description":"Ricardo Ch\u00faa Sale y Vale A pesar de que el tema de los 6 presuntos delincuentes que quemaron vivos en el municipio serrano de Zongolica, Soledad Atzompa ya una noticia a nivel internacional&#8230; Lo escrito en su cuenta de Twitter de la periodista, Eirinet G\u00f3mez L\u00f3pez, que trabaj\u00f3 como reportera en este puerto de Veracruz [&hellip;]","og_url":"https:\/\/lospoliticosveracruz.com\/?p=47000","og_site_name":"Los pol\u00edticos Veracruz","article_publisher":"https:\/\/www.facebook.com\/people\/Notimemes-de-los-Polticos\/61565672886568\/","article_published_time":"2019-02-25T17:31:31+00:00","og_image":[{"width":600,"height":397,"url":"https:\/\/lospoliticosveracruz.com\/wp-content\/uploads\/2019\/02\/Cuitl\u00e1huac-y-Eric.jpg","type":"image\/jpeg"}],"author":"Lo viste en Los Pol\u00edticos","twitter_card":"summary_large_image","twitter_creator":"@LosPoliticosVer","twitter_site":"@LosPoliticosVer","twitter_misc":{"Escrito por":"Lo viste en Los Pol\u00edticos","Tiempo de lectura":"6 minutos"},"schema":{"@context":"https:\/\/schema.org","@graph":[{"@type":"Article","@id":"https:\/\/lospoliticosveracruz.com\/?p=47000#article","isPartOf":{"@id":"https:\/\/lospoliticosveracruz.com\/?p=47000"},"author":{"name":"Lo viste en Los Pol\u00edticos","@id":"https:\/\/lospoliticosveracruz.com\/#\/schema\/person\/b8702bb0e538456e6efd07080bf2a4a2"},"headline":"La curva del aprendizaje","datePublished":"2019-02-25T17:31:31+00:00","mainEntityOfPage":{"@id":"https:\/\/lospoliticosveracruz.com\/?p=47000"},"wordCount":1119,"commentCount":0,"publisher":{"@id":"https:\/\/lospoliticosveracruz.com\/#organization"},"image":{"@id":"https:\/\/lospoliticosveracruz.com\/?p=47000#primaryimage"},"thumbnailUrl":"https:\/\/lospoliticosveracruz.com\/wp-content\/uploads\/2019\/02\/Cuitl\u00e1huac-y-Eric.jpg","keywords":["C\u00f3rdoba-Orizaba","Cuitl\u00e1huac Garc\u00eda Jim\u00e9nez","Eirinet G\u00f3mez L\u00f3pez","Eric Cisneros Burgos","Fort\u00edn","Gerardo Buganza","Javier Duarte","Jorge Winckler Ortiz","Soledad Atzompa","vac\u00edo de poder"],"articleSection":["De Opini\u00f3n"],"inLanguage":"es","potentialAction":[{"@type":"CommentAction","name":"Comment","target":["https:\/\/lospoliticosveracruz.com\/?p=47000#respond"]}]},{"@type":"WebPage","@id":"https:\/\/lospoliticosveracruz.com\/?p=47000","url":"https:\/\/lospoliticosveracruz.com\/?p=47000","name":"La curva del aprendizaje - Los pol\u00edticos Veracruz","isPartOf":{"@id":"https:\/\/lospoliticosveracruz.com\/#website"},"primaryImageOfPage":{"@id":"https:\/\/lospoliticosveracruz.com\/?p=47000#primaryimage"},"image":{"@id":"https:\/\/lospoliticosveracruz.com\/?p=47000#primaryimage"},"thumbnailUrl":"https:\/\/lospoliticosveracruz.com\/wp-content\/uploads\/2019\/02\/Cuitl\u00e1huac-y-Eric.jpg","datePublished":"2019-02-25T17:31:31+00:00","breadcrumb":{"@id":"https:\/\/lospoliticosveracruz.com\/?p=47000#breadcrumb"},"inLanguage":"es","potentialAction":[{"@type":"ReadAction","target":["https:\/\/lospoliticosveracruz.com\/?p=47000"]}]},{"@type":"ImageObject","inLanguage":"es","@id":"https:\/\/lospoliticosveracruz.com\/?p=47000#primaryimage","url":"https:\/\/lospoliticosveracruz.com\/wp-content\/uploads\/2019\/02\/Cuitl\u00e1huac-y-Eric.jpg","contentUrl":"https:\/\/lospoliticosveracruz.com\/wp-content\/uploads\/2019\/02\/Cuitl\u00e1huac-y-Eric.jpg","width":600,"height":397},{"@type":"BreadcrumbList","@id":"https:\/\/lospoliticosveracruz.com\/?p=47000#breadcrumb","itemListElement":[{"@type":"ListItem","position":1,"name":"Portada","item":"https:\/\/lospoliticosveracruz.com\/"},{"@type":"ListItem","position":2,"name":"La curva del aprendizaje"}]},{"@type":"WebSite","@id":"https:\/\/lospoliticosveracruz.com\/#website","url":"https:\/\/lospoliticosveracruz.com\/","name":"Los pol\u00edticos Veracruz","description":"","publisher":{"@id":"https:\/\/lospoliticosveracruz.com\/#organization"},"potentialAction":[{"@type":"SearchAction","target":{"@type":"EntryPoint","urlTemplate":"https:\/\/lospoliticosveracruz.com\/?s={search_term_string}"},"query-input":{"@type":"PropertyValueSpecification","valueRequired":true,"valueName":"search_term_string"}}],"inLanguage":"es"},{"@type":"Organization","@id":"https:\/\/lospoliticosveracruz.com\/#organization","name":"Los pol\u00edticos Veracruz","url":"https:\/\/lospoliticosveracruz.com\/","logo":{"@type":"ImageObject","inLanguage":"es","@id":"https:\/\/lospoliticosveracruz.com\/#\/schema\/logo\/image\/","url":"https:\/\/lospoliticosveracruz.com\/wp-content\/uploads\/2025\/12\/Logo-Nuevo-LOS-POLITICOS-1.jpg","contentUrl":"https:\/\/lospoliticosveracruz.com\/wp-content\/uploads\/2025\/12\/Logo-Nuevo-LOS-POLITICOS-1.jpg","width":260,"height":70,"caption":"Los pol\u00edticos Veracruz"},"image":{"@id":"https:\/\/lospoliticosveracruz.com\/#\/schema\/logo\/image\/"},"sameAs":["https:\/\/www.facebook.com\/people\/Notimemes-de-los-Polticos\/61565672886568\/","https:\/\/x.com\/LosPoliticosVer"]},{"@type":"Person","@id":"https:\/\/lospoliticosveracruz.com\/#\/schema\/person\/b8702bb0e538456e6efd07080bf2a4a2","name":"Lo viste en Los Pol\u00edticos","image":{"@type":"ImageObject","inLanguage":"es","@id":"https:\/\/secure.gravatar.com\/avatar\/3a8de04a2656d44082be478bd6c086daa447c4651605818287b9532d3d0bd435?s=96&d=mm&r=g","url":"https:\/\/secure.gravatar.com\/avatar\/3a8de04a2656d44082be478bd6c086daa447c4651605818287b9532d3d0bd435?s=96&d=mm&r=g","contentUrl":"https:\/\/secure.gravatar.com\/avatar\/3a8de04a2656d44082be478bd6c086daa447c4651605818287b9532d3d0bd435?s=96&d=mm&r=g","caption":"Lo viste en Los Pol\u00edticos"},"url":"https:\/\/lospoliticosveracruz.com\/?author=2"}]}},"_links":{"self":[{"href":"https:\/\/lospoliticosveracruz.com\/index.php?rest_route=\/wp\/v2\/posts\/47000","targetHints":{"allow":["GET"]}}],"collection":[{"href":"https:\/\/lospoliticosveracruz.com\/index.php?rest_route=\/wp\/v2\/posts"}],"about":[{"href":"https:\/\/lospoliticosveracruz.com\/index.php?rest_route=\/wp\/v2\/types\/post"}],"author":[{"embeddable":true,"href":"https:\/\/lospoliticosveracruz.com\/index.php?rest_route=\/wp\/v2\/users\/2"}],"replies":[{"embeddable":true,"href":"https:\/\/lospoliticosveracruz.com\/index.php?rest_route=%2Fwp%2Fv2%2Fcomments&post=47000"}],"version-history":[{"count":1,"href":"https:\/\/lospoliticosveracruz.com\/index.php?rest_route=\/wp\/v2\/posts\/47000\/revisions"}],"predecessor-version":[{"id":47001,"href":"https:\/\/lospoliticosveracruz.com\/index.php?rest_route=\/wp\/v2\/posts\/47000\/revisions\/47001"}],"wp:featuredmedia":[{"embeddable":true,"href":"https:\/\/lospoliticosveracruz.com\/index.php?rest_route=\/wp\/v2\/media\/46953"}],"wp:attachment":[{"href":"https:\/\/lospoliticosveracruz.com\/index.php?rest_route=%2Fwp%2Fv2%2Fmedia&parent=47000"}],"wp:term":[{"taxonomy":"category","embeddable":true,"href":"https:\/\/lospoliticosveracruz.com\/index.php?rest_route=%2Fwp%2Fv2%2Fcategories&post=47000"},{"taxonomy":"post_tag","embeddable":true,"href":"https:\/\/lospoliticosveracruz.com\/index.php?rest_route=%2Fwp%2Fv2%2Ftags&post=47000"}],"curies":[{"name":"wp","href":"https:\/\/api.w.org\/{rel}","templated":true}]}}