{"id":47017,"date":"2019-02-26T09:56:10","date_gmt":"2019-02-26T15:56:10","guid":{"rendered":"http:\/\/www.lospoliticosveracruz.com.mx\/?p=47017"},"modified":"2019-02-26T09:56:10","modified_gmt":"2019-02-26T15:56:10","slug":"analizan-bancadas-presupuesto-de-egresos-2019","status":"publish","type":"post","link":"https:\/\/lospoliticosveracruz.com\/?p=47017","title":{"rendered":"Analizan bancadas Presupuesto de Egresos 2019"},"content":{"rendered":"<p>La Comisi\u00f3n Permanente de Hacienda del Estado, que preside la diputada de Morena, Rosalinda Galindo Silva, se reuni\u00f3 con representantes de los distintos Grupos Legislativos, para analizar la propuesta de reforma al decreto 14 del Presupuesto de Egresos del Gobierno del Estado de Veracruz para el Ejercicio Fiscal 2019.<\/p>\n<p>En la reuni\u00f3n participaron los diputados de Morena; Vicky Virginia Tadeo R\u00edos, Eric Dom\u00ednguez V\u00e1zquez y Amado Cruz Malpica; los diputados Rodrigo Garc\u00eda Escalante, Sergio Hern\u00e1ndez Hern\u00e1ndez, Juan Manuel de Unanue Abascal, Bingen Remenetar\u00eda Molina y Omar Miranda Romero, del Grupo Legislativo del PAN; las diputadas Erika Ayala R\u00edos del Grupo Legislativo Mixto PRI-PVEM y Brianda Kristel Hern\u00e1ndez Topete del Grupo Legislativo MC-PRD; as\u00ed como el secretario general del Palacio Legislativo, Domingo Bahena Corbal\u00e1.<\/p>\n<p>Los legisladores analizaron el proyecto enviado por el Ejecutivo Estatal, referente al presupuesto que ejercer\u00e1n los poderes Ejecutivo, Legislativo y Judicial; as\u00ed como los organismos p\u00fablicos descentralizados, organismos aut\u00f3nomos y diferentes fideicomisos.<\/p>\n<p>Este mi\u00e9rcoles 27 de febrero, a partir de las 17:00 horas, en sesi\u00f3n extraordinaria, el Pleno de la LXV Legislatura del Estado debatir\u00e1 y votar\u00e1 el proyecto de decreto que reformar\u00eda el decreto n\u00famero 14 del Presupuesto de Egresos del Gobierno del Estado de Veracruz.<\/p>\n","protected":false},"excerpt":{"rendered":"<p>La Comisi\u00f3n Permanente de Hacienda del Estado, que preside la diputada de Morena, Rosalinda Galindo Silva, se reuni\u00f3 con representantes de los distintos Grupos Legislativos, para analizar la propuesta de reforma al decreto 14 del Presupuesto de Egresos del Gobierno del Estado de Veracruz para el Ejercicio Fiscal 2019. En la reuni\u00f3n participaron los diputados [&hellip;]<\/p>\n","protected":false},"author":2,"featured_media":0,"comment_status":"open","ping_status":"open","sticky":false,"template":"","format":"standard","meta":{"tdm_status":"","tdm_grid_status":"","footnotes":""},"categories":[73],"tags":[5618,13814,2223,13135,3525,8456,1026,1951,7036,3722,10669,6481],"class_list":{"0":"post-47017","1":"post","2":"type-post","3":"status-publish","4":"format-standard","6":"category-de-boleto","7":"tag-amado-cruz-malpica","8":"tag-brianda-kristel-hernandez-topete","9":"tag-domingo-bahena-corbala","10":"tag-eric-dominguez-vazquez","11":"tag-erika-ayala-rios","12":"tag-juan-manuel-de-unanue-abascal","13":"tag-morena","14":"tag-omar-miranda-romero","15":"tag-presupuesto-de-egresos","16":"tag-rodrigo-garcia-escalante","17":"tag-rosalinda-galindo-silva","18":"tag-sergio-hernandez-hernandez"},"yoast_head":"<!-- This site is optimized with the Yoast SEO plugin v27.4 - https:\/\/yoast.com\/product\/yoast-seo-wordpress\/ -->\n<title>Analizan bancadas Presupuesto de Egresos 2019 - Los pol\u00edticos Veracruz<\/title>\n<meta name=\"robots\" content=\"index, follow, max-snippet:-1, max-image-preview:large, max-video-preview:-1\" \/>\n<link rel=\"canonical\" href=\"https:\/\/lospoliticosveracruz.com\/?p=47017\" \/>\n<meta property=\"og:locale\" content=\"es_ES\" \/>\n<meta property=\"og:type\" content=\"article\" \/>\n<meta property=\"og:title\" content=\"Analizan bancadas Presupuesto de Egresos 2019 - Los pol\u00edticos Veracruz\" \/>\n<meta property=\"og:description\" content=\"La Comisi\u00f3n Permanente de Hacienda del Estado, que preside la diputada de Morena, Rosalinda Galindo Silva, se reuni\u00f3 con representantes de los distintos Grupos Legislativos, para analizar la propuesta de reforma al decreto 14 del Presupuesto de Egresos del Gobierno del Estado de Veracruz para el Ejercicio Fiscal 2019. En la reuni\u00f3n participaron los diputados [&hellip;]\" \/>\n<meta property=\"og:url\" content=\"https:\/\/lospoliticosveracruz.com\/?p=47017\" \/>\n<meta property=\"og:site_name\" content=\"Los pol\u00edticos Veracruz\" \/>\n<meta property=\"article:publisher\" content=\"https:\/\/www.facebook.com\/people\/Notimemes-de-los-Polticos\/61565672886568\/\" \/>\n<meta property=\"article:published_time\" content=\"2019-02-26T15:56:10+00:00\" \/>\n<meta property=\"og:image\" content=\"https:\/\/lospoliticosveracruz.com\/wp-content\/uploads\/2016\/07\/Logo-Dor.jpg\" \/>\n\t<meta property=\"og:image:width\" content=\"200\" \/>\n\t<meta property=\"og:image:height\" content=\"200\" \/>\n\t<meta property=\"og:image:type\" content=\"image\/jpeg\" \/>\n<meta name=\"author\" content=\"Lo viste en Los Pol\u00edticos\" \/>\n<meta name=\"twitter:card\" content=\"summary_large_image\" \/>\n<meta name=\"twitter:creator\" content=\"@LosPoliticosVer\" \/>\n<meta name=\"twitter:site\" content=\"@LosPoliticosVer\" \/>\n<meta name=\"twitter:label1\" content=\"Escrito por\" \/>\n\t<meta name=\"twitter:data1\" content=\"Lo viste en Los Pol\u00edticos\" \/>\n\t<meta name=\"twitter:label2\" content=\"Tiempo de lectura\" \/>\n\t<meta name=\"twitter:data2\" content=\"1 minuto\" \/>\n<script type=\"application\/ld+json\" class=\"yoast-schema-graph\">{\"@context\":\"https:\\\/\\\/schema.org\",\"@graph\":[{\"@type\":\"Article\",\"@id\":\"https:\\\/\\\/lospoliticosveracruz.com\\\/?p=47017#article\",\"isPartOf\":{\"@id\":\"https:\\\/\\\/lospoliticosveracruz.com\\\/?p=47017\"},\"author\":{\"name\":\"Lo viste en Los Pol\u00edticos\",\"@id\":\"https:\\\/\\\/lospoliticosveracruz.com\\\/#\\\/schema\\\/person\\\/b8702bb0e538456e6efd07080bf2a4a2\"},\"headline\":\"Analizan bancadas Presupuesto de Egresos 2019\",\"datePublished\":\"2019-02-26T15:56:10+00:00\",\"mainEntityOfPage\":{\"@id\":\"https:\\\/\\\/lospoliticosveracruz.com\\\/?p=47017\"},\"wordCount\":218,\"commentCount\":0,\"publisher\":{\"@id\":\"https:\\\/\\\/lospoliticosveracruz.com\\\/#organization\"},\"keywords\":[\"Amado Cruz Malpica\",\"Brianda Kristel Hern\u00e1ndez Topete\",\"Domingo Bahena Corbal\u00e1\",\"Eric Dom\u00ednguez V\u00e1zquez\",\"Erika Ayala R\u00edos\",\"Juan Manuel de Unanue Abascal\",\"Morena\",\"Omar Miranda Romero\",\"Presupuesto de Egresos\",\"Rodrigo Garc\u00eda Escalante\",\"Rosalinda Galindo Silva\",\"Sergio Hern\u00e1ndez Hern\u00e1ndez\"],\"articleSection\":[\"De Boleto\"],\"inLanguage\":\"es\",\"potentialAction\":[{\"@type\":\"CommentAction\",\"name\":\"Comment\",\"target\":[\"https:\\\/\\\/lospoliticosveracruz.com\\\/?p=47017#respond\"]}]},{\"@type\":\"WebPage\",\"@id\":\"https:\\\/\\\/lospoliticosveracruz.com\\\/?p=47017\",\"url\":\"https:\\\/\\\/lospoliticosveracruz.com\\\/?p=47017\",\"name\":\"Analizan bancadas Presupuesto de Egresos 2019 - Los pol\u00edticos Veracruz\",\"isPartOf\":{\"@id\":\"https:\\\/\\\/lospoliticosveracruz.com\\\/#website\"},\"datePublished\":\"2019-02-26T15:56:10+00:00\",\"breadcrumb\":{\"@id\":\"https:\\\/\\\/lospoliticosveracruz.com\\\/?p=47017#breadcrumb\"},\"inLanguage\":\"es\",\"potentialAction\":[{\"@type\":\"ReadAction\",\"target\":[\"https:\\\/\\\/lospoliticosveracruz.com\\\/?p=47017\"]}]},{\"@type\":\"BreadcrumbList\",\"@id\":\"https:\\\/\\\/lospoliticosveracruz.com\\\/?p=47017#breadcrumb\",\"itemListElement\":[{\"@type\":\"ListItem\",\"position\":1,\"name\":\"Portada\",\"item\":\"https:\\\/\\\/lospoliticosveracruz.com\\\/\"},{\"@type\":\"ListItem\",\"position\":2,\"name\":\"Analizan bancadas Presupuesto de Egresos 2019\"}]},{\"@type\":\"WebSite\",\"@id\":\"https:\\\/\\\/lospoliticosveracruz.com\\\/#website\",\"url\":\"https:\\\/\\\/lospoliticosveracruz.com\\\/\",\"name\":\"Los pol\u00edticos Veracruz\",\"description\":\"\",\"publisher\":{\"@id\":\"https:\\\/\\\/lospoliticosveracruz.com\\\/#organization\"},\"potentialAction\":[{\"@type\":\"SearchAction\",\"target\":{\"@type\":\"EntryPoint\",\"urlTemplate\":\"https:\\\/\\\/lospoliticosveracruz.com\\\/?s={search_term_string}\"},\"query-input\":{\"@type\":\"PropertyValueSpecification\",\"valueRequired\":true,\"valueName\":\"search_term_string\"}}],\"inLanguage\":\"es\"},{\"@type\":\"Organization\",\"@id\":\"https:\\\/\\\/lospoliticosveracruz.com\\\/#organization\",\"name\":\"Los pol\u00edticos Veracruz\",\"url\":\"https:\\\/\\\/lospoliticosveracruz.com\\\/\",\"logo\":{\"@type\":\"ImageObject\",\"inLanguage\":\"es\",\"@id\":\"https:\\\/\\\/lospoliticosveracruz.com\\\/#\\\/schema\\\/logo\\\/image\\\/\",\"url\":\"https:\\\/\\\/lospoliticosveracruz.com\\\/wp-content\\\/uploads\\\/2025\\\/12\\\/Logo-Nuevo-LOS-POLITICOS-1.jpg\",\"contentUrl\":\"https:\\\/\\\/lospoliticosveracruz.com\\\/wp-content\\\/uploads\\\/2025\\\/12\\\/Logo-Nuevo-LOS-POLITICOS-1.jpg\",\"width\":260,\"height\":70,\"caption\":\"Los pol\u00edticos Veracruz\"},\"image\":{\"@id\":\"https:\\\/\\\/lospoliticosveracruz.com\\\/#\\\/schema\\\/logo\\\/image\\\/\"},\"sameAs\":[\"https:\\\/\\\/www.facebook.com\\\/people\\\/Notimemes-de-los-Polticos\\\/61565672886568\\\/\",\"https:\\\/\\\/x.com\\\/LosPoliticosVer\"]},{\"@type\":\"Person\",\"@id\":\"https:\\\/\\\/lospoliticosveracruz.com\\\/#\\\/schema\\\/person\\\/b8702bb0e538456e6efd07080bf2a4a2\",\"name\":\"Lo viste en Los Pol\u00edticos\",\"image\":{\"@type\":\"ImageObject\",\"inLanguage\":\"es\",\"@id\":\"https:\\\/\\\/secure.gravatar.com\\\/avatar\\\/3a8de04a2656d44082be478bd6c086daa447c4651605818287b9532d3d0bd435?s=96&d=mm&r=g\",\"url\":\"https:\\\/\\\/secure.gravatar.com\\\/avatar\\\/3a8de04a2656d44082be478bd6c086daa447c4651605818287b9532d3d0bd435?s=96&d=mm&r=g\",\"contentUrl\":\"https:\\\/\\\/secure.gravatar.com\\\/avatar\\\/3a8de04a2656d44082be478bd6c086daa447c4651605818287b9532d3d0bd435?s=96&d=mm&r=g\",\"caption\":\"Lo viste en Los Pol\u00edticos\"},\"url\":\"https:\\\/\\\/lospoliticosveracruz.com\\\/?author=2\"}]}<\/script>\n<!-- \/ Yoast SEO plugin. -->","yoast_head_json":{"title":"Analizan bancadas Presupuesto de Egresos 2019 - Los pol\u00edticos Veracruz","robots":{"index":"index","follow":"follow","max-snippet":"max-snippet:-1","max-image-preview":"max-image-preview:large","max-video-preview":"max-video-preview:-1"},"canonical":"https:\/\/lospoliticosveracruz.com\/?p=47017","og_locale":"es_ES","og_type":"article","og_title":"Analizan bancadas Presupuesto de Egresos 2019 - Los pol\u00edticos Veracruz","og_description":"La Comisi\u00f3n Permanente de Hacienda del Estado, que preside la diputada de Morena, Rosalinda Galindo Silva, se reuni\u00f3 con representantes de los distintos Grupos Legislativos, para analizar la propuesta de reforma al decreto 14 del Presupuesto de Egresos del Gobierno del Estado de Veracruz para el Ejercicio Fiscal 2019. En la reuni\u00f3n participaron los diputados [&hellip;]","og_url":"https:\/\/lospoliticosveracruz.com\/?p=47017","og_site_name":"Los pol\u00edticos Veracruz","article_publisher":"https:\/\/www.facebook.com\/people\/Notimemes-de-los-Polticos\/61565672886568\/","article_published_time":"2019-02-26T15:56:10+00:00","og_image":[{"width":200,"height":200,"url":"https:\/\/lospoliticosveracruz.com\/wp-content\/uploads\/2016\/07\/Logo-Dor.jpg","type":"image\/jpeg"}],"author":"Lo viste en Los Pol\u00edticos","twitter_card":"summary_large_image","twitter_creator":"@LosPoliticosVer","twitter_site":"@LosPoliticosVer","twitter_misc":{"Escrito por":"Lo viste en Los Pol\u00edticos","Tiempo de lectura":"1 minuto"},"schema":{"@context":"https:\/\/schema.org","@graph":[{"@type":"Article","@id":"https:\/\/lospoliticosveracruz.com\/?p=47017#article","isPartOf":{"@id":"https:\/\/lospoliticosveracruz.com\/?p=47017"},"author":{"name":"Lo viste en Los Pol\u00edticos","@id":"https:\/\/lospoliticosveracruz.com\/#\/schema\/person\/b8702bb0e538456e6efd07080bf2a4a2"},"headline":"Analizan bancadas Presupuesto de Egresos 2019","datePublished":"2019-02-26T15:56:10+00:00","mainEntityOfPage":{"@id":"https:\/\/lospoliticosveracruz.com\/?p=47017"},"wordCount":218,"commentCount":0,"publisher":{"@id":"https:\/\/lospoliticosveracruz.com\/#organization"},"keywords":["Amado Cruz Malpica","Brianda Kristel Hern\u00e1ndez Topete","Domingo Bahena Corbal\u00e1","Eric Dom\u00ednguez V\u00e1zquez","Erika Ayala R\u00edos","Juan Manuel de Unanue Abascal","Morena","Omar Miranda Romero","Presupuesto de Egresos","Rodrigo Garc\u00eda Escalante","Rosalinda Galindo Silva","Sergio Hern\u00e1ndez Hern\u00e1ndez"],"articleSection":["De Boleto"],"inLanguage":"es","potentialAction":[{"@type":"CommentAction","name":"Comment","target":["https:\/\/lospoliticosveracruz.com\/?p=47017#respond"]}]},{"@type":"WebPage","@id":"https:\/\/lospoliticosveracruz.com\/?p=47017","url":"https:\/\/lospoliticosveracruz.com\/?p=47017","name":"Analizan bancadas Presupuesto de Egresos 2019 - Los pol\u00edticos Veracruz","isPartOf":{"@id":"https:\/\/lospoliticosveracruz.com\/#website"},"datePublished":"2019-02-26T15:56:10+00:00","breadcrumb":{"@id":"https:\/\/lospoliticosveracruz.com\/?p=47017#breadcrumb"},"inLanguage":"es","potentialAction":[{"@type":"ReadAction","target":["https:\/\/lospoliticosveracruz.com\/?p=47017"]}]},{"@type":"BreadcrumbList","@id":"https:\/\/lospoliticosveracruz.com\/?p=47017#breadcrumb","itemListElement":[{"@type":"ListItem","position":1,"name":"Portada","item":"https:\/\/lospoliticosveracruz.com\/"},{"@type":"ListItem","position":2,"name":"Analizan bancadas Presupuesto de Egresos 2019"}]},{"@type":"WebSite","@id":"https:\/\/lospoliticosveracruz.com\/#website","url":"https:\/\/lospoliticosveracruz.com\/","name":"Los pol\u00edticos Veracruz","description":"","publisher":{"@id":"https:\/\/lospoliticosveracruz.com\/#organization"},"potentialAction":[{"@type":"SearchAction","target":{"@type":"EntryPoint","urlTemplate":"https:\/\/lospoliticosveracruz.com\/?s={search_term_string}"},"query-input":{"@type":"PropertyValueSpecification","valueRequired":true,"valueName":"search_term_string"}}],"inLanguage":"es"},{"@type":"Organization","@id":"https:\/\/lospoliticosveracruz.com\/#organization","name":"Los pol\u00edticos Veracruz","url":"https:\/\/lospoliticosveracruz.com\/","logo":{"@type":"ImageObject","inLanguage":"es","@id":"https:\/\/lospoliticosveracruz.com\/#\/schema\/logo\/image\/","url":"https:\/\/lospoliticosveracruz.com\/wp-content\/uploads\/2025\/12\/Logo-Nuevo-LOS-POLITICOS-1.jpg","contentUrl":"https:\/\/lospoliticosveracruz.com\/wp-content\/uploads\/2025\/12\/Logo-Nuevo-LOS-POLITICOS-1.jpg","width":260,"height":70,"caption":"Los pol\u00edticos Veracruz"},"image":{"@id":"https:\/\/lospoliticosveracruz.com\/#\/schema\/logo\/image\/"},"sameAs":["https:\/\/www.facebook.com\/people\/Notimemes-de-los-Polticos\/61565672886568\/","https:\/\/x.com\/LosPoliticosVer"]},{"@type":"Person","@id":"https:\/\/lospoliticosveracruz.com\/#\/schema\/person\/b8702bb0e538456e6efd07080bf2a4a2","name":"Lo viste en Los Pol\u00edticos","image":{"@type":"ImageObject","inLanguage":"es","@id":"https:\/\/secure.gravatar.com\/avatar\/3a8de04a2656d44082be478bd6c086daa447c4651605818287b9532d3d0bd435?s=96&d=mm&r=g","url":"https:\/\/secure.gravatar.com\/avatar\/3a8de04a2656d44082be478bd6c086daa447c4651605818287b9532d3d0bd435?s=96&d=mm&r=g","contentUrl":"https:\/\/secure.gravatar.com\/avatar\/3a8de04a2656d44082be478bd6c086daa447c4651605818287b9532d3d0bd435?s=96&d=mm&r=g","caption":"Lo viste en Los Pol\u00edticos"},"url":"https:\/\/lospoliticosveracruz.com\/?author=2"}]}},"_links":{"self":[{"href":"https:\/\/lospoliticosveracruz.com\/index.php?rest_route=\/wp\/v2\/posts\/47017","targetHints":{"allow":["GET"]}}],"collection":[{"href":"https:\/\/lospoliticosveracruz.com\/index.php?rest_route=\/wp\/v2\/posts"}],"about":[{"href":"https:\/\/lospoliticosveracruz.com\/index.php?rest_route=\/wp\/v2\/types\/post"}],"author":[{"embeddable":true,"href":"https:\/\/lospoliticosveracruz.com\/index.php?rest_route=\/wp\/v2\/users\/2"}],"replies":[{"embeddable":true,"href":"https:\/\/lospoliticosveracruz.com\/index.php?rest_route=%2Fwp%2Fv2%2Fcomments&post=47017"}],"version-history":[{"count":1,"href":"https:\/\/lospoliticosveracruz.com\/index.php?rest_route=\/wp\/v2\/posts\/47017\/revisions"}],"predecessor-version":[{"id":47019,"href":"https:\/\/lospoliticosveracruz.com\/index.php?rest_route=\/wp\/v2\/posts\/47017\/revisions\/47019"}],"wp:attachment":[{"href":"https:\/\/lospoliticosveracruz.com\/index.php?rest_route=%2Fwp%2Fv2%2Fmedia&parent=47017"}],"wp:term":[{"taxonomy":"category","embeddable":true,"href":"https:\/\/lospoliticosveracruz.com\/index.php?rest_route=%2Fwp%2Fv2%2Fcategories&post=47017"},{"taxonomy":"post_tag","embeddable":true,"href":"https:\/\/lospoliticosveracruz.com\/index.php?rest_route=%2Fwp%2Fv2%2Ftags&post=47017"}],"curies":[{"name":"wp","href":"https:\/\/api.w.org\/{rel}","templated":true}]}}