{"id":47104,"date":"2019-03-01T08:58:29","date_gmt":"2019-03-01T14:58:29","guid":{"rendered":"http:\/\/www.lospoliticosveracruz.com.mx\/?p=47104"},"modified":"2019-03-01T08:58:29","modified_gmt":"2019-03-01T14:58:29","slug":"el-veracruz-amoroso","status":"publish","type":"post","link":"https:\/\/lospoliticosveracruz.com\/?p=47104","title":{"rendered":"El Veracruz amoroso"},"content":{"rendered":"<p><strong>Ricardo Ch\u00faa<\/strong><\/p>\n<p><em>Sale y Vale<\/em><\/p>\n<p>OJO&#8230; El tema de la inseguridad contin\u00faa haci\u00e9ndose presente en Veracruz&#8230; De nada sirve que Cuitl\u00e1huac Garc\u00eda como gobernador contin\u00fae diciendo que se combatir\u00e1&#8230; Si aun hay conflictos en zonas donde m\u00e1s ha \u00abpegado\u00bb a la poblaci\u00f3n estos casos&#8230; La batalla contin\u00faa con estos grupos fuera de la ley&#8230; Ah\u00ed est\u00e1n sus muertos y la forma atroz de como son hasta masacrados&#8230;. El problema contin\u00faa y no se ataca como debiera&#8230; La lucha de poder al interior del gobierno lo impide&#8230;<\/p>\n<p>Si bien es cierto hoy Cuitl\u00e1huac Garc\u00eda cumpli\u00f3 tres meses en el poder pol\u00edtico en Veracruz&#8230; Tambi\u00e9n es verdad que el tiempo no ha sido suficiente como para pedirle que logre grandes resultados&#8230; Pero si el gobernador y el secretario de Gobierno, Eric Cisneros, no entienden que sin seguridad no habr\u00e1 calma, no habr\u00e1 tranquilidad para inversiones entonces muchos empresarios se ir\u00e1n por el temor en Veracruz&#8230; Y sin ello, la entidad no tendr\u00e1 su Cuarta Transformaci\u00f3n&#8230; S\u00f3lo quedar\u00e1 en el dicho y no en el hecho&#8230;<\/p>\n<p>FABRICANDO FANTAS\u00cdAS&#8230; Debe ser la llegada de las Fiestas de Carnaval de Veracruz 2019 o quiz\u00e1s que la Primavera viene con ganas&#8230; Pero ayer pol\u00edticos que hasta hace uno d\u00edas se detestaban ahora se la pasaron en elogios en redes sociales&#8230; \u00bfPues qu\u00e9 pas\u00f3?&#8230;. ChiquiNando le dieron una lana que le deb\u00eda Cuitl\u00e1huac.. Se la pag\u00f3 y agradeci\u00f3 p\u00fablicamente&#8230; Monreal se desvivi\u00f3 en alabanzas a Julen Rementer\u00eda por el tema de la Guard\u00eda Nacional&#8230;<\/p>\n<p>P-Edel tiene d\u00edas hablando maravillas de Cuitl\u00e1huac&#8230; Maleno regres\u00f3 a MORENA e hizo las paces con G\u00f3mez Cazar\u00edn&#8230; A Mancha le echaron para atr\u00e1s la impugnaci\u00f3n de \u00abEl Chapo\u00bb Guzm\u00e1n Avil\u00e9s para quitarle la dirigencia estatal del PAN y se queda en la Presidencia&#8230; S\u00f3lo falta que en Carnaval en grada del Gobierno vean a PapaYunes departiendo con Cuitl\u00e1huac el paseo matutino del domingo&#8230; Si pasa&#8230; A las vecinas Natalia y Forbach, le da un infarto, vuelven a nacer y se vuelven a infartar&#8230; Ser\u00e1 el nuevo Veracruz \u00abamoroso\u00bb del Cuit ?&#8230;<\/p>\n<p>Una \u00faltima duda&#8230; Ser\u00e1 que en estas horas de\u00bbte quiero noche y d\u00eda&#8230;. No he querido nunca as\u00ed\u00bb&#8230; Sea el factor para que nuestro Gober venga al puerto de Veracruz&#8230; Se de un abrazo con Nando y de paso con el Pollo&#8230; Y como todo buen \u00abrumbero\u00bb corone a la Reina de Carnaval&#8230; Y que viva la fiesta y alegr\u00eda&#8230; Y que a partir de ahora todo sea dicha y felicidad entre azules y Morenos&#8230; A Lucho lo hagan representante del Gobierno de Veracrz en CDMX y Marl\u00f3n al PRI estatal&#8230; Ja ja ja&#8230; Vive en un mundo de mentiras&#8230; Fabricando Fantas\u00edas&#8230;<\/p>\n<p>5 D\u00cdAS EN EL PAN-MORENO&#8230; Ayer en este espacio se toc\u00f3 el tema de los grupos al interior del PRI que sostienen alianzas con Palacio de Gobierno de MORENA para apoderarse de este partido pol\u00edtico v\u00eda la dirigencia estatal&#8230; Algo similar est\u00e1 ocurriendo dentro del PAN&#8230; Pero ah\u00ed como los \u00abenconos\u00bb son m\u00e1s directos y fuertes&#8230; Y se la est\u00e1n partiendo con todo&#8230; Ocupando hasta los tribunales electorales para dirimir estos casos&#8230; As\u00ed pasa con el tema de Pepe Mancha y el Chapo Guzm\u00e1n \u00c1viles&#8230;<\/p>\n<p>Hasta el pasado mi\u00e9rcoles se ten\u00eda pensado que la Sala Regional del Tribunal Electoral del Poder Judicial de la Federaci\u00f3n (TEPJF) con sede en Xalapa&#8230; Estaba a punto de sacar una resoluci\u00f3n final sobre la impugnaci\u00f3n puesta por Joaqu\u00edn Guzm\u00e1n \u00c1viles en contra de Pepe Mancha, por haberle ganado, seg\u00fan \u00e9l con trampas electorales, la dirigencia estatal de este partido&#8230; La Fuente al interior de este Tribunal confes\u00f3 que le estaban preparando una \u00abjugada\u00bb a Mancha y que la misma proven\u00eda desde Palacio de Gobierno&#8230;.<\/p>\n<p>Ya que estaban presionando a trav\u00e9s del gobierno estatal de MORENA a los magistrados que tuvieran una simpat\u00eda con este partido, para que dieran la resoluci\u00f3n con Guzm\u00e1n Aviles, que seg\u00fan la Fuente, al igual que algunos grupos al interior del PRI, gente cercana a su grupo pol\u00edtico tambi\u00e9n ya sosten\u00eda acercamiento con el SECRETARIO PARTICULAR de Cuitlahuac, Esteban Ram\u00edrez Zepeda&#8230;. Personaje que oper\u00f3 la elecci\u00f3n de Morena en el puerto de Veracruz y por eso su cercan\u00eda con panistas&#8230; Fue uno de los operadores de Exhome&#8230;<\/p>\n<p>El tema es que desde el Palacio de Gobierno el choapense quer\u00eda tener para su patr\u00f3n un PAN \u00abEnmorenado\u00bb&#8230; Y con Mancha no lo iba a lograr por las alianzas con el PAN-Yunes azules pero si con El Chapo Guzm\u00e1n \u00c1viles porque este ex priista, es un buen negociador pol\u00edtico con los grupos antag\u00f3nicos y Cuitl\u00e1huac finalmente nunca fue su enemigo&#8230; L\u00f3pez Obrador tampoco&#8230; As\u00ed qu\u00e9 todo era posible en este Veracruz de festivales y carna-vales&#8230;<\/p>\n<p>Pero resulta que este jueves sale una resoluci\u00f3n favorable ( por lo menos por 5 d\u00edas) a Pepe Mancha porque el tema de la impugnaci\u00f3n de Guzm\u00e1n \u00c1viles&#8230; El TEPJF lo regresa al comit\u00e9 estatal del PAN&#8230; Para que este haga otro dictamen sobre las irregularidades&#8230; H\u00e1ganme el refabron cabor&#8230; Si el PAN lo maneja Mancha como chingaos se va a \u00abapu\u00f1alear\u00bb \u00e9l solo&#8230; Eso es de risa&#8230; Pero mientras son \u00abperas o son manzanas\u00bb Pepito se queda con el partido, por lo menos 5 d\u00edas m\u00e1s&#8230; Algo es algo&#8230; Un PAN Yunes azulado.. No \u00abEnmorenado\u00bb&#8230;.<\/p>\n<p>Es una lastima para el \u00abchoapense\u00bb Ram\u00edrez Zepeda porque se queda con el \u00abbat en el hombro\u00bb&#8230; Ya que si hab\u00eda una posibilidad del Chapito, de ganar la elecci\u00f3n del PAN estatal y su presidencia era este mi\u00e9rcoles&#8230; Pero este jueves \u00able mataron la esperanza\u00bb&#8230; Y le pas\u00f3 como la canci\u00f3n de Emmanuel en el Festival OTI de 1982: \u00abAl final&#8230; Que por creerte como un Cristo me quede&#8230; Con los brazos abiertos&#8230; Al final\u00bb&#8230; Y sin PAN y sin nada, caray&#8230; Y sin nada, caray&#8230; Ahora es el Mancha que vive feliz&#8230;<\/p>\n<p>As\u00ed que la intenci\u00f3n de distraer a PapaYunes y a los dem\u00e1s azules con la estrategia del comit\u00e9 estatal y la lucha por su presidencia&#8230; Se ha terminado&#8230; Vienen d\u00edas de asueto por las fiestas de Carnaval&#8230; Aunque a\u00fan queda la instancia de la sala regional del TEPJF para El Chapito&#8230; Mancha si es impugnado tiene todav\u00eda la Sala Superior del TEPJF que esa est\u00e1 en CDMX&#8230; Por eso esto va para largo&#8230; As\u00ed que habr\u00e1 Mancha para rato&#8230;<\/p>\n","protected":false},"excerpt":{"rendered":"<p>Ricardo Ch\u00faa Sale y Vale OJO&#8230; El tema de la inseguridad contin\u00faa haci\u00e9ndose presente en Veracruz&#8230; De nada sirve que Cuitl\u00e1huac Garc\u00eda como gobernador contin\u00fae diciendo que se combatir\u00e1&#8230; Si aun hay conflictos en zonas donde m\u00e1s ha \u00abpegado\u00bb a la poblaci\u00f3n estos casos&#8230; La batalla contin\u00faa con estos grupos fuera de la ley&#8230; Ah\u00ed [&hellip;]<\/p>\n","protected":false},"author":2,"featured_media":47105,"comment_status":"open","ping_status":"open","sticky":false,"template":"","format":"standard","meta":{"tdm_status":"","tdm_grid_status":"","footnotes":""},"categories":[70],"tags":[1730,12744,1681,12686,14073,196,3288,1065,12731,195,96],"class_list":{"0":"post-47104","1":"post","2":"type-post","3":"status-publish","4":"format-standard","5":"has-post-thumbnail","7":"category-de-opinion","8":"tag-carnaval-de-veracruz","9":"tag-cuarta-transformacion","10":"tag-cuitlahuac-garcia","11":"tag-eric-cisneros","12":"tag-esteban-ramirez-zepeda","13":"tag-inseguridad","14":"tag-joaquin-guzman-aviles","15":"tag-pepe-mancha","16":"tag-tribunal-electoral","17":"tag-veracruz","18":"tag-xalapa"},"yoast_head":"<!-- This site is optimized with the Yoast SEO plugin v27.4 - https:\/\/yoast.com\/product\/yoast-seo-wordpress\/ -->\n<title>El Veracruz amoroso - Los pol\u00edticos Veracruz<\/title>\n<meta name=\"robots\" content=\"index, follow, max-snippet:-1, max-image-preview:large, max-video-preview:-1\" \/>\n<link rel=\"canonical\" href=\"https:\/\/lospoliticosveracruz.com\/?p=47104\" \/>\n<meta property=\"og:locale\" content=\"es_ES\" \/>\n<meta property=\"og:type\" content=\"article\" \/>\n<meta property=\"og:title\" content=\"El Veracruz amoroso - Los pol\u00edticos Veracruz\" \/>\n<meta property=\"og:description\" content=\"Ricardo Ch\u00faa Sale y Vale OJO&#8230; El tema de la inseguridad contin\u00faa haci\u00e9ndose presente en Veracruz&#8230; De nada sirve que Cuitl\u00e1huac Garc\u00eda como gobernador contin\u00fae diciendo que se combatir\u00e1&#8230; Si aun hay conflictos en zonas donde m\u00e1s ha \u00abpegado\u00bb a la poblaci\u00f3n estos casos&#8230; La batalla contin\u00faa con estos grupos fuera de la ley&#8230; Ah\u00ed [&hellip;]\" \/>\n<meta property=\"og:url\" content=\"https:\/\/lospoliticosveracruz.com\/?p=47104\" \/>\n<meta property=\"og:site_name\" content=\"Los pol\u00edticos Veracruz\" \/>\n<meta property=\"article:publisher\" content=\"https:\/\/www.facebook.com\/people\/Notimemes-de-los-Polticos\/61565672886568\/\" \/>\n<meta property=\"article:published_time\" content=\"2019-03-01T14:58:29+00:00\" \/>\n<meta property=\"og:image\" content=\"https:\/\/lospoliticosveracruz.com\/wp-content\/uploads\/2019\/03\/Veracruz.png\" \/>\n\t<meta property=\"og:image:width\" content=\"600\" \/>\n\t<meta property=\"og:image:height\" content=\"424\" \/>\n\t<meta property=\"og:image:type\" content=\"image\/png\" \/>\n<meta name=\"author\" content=\"Lo viste en Los Pol\u00edticos\" \/>\n<meta name=\"twitter:card\" content=\"summary_large_image\" \/>\n<meta name=\"twitter:creator\" content=\"@LosPoliticosVer\" \/>\n<meta name=\"twitter:site\" content=\"@LosPoliticosVer\" \/>\n<meta name=\"twitter:label1\" content=\"Escrito por\" \/>\n\t<meta name=\"twitter:data1\" content=\"Lo viste en Los Pol\u00edticos\" \/>\n\t<meta name=\"twitter:label2\" content=\"Tiempo de lectura\" \/>\n\t<meta name=\"twitter:data2\" content=\"6 minutos\" \/>\n<script type=\"application\/ld+json\" class=\"yoast-schema-graph\">{\"@context\":\"https:\\\/\\\/schema.org\",\"@graph\":[{\"@type\":\"Article\",\"@id\":\"https:\\\/\\\/lospoliticosveracruz.com\\\/?p=47104#article\",\"isPartOf\":{\"@id\":\"https:\\\/\\\/lospoliticosveracruz.com\\\/?p=47104\"},\"author\":{\"name\":\"Lo viste en Los Pol\u00edticos\",\"@id\":\"https:\\\/\\\/lospoliticosveracruz.com\\\/#\\\/schema\\\/person\\\/b8702bb0e538456e6efd07080bf2a4a2\"},\"headline\":\"El Veracruz amoroso\",\"datePublished\":\"2019-03-01T14:58:29+00:00\",\"mainEntityOfPage\":{\"@id\":\"https:\\\/\\\/lospoliticosveracruz.com\\\/?p=47104\"},\"wordCount\":1131,\"commentCount\":0,\"publisher\":{\"@id\":\"https:\\\/\\\/lospoliticosveracruz.com\\\/#organization\"},\"image\":{\"@id\":\"https:\\\/\\\/lospoliticosveracruz.com\\\/?p=47104#primaryimage\"},\"thumbnailUrl\":\"https:\\\/\\\/lospoliticosveracruz.com\\\/wp-content\\\/uploads\\\/2019\\\/03\\\/Veracruz.png\",\"keywords\":[\"Carnaval de Veracruz\",\"Cuarta Transformaci\u00f3n\",\"Cuitl\u00e1huac Garc\u00eda\",\"Eric Cisneros\",\"Esteban Ram\u00edrez Zepeda\",\"inseguridad\",\"Joaqu\u00edn Guzm\u00e1n Avil\u00e9s\",\"Pepe Mancha\",\"Tribunal Electoral\",\"Veracruz\",\"Xalapa\"],\"articleSection\":[\"De Opini\u00f3n\"],\"inLanguage\":\"es\",\"potentialAction\":[{\"@type\":\"CommentAction\",\"name\":\"Comment\",\"target\":[\"https:\\\/\\\/lospoliticosveracruz.com\\\/?p=47104#respond\"]}]},{\"@type\":\"WebPage\",\"@id\":\"https:\\\/\\\/lospoliticosveracruz.com\\\/?p=47104\",\"url\":\"https:\\\/\\\/lospoliticosveracruz.com\\\/?p=47104\",\"name\":\"El Veracruz amoroso - Los pol\u00edticos Veracruz\",\"isPartOf\":{\"@id\":\"https:\\\/\\\/lospoliticosveracruz.com\\\/#website\"},\"primaryImageOfPage\":{\"@id\":\"https:\\\/\\\/lospoliticosveracruz.com\\\/?p=47104#primaryimage\"},\"image\":{\"@id\":\"https:\\\/\\\/lospoliticosveracruz.com\\\/?p=47104#primaryimage\"},\"thumbnailUrl\":\"https:\\\/\\\/lospoliticosveracruz.com\\\/wp-content\\\/uploads\\\/2019\\\/03\\\/Veracruz.png\",\"datePublished\":\"2019-03-01T14:58:29+00:00\",\"breadcrumb\":{\"@id\":\"https:\\\/\\\/lospoliticosveracruz.com\\\/?p=47104#breadcrumb\"},\"inLanguage\":\"es\",\"potentialAction\":[{\"@type\":\"ReadAction\",\"target\":[\"https:\\\/\\\/lospoliticosveracruz.com\\\/?p=47104\"]}]},{\"@type\":\"ImageObject\",\"inLanguage\":\"es\",\"@id\":\"https:\\\/\\\/lospoliticosveracruz.com\\\/?p=47104#primaryimage\",\"url\":\"https:\\\/\\\/lospoliticosveracruz.com\\\/wp-content\\\/uploads\\\/2019\\\/03\\\/Veracruz.png\",\"contentUrl\":\"https:\\\/\\\/lospoliticosveracruz.com\\\/wp-content\\\/uploads\\\/2019\\\/03\\\/Veracruz.png\",\"width\":600,\"height\":424},{\"@type\":\"BreadcrumbList\",\"@id\":\"https:\\\/\\\/lospoliticosveracruz.com\\\/?p=47104#breadcrumb\",\"itemListElement\":[{\"@type\":\"ListItem\",\"position\":1,\"name\":\"Portada\",\"item\":\"https:\\\/\\\/lospoliticosveracruz.com\\\/\"},{\"@type\":\"ListItem\",\"position\":2,\"name\":\"El Veracruz amoroso\"}]},{\"@type\":\"WebSite\",\"@id\":\"https:\\\/\\\/lospoliticosveracruz.com\\\/#website\",\"url\":\"https:\\\/\\\/lospoliticosveracruz.com\\\/\",\"name\":\"Los pol\u00edticos Veracruz\",\"description\":\"\",\"publisher\":{\"@id\":\"https:\\\/\\\/lospoliticosveracruz.com\\\/#organization\"},\"potentialAction\":[{\"@type\":\"SearchAction\",\"target\":{\"@type\":\"EntryPoint\",\"urlTemplate\":\"https:\\\/\\\/lospoliticosveracruz.com\\\/?s={search_term_string}\"},\"query-input\":{\"@type\":\"PropertyValueSpecification\",\"valueRequired\":true,\"valueName\":\"search_term_string\"}}],\"inLanguage\":\"es\"},{\"@type\":\"Organization\",\"@id\":\"https:\\\/\\\/lospoliticosveracruz.com\\\/#organization\",\"name\":\"Los pol\u00edticos Veracruz\",\"url\":\"https:\\\/\\\/lospoliticosveracruz.com\\\/\",\"logo\":{\"@type\":\"ImageObject\",\"inLanguage\":\"es\",\"@id\":\"https:\\\/\\\/lospoliticosveracruz.com\\\/#\\\/schema\\\/logo\\\/image\\\/\",\"url\":\"https:\\\/\\\/lospoliticosveracruz.com\\\/wp-content\\\/uploads\\\/2025\\\/12\\\/Logo-Nuevo-LOS-POLITICOS-1.jpg\",\"contentUrl\":\"https:\\\/\\\/lospoliticosveracruz.com\\\/wp-content\\\/uploads\\\/2025\\\/12\\\/Logo-Nuevo-LOS-POLITICOS-1.jpg\",\"width\":260,\"height\":70,\"caption\":\"Los pol\u00edticos Veracruz\"},\"image\":{\"@id\":\"https:\\\/\\\/lospoliticosveracruz.com\\\/#\\\/schema\\\/logo\\\/image\\\/\"},\"sameAs\":[\"https:\\\/\\\/www.facebook.com\\\/people\\\/Notimemes-de-los-Polticos\\\/61565672886568\\\/\",\"https:\\\/\\\/x.com\\\/LosPoliticosVer\"]},{\"@type\":\"Person\",\"@id\":\"https:\\\/\\\/lospoliticosveracruz.com\\\/#\\\/schema\\\/person\\\/b8702bb0e538456e6efd07080bf2a4a2\",\"name\":\"Lo viste en Los Pol\u00edticos\",\"image\":{\"@type\":\"ImageObject\",\"inLanguage\":\"es\",\"@id\":\"https:\\\/\\\/secure.gravatar.com\\\/avatar\\\/3a8de04a2656d44082be478bd6c086daa447c4651605818287b9532d3d0bd435?s=96&d=mm&r=g\",\"url\":\"https:\\\/\\\/secure.gravatar.com\\\/avatar\\\/3a8de04a2656d44082be478bd6c086daa447c4651605818287b9532d3d0bd435?s=96&d=mm&r=g\",\"contentUrl\":\"https:\\\/\\\/secure.gravatar.com\\\/avatar\\\/3a8de04a2656d44082be478bd6c086daa447c4651605818287b9532d3d0bd435?s=96&d=mm&r=g\",\"caption\":\"Lo viste en Los Pol\u00edticos\"},\"url\":\"https:\\\/\\\/lospoliticosveracruz.com\\\/?author=2\"}]}<\/script>\n<!-- \/ Yoast SEO plugin. -->","yoast_head_json":{"title":"El Veracruz amoroso - Los pol\u00edticos Veracruz","robots":{"index":"index","follow":"follow","max-snippet":"max-snippet:-1","max-image-preview":"max-image-preview:large","max-video-preview":"max-video-preview:-1"},"canonical":"https:\/\/lospoliticosveracruz.com\/?p=47104","og_locale":"es_ES","og_type":"article","og_title":"El Veracruz amoroso - Los pol\u00edticos Veracruz","og_description":"Ricardo Ch\u00faa Sale y Vale OJO&#8230; El tema de la inseguridad contin\u00faa haci\u00e9ndose presente en Veracruz&#8230; De nada sirve que Cuitl\u00e1huac Garc\u00eda como gobernador contin\u00fae diciendo que se combatir\u00e1&#8230; Si aun hay conflictos en zonas donde m\u00e1s ha \u00abpegado\u00bb a la poblaci\u00f3n estos casos&#8230; La batalla contin\u00faa con estos grupos fuera de la ley&#8230; Ah\u00ed [&hellip;]","og_url":"https:\/\/lospoliticosveracruz.com\/?p=47104","og_site_name":"Los pol\u00edticos Veracruz","article_publisher":"https:\/\/www.facebook.com\/people\/Notimemes-de-los-Polticos\/61565672886568\/","article_published_time":"2019-03-01T14:58:29+00:00","og_image":[{"width":600,"height":424,"url":"https:\/\/lospoliticosveracruz.com\/wp-content\/uploads\/2019\/03\/Veracruz.png","type":"image\/png"}],"author":"Lo viste en Los Pol\u00edticos","twitter_card":"summary_large_image","twitter_creator":"@LosPoliticosVer","twitter_site":"@LosPoliticosVer","twitter_misc":{"Escrito por":"Lo viste en Los Pol\u00edticos","Tiempo de lectura":"6 minutos"},"schema":{"@context":"https:\/\/schema.org","@graph":[{"@type":"Article","@id":"https:\/\/lospoliticosveracruz.com\/?p=47104#article","isPartOf":{"@id":"https:\/\/lospoliticosveracruz.com\/?p=47104"},"author":{"name":"Lo viste en Los Pol\u00edticos","@id":"https:\/\/lospoliticosveracruz.com\/#\/schema\/person\/b8702bb0e538456e6efd07080bf2a4a2"},"headline":"El Veracruz amoroso","datePublished":"2019-03-01T14:58:29+00:00","mainEntityOfPage":{"@id":"https:\/\/lospoliticosveracruz.com\/?p=47104"},"wordCount":1131,"commentCount":0,"publisher":{"@id":"https:\/\/lospoliticosveracruz.com\/#organization"},"image":{"@id":"https:\/\/lospoliticosveracruz.com\/?p=47104#primaryimage"},"thumbnailUrl":"https:\/\/lospoliticosveracruz.com\/wp-content\/uploads\/2019\/03\/Veracruz.png","keywords":["Carnaval de Veracruz","Cuarta Transformaci\u00f3n","Cuitl\u00e1huac Garc\u00eda","Eric Cisneros","Esteban Ram\u00edrez Zepeda","inseguridad","Joaqu\u00edn Guzm\u00e1n Avil\u00e9s","Pepe Mancha","Tribunal Electoral","Veracruz","Xalapa"],"articleSection":["De Opini\u00f3n"],"inLanguage":"es","potentialAction":[{"@type":"CommentAction","name":"Comment","target":["https:\/\/lospoliticosveracruz.com\/?p=47104#respond"]}]},{"@type":"WebPage","@id":"https:\/\/lospoliticosveracruz.com\/?p=47104","url":"https:\/\/lospoliticosveracruz.com\/?p=47104","name":"El Veracruz amoroso - Los pol\u00edticos Veracruz","isPartOf":{"@id":"https:\/\/lospoliticosveracruz.com\/#website"},"primaryImageOfPage":{"@id":"https:\/\/lospoliticosveracruz.com\/?p=47104#primaryimage"},"image":{"@id":"https:\/\/lospoliticosveracruz.com\/?p=47104#primaryimage"},"thumbnailUrl":"https:\/\/lospoliticosveracruz.com\/wp-content\/uploads\/2019\/03\/Veracruz.png","datePublished":"2019-03-01T14:58:29+00:00","breadcrumb":{"@id":"https:\/\/lospoliticosveracruz.com\/?p=47104#breadcrumb"},"inLanguage":"es","potentialAction":[{"@type":"ReadAction","target":["https:\/\/lospoliticosveracruz.com\/?p=47104"]}]},{"@type":"ImageObject","inLanguage":"es","@id":"https:\/\/lospoliticosveracruz.com\/?p=47104#primaryimage","url":"https:\/\/lospoliticosveracruz.com\/wp-content\/uploads\/2019\/03\/Veracruz.png","contentUrl":"https:\/\/lospoliticosveracruz.com\/wp-content\/uploads\/2019\/03\/Veracruz.png","width":600,"height":424},{"@type":"BreadcrumbList","@id":"https:\/\/lospoliticosveracruz.com\/?p=47104#breadcrumb","itemListElement":[{"@type":"ListItem","position":1,"name":"Portada","item":"https:\/\/lospoliticosveracruz.com\/"},{"@type":"ListItem","position":2,"name":"El Veracruz amoroso"}]},{"@type":"WebSite","@id":"https:\/\/lospoliticosveracruz.com\/#website","url":"https:\/\/lospoliticosveracruz.com\/","name":"Los pol\u00edticos Veracruz","description":"","publisher":{"@id":"https:\/\/lospoliticosveracruz.com\/#organization"},"potentialAction":[{"@type":"SearchAction","target":{"@type":"EntryPoint","urlTemplate":"https:\/\/lospoliticosveracruz.com\/?s={search_term_string}"},"query-input":{"@type":"PropertyValueSpecification","valueRequired":true,"valueName":"search_term_string"}}],"inLanguage":"es"},{"@type":"Organization","@id":"https:\/\/lospoliticosveracruz.com\/#organization","name":"Los pol\u00edticos Veracruz","url":"https:\/\/lospoliticosveracruz.com\/","logo":{"@type":"ImageObject","inLanguage":"es","@id":"https:\/\/lospoliticosveracruz.com\/#\/schema\/logo\/image\/","url":"https:\/\/lospoliticosveracruz.com\/wp-content\/uploads\/2025\/12\/Logo-Nuevo-LOS-POLITICOS-1.jpg","contentUrl":"https:\/\/lospoliticosveracruz.com\/wp-content\/uploads\/2025\/12\/Logo-Nuevo-LOS-POLITICOS-1.jpg","width":260,"height":70,"caption":"Los pol\u00edticos Veracruz"},"image":{"@id":"https:\/\/lospoliticosveracruz.com\/#\/schema\/logo\/image\/"},"sameAs":["https:\/\/www.facebook.com\/people\/Notimemes-de-los-Polticos\/61565672886568\/","https:\/\/x.com\/LosPoliticosVer"]},{"@type":"Person","@id":"https:\/\/lospoliticosveracruz.com\/#\/schema\/person\/b8702bb0e538456e6efd07080bf2a4a2","name":"Lo viste en Los Pol\u00edticos","image":{"@type":"ImageObject","inLanguage":"es","@id":"https:\/\/secure.gravatar.com\/avatar\/3a8de04a2656d44082be478bd6c086daa447c4651605818287b9532d3d0bd435?s=96&d=mm&r=g","url":"https:\/\/secure.gravatar.com\/avatar\/3a8de04a2656d44082be478bd6c086daa447c4651605818287b9532d3d0bd435?s=96&d=mm&r=g","contentUrl":"https:\/\/secure.gravatar.com\/avatar\/3a8de04a2656d44082be478bd6c086daa447c4651605818287b9532d3d0bd435?s=96&d=mm&r=g","caption":"Lo viste en Los Pol\u00edticos"},"url":"https:\/\/lospoliticosveracruz.com\/?author=2"}]}},"_links":{"self":[{"href":"https:\/\/lospoliticosveracruz.com\/index.php?rest_route=\/wp\/v2\/posts\/47104","targetHints":{"allow":["GET"]}}],"collection":[{"href":"https:\/\/lospoliticosveracruz.com\/index.php?rest_route=\/wp\/v2\/posts"}],"about":[{"href":"https:\/\/lospoliticosveracruz.com\/index.php?rest_route=\/wp\/v2\/types\/post"}],"author":[{"embeddable":true,"href":"https:\/\/lospoliticosveracruz.com\/index.php?rest_route=\/wp\/v2\/users\/2"}],"replies":[{"embeddable":true,"href":"https:\/\/lospoliticosveracruz.com\/index.php?rest_route=%2Fwp%2Fv2%2Fcomments&post=47104"}],"version-history":[{"count":1,"href":"https:\/\/lospoliticosveracruz.com\/index.php?rest_route=\/wp\/v2\/posts\/47104\/revisions"}],"predecessor-version":[{"id":47106,"href":"https:\/\/lospoliticosveracruz.com\/index.php?rest_route=\/wp\/v2\/posts\/47104\/revisions\/47106"}],"wp:featuredmedia":[{"embeddable":true,"href":"https:\/\/lospoliticosveracruz.com\/index.php?rest_route=\/wp\/v2\/media\/47105"}],"wp:attachment":[{"href":"https:\/\/lospoliticosveracruz.com\/index.php?rest_route=%2Fwp%2Fv2%2Fmedia&parent=47104"}],"wp:term":[{"taxonomy":"category","embeddable":true,"href":"https:\/\/lospoliticosveracruz.com\/index.php?rest_route=%2Fwp%2Fv2%2Fcategories&post=47104"},{"taxonomy":"post_tag","embeddable":true,"href":"https:\/\/lospoliticosveracruz.com\/index.php?rest_route=%2Fwp%2Fv2%2Ftags&post=47104"}],"curies":[{"name":"wp","href":"https:\/\/api.w.org\/{rel}","templated":true}]}}