{"id":47180,"date":"2019-03-06T14:16:59","date_gmt":"2019-03-06T20:16:59","guid":{"rendered":"http:\/\/www.lospoliticosveracruz.com.mx\/?p=47180"},"modified":"2019-03-06T14:16:59","modified_gmt":"2019-03-06T20:16:59","slug":"candelario-delegado-del-imss-veracruz-norte","status":"publish","type":"post","link":"https:\/\/lospoliticosveracruz.com\/?p=47180","title":{"rendered":"Candelario, delegado del IMSS Veracruz Norte"},"content":{"rendered":"<p>Por designaci\u00f3n del H. Consejo T\u00e9cnico del Instituto Mexicano del Seguro Social (IMSS) que preside el Director General Germ\u00e1n Mart\u00ednez C\u00e1zares, este d\u00eda asumi\u00f3 como delegado del Instituto en la Delegaci\u00f3n Regional Veracruz Norte, Candelario P\u00e9rez Alvarado en sustituci\u00f3n de \u00c1ngel Ulises Romero Gil.<\/p>\n<p>El licenciado Candelario P\u00e9rez Alvarado tiene la instrucci\u00f3n de la Direcci\u00f3n General de fortalecer los servicios de atenci\u00f3n a la derechohabiencia, impulsar la estrategia \u201cIMSS Bienestar para toda la Vida\u201d, mejorar los mecanismos de recaudaci\u00f3n y afiliaci\u00f3n, eficientar el ejercicio del gasto con transparencia y honestidad y proteger el patrimonio del Instituto.<\/p>\n<p>El nuevo delegado del Seguro Social en Veracruz Norte, es originario del estado de Tabasco y es licenciado en Administraci\u00f3n de Empresas por el Tecnol\u00f3gico de Villahermosa; es Senador Suplente en la actual LXIV Legislatura y fue Diputado Federal en la LXIII Legislatura durante el periodo 2015-2018.<\/p>\n<p>Durante la LXIII Legislatura fue coordinador de Finanzas P\u00fablicas del Grupo Parlamentario; Secretario de la Comisi\u00f3n de Pesca; Secretario de la Comisi\u00f3n de Hacienda y Cr\u00e9dito P\u00fablico; Integrante de la Comisi\u00f3n de Medio Ambiente Y Recursos Naturales e Integrante de la Comisi\u00f3n de Presupuesto y Cuenta P\u00fablica.<\/p>\n<p>En el periodo 2012-2015 fue asesor en la LXII Legislatura en el Congreso de la Uni\u00f3n y durante 2011-2012, fungi\u00f3 como Secretario T\u00e9cnico de la LX Legislatura del Congreso de Tabasco.<\/p>\n<p>Ha realizado cursos de Planeaci\u00f3n Estrat\u00e9gica en Financiera Rural y de Integraci\u00f3n de Equipos de Alto Desempe\u00f1o para la Administraci\u00f3n P\u00fablica, Recursos Humanos, Administraci\u00f3n y Finanzas en el Grupo Crecer-UNAM.<\/p>\n<p>Por otra parte, como gestor social ha participado en actividades de alto impacto en proyectos como la construcci\u00f3n del Centro de Rehabilitaci\u00f3n de Labio y Paladar Hendido; asimismo, como impulsor del proyecto auspici\u00f3 m\u00e1s de 600 operaciones en 12 Jornadas de Cirug\u00eda de Labio y Paladar Hendido.<\/p>\n","protected":false},"excerpt":{"rendered":"<p>Por designaci\u00f3n del H. Consejo T\u00e9cnico del Instituto Mexicano del Seguro Social (IMSS) que preside el Director General Germ\u00e1n Mart\u00ednez C\u00e1zares, este d\u00eda asumi\u00f3 como delegado del Instituto en la Delegaci\u00f3n Regional Veracruz Norte, Candelario P\u00e9rez Alvarado en sustituci\u00f3n de \u00c1ngel Ulises Romero Gil. El licenciado Candelario P\u00e9rez Alvarado tiene la instrucci\u00f3n de la Direcci\u00f3n [&hellip;]<\/p>\n","protected":false},"author":2,"featured_media":47181,"comment_status":"open","ping_status":"open","sticky":false,"template":"","format":"standard","meta":{"tdm_status":"","tdm_grid_status":"","footnotes":""},"categories":[73],"tags":[14130,14129,1208,11159],"class_list":{"0":"post-47180","1":"post","2":"type-post","3":"status-publish","4":"format-standard","5":"has-post-thumbnail","7":"category-de-boleto","8":"tag-candelario-perez-alvarado","9":"tag-general-german-martinez-cazares","10":"tag-imss","11":"tag-veracruz-norte"},"yoast_head":"<!-- This site is optimized with the Yoast SEO plugin v27.4 - https:\/\/yoast.com\/product\/yoast-seo-wordpress\/ -->\n<title>Candelario, delegado del IMSS Veracruz Norte - Los pol\u00edticos Veracruz<\/title>\n<meta name=\"robots\" content=\"index, follow, max-snippet:-1, max-image-preview:large, max-video-preview:-1\" \/>\n<link rel=\"canonical\" href=\"https:\/\/lospoliticosveracruz.com\/?p=47180\" \/>\n<meta property=\"og:locale\" content=\"es_ES\" \/>\n<meta property=\"og:type\" content=\"article\" \/>\n<meta property=\"og:title\" content=\"Candelario, delegado del IMSS Veracruz Norte - Los pol\u00edticos Veracruz\" \/>\n<meta property=\"og:description\" content=\"Por designaci\u00f3n del H. Consejo T\u00e9cnico del Instituto Mexicano del Seguro Social (IMSS) que preside el Director General Germ\u00e1n Mart\u00ednez C\u00e1zares, este d\u00eda asumi\u00f3 como delegado del Instituto en la Delegaci\u00f3n Regional Veracruz Norte, Candelario P\u00e9rez Alvarado en sustituci\u00f3n de \u00c1ngel Ulises Romero Gil. El licenciado Candelario P\u00e9rez Alvarado tiene la instrucci\u00f3n de la Direcci\u00f3n [&hellip;]\" \/>\n<meta property=\"og:url\" content=\"https:\/\/lospoliticosveracruz.com\/?p=47180\" \/>\n<meta property=\"og:site_name\" content=\"Los pol\u00edticos Veracruz\" \/>\n<meta property=\"article:publisher\" content=\"https:\/\/www.facebook.com\/people\/Notimemes-de-los-Polticos\/61565672886568\/\" \/>\n<meta property=\"article:published_time\" content=\"2019-03-06T20:16:59+00:00\" \/>\n<meta property=\"og:image\" content=\"https:\/\/lospoliticosveracruz.com\/wp-content\/uploads\/2019\/03\/Candelario-IMSS.jpeg\" \/>\n\t<meta property=\"og:image:width\" content=\"600\" \/>\n\t<meta property=\"og:image:height\" content=\"394\" \/>\n\t<meta property=\"og:image:type\" content=\"image\/jpeg\" \/>\n<meta name=\"author\" content=\"Lo viste en Los Pol\u00edticos\" \/>\n<meta name=\"twitter:card\" content=\"summary_large_image\" \/>\n<meta name=\"twitter:creator\" content=\"@LosPoliticosVer\" \/>\n<meta name=\"twitter:site\" content=\"@LosPoliticosVer\" \/>\n<meta name=\"twitter:label1\" content=\"Escrito por\" \/>\n\t<meta name=\"twitter:data1\" content=\"Lo viste en Los Pol\u00edticos\" \/>\n\t<meta name=\"twitter:label2\" content=\"Tiempo de lectura\" \/>\n\t<meta name=\"twitter:data2\" content=\"2 minutos\" \/>\n<script type=\"application\/ld+json\" class=\"yoast-schema-graph\">{\"@context\":\"https:\\\/\\\/schema.org\",\"@graph\":[{\"@type\":\"Article\",\"@id\":\"https:\\\/\\\/lospoliticosveracruz.com\\\/?p=47180#article\",\"isPartOf\":{\"@id\":\"https:\\\/\\\/lospoliticosveracruz.com\\\/?p=47180\"},\"author\":{\"name\":\"Lo viste en Los Pol\u00edticos\",\"@id\":\"https:\\\/\\\/lospoliticosveracruz.com\\\/#\\\/schema\\\/person\\\/b8702bb0e538456e6efd07080bf2a4a2\"},\"headline\":\"Candelario, delegado del IMSS Veracruz Norte\",\"datePublished\":\"2019-03-06T20:16:59+00:00\",\"mainEntityOfPage\":{\"@id\":\"https:\\\/\\\/lospoliticosveracruz.com\\\/?p=47180\"},\"wordCount\":340,\"commentCount\":0,\"publisher\":{\"@id\":\"https:\\\/\\\/lospoliticosveracruz.com\\\/#organization\"},\"image\":{\"@id\":\"https:\\\/\\\/lospoliticosveracruz.com\\\/?p=47180#primaryimage\"},\"thumbnailUrl\":\"https:\\\/\\\/lospoliticosveracruz.com\\\/wp-content\\\/uploads\\\/2019\\\/03\\\/Candelario-IMSS.jpeg\",\"keywords\":[\"Candelario P\u00e9rez Alvarado\",\"General Germ\u00e1n Mart\u00ednez C\u00e1zares\",\"IMSS\",\"Veracruz Norte\"],\"articleSection\":[\"De Boleto\"],\"inLanguage\":\"es\",\"potentialAction\":[{\"@type\":\"CommentAction\",\"name\":\"Comment\",\"target\":[\"https:\\\/\\\/lospoliticosveracruz.com\\\/?p=47180#respond\"]}]},{\"@type\":\"WebPage\",\"@id\":\"https:\\\/\\\/lospoliticosveracruz.com\\\/?p=47180\",\"url\":\"https:\\\/\\\/lospoliticosveracruz.com\\\/?p=47180\",\"name\":\"Candelario, delegado del IMSS Veracruz Norte - Los pol\u00edticos Veracruz\",\"isPartOf\":{\"@id\":\"https:\\\/\\\/lospoliticosveracruz.com\\\/#website\"},\"primaryImageOfPage\":{\"@id\":\"https:\\\/\\\/lospoliticosveracruz.com\\\/?p=47180#primaryimage\"},\"image\":{\"@id\":\"https:\\\/\\\/lospoliticosveracruz.com\\\/?p=47180#primaryimage\"},\"thumbnailUrl\":\"https:\\\/\\\/lospoliticosveracruz.com\\\/wp-content\\\/uploads\\\/2019\\\/03\\\/Candelario-IMSS.jpeg\",\"datePublished\":\"2019-03-06T20:16:59+00:00\",\"breadcrumb\":{\"@id\":\"https:\\\/\\\/lospoliticosveracruz.com\\\/?p=47180#breadcrumb\"},\"inLanguage\":\"es\",\"potentialAction\":[{\"@type\":\"ReadAction\",\"target\":[\"https:\\\/\\\/lospoliticosveracruz.com\\\/?p=47180\"]}]},{\"@type\":\"ImageObject\",\"inLanguage\":\"es\",\"@id\":\"https:\\\/\\\/lospoliticosveracruz.com\\\/?p=47180#primaryimage\",\"url\":\"https:\\\/\\\/lospoliticosveracruz.com\\\/wp-content\\\/uploads\\\/2019\\\/03\\\/Candelario-IMSS.jpeg\",\"contentUrl\":\"https:\\\/\\\/lospoliticosveracruz.com\\\/wp-content\\\/uploads\\\/2019\\\/03\\\/Candelario-IMSS.jpeg\",\"width\":600,\"height\":394},{\"@type\":\"BreadcrumbList\",\"@id\":\"https:\\\/\\\/lospoliticosveracruz.com\\\/?p=47180#breadcrumb\",\"itemListElement\":[{\"@type\":\"ListItem\",\"position\":1,\"name\":\"Portada\",\"item\":\"https:\\\/\\\/lospoliticosveracruz.com\\\/\"},{\"@type\":\"ListItem\",\"position\":2,\"name\":\"Candelario, delegado del IMSS Veracruz Norte\"}]},{\"@type\":\"WebSite\",\"@id\":\"https:\\\/\\\/lospoliticosveracruz.com\\\/#website\",\"url\":\"https:\\\/\\\/lospoliticosveracruz.com\\\/\",\"name\":\"Los pol\u00edticos Veracruz\",\"description\":\"\",\"publisher\":{\"@id\":\"https:\\\/\\\/lospoliticosveracruz.com\\\/#organization\"},\"potentialAction\":[{\"@type\":\"SearchAction\",\"target\":{\"@type\":\"EntryPoint\",\"urlTemplate\":\"https:\\\/\\\/lospoliticosveracruz.com\\\/?s={search_term_string}\"},\"query-input\":{\"@type\":\"PropertyValueSpecification\",\"valueRequired\":true,\"valueName\":\"search_term_string\"}}],\"inLanguage\":\"es\"},{\"@type\":\"Organization\",\"@id\":\"https:\\\/\\\/lospoliticosveracruz.com\\\/#organization\",\"name\":\"Los pol\u00edticos Veracruz\",\"url\":\"https:\\\/\\\/lospoliticosveracruz.com\\\/\",\"logo\":{\"@type\":\"ImageObject\",\"inLanguage\":\"es\",\"@id\":\"https:\\\/\\\/lospoliticosveracruz.com\\\/#\\\/schema\\\/logo\\\/image\\\/\",\"url\":\"https:\\\/\\\/lospoliticosveracruz.com\\\/wp-content\\\/uploads\\\/2025\\\/12\\\/Logo-Nuevo-LOS-POLITICOS-1.jpg\",\"contentUrl\":\"https:\\\/\\\/lospoliticosveracruz.com\\\/wp-content\\\/uploads\\\/2025\\\/12\\\/Logo-Nuevo-LOS-POLITICOS-1.jpg\",\"width\":260,\"height\":70,\"caption\":\"Los pol\u00edticos Veracruz\"},\"image\":{\"@id\":\"https:\\\/\\\/lospoliticosveracruz.com\\\/#\\\/schema\\\/logo\\\/image\\\/\"},\"sameAs\":[\"https:\\\/\\\/www.facebook.com\\\/people\\\/Notimemes-de-los-Polticos\\\/61565672886568\\\/\",\"https:\\\/\\\/x.com\\\/LosPoliticosVer\"]},{\"@type\":\"Person\",\"@id\":\"https:\\\/\\\/lospoliticosveracruz.com\\\/#\\\/schema\\\/person\\\/b8702bb0e538456e6efd07080bf2a4a2\",\"name\":\"Lo viste en Los Pol\u00edticos\",\"image\":{\"@type\":\"ImageObject\",\"inLanguage\":\"es\",\"@id\":\"https:\\\/\\\/secure.gravatar.com\\\/avatar\\\/3a8de04a2656d44082be478bd6c086daa447c4651605818287b9532d3d0bd435?s=96&d=mm&r=g\",\"url\":\"https:\\\/\\\/secure.gravatar.com\\\/avatar\\\/3a8de04a2656d44082be478bd6c086daa447c4651605818287b9532d3d0bd435?s=96&d=mm&r=g\",\"contentUrl\":\"https:\\\/\\\/secure.gravatar.com\\\/avatar\\\/3a8de04a2656d44082be478bd6c086daa447c4651605818287b9532d3d0bd435?s=96&d=mm&r=g\",\"caption\":\"Lo viste en Los Pol\u00edticos\"},\"url\":\"https:\\\/\\\/lospoliticosveracruz.com\\\/?author=2\"}]}<\/script>\n<!-- \/ Yoast SEO plugin. -->","yoast_head_json":{"title":"Candelario, delegado del IMSS Veracruz Norte - Los pol\u00edticos Veracruz","robots":{"index":"index","follow":"follow","max-snippet":"max-snippet:-1","max-image-preview":"max-image-preview:large","max-video-preview":"max-video-preview:-1"},"canonical":"https:\/\/lospoliticosveracruz.com\/?p=47180","og_locale":"es_ES","og_type":"article","og_title":"Candelario, delegado del IMSS Veracruz Norte - Los pol\u00edticos Veracruz","og_description":"Por designaci\u00f3n del H. Consejo T\u00e9cnico del Instituto Mexicano del Seguro Social (IMSS) que preside el Director General Germ\u00e1n Mart\u00ednez C\u00e1zares, este d\u00eda asumi\u00f3 como delegado del Instituto en la Delegaci\u00f3n Regional Veracruz Norte, Candelario P\u00e9rez Alvarado en sustituci\u00f3n de \u00c1ngel Ulises Romero Gil. El licenciado Candelario P\u00e9rez Alvarado tiene la instrucci\u00f3n de la Direcci\u00f3n [&hellip;]","og_url":"https:\/\/lospoliticosveracruz.com\/?p=47180","og_site_name":"Los pol\u00edticos Veracruz","article_publisher":"https:\/\/www.facebook.com\/people\/Notimemes-de-los-Polticos\/61565672886568\/","article_published_time":"2019-03-06T20:16:59+00:00","og_image":[{"width":600,"height":394,"url":"https:\/\/lospoliticosveracruz.com\/wp-content\/uploads\/2019\/03\/Candelario-IMSS.jpeg","type":"image\/jpeg"}],"author":"Lo viste en Los Pol\u00edticos","twitter_card":"summary_large_image","twitter_creator":"@LosPoliticosVer","twitter_site":"@LosPoliticosVer","twitter_misc":{"Escrito por":"Lo viste en Los Pol\u00edticos","Tiempo de lectura":"2 minutos"},"schema":{"@context":"https:\/\/schema.org","@graph":[{"@type":"Article","@id":"https:\/\/lospoliticosveracruz.com\/?p=47180#article","isPartOf":{"@id":"https:\/\/lospoliticosveracruz.com\/?p=47180"},"author":{"name":"Lo viste en Los Pol\u00edticos","@id":"https:\/\/lospoliticosveracruz.com\/#\/schema\/person\/b8702bb0e538456e6efd07080bf2a4a2"},"headline":"Candelario, delegado del IMSS Veracruz Norte","datePublished":"2019-03-06T20:16:59+00:00","mainEntityOfPage":{"@id":"https:\/\/lospoliticosveracruz.com\/?p=47180"},"wordCount":340,"commentCount":0,"publisher":{"@id":"https:\/\/lospoliticosveracruz.com\/#organization"},"image":{"@id":"https:\/\/lospoliticosveracruz.com\/?p=47180#primaryimage"},"thumbnailUrl":"https:\/\/lospoliticosveracruz.com\/wp-content\/uploads\/2019\/03\/Candelario-IMSS.jpeg","keywords":["Candelario P\u00e9rez Alvarado","General Germ\u00e1n Mart\u00ednez C\u00e1zares","IMSS","Veracruz Norte"],"articleSection":["De Boleto"],"inLanguage":"es","potentialAction":[{"@type":"CommentAction","name":"Comment","target":["https:\/\/lospoliticosveracruz.com\/?p=47180#respond"]}]},{"@type":"WebPage","@id":"https:\/\/lospoliticosveracruz.com\/?p=47180","url":"https:\/\/lospoliticosveracruz.com\/?p=47180","name":"Candelario, delegado del IMSS Veracruz Norte - Los pol\u00edticos Veracruz","isPartOf":{"@id":"https:\/\/lospoliticosveracruz.com\/#website"},"primaryImageOfPage":{"@id":"https:\/\/lospoliticosveracruz.com\/?p=47180#primaryimage"},"image":{"@id":"https:\/\/lospoliticosveracruz.com\/?p=47180#primaryimage"},"thumbnailUrl":"https:\/\/lospoliticosveracruz.com\/wp-content\/uploads\/2019\/03\/Candelario-IMSS.jpeg","datePublished":"2019-03-06T20:16:59+00:00","breadcrumb":{"@id":"https:\/\/lospoliticosveracruz.com\/?p=47180#breadcrumb"},"inLanguage":"es","potentialAction":[{"@type":"ReadAction","target":["https:\/\/lospoliticosveracruz.com\/?p=47180"]}]},{"@type":"ImageObject","inLanguage":"es","@id":"https:\/\/lospoliticosveracruz.com\/?p=47180#primaryimage","url":"https:\/\/lospoliticosveracruz.com\/wp-content\/uploads\/2019\/03\/Candelario-IMSS.jpeg","contentUrl":"https:\/\/lospoliticosveracruz.com\/wp-content\/uploads\/2019\/03\/Candelario-IMSS.jpeg","width":600,"height":394},{"@type":"BreadcrumbList","@id":"https:\/\/lospoliticosveracruz.com\/?p=47180#breadcrumb","itemListElement":[{"@type":"ListItem","position":1,"name":"Portada","item":"https:\/\/lospoliticosveracruz.com\/"},{"@type":"ListItem","position":2,"name":"Candelario, delegado del IMSS Veracruz Norte"}]},{"@type":"WebSite","@id":"https:\/\/lospoliticosveracruz.com\/#website","url":"https:\/\/lospoliticosveracruz.com\/","name":"Los pol\u00edticos Veracruz","description":"","publisher":{"@id":"https:\/\/lospoliticosveracruz.com\/#organization"},"potentialAction":[{"@type":"SearchAction","target":{"@type":"EntryPoint","urlTemplate":"https:\/\/lospoliticosveracruz.com\/?s={search_term_string}"},"query-input":{"@type":"PropertyValueSpecification","valueRequired":true,"valueName":"search_term_string"}}],"inLanguage":"es"},{"@type":"Organization","@id":"https:\/\/lospoliticosveracruz.com\/#organization","name":"Los pol\u00edticos Veracruz","url":"https:\/\/lospoliticosveracruz.com\/","logo":{"@type":"ImageObject","inLanguage":"es","@id":"https:\/\/lospoliticosveracruz.com\/#\/schema\/logo\/image\/","url":"https:\/\/lospoliticosveracruz.com\/wp-content\/uploads\/2025\/12\/Logo-Nuevo-LOS-POLITICOS-1.jpg","contentUrl":"https:\/\/lospoliticosveracruz.com\/wp-content\/uploads\/2025\/12\/Logo-Nuevo-LOS-POLITICOS-1.jpg","width":260,"height":70,"caption":"Los pol\u00edticos Veracruz"},"image":{"@id":"https:\/\/lospoliticosveracruz.com\/#\/schema\/logo\/image\/"},"sameAs":["https:\/\/www.facebook.com\/people\/Notimemes-de-los-Polticos\/61565672886568\/","https:\/\/x.com\/LosPoliticosVer"]},{"@type":"Person","@id":"https:\/\/lospoliticosveracruz.com\/#\/schema\/person\/b8702bb0e538456e6efd07080bf2a4a2","name":"Lo viste en Los Pol\u00edticos","image":{"@type":"ImageObject","inLanguage":"es","@id":"https:\/\/secure.gravatar.com\/avatar\/3a8de04a2656d44082be478bd6c086daa447c4651605818287b9532d3d0bd435?s=96&d=mm&r=g","url":"https:\/\/secure.gravatar.com\/avatar\/3a8de04a2656d44082be478bd6c086daa447c4651605818287b9532d3d0bd435?s=96&d=mm&r=g","contentUrl":"https:\/\/secure.gravatar.com\/avatar\/3a8de04a2656d44082be478bd6c086daa447c4651605818287b9532d3d0bd435?s=96&d=mm&r=g","caption":"Lo viste en Los Pol\u00edticos"},"url":"https:\/\/lospoliticosveracruz.com\/?author=2"}]}},"_links":{"self":[{"href":"https:\/\/lospoliticosveracruz.com\/index.php?rest_route=\/wp\/v2\/posts\/47180","targetHints":{"allow":["GET"]}}],"collection":[{"href":"https:\/\/lospoliticosveracruz.com\/index.php?rest_route=\/wp\/v2\/posts"}],"about":[{"href":"https:\/\/lospoliticosveracruz.com\/index.php?rest_route=\/wp\/v2\/types\/post"}],"author":[{"embeddable":true,"href":"https:\/\/lospoliticosveracruz.com\/index.php?rest_route=\/wp\/v2\/users\/2"}],"replies":[{"embeddable":true,"href":"https:\/\/lospoliticosveracruz.com\/index.php?rest_route=%2Fwp%2Fv2%2Fcomments&post=47180"}],"version-history":[{"count":1,"href":"https:\/\/lospoliticosveracruz.com\/index.php?rest_route=\/wp\/v2\/posts\/47180\/revisions"}],"predecessor-version":[{"id":47182,"href":"https:\/\/lospoliticosveracruz.com\/index.php?rest_route=\/wp\/v2\/posts\/47180\/revisions\/47182"}],"wp:featuredmedia":[{"embeddable":true,"href":"https:\/\/lospoliticosveracruz.com\/index.php?rest_route=\/wp\/v2\/media\/47181"}],"wp:attachment":[{"href":"https:\/\/lospoliticosveracruz.com\/index.php?rest_route=%2Fwp%2Fv2%2Fmedia&parent=47180"}],"wp:term":[{"taxonomy":"category","embeddable":true,"href":"https:\/\/lospoliticosveracruz.com\/index.php?rest_route=%2Fwp%2Fv2%2Fcategories&post=47180"},{"taxonomy":"post_tag","embeddable":true,"href":"https:\/\/lospoliticosveracruz.com\/index.php?rest_route=%2Fwp%2Fv2%2Ftags&post=47180"}],"curies":[{"name":"wp","href":"https:\/\/api.w.org\/{rel}","templated":true}]}}