{"id":47198,"date":"2019-03-06T22:58:55","date_gmt":"2019-03-07T04:58:55","guid":{"rendered":"http:\/\/www.lospoliticosveracruz.com.mx\/?p=47198"},"modified":"2019-03-06T21:07:46","modified_gmt":"2019-03-07T03:07:46","slug":"despido-y-terna-en-el-congreso","status":"publish","type":"post","link":"https:\/\/lospoliticosveracruz.com\/?p=47198","title":{"rendered":"Despido y Terna en el Congreso"},"content":{"rendered":"<p><strong>Brenda Caballero<\/strong><\/p>\n<p><em>N\u00fameros Rojos<\/em><\/p>\n<p>Hay noticias que causan malestar, molestia y enojo. Pero hay otras que causan indignaci\u00f3n y hasta ganas de volver el est\u00f3mago. \u00bfC\u00f3mo se puede despedir a una empleada en la antesala del c\u00e1ncer?<\/p>\n<p>Seguramente el que lo hace es porque no conoce la enfermedad de cerca, jam\u00e1s ha tenido contacto con ella o porque simplemente es un insensible.<\/p>\n<p>Muy temprano le\u00eda una carta abierta a la opini\u00f3n p\u00fablica donde una mujer que firmaba como Asesora del Diputado Henri Christophe G\u00f3mez S\u00e1nchez, detallaba la forma en que la hab\u00edan corrido de su empleo en el Congreso Local de Veracruz. Seg\u00fan su versi\u00f3n, ella le coment\u00f3 al diputado (el que por cierto tiene nombre del primer rey haitiano que luch\u00f3 por la libertad de los esclavos de esa Isla) que se har\u00eda un estudio llamado biopsia para saber el grado de c\u00e1ncer, para lo cual faltar\u00eda una semana.<\/p>\n<p>Posteriormente se enter\u00f3 que le hab\u00edan levantado tres actas administrativas por ausencia y que al turnar su caso al Jur\u00eddico y a la Contralor\u00eda, la hab\u00edan despedido.<\/p>\n<p>Y algo que a lo mejor era muy \u00edntimo para la asesora, como es padecer una enfermedad y someterse a tratamiento, tuvo que ser ventilado hasta en los medios de comunicaci\u00f3n, con tal de recuperar su trabajo.<\/p>\n<p>Recuerdo las crisis m\u00e1s fuertes de mi padre que padec\u00eda c\u00e1ncer y lo vital que era para \u00e9l saber que ten\u00eda un empleo que le brindara atenci\u00f3n m\u00e9dica, pues para un tratamiento paliativo de este mal, se necesita aproximadamente unos 60 mil pesos mensuales.<\/p>\n<p>Por fortuna, en el Congreso Local no todos son insensibles\u2026 ya el Presidente de la Junta de Coordinaci\u00f3n Pol\u00edtica del Congreso del Estado, Juan Javier G\u00f3mez Cazar\u00edn, coment\u00f3 que ser\u00eda reinstalada.<\/p>\n<p>II<\/p>\n<p>Hablando del Palacio Legislativo y de la terna para la designaci\u00f3n de la titular de la Direcci\u00f3n del Centro de Estudios para la Igualdad de G\u00e9nero y Derechos Humanos del Congreso del Estado, de manera extraoficial ya se menciona a Marcela Dolores Guerra Osorno, M\u00f3nica Mendoza Madrigal, y Mar\u00eda Elena Garc\u00eda Filobello.<\/p>\n<p>Por cierto, algo pas\u00f3 con la publicaci\u00f3n de la terna, que seg\u00fan la convocatoria en su apartado s\u00e9ptimo, debi\u00f3 haberse dado a conocer el pasado 5 de marzo del presente. Y digo que \u201calgo pas\u00f3\u201d porque dicen que el acta del puntaje y los nombres de las punteras, tiene fecha de la semana pasada.<\/p>\n<p>Algo no anda bien, pues ayer hasta le cambiaron la nacionalidad y el nombre a Don Gabriel Garc\u00eda M\u00e1rquez.<\/p>\n<p>III<\/p>\n<p>Ayer se estren\u00f3 el programa a Ocho Columnas, Debate Period\u00edstico por Radio Televisi\u00f3n de Veracruz. Sin duda, un gran acierto en la conducci\u00f3n de Rams\u00e9s Yunes Zorrilla y por supuesto la inclusi\u00f3n de dos mujeres periodistas: Naldy Rodr\u00edguez y Letty Rosado.<\/p>\n<p>El invitado para darles la patada de la buena suerte fue el gobernador Cuitl\u00e1huac Garc\u00eda Jim\u00e9nez.<\/p>\n<p>Ahora, todos los mi\u00e9rcoles tiene una cita a Ocho Columnas en punto de las 22:30 horas. As\u00ed es que \u00a1Du\u00e9rmase tarde!<\/p>\n<p>IV<\/p>\n<p>Hoy en el WTC estar\u00e1 la titular del SAT Margarita R\u00edos Farjat, el Gobernador Cuitl\u00e1huac Garc\u00eda Jim\u00e9nez y el Secretario de Finanzas Jos\u00e9 Luis Lima Franco, quienes hablar\u00e1n sobre la Nueva Pol\u00edtica Tributaria y de Fiscalizaci\u00f3n en M\u00e9xico, pero de eso, platicamos ma\u00f1ana.<\/p>\n<p>&nbsp;<\/p>\n<p>@NumerosRojos_BC<\/p>\n<p><a href=\"mailto:caballero_brenda@hotmail.com\">caballero_brenda@hotmail.com<\/a><\/p>\n","protected":false},"excerpt":{"rendered":"<p>Brenda Caballero N\u00fameros Rojos Hay noticias que causan malestar, molestia y enojo. Pero hay otras que causan indignaci\u00f3n y hasta ganas de volver el est\u00f3mago. \u00bfC\u00f3mo se puede despedir a una empleada en la antesala del c\u00e1ncer? Seguramente el que lo hace es porque no conoce la enfermedad de cerca, jam\u00e1s ha tenido contacto con [&hellip;]<\/p>\n","protected":false},"author":2,"featured_media":47199,"comment_status":"open","ping_status":"open","sticky":false,"template":"","format":"standard","meta":{"tdm_status":"","tdm_grid_status":"","footnotes":""},"categories":[70],"tags":[2687,296,819,1563,2970,13006,13713,12695,14137,13920,14138,13922,13921,5281,6772,195],"class_list":{"0":"post-47198","1":"post","2":"type-post","3":"status-publish","4":"format-standard","5":"has-post-thumbnail","7":"category-de-opinion","8":"tag-brenda-caballero","9":"tag-cancer","10":"tag-congreso-local","11":"tag-cuitlahuac-garcia-jimenez","12":"tag-gabriel-garcia-marquez","13":"tag-henri-christophe-gomez-sanchez","14":"tag-jose-luis-lima-franco","15":"tag-juan-javier-gomez-cazarin","16":"tag-letty-rosado","17":"tag-marcela-dolores-guerra-osorno","18":"tag-margarita-rios-farjat","19":"tag-maria-elena-garcia-filobello","20":"tag-monica-mendoza-madrigal","21":"tag-naldy-rodriguez","22":"tag-ramses-yunes-zorrilla","23":"tag-veracruz"},"yoast_head":"<!-- This site is optimized with the Yoast SEO plugin v27.4 - https:\/\/yoast.com\/product\/yoast-seo-wordpress\/ -->\n<title>Despido y Terna en el Congreso - Los pol\u00edticos Veracruz<\/title>\n<meta name=\"robots\" content=\"index, follow, max-snippet:-1, max-image-preview:large, max-video-preview:-1\" \/>\n<link rel=\"canonical\" href=\"https:\/\/lospoliticosveracruz.com\/?p=47198\" \/>\n<meta property=\"og:locale\" content=\"es_ES\" \/>\n<meta property=\"og:type\" content=\"article\" \/>\n<meta property=\"og:title\" content=\"Despido y Terna en el Congreso - Los pol\u00edticos Veracruz\" \/>\n<meta property=\"og:description\" content=\"Brenda Caballero N\u00fameros Rojos Hay noticias que causan malestar, molestia y enojo. Pero hay otras que causan indignaci\u00f3n y hasta ganas de volver el est\u00f3mago. \u00bfC\u00f3mo se puede despedir a una empleada en la antesala del c\u00e1ncer? Seguramente el que lo hace es porque no conoce la enfermedad de cerca, jam\u00e1s ha tenido contacto con [&hellip;]\" \/>\n<meta property=\"og:url\" content=\"https:\/\/lospoliticosveracruz.com\/?p=47198\" \/>\n<meta property=\"og:site_name\" content=\"Los pol\u00edticos Veracruz\" \/>\n<meta property=\"article:publisher\" content=\"https:\/\/www.facebook.com\/people\/Notimemes-de-los-Polticos\/61565672886568\/\" \/>\n<meta property=\"article:published_time\" content=\"2019-03-07T04:58:55+00:00\" \/>\n<meta property=\"og:image\" content=\"https:\/\/lospoliticosveracruz.com\/wp-content\/uploads\/2019\/03\/Henri-Terna.jpg\" \/>\n\t<meta property=\"og:image:width\" content=\"600\" \/>\n\t<meta property=\"og:image:height\" content=\"372\" \/>\n\t<meta property=\"og:image:type\" content=\"image\/jpeg\" \/>\n<meta name=\"author\" content=\"Lo viste en Los Pol\u00edticos\" \/>\n<meta name=\"twitter:card\" content=\"summary_large_image\" \/>\n<meta name=\"twitter:creator\" content=\"@LosPoliticosVer\" \/>\n<meta name=\"twitter:site\" content=\"@LosPoliticosVer\" \/>\n<meta name=\"twitter:label1\" content=\"Escrito por\" \/>\n\t<meta name=\"twitter:data1\" content=\"Lo viste en Los Pol\u00edticos\" \/>\n\t<meta name=\"twitter:label2\" content=\"Tiempo de lectura\" \/>\n\t<meta name=\"twitter:data2\" content=\"3 minutos\" \/>\n<script type=\"application\/ld+json\" class=\"yoast-schema-graph\">{\"@context\":\"https:\\\/\\\/schema.org\",\"@graph\":[{\"@type\":\"Article\",\"@id\":\"https:\\\/\\\/lospoliticosveracruz.com\\\/?p=47198#article\",\"isPartOf\":{\"@id\":\"https:\\\/\\\/lospoliticosveracruz.com\\\/?p=47198\"},\"author\":{\"name\":\"Lo viste en Los Pol\u00edticos\",\"@id\":\"https:\\\/\\\/lospoliticosveracruz.com\\\/#\\\/schema\\\/person\\\/b8702bb0e538456e6efd07080bf2a4a2\"},\"headline\":\"Despido y Terna en el Congreso\",\"datePublished\":\"2019-03-07T04:58:55+00:00\",\"mainEntityOfPage\":{\"@id\":\"https:\\\/\\\/lospoliticosveracruz.com\\\/?p=47198\"},\"wordCount\":612,\"commentCount\":0,\"publisher\":{\"@id\":\"https:\\\/\\\/lospoliticosveracruz.com\\\/#organization\"},\"image\":{\"@id\":\"https:\\\/\\\/lospoliticosveracruz.com\\\/?p=47198#primaryimage\"},\"thumbnailUrl\":\"https:\\\/\\\/lospoliticosveracruz.com\\\/wp-content\\\/uploads\\\/2019\\\/03\\\/Henri-Terna.jpg\",\"keywords\":[\"Brenda Caballero\",\"C\u00e1ncer\",\"Congreso local\",\"Cuitl\u00e1huac Garc\u00eda Jim\u00e9nez\",\"Gabriel Garc\u00eda M\u00e1rquez\",\"Henri Christophe G\u00f3mez S\u00e1nchez\",\"Jos\u00e9 Luis Lima Franco\",\"Juan Javier G\u00f3mez Cazar\u00edn\",\"Letty Rosado\",\"Marcela Dolores Guerra Osorno\",\"Margarita R\u00edos Farjat\",\"Mar\u00eda Elena Garc\u00eda Filobello\",\"M\u00f3nica Mendoza Madrigal\",\"Naldy Rodr\u00edguez\",\"Rams\u00e9s Yunes Zorrilla\",\"Veracruz\"],\"articleSection\":[\"De Opini\u00f3n\"],\"inLanguage\":\"es\",\"potentialAction\":[{\"@type\":\"CommentAction\",\"name\":\"Comment\",\"target\":[\"https:\\\/\\\/lospoliticosveracruz.com\\\/?p=47198#respond\"]}]},{\"@type\":\"WebPage\",\"@id\":\"https:\\\/\\\/lospoliticosveracruz.com\\\/?p=47198\",\"url\":\"https:\\\/\\\/lospoliticosveracruz.com\\\/?p=47198\",\"name\":\"Despido y Terna en el Congreso - Los pol\u00edticos Veracruz\",\"isPartOf\":{\"@id\":\"https:\\\/\\\/lospoliticosveracruz.com\\\/#website\"},\"primaryImageOfPage\":{\"@id\":\"https:\\\/\\\/lospoliticosveracruz.com\\\/?p=47198#primaryimage\"},\"image\":{\"@id\":\"https:\\\/\\\/lospoliticosveracruz.com\\\/?p=47198#primaryimage\"},\"thumbnailUrl\":\"https:\\\/\\\/lospoliticosveracruz.com\\\/wp-content\\\/uploads\\\/2019\\\/03\\\/Henri-Terna.jpg\",\"datePublished\":\"2019-03-07T04:58:55+00:00\",\"breadcrumb\":{\"@id\":\"https:\\\/\\\/lospoliticosveracruz.com\\\/?p=47198#breadcrumb\"},\"inLanguage\":\"es\",\"potentialAction\":[{\"@type\":\"ReadAction\",\"target\":[\"https:\\\/\\\/lospoliticosveracruz.com\\\/?p=47198\"]}]},{\"@type\":\"ImageObject\",\"inLanguage\":\"es\",\"@id\":\"https:\\\/\\\/lospoliticosveracruz.com\\\/?p=47198#primaryimage\",\"url\":\"https:\\\/\\\/lospoliticosveracruz.com\\\/wp-content\\\/uploads\\\/2019\\\/03\\\/Henri-Terna.jpg\",\"contentUrl\":\"https:\\\/\\\/lospoliticosveracruz.com\\\/wp-content\\\/uploads\\\/2019\\\/03\\\/Henri-Terna.jpg\",\"width\":600,\"height\":372},{\"@type\":\"BreadcrumbList\",\"@id\":\"https:\\\/\\\/lospoliticosveracruz.com\\\/?p=47198#breadcrumb\",\"itemListElement\":[{\"@type\":\"ListItem\",\"position\":1,\"name\":\"Portada\",\"item\":\"https:\\\/\\\/lospoliticosveracruz.com\\\/\"},{\"@type\":\"ListItem\",\"position\":2,\"name\":\"Despido y Terna en el Congreso\"}]},{\"@type\":\"WebSite\",\"@id\":\"https:\\\/\\\/lospoliticosveracruz.com\\\/#website\",\"url\":\"https:\\\/\\\/lospoliticosveracruz.com\\\/\",\"name\":\"Los pol\u00edticos Veracruz\",\"description\":\"\",\"publisher\":{\"@id\":\"https:\\\/\\\/lospoliticosveracruz.com\\\/#organization\"},\"potentialAction\":[{\"@type\":\"SearchAction\",\"target\":{\"@type\":\"EntryPoint\",\"urlTemplate\":\"https:\\\/\\\/lospoliticosveracruz.com\\\/?s={search_term_string}\"},\"query-input\":{\"@type\":\"PropertyValueSpecification\",\"valueRequired\":true,\"valueName\":\"search_term_string\"}}],\"inLanguage\":\"es\"},{\"@type\":\"Organization\",\"@id\":\"https:\\\/\\\/lospoliticosveracruz.com\\\/#organization\",\"name\":\"Los pol\u00edticos Veracruz\",\"url\":\"https:\\\/\\\/lospoliticosveracruz.com\\\/\",\"logo\":{\"@type\":\"ImageObject\",\"inLanguage\":\"es\",\"@id\":\"https:\\\/\\\/lospoliticosveracruz.com\\\/#\\\/schema\\\/logo\\\/image\\\/\",\"url\":\"https:\\\/\\\/lospoliticosveracruz.com\\\/wp-content\\\/uploads\\\/2025\\\/12\\\/Logo-Nuevo-LOS-POLITICOS-1.jpg\",\"contentUrl\":\"https:\\\/\\\/lospoliticosveracruz.com\\\/wp-content\\\/uploads\\\/2025\\\/12\\\/Logo-Nuevo-LOS-POLITICOS-1.jpg\",\"width\":260,\"height\":70,\"caption\":\"Los pol\u00edticos Veracruz\"},\"image\":{\"@id\":\"https:\\\/\\\/lospoliticosveracruz.com\\\/#\\\/schema\\\/logo\\\/image\\\/\"},\"sameAs\":[\"https:\\\/\\\/www.facebook.com\\\/people\\\/Notimemes-de-los-Polticos\\\/61565672886568\\\/\",\"https:\\\/\\\/x.com\\\/LosPoliticosVer\"]},{\"@type\":\"Person\",\"@id\":\"https:\\\/\\\/lospoliticosveracruz.com\\\/#\\\/schema\\\/person\\\/b8702bb0e538456e6efd07080bf2a4a2\",\"name\":\"Lo viste en Los Pol\u00edticos\",\"image\":{\"@type\":\"ImageObject\",\"inLanguage\":\"es\",\"@id\":\"https:\\\/\\\/secure.gravatar.com\\\/avatar\\\/3a8de04a2656d44082be478bd6c086daa447c4651605818287b9532d3d0bd435?s=96&d=mm&r=g\",\"url\":\"https:\\\/\\\/secure.gravatar.com\\\/avatar\\\/3a8de04a2656d44082be478bd6c086daa447c4651605818287b9532d3d0bd435?s=96&d=mm&r=g\",\"contentUrl\":\"https:\\\/\\\/secure.gravatar.com\\\/avatar\\\/3a8de04a2656d44082be478bd6c086daa447c4651605818287b9532d3d0bd435?s=96&d=mm&r=g\",\"caption\":\"Lo viste en Los Pol\u00edticos\"},\"url\":\"https:\\\/\\\/lospoliticosveracruz.com\\\/?author=2\"}]}<\/script>\n<!-- \/ Yoast SEO plugin. -->","yoast_head_json":{"title":"Despido y Terna en el Congreso - Los pol\u00edticos Veracruz","robots":{"index":"index","follow":"follow","max-snippet":"max-snippet:-1","max-image-preview":"max-image-preview:large","max-video-preview":"max-video-preview:-1"},"canonical":"https:\/\/lospoliticosveracruz.com\/?p=47198","og_locale":"es_ES","og_type":"article","og_title":"Despido y Terna en el Congreso - Los pol\u00edticos Veracruz","og_description":"Brenda Caballero N\u00fameros Rojos Hay noticias que causan malestar, molestia y enojo. Pero hay otras que causan indignaci\u00f3n y hasta ganas de volver el est\u00f3mago. \u00bfC\u00f3mo se puede despedir a una empleada en la antesala del c\u00e1ncer? Seguramente el que lo hace es porque no conoce la enfermedad de cerca, jam\u00e1s ha tenido contacto con [&hellip;]","og_url":"https:\/\/lospoliticosveracruz.com\/?p=47198","og_site_name":"Los pol\u00edticos Veracruz","article_publisher":"https:\/\/www.facebook.com\/people\/Notimemes-de-los-Polticos\/61565672886568\/","article_published_time":"2019-03-07T04:58:55+00:00","og_image":[{"width":600,"height":372,"url":"https:\/\/lospoliticosveracruz.com\/wp-content\/uploads\/2019\/03\/Henri-Terna.jpg","type":"image\/jpeg"}],"author":"Lo viste en Los Pol\u00edticos","twitter_card":"summary_large_image","twitter_creator":"@LosPoliticosVer","twitter_site":"@LosPoliticosVer","twitter_misc":{"Escrito por":"Lo viste en Los Pol\u00edticos","Tiempo de lectura":"3 minutos"},"schema":{"@context":"https:\/\/schema.org","@graph":[{"@type":"Article","@id":"https:\/\/lospoliticosveracruz.com\/?p=47198#article","isPartOf":{"@id":"https:\/\/lospoliticosveracruz.com\/?p=47198"},"author":{"name":"Lo viste en Los Pol\u00edticos","@id":"https:\/\/lospoliticosveracruz.com\/#\/schema\/person\/b8702bb0e538456e6efd07080bf2a4a2"},"headline":"Despido y Terna en el Congreso","datePublished":"2019-03-07T04:58:55+00:00","mainEntityOfPage":{"@id":"https:\/\/lospoliticosveracruz.com\/?p=47198"},"wordCount":612,"commentCount":0,"publisher":{"@id":"https:\/\/lospoliticosveracruz.com\/#organization"},"image":{"@id":"https:\/\/lospoliticosveracruz.com\/?p=47198#primaryimage"},"thumbnailUrl":"https:\/\/lospoliticosveracruz.com\/wp-content\/uploads\/2019\/03\/Henri-Terna.jpg","keywords":["Brenda Caballero","C\u00e1ncer","Congreso local","Cuitl\u00e1huac Garc\u00eda Jim\u00e9nez","Gabriel Garc\u00eda M\u00e1rquez","Henri Christophe G\u00f3mez S\u00e1nchez","Jos\u00e9 Luis Lima Franco","Juan Javier G\u00f3mez Cazar\u00edn","Letty Rosado","Marcela Dolores Guerra Osorno","Margarita R\u00edos Farjat","Mar\u00eda Elena Garc\u00eda Filobello","M\u00f3nica Mendoza Madrigal","Naldy Rodr\u00edguez","Rams\u00e9s Yunes Zorrilla","Veracruz"],"articleSection":["De Opini\u00f3n"],"inLanguage":"es","potentialAction":[{"@type":"CommentAction","name":"Comment","target":["https:\/\/lospoliticosveracruz.com\/?p=47198#respond"]}]},{"@type":"WebPage","@id":"https:\/\/lospoliticosveracruz.com\/?p=47198","url":"https:\/\/lospoliticosveracruz.com\/?p=47198","name":"Despido y Terna en el Congreso - Los pol\u00edticos Veracruz","isPartOf":{"@id":"https:\/\/lospoliticosveracruz.com\/#website"},"primaryImageOfPage":{"@id":"https:\/\/lospoliticosveracruz.com\/?p=47198#primaryimage"},"image":{"@id":"https:\/\/lospoliticosveracruz.com\/?p=47198#primaryimage"},"thumbnailUrl":"https:\/\/lospoliticosveracruz.com\/wp-content\/uploads\/2019\/03\/Henri-Terna.jpg","datePublished":"2019-03-07T04:58:55+00:00","breadcrumb":{"@id":"https:\/\/lospoliticosveracruz.com\/?p=47198#breadcrumb"},"inLanguage":"es","potentialAction":[{"@type":"ReadAction","target":["https:\/\/lospoliticosveracruz.com\/?p=47198"]}]},{"@type":"ImageObject","inLanguage":"es","@id":"https:\/\/lospoliticosveracruz.com\/?p=47198#primaryimage","url":"https:\/\/lospoliticosveracruz.com\/wp-content\/uploads\/2019\/03\/Henri-Terna.jpg","contentUrl":"https:\/\/lospoliticosveracruz.com\/wp-content\/uploads\/2019\/03\/Henri-Terna.jpg","width":600,"height":372},{"@type":"BreadcrumbList","@id":"https:\/\/lospoliticosveracruz.com\/?p=47198#breadcrumb","itemListElement":[{"@type":"ListItem","position":1,"name":"Portada","item":"https:\/\/lospoliticosveracruz.com\/"},{"@type":"ListItem","position":2,"name":"Despido y Terna en el Congreso"}]},{"@type":"WebSite","@id":"https:\/\/lospoliticosveracruz.com\/#website","url":"https:\/\/lospoliticosveracruz.com\/","name":"Los pol\u00edticos Veracruz","description":"","publisher":{"@id":"https:\/\/lospoliticosveracruz.com\/#organization"},"potentialAction":[{"@type":"SearchAction","target":{"@type":"EntryPoint","urlTemplate":"https:\/\/lospoliticosveracruz.com\/?s={search_term_string}"},"query-input":{"@type":"PropertyValueSpecification","valueRequired":true,"valueName":"search_term_string"}}],"inLanguage":"es"},{"@type":"Organization","@id":"https:\/\/lospoliticosveracruz.com\/#organization","name":"Los pol\u00edticos Veracruz","url":"https:\/\/lospoliticosveracruz.com\/","logo":{"@type":"ImageObject","inLanguage":"es","@id":"https:\/\/lospoliticosveracruz.com\/#\/schema\/logo\/image\/","url":"https:\/\/lospoliticosveracruz.com\/wp-content\/uploads\/2025\/12\/Logo-Nuevo-LOS-POLITICOS-1.jpg","contentUrl":"https:\/\/lospoliticosveracruz.com\/wp-content\/uploads\/2025\/12\/Logo-Nuevo-LOS-POLITICOS-1.jpg","width":260,"height":70,"caption":"Los pol\u00edticos Veracruz"},"image":{"@id":"https:\/\/lospoliticosveracruz.com\/#\/schema\/logo\/image\/"},"sameAs":["https:\/\/www.facebook.com\/people\/Notimemes-de-los-Polticos\/61565672886568\/","https:\/\/x.com\/LosPoliticosVer"]},{"@type":"Person","@id":"https:\/\/lospoliticosveracruz.com\/#\/schema\/person\/b8702bb0e538456e6efd07080bf2a4a2","name":"Lo viste en Los Pol\u00edticos","image":{"@type":"ImageObject","inLanguage":"es","@id":"https:\/\/secure.gravatar.com\/avatar\/3a8de04a2656d44082be478bd6c086daa447c4651605818287b9532d3d0bd435?s=96&d=mm&r=g","url":"https:\/\/secure.gravatar.com\/avatar\/3a8de04a2656d44082be478bd6c086daa447c4651605818287b9532d3d0bd435?s=96&d=mm&r=g","contentUrl":"https:\/\/secure.gravatar.com\/avatar\/3a8de04a2656d44082be478bd6c086daa447c4651605818287b9532d3d0bd435?s=96&d=mm&r=g","caption":"Lo viste en Los Pol\u00edticos"},"url":"https:\/\/lospoliticosveracruz.com\/?author=2"}]}},"_links":{"self":[{"href":"https:\/\/lospoliticosveracruz.com\/index.php?rest_route=\/wp\/v2\/posts\/47198","targetHints":{"allow":["GET"]}}],"collection":[{"href":"https:\/\/lospoliticosveracruz.com\/index.php?rest_route=\/wp\/v2\/posts"}],"about":[{"href":"https:\/\/lospoliticosveracruz.com\/index.php?rest_route=\/wp\/v2\/types\/post"}],"author":[{"embeddable":true,"href":"https:\/\/lospoliticosveracruz.com\/index.php?rest_route=\/wp\/v2\/users\/2"}],"replies":[{"embeddable":true,"href":"https:\/\/lospoliticosveracruz.com\/index.php?rest_route=%2Fwp%2Fv2%2Fcomments&post=47198"}],"version-history":[{"count":1,"href":"https:\/\/lospoliticosveracruz.com\/index.php?rest_route=\/wp\/v2\/posts\/47198\/revisions"}],"predecessor-version":[{"id":47200,"href":"https:\/\/lospoliticosveracruz.com\/index.php?rest_route=\/wp\/v2\/posts\/47198\/revisions\/47200"}],"wp:featuredmedia":[{"embeddable":true,"href":"https:\/\/lospoliticosveracruz.com\/index.php?rest_route=\/wp\/v2\/media\/47199"}],"wp:attachment":[{"href":"https:\/\/lospoliticosveracruz.com\/index.php?rest_route=%2Fwp%2Fv2%2Fmedia&parent=47198"}],"wp:term":[{"taxonomy":"category","embeddable":true,"href":"https:\/\/lospoliticosveracruz.com\/index.php?rest_route=%2Fwp%2Fv2%2Fcategories&post=47198"},{"taxonomy":"post_tag","embeddable":true,"href":"https:\/\/lospoliticosveracruz.com\/index.php?rest_route=%2Fwp%2Fv2%2Ftags&post=47198"}],"curies":[{"name":"wp","href":"https:\/\/api.w.org\/{rel}","templated":true}]}}