{"id":47201,"date":"2019-03-06T21:10:31","date_gmt":"2019-03-07T03:10:31","guid":{"rendered":"http:\/\/www.lospoliticosveracruz.com.mx\/?p=47201"},"modified":"2019-03-06T21:18:05","modified_gmt":"2019-03-07T03:18:05","slug":"analiza-fiscal-con-alcaldes-y-diputados-incidencia-delictiva-de-la-cuenca","status":"publish","type":"post","link":"https:\/\/lospoliticosveracruz.com\/?p=47201","title":{"rendered":"Analiza Fiscal con alcaldes y diputados incidencia delictiva de la zona de Cosamaloapan"},"content":{"rendered":"<p>El Fiscal General del Estado, Jorge Winckler Ortiz realiz\u00f3 una gira de trabajo por la regi\u00f3n de Cosamaloapan, en la cual sostuvo reuniones de trabajo con alcaldes locales y con v\u00edctimas de delitos oriundas de esta zona, a quienes atendi\u00f3 de manera personal en compa\u00f1\u00eda de los diputados locales Florencia Mart\u00ednez Rivera y Juan Carlos Molina Palacios.<\/p>\n<p>En su recorrido de supervisi\u00f3n cotej\u00f3 la efectividad del trabajo que realizan las Fiscal\u00edas adscritas a la regi\u00f3n centro-Cosamaloapan; as\u00ed como los estatus procesales que presentan diversos asuntos de su competencia.<\/p>\n<p>De manera conjunta con Presidentes municipales de Cosamaloapan, Carlos A. Carrillo, Tuxtilla y Chacaltianguis, fue analizado el mapa de incidencia delictiva integrado por la Unidad de An\u00e1lisis de la Informaci\u00f3n (UAT) de la FGE; asimismo, fueron atendidas solicitudes en materia de procuraci\u00f3n de justicia que derivar\u00e1n en un plan estrat\u00e9gico de acci\u00f3n, a presentarse en pr\u00f3ximos d\u00edas.<\/p>\n<p>El Fiscal General destac\u00f3 que esta regi\u00f3n cuenta con registros bajos de incidencia delictiva del fuero com\u00fan y en otro tema, reconoci\u00f3 la labor que realizan diputados locales, quienes a trav\u00e9s de su participaci\u00f3n libre y plural han dado un ejemplo a nivel nacional del respeto que en Veracruz se da a los poderes del Estado y a los \u00f3rganos aut\u00f3nomos.<\/p>\n<p>\u201cMe he comunicado con los diputados, para trabajar de la mano con todos y dar resultados en cada una de las regiones que representan\u201d, finaliz\u00f3 el Fiscal General.<\/p>\n<p>A la reuni\u00f3n de trabajo asistieron los alcaldes de Cosamaloapan, Ra\u00fal Hermida Salto; de Chacaltianguis, Mayra Janet Torres; de Tuxtilla, Fryl\u00e1n Estrada Rend\u00f3n y de Carlos A. Carrillo, Francisco Javier Molina.<\/p>\n<p>Asimismo, estuvo presente la Fiscal Regional, Blanca Flor Ram\u00f3n Peralta; el Director de la Polic\u00eda Ministerial, Jorge Arturo Rodr\u00edguez Pucheta; el Director de la UAT, Juan Carlos Castillo V\u00e1zquez; el Director de la Unidad Especializada en Combate al Secuestro (UECS), Alejandro Landa Hern\u00e1ndez; as\u00ed como el Delegado Regional de Servicios Periciales y de la Polic\u00eda Ministerial<strong>.<\/strong><\/p>\n","protected":false},"excerpt":{"rendered":"<p>El Fiscal General del Estado, Jorge Winckler Ortiz realiz\u00f3 una gira de trabajo por la regi\u00f3n de Cosamaloapan, en la cual sostuvo reuniones de trabajo con alcaldes locales y con v\u00edctimas de delitos oriundas de esta zona, a quienes atendi\u00f3 de manera personal en compa\u00f1\u00eda de los diputados locales Florencia Mart\u00ednez Rivera y Juan Carlos [&hellip;]<\/p>\n","protected":false},"author":2,"featured_media":47202,"comment_status":"open","ping_status":"open","sticky":false,"template":"","format":"standard","meta":{"tdm_status":"","tdm_grid_status":"","footnotes":""},"categories":[73],"tags":[3658,12464,3659,12266,11021,6150,3256,12757,14139,195],"class_list":{"0":"post-47201","1":"post","2":"type-post","3":"status-publish","4":"format-standard","5":"has-post-thumbnail","7":"category-de-boleto","8":"tag-carlos-a-carrillo","9":"tag-chacaltianguis","10":"tag-cosamaloapan","11":"tag-fiscal-general-del-estado","12":"tag-florencia-martinez-rivera","13":"tag-jorge-winckler-ortiz","14":"tag-juan-carlos-molina-palacios","15":"tag-tuxtilla","16":"tag-unidad-de-analisis-de-la-informacion","17":"tag-veracruz"},"yoast_head":"<!-- This site is optimized with the Yoast SEO plugin v27.4 - https:\/\/yoast.com\/product\/yoast-seo-wordpress\/ -->\n<title>Analiza Fiscal con alcaldes y diputados incidencia delictiva de la zona de Cosamaloapan - Los pol\u00edticos Veracruz<\/title>\n<meta name=\"robots\" content=\"index, follow, max-snippet:-1, max-image-preview:large, max-video-preview:-1\" \/>\n<link rel=\"canonical\" href=\"https:\/\/lospoliticosveracruz.com\/?p=47201\" \/>\n<meta property=\"og:locale\" content=\"es_ES\" \/>\n<meta property=\"og:type\" content=\"article\" \/>\n<meta property=\"og:title\" content=\"Analiza Fiscal con alcaldes y diputados incidencia delictiva de la zona de Cosamaloapan - Los pol\u00edticos Veracruz\" \/>\n<meta property=\"og:description\" content=\"El Fiscal General del Estado, Jorge Winckler Ortiz realiz\u00f3 una gira de trabajo por la regi\u00f3n de Cosamaloapan, en la cual sostuvo reuniones de trabajo con alcaldes locales y con v\u00edctimas de delitos oriundas de esta zona, a quienes atendi\u00f3 de manera personal en compa\u00f1\u00eda de los diputados locales Florencia Mart\u00ednez Rivera y Juan Carlos [&hellip;]\" \/>\n<meta property=\"og:url\" content=\"https:\/\/lospoliticosveracruz.com\/?p=47201\" \/>\n<meta property=\"og:site_name\" content=\"Los pol\u00edticos Veracruz\" \/>\n<meta property=\"article:publisher\" content=\"https:\/\/www.facebook.com\/people\/Notimemes-de-los-Polticos\/61565672886568\/\" \/>\n<meta property=\"article:published_time\" content=\"2019-03-07T03:10:31+00:00\" \/>\n<meta property=\"article:modified_time\" content=\"2019-03-07T03:18:05+00:00\" \/>\n<meta property=\"og:image\" content=\"https:\/\/lospoliticosveracruz.com\/wp-content\/uploads\/2019\/03\/Fiscal.jpeg\" \/>\n\t<meta property=\"og:image:width\" content=\"600\" \/>\n\t<meta property=\"og:image:height\" content=\"400\" \/>\n\t<meta property=\"og:image:type\" content=\"image\/jpeg\" \/>\n<meta name=\"author\" content=\"Lo viste en Los Pol\u00edticos\" \/>\n<meta name=\"twitter:card\" content=\"summary_large_image\" \/>\n<meta name=\"twitter:creator\" content=\"@LosPoliticosVer\" \/>\n<meta name=\"twitter:site\" content=\"@LosPoliticosVer\" \/>\n<meta name=\"twitter:label1\" content=\"Escrito por\" \/>\n\t<meta name=\"twitter:data1\" content=\"Lo viste en Los Pol\u00edticos\" \/>\n\t<meta name=\"twitter:label2\" content=\"Tiempo de lectura\" \/>\n\t<meta name=\"twitter:data2\" content=\"2 minutos\" \/>\n<script type=\"application\/ld+json\" class=\"yoast-schema-graph\">{\"@context\":\"https:\\\/\\\/schema.org\",\"@graph\":[{\"@type\":\"Article\",\"@id\":\"https:\\\/\\\/lospoliticosveracruz.com\\\/?p=47201#article\",\"isPartOf\":{\"@id\":\"https:\\\/\\\/lospoliticosveracruz.com\\\/?p=47201\"},\"author\":{\"name\":\"Lo viste en Los Pol\u00edticos\",\"@id\":\"https:\\\/\\\/lospoliticosveracruz.com\\\/#\\\/schema\\\/person\\\/b8702bb0e538456e6efd07080bf2a4a2\"},\"headline\":\"Analiza Fiscal con alcaldes y diputados incidencia delictiva de la zona de Cosamaloapan\",\"datePublished\":\"2019-03-07T03:10:31+00:00\",\"dateModified\":\"2019-03-07T03:18:05+00:00\",\"mainEntityOfPage\":{\"@id\":\"https:\\\/\\\/lospoliticosveracruz.com\\\/?p=47201\"},\"wordCount\":364,\"commentCount\":0,\"publisher\":{\"@id\":\"https:\\\/\\\/lospoliticosveracruz.com\\\/#organization\"},\"image\":{\"@id\":\"https:\\\/\\\/lospoliticosveracruz.com\\\/?p=47201#primaryimage\"},\"thumbnailUrl\":\"https:\\\/\\\/lospoliticosveracruz.com\\\/wp-content\\\/uploads\\\/2019\\\/03\\\/Fiscal.jpeg\",\"keywords\":[\"Carlos A. Carrillo\",\"Chacaltianguis\",\"Cosamaloapan\",\"Fiscal General del Estado\",\"Florencia Mart\u00ednez Rivera\",\"Jorge Winckler Ortiz\",\"Juan Carlos Molina Palacios\",\"Tuxtilla\",\"Unidad de An\u00e1lisis de la Informaci\u00f3n\",\"Veracruz\"],\"articleSection\":[\"De Boleto\"],\"inLanguage\":\"es\",\"potentialAction\":[{\"@type\":\"CommentAction\",\"name\":\"Comment\",\"target\":[\"https:\\\/\\\/lospoliticosveracruz.com\\\/?p=47201#respond\"]}]},{\"@type\":\"WebPage\",\"@id\":\"https:\\\/\\\/lospoliticosveracruz.com\\\/?p=47201\",\"url\":\"https:\\\/\\\/lospoliticosveracruz.com\\\/?p=47201\",\"name\":\"Analiza Fiscal con alcaldes y diputados incidencia delictiva de la zona de Cosamaloapan - Los pol\u00edticos Veracruz\",\"isPartOf\":{\"@id\":\"https:\\\/\\\/lospoliticosveracruz.com\\\/#website\"},\"primaryImageOfPage\":{\"@id\":\"https:\\\/\\\/lospoliticosveracruz.com\\\/?p=47201#primaryimage\"},\"image\":{\"@id\":\"https:\\\/\\\/lospoliticosveracruz.com\\\/?p=47201#primaryimage\"},\"thumbnailUrl\":\"https:\\\/\\\/lospoliticosveracruz.com\\\/wp-content\\\/uploads\\\/2019\\\/03\\\/Fiscal.jpeg\",\"datePublished\":\"2019-03-07T03:10:31+00:00\",\"dateModified\":\"2019-03-07T03:18:05+00:00\",\"breadcrumb\":{\"@id\":\"https:\\\/\\\/lospoliticosveracruz.com\\\/?p=47201#breadcrumb\"},\"inLanguage\":\"es\",\"potentialAction\":[{\"@type\":\"ReadAction\",\"target\":[\"https:\\\/\\\/lospoliticosveracruz.com\\\/?p=47201\"]}]},{\"@type\":\"ImageObject\",\"inLanguage\":\"es\",\"@id\":\"https:\\\/\\\/lospoliticosveracruz.com\\\/?p=47201#primaryimage\",\"url\":\"https:\\\/\\\/lospoliticosveracruz.com\\\/wp-content\\\/uploads\\\/2019\\\/03\\\/Fiscal.jpeg\",\"contentUrl\":\"https:\\\/\\\/lospoliticosveracruz.com\\\/wp-content\\\/uploads\\\/2019\\\/03\\\/Fiscal.jpeg\",\"width\":600,\"height\":400},{\"@type\":\"BreadcrumbList\",\"@id\":\"https:\\\/\\\/lospoliticosveracruz.com\\\/?p=47201#breadcrumb\",\"itemListElement\":[{\"@type\":\"ListItem\",\"position\":1,\"name\":\"Portada\",\"item\":\"https:\\\/\\\/lospoliticosveracruz.com\\\/\"},{\"@type\":\"ListItem\",\"position\":2,\"name\":\"Analiza Fiscal con alcaldes y diputados incidencia delictiva de la zona de Cosamaloapan\"}]},{\"@type\":\"WebSite\",\"@id\":\"https:\\\/\\\/lospoliticosveracruz.com\\\/#website\",\"url\":\"https:\\\/\\\/lospoliticosveracruz.com\\\/\",\"name\":\"Los pol\u00edticos Veracruz\",\"description\":\"\",\"publisher\":{\"@id\":\"https:\\\/\\\/lospoliticosveracruz.com\\\/#organization\"},\"potentialAction\":[{\"@type\":\"SearchAction\",\"target\":{\"@type\":\"EntryPoint\",\"urlTemplate\":\"https:\\\/\\\/lospoliticosveracruz.com\\\/?s={search_term_string}\"},\"query-input\":{\"@type\":\"PropertyValueSpecification\",\"valueRequired\":true,\"valueName\":\"search_term_string\"}}],\"inLanguage\":\"es\"},{\"@type\":\"Organization\",\"@id\":\"https:\\\/\\\/lospoliticosveracruz.com\\\/#organization\",\"name\":\"Los pol\u00edticos Veracruz\",\"url\":\"https:\\\/\\\/lospoliticosveracruz.com\\\/\",\"logo\":{\"@type\":\"ImageObject\",\"inLanguage\":\"es\",\"@id\":\"https:\\\/\\\/lospoliticosveracruz.com\\\/#\\\/schema\\\/logo\\\/image\\\/\",\"url\":\"https:\\\/\\\/lospoliticosveracruz.com\\\/wp-content\\\/uploads\\\/2025\\\/12\\\/Logo-Nuevo-LOS-POLITICOS-1.jpg\",\"contentUrl\":\"https:\\\/\\\/lospoliticosveracruz.com\\\/wp-content\\\/uploads\\\/2025\\\/12\\\/Logo-Nuevo-LOS-POLITICOS-1.jpg\",\"width\":260,\"height\":70,\"caption\":\"Los pol\u00edticos Veracruz\"},\"image\":{\"@id\":\"https:\\\/\\\/lospoliticosveracruz.com\\\/#\\\/schema\\\/logo\\\/image\\\/\"},\"sameAs\":[\"https:\\\/\\\/www.facebook.com\\\/people\\\/Notimemes-de-los-Polticos\\\/61565672886568\\\/\",\"https:\\\/\\\/x.com\\\/LosPoliticosVer\"]},{\"@type\":\"Person\",\"@id\":\"https:\\\/\\\/lospoliticosveracruz.com\\\/#\\\/schema\\\/person\\\/b8702bb0e538456e6efd07080bf2a4a2\",\"name\":\"Lo viste en Los Pol\u00edticos\",\"image\":{\"@type\":\"ImageObject\",\"inLanguage\":\"es\",\"@id\":\"https:\\\/\\\/secure.gravatar.com\\\/avatar\\\/3a8de04a2656d44082be478bd6c086daa447c4651605818287b9532d3d0bd435?s=96&d=mm&r=g\",\"url\":\"https:\\\/\\\/secure.gravatar.com\\\/avatar\\\/3a8de04a2656d44082be478bd6c086daa447c4651605818287b9532d3d0bd435?s=96&d=mm&r=g\",\"contentUrl\":\"https:\\\/\\\/secure.gravatar.com\\\/avatar\\\/3a8de04a2656d44082be478bd6c086daa447c4651605818287b9532d3d0bd435?s=96&d=mm&r=g\",\"caption\":\"Lo viste en Los Pol\u00edticos\"},\"url\":\"https:\\\/\\\/lospoliticosveracruz.com\\\/?author=2\"}]}<\/script>\n<!-- \/ Yoast SEO plugin. -->","yoast_head_json":{"title":"Analiza Fiscal con alcaldes y diputados incidencia delictiva de la zona de Cosamaloapan - Los pol\u00edticos Veracruz","robots":{"index":"index","follow":"follow","max-snippet":"max-snippet:-1","max-image-preview":"max-image-preview:large","max-video-preview":"max-video-preview:-1"},"canonical":"https:\/\/lospoliticosveracruz.com\/?p=47201","og_locale":"es_ES","og_type":"article","og_title":"Analiza Fiscal con alcaldes y diputados incidencia delictiva de la zona de Cosamaloapan - Los pol\u00edticos Veracruz","og_description":"El Fiscal General del Estado, Jorge Winckler Ortiz realiz\u00f3 una gira de trabajo por la regi\u00f3n de Cosamaloapan, en la cual sostuvo reuniones de trabajo con alcaldes locales y con v\u00edctimas de delitos oriundas de esta zona, a quienes atendi\u00f3 de manera personal en compa\u00f1\u00eda de los diputados locales Florencia Mart\u00ednez Rivera y Juan Carlos [&hellip;]","og_url":"https:\/\/lospoliticosveracruz.com\/?p=47201","og_site_name":"Los pol\u00edticos Veracruz","article_publisher":"https:\/\/www.facebook.com\/people\/Notimemes-de-los-Polticos\/61565672886568\/","article_published_time":"2019-03-07T03:10:31+00:00","article_modified_time":"2019-03-07T03:18:05+00:00","og_image":[{"width":600,"height":400,"url":"https:\/\/lospoliticosveracruz.com\/wp-content\/uploads\/2019\/03\/Fiscal.jpeg","type":"image\/jpeg"}],"author":"Lo viste en Los Pol\u00edticos","twitter_card":"summary_large_image","twitter_creator":"@LosPoliticosVer","twitter_site":"@LosPoliticosVer","twitter_misc":{"Escrito por":"Lo viste en Los Pol\u00edticos","Tiempo de lectura":"2 minutos"},"schema":{"@context":"https:\/\/schema.org","@graph":[{"@type":"Article","@id":"https:\/\/lospoliticosveracruz.com\/?p=47201#article","isPartOf":{"@id":"https:\/\/lospoliticosveracruz.com\/?p=47201"},"author":{"name":"Lo viste en Los Pol\u00edticos","@id":"https:\/\/lospoliticosveracruz.com\/#\/schema\/person\/b8702bb0e538456e6efd07080bf2a4a2"},"headline":"Analiza Fiscal con alcaldes y diputados incidencia delictiva de la zona de Cosamaloapan","datePublished":"2019-03-07T03:10:31+00:00","dateModified":"2019-03-07T03:18:05+00:00","mainEntityOfPage":{"@id":"https:\/\/lospoliticosveracruz.com\/?p=47201"},"wordCount":364,"commentCount":0,"publisher":{"@id":"https:\/\/lospoliticosveracruz.com\/#organization"},"image":{"@id":"https:\/\/lospoliticosveracruz.com\/?p=47201#primaryimage"},"thumbnailUrl":"https:\/\/lospoliticosveracruz.com\/wp-content\/uploads\/2019\/03\/Fiscal.jpeg","keywords":["Carlos A. Carrillo","Chacaltianguis","Cosamaloapan","Fiscal General del Estado","Florencia Mart\u00ednez Rivera","Jorge Winckler Ortiz","Juan Carlos Molina Palacios","Tuxtilla","Unidad de An\u00e1lisis de la Informaci\u00f3n","Veracruz"],"articleSection":["De Boleto"],"inLanguage":"es","potentialAction":[{"@type":"CommentAction","name":"Comment","target":["https:\/\/lospoliticosveracruz.com\/?p=47201#respond"]}]},{"@type":"WebPage","@id":"https:\/\/lospoliticosveracruz.com\/?p=47201","url":"https:\/\/lospoliticosveracruz.com\/?p=47201","name":"Analiza Fiscal con alcaldes y diputados incidencia delictiva de la zona de Cosamaloapan - Los pol\u00edticos Veracruz","isPartOf":{"@id":"https:\/\/lospoliticosveracruz.com\/#website"},"primaryImageOfPage":{"@id":"https:\/\/lospoliticosveracruz.com\/?p=47201#primaryimage"},"image":{"@id":"https:\/\/lospoliticosveracruz.com\/?p=47201#primaryimage"},"thumbnailUrl":"https:\/\/lospoliticosveracruz.com\/wp-content\/uploads\/2019\/03\/Fiscal.jpeg","datePublished":"2019-03-07T03:10:31+00:00","dateModified":"2019-03-07T03:18:05+00:00","breadcrumb":{"@id":"https:\/\/lospoliticosveracruz.com\/?p=47201#breadcrumb"},"inLanguage":"es","potentialAction":[{"@type":"ReadAction","target":["https:\/\/lospoliticosveracruz.com\/?p=47201"]}]},{"@type":"ImageObject","inLanguage":"es","@id":"https:\/\/lospoliticosveracruz.com\/?p=47201#primaryimage","url":"https:\/\/lospoliticosveracruz.com\/wp-content\/uploads\/2019\/03\/Fiscal.jpeg","contentUrl":"https:\/\/lospoliticosveracruz.com\/wp-content\/uploads\/2019\/03\/Fiscal.jpeg","width":600,"height":400},{"@type":"BreadcrumbList","@id":"https:\/\/lospoliticosveracruz.com\/?p=47201#breadcrumb","itemListElement":[{"@type":"ListItem","position":1,"name":"Portada","item":"https:\/\/lospoliticosveracruz.com\/"},{"@type":"ListItem","position":2,"name":"Analiza Fiscal con alcaldes y diputados incidencia delictiva de la zona de Cosamaloapan"}]},{"@type":"WebSite","@id":"https:\/\/lospoliticosveracruz.com\/#website","url":"https:\/\/lospoliticosveracruz.com\/","name":"Los pol\u00edticos Veracruz","description":"","publisher":{"@id":"https:\/\/lospoliticosveracruz.com\/#organization"},"potentialAction":[{"@type":"SearchAction","target":{"@type":"EntryPoint","urlTemplate":"https:\/\/lospoliticosveracruz.com\/?s={search_term_string}"},"query-input":{"@type":"PropertyValueSpecification","valueRequired":true,"valueName":"search_term_string"}}],"inLanguage":"es"},{"@type":"Organization","@id":"https:\/\/lospoliticosveracruz.com\/#organization","name":"Los pol\u00edticos Veracruz","url":"https:\/\/lospoliticosveracruz.com\/","logo":{"@type":"ImageObject","inLanguage":"es","@id":"https:\/\/lospoliticosveracruz.com\/#\/schema\/logo\/image\/","url":"https:\/\/lospoliticosveracruz.com\/wp-content\/uploads\/2025\/12\/Logo-Nuevo-LOS-POLITICOS-1.jpg","contentUrl":"https:\/\/lospoliticosveracruz.com\/wp-content\/uploads\/2025\/12\/Logo-Nuevo-LOS-POLITICOS-1.jpg","width":260,"height":70,"caption":"Los pol\u00edticos Veracruz"},"image":{"@id":"https:\/\/lospoliticosveracruz.com\/#\/schema\/logo\/image\/"},"sameAs":["https:\/\/www.facebook.com\/people\/Notimemes-de-los-Polticos\/61565672886568\/","https:\/\/x.com\/LosPoliticosVer"]},{"@type":"Person","@id":"https:\/\/lospoliticosveracruz.com\/#\/schema\/person\/b8702bb0e538456e6efd07080bf2a4a2","name":"Lo viste en Los Pol\u00edticos","image":{"@type":"ImageObject","inLanguage":"es","@id":"https:\/\/secure.gravatar.com\/avatar\/3a8de04a2656d44082be478bd6c086daa447c4651605818287b9532d3d0bd435?s=96&d=mm&r=g","url":"https:\/\/secure.gravatar.com\/avatar\/3a8de04a2656d44082be478bd6c086daa447c4651605818287b9532d3d0bd435?s=96&d=mm&r=g","contentUrl":"https:\/\/secure.gravatar.com\/avatar\/3a8de04a2656d44082be478bd6c086daa447c4651605818287b9532d3d0bd435?s=96&d=mm&r=g","caption":"Lo viste en Los Pol\u00edticos"},"url":"https:\/\/lospoliticosveracruz.com\/?author=2"}]}},"_links":{"self":[{"href":"https:\/\/lospoliticosveracruz.com\/index.php?rest_route=\/wp\/v2\/posts\/47201","targetHints":{"allow":["GET"]}}],"collection":[{"href":"https:\/\/lospoliticosveracruz.com\/index.php?rest_route=\/wp\/v2\/posts"}],"about":[{"href":"https:\/\/lospoliticosveracruz.com\/index.php?rest_route=\/wp\/v2\/types\/post"}],"author":[{"embeddable":true,"href":"https:\/\/lospoliticosveracruz.com\/index.php?rest_route=\/wp\/v2\/users\/2"}],"replies":[{"embeddable":true,"href":"https:\/\/lospoliticosveracruz.com\/index.php?rest_route=%2Fwp%2Fv2%2Fcomments&post=47201"}],"version-history":[{"count":2,"href":"https:\/\/lospoliticosveracruz.com\/index.php?rest_route=\/wp\/v2\/posts\/47201\/revisions"}],"predecessor-version":[{"id":47204,"href":"https:\/\/lospoliticosveracruz.com\/index.php?rest_route=\/wp\/v2\/posts\/47201\/revisions\/47204"}],"wp:featuredmedia":[{"embeddable":true,"href":"https:\/\/lospoliticosveracruz.com\/index.php?rest_route=\/wp\/v2\/media\/47202"}],"wp:attachment":[{"href":"https:\/\/lospoliticosveracruz.com\/index.php?rest_route=%2Fwp%2Fv2%2Fmedia&parent=47201"}],"wp:term":[{"taxonomy":"category","embeddable":true,"href":"https:\/\/lospoliticosveracruz.com\/index.php?rest_route=%2Fwp%2Fv2%2Fcategories&post=47201"},{"taxonomy":"post_tag","embeddable":true,"href":"https:\/\/lospoliticosveracruz.com\/index.php?rest_route=%2Fwp%2Fv2%2Ftags&post=47201"}],"curies":[{"name":"wp","href":"https:\/\/api.w.org\/{rel}","templated":true}]}}