{"id":47211,"date":"2019-03-07T23:04:00","date_gmt":"2019-03-08T05:04:00","guid":{"rendered":"http:\/\/www.lospoliticosveracruz.com.mx\/?p=47211"},"modified":"2019-03-08T00:10:41","modified_gmt":"2019-03-08T06:10:41","slug":"margarita-en-boca","status":"publish","type":"post","link":"https:\/\/lospoliticosveracruz.com\/?p=47211","title":{"rendered":"Margarita en Boca"},"content":{"rendered":"<p><strong>Brenda Caballero<\/strong><\/p>\n<p><em>N\u00fameros Rojos<\/em><\/p>\n<p>Contadores, administrativos, empleados, representantes de educaci\u00f3n superior y de c\u00e1maras empresariales, p\u00fablico en general y hasta ex candidatos, presentes en el Word Trade Center de Boca del R\u00edo. La espera no es para menos, llega al estado la titular del SAT, Margarita R\u00edos Farjat, acompa\u00f1ada por el Gobernador Cuitl\u00e1huac Garc\u00eda Jim\u00e9nez y el Secretario de Finanzas y Planeaci\u00f3n, Jos\u00e9 Luis Lima Franco en el Foro Nueva Pol\u00edtica Tributaria y Fiscalizaci\u00f3n en M\u00e9xico.<\/p>\n<p>Dicen que el gobernador estuvo desde la ma\u00f1ana en el WTC\u2026 en realidad, despu\u00e9s de la entrevista que le hicieron en RTV el mi\u00e9rcoles por la noche, viaj\u00f3 a Veracruz.<\/p>\n<p>Mientras esperamos, escuchamos a Byron con la canci\u00f3n de la Cuarta Transformaci\u00f3n de fondo, mientras que la contralora Leslie Garibo pone en facebook que se acaba de instalar el Comit\u00e9 T\u00e9cnico del Fideicomiso P\u00fablico del Centro de Exposiciones y Convenciones de Veracruz all\u00ed mismo en el WTC.<\/p>\n<p>Las cl\u00e1sicas guayaberas blancas esperan en la entrada de la Sala Taj\u00edn\u2026 son Ricardo Rodr\u00edguez D\u00edaz, Subsecretario de Ingresos y Jacobo V\u00e1zquez Castro, director de Fiscalizaci\u00f3n, quienes aguardan su llegada.<\/p>\n<p>Lima Franco inici\u00f3 el Foro resaltando la necesidad de que el estado tenga finanzas p\u00fablicas sanas, as\u00ed como la necesidad de fortalecer los ingresos propios del estado, raz\u00f3n por la que para 2019 se proyect\u00f3 9.2 por ciento de incremento en la recaudaci\u00f3n con una Estrategia integral basada en tres ejes:<\/p>\n<ol>\n<li>Facilitarles a los contribuyentes el cumplimiento de sus obligaciones fiscales.<\/li>\n<li>Replicar las pr\u00e1cticas de la Federaci\u00f3n como son el buz\u00f3n tributario y el programa de vigilancia plus.<\/li>\n<li>Incrementar el porcentaje de ingresos propios. Para ello se piensa usar la tecnolog\u00eda y hasta una aplicaci\u00f3n para facilitar a los contribuyentes el conocimiento de sus obligaciones con fechas de pago, d\u00f3nde, cu\u00e1ndo y porqu\u00e9 cumplir con las obligaciones fiscales.<\/li>\n<\/ol>\n<p>El Secretario record\u00f3 que actualmente, para apoyar a las familias en su econom\u00eda, se ha subsidiado la tenencia, siempre y cuando se pague el derecho vehicular.<\/p>\n<p>Resalt\u00f3 el trabajo en coordinaci\u00f3n con el SAT para aumentar de 70 al 100% los incentivos econ\u00f3micos en el estado.<\/p>\n<p>Para ello se solicitar\u00e1 tambi\u00e9n colaboraci\u00f3n con los ayuntamientos y de esta manera consolidar las finanzas del estado de Veracruz.<\/p>\n<p>Toc\u00f3 el turno a Margarita R\u00edos Farjat, la primera mujer titular del SAT, quien se dijo feliz de estar en Veracruz por la importancia hist\u00f3rica que representa y su trascendencia a nivel nacional.<\/p>\n<p>Se\u00f1al\u00f3 que Veracruz tiene una situaci\u00f3n muy particular pues por ser Puerto, all\u00ed entr\u00f3 el comercio, la visi\u00f3n de mundo, la educaci\u00f3n, mil cosas, todas positivas, pero tambi\u00e9n entr\u00f3 el saqueo, la rapi\u00f1a y la corrupci\u00f3n, que se deben erradicar.<\/p>\n<p>Margarita estuvo antes en el Faro, donde se reuni\u00f3 con agentes aduanales as\u00ed como en las instalaciones de la escuela naval\u2026 se vio maravillada con nuestro estado: \u201cHay que venir de fuera para apreciar al estado\u201d, adem\u00e1s de que agradeci\u00f3 la amabilidad del gabinete de Finanzas del gobernador.<\/p>\n<p>Record\u00f3 que anta\u00f1o, Veracruz ocupaba los primeros lugares de recaudaci\u00f3n e inst\u00f3: \u201cHay que volver a los primeros lugares\u201d.<\/p>\n<p>Coment\u00f3 que cuando L\u00f3pez Obrador la invit\u00f3 a ser la titular del SAT, ella le pregunto lo que quer\u00eda de ella. El presidente fue claro: \u201cQuiero que paguen impuestos los que no pagan\u201d. Sin duda, una frase llena de justicia. El Presidente no quiere beneficios para nadie, indic\u00f3. Margarita fue m\u00e1s all\u00e1 y dijo: \u201cQuien evade impuesto nos encarece las cosas\u201d y solt\u00f3 la pregunta: \u00bfCon qu\u00e9 batalla m\u00e1s el SAT? \u201cEs un problema social, es muy complicado, es necesario cambiar una mentalidad completa\u2026 cuando la norma social es pagar impuestos, es una verg\u00fcenza no pagarlos\u2026 La ley no es para acomodarla, no se le debe sacar la vuelta, eso es hacer trampa\u201d. Agreg\u00f3 que pagar impuestos es un deber, \u201cnuestra obligaci\u00f3n es pagar\u201d.<\/p>\n<p>Margarita est\u00e1 preocupada pues hay un gran reto: \u201cAbusamos de los que s\u00ed pagan; es necesario contribuir para sacar adelante al pa\u00eds, pero tambi\u00e9n apoyar al contribuyente a que cumpla; es necesario facilitarle la vida\u201d.<\/p>\n<p>Record\u00f3 que ella viene de la pr\u00e1ctica independiente y que ahora como titular del SAT observa que el problema de la evasi\u00f3n nos acapara, pero no es necesario crear m\u00e1s impuestos ni gravar alimentos o medicinas, sino de estado de derecho.<\/p>\n<p>Puso de ejemplo el incentivo fiscal a los bomberos en Canad\u00e1, pero resalt\u00f3 que no podemos transitar a ello por las operaciones simuladas, \u201ces una verg\u00fcenza\u201d.<\/p>\n<p>Ella tiene claro dos pilares: el de la Austeridad y el combate a la evasi\u00f3n, adem\u00e1s de Incrementar la recaudaci\u00f3n. Es Creyente en el poder de las instituciones, \u201cuna instituci\u00f3n s\u00f3lida, fuerte, genera certidumbres aunque no guste a algunos, pero es la visi\u00f3n del SAT\u201d.<\/p>\n<p>El SAT para recaudar 54.8 pesos invierte un peso, pero ella quiere mejorar eso y que pase a los centavos. Durante su gesti\u00f3n pretende Impulsar el buz\u00f3n tributario y que sea el \u00fanico medio de comunicaci\u00f3n entre los contribuyentes y la instituci\u00f3n.<\/p>\n<p>Tiene como reto generar herramientas m\u00e1s vanguardistas para la recaudaci\u00f3n y aumentar el padr\u00f3n de contribuyentes. Para ello es necesario volver a cada contribuyente un fiscalizador cada vez que \u00e9ste pide su factura.\u00a0\u00a0Destac\u00f3 cifras como el uso de la e.firma por 13.2 millones de contribuyentes, adem\u00e1s de que actualmente se elaboran 220 facturas por segundo en el pa\u00eds.<\/p>\n<p>Dentro de su panorama, dice que la riqueza de un pa\u00eds se genera desde iniciativa privada. El gobierno no lo genera, pero que al final, el crecimiento es tarea de todos.<\/p>\n<p>El gobernador cerr\u00f3 el evento recordando a los gobiernos que dejaron de pagar impuestos y pusieron en jaque algunas dependencias como a la UV y al IPAX. Mencion\u00f3 que se analizan los casos y finalmente se comprometi\u00f3 a abatir la corrupci\u00f3n y hacer un buen uso de los recursos que se recauden as\u00ed como a respaldar las nuevas estrategias de la recaudaci\u00f3n para incentivar el crecimiento econ\u00f3mico en el estado, recordando que su gobierno trabaja conjuntamente con el de Andr\u00e9s Manuel L\u00f3pez Obrador.<\/p>\n<p>&nbsp;<\/p>\n<p>Email: caballero_brenda@hotmail.com<\/p>\n<p>@NumerosRojos_BC<\/p>\n","protected":false},"excerpt":{"rendered":"<p>Brenda Caballero N\u00fameros Rojos Contadores, administrativos, empleados, representantes de educaci\u00f3n superior y de c\u00e1maras empresariales, p\u00fablico en general y hasta ex candidatos, presentes en el Word Trade Center de Boca del R\u00edo. La espera no es para menos, llega al estado la titular del SAT, Margarita R\u00edos Farjat, acompa\u00f1ada por el Gobernador Cuitl\u00e1huac Garc\u00eda Jim\u00e9nez [&hellip;]<\/p>\n","protected":false},"author":2,"featured_media":47212,"comment_status":"open","ping_status":"open","sticky":false,"template":"","format":"standard","meta":{"tdm_status":"","tdm_grid_status":"","footnotes":""},"categories":[70],"tags":[2687,1563,14146,14143,13277,13713,14138,13490,14145,195],"class_list":{"0":"post-47211","1":"post","2":"type-post","3":"status-publish","4":"format-standard","5":"has-post-thumbnail","7":"category-de-opinion","8":"tag-brenda-caballero","9":"tag-cuitlahuac-garcia-jimenez","10":"tag-director-de-fiscalizacion","11":"tag-foro-nueva-politica-tributaria-y-fiscalizacion-en-mexico","12":"tag-jacobo-vazquez-castro","13":"tag-jose-luis-lima-franco","14":"tag-margarita-rios-farjat","15":"tag-ricardo-rodriguez-diaz","16":"tag-subsecretario-de-ingresos","17":"tag-veracruz"},"yoast_head":"<!-- This site is optimized with the Yoast SEO plugin v27.4 - https:\/\/yoast.com\/product\/yoast-seo-wordpress\/ -->\n<title>Margarita en Boca - Los pol\u00edticos Veracruz<\/title>\n<meta name=\"robots\" content=\"index, follow, max-snippet:-1, max-image-preview:large, max-video-preview:-1\" \/>\n<link rel=\"canonical\" href=\"https:\/\/lospoliticosveracruz.com\/?p=47211\" \/>\n<meta property=\"og:locale\" content=\"es_ES\" \/>\n<meta property=\"og:type\" content=\"article\" \/>\n<meta property=\"og:title\" content=\"Margarita en Boca - Los pol\u00edticos Veracruz\" \/>\n<meta property=\"og:description\" content=\"Brenda Caballero N\u00fameros Rojos Contadores, administrativos, empleados, representantes de educaci\u00f3n superior y de c\u00e1maras empresariales, p\u00fablico en general y hasta ex candidatos, presentes en el Word Trade Center de Boca del R\u00edo. La espera no es para menos, llega al estado la titular del SAT, Margarita R\u00edos Farjat, acompa\u00f1ada por el Gobernador Cuitl\u00e1huac Garc\u00eda Jim\u00e9nez [&hellip;]\" \/>\n<meta property=\"og:url\" content=\"https:\/\/lospoliticosveracruz.com\/?p=47211\" \/>\n<meta property=\"og:site_name\" content=\"Los pol\u00edticos Veracruz\" \/>\n<meta property=\"article:publisher\" content=\"https:\/\/www.facebook.com\/people\/Notimemes-de-los-Polticos\/61565672886568\/\" \/>\n<meta property=\"article:published_time\" content=\"2019-03-08T05:04:00+00:00\" \/>\n<meta property=\"article:modified_time\" content=\"2019-03-08T06:10:41+00:00\" \/>\n<meta property=\"og:image\" content=\"https:\/\/lospoliticosveracruz.com\/wp-content\/uploads\/2019\/03\/Marga.jpeg\" \/>\n\t<meta property=\"og:image:width\" content=\"600\" \/>\n\t<meta property=\"og:image:height\" content=\"343\" \/>\n\t<meta property=\"og:image:type\" content=\"image\/jpeg\" \/>\n<meta name=\"author\" content=\"Lo viste en Los Pol\u00edticos\" \/>\n<meta name=\"twitter:card\" content=\"summary_large_image\" \/>\n<meta name=\"twitter:creator\" content=\"@LosPoliticosVer\" \/>\n<meta name=\"twitter:site\" content=\"@LosPoliticosVer\" \/>\n<meta name=\"twitter:label1\" content=\"Escrito por\" \/>\n\t<meta name=\"twitter:data1\" content=\"Lo viste en Los Pol\u00edticos\" \/>\n\t<meta name=\"twitter:label2\" content=\"Tiempo de lectura\" \/>\n\t<meta name=\"twitter:data2\" content=\"5 minutos\" \/>\n<script type=\"application\/ld+json\" class=\"yoast-schema-graph\">{\"@context\":\"https:\\\/\\\/schema.org\",\"@graph\":[{\"@type\":\"Article\",\"@id\":\"https:\\\/\\\/lospoliticosveracruz.com\\\/?p=47211#article\",\"isPartOf\":{\"@id\":\"https:\\\/\\\/lospoliticosveracruz.com\\\/?p=47211\"},\"author\":{\"name\":\"Lo viste en Los Pol\u00edticos\",\"@id\":\"https:\\\/\\\/lospoliticosveracruz.com\\\/#\\\/schema\\\/person\\\/b8702bb0e538456e6efd07080bf2a4a2\"},\"headline\":\"Margarita en Boca\",\"datePublished\":\"2019-03-08T05:04:00+00:00\",\"dateModified\":\"2019-03-08T06:10:41+00:00\",\"mainEntityOfPage\":{\"@id\":\"https:\\\/\\\/lospoliticosveracruz.com\\\/?p=47211\"},\"wordCount\":1085,\"commentCount\":0,\"publisher\":{\"@id\":\"https:\\\/\\\/lospoliticosveracruz.com\\\/#organization\"},\"image\":{\"@id\":\"https:\\\/\\\/lospoliticosveracruz.com\\\/?p=47211#primaryimage\"},\"thumbnailUrl\":\"https:\\\/\\\/lospoliticosveracruz.com\\\/wp-content\\\/uploads\\\/2019\\\/03\\\/Marga.jpeg\",\"keywords\":[\"Brenda Caballero\",\"Cuitl\u00e1huac Garc\u00eda Jim\u00e9nez\",\"director de Fiscalizaci\u00f3n\",\"Foro Nueva Pol\u00edtica Tributaria y Fiscalizaci\u00f3n en M\u00e9xico\",\"Jacobo V\u00e1zquez Castro\",\"Jos\u00e9 Luis Lima Franco\",\"Margarita R\u00edos Farjat\",\"Ricardo Rodr\u00edguez D\u00edaz\",\"Subsecretario de Ingresos\",\"Veracruz\"],\"articleSection\":[\"De Opini\u00f3n\"],\"inLanguage\":\"es\",\"potentialAction\":[{\"@type\":\"CommentAction\",\"name\":\"Comment\",\"target\":[\"https:\\\/\\\/lospoliticosveracruz.com\\\/?p=47211#respond\"]}]},{\"@type\":\"WebPage\",\"@id\":\"https:\\\/\\\/lospoliticosveracruz.com\\\/?p=47211\",\"url\":\"https:\\\/\\\/lospoliticosveracruz.com\\\/?p=47211\",\"name\":\"Margarita en Boca - Los pol\u00edticos Veracruz\",\"isPartOf\":{\"@id\":\"https:\\\/\\\/lospoliticosveracruz.com\\\/#website\"},\"primaryImageOfPage\":{\"@id\":\"https:\\\/\\\/lospoliticosveracruz.com\\\/?p=47211#primaryimage\"},\"image\":{\"@id\":\"https:\\\/\\\/lospoliticosveracruz.com\\\/?p=47211#primaryimage\"},\"thumbnailUrl\":\"https:\\\/\\\/lospoliticosveracruz.com\\\/wp-content\\\/uploads\\\/2019\\\/03\\\/Marga.jpeg\",\"datePublished\":\"2019-03-08T05:04:00+00:00\",\"dateModified\":\"2019-03-08T06:10:41+00:00\",\"breadcrumb\":{\"@id\":\"https:\\\/\\\/lospoliticosveracruz.com\\\/?p=47211#breadcrumb\"},\"inLanguage\":\"es\",\"potentialAction\":[{\"@type\":\"ReadAction\",\"target\":[\"https:\\\/\\\/lospoliticosveracruz.com\\\/?p=47211\"]}]},{\"@type\":\"ImageObject\",\"inLanguage\":\"es\",\"@id\":\"https:\\\/\\\/lospoliticosveracruz.com\\\/?p=47211#primaryimage\",\"url\":\"https:\\\/\\\/lospoliticosveracruz.com\\\/wp-content\\\/uploads\\\/2019\\\/03\\\/Marga.jpeg\",\"contentUrl\":\"https:\\\/\\\/lospoliticosveracruz.com\\\/wp-content\\\/uploads\\\/2019\\\/03\\\/Marga.jpeg\",\"width\":600,\"height\":343},{\"@type\":\"BreadcrumbList\",\"@id\":\"https:\\\/\\\/lospoliticosveracruz.com\\\/?p=47211#breadcrumb\",\"itemListElement\":[{\"@type\":\"ListItem\",\"position\":1,\"name\":\"Portada\",\"item\":\"https:\\\/\\\/lospoliticosveracruz.com\\\/\"},{\"@type\":\"ListItem\",\"position\":2,\"name\":\"Margarita en Boca\"}]},{\"@type\":\"WebSite\",\"@id\":\"https:\\\/\\\/lospoliticosveracruz.com\\\/#website\",\"url\":\"https:\\\/\\\/lospoliticosveracruz.com\\\/\",\"name\":\"Los pol\u00edticos Veracruz\",\"description\":\"\",\"publisher\":{\"@id\":\"https:\\\/\\\/lospoliticosveracruz.com\\\/#organization\"},\"potentialAction\":[{\"@type\":\"SearchAction\",\"target\":{\"@type\":\"EntryPoint\",\"urlTemplate\":\"https:\\\/\\\/lospoliticosveracruz.com\\\/?s={search_term_string}\"},\"query-input\":{\"@type\":\"PropertyValueSpecification\",\"valueRequired\":true,\"valueName\":\"search_term_string\"}}],\"inLanguage\":\"es\"},{\"@type\":\"Organization\",\"@id\":\"https:\\\/\\\/lospoliticosveracruz.com\\\/#organization\",\"name\":\"Los pol\u00edticos Veracruz\",\"url\":\"https:\\\/\\\/lospoliticosveracruz.com\\\/\",\"logo\":{\"@type\":\"ImageObject\",\"inLanguage\":\"es\",\"@id\":\"https:\\\/\\\/lospoliticosveracruz.com\\\/#\\\/schema\\\/logo\\\/image\\\/\",\"url\":\"https:\\\/\\\/lospoliticosveracruz.com\\\/wp-content\\\/uploads\\\/2025\\\/12\\\/Logo-Nuevo-LOS-POLITICOS-1.jpg\",\"contentUrl\":\"https:\\\/\\\/lospoliticosveracruz.com\\\/wp-content\\\/uploads\\\/2025\\\/12\\\/Logo-Nuevo-LOS-POLITICOS-1.jpg\",\"width\":260,\"height\":70,\"caption\":\"Los pol\u00edticos Veracruz\"},\"image\":{\"@id\":\"https:\\\/\\\/lospoliticosveracruz.com\\\/#\\\/schema\\\/logo\\\/image\\\/\"},\"sameAs\":[\"https:\\\/\\\/www.facebook.com\\\/people\\\/Notimemes-de-los-Polticos\\\/61565672886568\\\/\",\"https:\\\/\\\/x.com\\\/LosPoliticosVer\"]},{\"@type\":\"Person\",\"@id\":\"https:\\\/\\\/lospoliticosveracruz.com\\\/#\\\/schema\\\/person\\\/b8702bb0e538456e6efd07080bf2a4a2\",\"name\":\"Lo viste en Los Pol\u00edticos\",\"image\":{\"@type\":\"ImageObject\",\"inLanguage\":\"es\",\"@id\":\"https:\\\/\\\/secure.gravatar.com\\\/avatar\\\/3a8de04a2656d44082be478bd6c086daa447c4651605818287b9532d3d0bd435?s=96&d=mm&r=g\",\"url\":\"https:\\\/\\\/secure.gravatar.com\\\/avatar\\\/3a8de04a2656d44082be478bd6c086daa447c4651605818287b9532d3d0bd435?s=96&d=mm&r=g\",\"contentUrl\":\"https:\\\/\\\/secure.gravatar.com\\\/avatar\\\/3a8de04a2656d44082be478bd6c086daa447c4651605818287b9532d3d0bd435?s=96&d=mm&r=g\",\"caption\":\"Lo viste en Los Pol\u00edticos\"},\"url\":\"https:\\\/\\\/lospoliticosveracruz.com\\\/?author=2\"}]}<\/script>\n<!-- \/ Yoast SEO plugin. -->","yoast_head_json":{"title":"Margarita en Boca - Los pol\u00edticos Veracruz","robots":{"index":"index","follow":"follow","max-snippet":"max-snippet:-1","max-image-preview":"max-image-preview:large","max-video-preview":"max-video-preview:-1"},"canonical":"https:\/\/lospoliticosveracruz.com\/?p=47211","og_locale":"es_ES","og_type":"article","og_title":"Margarita en Boca - Los pol\u00edticos Veracruz","og_description":"Brenda Caballero N\u00fameros Rojos Contadores, administrativos, empleados, representantes de educaci\u00f3n superior y de c\u00e1maras empresariales, p\u00fablico en general y hasta ex candidatos, presentes en el Word Trade Center de Boca del R\u00edo. La espera no es para menos, llega al estado la titular del SAT, Margarita R\u00edos Farjat, acompa\u00f1ada por el Gobernador Cuitl\u00e1huac Garc\u00eda Jim\u00e9nez [&hellip;]","og_url":"https:\/\/lospoliticosveracruz.com\/?p=47211","og_site_name":"Los pol\u00edticos Veracruz","article_publisher":"https:\/\/www.facebook.com\/people\/Notimemes-de-los-Polticos\/61565672886568\/","article_published_time":"2019-03-08T05:04:00+00:00","article_modified_time":"2019-03-08T06:10:41+00:00","og_image":[{"width":600,"height":343,"url":"https:\/\/lospoliticosveracruz.com\/wp-content\/uploads\/2019\/03\/Marga.jpeg","type":"image\/jpeg"}],"author":"Lo viste en Los Pol\u00edticos","twitter_card":"summary_large_image","twitter_creator":"@LosPoliticosVer","twitter_site":"@LosPoliticosVer","twitter_misc":{"Escrito por":"Lo viste en Los Pol\u00edticos","Tiempo de lectura":"5 minutos"},"schema":{"@context":"https:\/\/schema.org","@graph":[{"@type":"Article","@id":"https:\/\/lospoliticosveracruz.com\/?p=47211#article","isPartOf":{"@id":"https:\/\/lospoliticosveracruz.com\/?p=47211"},"author":{"name":"Lo viste en Los Pol\u00edticos","@id":"https:\/\/lospoliticosveracruz.com\/#\/schema\/person\/b8702bb0e538456e6efd07080bf2a4a2"},"headline":"Margarita en Boca","datePublished":"2019-03-08T05:04:00+00:00","dateModified":"2019-03-08T06:10:41+00:00","mainEntityOfPage":{"@id":"https:\/\/lospoliticosveracruz.com\/?p=47211"},"wordCount":1085,"commentCount":0,"publisher":{"@id":"https:\/\/lospoliticosveracruz.com\/#organization"},"image":{"@id":"https:\/\/lospoliticosveracruz.com\/?p=47211#primaryimage"},"thumbnailUrl":"https:\/\/lospoliticosveracruz.com\/wp-content\/uploads\/2019\/03\/Marga.jpeg","keywords":["Brenda Caballero","Cuitl\u00e1huac Garc\u00eda Jim\u00e9nez","director de Fiscalizaci\u00f3n","Foro Nueva Pol\u00edtica Tributaria y Fiscalizaci\u00f3n en M\u00e9xico","Jacobo V\u00e1zquez Castro","Jos\u00e9 Luis Lima Franco","Margarita R\u00edos Farjat","Ricardo Rodr\u00edguez D\u00edaz","Subsecretario de Ingresos","Veracruz"],"articleSection":["De Opini\u00f3n"],"inLanguage":"es","potentialAction":[{"@type":"CommentAction","name":"Comment","target":["https:\/\/lospoliticosveracruz.com\/?p=47211#respond"]}]},{"@type":"WebPage","@id":"https:\/\/lospoliticosveracruz.com\/?p=47211","url":"https:\/\/lospoliticosveracruz.com\/?p=47211","name":"Margarita en Boca - Los pol\u00edticos Veracruz","isPartOf":{"@id":"https:\/\/lospoliticosveracruz.com\/#website"},"primaryImageOfPage":{"@id":"https:\/\/lospoliticosveracruz.com\/?p=47211#primaryimage"},"image":{"@id":"https:\/\/lospoliticosveracruz.com\/?p=47211#primaryimage"},"thumbnailUrl":"https:\/\/lospoliticosveracruz.com\/wp-content\/uploads\/2019\/03\/Marga.jpeg","datePublished":"2019-03-08T05:04:00+00:00","dateModified":"2019-03-08T06:10:41+00:00","breadcrumb":{"@id":"https:\/\/lospoliticosveracruz.com\/?p=47211#breadcrumb"},"inLanguage":"es","potentialAction":[{"@type":"ReadAction","target":["https:\/\/lospoliticosveracruz.com\/?p=47211"]}]},{"@type":"ImageObject","inLanguage":"es","@id":"https:\/\/lospoliticosveracruz.com\/?p=47211#primaryimage","url":"https:\/\/lospoliticosveracruz.com\/wp-content\/uploads\/2019\/03\/Marga.jpeg","contentUrl":"https:\/\/lospoliticosveracruz.com\/wp-content\/uploads\/2019\/03\/Marga.jpeg","width":600,"height":343},{"@type":"BreadcrumbList","@id":"https:\/\/lospoliticosveracruz.com\/?p=47211#breadcrumb","itemListElement":[{"@type":"ListItem","position":1,"name":"Portada","item":"https:\/\/lospoliticosveracruz.com\/"},{"@type":"ListItem","position":2,"name":"Margarita en Boca"}]},{"@type":"WebSite","@id":"https:\/\/lospoliticosveracruz.com\/#website","url":"https:\/\/lospoliticosveracruz.com\/","name":"Los pol\u00edticos Veracruz","description":"","publisher":{"@id":"https:\/\/lospoliticosveracruz.com\/#organization"},"potentialAction":[{"@type":"SearchAction","target":{"@type":"EntryPoint","urlTemplate":"https:\/\/lospoliticosveracruz.com\/?s={search_term_string}"},"query-input":{"@type":"PropertyValueSpecification","valueRequired":true,"valueName":"search_term_string"}}],"inLanguage":"es"},{"@type":"Organization","@id":"https:\/\/lospoliticosveracruz.com\/#organization","name":"Los pol\u00edticos Veracruz","url":"https:\/\/lospoliticosveracruz.com\/","logo":{"@type":"ImageObject","inLanguage":"es","@id":"https:\/\/lospoliticosveracruz.com\/#\/schema\/logo\/image\/","url":"https:\/\/lospoliticosveracruz.com\/wp-content\/uploads\/2025\/12\/Logo-Nuevo-LOS-POLITICOS-1.jpg","contentUrl":"https:\/\/lospoliticosveracruz.com\/wp-content\/uploads\/2025\/12\/Logo-Nuevo-LOS-POLITICOS-1.jpg","width":260,"height":70,"caption":"Los pol\u00edticos Veracruz"},"image":{"@id":"https:\/\/lospoliticosveracruz.com\/#\/schema\/logo\/image\/"},"sameAs":["https:\/\/www.facebook.com\/people\/Notimemes-de-los-Polticos\/61565672886568\/","https:\/\/x.com\/LosPoliticosVer"]},{"@type":"Person","@id":"https:\/\/lospoliticosveracruz.com\/#\/schema\/person\/b8702bb0e538456e6efd07080bf2a4a2","name":"Lo viste en Los Pol\u00edticos","image":{"@type":"ImageObject","inLanguage":"es","@id":"https:\/\/secure.gravatar.com\/avatar\/3a8de04a2656d44082be478bd6c086daa447c4651605818287b9532d3d0bd435?s=96&d=mm&r=g","url":"https:\/\/secure.gravatar.com\/avatar\/3a8de04a2656d44082be478bd6c086daa447c4651605818287b9532d3d0bd435?s=96&d=mm&r=g","contentUrl":"https:\/\/secure.gravatar.com\/avatar\/3a8de04a2656d44082be478bd6c086daa447c4651605818287b9532d3d0bd435?s=96&d=mm&r=g","caption":"Lo viste en Los Pol\u00edticos"},"url":"https:\/\/lospoliticosveracruz.com\/?author=2"}]}},"_links":{"self":[{"href":"https:\/\/lospoliticosveracruz.com\/index.php?rest_route=\/wp\/v2\/posts\/47211","targetHints":{"allow":["GET"]}}],"collection":[{"href":"https:\/\/lospoliticosveracruz.com\/index.php?rest_route=\/wp\/v2\/posts"}],"about":[{"href":"https:\/\/lospoliticosveracruz.com\/index.php?rest_route=\/wp\/v2\/types\/post"}],"author":[{"embeddable":true,"href":"https:\/\/lospoliticosveracruz.com\/index.php?rest_route=\/wp\/v2\/users\/2"}],"replies":[{"embeddable":true,"href":"https:\/\/lospoliticosveracruz.com\/index.php?rest_route=%2Fwp%2Fv2%2Fcomments&post=47211"}],"version-history":[{"count":4,"href":"https:\/\/lospoliticosveracruz.com\/index.php?rest_route=\/wp\/v2\/posts\/47211\/revisions"}],"predecessor-version":[{"id":47220,"href":"https:\/\/lospoliticosveracruz.com\/index.php?rest_route=\/wp\/v2\/posts\/47211\/revisions\/47220"}],"wp:featuredmedia":[{"embeddable":true,"href":"https:\/\/lospoliticosveracruz.com\/index.php?rest_route=\/wp\/v2\/media\/47212"}],"wp:attachment":[{"href":"https:\/\/lospoliticosveracruz.com\/index.php?rest_route=%2Fwp%2Fv2%2Fmedia&parent=47211"}],"wp:term":[{"taxonomy":"category","embeddable":true,"href":"https:\/\/lospoliticosveracruz.com\/index.php?rest_route=%2Fwp%2Fv2%2Fcategories&post=47211"},{"taxonomy":"post_tag","embeddable":true,"href":"https:\/\/lospoliticosveracruz.com\/index.php?rest_route=%2Fwp%2Fv2%2Ftags&post=47211"}],"curies":[{"name":"wp","href":"https:\/\/api.w.org\/{rel}","templated":true}]}}