{"id":47215,"date":"2019-03-07T23:57:04","date_gmt":"2019-03-08T05:57:04","guid":{"rendered":"http:\/\/www.lospoliticosveracruz.com.mx\/?p=47215"},"modified":"2019-03-07T23:57:04","modified_gmt":"2019-03-08T05:57:04","slug":"los-100-dias-del-cuic","status":"publish","type":"post","link":"https:\/\/lospoliticosveracruz.com\/?p=47215","title":{"rendered":"Los 100 d\u00edas del Cuic"},"content":{"rendered":"<p dir=\"ltr\"><b>Salvador<\/b> <b>Mu\u00f1oz<\/b><\/p>\n<p><i>Los<\/i> <i>Pol\u00edticos<\/i><\/p>\n<p dir=\"ltr\"><span data-originalfontsize=\"11pt\" data-originalcomputedfontsize=\"14.666666984558105\">Hay que ser francos\u2026 el Corte de Caja a los 100 d\u00edas de Gobierno, no es m\u00e1s que una \u201cgringada\u201d que Franklin Delano Roosevelt realiz\u00f3 cuando encontr\u00f3 a un gobierno en crisis y decidi\u00f3 tomar las riendas como mandatario. Exigirle un informe a Cuitl\u00e1huac Garc\u00eda Jim\u00e9nez porque este domingo se cumplen 100 d\u00edas de haber rendido protesta como Gobernador, sinceramente se me hace excesivo o innecesario.<\/span><\/p>\n<p dir=\"ltr\"><span data-originalfontsize=\"11pt\" data-originalcomputedfontsize=\"14.666666984558105\">Excesivo, porque a lo largo de este lapso citado que se ha de cumplir el domingo, hemos visto los alcances de Garc\u00eda Jim\u00e9nez. T\u00f3mese el \u201calcance\u201d con esta comparaci\u00f3n: el portero que despeja desde su \u00e1rea y el punto donde cae la pelota\u2026 Cuitl\u00e1huac no llega m\u00e1s all\u00e1 de la media luna de su \u00e1rea grande. Hasta este momento y previo a su rendici\u00f3n de protesta, hemos conocido pues, sus limitantes.<\/span><\/p>\n<p dir=\"ltr\"><span data-originalfontsize=\"11pt\" data-originalcomputedfontsize=\"14.666666984558105\">Innecesario, porque si bien ha tomado una serie de decisiones y acciones, que van desde \u00a0la \u00abDeclaratoria de Programa Emergente por Crisis de Violaciones de Derechos Humanos en Materia de Desaparici\u00f3n de Personas en Veracruz\u00bb as\u00ed como la reducci\u00f3n de sueldos (incluido el de \u00e9l\u2026 aunque tal parece que siempre no) y otras medidas de austeridad, la percepci\u00f3n que uno tiene es que ninguna de estas medidas repercute directamente en la vida de todos los veracruzanos, en especial, en su bolsillo o en su seguridad.<\/span><\/p>\n<p dir=\"ltr\"><span data-originalfontsize=\"11pt\" data-originalcomputedfontsize=\"14.666666984558105\">Para muchos, el pretexto ideal para que igual no d\u00e9 un corte de caja de administraci\u00f3n, es porque son pocos 100 d\u00edas para realizar algo\u2026 \u00a1y estamos de acuerdo! \u00a1totalmente de acuerdo! si nos ce\u00f1imos a uno de los puntos citados l\u00edneas arriba: Cuitl\u00e1huac ha dado material en este lapso para tener una idea de hasta d\u00f3nde llegan sus alcances o limitaciones.<\/span><\/p>\n<p dir=\"ltr\"><span data-originalfontsize=\"11pt\" data-originalcomputedfontsize=\"14.666666984558105\">Ah, y para quienes dicen que es poco tiempo 100 d\u00edas para hacer algo, baste recordar que Roosevelt, al enfrentar una crisis que pon\u00eda en riesgo la paz social y econ\u00f3mica de su pa\u00eds, trabaj\u00f3 unido al Congreso para hacer leyes que le dieran control del sistema bancario, aprobaran subsidios para granjeros, poner en marcha obras p\u00fablicas para construir carreteras que generaran desarrollo, y crear un sistema de apoyo a desempleados\u2026 en 100 d\u00edas, en un pa\u00eds, con el apoyo del Congreso, cuya mayor\u00eda le era af\u00edn\u2026<\/span><\/p>\n<p dir=\"ltr\"><span data-originalfontsize=\"11pt\" data-originalcomputedfontsize=\"14.666666984558105\">Ac\u00e1, en Veracruz, en un estado que presume Cuitl\u00e1huac haber recibido en crisis, con mayor\u00eda abrumadora en el Congreso, la percepci\u00f3n que se tiene de su labor en estos cien d\u00edas es la siguiente en tres puntos:<\/span><\/p>\n<p dir=\"ltr\"><span data-originalfontsize=\"11pt\" data-originalcomputedfontsize=\"14.666666984558105\">1) Buscar a como d\u00e9 lugar, sacar al Fiscal General del Estado de su encargo\u2026 no pudo.<\/span><\/p>\n<p dir=\"ltr\"><span data-originalfontsize=\"11pt\" data-originalcomputedfontsize=\"14.666666984558105\">2) Culpar de la inseguridad que (sobre)vive Veracruz, al Fiscal General del Estado\u2026 y<\/span><\/p>\n<p dir=\"ltr\"><span data-originalfontsize=\"11pt\" data-originalcomputedfontsize=\"14.666666984558105\">3) Culpar de la falta de operatividad en distintas dependencias a la administraci\u00f3n anterior.<\/span><\/p>\n<p dir=\"ltr\"><span data-originalfontsize=\"11pt\" data-originalcomputedfontsize=\"14.666666984558105\">Agregue a ello el corte de list\u00f3n en obras municipales, varios batazos de hit, un taco de ojo en pruebas de b\u00e9isbol, generar la marca \u201cSabadaba\u201d y ya.<\/span><\/p>\n<p dir=\"ltr\"><span data-originalfontsize=\"11pt\" data-originalcomputedfontsize=\"14.666666984558105\">Mientras, tenemos un estado inm\u00f3vil, al garete, sin hoja de ruta\u2026 como si se estuviera a la espera del Gobierno federal, y no precisamente de que le suelten recursos, sino de que le den el manual de instrucciones, porque pareciera que no tiene puta idea de qu\u00e9 hacer con Veracruz.<\/span><\/p>\n<p dir=\"ltr\"><span data-originalfontsize=\"11pt\" data-originalcomputedfontsize=\"14.666666984558105\">En descargo de Cuitl\u00e1huac, vale la pena comentar que es producto de la representaci\u00f3n popular que no lo obliga a saber Gobernar aunque \u00e9l diga que se prepar\u00f3 para ello. Sin embargo, tiene la obligaci\u00f3n de al menos rodearse de gente que le saque la chamba y en ello hay tres factores fundamentales a los que a ojo de buen cubero, se pueden calificar: 1) Secretar\u00eda de Gobierno, 2) Secretar\u00eda de Seguridad P\u00fablica y 3) Sefiplan.<\/span><\/p>\n<p dir=\"ltr\"><span data-originalfontsize=\"11pt\" data-originalcomputedfontsize=\"14.666666984558105\">Del 1, creemos que el d\u00eda en que entienda y atienda su responsabilidad, habr\u00e1 avanzado Cuitl\u00e1huac, pero para ello, debe haber un secretario de Gobierno y no un \u201cescort\u201d que a todos lados vaya al lado de Garc\u00eda Jim\u00e9nez.<\/span><\/p>\n<p dir=\"ltr\"><span data-originalfontsize=\"11pt\" data-originalcomputedfontsize=\"14.666666984558105\">Del 2, como en cualquier administraci\u00f3n, ser\u00e1 al que le toque bailar con la m\u00e1s fea, pero si bien la situaci\u00f3n no est\u00e1 para bollos, tampoco para pretextos y repartici\u00f3n de culpas, sino para redoblar esfuerzos.<\/span><\/p>\n<p dir=\"ltr\"><span data-originalfontsize=\"11pt\" data-originalcomputedfontsize=\"14.666666984558105\">Del 3, curiosamente, es el que menos ruido hace pero que en t\u00e9rminos \u201ccontables\u201d, permite a Cuitl\u00e1huac saber que cuenta con \u00e9l, mas no basta que \u00e9ste cumpla y el resto no, incluido el mismo Garc\u00eda Jim\u00e9nez\u2026<\/span><\/p>\n<p dir=\"ltr\"><span data-originalfontsize=\"11pt\" data-originalcomputedfontsize=\"14.666666984558105\">No podemos omitir que Cuitl\u00e1huac es a todas luces un bien intencionado, quiz\u00e1s sea una persona honrada, buena gente y cumpla al pie de la letra los mandatos y dogmas de Morena, pero al menos en estos primeros cien d\u00edas, Gobernador es una palabra que le ha quedado muy grande. Ojal\u00e1, y por todos los veracruzanos, el tiempo diga que estoy equivocado y un d\u00eda, no lejano, Cuitl\u00e1huac decida por fin tomar las riendas del Gobierno.<\/span><\/p>\n<p>&nbsp;<\/p>\n<p dir=\"ltr\"><a href=\"mailto:smcainito@gmail.com\" target=\"_blank\" data-removefontsize=\"true\" data-originalcomputedfontsize=\"14.666666984558105\">smcainito@gmail.com<\/a><\/p>\n","protected":false},"excerpt":{"rendered":"<p>Salvador Mu\u00f1oz Los Pol\u00edticos Hay que ser francos\u2026 el Corte de Caja a los 100 d\u00edas de Gobierno, no es m\u00e1s que una \u201cgringada\u201d que Franklin Delano Roosevelt realiz\u00f3 cuando encontr\u00f3 a un gobierno en crisis y decidi\u00f3 tomar las riendas como mandatario. Exigirle un informe a Cuitl\u00e1huac Garc\u00eda Jim\u00e9nez porque este domingo se cumplen [&hellip;]<\/p>\n","protected":false},"author":2,"featured_media":47216,"comment_status":"open","ping_status":"open","sticky":false,"template":"","format":"standard","meta":{"tdm_status":"","tdm_grid_status":"","footnotes":""},"categories":[70],"tags":[1563,11398,195],"class_list":{"0":"post-47215","1":"post","2":"type-post","3":"status-publish","4":"format-standard","5":"has-post-thumbnail","7":"category-de-opinion","8":"tag-cuitlahuac-garcia-jimenez","9":"tag-franklin-delano-roosvelt","10":"tag-veracruz"},"yoast_head":"<!-- This site is optimized with the Yoast SEO plugin v27.4 - https:\/\/yoast.com\/product\/yoast-seo-wordpress\/ -->\n<title>Los 100 d\u00edas del Cuic - Los pol\u00edticos Veracruz<\/title>\n<meta name=\"robots\" content=\"index, follow, max-snippet:-1, max-image-preview:large, max-video-preview:-1\" \/>\n<link rel=\"canonical\" href=\"https:\/\/lospoliticosveracruz.com\/?p=47215\" \/>\n<meta property=\"og:locale\" content=\"es_ES\" \/>\n<meta property=\"og:type\" content=\"article\" \/>\n<meta property=\"og:title\" content=\"Los 100 d\u00edas del Cuic - Los pol\u00edticos Veracruz\" \/>\n<meta property=\"og:description\" content=\"Salvador Mu\u00f1oz Los Pol\u00edticos Hay que ser francos\u2026 el Corte de Caja a los 100 d\u00edas de Gobierno, no es m\u00e1s que una \u201cgringada\u201d que Franklin Delano Roosevelt realiz\u00f3 cuando encontr\u00f3 a un gobierno en crisis y decidi\u00f3 tomar las riendas como mandatario. Exigirle un informe a Cuitl\u00e1huac Garc\u00eda Jim\u00e9nez porque este domingo se cumplen [&hellip;]\" \/>\n<meta property=\"og:url\" content=\"https:\/\/lospoliticosveracruz.com\/?p=47215\" \/>\n<meta property=\"og:site_name\" content=\"Los pol\u00edticos Veracruz\" \/>\n<meta property=\"article:publisher\" content=\"https:\/\/www.facebook.com\/people\/Notimemes-de-los-Polticos\/61565672886568\/\" \/>\n<meta property=\"article:published_time\" content=\"2019-03-08T05:57:04+00:00\" \/>\n<meta property=\"og:image\" content=\"https:\/\/lospoliticosveracruz.com\/wp-content\/uploads\/2019\/03\/AF0A7E5F-51D3-4E59-9079-BC415BD082B6.png\" \/>\n\t<meta property=\"og:image:width\" content=\"600\" \/>\n\t<meta property=\"og:image:height\" content=\"400\" \/>\n\t<meta property=\"og:image:type\" content=\"image\/png\" \/>\n<meta name=\"author\" content=\"Lo viste en Los Pol\u00edticos\" \/>\n<meta name=\"twitter:card\" content=\"summary_large_image\" \/>\n<meta name=\"twitter:creator\" content=\"@LosPoliticosVer\" \/>\n<meta name=\"twitter:site\" content=\"@LosPoliticosVer\" \/>\n<meta name=\"twitter:label1\" content=\"Escrito por\" \/>\n\t<meta name=\"twitter:data1\" content=\"Lo viste en Los Pol\u00edticos\" \/>\n\t<meta name=\"twitter:label2\" content=\"Tiempo de lectura\" \/>\n\t<meta name=\"twitter:data2\" content=\"4 minutos\" \/>\n<script type=\"application\/ld+json\" class=\"yoast-schema-graph\">{\"@context\":\"https:\\\/\\\/schema.org\",\"@graph\":[{\"@type\":\"Article\",\"@id\":\"https:\\\/\\\/lospoliticosveracruz.com\\\/?p=47215#article\",\"isPartOf\":{\"@id\":\"https:\\\/\\\/lospoliticosveracruz.com\\\/?p=47215\"},\"author\":{\"name\":\"Lo viste en Los Pol\u00edticos\",\"@id\":\"https:\\\/\\\/lospoliticosveracruz.com\\\/#\\\/schema\\\/person\\\/b8702bb0e538456e6efd07080bf2a4a2\"},\"headline\":\"Los 100 d\u00edas del Cuic\",\"datePublished\":\"2019-03-08T05:57:04+00:00\",\"mainEntityOfPage\":{\"@id\":\"https:\\\/\\\/lospoliticosveracruz.com\\\/?p=47215\"},\"wordCount\":859,\"commentCount\":1,\"publisher\":{\"@id\":\"https:\\\/\\\/lospoliticosveracruz.com\\\/#organization\"},\"image\":{\"@id\":\"https:\\\/\\\/lospoliticosveracruz.com\\\/?p=47215#primaryimage\"},\"thumbnailUrl\":\"https:\\\/\\\/lospoliticosveracruz.com\\\/wp-content\\\/uploads\\\/2019\\\/03\\\/AF0A7E5F-51D3-4E59-9079-BC415BD082B6.png\",\"keywords\":[\"Cuitl\u00e1huac Garc\u00eda Jim\u00e9nez\",\"Franklin Delano Roosvelt\",\"Veracruz\"],\"articleSection\":[\"De Opini\u00f3n\"],\"inLanguage\":\"es\",\"potentialAction\":[{\"@type\":\"CommentAction\",\"name\":\"Comment\",\"target\":[\"https:\\\/\\\/lospoliticosveracruz.com\\\/?p=47215#respond\"]}]},{\"@type\":\"WebPage\",\"@id\":\"https:\\\/\\\/lospoliticosveracruz.com\\\/?p=47215\",\"url\":\"https:\\\/\\\/lospoliticosveracruz.com\\\/?p=47215\",\"name\":\"Los 100 d\u00edas del Cuic - Los pol\u00edticos Veracruz\",\"isPartOf\":{\"@id\":\"https:\\\/\\\/lospoliticosveracruz.com\\\/#website\"},\"primaryImageOfPage\":{\"@id\":\"https:\\\/\\\/lospoliticosveracruz.com\\\/?p=47215#primaryimage\"},\"image\":{\"@id\":\"https:\\\/\\\/lospoliticosveracruz.com\\\/?p=47215#primaryimage\"},\"thumbnailUrl\":\"https:\\\/\\\/lospoliticosveracruz.com\\\/wp-content\\\/uploads\\\/2019\\\/03\\\/AF0A7E5F-51D3-4E59-9079-BC415BD082B6.png\",\"datePublished\":\"2019-03-08T05:57:04+00:00\",\"breadcrumb\":{\"@id\":\"https:\\\/\\\/lospoliticosveracruz.com\\\/?p=47215#breadcrumb\"},\"inLanguage\":\"es\",\"potentialAction\":[{\"@type\":\"ReadAction\",\"target\":[\"https:\\\/\\\/lospoliticosveracruz.com\\\/?p=47215\"]}]},{\"@type\":\"ImageObject\",\"inLanguage\":\"es\",\"@id\":\"https:\\\/\\\/lospoliticosveracruz.com\\\/?p=47215#primaryimage\",\"url\":\"https:\\\/\\\/lospoliticosveracruz.com\\\/wp-content\\\/uploads\\\/2019\\\/03\\\/AF0A7E5F-51D3-4E59-9079-BC415BD082B6.png\",\"contentUrl\":\"https:\\\/\\\/lospoliticosveracruz.com\\\/wp-content\\\/uploads\\\/2019\\\/03\\\/AF0A7E5F-51D3-4E59-9079-BC415BD082B6.png\",\"width\":600,\"height\":400},{\"@type\":\"BreadcrumbList\",\"@id\":\"https:\\\/\\\/lospoliticosveracruz.com\\\/?p=47215#breadcrumb\",\"itemListElement\":[{\"@type\":\"ListItem\",\"position\":1,\"name\":\"Portada\",\"item\":\"https:\\\/\\\/lospoliticosveracruz.com\\\/\"},{\"@type\":\"ListItem\",\"position\":2,\"name\":\"Los 100 d\u00edas del Cuic\"}]},{\"@type\":\"WebSite\",\"@id\":\"https:\\\/\\\/lospoliticosveracruz.com\\\/#website\",\"url\":\"https:\\\/\\\/lospoliticosveracruz.com\\\/\",\"name\":\"Los pol\u00edticos Veracruz\",\"description\":\"\",\"publisher\":{\"@id\":\"https:\\\/\\\/lospoliticosveracruz.com\\\/#organization\"},\"potentialAction\":[{\"@type\":\"SearchAction\",\"target\":{\"@type\":\"EntryPoint\",\"urlTemplate\":\"https:\\\/\\\/lospoliticosveracruz.com\\\/?s={search_term_string}\"},\"query-input\":{\"@type\":\"PropertyValueSpecification\",\"valueRequired\":true,\"valueName\":\"search_term_string\"}}],\"inLanguage\":\"es\"},{\"@type\":\"Organization\",\"@id\":\"https:\\\/\\\/lospoliticosveracruz.com\\\/#organization\",\"name\":\"Los pol\u00edticos Veracruz\",\"url\":\"https:\\\/\\\/lospoliticosveracruz.com\\\/\",\"logo\":{\"@type\":\"ImageObject\",\"inLanguage\":\"es\",\"@id\":\"https:\\\/\\\/lospoliticosveracruz.com\\\/#\\\/schema\\\/logo\\\/image\\\/\",\"url\":\"https:\\\/\\\/lospoliticosveracruz.com\\\/wp-content\\\/uploads\\\/2025\\\/12\\\/Logo-Nuevo-LOS-POLITICOS-1.jpg\",\"contentUrl\":\"https:\\\/\\\/lospoliticosveracruz.com\\\/wp-content\\\/uploads\\\/2025\\\/12\\\/Logo-Nuevo-LOS-POLITICOS-1.jpg\",\"width\":260,\"height\":70,\"caption\":\"Los pol\u00edticos Veracruz\"},\"image\":{\"@id\":\"https:\\\/\\\/lospoliticosveracruz.com\\\/#\\\/schema\\\/logo\\\/image\\\/\"},\"sameAs\":[\"https:\\\/\\\/www.facebook.com\\\/people\\\/Notimemes-de-los-Polticos\\\/61565672886568\\\/\",\"https:\\\/\\\/x.com\\\/LosPoliticosVer\"]},{\"@type\":\"Person\",\"@id\":\"https:\\\/\\\/lospoliticosveracruz.com\\\/#\\\/schema\\\/person\\\/b8702bb0e538456e6efd07080bf2a4a2\",\"name\":\"Lo viste en Los Pol\u00edticos\",\"image\":{\"@type\":\"ImageObject\",\"inLanguage\":\"es\",\"@id\":\"https:\\\/\\\/secure.gravatar.com\\\/avatar\\\/3a8de04a2656d44082be478bd6c086daa447c4651605818287b9532d3d0bd435?s=96&d=mm&r=g\",\"url\":\"https:\\\/\\\/secure.gravatar.com\\\/avatar\\\/3a8de04a2656d44082be478bd6c086daa447c4651605818287b9532d3d0bd435?s=96&d=mm&r=g\",\"contentUrl\":\"https:\\\/\\\/secure.gravatar.com\\\/avatar\\\/3a8de04a2656d44082be478bd6c086daa447c4651605818287b9532d3d0bd435?s=96&d=mm&r=g\",\"caption\":\"Lo viste en Los Pol\u00edticos\"},\"url\":\"https:\\\/\\\/lospoliticosveracruz.com\\\/?author=2\"}]}<\/script>\n<!-- \/ Yoast SEO plugin. -->","yoast_head_json":{"title":"Los 100 d\u00edas del Cuic - Los pol\u00edticos Veracruz","robots":{"index":"index","follow":"follow","max-snippet":"max-snippet:-1","max-image-preview":"max-image-preview:large","max-video-preview":"max-video-preview:-1"},"canonical":"https:\/\/lospoliticosveracruz.com\/?p=47215","og_locale":"es_ES","og_type":"article","og_title":"Los 100 d\u00edas del Cuic - Los pol\u00edticos Veracruz","og_description":"Salvador Mu\u00f1oz Los Pol\u00edticos Hay que ser francos\u2026 el Corte de Caja a los 100 d\u00edas de Gobierno, no es m\u00e1s que una \u201cgringada\u201d que Franklin Delano Roosevelt realiz\u00f3 cuando encontr\u00f3 a un gobierno en crisis y decidi\u00f3 tomar las riendas como mandatario. Exigirle un informe a Cuitl\u00e1huac Garc\u00eda Jim\u00e9nez porque este domingo se cumplen [&hellip;]","og_url":"https:\/\/lospoliticosveracruz.com\/?p=47215","og_site_name":"Los pol\u00edticos Veracruz","article_publisher":"https:\/\/www.facebook.com\/people\/Notimemes-de-los-Polticos\/61565672886568\/","article_published_time":"2019-03-08T05:57:04+00:00","og_image":[{"width":600,"height":400,"url":"https:\/\/lospoliticosveracruz.com\/wp-content\/uploads\/2019\/03\/AF0A7E5F-51D3-4E59-9079-BC415BD082B6.png","type":"image\/png"}],"author":"Lo viste en Los Pol\u00edticos","twitter_card":"summary_large_image","twitter_creator":"@LosPoliticosVer","twitter_site":"@LosPoliticosVer","twitter_misc":{"Escrito por":"Lo viste en Los Pol\u00edticos","Tiempo de lectura":"4 minutos"},"schema":{"@context":"https:\/\/schema.org","@graph":[{"@type":"Article","@id":"https:\/\/lospoliticosveracruz.com\/?p=47215#article","isPartOf":{"@id":"https:\/\/lospoliticosveracruz.com\/?p=47215"},"author":{"name":"Lo viste en Los Pol\u00edticos","@id":"https:\/\/lospoliticosveracruz.com\/#\/schema\/person\/b8702bb0e538456e6efd07080bf2a4a2"},"headline":"Los 100 d\u00edas del Cuic","datePublished":"2019-03-08T05:57:04+00:00","mainEntityOfPage":{"@id":"https:\/\/lospoliticosveracruz.com\/?p=47215"},"wordCount":859,"commentCount":1,"publisher":{"@id":"https:\/\/lospoliticosveracruz.com\/#organization"},"image":{"@id":"https:\/\/lospoliticosveracruz.com\/?p=47215#primaryimage"},"thumbnailUrl":"https:\/\/lospoliticosveracruz.com\/wp-content\/uploads\/2019\/03\/AF0A7E5F-51D3-4E59-9079-BC415BD082B6.png","keywords":["Cuitl\u00e1huac Garc\u00eda Jim\u00e9nez","Franklin Delano Roosvelt","Veracruz"],"articleSection":["De Opini\u00f3n"],"inLanguage":"es","potentialAction":[{"@type":"CommentAction","name":"Comment","target":["https:\/\/lospoliticosveracruz.com\/?p=47215#respond"]}]},{"@type":"WebPage","@id":"https:\/\/lospoliticosveracruz.com\/?p=47215","url":"https:\/\/lospoliticosveracruz.com\/?p=47215","name":"Los 100 d\u00edas del Cuic - Los pol\u00edticos Veracruz","isPartOf":{"@id":"https:\/\/lospoliticosveracruz.com\/#website"},"primaryImageOfPage":{"@id":"https:\/\/lospoliticosveracruz.com\/?p=47215#primaryimage"},"image":{"@id":"https:\/\/lospoliticosveracruz.com\/?p=47215#primaryimage"},"thumbnailUrl":"https:\/\/lospoliticosveracruz.com\/wp-content\/uploads\/2019\/03\/AF0A7E5F-51D3-4E59-9079-BC415BD082B6.png","datePublished":"2019-03-08T05:57:04+00:00","breadcrumb":{"@id":"https:\/\/lospoliticosveracruz.com\/?p=47215#breadcrumb"},"inLanguage":"es","potentialAction":[{"@type":"ReadAction","target":["https:\/\/lospoliticosveracruz.com\/?p=47215"]}]},{"@type":"ImageObject","inLanguage":"es","@id":"https:\/\/lospoliticosveracruz.com\/?p=47215#primaryimage","url":"https:\/\/lospoliticosveracruz.com\/wp-content\/uploads\/2019\/03\/AF0A7E5F-51D3-4E59-9079-BC415BD082B6.png","contentUrl":"https:\/\/lospoliticosveracruz.com\/wp-content\/uploads\/2019\/03\/AF0A7E5F-51D3-4E59-9079-BC415BD082B6.png","width":600,"height":400},{"@type":"BreadcrumbList","@id":"https:\/\/lospoliticosveracruz.com\/?p=47215#breadcrumb","itemListElement":[{"@type":"ListItem","position":1,"name":"Portada","item":"https:\/\/lospoliticosveracruz.com\/"},{"@type":"ListItem","position":2,"name":"Los 100 d\u00edas del Cuic"}]},{"@type":"WebSite","@id":"https:\/\/lospoliticosveracruz.com\/#website","url":"https:\/\/lospoliticosveracruz.com\/","name":"Los pol\u00edticos Veracruz","description":"","publisher":{"@id":"https:\/\/lospoliticosveracruz.com\/#organization"},"potentialAction":[{"@type":"SearchAction","target":{"@type":"EntryPoint","urlTemplate":"https:\/\/lospoliticosveracruz.com\/?s={search_term_string}"},"query-input":{"@type":"PropertyValueSpecification","valueRequired":true,"valueName":"search_term_string"}}],"inLanguage":"es"},{"@type":"Organization","@id":"https:\/\/lospoliticosveracruz.com\/#organization","name":"Los pol\u00edticos Veracruz","url":"https:\/\/lospoliticosveracruz.com\/","logo":{"@type":"ImageObject","inLanguage":"es","@id":"https:\/\/lospoliticosveracruz.com\/#\/schema\/logo\/image\/","url":"https:\/\/lospoliticosveracruz.com\/wp-content\/uploads\/2025\/12\/Logo-Nuevo-LOS-POLITICOS-1.jpg","contentUrl":"https:\/\/lospoliticosveracruz.com\/wp-content\/uploads\/2025\/12\/Logo-Nuevo-LOS-POLITICOS-1.jpg","width":260,"height":70,"caption":"Los pol\u00edticos Veracruz"},"image":{"@id":"https:\/\/lospoliticosveracruz.com\/#\/schema\/logo\/image\/"},"sameAs":["https:\/\/www.facebook.com\/people\/Notimemes-de-los-Polticos\/61565672886568\/","https:\/\/x.com\/LosPoliticosVer"]},{"@type":"Person","@id":"https:\/\/lospoliticosveracruz.com\/#\/schema\/person\/b8702bb0e538456e6efd07080bf2a4a2","name":"Lo viste en Los Pol\u00edticos","image":{"@type":"ImageObject","inLanguage":"es","@id":"https:\/\/secure.gravatar.com\/avatar\/3a8de04a2656d44082be478bd6c086daa447c4651605818287b9532d3d0bd435?s=96&d=mm&r=g","url":"https:\/\/secure.gravatar.com\/avatar\/3a8de04a2656d44082be478bd6c086daa447c4651605818287b9532d3d0bd435?s=96&d=mm&r=g","contentUrl":"https:\/\/secure.gravatar.com\/avatar\/3a8de04a2656d44082be478bd6c086daa447c4651605818287b9532d3d0bd435?s=96&d=mm&r=g","caption":"Lo viste en Los Pol\u00edticos"},"url":"https:\/\/lospoliticosveracruz.com\/?author=2"}]}},"_links":{"self":[{"href":"https:\/\/lospoliticosveracruz.com\/index.php?rest_route=\/wp\/v2\/posts\/47215","targetHints":{"allow":["GET"]}}],"collection":[{"href":"https:\/\/lospoliticosveracruz.com\/index.php?rest_route=\/wp\/v2\/posts"}],"about":[{"href":"https:\/\/lospoliticosveracruz.com\/index.php?rest_route=\/wp\/v2\/types\/post"}],"author":[{"embeddable":true,"href":"https:\/\/lospoliticosveracruz.com\/index.php?rest_route=\/wp\/v2\/users\/2"}],"replies":[{"embeddable":true,"href":"https:\/\/lospoliticosveracruz.com\/index.php?rest_route=%2Fwp%2Fv2%2Fcomments&post=47215"}],"version-history":[{"count":1,"href":"https:\/\/lospoliticosveracruz.com\/index.php?rest_route=\/wp\/v2\/posts\/47215\/revisions"}],"predecessor-version":[{"id":47217,"href":"https:\/\/lospoliticosveracruz.com\/index.php?rest_route=\/wp\/v2\/posts\/47215\/revisions\/47217"}],"wp:featuredmedia":[{"embeddable":true,"href":"https:\/\/lospoliticosveracruz.com\/index.php?rest_route=\/wp\/v2\/media\/47216"}],"wp:attachment":[{"href":"https:\/\/lospoliticosveracruz.com\/index.php?rest_route=%2Fwp%2Fv2%2Fmedia&parent=47215"}],"wp:term":[{"taxonomy":"category","embeddable":true,"href":"https:\/\/lospoliticosveracruz.com\/index.php?rest_route=%2Fwp%2Fv2%2Fcategories&post=47215"},{"taxonomy":"post_tag","embeddable":true,"href":"https:\/\/lospoliticosveracruz.com\/index.php?rest_route=%2Fwp%2Fv2%2Ftags&post=47215"}],"curies":[{"name":"wp","href":"https:\/\/api.w.org\/{rel}","templated":true}]}}