{"id":47224,"date":"2019-03-08T07:35:39","date_gmt":"2019-03-08T13:35:39","guid":{"rendered":"http:\/\/www.lospoliticosveracruz.com.mx\/?p=47224"},"modified":"2019-03-08T07:36:04","modified_gmt":"2019-03-08T13:36:04","slug":"la-batalla-por-la-igualdad-de-genero","status":"publish","type":"post","link":"https:\/\/lospoliticosveracruz.com\/?p=47224","title":{"rendered":"La batalla por la igualdad de g\u00e9nero"},"content":{"rendered":"<p><strong><span lang=\"ES\">Emilio C\u00e1rdenas Escobosa<\/span><\/strong><\/p>\n<p><em>De Inter\u00e9s P\u00fablico<\/em><\/p>\n<p style=\"text-align: right;\"><i><span lang=\"ES\">Para las Yuris, Frida y Valentina, con amor<\/span><\/i><\/p>\n<p><span lang=\"ES\">Cada 8 de marzo, D\u00eda Internacional de la Mujer, abundan los homenajes y eventos, serios unos, con an\u00e1lisis real de lo que falta por hacer en la materia, chabacanos otros, armados al vapor y para hacerse presentes pol\u00edticos y aspirantes a serlo; adem\u00e1s, claro est\u00e1, del consabido compartir de letreritos y mensajes en redes sociales alusivos a ellas, que m\u00e1s parecen inspirados en el D\u00eda del Amor y la Amistad.<\/span><\/p>\n<p><span lang=\"ES\">Con todo, vale la pena detenerse en la efem\u00e9ride y tratar de recuperar su significado.<\/span><\/p>\n<p><span lang=\"ES\">De lo que se trata en todo caso es de reforzar un conjunto de ideas y prop\u00f3sitos que deben marcar el d\u00eda a d\u00eda de las relaciones sociales, de nuestra cotidianeidad, lo mismo en la casa que en los espacios p\u00fablicos: abrazar la causa de las mujeres y sus reivindicaciones individuales y colectivas para hacer de la equidad e igualdad de g\u00e9nero una realidad en nuestras sociedades.<\/span><\/p>\n<p><span lang=\"ES\">Debe reconocerse que la lucha que han dado las mujeres en el \u00e1mbito p\u00fablico y privado para hacer o\u00edr su voz y conquistar espacios, y que les ha costado sangre, sudor y l\u00e1grimas, ha sido important\u00edsima y ha permitido una cosecha de avances y cambios legales y pol\u00edticos impensables hasta hace unas d\u00e9cadas. El feminismo como corriente transformadora ha tenido sin duda grandes \u00e9xitos.<\/span><\/p>\n<p><span lang=\"ES\">No obstante, el camino para seguir avanzando es arduo y precisa de grandes cambios en la visi\u00f3n masculina del significado y objetivos de esta lucha y de superar prejuicios y ataduras mentales de los hombres.<\/span><\/p>\n<p><span lang=\"ES\">\u00bfPorqu\u00e9 nos cuesta tanto trabajo hacerlo?<\/span><\/p>\n<p><span lang=\"ES\">Se ha dicho que las resistencias que obstaculizan la construcci\u00f3n social de la equidad de g\u00e9nero como principio organizador de la democracia obedecen a varios factores, entre ellos, la inercia de sistemas de valores y de conocimiento construidos por y para los hombres, el rechazo del personal masculino a la competencia femenina en sus espacios p\u00fablicos y privados, y, en gran medida, la resistencia de los hombres a aceptar que la irrupci\u00f3n de la\u00a0 mujer en la vida p\u00fablica cuestiona en buena medida los contenidos atribuidos a la masculinidad y las pr\u00e1cticas sociales que se le asocian: el poder del jefe de familia, la fortaleza, inteligencia, audacia y sagacidad del hombre, el esp\u00edritu de competencia, entre muchos etc\u00e9teras que ser\u00eda prolijo referir.<\/span><\/p>\n<p><span lang=\"ES\">Al ser una cuesti\u00f3n fundamentalmente cultural, la b\u00fasqueda de la equidad de g\u00e9nero choca con las visiones y prejuicios de los sectores dominantes, de los grupos de poder y con nuestras propias ataduras mentales. V\u00e9ase si no, por citar algunos ejemplos, \u00a0c\u00f3mo los medios de comunicaci\u00f3n y <u><\/u>la Iglesia<u><\/u> en sus mensajes y discursos reproducen invariablemente los estereotipos de desigualdad contra la mujer. Sea la utilizaci\u00f3n de ellas como objetos sexuales y decorativos o los llamados a rechazar su libre determinaci\u00f3n reproductiva. Las mujeres, seg\u00fan estos c\u00e1nones, adem\u00e1s de incorporarse al mercado laboral, deben hacerse cargo del hogar y del cuidado de los hijos, vestidas a la moda y embellecidas para sus parejas, para cumplir con lo que pareciera su \u00abobligaci\u00f3n biol\u00f3gica\u00bb.<\/span><\/p>\n<p><span lang=\"ES\">Mientras, los datos duros y la estad\u00edstica nos muestran la cotidianeidad de la violencia contra la mujeres, ya sea f\u00edsica, sicol\u00f3gica o emocional; ello sin dejar de mencionar el alarmante n\u00famero de cr\u00edmenes que han vuelto concepto de moda el de los feminicidios. Abundan los secuestros, asesinatos, desapariciones y ejecuciones de mujeres que nutren la nota policiaca en nuestro pa\u00eds, donde la impunidad ha sido, Veracruz incluido y de manera alarmante, el denominador com\u00fan en estos hechos.<\/span><\/p>\n<p><span lang=\"ES\">Vivimos en una sociedad en la que sin mayor preocupaci\u00f3n los hombres se creen con la potestad de acceder sexualmente a las mujeres, en el \u00e1mbito privado o en el espacio p\u00fablico, puesto que es una expectativa social normativa el reafirmar de esa forma nuestra masculinidad, con los consabidos resultados de abuso, violencia y dominaci\u00f3n que conlleva esa arraigada visi\u00f3n del rol que debemos jugar.<\/span><\/p>\n<p><span lang=\"ES\">El reto que enfrentamos para lograr la equidad de g\u00e9nero en nuestra sociedad es por tanto enorme. Se requieren grandes transformaciones culturales que no limiten nunca m\u00e1s el papel de la mujer en las esferas social, econ\u00f3mica, pol\u00edtica y familiar. <\/span><\/p>\n<p><span lang=\"ES\">Hoy, es claro que ninguna sociedad puede considerarse genuinamente plena, si no respeta el compromiso de la inclusi\u00f3n plena de la mujer en todos los aspectos de la vida nacional.<\/span><\/p>\n<p><span lang=\"ES\">La lucha pol\u00edtica de las mujeres es una lucha cotidiana, que exige de las instituciones p\u00fablicas, los partidos pol\u00edticos y de todas las organizaciones y sectores, un gran compromiso para contribuir a hacer realidad los cambios legales de los a\u00f1os recientes que posibiliten construir una nueva din\u00e1mica de relaciones sociales y culturales.\u00a0<\/span><\/p>\n<p><span lang=\"ES\">No basta s\u00f3lo con la creaci\u00f3n de instituciones u organismos p\u00fablicos para las mujeres, con crear unidades de g\u00e9nero en las dependencias p\u00fablicas, con mandar mensajes de felicitaci\u00f3n en las redes sociales o poner mo\u00f1itos naranjas cada d\u00eda 25 de mes para tomarse fotos alusivas al D\u00eda de la No Violencia contra las Mujeres, ni con asignarles determinadas cuotas al interior de los partidos pol\u00edticos o encumbrar, para presumir equidad en un gobierno y ser \u201cpol\u00edticamente correctos\u201d, a algunas afortunadas en puestos p\u00fablicos que al final terminan muchas veces por reproducir la desigualdad con sus cong\u00e9neres-, como se va a avanzar de verdad en esta materia.<\/span><\/p>\n<p><span lang=\"ES\">Como no ayudan tampoco los radicalismos ni las discusiones bizantinas sobre el \u201clenguaje inclusivo y no sexista\u201d que ri\u00f1e con la gram\u00e1tica y la sintaxis, ni los discursos falaces y agresivos sobre el \u201cempoderamiento\u201d de las mujeres, por m\u00e1s radicales que sean, como se va a transitar m\u00e1s r\u00e1pido en este sinuoso camino.<\/span><\/p>\n<p><span lang=\"ES\">Comprometerse en la lucha por la equidad de g\u00e9nero es tarea de hombres y mujeres. Sin visiones sectarias y dejando a un lado los prejuicios.<\/span><\/p>\n<p><span lang=\"ES\">Hacerlo as\u00ed, con la suma de voluntades para cambiar los roles que nos atan ser\u00e1 posible superar los estereotipos, suprimir cualquier acto discriminatorio, combatir el acoso sexual y el abuso de poder, redistribuir equitativamente las actividades entre los sexos en los \u00e1mbitos p\u00fablico y privado, y valorar con justicia los distintos trabajos que realizan hombres y mujeres.<\/span><\/p>\n<p><span lang=\"ES\">Se trata en suma de pugnar juntos para modificar las estructuras sociales, los mecanismos, reglas, pr\u00e1cticas y valores que reproducen la desigualdad.<\/span><\/p>\n<p><span lang=\"ES\">La meta es, sin m\u00e1s, fortalecer el poder de gesti\u00f3n y decisi\u00f3n de las mujeres porque debemos tener claro que la igualdad de g\u00e9nero es un factor esencial para la modernidad de nuestra sociedad y para consolidar su desarrollo democr\u00e1tico.<\/span><\/p>\n<p><span lang=\"ES\">Solo con ellas lo alcanzaremos.<\/span><\/p>\n<p align=\"right\"><i><span lang=\"ES\"><a href=\"mailto:jecesco@hotmail.com\" target=\"_blank\">jecesco@hotmail.com<\/a><\/span><\/i><\/p>\n<p align=\"right\"><i><span lang=\"ES\"><a href=\"http:\/\/www.deinterespublico.com\/\" target=\"_blank\" data-saferedirecturl=\"https:\/\/www.google.com\/url?q=http:\/\/www.deinterespublico.com&amp;source=gmail&amp;ust=1552137627414000&amp;usg=AFQjCNH7ZDm-2eEPgRldixV_AHUxzFWuIw\">www.deinterespublico.com<\/a><\/span><\/i><\/p>\n","protected":false},"excerpt":{"rendered":"<p>Emilio C\u00e1rdenas Escobosa De Inter\u00e9s P\u00fablico Para las Yuris, Frida y Valentina, con amor Cada 8 de marzo, D\u00eda Internacional de la Mujer, abundan los homenajes y eventos, serios unos, con an\u00e1lisis real de lo que falta por hacer en la materia, chabacanos otros, armados al vapor y para hacerse presentes pol\u00edticos y aspirantes a [&hellip;]<\/p>\n","protected":false},"author":2,"featured_media":47225,"comment_status":"open","ping_status":"open","sticky":false,"template":"","format":"standard","meta":{"tdm_status":"","tdm_grid_status":"","footnotes":""},"categories":[70],"tags":[4995,1432],"class_list":{"0":"post-47224","1":"post","2":"type-post","3":"status-publish","4":"format-standard","5":"has-post-thumbnail","7":"category-de-opinion","8":"tag-dia-internacional-de-la-mujer","9":"tag-emilio-cardenas-escobosa"},"yoast_head":"<!-- This site is optimized with the Yoast SEO plugin v27.4 - https:\/\/yoast.com\/product\/yoast-seo-wordpress\/ -->\n<title>La batalla por la igualdad de g\u00e9nero - Los pol\u00edticos Veracruz<\/title>\n<meta name=\"robots\" content=\"index, follow, max-snippet:-1, max-image-preview:large, max-video-preview:-1\" \/>\n<link rel=\"canonical\" href=\"https:\/\/lospoliticosveracruz.com\/?p=47224\" \/>\n<meta property=\"og:locale\" content=\"es_ES\" \/>\n<meta property=\"og:type\" content=\"article\" \/>\n<meta property=\"og:title\" content=\"La batalla por la igualdad de g\u00e9nero - Los pol\u00edticos Veracruz\" \/>\n<meta property=\"og:description\" content=\"Emilio C\u00e1rdenas Escobosa De Inter\u00e9s P\u00fablico Para las Yuris, Frida y Valentina, con amor Cada 8 de marzo, D\u00eda Internacional de la Mujer, abundan los homenajes y eventos, serios unos, con an\u00e1lisis real de lo que falta por hacer en la materia, chabacanos otros, armados al vapor y para hacerse presentes pol\u00edticos y aspirantes a [&hellip;]\" \/>\n<meta property=\"og:url\" content=\"https:\/\/lospoliticosveracruz.com\/?p=47224\" \/>\n<meta property=\"og:site_name\" content=\"Los pol\u00edticos Veracruz\" \/>\n<meta property=\"article:publisher\" content=\"https:\/\/www.facebook.com\/people\/Notimemes-de-los-Polticos\/61565672886568\/\" \/>\n<meta property=\"article:published_time\" content=\"2019-03-08T13:35:39+00:00\" \/>\n<meta property=\"article:modified_time\" content=\"2019-03-08T13:36:04+00:00\" \/>\n<meta property=\"og:image\" content=\"https:\/\/lospoliticosveracruz.com\/wp-content\/uploads\/2019\/03\/Dia-de-la-Mujer.jpg\" \/>\n\t<meta property=\"og:image:width\" content=\"600\" \/>\n\t<meta property=\"og:image:height\" content=\"337\" \/>\n\t<meta property=\"og:image:type\" content=\"image\/jpeg\" \/>\n<meta name=\"author\" content=\"Lo viste en Los Pol\u00edticos\" \/>\n<meta name=\"twitter:card\" content=\"summary_large_image\" \/>\n<meta name=\"twitter:creator\" content=\"@LosPoliticosVer\" \/>\n<meta name=\"twitter:site\" content=\"@LosPoliticosVer\" \/>\n<meta name=\"twitter:label1\" content=\"Escrito por\" \/>\n\t<meta name=\"twitter:data1\" content=\"Lo viste en Los Pol\u00edticos\" \/>\n\t<meta name=\"twitter:label2\" content=\"Tiempo de lectura\" \/>\n\t<meta name=\"twitter:data2\" content=\"6 minutos\" \/>\n<script type=\"application\/ld+json\" class=\"yoast-schema-graph\">{\"@context\":\"https:\\\/\\\/schema.org\",\"@graph\":[{\"@type\":\"Article\",\"@id\":\"https:\\\/\\\/lospoliticosveracruz.com\\\/?p=47224#article\",\"isPartOf\":{\"@id\":\"https:\\\/\\\/lospoliticosveracruz.com\\\/?p=47224\"},\"author\":{\"name\":\"Lo viste en Los Pol\u00edticos\",\"@id\":\"https:\\\/\\\/lospoliticosveracruz.com\\\/#\\\/schema\\\/person\\\/b8702bb0e538456e6efd07080bf2a4a2\"},\"headline\":\"La batalla por la igualdad de g\u00e9nero\",\"datePublished\":\"2019-03-08T13:35:39+00:00\",\"dateModified\":\"2019-03-08T13:36:04+00:00\",\"mainEntityOfPage\":{\"@id\":\"https:\\\/\\\/lospoliticosveracruz.com\\\/?p=47224\"},\"wordCount\":1190,\"commentCount\":0,\"publisher\":{\"@id\":\"https:\\\/\\\/lospoliticosveracruz.com\\\/#organization\"},\"image\":{\"@id\":\"https:\\\/\\\/lospoliticosveracruz.com\\\/?p=47224#primaryimage\"},\"thumbnailUrl\":\"https:\\\/\\\/lospoliticosveracruz.com\\\/wp-content\\\/uploads\\\/2019\\\/03\\\/Dia-de-la-Mujer.jpg\",\"keywords\":[\"D\u00eda Internacional de la Mujer\",\"Emilio C\u00e1rdenas Escobosa\"],\"articleSection\":[\"De Opini\u00f3n\"],\"inLanguage\":\"es\",\"potentialAction\":[{\"@type\":\"CommentAction\",\"name\":\"Comment\",\"target\":[\"https:\\\/\\\/lospoliticosveracruz.com\\\/?p=47224#respond\"]}]},{\"@type\":\"WebPage\",\"@id\":\"https:\\\/\\\/lospoliticosveracruz.com\\\/?p=47224\",\"url\":\"https:\\\/\\\/lospoliticosveracruz.com\\\/?p=47224\",\"name\":\"La batalla por la igualdad de g\u00e9nero - Los pol\u00edticos Veracruz\",\"isPartOf\":{\"@id\":\"https:\\\/\\\/lospoliticosveracruz.com\\\/#website\"},\"primaryImageOfPage\":{\"@id\":\"https:\\\/\\\/lospoliticosveracruz.com\\\/?p=47224#primaryimage\"},\"image\":{\"@id\":\"https:\\\/\\\/lospoliticosveracruz.com\\\/?p=47224#primaryimage\"},\"thumbnailUrl\":\"https:\\\/\\\/lospoliticosveracruz.com\\\/wp-content\\\/uploads\\\/2019\\\/03\\\/Dia-de-la-Mujer.jpg\",\"datePublished\":\"2019-03-08T13:35:39+00:00\",\"dateModified\":\"2019-03-08T13:36:04+00:00\",\"breadcrumb\":{\"@id\":\"https:\\\/\\\/lospoliticosveracruz.com\\\/?p=47224#breadcrumb\"},\"inLanguage\":\"es\",\"potentialAction\":[{\"@type\":\"ReadAction\",\"target\":[\"https:\\\/\\\/lospoliticosveracruz.com\\\/?p=47224\"]}]},{\"@type\":\"ImageObject\",\"inLanguage\":\"es\",\"@id\":\"https:\\\/\\\/lospoliticosveracruz.com\\\/?p=47224#primaryimage\",\"url\":\"https:\\\/\\\/lospoliticosveracruz.com\\\/wp-content\\\/uploads\\\/2019\\\/03\\\/Dia-de-la-Mujer.jpg\",\"contentUrl\":\"https:\\\/\\\/lospoliticosveracruz.com\\\/wp-content\\\/uploads\\\/2019\\\/03\\\/Dia-de-la-Mujer.jpg\",\"width\":600,\"height\":337},{\"@type\":\"BreadcrumbList\",\"@id\":\"https:\\\/\\\/lospoliticosveracruz.com\\\/?p=47224#breadcrumb\",\"itemListElement\":[{\"@type\":\"ListItem\",\"position\":1,\"name\":\"Portada\",\"item\":\"https:\\\/\\\/lospoliticosveracruz.com\\\/\"},{\"@type\":\"ListItem\",\"position\":2,\"name\":\"La batalla por la igualdad de g\u00e9nero\"}]},{\"@type\":\"WebSite\",\"@id\":\"https:\\\/\\\/lospoliticosveracruz.com\\\/#website\",\"url\":\"https:\\\/\\\/lospoliticosveracruz.com\\\/\",\"name\":\"Los pol\u00edticos Veracruz\",\"description\":\"\",\"publisher\":{\"@id\":\"https:\\\/\\\/lospoliticosveracruz.com\\\/#organization\"},\"potentialAction\":[{\"@type\":\"SearchAction\",\"target\":{\"@type\":\"EntryPoint\",\"urlTemplate\":\"https:\\\/\\\/lospoliticosveracruz.com\\\/?s={search_term_string}\"},\"query-input\":{\"@type\":\"PropertyValueSpecification\",\"valueRequired\":true,\"valueName\":\"search_term_string\"}}],\"inLanguage\":\"es\"},{\"@type\":\"Organization\",\"@id\":\"https:\\\/\\\/lospoliticosveracruz.com\\\/#organization\",\"name\":\"Los pol\u00edticos Veracruz\",\"url\":\"https:\\\/\\\/lospoliticosveracruz.com\\\/\",\"logo\":{\"@type\":\"ImageObject\",\"inLanguage\":\"es\",\"@id\":\"https:\\\/\\\/lospoliticosveracruz.com\\\/#\\\/schema\\\/logo\\\/image\\\/\",\"url\":\"https:\\\/\\\/lospoliticosveracruz.com\\\/wp-content\\\/uploads\\\/2025\\\/12\\\/Logo-Nuevo-LOS-POLITICOS-1.jpg\",\"contentUrl\":\"https:\\\/\\\/lospoliticosveracruz.com\\\/wp-content\\\/uploads\\\/2025\\\/12\\\/Logo-Nuevo-LOS-POLITICOS-1.jpg\",\"width\":260,\"height\":70,\"caption\":\"Los pol\u00edticos Veracruz\"},\"image\":{\"@id\":\"https:\\\/\\\/lospoliticosveracruz.com\\\/#\\\/schema\\\/logo\\\/image\\\/\"},\"sameAs\":[\"https:\\\/\\\/www.facebook.com\\\/people\\\/Notimemes-de-los-Polticos\\\/61565672886568\\\/\",\"https:\\\/\\\/x.com\\\/LosPoliticosVer\"]},{\"@type\":\"Person\",\"@id\":\"https:\\\/\\\/lospoliticosveracruz.com\\\/#\\\/schema\\\/person\\\/b8702bb0e538456e6efd07080bf2a4a2\",\"name\":\"Lo viste en Los Pol\u00edticos\",\"image\":{\"@type\":\"ImageObject\",\"inLanguage\":\"es\",\"@id\":\"https:\\\/\\\/secure.gravatar.com\\\/avatar\\\/3a8de04a2656d44082be478bd6c086daa447c4651605818287b9532d3d0bd435?s=96&d=mm&r=g\",\"url\":\"https:\\\/\\\/secure.gravatar.com\\\/avatar\\\/3a8de04a2656d44082be478bd6c086daa447c4651605818287b9532d3d0bd435?s=96&d=mm&r=g\",\"contentUrl\":\"https:\\\/\\\/secure.gravatar.com\\\/avatar\\\/3a8de04a2656d44082be478bd6c086daa447c4651605818287b9532d3d0bd435?s=96&d=mm&r=g\",\"caption\":\"Lo viste en Los Pol\u00edticos\"},\"url\":\"https:\\\/\\\/lospoliticosveracruz.com\\\/?author=2\"}]}<\/script>\n<!-- \/ Yoast SEO plugin. -->","yoast_head_json":{"title":"La batalla por la igualdad de g\u00e9nero - Los pol\u00edticos Veracruz","robots":{"index":"index","follow":"follow","max-snippet":"max-snippet:-1","max-image-preview":"max-image-preview:large","max-video-preview":"max-video-preview:-1"},"canonical":"https:\/\/lospoliticosveracruz.com\/?p=47224","og_locale":"es_ES","og_type":"article","og_title":"La batalla por la igualdad de g\u00e9nero - Los pol\u00edticos Veracruz","og_description":"Emilio C\u00e1rdenas Escobosa De Inter\u00e9s P\u00fablico Para las Yuris, Frida y Valentina, con amor Cada 8 de marzo, D\u00eda Internacional de la Mujer, abundan los homenajes y eventos, serios unos, con an\u00e1lisis real de lo que falta por hacer en la materia, chabacanos otros, armados al vapor y para hacerse presentes pol\u00edticos y aspirantes a [&hellip;]","og_url":"https:\/\/lospoliticosveracruz.com\/?p=47224","og_site_name":"Los pol\u00edticos Veracruz","article_publisher":"https:\/\/www.facebook.com\/people\/Notimemes-de-los-Polticos\/61565672886568\/","article_published_time":"2019-03-08T13:35:39+00:00","article_modified_time":"2019-03-08T13:36:04+00:00","og_image":[{"width":600,"height":337,"url":"https:\/\/lospoliticosveracruz.com\/wp-content\/uploads\/2019\/03\/Dia-de-la-Mujer.jpg","type":"image\/jpeg"}],"author":"Lo viste en Los Pol\u00edticos","twitter_card":"summary_large_image","twitter_creator":"@LosPoliticosVer","twitter_site":"@LosPoliticosVer","twitter_misc":{"Escrito por":"Lo viste en Los Pol\u00edticos","Tiempo de lectura":"6 minutos"},"schema":{"@context":"https:\/\/schema.org","@graph":[{"@type":"Article","@id":"https:\/\/lospoliticosveracruz.com\/?p=47224#article","isPartOf":{"@id":"https:\/\/lospoliticosveracruz.com\/?p=47224"},"author":{"name":"Lo viste en Los Pol\u00edticos","@id":"https:\/\/lospoliticosveracruz.com\/#\/schema\/person\/b8702bb0e538456e6efd07080bf2a4a2"},"headline":"La batalla por la igualdad de g\u00e9nero","datePublished":"2019-03-08T13:35:39+00:00","dateModified":"2019-03-08T13:36:04+00:00","mainEntityOfPage":{"@id":"https:\/\/lospoliticosveracruz.com\/?p=47224"},"wordCount":1190,"commentCount":0,"publisher":{"@id":"https:\/\/lospoliticosveracruz.com\/#organization"},"image":{"@id":"https:\/\/lospoliticosveracruz.com\/?p=47224#primaryimage"},"thumbnailUrl":"https:\/\/lospoliticosveracruz.com\/wp-content\/uploads\/2019\/03\/Dia-de-la-Mujer.jpg","keywords":["D\u00eda Internacional de la Mujer","Emilio C\u00e1rdenas Escobosa"],"articleSection":["De Opini\u00f3n"],"inLanguage":"es","potentialAction":[{"@type":"CommentAction","name":"Comment","target":["https:\/\/lospoliticosveracruz.com\/?p=47224#respond"]}]},{"@type":"WebPage","@id":"https:\/\/lospoliticosveracruz.com\/?p=47224","url":"https:\/\/lospoliticosveracruz.com\/?p=47224","name":"La batalla por la igualdad de g\u00e9nero - Los pol\u00edticos Veracruz","isPartOf":{"@id":"https:\/\/lospoliticosveracruz.com\/#website"},"primaryImageOfPage":{"@id":"https:\/\/lospoliticosveracruz.com\/?p=47224#primaryimage"},"image":{"@id":"https:\/\/lospoliticosveracruz.com\/?p=47224#primaryimage"},"thumbnailUrl":"https:\/\/lospoliticosveracruz.com\/wp-content\/uploads\/2019\/03\/Dia-de-la-Mujer.jpg","datePublished":"2019-03-08T13:35:39+00:00","dateModified":"2019-03-08T13:36:04+00:00","breadcrumb":{"@id":"https:\/\/lospoliticosveracruz.com\/?p=47224#breadcrumb"},"inLanguage":"es","potentialAction":[{"@type":"ReadAction","target":["https:\/\/lospoliticosveracruz.com\/?p=47224"]}]},{"@type":"ImageObject","inLanguage":"es","@id":"https:\/\/lospoliticosveracruz.com\/?p=47224#primaryimage","url":"https:\/\/lospoliticosveracruz.com\/wp-content\/uploads\/2019\/03\/Dia-de-la-Mujer.jpg","contentUrl":"https:\/\/lospoliticosveracruz.com\/wp-content\/uploads\/2019\/03\/Dia-de-la-Mujer.jpg","width":600,"height":337},{"@type":"BreadcrumbList","@id":"https:\/\/lospoliticosveracruz.com\/?p=47224#breadcrumb","itemListElement":[{"@type":"ListItem","position":1,"name":"Portada","item":"https:\/\/lospoliticosveracruz.com\/"},{"@type":"ListItem","position":2,"name":"La batalla por la igualdad de g\u00e9nero"}]},{"@type":"WebSite","@id":"https:\/\/lospoliticosveracruz.com\/#website","url":"https:\/\/lospoliticosveracruz.com\/","name":"Los pol\u00edticos Veracruz","description":"","publisher":{"@id":"https:\/\/lospoliticosveracruz.com\/#organization"},"potentialAction":[{"@type":"SearchAction","target":{"@type":"EntryPoint","urlTemplate":"https:\/\/lospoliticosveracruz.com\/?s={search_term_string}"},"query-input":{"@type":"PropertyValueSpecification","valueRequired":true,"valueName":"search_term_string"}}],"inLanguage":"es"},{"@type":"Organization","@id":"https:\/\/lospoliticosveracruz.com\/#organization","name":"Los pol\u00edticos Veracruz","url":"https:\/\/lospoliticosveracruz.com\/","logo":{"@type":"ImageObject","inLanguage":"es","@id":"https:\/\/lospoliticosveracruz.com\/#\/schema\/logo\/image\/","url":"https:\/\/lospoliticosveracruz.com\/wp-content\/uploads\/2025\/12\/Logo-Nuevo-LOS-POLITICOS-1.jpg","contentUrl":"https:\/\/lospoliticosveracruz.com\/wp-content\/uploads\/2025\/12\/Logo-Nuevo-LOS-POLITICOS-1.jpg","width":260,"height":70,"caption":"Los pol\u00edticos Veracruz"},"image":{"@id":"https:\/\/lospoliticosveracruz.com\/#\/schema\/logo\/image\/"},"sameAs":["https:\/\/www.facebook.com\/people\/Notimemes-de-los-Polticos\/61565672886568\/","https:\/\/x.com\/LosPoliticosVer"]},{"@type":"Person","@id":"https:\/\/lospoliticosveracruz.com\/#\/schema\/person\/b8702bb0e538456e6efd07080bf2a4a2","name":"Lo viste en Los Pol\u00edticos","image":{"@type":"ImageObject","inLanguage":"es","@id":"https:\/\/secure.gravatar.com\/avatar\/3a8de04a2656d44082be478bd6c086daa447c4651605818287b9532d3d0bd435?s=96&d=mm&r=g","url":"https:\/\/secure.gravatar.com\/avatar\/3a8de04a2656d44082be478bd6c086daa447c4651605818287b9532d3d0bd435?s=96&d=mm&r=g","contentUrl":"https:\/\/secure.gravatar.com\/avatar\/3a8de04a2656d44082be478bd6c086daa447c4651605818287b9532d3d0bd435?s=96&d=mm&r=g","caption":"Lo viste en Los Pol\u00edticos"},"url":"https:\/\/lospoliticosveracruz.com\/?author=2"}]}},"_links":{"self":[{"href":"https:\/\/lospoliticosveracruz.com\/index.php?rest_route=\/wp\/v2\/posts\/47224","targetHints":{"allow":["GET"]}}],"collection":[{"href":"https:\/\/lospoliticosveracruz.com\/index.php?rest_route=\/wp\/v2\/posts"}],"about":[{"href":"https:\/\/lospoliticosveracruz.com\/index.php?rest_route=\/wp\/v2\/types\/post"}],"author":[{"embeddable":true,"href":"https:\/\/lospoliticosveracruz.com\/index.php?rest_route=\/wp\/v2\/users\/2"}],"replies":[{"embeddable":true,"href":"https:\/\/lospoliticosveracruz.com\/index.php?rest_route=%2Fwp%2Fv2%2Fcomments&post=47224"}],"version-history":[{"count":2,"href":"https:\/\/lospoliticosveracruz.com\/index.php?rest_route=\/wp\/v2\/posts\/47224\/revisions"}],"predecessor-version":[{"id":47227,"href":"https:\/\/lospoliticosveracruz.com\/index.php?rest_route=\/wp\/v2\/posts\/47224\/revisions\/47227"}],"wp:featuredmedia":[{"embeddable":true,"href":"https:\/\/lospoliticosveracruz.com\/index.php?rest_route=\/wp\/v2\/media\/47225"}],"wp:attachment":[{"href":"https:\/\/lospoliticosveracruz.com\/index.php?rest_route=%2Fwp%2Fv2%2Fmedia&parent=47224"}],"wp:term":[{"taxonomy":"category","embeddable":true,"href":"https:\/\/lospoliticosveracruz.com\/index.php?rest_route=%2Fwp%2Fv2%2Fcategories&post=47224"},{"taxonomy":"post_tag","embeddable":true,"href":"https:\/\/lospoliticosveracruz.com\/index.php?rest_route=%2Fwp%2Fv2%2Ftags&post=47224"}],"curies":[{"name":"wp","href":"https:\/\/api.w.org\/{rel}","templated":true}]}}