{"id":47228,"date":"2019-03-08T07:43:13","date_gmt":"2019-03-08T13:43:13","guid":{"rendered":"http:\/\/www.lospoliticosveracruz.com.mx\/?p=47228"},"modified":"2019-03-08T07:43:13","modified_gmt":"2019-03-08T13:43:13","slug":"es-la-inteligencia-policial-estupido","status":"publish","type":"post","link":"https:\/\/lospoliticosveracruz.com\/?p=47228","title":{"rendered":"\u00a1ES LA INTELIGENCIA POLICIAL, EST\u00daPIDO!"},"content":{"rendered":"<p><strong>Felipe de Jes\u00fas Fern\u00e1ndez Basilio<\/strong><\/p>\n<p><em>Desde A Janela<\/em><\/p>\n<p>En la colaboraci\u00f3n anterior se abord\u00f3 el tema de la creaci\u00f3n de la \u201cGuardia Nacional\u201d pedida por el Presidente de la Rep\u00fablica desde el punto de vista pol\u00edtico en donde vimos c\u00f3mo se acot\u00f3 parcialmente lo solicitado por el titular del Ejecutivo federal.<\/p>\n<p>En esta ocasi\u00f3n abordaremos el tema de la futura Guardia Nacional en funci\u00f3n de los resultados que de ella se esperan y de que si va a ser realmente innovadora o solo va a ser m\u00e1s de lo mismo.<\/p>\n<p>De acuerdo a los instrumentos que hasta ahora se conocen, tales como la minuta del proyecto de reforma constitucional que se encuentra en las legislaturas de los estados as\u00ed como los anuncios que ha hecho seguridad p\u00fablica, sabemos que se pretende crear una corporaci\u00f3n de seguridad integrada principalmente por elementos de las fuerzas armadas, ya que estar\u00e1 conformada en su mayor\u00eda por elementos formados por el ej\u00e9rcito y la marina armada, quienes aunque tengan licencia formal en sus instituciones seguir\u00e1n siendo miembros de las mismas y estar\u00e1n acuartelados en instalaciones militares a m\u00e1s de que se conducir\u00e1n con la disciplina propia de la milicia.<\/p>\n<p>Pues bien, nada de esto es nuevo ya que tanto Calder\u00f3n como Pe\u00f1a intentaron militarizar la seguridad interna del pa\u00eds, ya que al igual que L\u00f3pez lo hace ahora, pensaron que la \u00fanica manera de acabar con el crimen organizado es utilizando toda la fuerza del Estado en su contra, lo cual es un error como veremos m\u00e1s adelante.<\/p>\n<p>Desde el punto de vista operativo la verdadera fuerza del crimen organizado reside en que realiza peque\u00f1os ataques para luego desaparecer y volver a aparecer con otro ataque en otro lugar; lo cual lo hace muy similar a lo que se conoce como guerra de guerrillas o incluso a la insurgencia armada y al igual que en los casos se\u00f1alados cuenta con una gran cantidad de c\u00e9lulas con jefecillos organizados jer\u00e1rquicamente y tienen una amplia aceptaci\u00f3n social en un determinado territorio el cual por cierto, conocen perfectamente.<\/p>\n<p>Lo anterior los convierte en un verdadero dolor de cabeza para los ej\u00e9rcitos, ya que \u00e9stos est\u00e1n dise\u00f1ados para librar guerras a gran escala en las que se atacan o defienden territorios u objetivos en contra de otro ejercito con similares caracter\u00edsticas y quienes generalmente pelean de frente en lo que se conoce como la guerra convencional, la cual dicho sea de paso es mucho m\u00e1s destructiva que cualquier otro tipo de guerra, mas hist\u00f3ricamente est\u00e1 comprobado que los ej\u00e9rcitos profesionales resultan poco efectivos para combatir en una guerra de guerrillas.<\/p>\n<p>Y esto es as\u00ed, porque los ej\u00e9rcitos est\u00e1n dise\u00f1ados para avanzar a frontalmente o para defender una l\u00ednea o una posici\u00f3n y no para pelear contra gavillas que atacan repentinamente desde cualquier lugar y que gracias apoyo social con el que cuentan si son sacadas de un lugar vuelven a aparecer con renovados br\u00edos en cualquier otro, es decir son como las cabezas de la Hidra de Lerna, a la que si le cortaban una cabeza le sal\u00edan dos y m\u00e1s fuertes que la que le era cercenada.<\/p>\n<p>Por esa raz\u00f3n los ej\u00e9rcitos profesionales generalmente fracasan cuando se tienen que enfrentar a este tipo de guerrilleros, ya que les resulta casi imposible sofocar a estos grupos que se mueven de un lugar a otro con mucha facilidad y que para colmo son apoyados por los lugare\u00f1os, aunado a que si alguno es reducido surgen nuevos con mucha facilidad; razones que aparte de que hacen pr\u00e1cticamente imposible lograr una victoria militar definitiva, someten a los milites a una guerra de desgaste en la que no van a salir victoriosos, ya que para lograrlo necesitar\u00edan cubrir absolutamente todo el territorio y no hay ej\u00e9rcito en el mundo que alcance para ello.<\/p>\n<p>Debido a esa situaci\u00f3n muchos pa\u00edses han apostado a otras medidas desde el campo operativo para afrontar este problema, que no es exclusivo de M\u00e9xico, y lo han hecho usando las mismas t\u00e1cticas de guerrilla que usan los criminales, ya sea creando grupos de contraguerrilla, situaci\u00f3n que no es recomendable debido a que \u00e9stos se pueden salir de control, o bien creando comandos policiales de inteligencia que se encarguen de investigar y en su momento desarticular a las bandas criminales; lo que sumado a una serie de pol\u00edticas tanto de desarrollo como represivas que minen el apoyo social dado a esos grupos delictivos bien podr\u00edan tener mucho m\u00e1s \u00e9xito que el solo uso de las fuerzas armadas, ya que como se dijo por muy preparadas, equipadas y disciplinadas que se encuentren, no son la soluci\u00f3n para esta situaci\u00f3n.<\/p>\n<p>Mas ese es precisamente el problema de M\u00e9xico, ya que nunca se ha contado con polic\u00edas profesionales ni tampoco se ha buscado formarlas y cuando se ha intentado se ha hecho con timidez, porque siempre se ha desconfiado de la polic\u00eda como tal, creyendo err\u00f3neamente que la polic\u00eda no sirve m\u00e1s que para perseguir faltas a quienes cometen faltas administrativas y por ello nunca se han profesionalizado en lo general ni mucho menos se han creado cuerpos de \u00e9lite que sean aptos para desarticular al crimen organizado.<\/p>\n<p>Por lo anteriormente comentado es que soy de la opini\u00f3n de que el gobierno actual est\u00e1 cayendo en el mismo error en el que incurrieron los anteriores y sigue actuando con la misma miop\u00eda y desgraciadamente el resultado va a ser el mismo: darle unos cuantos golpes a la delincuencia y \u00e9sta se va a regenerar con mayor fuerza y as\u00ed seguir\u00e1 siendo por varios a\u00f1os m\u00e1s hasta que se den cuenta que solo se va poder combatirla con inteligencia, tal y como hizo Heracles o H\u00e9rcules con la referida Hidra de Lerna al hacer que su sobrino cauterizara cada cabeza que cortaba para evitar que le salieran m\u00e1s, hasta que la mat\u00f3.<\/p>\n<p>Pero para ello, urge cambiar la estrategia y apostar m\u00e1s por la inteligencia policial y as\u00ed parafraseando a Clinton en su primera campa\u00f1a presidencial, debemos de decirle sin \u00e1nimo de ofender, pero s\u00ed de llamar la atenci\u00f3n al Gobierno Federal tal y como \u00e9ste le dijo a Bush padre: \u00a1Es la inteligencia policial, est\u00fapido!<\/p>\n<p><a href=\"mailto:felfebas@gmail.com\">felfebas@gmail.com<\/a><\/p>\n<p>Twitter: @FelipeFBasilio<\/p>\n","protected":false},"excerpt":{"rendered":"<p>Felipe de Jes\u00fas Fern\u00e1ndez Basilio Desde A Janela En la colaboraci\u00f3n anterior se abord\u00f3 el tema de la creaci\u00f3n de la \u201cGuardia Nacional\u201d pedida por el Presidente de la Rep\u00fablica desde el punto de vista pol\u00edtico en donde vimos c\u00f3mo se acot\u00f3 parcialmente lo solicitado por el titular del Ejecutivo federal. En esta ocasi\u00f3n abordaremos [&hellip;]<\/p>\n","protected":false},"author":2,"featured_media":47229,"comment_status":"open","ping_status":"open","sticky":false,"template":"","format":"standard","meta":{"tdm_status":"","tdm_grid_status":"","footnotes":""},"categories":[70],"tags":[13512,797],"class_list":{"0":"post-47228","1":"post","2":"type-post","3":"status-publish","4":"format-standard","5":"has-post-thumbnail","7":"category-de-opinion","8":"tag-guardia-nacional","9":"tag-presidente"},"yoast_head":"<!-- This site is optimized with the Yoast SEO plugin v27.4 - https:\/\/yoast.com\/product\/yoast-seo-wordpress\/ -->\n<title>\u00a1ES LA INTELIGENCIA POLICIAL, EST\u00daPIDO! - Los pol\u00edticos Veracruz<\/title>\n<meta name=\"robots\" content=\"index, follow, max-snippet:-1, max-image-preview:large, max-video-preview:-1\" \/>\n<link rel=\"canonical\" href=\"https:\/\/lospoliticosveracruz.com\/?p=47228\" \/>\n<meta property=\"og:locale\" content=\"es_ES\" \/>\n<meta property=\"og:type\" content=\"article\" \/>\n<meta property=\"og:title\" content=\"\u00a1ES LA INTELIGENCIA POLICIAL, EST\u00daPIDO! - Los pol\u00edticos Veracruz\" \/>\n<meta property=\"og:description\" content=\"Felipe de Jes\u00fas Fern\u00e1ndez Basilio Desde A Janela En la colaboraci\u00f3n anterior se abord\u00f3 el tema de la creaci\u00f3n de la \u201cGuardia Nacional\u201d pedida por el Presidente de la Rep\u00fablica desde el punto de vista pol\u00edtico en donde vimos c\u00f3mo se acot\u00f3 parcialmente lo solicitado por el titular del Ejecutivo federal. En esta ocasi\u00f3n abordaremos [&hellip;]\" \/>\n<meta property=\"og:url\" content=\"https:\/\/lospoliticosveracruz.com\/?p=47228\" \/>\n<meta property=\"og:site_name\" content=\"Los pol\u00edticos Veracruz\" \/>\n<meta property=\"article:publisher\" content=\"https:\/\/www.facebook.com\/people\/Notimemes-de-los-Polticos\/61565672886568\/\" \/>\n<meta property=\"article:published_time\" content=\"2019-03-08T13:43:13+00:00\" \/>\n<meta property=\"og:image\" content=\"https:\/\/lospoliticosveracruz.com\/wp-content\/uploads\/2019\/03\/Guaardia-nacional.jpg\" \/>\n\t<meta property=\"og:image:width\" content=\"600\" \/>\n\t<meta property=\"og:image:height\" content=\"337\" \/>\n\t<meta property=\"og:image:type\" content=\"image\/jpeg\" \/>\n<meta name=\"author\" content=\"Lo viste en Los Pol\u00edticos\" \/>\n<meta name=\"twitter:card\" content=\"summary_large_image\" \/>\n<meta name=\"twitter:creator\" content=\"@LosPoliticosVer\" \/>\n<meta name=\"twitter:site\" content=\"@LosPoliticosVer\" \/>\n<meta name=\"twitter:label1\" content=\"Escrito por\" \/>\n\t<meta name=\"twitter:data1\" content=\"Lo viste en Los Pol\u00edticos\" \/>\n\t<meta name=\"twitter:label2\" content=\"Tiempo de lectura\" \/>\n\t<meta name=\"twitter:data2\" content=\"6 minutos\" \/>\n<script type=\"application\/ld+json\" class=\"yoast-schema-graph\">{\"@context\":\"https:\\\/\\\/schema.org\",\"@graph\":[{\"@type\":\"Article\",\"@id\":\"https:\\\/\\\/lospoliticosveracruz.com\\\/?p=47228#article\",\"isPartOf\":{\"@id\":\"https:\\\/\\\/lospoliticosveracruz.com\\\/?p=47228\"},\"author\":{\"name\":\"Lo viste en Los Pol\u00edticos\",\"@id\":\"https:\\\/\\\/lospoliticosveracruz.com\\\/#\\\/schema\\\/person\\\/b8702bb0e538456e6efd07080bf2a4a2\"},\"headline\":\"\u00a1ES LA INTELIGENCIA POLICIAL, EST\u00daPIDO!\",\"datePublished\":\"2019-03-08T13:43:13+00:00\",\"mainEntityOfPage\":{\"@id\":\"https:\\\/\\\/lospoliticosveracruz.com\\\/?p=47228\"},\"wordCount\":1108,\"commentCount\":0,\"publisher\":{\"@id\":\"https:\\\/\\\/lospoliticosveracruz.com\\\/#organization\"},\"image\":{\"@id\":\"https:\\\/\\\/lospoliticosveracruz.com\\\/?p=47228#primaryimage\"},\"thumbnailUrl\":\"https:\\\/\\\/lospoliticosveracruz.com\\\/wp-content\\\/uploads\\\/2019\\\/03\\\/Guaardia-nacional.jpg\",\"keywords\":[\"Guardia Nacional\",\"Presidente\"],\"articleSection\":[\"De Opini\u00f3n\"],\"inLanguage\":\"es\",\"potentialAction\":[{\"@type\":\"CommentAction\",\"name\":\"Comment\",\"target\":[\"https:\\\/\\\/lospoliticosveracruz.com\\\/?p=47228#respond\"]}]},{\"@type\":\"WebPage\",\"@id\":\"https:\\\/\\\/lospoliticosveracruz.com\\\/?p=47228\",\"url\":\"https:\\\/\\\/lospoliticosveracruz.com\\\/?p=47228\",\"name\":\"\u00a1ES LA INTELIGENCIA POLICIAL, EST\u00daPIDO! - Los pol\u00edticos Veracruz\",\"isPartOf\":{\"@id\":\"https:\\\/\\\/lospoliticosveracruz.com\\\/#website\"},\"primaryImageOfPage\":{\"@id\":\"https:\\\/\\\/lospoliticosveracruz.com\\\/?p=47228#primaryimage\"},\"image\":{\"@id\":\"https:\\\/\\\/lospoliticosveracruz.com\\\/?p=47228#primaryimage\"},\"thumbnailUrl\":\"https:\\\/\\\/lospoliticosveracruz.com\\\/wp-content\\\/uploads\\\/2019\\\/03\\\/Guaardia-nacional.jpg\",\"datePublished\":\"2019-03-08T13:43:13+00:00\",\"breadcrumb\":{\"@id\":\"https:\\\/\\\/lospoliticosveracruz.com\\\/?p=47228#breadcrumb\"},\"inLanguage\":\"es\",\"potentialAction\":[{\"@type\":\"ReadAction\",\"target\":[\"https:\\\/\\\/lospoliticosveracruz.com\\\/?p=47228\"]}]},{\"@type\":\"ImageObject\",\"inLanguage\":\"es\",\"@id\":\"https:\\\/\\\/lospoliticosveracruz.com\\\/?p=47228#primaryimage\",\"url\":\"https:\\\/\\\/lospoliticosveracruz.com\\\/wp-content\\\/uploads\\\/2019\\\/03\\\/Guaardia-nacional.jpg\",\"contentUrl\":\"https:\\\/\\\/lospoliticosveracruz.com\\\/wp-content\\\/uploads\\\/2019\\\/03\\\/Guaardia-nacional.jpg\",\"width\":600,\"height\":337},{\"@type\":\"BreadcrumbList\",\"@id\":\"https:\\\/\\\/lospoliticosveracruz.com\\\/?p=47228#breadcrumb\",\"itemListElement\":[{\"@type\":\"ListItem\",\"position\":1,\"name\":\"Portada\",\"item\":\"https:\\\/\\\/lospoliticosveracruz.com\\\/\"},{\"@type\":\"ListItem\",\"position\":2,\"name\":\"\u00a1ES LA INTELIGENCIA POLICIAL, EST\u00daPIDO!\"}]},{\"@type\":\"WebSite\",\"@id\":\"https:\\\/\\\/lospoliticosveracruz.com\\\/#website\",\"url\":\"https:\\\/\\\/lospoliticosveracruz.com\\\/\",\"name\":\"Los pol\u00edticos Veracruz\",\"description\":\"\",\"publisher\":{\"@id\":\"https:\\\/\\\/lospoliticosveracruz.com\\\/#organization\"},\"potentialAction\":[{\"@type\":\"SearchAction\",\"target\":{\"@type\":\"EntryPoint\",\"urlTemplate\":\"https:\\\/\\\/lospoliticosveracruz.com\\\/?s={search_term_string}\"},\"query-input\":{\"@type\":\"PropertyValueSpecification\",\"valueRequired\":true,\"valueName\":\"search_term_string\"}}],\"inLanguage\":\"es\"},{\"@type\":\"Organization\",\"@id\":\"https:\\\/\\\/lospoliticosveracruz.com\\\/#organization\",\"name\":\"Los pol\u00edticos Veracruz\",\"url\":\"https:\\\/\\\/lospoliticosveracruz.com\\\/\",\"logo\":{\"@type\":\"ImageObject\",\"inLanguage\":\"es\",\"@id\":\"https:\\\/\\\/lospoliticosveracruz.com\\\/#\\\/schema\\\/logo\\\/image\\\/\",\"url\":\"https:\\\/\\\/lospoliticosveracruz.com\\\/wp-content\\\/uploads\\\/2025\\\/12\\\/Logo-Nuevo-LOS-POLITICOS-1.jpg\",\"contentUrl\":\"https:\\\/\\\/lospoliticosveracruz.com\\\/wp-content\\\/uploads\\\/2025\\\/12\\\/Logo-Nuevo-LOS-POLITICOS-1.jpg\",\"width\":260,\"height\":70,\"caption\":\"Los pol\u00edticos Veracruz\"},\"image\":{\"@id\":\"https:\\\/\\\/lospoliticosveracruz.com\\\/#\\\/schema\\\/logo\\\/image\\\/\"},\"sameAs\":[\"https:\\\/\\\/www.facebook.com\\\/people\\\/Notimemes-de-los-Polticos\\\/61565672886568\\\/\",\"https:\\\/\\\/x.com\\\/LosPoliticosVer\"]},{\"@type\":\"Person\",\"@id\":\"https:\\\/\\\/lospoliticosveracruz.com\\\/#\\\/schema\\\/person\\\/b8702bb0e538456e6efd07080bf2a4a2\",\"name\":\"Lo viste en Los Pol\u00edticos\",\"image\":{\"@type\":\"ImageObject\",\"inLanguage\":\"es\",\"@id\":\"https:\\\/\\\/secure.gravatar.com\\\/avatar\\\/3a8de04a2656d44082be478bd6c086daa447c4651605818287b9532d3d0bd435?s=96&d=mm&r=g\",\"url\":\"https:\\\/\\\/secure.gravatar.com\\\/avatar\\\/3a8de04a2656d44082be478bd6c086daa447c4651605818287b9532d3d0bd435?s=96&d=mm&r=g\",\"contentUrl\":\"https:\\\/\\\/secure.gravatar.com\\\/avatar\\\/3a8de04a2656d44082be478bd6c086daa447c4651605818287b9532d3d0bd435?s=96&d=mm&r=g\",\"caption\":\"Lo viste en Los Pol\u00edticos\"},\"url\":\"https:\\\/\\\/lospoliticosveracruz.com\\\/?author=2\"}]}<\/script>\n<!-- \/ Yoast SEO plugin. -->","yoast_head_json":{"title":"\u00a1ES LA INTELIGENCIA POLICIAL, EST\u00daPIDO! - Los pol\u00edticos Veracruz","robots":{"index":"index","follow":"follow","max-snippet":"max-snippet:-1","max-image-preview":"max-image-preview:large","max-video-preview":"max-video-preview:-1"},"canonical":"https:\/\/lospoliticosveracruz.com\/?p=47228","og_locale":"es_ES","og_type":"article","og_title":"\u00a1ES LA INTELIGENCIA POLICIAL, EST\u00daPIDO! - Los pol\u00edticos Veracruz","og_description":"Felipe de Jes\u00fas Fern\u00e1ndez Basilio Desde A Janela En la colaboraci\u00f3n anterior se abord\u00f3 el tema de la creaci\u00f3n de la \u201cGuardia Nacional\u201d pedida por el Presidente de la Rep\u00fablica desde el punto de vista pol\u00edtico en donde vimos c\u00f3mo se acot\u00f3 parcialmente lo solicitado por el titular del Ejecutivo federal. En esta ocasi\u00f3n abordaremos [&hellip;]","og_url":"https:\/\/lospoliticosveracruz.com\/?p=47228","og_site_name":"Los pol\u00edticos Veracruz","article_publisher":"https:\/\/www.facebook.com\/people\/Notimemes-de-los-Polticos\/61565672886568\/","article_published_time":"2019-03-08T13:43:13+00:00","og_image":[{"width":600,"height":337,"url":"https:\/\/lospoliticosveracruz.com\/wp-content\/uploads\/2019\/03\/Guaardia-nacional.jpg","type":"image\/jpeg"}],"author":"Lo viste en Los Pol\u00edticos","twitter_card":"summary_large_image","twitter_creator":"@LosPoliticosVer","twitter_site":"@LosPoliticosVer","twitter_misc":{"Escrito por":"Lo viste en Los Pol\u00edticos","Tiempo de lectura":"6 minutos"},"schema":{"@context":"https:\/\/schema.org","@graph":[{"@type":"Article","@id":"https:\/\/lospoliticosveracruz.com\/?p=47228#article","isPartOf":{"@id":"https:\/\/lospoliticosveracruz.com\/?p=47228"},"author":{"name":"Lo viste en Los Pol\u00edticos","@id":"https:\/\/lospoliticosveracruz.com\/#\/schema\/person\/b8702bb0e538456e6efd07080bf2a4a2"},"headline":"\u00a1ES LA INTELIGENCIA POLICIAL, EST\u00daPIDO!","datePublished":"2019-03-08T13:43:13+00:00","mainEntityOfPage":{"@id":"https:\/\/lospoliticosveracruz.com\/?p=47228"},"wordCount":1108,"commentCount":0,"publisher":{"@id":"https:\/\/lospoliticosveracruz.com\/#organization"},"image":{"@id":"https:\/\/lospoliticosveracruz.com\/?p=47228#primaryimage"},"thumbnailUrl":"https:\/\/lospoliticosveracruz.com\/wp-content\/uploads\/2019\/03\/Guaardia-nacional.jpg","keywords":["Guardia Nacional","Presidente"],"articleSection":["De Opini\u00f3n"],"inLanguage":"es","potentialAction":[{"@type":"CommentAction","name":"Comment","target":["https:\/\/lospoliticosveracruz.com\/?p=47228#respond"]}]},{"@type":"WebPage","@id":"https:\/\/lospoliticosveracruz.com\/?p=47228","url":"https:\/\/lospoliticosveracruz.com\/?p=47228","name":"\u00a1ES LA INTELIGENCIA POLICIAL, EST\u00daPIDO! - Los pol\u00edticos Veracruz","isPartOf":{"@id":"https:\/\/lospoliticosveracruz.com\/#website"},"primaryImageOfPage":{"@id":"https:\/\/lospoliticosveracruz.com\/?p=47228#primaryimage"},"image":{"@id":"https:\/\/lospoliticosveracruz.com\/?p=47228#primaryimage"},"thumbnailUrl":"https:\/\/lospoliticosveracruz.com\/wp-content\/uploads\/2019\/03\/Guaardia-nacional.jpg","datePublished":"2019-03-08T13:43:13+00:00","breadcrumb":{"@id":"https:\/\/lospoliticosveracruz.com\/?p=47228#breadcrumb"},"inLanguage":"es","potentialAction":[{"@type":"ReadAction","target":["https:\/\/lospoliticosveracruz.com\/?p=47228"]}]},{"@type":"ImageObject","inLanguage":"es","@id":"https:\/\/lospoliticosveracruz.com\/?p=47228#primaryimage","url":"https:\/\/lospoliticosveracruz.com\/wp-content\/uploads\/2019\/03\/Guaardia-nacional.jpg","contentUrl":"https:\/\/lospoliticosveracruz.com\/wp-content\/uploads\/2019\/03\/Guaardia-nacional.jpg","width":600,"height":337},{"@type":"BreadcrumbList","@id":"https:\/\/lospoliticosveracruz.com\/?p=47228#breadcrumb","itemListElement":[{"@type":"ListItem","position":1,"name":"Portada","item":"https:\/\/lospoliticosveracruz.com\/"},{"@type":"ListItem","position":2,"name":"\u00a1ES LA INTELIGENCIA POLICIAL, EST\u00daPIDO!"}]},{"@type":"WebSite","@id":"https:\/\/lospoliticosveracruz.com\/#website","url":"https:\/\/lospoliticosveracruz.com\/","name":"Los pol\u00edticos Veracruz","description":"","publisher":{"@id":"https:\/\/lospoliticosveracruz.com\/#organization"},"potentialAction":[{"@type":"SearchAction","target":{"@type":"EntryPoint","urlTemplate":"https:\/\/lospoliticosveracruz.com\/?s={search_term_string}"},"query-input":{"@type":"PropertyValueSpecification","valueRequired":true,"valueName":"search_term_string"}}],"inLanguage":"es"},{"@type":"Organization","@id":"https:\/\/lospoliticosveracruz.com\/#organization","name":"Los pol\u00edticos Veracruz","url":"https:\/\/lospoliticosveracruz.com\/","logo":{"@type":"ImageObject","inLanguage":"es","@id":"https:\/\/lospoliticosveracruz.com\/#\/schema\/logo\/image\/","url":"https:\/\/lospoliticosveracruz.com\/wp-content\/uploads\/2025\/12\/Logo-Nuevo-LOS-POLITICOS-1.jpg","contentUrl":"https:\/\/lospoliticosveracruz.com\/wp-content\/uploads\/2025\/12\/Logo-Nuevo-LOS-POLITICOS-1.jpg","width":260,"height":70,"caption":"Los pol\u00edticos Veracruz"},"image":{"@id":"https:\/\/lospoliticosveracruz.com\/#\/schema\/logo\/image\/"},"sameAs":["https:\/\/www.facebook.com\/people\/Notimemes-de-los-Polticos\/61565672886568\/","https:\/\/x.com\/LosPoliticosVer"]},{"@type":"Person","@id":"https:\/\/lospoliticosveracruz.com\/#\/schema\/person\/b8702bb0e538456e6efd07080bf2a4a2","name":"Lo viste en Los Pol\u00edticos","image":{"@type":"ImageObject","inLanguage":"es","@id":"https:\/\/secure.gravatar.com\/avatar\/3a8de04a2656d44082be478bd6c086daa447c4651605818287b9532d3d0bd435?s=96&d=mm&r=g","url":"https:\/\/secure.gravatar.com\/avatar\/3a8de04a2656d44082be478bd6c086daa447c4651605818287b9532d3d0bd435?s=96&d=mm&r=g","contentUrl":"https:\/\/secure.gravatar.com\/avatar\/3a8de04a2656d44082be478bd6c086daa447c4651605818287b9532d3d0bd435?s=96&d=mm&r=g","caption":"Lo viste en Los Pol\u00edticos"},"url":"https:\/\/lospoliticosveracruz.com\/?author=2"}]}},"_links":{"self":[{"href":"https:\/\/lospoliticosveracruz.com\/index.php?rest_route=\/wp\/v2\/posts\/47228","targetHints":{"allow":["GET"]}}],"collection":[{"href":"https:\/\/lospoliticosveracruz.com\/index.php?rest_route=\/wp\/v2\/posts"}],"about":[{"href":"https:\/\/lospoliticosveracruz.com\/index.php?rest_route=\/wp\/v2\/types\/post"}],"author":[{"embeddable":true,"href":"https:\/\/lospoliticosveracruz.com\/index.php?rest_route=\/wp\/v2\/users\/2"}],"replies":[{"embeddable":true,"href":"https:\/\/lospoliticosveracruz.com\/index.php?rest_route=%2Fwp%2Fv2%2Fcomments&post=47228"}],"version-history":[{"count":1,"href":"https:\/\/lospoliticosveracruz.com\/index.php?rest_route=\/wp\/v2\/posts\/47228\/revisions"}],"predecessor-version":[{"id":47230,"href":"https:\/\/lospoliticosveracruz.com\/index.php?rest_route=\/wp\/v2\/posts\/47228\/revisions\/47230"}],"wp:featuredmedia":[{"embeddable":true,"href":"https:\/\/lospoliticosveracruz.com\/index.php?rest_route=\/wp\/v2\/media\/47229"}],"wp:attachment":[{"href":"https:\/\/lospoliticosveracruz.com\/index.php?rest_route=%2Fwp%2Fv2%2Fmedia&parent=47228"}],"wp:term":[{"taxonomy":"category","embeddable":true,"href":"https:\/\/lospoliticosveracruz.com\/index.php?rest_route=%2Fwp%2Fv2%2Fcategories&post=47228"},{"taxonomy":"post_tag","embeddable":true,"href":"https:\/\/lospoliticosveracruz.com\/index.php?rest_route=%2Fwp%2Fv2%2Ftags&post=47228"}],"curies":[{"name":"wp","href":"https:\/\/api.w.org\/{rel}","templated":true}]}}